{"id":131252,"date":"2024-02-24T09:59:55","date_gmt":"2024-02-24T12:59:55","guid":{"rendered":"https:\/\/noticiasmercedinas.com\/site\/?p=131252"},"modified":"2024-02-24T09:59:55","modified_gmt":"2024-02-24T12:59:55","slug":"constituyeron-mesa-intersectorial-y-comunitaria-por-la-seguridad-alimentaria-en-mercedes","status":"publish","type":"post","link":"https:\/\/noticiasmercedinas.com\/site\/2024\/02\/24\/constituyeron-mesa-intersectorial-y-comunitaria-por-la-seguridad-alimentaria-en-mercedes\/","title":{"rendered":"Constituyeron \u00abMesa Intersectorial y Comunitaria por la Seguridad Alimentaria\u00bb en Mercedes"},"content":{"rendered":"<p><img loading=\"lazy\" decoding=\"async\" class=\"alignnone size-large wp-image-131253\" src=\"https:\/\/noticiasmercedinas.com\/site\/wp-content\/uploads\/2024\/02\/MesaSeguridadAlimentaria-Mercedes-3-1024x682.jpg\" alt=\"\" width=\"640\" height=\"426\" srcset=\"https:\/\/noticiasmercedinas.com\/site\/wp-content\/uploads\/2024\/02\/MesaSeguridadAlimentaria-Mercedes-3-1024x682.jpg 1024w, https:\/\/noticiasmercedinas.com\/site\/wp-content\/uploads\/2024\/02\/MesaSeguridadAlimentaria-Mercedes-3-300x200.jpg 300w, https:\/\/noticiasmercedinas.com\/site\/wp-content\/uploads\/2024\/02\/MesaSeguridadAlimentaria-Mercedes-3-768x512.jpg 768w, https:\/\/noticiasmercedinas.com\/site\/wp-content\/uploads\/2024\/02\/MesaSeguridadAlimentaria-Mercedes-3-640x427.jpg 640w, https:\/\/noticiasmercedinas.com\/site\/wp-content\/uploads\/2024\/02\/MesaSeguridadAlimentaria-Mercedes-3-1280x853.jpg 1280w, https:\/\/noticiasmercedinas.com\/site\/wp-content\/uploads\/2024\/02\/MesaSeguridadAlimentaria-Mercedes-3-681x454.jpg 681w, https:\/\/noticiasmercedinas.com\/site\/wp-content\/uploads\/2024\/02\/MesaSeguridadAlimentaria-Mercedes-3.jpg 1319w\" sizes=\"auto, (max-width: 640px) 100vw, 640px\" \/><\/p>\n<p>En respuesta al creciente desaf\u00edo que enfrentan las familias de Mercedes debido al constante aumento de los precios de los alimentos, se ha establecido la primera reuni\u00f3n de la \u00abMesa Intersectorial y Comunitaria por la Seguridad Alimentaria\u00bb.<\/p>\n<p>La iniciativa, liderada por la Secretar\u00eda de Desarrollo de la Comunidad, tiene como objetivo principal crear una red de apoyo y acompa\u00f1amiento para aquellos afectados por la p\u00e9rdida de capacidad adquisitiva y calidad en su alimentaci\u00f3n.<\/p>\n<p>El documento central del trabajo iniciado destaca la necesidad de una participaci\u00f3n activa y solidaria para generar una red que permita a los habitantes de Mercedes alimentarse adecuadamente en medio de las dificultades econ\u00f3micas actuales.<\/p>\n<blockquote><p>El intendente destac\u00f3 la importancia de la convocatoria y la necesidad de trabajar unidos para mejorar las condiciones de vida de los ciudadanos<\/p><\/blockquote>\n<p>La Lic. <strong>Jorgelina Silva<\/strong>, secretaria de Desarrollo de la Comunidad, se\u00f1al\u00f3 que la mesa de trabajo reuni\u00f3 a diversos representantes de la ciudad, incluyendo escuelas, comedores, la Universidad de Luj\u00e1n, organizaciones sociales y miembros del Gabinete municipal. El objetivo era convocar a esta mesa intersectorial y comunitaria para desarrollar estrategias que aborden la seguridad alimentaria y combatan la malnutrici\u00f3n en Mercedes.<\/p>\n<p>Silva tambi\u00e9n hizo hincapi\u00e9 en los desaf\u00edos que enfrenta el municipio, citando la inflaci\u00f3n y la reducci\u00f3n de las pol\u00edticas alimentarias a nivel nacional como factores que dificultan a\u00fan m\u00e1s el acceso a los alimentos y la capacidad de asistencia del gobierno local.<\/p>\n<p>El intendente <strong>Juan Ustarroz<\/strong> destac\u00f3 la importancia de la convocatoria y la necesidad de trabajar unidos para mejorar las condiciones de vida de los ciudadanos, subrayando la importancia de la solidaridad y el compromiso en esta empresa com\u00fan.<\/p>\n<p>La reuni\u00f3n cont\u00f3 con la participaci\u00f3n de representantes de una amplia gama de organizaciones, desde comedores y escuelas hasta instituciones acad\u00e9micas y entidades gubernamentales, todos unidos en su compromiso de coordinar acciones concretas para brindar apoyo a quienes m\u00e1s lo necesitan en medio de un contexto social desafiante, especialmente en lo que respecta al acceso a una alimentaci\u00f3n segura.<\/p>\n","protected":false},"excerpt":{"rendered":"<p>\u25a0 Destaca la necesidad de una participaci\u00f3n activa y solidaria para generar una red que permita a los habitantes de Mercedes alimentarse adecuadamente en medio de las dificultades econ\u00f3micas actuales.<\/p>\n","protected":false},"author":16,"featured_media":131253,"comment_status":"closed","ping_status":"closed","sticky":false,"template":"","format":"standard","meta":{"footnotes":""},"categories":[3],"tags":[709,1077,17952,17953],"class_list":["post-131252","post","type-post","status-publish","format-standard","has-post-thumbnail","hentry","category-sociedad","tag-jorgelina-silva","tag-juan-ustarroz","tag-mesa-intersectorial-y-comunitaria-por-la-seguridad-alimentaria","tag-secretaria-de-desarrollo-de-la-comunidad"],"yoast_head":"<!-- This site is optimized with the Yoast SEO plugin v27.4 - https:\/\/yoast.com\/product\/yoast-seo-wordpress\/ -->\n<title>Constituyeron &quot;Mesa Intersectorial y Comunitaria por la Seguridad Alimentaria&quot; en Mercedes<\/title>\n<meta name=\"robots\" content=\"index, follow, max-snippet:-1, max-image-preview:large, max-video-preview:-1\" \/>\n<link rel=\"canonical\" href=\"https:\/\/noticiasmercedinas.com\/site\/2024\/02\/24\/constituyeron-mesa-intersectorial-y-comunitaria-por-la-seguridad-alimentaria-en-mercedes\/\" \/>\n<meta property=\"og:locale\" content=\"es_ES\" \/>\n<meta property=\"og:type\" content=\"article\" \/>\n<meta property=\"og:title\" content=\"Constituyeron &quot;Mesa Intersectorial y Comunitaria por la Seguridad Alimentaria&quot; en Mercedes\" \/>\n<meta property=\"og:description\" content=\"\u25a0 Destaca la necesidad de una participaci\u00f3n activa y solidaria para generar una red que permita a los habitantes de Mercedes alimentarse adecuadamente en medio de las dificultades econ\u00f3micas actuales.\" \/>\n<meta property=\"og:url\" content=\"https:\/\/noticiasmercedinas.com\/site\/2024\/02\/24\/constituyeron-mesa-intersectorial-y-comunitaria-por-la-seguridad-alimentaria-en-mercedes\/\" \/>\n<meta property=\"og:site_name\" content=\"NOTICIASMERCEDINAS.COM\" \/>\n<meta property=\"article:publisher\" content=\"https:\/\/www.facebook.com\/noticiasmercedinas\/\" \/>\n<meta property=\"article:published_time\" content=\"2024-02-24T12:59:55+00:00\" \/>\n<meta property=\"og:image\" content=\"https:\/\/noticiasmercedinas.com\/site\/wp-content\/uploads\/2024\/02\/MesaSeguridadAlimentaria-Mercedes-3.jpg\" \/>\n\t<meta property=\"og:image:width\" content=\"1319\" \/>\n\t<meta property=\"og:image:height\" content=\"879\" \/>\n\t<meta property=\"og:image:type\" content=\"image\/jpeg\" \/>\n<meta name=\"author\" content=\"NOTICIASMERCEDINAS.COM\" \/>\n<meta name=\"twitter:card\" content=\"summary_large_image\" \/>\n<meta name=\"twitter:creator\" content=\"@notmercedinas\" \/>\n<meta name=\"twitter:site\" content=\"@notmercedinas\" \/>\n<meta name=\"twitter:label1\" content=\"Escrito por\" \/>\n\t<meta name=\"twitter:data1\" content=\"NOTICIASMERCEDINAS.COM\" \/>\n\t<meta name=\"twitter:label2\" content=\"Tiempo de lectura\" \/>\n\t<meta name=\"twitter:data2\" content=\"2 minutos\" \/>\n<script type=\"application\/ld+json\" class=\"yoast-schema-graph\">{\"@context\":\"https:\\\/\\\/schema.org\",\"@graph\":[{\"@type\":\"Article\",\"@id\":\"https:\\\/\\\/noticiasmercedinas.com\\\/site\\\/2024\\\/02\\\/24\\\/constituyeron-mesa-intersectorial-y-comunitaria-por-la-seguridad-alimentaria-en-mercedes\\\/#article\",\"isPartOf\":{\"@id\":\"https:\\\/\\\/noticiasmercedinas.com\\\/site\\\/2024\\\/02\\\/24\\\/constituyeron-mesa-intersectorial-y-comunitaria-por-la-seguridad-alimentaria-en-mercedes\\\/\"},\"author\":{\"name\":\"NOTICIASMERCEDINAS.COM\",\"@id\":\"https:\\\/\\\/noticiasmercedinas.com\\\/site\\\/#\\\/schema\\\/person\\\/84b59c099c28ff2e8b77d4ceec5d8063\"},\"headline\":\"Constituyeron \u00abMesa Intersectorial y Comunitaria por la Seguridad Alimentaria\u00bb en Mercedes\",\"datePublished\":\"2024-02-24T12:59:55+00:00\",\"mainEntityOfPage\":{\"@id\":\"https:\\\/\\\/noticiasmercedinas.com\\\/site\\\/2024\\\/02\\\/24\\\/constituyeron-mesa-intersectorial-y-comunitaria-por-la-seguridad-alimentaria-en-mercedes\\\/\"},\"wordCount\":367,\"publisher\":{\"@id\":\"https:\\\/\\\/noticiasmercedinas.com\\\/site\\\/#organization\"},\"image\":{\"@id\":\"https:\\\/\\\/noticiasmercedinas.com\\\/site\\\/2024\\\/02\\\/24\\\/constituyeron-mesa-intersectorial-y-comunitaria-por-la-seguridad-alimentaria-en-mercedes\\\/#primaryimage\"},\"thumbnailUrl\":\"https:\\\/\\\/noticiasmercedinas.com\\\/site\\\/wp-content\\\/uploads\\\/2024\\\/02\\\/MesaSeguridadAlimentaria-Mercedes-3.jpg\",\"keywords\":[\"jorgelina silva\",\"Juan Ustarroz\",\"Mesa Intersectorial y Comunitaria por la Seguridad Alimentaria\",\"Secretar\u00eda de Desarrollo de la Comunidad\"],\"articleSection\":[\"Sociedad\"],\"inLanguage\":\"es\"},{\"@type\":\"WebPage\",\"@id\":\"https:\\\/\\\/noticiasmercedinas.com\\\/site\\\/2024\\\/02\\\/24\\\/constituyeron-mesa-intersectorial-y-comunitaria-por-la-seguridad-alimentaria-en-mercedes\\\/\",\"url\":\"https:\\\/\\\/noticiasmercedinas.com\\\/site\\\/2024\\\/02\\\/24\\\/constituyeron-mesa-intersectorial-y-comunitaria-por-la-seguridad-alimentaria-en-mercedes\\\/\",\"name\":\"Constituyeron \\\"Mesa Intersectorial y Comunitaria por la Seguridad Alimentaria\\\" en Mercedes\",\"isPartOf\":{\"@id\":\"https:\\\/\\\/noticiasmercedinas.com\\\/site\\\/#website\"},\"primaryImageOfPage\":{\"@id\":\"https:\\\/\\\/noticiasmercedinas.com\\\/site\\\/2024\\\/02\\\/24\\\/constituyeron-mesa-intersectorial-y-comunitaria-por-la-seguridad-alimentaria-en-mercedes\\\/#primaryimage\"},\"image\":{\"@id\":\"https:\\\/\\\/noticiasmercedinas.com\\\/site\\\/2024\\\/02\\\/24\\\/constituyeron-mesa-intersectorial-y-comunitaria-por-la-seguridad-alimentaria-en-mercedes\\\/#primaryimage\"},\"thumbnailUrl\":\"https:\\\/\\\/noticiasmercedinas.com\\\/site\\\/wp-content\\\/uploads\\\/2024\\\/02\\\/MesaSeguridadAlimentaria-Mercedes-3.jpg\",\"datePublished\":\"2024-02-24T12:59:55+00:00\",\"breadcrumb\":{\"@id\":\"https:\\\/\\\/noticiasmercedinas.com\\\/site\\\/2024\\\/02\\\/24\\\/constituyeron-mesa-intersectorial-y-comunitaria-por-la-seguridad-alimentaria-en-mercedes\\\/#breadcrumb\"},\"inLanguage\":\"es\",\"potentialAction\":[{\"@type\":\"ReadAction\",\"target\":[\"https:\\\/\\\/noticiasmercedinas.com\\\/site\\\/2024\\\/02\\\/24\\\/constituyeron-mesa-intersectorial-y-comunitaria-por-la-seguridad-alimentaria-en-mercedes\\\/\"]}]},{\"@type\":\"ImageObject\",\"inLanguage\":\"es\",\"@id\":\"https:\\\/\\\/noticiasmercedinas.com\\\/site\\\/2024\\\/02\\\/24\\\/constituyeron-mesa-intersectorial-y-comunitaria-por-la-seguridad-alimentaria-en-mercedes\\\/#primaryimage\",\"url\":\"https:\\\/\\\/noticiasmercedinas.com\\\/site\\\/wp-content\\\/uploads\\\/2024\\\/02\\\/MesaSeguridadAlimentaria-Mercedes-3.jpg\",\"contentUrl\":\"https:\\\/\\\/noticiasmercedinas.com\\\/site\\\/wp-content\\\/uploads\\\/2024\\\/02\\\/MesaSeguridadAlimentaria-Mercedes-3.jpg\",\"width\":1319,\"height\":879},{\"@type\":\"BreadcrumbList\",\"@id\":\"https:\\\/\\\/noticiasmercedinas.com\\\/site\\\/2024\\\/02\\\/24\\\/constituyeron-mesa-intersectorial-y-comunitaria-por-la-seguridad-alimentaria-en-mercedes\\\/#breadcrumb\",\"itemListElement\":[{\"@type\":\"ListItem\",\"position\":1,\"name\":\"Portada\",\"item\":\"https:\\\/\\\/noticiasmercedinas.com\\\/site\\\/\"},{\"@type\":\"ListItem\",\"position\":2,\"name\":\"Constituyeron \u00abMesa Intersectorial y Comunitaria por la Seguridad Alimentaria\u00bb en Mercedes\"}]},{\"@type\":\"WebSite\",\"@id\":\"https:\\\/\\\/noticiasmercedinas.com\\\/site\\\/#website\",\"url\":\"https:\\\/\\\/noticiasmercedinas.com\\\/site\\\/\",\"name\":\"NOTICIASMERCEDINAS.COM\",\"description\":\"Mercedes, Buenos Aires, Argentina\",\"publisher\":{\"@id\":\"https:\\\/\\\/noticiasmercedinas.com\\\/site\\\/#organization\"},\"potentialAction\":[{\"@type\":\"SearchAction\",\"target\":{\"@type\":\"EntryPoint\",\"urlTemplate\":\"https:\\\/\\\/noticiasmercedinas.com\\\/site\\\/?s={search_term_string}\"},\"query-input\":{\"@type\":\"PropertyValueSpecification\",\"valueRequired\":true,\"valueName\":\"search_term_string\"}}],\"inLanguage\":\"es\"},{\"@type\":\"Organization\",\"@id\":\"https:\\\/\\\/noticiasmercedinas.com\\\/site\\\/#organization\",\"name\":\"NOTICIASMERCEDINAS.COM\",\"url\":\"https:\\\/\\\/noticiasmercedinas.com\\\/site\\\/\",\"logo\":{\"@type\":\"ImageObject\",\"inLanguage\":\"es\",\"@id\":\"https:\\\/\\\/noticiasmercedinas.com\\\/site\\\/#\\\/schema\\\/logo\\\/image\\\/\",\"url\":\"https:\\\/\\\/noticiasmercedinas.com\\\/site\\\/wp-content\\\/uploads\\\/2020\\\/06\\\/LOGO-512.jpg\",\"contentUrl\":\"https:\\\/\\\/noticiasmercedinas.com\\\/site\\\/wp-content\\\/uploads\\\/2020\\\/06\\\/LOGO-512.jpg\",\"width\":512,\"height\":512,\"caption\":\"NOTICIASMERCEDINAS.COM\"},\"image\":{\"@id\":\"https:\\\/\\\/noticiasmercedinas.com\\\/site\\\/#\\\/schema\\\/logo\\\/image\\\/\"},\"sameAs\":[\"https:\\\/\\\/www.facebook.com\\\/noticiasmercedinas\\\/\",\"https:\\\/\\\/x.com\\\/notmercedinas\",\"https:\\\/\\\/www.instagram.com\\\/noticiasmercedinas\\\/\"]},{\"@type\":\"Person\",\"@id\":\"https:\\\/\\\/noticiasmercedinas.com\\\/site\\\/#\\\/schema\\\/person\\\/84b59c099c28ff2e8b77d4ceec5d8063\",\"name\":\"NOTICIASMERCEDINAS.COM\",\"image\":{\"@type\":\"ImageObject\",\"inLanguage\":\"es\",\"@id\":\"https:\\\/\\\/secure.gravatar.com\\\/avatar\\\/4dfbf16b4d17945bfb6341b2d19043457132fcf478a5ee04f42e959fd8f5df0a?s=96&d=mm&r=g\",\"url\":\"https:\\\/\\\/secure.gravatar.com\\\/avatar\\\/4dfbf16b4d17945bfb6341b2d19043457132fcf478a5ee04f42e959fd8f5df0a?s=96&d=mm&r=g\",\"contentUrl\":\"https:\\\/\\\/secure.gravatar.com\\\/avatar\\\/4dfbf16b4d17945bfb6341b2d19043457132fcf478a5ee04f42e959fd8f5df0a?s=96&d=mm&r=g\",\"caption\":\"NOTICIASMERCEDINAS.COM\"},\"url\":\"https:\\\/\\\/noticiasmercedinas.com\\\/site\\\/author\\\/anonimo\\\/\"}]}<\/script>\n<!-- \/ Yoast SEO plugin. -->","yoast_head_json":{"title":"Constituyeron \"Mesa Intersectorial y Comunitaria por la Seguridad Alimentaria\" en Mercedes","robots":{"index":"index","follow":"follow","max-snippet":"max-snippet:-1","max-image-preview":"max-image-preview:large","max-video-preview":"max-video-preview:-1"},"canonical":"https:\/\/noticiasmercedinas.com\/site\/2024\/02\/24\/constituyeron-mesa-intersectorial-y-comunitaria-por-la-seguridad-alimentaria-en-mercedes\/","og_locale":"es_ES","og_type":"article","og_title":"Constituyeron \"Mesa Intersectorial y Comunitaria por la Seguridad Alimentaria\" en Mercedes","og_description":"\u25a0 Destaca la necesidad de una participaci\u00f3n activa y solidaria para generar una red que permita a los habitantes de Mercedes alimentarse adecuadamente en medio de las dificultades econ\u00f3micas actuales.","og_url":"https:\/\/noticiasmercedinas.com\/site\/2024\/02\/24\/constituyeron-mesa-intersectorial-y-comunitaria-por-la-seguridad-alimentaria-en-mercedes\/","og_site_name":"NOTICIASMERCEDINAS.COM","article_publisher":"https:\/\/www.facebook.com\/noticiasmercedinas\/","article_published_time":"2024-02-24T12:59:55+00:00","og_image":[{"width":1319,"height":879,"url":"https:\/\/noticiasmercedinas.com\/site\/wp-content\/uploads\/2024\/02\/MesaSeguridadAlimentaria-Mercedes-3.jpg","type":"image\/jpeg"}],"author":"NOTICIASMERCEDINAS.COM","twitter_card":"summary_large_image","twitter_creator":"@notmercedinas","twitter_site":"@notmercedinas","twitter_misc":{"Escrito por":"NOTICIASMERCEDINAS.COM","Tiempo de lectura":"2 minutos"},"schema":{"@context":"https:\/\/schema.org","@graph":[{"@type":"Article","@id":"https:\/\/noticiasmercedinas.com\/site\/2024\/02\/24\/constituyeron-mesa-intersectorial-y-comunitaria-por-la-seguridad-alimentaria-en-mercedes\/#article","isPartOf":{"@id":"https:\/\/noticiasmercedinas.com\/site\/2024\/02\/24\/constituyeron-mesa-intersectorial-y-comunitaria-por-la-seguridad-alimentaria-en-mercedes\/"},"author":{"name":"NOTICIASMERCEDINAS.COM","@id":"https:\/\/noticiasmercedinas.com\/site\/#\/schema\/person\/84b59c099c28ff2e8b77d4ceec5d8063"},"headline":"Constituyeron \u00abMesa Intersectorial y Comunitaria por la Seguridad Alimentaria\u00bb en Mercedes","datePublished":"2024-02-24T12:59:55+00:00","mainEntityOfPage":{"@id":"https:\/\/noticiasmercedinas.com\/site\/2024\/02\/24\/constituyeron-mesa-intersectorial-y-comunitaria-por-la-seguridad-alimentaria-en-mercedes\/"},"wordCount":367,"publisher":{"@id":"https:\/\/noticiasmercedinas.com\/site\/#organization"},"image":{"@id":"https:\/\/noticiasmercedinas.com\/site\/2024\/02\/24\/constituyeron-mesa-intersectorial-y-comunitaria-por-la-seguridad-alimentaria-en-mercedes\/#primaryimage"},"thumbnailUrl":"https:\/\/noticiasmercedinas.com\/site\/wp-content\/uploads\/2024\/02\/MesaSeguridadAlimentaria-Mercedes-3.jpg","keywords":["jorgelina silva","Juan Ustarroz","Mesa Intersectorial y Comunitaria por la Seguridad Alimentaria","Secretar\u00eda de Desarrollo de la Comunidad"],"articleSection":["Sociedad"],"inLanguage":"es"},{"@type":"WebPage","@id":"https:\/\/noticiasmercedinas.com\/site\/2024\/02\/24\/constituyeron-mesa-intersectorial-y-comunitaria-por-la-seguridad-alimentaria-en-mercedes\/","url":"https:\/\/noticiasmercedinas.com\/site\/2024\/02\/24\/constituyeron-mesa-intersectorial-y-comunitaria-por-la-seguridad-alimentaria-en-mercedes\/","name":"Constituyeron \"Mesa Intersectorial y Comunitaria por la Seguridad Alimentaria\" en Mercedes","isPartOf":{"@id":"https:\/\/noticiasmercedinas.com\/site\/#website"},"primaryImageOfPage":{"@id":"https:\/\/noticiasmercedinas.com\/site\/2024\/02\/24\/constituyeron-mesa-intersectorial-y-comunitaria-por-la-seguridad-alimentaria-en-mercedes\/#primaryimage"},"image":{"@id":"https:\/\/noticiasmercedinas.com\/site\/2024\/02\/24\/constituyeron-mesa-intersectorial-y-comunitaria-por-la-seguridad-alimentaria-en-mercedes\/#primaryimage"},"thumbnailUrl":"https:\/\/noticiasmercedinas.com\/site\/wp-content\/uploads\/2024\/02\/MesaSeguridadAlimentaria-Mercedes-3.jpg","datePublished":"2024-02-24T12:59:55+00:00","breadcrumb":{"@id":"https:\/\/noticiasmercedinas.com\/site\/2024\/02\/24\/constituyeron-mesa-intersectorial-y-comunitaria-por-la-seguridad-alimentaria-en-mercedes\/#breadcrumb"},"inLanguage":"es","potentialAction":[{"@type":"ReadAction","target":["https:\/\/noticiasmercedinas.com\/site\/2024\/02\/24\/constituyeron-mesa-intersectorial-y-comunitaria-por-la-seguridad-alimentaria-en-mercedes\/"]}]},{"@type":"ImageObject","inLanguage":"es","@id":"https:\/\/noticiasmercedinas.com\/site\/2024\/02\/24\/constituyeron-mesa-intersectorial-y-comunitaria-por-la-seguridad-alimentaria-en-mercedes\/#primaryimage","url":"https:\/\/noticiasmercedinas.com\/site\/wp-content\/uploads\/2024\/02\/MesaSeguridadAlimentaria-Mercedes-3.jpg","contentUrl":"https:\/\/noticiasmercedinas.com\/site\/wp-content\/uploads\/2024\/02\/MesaSeguridadAlimentaria-Mercedes-3.jpg","width":1319,"height":879},{"@type":"BreadcrumbList","@id":"https:\/\/noticiasmercedinas.com\/site\/2024\/02\/24\/constituyeron-mesa-intersectorial-y-comunitaria-por-la-seguridad-alimentaria-en-mercedes\/#breadcrumb","itemListElement":[{"@type":"ListItem","position":1,"name":"Portada","item":"https:\/\/noticiasmercedinas.com\/site\/"},{"@type":"ListItem","position":2,"name":"Constituyeron \u00abMesa Intersectorial y Comunitaria por la Seguridad Alimentaria\u00bb en Mercedes"}]},{"@type":"WebSite","@id":"https:\/\/noticiasmercedinas.com\/site\/#website","url":"https:\/\/noticiasmercedinas.com\/site\/","name":"NOTICIASMERCEDINAS.COM","description":"Mercedes, Buenos Aires, Argentina","publisher":{"@id":"https:\/\/noticiasmercedinas.com\/site\/#organization"},"potentialAction":[{"@type":"SearchAction","target":{"@type":"EntryPoint","urlTemplate":"https:\/\/noticiasmercedinas.com\/site\/?s={search_term_string}"},"query-input":{"@type":"PropertyValueSpecification","valueRequired":true,"valueName":"search_term_string"}}],"inLanguage":"es"},{"@type":"Organization","@id":"https:\/\/noticiasmercedinas.com\/site\/#organization","name":"NOTICIASMERCEDINAS.COM","url":"https:\/\/noticiasmercedinas.com\/site\/","logo":{"@type":"ImageObject","inLanguage":"es","@id":"https:\/\/noticiasmercedinas.com\/site\/#\/schema\/logo\/image\/","url":"https:\/\/noticiasmercedinas.com\/site\/wp-content\/uploads\/2020\/06\/LOGO-512.jpg","contentUrl":"https:\/\/noticiasmercedinas.com\/site\/wp-content\/uploads\/2020\/06\/LOGO-512.jpg","width":512,"height":512,"caption":"NOTICIASMERCEDINAS.COM"},"image":{"@id":"https:\/\/noticiasmercedinas.com\/site\/#\/schema\/logo\/image\/"},"sameAs":["https:\/\/www.facebook.com\/noticiasmercedinas\/","https:\/\/x.com\/notmercedinas","https:\/\/www.instagram.com\/noticiasmercedinas\/"]},{"@type":"Person","@id":"https:\/\/noticiasmercedinas.com\/site\/#\/schema\/person\/84b59c099c28ff2e8b77d4ceec5d8063","name":"NOTICIASMERCEDINAS.COM","image":{"@type":"ImageObject","inLanguage":"es","@id":"https:\/\/secure.gravatar.com\/avatar\/4dfbf16b4d17945bfb6341b2d19043457132fcf478a5ee04f42e959fd8f5df0a?s=96&d=mm&r=g","url":"https:\/\/secure.gravatar.com\/avatar\/4dfbf16b4d17945bfb6341b2d19043457132fcf478a5ee04f42e959fd8f5df0a?s=96&d=mm&r=g","contentUrl":"https:\/\/secure.gravatar.com\/avatar\/4dfbf16b4d17945bfb6341b2d19043457132fcf478a5ee04f42e959fd8f5df0a?s=96&d=mm&r=g","caption":"NOTICIASMERCEDINAS.COM"},"url":"https:\/\/noticiasmercedinas.com\/site\/author\/anonimo\/"}]}},"amp_enabled":true,"_links":{"self":[{"href":"https:\/\/noticiasmercedinas.com\/site\/wp-json\/wp\/v2\/posts\/131252","targetHints":{"allow":["GET"]}}],"collection":[{"href":"https:\/\/noticiasmercedinas.com\/site\/wp-json\/wp\/v2\/posts"}],"about":[{"href":"https:\/\/noticiasmercedinas.com\/site\/wp-json\/wp\/v2\/types\/post"}],"author":[{"embeddable":true,"href":"https:\/\/noticiasmercedinas.com\/site\/wp-json\/wp\/v2\/users\/16"}],"replies":[{"embeddable":true,"href":"https:\/\/noticiasmercedinas.com\/site\/wp-json\/wp\/v2\/comments?post=131252"}],"version-history":[{"count":1,"href":"https:\/\/noticiasmercedinas.com\/site\/wp-json\/wp\/v2\/posts\/131252\/revisions"}],"predecessor-version":[{"id":131254,"href":"https:\/\/noticiasmercedinas.com\/site\/wp-json\/wp\/v2\/posts\/131252\/revisions\/131254"}],"wp:featuredmedia":[{"embeddable":true,"href":"https:\/\/noticiasmercedinas.com\/site\/wp-json\/wp\/v2\/media\/131253"}],"wp:attachment":[{"href":"https:\/\/noticiasmercedinas.com\/site\/wp-json\/wp\/v2\/media?parent=131252"}],"wp:term":[{"taxonomy":"category","embeddable":true,"href":"https:\/\/noticiasmercedinas.com\/site\/wp-json\/wp\/v2\/categories?post=131252"},{"taxonomy":"post_tag","embeddable":true,"href":"https:\/\/noticiasmercedinas.com\/site\/wp-json\/wp\/v2\/tags?post=131252"}],"curies":[{"name":"wp","href":"https:\/\/api.w.org\/{rel}","templated":true}]}}