{"id":13126,"date":"2019-03-01T18:14:57","date_gmt":"2019-03-01T21:14:57","guid":{"rendered":"https:\/\/noticiasmercedinas.com\/site\/?p=13126"},"modified":"2019-03-01T18:14:57","modified_gmt":"2019-03-01T21:14:57","slug":"profesionales-de-la-salud-preparan-jornada-nacional-de-lucha","status":"publish","type":"post","link":"https:\/\/noticiasmercedinas.com\/site\/2019\/03\/01\/profesionales-de-la-salud-preparan-jornada-nacional-de-lucha\/","title":{"rendered":"Profesionales de la salud preparan jornada nacional de lucha"},"content":{"rendered":"<p><img loading=\"lazy\" decoding=\"async\" class=\"alignnone size-large wp-image-13127\" src=\"https:\/\/noticiasmercedinas.com\/site\/wp-content\/uploads\/2019\/03\/ec24dc61-7abb-47b9-8766-c5a90746bae8-791x1024.jpg\" alt=\"\" width=\"640\" height=\"829\" srcset=\"https:\/\/noticiasmercedinas.com\/site\/wp-content\/uploads\/2019\/03\/ec24dc61-7abb-47b9-8766-c5a90746bae8-791x1024.jpg 791w, https:\/\/noticiasmercedinas.com\/site\/wp-content\/uploads\/2019\/03\/ec24dc61-7abb-47b9-8766-c5a90746bae8-232x300.jpg 232w, https:\/\/noticiasmercedinas.com\/site\/wp-content\/uploads\/2019\/03\/ec24dc61-7abb-47b9-8766-c5a90746bae8-768x994.jpg 768w, https:\/\/noticiasmercedinas.com\/site\/wp-content\/uploads\/2019\/03\/ec24dc61-7abb-47b9-8766-c5a90746bae8-640x828.jpg 640w, https:\/\/noticiasmercedinas.com\/site\/wp-content\/uploads\/2019\/03\/ec24dc61-7abb-47b9-8766-c5a90746bae8-681x881.jpg 681w, https:\/\/noticiasmercedinas.com\/site\/wp-content\/uploads\/2019\/03\/ec24dc61-7abb-47b9-8766-c5a90746bae8.jpg 989w\" sizes=\"auto, (max-width: 640px) 100vw, 640px\" \/><\/p>\n<p>En un marco de descontento generalizado por distintas situaciones que los agobian, los profesionales de la salud adheridos a CICOP, Fesprosa y la CTA Aut\u00f3noma van al paro este mi\u00e9rcoles pr\u00f3ximo. El mercedino Hern\u00e1n Rivero coment\u00f3 detalles de la situaci\u00f3n que los atraviesa y que tiene en medio de esta crisis y conflicto a los trabajadores del Hospital Posadas, con quienes expres\u00f3 su \u201cm\u00e1xima solidaridad\u201d.<\/p>\n<p>\u201cHoy estuvimos congreso de CICOP\u201d, destac\u00f3 Rivero, quien es congresal. \u201cLa Asociaci\u00f3n Sindical de Profesionales de la Salud de la provincia de Buenos Aires (CICOP) vot\u00f3 hoy viernes 1 de marzo en su Congreso de Delegados, los dos primeros paros del a\u00f1o\u201d inform\u00f3.<\/p>\n<p>El primero ser\u00e1 el pr\u00f3ximo mi\u00e9rcoles 6 de marzo, en reclamo a la gobernadora Mar\u00eda Eugenia Vidal por el cierre de la paritaria 2018, que sigue pendiente en su \u00faltimo tramo, por llamado a paritarias 2019 y otros reclamos, en tanto que el 8 de marzo ser\u00e1 el segundo paro, en el marco del D\u00eda Internacional de la Mujer Trabajadora.<\/p>\n<p>\u201cEl d\u00eda 6 de marzo participaremos formando parte de la movilizaci\u00f3n que hagan los estatales bonaerenses, en conjunto con ATE y con Judiciales, a la Casa de la provincia de Buenos Aires, y despu\u00e9s a la movilizaci\u00f3n de docentes nacionales convocada para el mediod\u00eda\u201d, indic\u00f3.<\/p>\n<p>El d\u00eda 8 de marzo, D\u00eda Internacional de la Mujer Trabajadora, participar\u00e1n tambi\u00e9n en la movilizaci\u00f3n convocada en horas de la tarde ese mismo d\u00eda.<\/p>\n<p>\u201cLa situaci\u00f3n en hospitales y centros de salud dependientes de la administraci\u00f3n provincial se encuentra al borde del colapso. El sinn\u00famero de problem\u00e1ticas no abordadas diligentemente por quienes gobiernan constituye un cuadro de franco deterioro. De manera prioritaria, los salarios contin\u00faan siendo centrales en la discusi\u00f3n con los profesionales de la salud, en tanto un sueldo inicial que se encuentra al borde de la l\u00ednea de pobreza publicada por el propio INDEC s\u00f3lo genera rechazo a la posibilidad de ingresar o permanecer en el sistema para el sector m\u00e1s joven\u201d, explicaron desde la CICOP.<\/p>\n<p>\u201cOtro tema sustancial en el funcionamiento de los establecimientos es la problem\u00e1tica de los recursos humanos. A la inadmisible demora en la interinizaci\u00f3n de los becarios, la falta de ejecuci\u00f3n de los acuerdos alcanzados en la paritaria de noviembre 2018 respecto al reglamento para los residentes y la no puesta en pr\u00e1ctica de las comisiones de recursos humanos en cada efector, se suma la enorme cantidad de tr\u00e1mites demorados que afectan derechos conquistados. Cargos, designaciones y funciones ganados por concurso, pagos de bonificaciones y reconocimientos de antig\u00fcedades son, entre otros, problemas que deben resolverse en forma perentoria\u201d, enumeraron.<\/p>\n<p>\u201cEn todo este panorama remarcamos nuestra solidaridad m\u00e1xima con el Posadas. En ese hospital echaron monotributistas y se esperan 100 cesanteados m\u00e1s\u201d, alert\u00f3, por \u00faltimo, el doctor Rivero.<\/p>\n<p><img loading=\"lazy\" decoding=\"async\" class=\"alignnone size-full wp-image-13128\" src=\"https:\/\/noticiasmercedinas.com\/site\/wp-content\/uploads\/2019\/03\/f9bfb57d-74dc-4bb4-88d1-3e583df8087b.jpg\" alt=\"\" width=\"539\" height=\"737\" srcset=\"https:\/\/noticiasmercedinas.com\/site\/wp-content\/uploads\/2019\/03\/f9bfb57d-74dc-4bb4-88d1-3e583df8087b.jpg 539w, https:\/\/noticiasmercedinas.com\/site\/wp-content\/uploads\/2019\/03\/f9bfb57d-74dc-4bb4-88d1-3e583df8087b-219x300.jpg 219w\" sizes=\"auto, (max-width: 539px) 100vw, 539px\" \/><\/p>\n","protected":false},"excerpt":{"rendered":"<p>En un marco de descontento generalizado por distintas situaciones que los agobian, los profesionales de la salud adheridos a CICOP, Fesprosa y la CTA Aut\u00f3noma van al paro este mi\u00e9rcoles pr\u00f3ximo. El mercedino Hern\u00e1n Rivero coment\u00f3 detalles de la situaci\u00f3n que los atraviesa y que tiene en medio de esta crisis y conflicto a los [&hellip;]<\/p>\n","protected":false},"author":2,"featured_media":13127,"comment_status":"open","ping_status":"open","sticky":false,"template":"","format":"standard","meta":{"footnotes":""},"categories":[3],"tags":[56,57,3746,55,112,3745,231,71],"class_list":["post-13126","post","type-post","status-publish","format-standard","has-post-thumbnail","hentry","category-sociedad","tag-cicop","tag-cta-a","tag-fesprosa","tag-hernan-rivero","tag-hospitales","tag-medicos","tag-paro","tag-salud"],"yoast_head":"<!-- This site is optimized with the Yoast SEO plugin v27.4 - https:\/\/yoast.com\/product\/yoast-seo-wordpress\/ -->\n<title>Profesionales de la salud preparan jornada nacional de lucha<\/title>\n<meta name=\"robots\" content=\"index, follow, max-snippet:-1, max-image-preview:large, max-video-preview:-1\" \/>\n<link rel=\"canonical\" href=\"https:\/\/noticiasmercedinas.com\/site\/2019\/03\/01\/profesionales-de-la-salud-preparan-jornada-nacional-de-lucha\/\" \/>\n<meta property=\"og:locale\" content=\"es_ES\" \/>\n<meta property=\"og:type\" content=\"article\" \/>\n<meta property=\"og:title\" content=\"Profesionales de la salud preparan jornada nacional de lucha\" \/>\n<meta property=\"og:description\" content=\"En un marco de descontento generalizado por distintas situaciones que los agobian, los profesionales de la salud adheridos a CICOP, Fesprosa y la CTA Aut\u00f3noma van al paro este mi\u00e9rcoles pr\u00f3ximo. El mercedino Hern\u00e1n Rivero coment\u00f3 detalles de la situaci\u00f3n que los atraviesa y que tiene en medio de esta crisis y conflicto a los [&hellip;]\" \/>\n<meta property=\"og:url\" content=\"https:\/\/noticiasmercedinas.com\/site\/2019\/03\/01\/profesionales-de-la-salud-preparan-jornada-nacional-de-lucha\/\" \/>\n<meta property=\"og:site_name\" content=\"NOTICIASMERCEDINAS.COM\" \/>\n<meta property=\"article:publisher\" content=\"https:\/\/www.facebook.com\/noticiasmercedinas\/\" \/>\n<meta property=\"article:author\" content=\"https:\/\/www.facebook.com\/cristian.falabella\" \/>\n<meta property=\"article:published_time\" content=\"2019-03-01T21:14:57+00:00\" \/>\n<meta property=\"og:image\" content=\"https:\/\/noticiasmercedinas.com\/site\/wp-content\/uploads\/2019\/03\/ec24dc61-7abb-47b9-8766-c5a90746bae8.jpg\" \/>\n\t<meta property=\"og:image:width\" content=\"989\" \/>\n\t<meta property=\"og:image:height\" content=\"1280\" \/>\n\t<meta property=\"og:image:type\" content=\"image\/jpeg\" \/>\n<meta name=\"author\" content=\"Cristian Falabella NOTICIASMERCEDINAS.COM\" \/>\n<meta name=\"twitter:card\" content=\"summary_large_image\" \/>\n<meta name=\"twitter:creator\" content=\"@https:\/\/twitter.com\/NOTMERCEDINAS\" \/>\n<meta name=\"twitter:site\" content=\"@notmercedinas\" \/>\n<meta name=\"twitter:label1\" content=\"Escrito por\" \/>\n\t<meta name=\"twitter:data1\" content=\"Cristian Falabella NOTICIASMERCEDINAS.COM\" \/>\n\t<meta name=\"twitter:label2\" content=\"Tiempo de lectura\" \/>\n\t<meta name=\"twitter:data2\" content=\"2 minutos\" \/>\n<script type=\"application\/ld+json\" class=\"yoast-schema-graph\">{\"@context\":\"https:\\\/\\\/schema.org\",\"@graph\":[{\"@type\":\"Article\",\"@id\":\"https:\\\/\\\/noticiasmercedinas.com\\\/site\\\/2019\\\/03\\\/01\\\/profesionales-de-la-salud-preparan-jornada-nacional-de-lucha\\\/#article\",\"isPartOf\":{\"@id\":\"https:\\\/\\\/noticiasmercedinas.com\\\/site\\\/2019\\\/03\\\/01\\\/profesionales-de-la-salud-preparan-jornada-nacional-de-lucha\\\/\"},\"author\":{\"name\":\"Cristian Falabella NOTICIASMERCEDINAS.COM\",\"@id\":\"https:\\\/\\\/noticiasmercedinas.com\\\/site\\\/#\\\/schema\\\/person\\\/d481a9696a5feaec13a60e2bbd991a6a\"},\"headline\":\"Profesionales de la salud preparan jornada nacional de lucha\",\"datePublished\":\"2019-03-01T21:14:57+00:00\",\"mainEntityOfPage\":{\"@id\":\"https:\\\/\\\/noticiasmercedinas.com\\\/site\\\/2019\\\/03\\\/01\\\/profesionales-de-la-salud-preparan-jornada-nacional-de-lucha\\\/\"},\"wordCount\":498,\"commentCount\":0,\"publisher\":{\"@id\":\"https:\\\/\\\/noticiasmercedinas.com\\\/site\\\/#organization\"},\"image\":{\"@id\":\"https:\\\/\\\/noticiasmercedinas.com\\\/site\\\/2019\\\/03\\\/01\\\/profesionales-de-la-salud-preparan-jornada-nacional-de-lucha\\\/#primaryimage\"},\"thumbnailUrl\":\"https:\\\/\\\/noticiasmercedinas.com\\\/site\\\/wp-content\\\/uploads\\\/2019\\\/03\\\/ec24dc61-7abb-47b9-8766-c5a90746bae8.jpg\",\"keywords\":[\"Cicop\",\"CTA A\",\"fesprosa\",\"Hernan Rivero\",\"hospitales\",\"medicos\",\"paro\",\"salud\"],\"articleSection\":[\"Sociedad\"],\"inLanguage\":\"es\",\"potentialAction\":[{\"@type\":\"CommentAction\",\"name\":\"Comment\",\"target\":[\"https:\\\/\\\/noticiasmercedinas.com\\\/site\\\/2019\\\/03\\\/01\\\/profesionales-de-la-salud-preparan-jornada-nacional-de-lucha\\\/#respond\"]}]},{\"@type\":\"WebPage\",\"@id\":\"https:\\\/\\\/noticiasmercedinas.com\\\/site\\\/2019\\\/03\\\/01\\\/profesionales-de-la-salud-preparan-jornada-nacional-de-lucha\\\/\",\"url\":\"https:\\\/\\\/noticiasmercedinas.com\\\/site\\\/2019\\\/03\\\/01\\\/profesionales-de-la-salud-preparan-jornada-nacional-de-lucha\\\/\",\"name\":\"Profesionales de la salud preparan jornada nacional de lucha\",\"isPartOf\":{\"@id\":\"https:\\\/\\\/noticiasmercedinas.com\\\/site\\\/#website\"},\"primaryImageOfPage\":{\"@id\":\"https:\\\/\\\/noticiasmercedinas.com\\\/site\\\/2019\\\/03\\\/01\\\/profesionales-de-la-salud-preparan-jornada-nacional-de-lucha\\\/#primaryimage\"},\"image\":{\"@id\":\"https:\\\/\\\/noticiasmercedinas.com\\\/site\\\/2019\\\/03\\\/01\\\/profesionales-de-la-salud-preparan-jornada-nacional-de-lucha\\\/#primaryimage\"},\"thumbnailUrl\":\"https:\\\/\\\/noticiasmercedinas.com\\\/site\\\/wp-content\\\/uploads\\\/2019\\\/03\\\/ec24dc61-7abb-47b9-8766-c5a90746bae8.jpg\",\"datePublished\":\"2019-03-01T21:14:57+00:00\",\"breadcrumb\":{\"@id\":\"https:\\\/\\\/noticiasmercedinas.com\\\/site\\\/2019\\\/03\\\/01\\\/profesionales-de-la-salud-preparan-jornada-nacional-de-lucha\\\/#breadcrumb\"},\"inLanguage\":\"es\",\"potentialAction\":[{\"@type\":\"ReadAction\",\"target\":[\"https:\\\/\\\/noticiasmercedinas.com\\\/site\\\/2019\\\/03\\\/01\\\/profesionales-de-la-salud-preparan-jornada-nacional-de-lucha\\\/\"]}]},{\"@type\":\"ImageObject\",\"inLanguage\":\"es\",\"@id\":\"https:\\\/\\\/noticiasmercedinas.com\\\/site\\\/2019\\\/03\\\/01\\\/profesionales-de-la-salud-preparan-jornada-nacional-de-lucha\\\/#primaryimage\",\"url\":\"https:\\\/\\\/noticiasmercedinas.com\\\/site\\\/wp-content\\\/uploads\\\/2019\\\/03\\\/ec24dc61-7abb-47b9-8766-c5a90746bae8.jpg\",\"contentUrl\":\"https:\\\/\\\/noticiasmercedinas.com\\\/site\\\/wp-content\\\/uploads\\\/2019\\\/03\\\/ec24dc61-7abb-47b9-8766-c5a90746bae8.jpg\",\"width\":989,\"height\":1280},{\"@type\":\"BreadcrumbList\",\"@id\":\"https:\\\/\\\/noticiasmercedinas.com\\\/site\\\/2019\\\/03\\\/01\\\/profesionales-de-la-salud-preparan-jornada-nacional-de-lucha\\\/#breadcrumb\",\"itemListElement\":[{\"@type\":\"ListItem\",\"position\":1,\"name\":\"Portada\",\"item\":\"https:\\\/\\\/noticiasmercedinas.com\\\/site\\\/\"},{\"@type\":\"ListItem\",\"position\":2,\"name\":\"Profesionales de la salud preparan jornada nacional de lucha\"}]},{\"@type\":\"WebSite\",\"@id\":\"https:\\\/\\\/noticiasmercedinas.com\\\/site\\\/#website\",\"url\":\"https:\\\/\\\/noticiasmercedinas.com\\\/site\\\/\",\"name\":\"NOTICIASMERCEDINAS.COM\",\"description\":\"Mercedes, Buenos Aires, Argentina\",\"publisher\":{\"@id\":\"https:\\\/\\\/noticiasmercedinas.com\\\/site\\\/#organization\"},\"potentialAction\":[{\"@type\":\"SearchAction\",\"target\":{\"@type\":\"EntryPoint\",\"urlTemplate\":\"https:\\\/\\\/noticiasmercedinas.com\\\/site\\\/?s={search_term_string}\"},\"query-input\":{\"@type\":\"PropertyValueSpecification\",\"valueRequired\":true,\"valueName\":\"search_term_string\"}}],\"inLanguage\":\"es\"},{\"@type\":\"Organization\",\"@id\":\"https:\\\/\\\/noticiasmercedinas.com\\\/site\\\/#organization\",\"name\":\"NOTICIASMERCEDINAS.COM\",\"url\":\"https:\\\/\\\/noticiasmercedinas.com\\\/site\\\/\",\"logo\":{\"@type\":\"ImageObject\",\"inLanguage\":\"es\",\"@id\":\"https:\\\/\\\/noticiasmercedinas.com\\\/site\\\/#\\\/schema\\\/logo\\\/image\\\/\",\"url\":\"https:\\\/\\\/noticiasmercedinas.com\\\/site\\\/wp-content\\\/uploads\\\/2020\\\/06\\\/LOGO-512.jpg\",\"contentUrl\":\"https:\\\/\\\/noticiasmercedinas.com\\\/site\\\/wp-content\\\/uploads\\\/2020\\\/06\\\/LOGO-512.jpg\",\"width\":512,\"height\":512,\"caption\":\"NOTICIASMERCEDINAS.COM\"},\"image\":{\"@id\":\"https:\\\/\\\/noticiasmercedinas.com\\\/site\\\/#\\\/schema\\\/logo\\\/image\\\/\"},\"sameAs\":[\"https:\\\/\\\/www.facebook.com\\\/noticiasmercedinas\\\/\",\"https:\\\/\\\/x.com\\\/notmercedinas\",\"https:\\\/\\\/www.instagram.com\\\/noticiasmercedinas\\\/\"]},{\"@type\":\"Person\",\"@id\":\"https:\\\/\\\/noticiasmercedinas.com\\\/site\\\/#\\\/schema\\\/person\\\/d481a9696a5feaec13a60e2bbd991a6a\",\"name\":\"Cristian Falabella NOTICIASMERCEDINAS.COM\",\"image\":{\"@type\":\"ImageObject\",\"inLanguage\":\"es\",\"@id\":\"https:\\\/\\\/secure.gravatar.com\\\/avatar\\\/0dbbfc45970cc46bcd0e57766228574ff3511d6eed045b182f536f0f478c1f06?s=96&d=mm&r=g\",\"url\":\"https:\\\/\\\/secure.gravatar.com\\\/avatar\\\/0dbbfc45970cc46bcd0e57766228574ff3511d6eed045b182f536f0f478c1f06?s=96&d=mm&r=g\",\"contentUrl\":\"https:\\\/\\\/secure.gravatar.com\\\/avatar\\\/0dbbfc45970cc46bcd0e57766228574ff3511d6eed045b182f536f0f478c1f06?s=96&d=mm&r=g\",\"caption\":\"Cristian Falabella NOTICIASMERCEDINAS.COM\"},\"description\":\"Periodista, editor de Noticias Mercedinas. Pas\u00f3 por varias redacciones y emprendimientos de prensa, en distintos formatos y \u00e9pocas. Se especializ\u00f3 --y sigue haci\u00e9ndolo-- en comunicaci\u00f3n en la web y en junio de 2006 fund\u00f3 este diario digital.\",\"sameAs\":[\"https:\\\/\\\/noticiasmercedinas.com\",\"https:\\\/\\\/www.facebook.com\\\/cristian.falabella\",\"https:\\\/\\\/www.instagram.com\\\/noticiasmercedinas\\\/\",\"https:\\\/\\\/x.com\\\/https:\\\/\\\/twitter.com\\\/NOTMERCEDINAS\"],\"url\":\"https:\\\/\\\/noticiasmercedinas.com\\\/site\\\/author\\\/as000384\\\/\"}]}<\/script>\n<!-- \/ Yoast SEO plugin. -->","yoast_head_json":{"title":"Profesionales de la salud preparan jornada nacional de lucha","robots":{"index":"index","follow":"follow","max-snippet":"max-snippet:-1","max-image-preview":"max-image-preview:large","max-video-preview":"max-video-preview:-1"},"canonical":"https:\/\/noticiasmercedinas.com\/site\/2019\/03\/01\/profesionales-de-la-salud-preparan-jornada-nacional-de-lucha\/","og_locale":"es_ES","og_type":"article","og_title":"Profesionales de la salud preparan jornada nacional de lucha","og_description":"En un marco de descontento generalizado por distintas situaciones que los agobian, los profesionales de la salud adheridos a CICOP, Fesprosa y la CTA Aut\u00f3noma van al paro este mi\u00e9rcoles pr\u00f3ximo. El mercedino Hern\u00e1n Rivero coment\u00f3 detalles de la situaci\u00f3n que los atraviesa y que tiene en medio de esta crisis y conflicto a los [&hellip;]","og_url":"https:\/\/noticiasmercedinas.com\/site\/2019\/03\/01\/profesionales-de-la-salud-preparan-jornada-nacional-de-lucha\/","og_site_name":"NOTICIASMERCEDINAS.COM","article_publisher":"https:\/\/www.facebook.com\/noticiasmercedinas\/","article_author":"https:\/\/www.facebook.com\/cristian.falabella","article_published_time":"2019-03-01T21:14:57+00:00","og_image":[{"width":989,"height":1280,"url":"https:\/\/noticiasmercedinas.com\/site\/wp-content\/uploads\/2019\/03\/ec24dc61-7abb-47b9-8766-c5a90746bae8.jpg","type":"image\/jpeg"}],"author":"Cristian Falabella NOTICIASMERCEDINAS.COM","twitter_card":"summary_large_image","twitter_creator":"@https:\/\/twitter.com\/NOTMERCEDINAS","twitter_site":"@notmercedinas","twitter_misc":{"Escrito por":"Cristian Falabella NOTICIASMERCEDINAS.COM","Tiempo de lectura":"2 minutos"},"schema":{"@context":"https:\/\/schema.org","@graph":[{"@type":"Article","@id":"https:\/\/noticiasmercedinas.com\/site\/2019\/03\/01\/profesionales-de-la-salud-preparan-jornada-nacional-de-lucha\/#article","isPartOf":{"@id":"https:\/\/noticiasmercedinas.com\/site\/2019\/03\/01\/profesionales-de-la-salud-preparan-jornada-nacional-de-lucha\/"},"author":{"name":"Cristian Falabella NOTICIASMERCEDINAS.COM","@id":"https:\/\/noticiasmercedinas.com\/site\/#\/schema\/person\/d481a9696a5feaec13a60e2bbd991a6a"},"headline":"Profesionales de la salud preparan jornada nacional de lucha","datePublished":"2019-03-01T21:14:57+00:00","mainEntityOfPage":{"@id":"https:\/\/noticiasmercedinas.com\/site\/2019\/03\/01\/profesionales-de-la-salud-preparan-jornada-nacional-de-lucha\/"},"wordCount":498,"commentCount":0,"publisher":{"@id":"https:\/\/noticiasmercedinas.com\/site\/#organization"},"image":{"@id":"https:\/\/noticiasmercedinas.com\/site\/2019\/03\/01\/profesionales-de-la-salud-preparan-jornada-nacional-de-lucha\/#primaryimage"},"thumbnailUrl":"https:\/\/noticiasmercedinas.com\/site\/wp-content\/uploads\/2019\/03\/ec24dc61-7abb-47b9-8766-c5a90746bae8.jpg","keywords":["Cicop","CTA A","fesprosa","Hernan Rivero","hospitales","medicos","paro","salud"],"articleSection":["Sociedad"],"inLanguage":"es","potentialAction":[{"@type":"CommentAction","name":"Comment","target":["https:\/\/noticiasmercedinas.com\/site\/2019\/03\/01\/profesionales-de-la-salud-preparan-jornada-nacional-de-lucha\/#respond"]}]},{"@type":"WebPage","@id":"https:\/\/noticiasmercedinas.com\/site\/2019\/03\/01\/profesionales-de-la-salud-preparan-jornada-nacional-de-lucha\/","url":"https:\/\/noticiasmercedinas.com\/site\/2019\/03\/01\/profesionales-de-la-salud-preparan-jornada-nacional-de-lucha\/","name":"Profesionales de la salud preparan jornada nacional de lucha","isPartOf":{"@id":"https:\/\/noticiasmercedinas.com\/site\/#website"},"primaryImageOfPage":{"@id":"https:\/\/noticiasmercedinas.com\/site\/2019\/03\/01\/profesionales-de-la-salud-preparan-jornada-nacional-de-lucha\/#primaryimage"},"image":{"@id":"https:\/\/noticiasmercedinas.com\/site\/2019\/03\/01\/profesionales-de-la-salud-preparan-jornada-nacional-de-lucha\/#primaryimage"},"thumbnailUrl":"https:\/\/noticiasmercedinas.com\/site\/wp-content\/uploads\/2019\/03\/ec24dc61-7abb-47b9-8766-c5a90746bae8.jpg","datePublished":"2019-03-01T21:14:57+00:00","breadcrumb":{"@id":"https:\/\/noticiasmercedinas.com\/site\/2019\/03\/01\/profesionales-de-la-salud-preparan-jornada-nacional-de-lucha\/#breadcrumb"},"inLanguage":"es","potentialAction":[{"@type":"ReadAction","target":["https:\/\/noticiasmercedinas.com\/site\/2019\/03\/01\/profesionales-de-la-salud-preparan-jornada-nacional-de-lucha\/"]}]},{"@type":"ImageObject","inLanguage":"es","@id":"https:\/\/noticiasmercedinas.com\/site\/2019\/03\/01\/profesionales-de-la-salud-preparan-jornada-nacional-de-lucha\/#primaryimage","url":"https:\/\/noticiasmercedinas.com\/site\/wp-content\/uploads\/2019\/03\/ec24dc61-7abb-47b9-8766-c5a90746bae8.jpg","contentUrl":"https:\/\/noticiasmercedinas.com\/site\/wp-content\/uploads\/2019\/03\/ec24dc61-7abb-47b9-8766-c5a90746bae8.jpg","width":989,"height":1280},{"@type":"BreadcrumbList","@id":"https:\/\/noticiasmercedinas.com\/site\/2019\/03\/01\/profesionales-de-la-salud-preparan-jornada-nacional-de-lucha\/#breadcrumb","itemListElement":[{"@type":"ListItem","position":1,"name":"Portada","item":"https:\/\/noticiasmercedinas.com\/site\/"},{"@type":"ListItem","position":2,"name":"Profesionales de la salud preparan jornada nacional de lucha"}]},{"@type":"WebSite","@id":"https:\/\/noticiasmercedinas.com\/site\/#website","url":"https:\/\/noticiasmercedinas.com\/site\/","name":"NOTICIASMERCEDINAS.COM","description":"Mercedes, Buenos Aires, Argentina","publisher":{"@id":"https:\/\/noticiasmercedinas.com\/site\/#organization"},"potentialAction":[{"@type":"SearchAction","target":{"@type":"EntryPoint","urlTemplate":"https:\/\/noticiasmercedinas.com\/site\/?s={search_term_string}"},"query-input":{"@type":"PropertyValueSpecification","valueRequired":true,"valueName":"search_term_string"}}],"inLanguage":"es"},{"@type":"Organization","@id":"https:\/\/noticiasmercedinas.com\/site\/#organization","name":"NOTICIASMERCEDINAS.COM","url":"https:\/\/noticiasmercedinas.com\/site\/","logo":{"@type":"ImageObject","inLanguage":"es","@id":"https:\/\/noticiasmercedinas.com\/site\/#\/schema\/logo\/image\/","url":"https:\/\/noticiasmercedinas.com\/site\/wp-content\/uploads\/2020\/06\/LOGO-512.jpg","contentUrl":"https:\/\/noticiasmercedinas.com\/site\/wp-content\/uploads\/2020\/06\/LOGO-512.jpg","width":512,"height":512,"caption":"NOTICIASMERCEDINAS.COM"},"image":{"@id":"https:\/\/noticiasmercedinas.com\/site\/#\/schema\/logo\/image\/"},"sameAs":["https:\/\/www.facebook.com\/noticiasmercedinas\/","https:\/\/x.com\/notmercedinas","https:\/\/www.instagram.com\/noticiasmercedinas\/"]},{"@type":"Person","@id":"https:\/\/noticiasmercedinas.com\/site\/#\/schema\/person\/d481a9696a5feaec13a60e2bbd991a6a","name":"Cristian Falabella NOTICIASMERCEDINAS.COM","image":{"@type":"ImageObject","inLanguage":"es","@id":"https:\/\/secure.gravatar.com\/avatar\/0dbbfc45970cc46bcd0e57766228574ff3511d6eed045b182f536f0f478c1f06?s=96&d=mm&r=g","url":"https:\/\/secure.gravatar.com\/avatar\/0dbbfc45970cc46bcd0e57766228574ff3511d6eed045b182f536f0f478c1f06?s=96&d=mm&r=g","contentUrl":"https:\/\/secure.gravatar.com\/avatar\/0dbbfc45970cc46bcd0e57766228574ff3511d6eed045b182f536f0f478c1f06?s=96&d=mm&r=g","caption":"Cristian Falabella NOTICIASMERCEDINAS.COM"},"description":"Periodista, editor de Noticias Mercedinas. Pas\u00f3 por varias redacciones y emprendimientos de prensa, en distintos formatos y \u00e9pocas. Se especializ\u00f3 --y sigue haci\u00e9ndolo-- en comunicaci\u00f3n en la web y en junio de 2006 fund\u00f3 este diario digital.","sameAs":["https:\/\/noticiasmercedinas.com","https:\/\/www.facebook.com\/cristian.falabella","https:\/\/www.instagram.com\/noticiasmercedinas\/","https:\/\/x.com\/https:\/\/twitter.com\/NOTMERCEDINAS"],"url":"https:\/\/noticiasmercedinas.com\/site\/author\/as000384\/"}]}},"amp_enabled":true,"_links":{"self":[{"href":"https:\/\/noticiasmercedinas.com\/site\/wp-json\/wp\/v2\/posts\/13126","targetHints":{"allow":["GET"]}}],"collection":[{"href":"https:\/\/noticiasmercedinas.com\/site\/wp-json\/wp\/v2\/posts"}],"about":[{"href":"https:\/\/noticiasmercedinas.com\/site\/wp-json\/wp\/v2\/types\/post"}],"author":[{"embeddable":true,"href":"https:\/\/noticiasmercedinas.com\/site\/wp-json\/wp\/v2\/users\/2"}],"replies":[{"embeddable":true,"href":"https:\/\/noticiasmercedinas.com\/site\/wp-json\/wp\/v2\/comments?post=13126"}],"version-history":[{"count":1,"href":"https:\/\/noticiasmercedinas.com\/site\/wp-json\/wp\/v2\/posts\/13126\/revisions"}],"predecessor-version":[{"id":13129,"href":"https:\/\/noticiasmercedinas.com\/site\/wp-json\/wp\/v2\/posts\/13126\/revisions\/13129"}],"wp:featuredmedia":[{"embeddable":true,"href":"https:\/\/noticiasmercedinas.com\/site\/wp-json\/wp\/v2\/media\/13127"}],"wp:attachment":[{"href":"https:\/\/noticiasmercedinas.com\/site\/wp-json\/wp\/v2\/media?parent=13126"}],"wp:term":[{"taxonomy":"category","embeddable":true,"href":"https:\/\/noticiasmercedinas.com\/site\/wp-json\/wp\/v2\/categories?post=13126"},{"taxonomy":"post_tag","embeddable":true,"href":"https:\/\/noticiasmercedinas.com\/site\/wp-json\/wp\/v2\/tags?post=13126"}],"curies":[{"name":"wp","href":"https:\/\/api.w.org\/{rel}","templated":true}]}}