{"id":131377,"date":"2024-02-26T20:11:20","date_gmt":"2024-02-26T23:11:20","guid":{"rendered":"https:\/\/noticiasmercedinas.com\/site\/?p=131377"},"modified":"2024-02-26T20:11:20","modified_gmt":"2024-02-26T23:11:20","slug":"jorge-mehaudy-y-hector-romero-fusionan-flamenco-y-musica-sefardi-y-daran-espectaculo-sin-precedentes","status":"publish","type":"post","link":"https:\/\/noticiasmercedinas.com\/site\/2024\/02\/26\/jorge-mehaudy-y-hector-romero-fusionan-flamenco-y-musica-sefardi-y-daran-espectaculo-sin-precedentes\/","title":{"rendered":"Jorge Mehaudy y H\u00e9ctor Romero fusionan flamenco y m\u00fasica sefard\u00ed y dar\u00e1n espect\u00e1culo sin precedentes"},"content":{"rendered":"<p><img loading=\"lazy\" decoding=\"async\" class=\"alignnone size-large wp-image-131378\" src=\"https:\/\/noticiasmercedinas.com\/site\/wp-content\/uploads\/2024\/02\/MM-1024x723.jpg\" alt=\"\" width=\"640\" height=\"452\" srcset=\"https:\/\/noticiasmercedinas.com\/site\/wp-content\/uploads\/2024\/02\/MM-1024x723.jpg 1024w, https:\/\/noticiasmercedinas.com\/site\/wp-content\/uploads\/2024\/02\/MM-300x212.jpg 300w, https:\/\/noticiasmercedinas.com\/site\/wp-content\/uploads\/2024\/02\/MM-768x542.jpg 768w, https:\/\/noticiasmercedinas.com\/site\/wp-content\/uploads\/2024\/02\/MM-1536x1085.jpg 1536w, https:\/\/noticiasmercedinas.com\/site\/wp-content\/uploads\/2024\/02\/MM-640x452.jpg 640w, https:\/\/noticiasmercedinas.com\/site\/wp-content\/uploads\/2024\/02\/MM-1280x904.jpg 1280w, https:\/\/noticiasmercedinas.com\/site\/wp-content\/uploads\/2024\/02\/MM-681x481.jpg 681w, https:\/\/noticiasmercedinas.com\/site\/wp-content\/uploads\/2024\/02\/MM-1362x962.jpg 1362w, https:\/\/noticiasmercedinas.com\/site\/wp-content\/uploads\/2024\/02\/MM.jpg 2048w\" sizes=\"auto, (max-width: 640px) 100vw, 640px\" \/><\/p>\n<p>El pr\u00f3ximo 2 de marzo, el Centro Cultural La Trocha se convertir\u00e1 en el escenario de un evento cultural sin igual con la presentaci\u00f3n de<strong> \u00abRomero \/ Mehaudy, Flamenco Sefarad\u00ed\u00bb<\/strong>. Esta exquisita fusi\u00f3n de flamenco y m\u00fasica sefard\u00ed promete transportar a la audiencia a trav\u00e9s de los ritmos y melod\u00edas ancestrales, en una noche que quedar\u00e1 grabada en la memoria de todos los asistentes.<\/p>\n<p>En una entrevista exclusiva realizada por Susana Spano en Radio F\u00e9nix, <strong>Jorge Mehaudy<\/strong>, el reconocido cantautor a cargo de este proyecto, comparti\u00f3 detalles sobre lo que se avecina.<\/p>\n<p>Con entusiasmo palpable en su voz, Mehaudy describi\u00f3 la magnitud y la belleza de este espect\u00e1culo que une dos tradiciones musicales tan ricas y distintivas.<\/p>\n<p>\u00abEs una combinaci\u00f3n m\u00e1s que atractiva para todos los que nos gusta la buena m\u00fasica\u00bb, expres\u00f3 Mehaudy durante la entrevista, destacando la profunda conexi\u00f3n que existe entre el flamenco y la m\u00fasica sefard\u00ed.<\/p>\n<p>Con m\u00e1s de 15 a\u00f1os de colaboraci\u00f3n con H\u00e9ctor Romero, reconocido guitarrista de flamenco, Mehaudy describi\u00f3 la evoluci\u00f3n y la magia que se experimenta en el escenario cuando estos dos talentos se unen.<\/p>\n<p>El elenco de artistas no deja lugar a dudas sobre la calidad y el profesionalismo que caracterizar\u00e1n a este espect\u00e1culo. Desde la talentosa bailaora Carmen Mesa hasta el virtuoso percusionista Marcelo Giorgione, pasando por la bailarina de m\u00fasica oriental Eve Riquelme y el grupo de percusi\u00f3n \u00abDrum Ritmia\u00bb, cada miembro del elenco aporta su propia chispa y pasi\u00f3n a la noche.<\/p>\n<p>La entrevista tambi\u00e9n revel\u00f3 el compromiso social detr\u00e1s del evento, con la colaboraci\u00f3n de la escuela de folclore de la Municipalidad, cuyo servicio de cantina beneficiar\u00e1 a la comunidad local.<\/p>\n<p>Con una gira por distintas comunidades en el horizonte y la promesa de nuevas canciones en camino, Jorge Mehaudy se prepara para llevar su m\u00fasica a lo largo y ancho del pa\u00eds. Pero antes de eso, el 2 de marzo, invita a todos los amantes de la m\u00fasica y la cultura a ser parte de este espect\u00e1culo \u00fanico en La Trocha, donde el arte y la tradici\u00f3n se unir\u00e1n en una noche inolvidable.<\/p>\n<p>Este evento es m\u00e1s que un concierto; es un encuentro con la historia y la pasi\u00f3n de dos tradiciones musicales que, a pesar de sus diferencias, encuentran su armon\u00eda en el escenario. Una experiencia trascendental que promete emocionar, inspirar y transportar a todos los presentes<\/p>\n<p><iframe loading=\"lazy\" title=\"Entrevista exclusiva de Susana Spano a Jorge Mehaudy,\" width=\"640\" height=\"480\" src=\"https:\/\/www.youtube.com\/embed\/tdN4yL7Ymek?feature=oembed\" frameborder=\"0\" allow=\"accelerometer; autoplay; clipboard-write; encrypted-media; gyroscope; picture-in-picture; web-share\" referrerpolicy=\"strict-origin-when-cross-origin\" allowfullscreen><\/iframe><\/p>\n","protected":false},"excerpt":{"rendered":"<p>\u25a0 El pr\u00f3ximo 2 de marzo, el Centro Cultural La Trocha se convertir\u00e1 en el escenario de un evento cultural sin igual con la presentaci\u00f3n de \u00abRomero \/ Mehaudy, Flamenco Sefarad\u00ed\u00bb<\/p>\n","protected":false},"author":16,"featured_media":131378,"comment_status":"closed","ping_status":"closed","sticky":false,"template":"","format":"standard","meta":{"footnotes":""},"categories":[4],"tags":[290,17970],"class_list":["post-131377","post","type-post","status-publish","format-standard","has-post-thumbnail","hentry","category-cultura","tag-jorge-mehaudy","tag-musica-sefaradi"],"yoast_head":"<!-- This site is optimized with the Yoast SEO plugin v27.4 - https:\/\/yoast.com\/product\/yoast-seo-wordpress\/ -->\n<title>Jorge Mehaudy y H\u00e9ctor Romero fusionan flamenco y m\u00fasica sefard\u00ed y dar\u00e1n espect\u00e1culo sin precedentes<\/title>\n<meta name=\"robots\" content=\"index, follow, max-snippet:-1, max-image-preview:large, max-video-preview:-1\" \/>\n<link rel=\"canonical\" href=\"https:\/\/noticiasmercedinas.com\/site\/2024\/02\/26\/jorge-mehaudy-y-hector-romero-fusionan-flamenco-y-musica-sefardi-y-daran-espectaculo-sin-precedentes\/\" \/>\n<meta property=\"og:locale\" content=\"es_ES\" \/>\n<meta property=\"og:type\" content=\"article\" \/>\n<meta property=\"og:title\" content=\"Jorge Mehaudy y H\u00e9ctor Romero fusionan flamenco y m\u00fasica sefard\u00ed y dar\u00e1n espect\u00e1culo sin precedentes\" \/>\n<meta property=\"og:description\" content=\"\u25a0 El pr\u00f3ximo 2 de marzo, el Centro Cultural La Trocha se convertir\u00e1 en el escenario de un evento cultural sin igual con la presentaci\u00f3n de &quot;Romero \/ Mehaudy, Flamenco Sefarad\u00ed&quot;\" \/>\n<meta property=\"og:url\" content=\"https:\/\/noticiasmercedinas.com\/site\/2024\/02\/26\/jorge-mehaudy-y-hector-romero-fusionan-flamenco-y-musica-sefardi-y-daran-espectaculo-sin-precedentes\/\" \/>\n<meta property=\"og:site_name\" content=\"NOTICIASMERCEDINAS.COM\" \/>\n<meta property=\"article:publisher\" content=\"https:\/\/www.facebook.com\/noticiasmercedinas\/\" \/>\n<meta property=\"article:published_time\" content=\"2024-02-26T23:11:20+00:00\" \/>\n<meta property=\"og:image\" content=\"https:\/\/noticiasmercedinas.com\/site\/wp-content\/uploads\/2024\/02\/MM.jpg\" \/>\n\t<meta property=\"og:image:width\" content=\"2048\" \/>\n\t<meta property=\"og:image:height\" content=\"1446\" \/>\n\t<meta property=\"og:image:type\" content=\"image\/jpeg\" \/>\n<meta name=\"author\" content=\"NOTICIASMERCEDINAS.COM\" \/>\n<meta name=\"twitter:card\" content=\"summary_large_image\" \/>\n<meta name=\"twitter:creator\" content=\"@notmercedinas\" \/>\n<meta name=\"twitter:site\" content=\"@notmercedinas\" \/>\n<meta name=\"twitter:label1\" content=\"Escrito por\" \/>\n\t<meta name=\"twitter:data1\" content=\"NOTICIASMERCEDINAS.COM\" \/>\n\t<meta name=\"twitter:label2\" content=\"Tiempo de lectura\" \/>\n\t<meta name=\"twitter:data2\" content=\"3 minutos\" \/>\n<script type=\"application\/ld+json\" class=\"yoast-schema-graph\">{\"@context\":\"https:\\\/\\\/schema.org\",\"@graph\":[{\"@type\":\"Article\",\"@id\":\"https:\\\/\\\/noticiasmercedinas.com\\\/site\\\/2024\\\/02\\\/26\\\/jorge-mehaudy-y-hector-romero-fusionan-flamenco-y-musica-sefardi-y-daran-espectaculo-sin-precedentes\\\/#article\",\"isPartOf\":{\"@id\":\"https:\\\/\\\/noticiasmercedinas.com\\\/site\\\/2024\\\/02\\\/26\\\/jorge-mehaudy-y-hector-romero-fusionan-flamenco-y-musica-sefardi-y-daran-espectaculo-sin-precedentes\\\/\"},\"author\":{\"name\":\"NOTICIASMERCEDINAS.COM\",\"@id\":\"https:\\\/\\\/noticiasmercedinas.com\\\/site\\\/#\\\/schema\\\/person\\\/84b59c099c28ff2e8b77d4ceec5d8063\"},\"headline\":\"Jorge Mehaudy y H\u00e9ctor Romero fusionan flamenco y m\u00fasica sefard\u00ed y dar\u00e1n espect\u00e1culo sin precedentes\",\"datePublished\":\"2024-02-26T23:11:20+00:00\",\"mainEntityOfPage\":{\"@id\":\"https:\\\/\\\/noticiasmercedinas.com\\\/site\\\/2024\\\/02\\\/26\\\/jorge-mehaudy-y-hector-romero-fusionan-flamenco-y-musica-sefardi-y-daran-espectaculo-sin-precedentes\\\/\"},\"wordCount\":451,\"publisher\":{\"@id\":\"https:\\\/\\\/noticiasmercedinas.com\\\/site\\\/#organization\"},\"image\":{\"@id\":\"https:\\\/\\\/noticiasmercedinas.com\\\/site\\\/2024\\\/02\\\/26\\\/jorge-mehaudy-y-hector-romero-fusionan-flamenco-y-musica-sefardi-y-daran-espectaculo-sin-precedentes\\\/#primaryimage\"},\"thumbnailUrl\":\"https:\\\/\\\/noticiasmercedinas.com\\\/site\\\/wp-content\\\/uploads\\\/2024\\\/02\\\/MM.jpg\",\"keywords\":[\"jorge mehaudy\",\"musica sefaradi\"],\"articleSection\":[\"Cultura\"],\"inLanguage\":\"es\"},{\"@type\":\"WebPage\",\"@id\":\"https:\\\/\\\/noticiasmercedinas.com\\\/site\\\/2024\\\/02\\\/26\\\/jorge-mehaudy-y-hector-romero-fusionan-flamenco-y-musica-sefardi-y-daran-espectaculo-sin-precedentes\\\/\",\"url\":\"https:\\\/\\\/noticiasmercedinas.com\\\/site\\\/2024\\\/02\\\/26\\\/jorge-mehaudy-y-hector-romero-fusionan-flamenco-y-musica-sefardi-y-daran-espectaculo-sin-precedentes\\\/\",\"name\":\"Jorge Mehaudy y H\u00e9ctor Romero fusionan flamenco y m\u00fasica sefard\u00ed y dar\u00e1n espect\u00e1culo sin precedentes\",\"isPartOf\":{\"@id\":\"https:\\\/\\\/noticiasmercedinas.com\\\/site\\\/#website\"},\"primaryImageOfPage\":{\"@id\":\"https:\\\/\\\/noticiasmercedinas.com\\\/site\\\/2024\\\/02\\\/26\\\/jorge-mehaudy-y-hector-romero-fusionan-flamenco-y-musica-sefardi-y-daran-espectaculo-sin-precedentes\\\/#primaryimage\"},\"image\":{\"@id\":\"https:\\\/\\\/noticiasmercedinas.com\\\/site\\\/2024\\\/02\\\/26\\\/jorge-mehaudy-y-hector-romero-fusionan-flamenco-y-musica-sefardi-y-daran-espectaculo-sin-precedentes\\\/#primaryimage\"},\"thumbnailUrl\":\"https:\\\/\\\/noticiasmercedinas.com\\\/site\\\/wp-content\\\/uploads\\\/2024\\\/02\\\/MM.jpg\",\"datePublished\":\"2024-02-26T23:11:20+00:00\",\"breadcrumb\":{\"@id\":\"https:\\\/\\\/noticiasmercedinas.com\\\/site\\\/2024\\\/02\\\/26\\\/jorge-mehaudy-y-hector-romero-fusionan-flamenco-y-musica-sefardi-y-daran-espectaculo-sin-precedentes\\\/#breadcrumb\"},\"inLanguage\":\"es\",\"potentialAction\":[{\"@type\":\"ReadAction\",\"target\":[\"https:\\\/\\\/noticiasmercedinas.com\\\/site\\\/2024\\\/02\\\/26\\\/jorge-mehaudy-y-hector-romero-fusionan-flamenco-y-musica-sefardi-y-daran-espectaculo-sin-precedentes\\\/\"]}]},{\"@type\":\"ImageObject\",\"inLanguage\":\"es\",\"@id\":\"https:\\\/\\\/noticiasmercedinas.com\\\/site\\\/2024\\\/02\\\/26\\\/jorge-mehaudy-y-hector-romero-fusionan-flamenco-y-musica-sefardi-y-daran-espectaculo-sin-precedentes\\\/#primaryimage\",\"url\":\"https:\\\/\\\/noticiasmercedinas.com\\\/site\\\/wp-content\\\/uploads\\\/2024\\\/02\\\/MM.jpg\",\"contentUrl\":\"https:\\\/\\\/noticiasmercedinas.com\\\/site\\\/wp-content\\\/uploads\\\/2024\\\/02\\\/MM.jpg\",\"width\":2048,\"height\":1446},{\"@type\":\"BreadcrumbList\",\"@id\":\"https:\\\/\\\/noticiasmercedinas.com\\\/site\\\/2024\\\/02\\\/26\\\/jorge-mehaudy-y-hector-romero-fusionan-flamenco-y-musica-sefardi-y-daran-espectaculo-sin-precedentes\\\/#breadcrumb\",\"itemListElement\":[{\"@type\":\"ListItem\",\"position\":1,\"name\":\"Portada\",\"item\":\"https:\\\/\\\/noticiasmercedinas.com\\\/site\\\/\"},{\"@type\":\"ListItem\",\"position\":2,\"name\":\"Jorge Mehaudy y H\u00e9ctor Romero fusionan flamenco y m\u00fasica sefard\u00ed y dar\u00e1n espect\u00e1culo sin precedentes\"}]},{\"@type\":\"WebSite\",\"@id\":\"https:\\\/\\\/noticiasmercedinas.com\\\/site\\\/#website\",\"url\":\"https:\\\/\\\/noticiasmercedinas.com\\\/site\\\/\",\"name\":\"NOTICIASMERCEDINAS.COM\",\"description\":\"Mercedes, Buenos Aires, Argentina\",\"publisher\":{\"@id\":\"https:\\\/\\\/noticiasmercedinas.com\\\/site\\\/#organization\"},\"potentialAction\":[{\"@type\":\"SearchAction\",\"target\":{\"@type\":\"EntryPoint\",\"urlTemplate\":\"https:\\\/\\\/noticiasmercedinas.com\\\/site\\\/?s={search_term_string}\"},\"query-input\":{\"@type\":\"PropertyValueSpecification\",\"valueRequired\":true,\"valueName\":\"search_term_string\"}}],\"inLanguage\":\"es\"},{\"@type\":\"Organization\",\"@id\":\"https:\\\/\\\/noticiasmercedinas.com\\\/site\\\/#organization\",\"name\":\"NOTICIASMERCEDINAS.COM\",\"url\":\"https:\\\/\\\/noticiasmercedinas.com\\\/site\\\/\",\"logo\":{\"@type\":\"ImageObject\",\"inLanguage\":\"es\",\"@id\":\"https:\\\/\\\/noticiasmercedinas.com\\\/site\\\/#\\\/schema\\\/logo\\\/image\\\/\",\"url\":\"https:\\\/\\\/noticiasmercedinas.com\\\/site\\\/wp-content\\\/uploads\\\/2020\\\/06\\\/LOGO-512.jpg\",\"contentUrl\":\"https:\\\/\\\/noticiasmercedinas.com\\\/site\\\/wp-content\\\/uploads\\\/2020\\\/06\\\/LOGO-512.jpg\",\"width\":512,\"height\":512,\"caption\":\"NOTICIASMERCEDINAS.COM\"},\"image\":{\"@id\":\"https:\\\/\\\/noticiasmercedinas.com\\\/site\\\/#\\\/schema\\\/logo\\\/image\\\/\"},\"sameAs\":[\"https:\\\/\\\/www.facebook.com\\\/noticiasmercedinas\\\/\",\"https:\\\/\\\/x.com\\\/notmercedinas\",\"https:\\\/\\\/www.instagram.com\\\/noticiasmercedinas\\\/\"]},{\"@type\":\"Person\",\"@id\":\"https:\\\/\\\/noticiasmercedinas.com\\\/site\\\/#\\\/schema\\\/person\\\/84b59c099c28ff2e8b77d4ceec5d8063\",\"name\":\"NOTICIASMERCEDINAS.COM\",\"image\":{\"@type\":\"ImageObject\",\"inLanguage\":\"es\",\"@id\":\"https:\\\/\\\/secure.gravatar.com\\\/avatar\\\/4dfbf16b4d17945bfb6341b2d19043457132fcf478a5ee04f42e959fd8f5df0a?s=96&d=mm&r=g\",\"url\":\"https:\\\/\\\/secure.gravatar.com\\\/avatar\\\/4dfbf16b4d17945bfb6341b2d19043457132fcf478a5ee04f42e959fd8f5df0a?s=96&d=mm&r=g\",\"contentUrl\":\"https:\\\/\\\/secure.gravatar.com\\\/avatar\\\/4dfbf16b4d17945bfb6341b2d19043457132fcf478a5ee04f42e959fd8f5df0a?s=96&d=mm&r=g\",\"caption\":\"NOTICIASMERCEDINAS.COM\"},\"url\":\"https:\\\/\\\/noticiasmercedinas.com\\\/site\\\/author\\\/anonimo\\\/\"}]}<\/script>\n<!-- \/ Yoast SEO plugin. -->","yoast_head_json":{"title":"Jorge Mehaudy y H\u00e9ctor Romero fusionan flamenco y m\u00fasica sefard\u00ed y dar\u00e1n espect\u00e1culo sin precedentes","robots":{"index":"index","follow":"follow","max-snippet":"max-snippet:-1","max-image-preview":"max-image-preview:large","max-video-preview":"max-video-preview:-1"},"canonical":"https:\/\/noticiasmercedinas.com\/site\/2024\/02\/26\/jorge-mehaudy-y-hector-romero-fusionan-flamenco-y-musica-sefardi-y-daran-espectaculo-sin-precedentes\/","og_locale":"es_ES","og_type":"article","og_title":"Jorge Mehaudy y H\u00e9ctor Romero fusionan flamenco y m\u00fasica sefard\u00ed y dar\u00e1n espect\u00e1culo sin precedentes","og_description":"\u25a0 El pr\u00f3ximo 2 de marzo, el Centro Cultural La Trocha se convertir\u00e1 en el escenario de un evento cultural sin igual con la presentaci\u00f3n de \"Romero \/ Mehaudy, Flamenco Sefarad\u00ed\"","og_url":"https:\/\/noticiasmercedinas.com\/site\/2024\/02\/26\/jorge-mehaudy-y-hector-romero-fusionan-flamenco-y-musica-sefardi-y-daran-espectaculo-sin-precedentes\/","og_site_name":"NOTICIASMERCEDINAS.COM","article_publisher":"https:\/\/www.facebook.com\/noticiasmercedinas\/","article_published_time":"2024-02-26T23:11:20+00:00","og_image":[{"width":2048,"height":1446,"url":"https:\/\/noticiasmercedinas.com\/site\/wp-content\/uploads\/2024\/02\/MM.jpg","type":"image\/jpeg"}],"author":"NOTICIASMERCEDINAS.COM","twitter_card":"summary_large_image","twitter_creator":"@notmercedinas","twitter_site":"@notmercedinas","twitter_misc":{"Escrito por":"NOTICIASMERCEDINAS.COM","Tiempo de lectura":"3 minutos"},"schema":{"@context":"https:\/\/schema.org","@graph":[{"@type":"Article","@id":"https:\/\/noticiasmercedinas.com\/site\/2024\/02\/26\/jorge-mehaudy-y-hector-romero-fusionan-flamenco-y-musica-sefardi-y-daran-espectaculo-sin-precedentes\/#article","isPartOf":{"@id":"https:\/\/noticiasmercedinas.com\/site\/2024\/02\/26\/jorge-mehaudy-y-hector-romero-fusionan-flamenco-y-musica-sefardi-y-daran-espectaculo-sin-precedentes\/"},"author":{"name":"NOTICIASMERCEDINAS.COM","@id":"https:\/\/noticiasmercedinas.com\/site\/#\/schema\/person\/84b59c099c28ff2e8b77d4ceec5d8063"},"headline":"Jorge Mehaudy y H\u00e9ctor Romero fusionan flamenco y m\u00fasica sefard\u00ed y dar\u00e1n espect\u00e1culo sin precedentes","datePublished":"2024-02-26T23:11:20+00:00","mainEntityOfPage":{"@id":"https:\/\/noticiasmercedinas.com\/site\/2024\/02\/26\/jorge-mehaudy-y-hector-romero-fusionan-flamenco-y-musica-sefardi-y-daran-espectaculo-sin-precedentes\/"},"wordCount":451,"publisher":{"@id":"https:\/\/noticiasmercedinas.com\/site\/#organization"},"image":{"@id":"https:\/\/noticiasmercedinas.com\/site\/2024\/02\/26\/jorge-mehaudy-y-hector-romero-fusionan-flamenco-y-musica-sefardi-y-daran-espectaculo-sin-precedentes\/#primaryimage"},"thumbnailUrl":"https:\/\/noticiasmercedinas.com\/site\/wp-content\/uploads\/2024\/02\/MM.jpg","keywords":["jorge mehaudy","musica sefaradi"],"articleSection":["Cultura"],"inLanguage":"es"},{"@type":"WebPage","@id":"https:\/\/noticiasmercedinas.com\/site\/2024\/02\/26\/jorge-mehaudy-y-hector-romero-fusionan-flamenco-y-musica-sefardi-y-daran-espectaculo-sin-precedentes\/","url":"https:\/\/noticiasmercedinas.com\/site\/2024\/02\/26\/jorge-mehaudy-y-hector-romero-fusionan-flamenco-y-musica-sefardi-y-daran-espectaculo-sin-precedentes\/","name":"Jorge Mehaudy y H\u00e9ctor Romero fusionan flamenco y m\u00fasica sefard\u00ed y dar\u00e1n espect\u00e1culo sin precedentes","isPartOf":{"@id":"https:\/\/noticiasmercedinas.com\/site\/#website"},"primaryImageOfPage":{"@id":"https:\/\/noticiasmercedinas.com\/site\/2024\/02\/26\/jorge-mehaudy-y-hector-romero-fusionan-flamenco-y-musica-sefardi-y-daran-espectaculo-sin-precedentes\/#primaryimage"},"image":{"@id":"https:\/\/noticiasmercedinas.com\/site\/2024\/02\/26\/jorge-mehaudy-y-hector-romero-fusionan-flamenco-y-musica-sefardi-y-daran-espectaculo-sin-precedentes\/#primaryimage"},"thumbnailUrl":"https:\/\/noticiasmercedinas.com\/site\/wp-content\/uploads\/2024\/02\/MM.jpg","datePublished":"2024-02-26T23:11:20+00:00","breadcrumb":{"@id":"https:\/\/noticiasmercedinas.com\/site\/2024\/02\/26\/jorge-mehaudy-y-hector-romero-fusionan-flamenco-y-musica-sefardi-y-daran-espectaculo-sin-precedentes\/#breadcrumb"},"inLanguage":"es","potentialAction":[{"@type":"ReadAction","target":["https:\/\/noticiasmercedinas.com\/site\/2024\/02\/26\/jorge-mehaudy-y-hector-romero-fusionan-flamenco-y-musica-sefardi-y-daran-espectaculo-sin-precedentes\/"]}]},{"@type":"ImageObject","inLanguage":"es","@id":"https:\/\/noticiasmercedinas.com\/site\/2024\/02\/26\/jorge-mehaudy-y-hector-romero-fusionan-flamenco-y-musica-sefardi-y-daran-espectaculo-sin-precedentes\/#primaryimage","url":"https:\/\/noticiasmercedinas.com\/site\/wp-content\/uploads\/2024\/02\/MM.jpg","contentUrl":"https:\/\/noticiasmercedinas.com\/site\/wp-content\/uploads\/2024\/02\/MM.jpg","width":2048,"height":1446},{"@type":"BreadcrumbList","@id":"https:\/\/noticiasmercedinas.com\/site\/2024\/02\/26\/jorge-mehaudy-y-hector-romero-fusionan-flamenco-y-musica-sefardi-y-daran-espectaculo-sin-precedentes\/#breadcrumb","itemListElement":[{"@type":"ListItem","position":1,"name":"Portada","item":"https:\/\/noticiasmercedinas.com\/site\/"},{"@type":"ListItem","position":2,"name":"Jorge Mehaudy y H\u00e9ctor Romero fusionan flamenco y m\u00fasica sefard\u00ed y dar\u00e1n espect\u00e1culo sin precedentes"}]},{"@type":"WebSite","@id":"https:\/\/noticiasmercedinas.com\/site\/#website","url":"https:\/\/noticiasmercedinas.com\/site\/","name":"NOTICIASMERCEDINAS.COM","description":"Mercedes, Buenos Aires, Argentina","publisher":{"@id":"https:\/\/noticiasmercedinas.com\/site\/#organization"},"potentialAction":[{"@type":"SearchAction","target":{"@type":"EntryPoint","urlTemplate":"https:\/\/noticiasmercedinas.com\/site\/?s={search_term_string}"},"query-input":{"@type":"PropertyValueSpecification","valueRequired":true,"valueName":"search_term_string"}}],"inLanguage":"es"},{"@type":"Organization","@id":"https:\/\/noticiasmercedinas.com\/site\/#organization","name":"NOTICIASMERCEDINAS.COM","url":"https:\/\/noticiasmercedinas.com\/site\/","logo":{"@type":"ImageObject","inLanguage":"es","@id":"https:\/\/noticiasmercedinas.com\/site\/#\/schema\/logo\/image\/","url":"https:\/\/noticiasmercedinas.com\/site\/wp-content\/uploads\/2020\/06\/LOGO-512.jpg","contentUrl":"https:\/\/noticiasmercedinas.com\/site\/wp-content\/uploads\/2020\/06\/LOGO-512.jpg","width":512,"height":512,"caption":"NOTICIASMERCEDINAS.COM"},"image":{"@id":"https:\/\/noticiasmercedinas.com\/site\/#\/schema\/logo\/image\/"},"sameAs":["https:\/\/www.facebook.com\/noticiasmercedinas\/","https:\/\/x.com\/notmercedinas","https:\/\/www.instagram.com\/noticiasmercedinas\/"]},{"@type":"Person","@id":"https:\/\/noticiasmercedinas.com\/site\/#\/schema\/person\/84b59c099c28ff2e8b77d4ceec5d8063","name":"NOTICIASMERCEDINAS.COM","image":{"@type":"ImageObject","inLanguage":"es","@id":"https:\/\/secure.gravatar.com\/avatar\/4dfbf16b4d17945bfb6341b2d19043457132fcf478a5ee04f42e959fd8f5df0a?s=96&d=mm&r=g","url":"https:\/\/secure.gravatar.com\/avatar\/4dfbf16b4d17945bfb6341b2d19043457132fcf478a5ee04f42e959fd8f5df0a?s=96&d=mm&r=g","contentUrl":"https:\/\/secure.gravatar.com\/avatar\/4dfbf16b4d17945bfb6341b2d19043457132fcf478a5ee04f42e959fd8f5df0a?s=96&d=mm&r=g","caption":"NOTICIASMERCEDINAS.COM"},"url":"https:\/\/noticiasmercedinas.com\/site\/author\/anonimo\/"}]}},"amp_enabled":true,"_links":{"self":[{"href":"https:\/\/noticiasmercedinas.com\/site\/wp-json\/wp\/v2\/posts\/131377","targetHints":{"allow":["GET"]}}],"collection":[{"href":"https:\/\/noticiasmercedinas.com\/site\/wp-json\/wp\/v2\/posts"}],"about":[{"href":"https:\/\/noticiasmercedinas.com\/site\/wp-json\/wp\/v2\/types\/post"}],"author":[{"embeddable":true,"href":"https:\/\/noticiasmercedinas.com\/site\/wp-json\/wp\/v2\/users\/16"}],"replies":[{"embeddable":true,"href":"https:\/\/noticiasmercedinas.com\/site\/wp-json\/wp\/v2\/comments?post=131377"}],"version-history":[{"count":1,"href":"https:\/\/noticiasmercedinas.com\/site\/wp-json\/wp\/v2\/posts\/131377\/revisions"}],"predecessor-version":[{"id":131379,"href":"https:\/\/noticiasmercedinas.com\/site\/wp-json\/wp\/v2\/posts\/131377\/revisions\/131379"}],"wp:featuredmedia":[{"embeddable":true,"href":"https:\/\/noticiasmercedinas.com\/site\/wp-json\/wp\/v2\/media\/131378"}],"wp:attachment":[{"href":"https:\/\/noticiasmercedinas.com\/site\/wp-json\/wp\/v2\/media?parent=131377"}],"wp:term":[{"taxonomy":"category","embeddable":true,"href":"https:\/\/noticiasmercedinas.com\/site\/wp-json\/wp\/v2\/categories?post=131377"},{"taxonomy":"post_tag","embeddable":true,"href":"https:\/\/noticiasmercedinas.com\/site\/wp-json\/wp\/v2\/tags?post=131377"}],"curies":[{"name":"wp","href":"https:\/\/api.w.org\/{rel}","templated":true}]}}