{"id":131401,"date":"2024-02-27T09:01:56","date_gmt":"2024-02-27T12:01:56","guid":{"rendered":"https:\/\/noticiasmercedinas.com\/site\/?p=131401"},"modified":"2024-02-27T09:01:56","modified_gmt":"2024-02-27T12:01:56","slug":"aventura-y-desarrollo-personal-en-los-scouts-de-mercedes-invitan-a-anotarse","status":"publish","type":"post","link":"https:\/\/noticiasmercedinas.com\/site\/2024\/02\/27\/aventura-y-desarrollo-personal-en-los-scouts-de-mercedes-invitan-a-anotarse\/","title":{"rendered":"Aventura y desarrollo personal en los Scouts de Mercedes: invitan a anotarse"},"content":{"rendered":"<p><img loading=\"lazy\" decoding=\"async\" class=\"alignnone size-full wp-image-131402\" src=\"https:\/\/noticiasmercedinas.com\/site\/wp-content\/uploads\/2024\/02\/scouts.jpg\" alt=\"\" width=\"787\" height=\"833\" srcset=\"https:\/\/noticiasmercedinas.com\/site\/wp-content\/uploads\/2024\/02\/scouts.jpg 787w, https:\/\/noticiasmercedinas.com\/site\/wp-content\/uploads\/2024\/02\/scouts-283x300.jpg 283w, https:\/\/noticiasmercedinas.com\/site\/wp-content\/uploads\/2024\/02\/scouts-768x813.jpg 768w, https:\/\/noticiasmercedinas.com\/site\/wp-content\/uploads\/2024\/02\/scouts-640x677.jpg 640w, https:\/\/noticiasmercedinas.com\/site\/wp-content\/uploads\/2024\/02\/scouts-681x721.jpg 681w\" sizes=\"auto, (max-width: 787px) 100vw, 787px\" \/><\/p>\n<p>En busca de promover el crecimiento personal, el contacto con la naturaleza y el aprendizaje de habilidades fundamentales, los Scouts de Mercedes est\u00e1n abriendo sus puertas para nuevos miembros este a\u00f1o.<\/p>\n<p>Con una amplia gama de actividades que van desde la vida en la naturaleza hasta el liderazgo y los primeros auxilios, el Grupo Scout San Vicente de Paul y el Grupo Scout Aprisco est\u00e1n listos para recibir a j\u00f3venes aventureros.<\/p>\n<p>Bajo el lema \u00ab\u00a1Empieza el a\u00f1o con una aventura!\u00bb, los Scouts ofrecen oportunidades para aprender sobre la vida al aire libre, el arte de los bosques, la cabuyer\u00eda y la autosuficiencia, entre muchas otras habilidades valiosas. Desde excursiones en la naturaleza hasta actividades pr\u00e1cticas de supervivencia, los Scouts de Mercedes est\u00e1n comprometidos con el desarrollo integral de sus miembros.<\/p>\n<p>El Grupo Scout San Vicente de Paul se encuentra disponible en el n\u00famero 2324-551068\/562065, ubicado en la calle 26 bis esquina 103, mientras que el Grupo Scout Aprisco est\u00e1 disponible en el n\u00famero 2324-697321, ubicado en las calles 22 bis y esquina 109.<\/p>\n<p>Para aquellos que buscan una manera emocionante de comenzar el a\u00f1o y embarcarse en una experiencia \u00fanica llena de aprendizaje y diversi\u00f3n, los Scouts de Mercedes ofrecen una oportunidad que no se puede dejar pasar.<\/p>\n","protected":false},"excerpt":{"rendered":"<p>En busca de promover el crecimiento personal, el contacto con la naturaleza y el aprendizaje de habilidades fundamentales, los Scouts de Mercedes est\u00e1n abriendo sus puertas para nuevos miembros este a\u00f1o. Con una amplia gama de actividades que van desde la vida en la naturaleza hasta el liderazgo y los primeros auxilios, el Grupo Scout [&hellip;]<\/p>\n","protected":false},"author":16,"featured_media":131402,"comment_status":"closed","ping_status":"closed","sticky":false,"template":"","format":"standard","meta":{"footnotes":""},"categories":[8992],"tags":[23,4777],"class_list":["post-131401","post","type-post","status-publish","format-standard","has-post-thumbnail","hentry","category-bienestar","tag-mercedes","tag-scouts"],"yoast_head":"<!-- This site is optimized with the Yoast SEO plugin v27.5 - https:\/\/yoast.com\/product\/yoast-seo-wordpress\/ -->\n<title>Aventura y desarrollo personal en los Scouts de Mercedes: invitan a anotarse<\/title>\n<meta name=\"robots\" content=\"index, follow, max-snippet:-1, max-image-preview:large, max-video-preview:-1\" \/>\n<link rel=\"canonical\" href=\"https:\/\/noticiasmercedinas.com\/site\/2024\/02\/27\/aventura-y-desarrollo-personal-en-los-scouts-de-mercedes-invitan-a-anotarse\/\" \/>\n<meta property=\"og:locale\" content=\"es_ES\" \/>\n<meta property=\"og:type\" content=\"article\" \/>\n<meta property=\"og:title\" content=\"Aventura y desarrollo personal en los Scouts de Mercedes: invitan a anotarse\" \/>\n<meta property=\"og:description\" content=\"En busca de promover el crecimiento personal, el contacto con la naturaleza y el aprendizaje de habilidades fundamentales, los Scouts de Mercedes est\u00e1n abriendo sus puertas para nuevos miembros este a\u00f1o. Con una amplia gama de actividades que van desde la vida en la naturaleza hasta el liderazgo y los primeros auxilios, el Grupo Scout [&hellip;]\" \/>\n<meta property=\"og:url\" content=\"https:\/\/noticiasmercedinas.com\/site\/2024\/02\/27\/aventura-y-desarrollo-personal-en-los-scouts-de-mercedes-invitan-a-anotarse\/\" \/>\n<meta property=\"og:site_name\" content=\"NOTICIASMERCEDINAS.COM\" \/>\n<meta property=\"article:publisher\" content=\"https:\/\/www.facebook.com\/noticiasmercedinas\/\" \/>\n<meta property=\"article:published_time\" content=\"2024-02-27T12:01:56+00:00\" \/>\n<meta property=\"og:image\" content=\"https:\/\/noticiasmercedinas.com\/site\/wp-content\/uploads\/2024\/02\/scouts.jpg\" \/>\n\t<meta property=\"og:image:width\" content=\"787\" \/>\n\t<meta property=\"og:image:height\" content=\"833\" \/>\n\t<meta property=\"og:image:type\" content=\"image\/jpeg\" \/>\n<meta name=\"author\" content=\"NOTICIASMERCEDINAS.COM\" \/>\n<meta name=\"twitter:card\" content=\"summary_large_image\" \/>\n<meta name=\"twitter:creator\" content=\"@notmercedinas\" \/>\n<meta name=\"twitter:site\" content=\"@notmercedinas\" \/>\n<meta name=\"twitter:label1\" content=\"Escrito por\" \/>\n\t<meta name=\"twitter:data1\" content=\"NOTICIASMERCEDINAS.COM\" \/>\n\t<meta name=\"twitter:label2\" content=\"Tiempo de lectura\" \/>\n\t<meta name=\"twitter:data2\" content=\"2 minutos\" \/>\n<script type=\"application\/ld+json\" class=\"yoast-schema-graph\">{\"@context\":\"https:\\\/\\\/schema.org\",\"@graph\":[{\"@type\":\"Article\",\"@id\":\"https:\\\/\\\/noticiasmercedinas.com\\\/site\\\/2024\\\/02\\\/27\\\/aventura-y-desarrollo-personal-en-los-scouts-de-mercedes-invitan-a-anotarse\\\/#article\",\"isPartOf\":{\"@id\":\"https:\\\/\\\/noticiasmercedinas.com\\\/site\\\/2024\\\/02\\\/27\\\/aventura-y-desarrollo-personal-en-los-scouts-de-mercedes-invitan-a-anotarse\\\/\"},\"author\":{\"name\":\"NOTICIASMERCEDINAS.COM\",\"@id\":\"https:\\\/\\\/noticiasmercedinas.com\\\/site\\\/#\\\/schema\\\/person\\\/84b59c099c28ff2e8b77d4ceec5d8063\"},\"headline\":\"Aventura y desarrollo personal en los Scouts de Mercedes: invitan a anotarse\",\"datePublished\":\"2024-02-27T12:01:56+00:00\",\"mainEntityOfPage\":{\"@id\":\"https:\\\/\\\/noticiasmercedinas.com\\\/site\\\/2024\\\/02\\\/27\\\/aventura-y-desarrollo-personal-en-los-scouts-de-mercedes-invitan-a-anotarse\\\/\"},\"wordCount\":228,\"publisher\":{\"@id\":\"https:\\\/\\\/noticiasmercedinas.com\\\/site\\\/#organization\"},\"image\":{\"@id\":\"https:\\\/\\\/noticiasmercedinas.com\\\/site\\\/2024\\\/02\\\/27\\\/aventura-y-desarrollo-personal-en-los-scouts-de-mercedes-invitan-a-anotarse\\\/#primaryimage\"},\"thumbnailUrl\":\"https:\\\/\\\/noticiasmercedinas.com\\\/site\\\/wp-content\\\/uploads\\\/2024\\\/02\\\/scouts.jpg\",\"keywords\":[\"mercedes\",\"scouts\"],\"articleSection\":[\"Bienestar\"],\"inLanguage\":\"es\"},{\"@type\":\"WebPage\",\"@id\":\"https:\\\/\\\/noticiasmercedinas.com\\\/site\\\/2024\\\/02\\\/27\\\/aventura-y-desarrollo-personal-en-los-scouts-de-mercedes-invitan-a-anotarse\\\/\",\"url\":\"https:\\\/\\\/noticiasmercedinas.com\\\/site\\\/2024\\\/02\\\/27\\\/aventura-y-desarrollo-personal-en-los-scouts-de-mercedes-invitan-a-anotarse\\\/\",\"name\":\"Aventura y desarrollo personal en los Scouts de Mercedes: invitan a anotarse\",\"isPartOf\":{\"@id\":\"https:\\\/\\\/noticiasmercedinas.com\\\/site\\\/#website\"},\"primaryImageOfPage\":{\"@id\":\"https:\\\/\\\/noticiasmercedinas.com\\\/site\\\/2024\\\/02\\\/27\\\/aventura-y-desarrollo-personal-en-los-scouts-de-mercedes-invitan-a-anotarse\\\/#primaryimage\"},\"image\":{\"@id\":\"https:\\\/\\\/noticiasmercedinas.com\\\/site\\\/2024\\\/02\\\/27\\\/aventura-y-desarrollo-personal-en-los-scouts-de-mercedes-invitan-a-anotarse\\\/#primaryimage\"},\"thumbnailUrl\":\"https:\\\/\\\/noticiasmercedinas.com\\\/site\\\/wp-content\\\/uploads\\\/2024\\\/02\\\/scouts.jpg\",\"datePublished\":\"2024-02-27T12:01:56+00:00\",\"breadcrumb\":{\"@id\":\"https:\\\/\\\/noticiasmercedinas.com\\\/site\\\/2024\\\/02\\\/27\\\/aventura-y-desarrollo-personal-en-los-scouts-de-mercedes-invitan-a-anotarse\\\/#breadcrumb\"},\"inLanguage\":\"es\",\"potentialAction\":[{\"@type\":\"ReadAction\",\"target\":[\"https:\\\/\\\/noticiasmercedinas.com\\\/site\\\/2024\\\/02\\\/27\\\/aventura-y-desarrollo-personal-en-los-scouts-de-mercedes-invitan-a-anotarse\\\/\"]}]},{\"@type\":\"ImageObject\",\"inLanguage\":\"es\",\"@id\":\"https:\\\/\\\/noticiasmercedinas.com\\\/site\\\/2024\\\/02\\\/27\\\/aventura-y-desarrollo-personal-en-los-scouts-de-mercedes-invitan-a-anotarse\\\/#primaryimage\",\"url\":\"https:\\\/\\\/noticiasmercedinas.com\\\/site\\\/wp-content\\\/uploads\\\/2024\\\/02\\\/scouts.jpg\",\"contentUrl\":\"https:\\\/\\\/noticiasmercedinas.com\\\/site\\\/wp-content\\\/uploads\\\/2024\\\/02\\\/scouts.jpg\",\"width\":787,\"height\":833},{\"@type\":\"BreadcrumbList\",\"@id\":\"https:\\\/\\\/noticiasmercedinas.com\\\/site\\\/2024\\\/02\\\/27\\\/aventura-y-desarrollo-personal-en-los-scouts-de-mercedes-invitan-a-anotarse\\\/#breadcrumb\",\"itemListElement\":[{\"@type\":\"ListItem\",\"position\":1,\"name\":\"Portada\",\"item\":\"https:\\\/\\\/noticiasmercedinas.com\\\/site\\\/\"},{\"@type\":\"ListItem\",\"position\":2,\"name\":\"Aventura y desarrollo personal en los Scouts de Mercedes: invitan a anotarse\"}]},{\"@type\":\"WebSite\",\"@id\":\"https:\\\/\\\/noticiasmercedinas.com\\\/site\\\/#website\",\"url\":\"https:\\\/\\\/noticiasmercedinas.com\\\/site\\\/\",\"name\":\"NOTICIASMERCEDINAS.COM\",\"description\":\"Mercedes, Buenos Aires, Argentina\",\"publisher\":{\"@id\":\"https:\\\/\\\/noticiasmercedinas.com\\\/site\\\/#organization\"},\"potentialAction\":[{\"@type\":\"SearchAction\",\"target\":{\"@type\":\"EntryPoint\",\"urlTemplate\":\"https:\\\/\\\/noticiasmercedinas.com\\\/site\\\/?s={search_term_string}\"},\"query-input\":{\"@type\":\"PropertyValueSpecification\",\"valueRequired\":true,\"valueName\":\"search_term_string\"}}],\"inLanguage\":\"es\"},{\"@type\":\"Organization\",\"@id\":\"https:\\\/\\\/noticiasmercedinas.com\\\/site\\\/#organization\",\"name\":\"NOTICIASMERCEDINAS.COM\",\"url\":\"https:\\\/\\\/noticiasmercedinas.com\\\/site\\\/\",\"logo\":{\"@type\":\"ImageObject\",\"inLanguage\":\"es\",\"@id\":\"https:\\\/\\\/noticiasmercedinas.com\\\/site\\\/#\\\/schema\\\/logo\\\/image\\\/\",\"url\":\"https:\\\/\\\/noticiasmercedinas.com\\\/site\\\/wp-content\\\/uploads\\\/2020\\\/06\\\/LOGO-512.jpg\",\"contentUrl\":\"https:\\\/\\\/noticiasmercedinas.com\\\/site\\\/wp-content\\\/uploads\\\/2020\\\/06\\\/LOGO-512.jpg\",\"width\":512,\"height\":512,\"caption\":\"NOTICIASMERCEDINAS.COM\"},\"image\":{\"@id\":\"https:\\\/\\\/noticiasmercedinas.com\\\/site\\\/#\\\/schema\\\/logo\\\/image\\\/\"},\"sameAs\":[\"https:\\\/\\\/www.facebook.com\\\/noticiasmercedinas\\\/\",\"https:\\\/\\\/x.com\\\/notmercedinas\",\"https:\\\/\\\/www.instagram.com\\\/noticiasmercedinas\\\/\"]},{\"@type\":\"Person\",\"@id\":\"https:\\\/\\\/noticiasmercedinas.com\\\/site\\\/#\\\/schema\\\/person\\\/84b59c099c28ff2e8b77d4ceec5d8063\",\"name\":\"NOTICIASMERCEDINAS.COM\",\"image\":{\"@type\":\"ImageObject\",\"inLanguage\":\"es\",\"@id\":\"https:\\\/\\\/secure.gravatar.com\\\/avatar\\\/4dfbf16b4d17945bfb6341b2d19043457132fcf478a5ee04f42e959fd8f5df0a?s=96&d=mm&r=g\",\"url\":\"https:\\\/\\\/secure.gravatar.com\\\/avatar\\\/4dfbf16b4d17945bfb6341b2d19043457132fcf478a5ee04f42e959fd8f5df0a?s=96&d=mm&r=g\",\"contentUrl\":\"https:\\\/\\\/secure.gravatar.com\\\/avatar\\\/4dfbf16b4d17945bfb6341b2d19043457132fcf478a5ee04f42e959fd8f5df0a?s=96&d=mm&r=g\",\"caption\":\"NOTICIASMERCEDINAS.COM\"},\"url\":\"https:\\\/\\\/noticiasmercedinas.com\\\/site\\\/author\\\/anonimo\\\/\"}]}<\/script>\n<!-- \/ Yoast SEO plugin. -->","yoast_head_json":{"title":"Aventura y desarrollo personal en los Scouts de Mercedes: invitan a anotarse","robots":{"index":"index","follow":"follow","max-snippet":"max-snippet:-1","max-image-preview":"max-image-preview:large","max-video-preview":"max-video-preview:-1"},"canonical":"https:\/\/noticiasmercedinas.com\/site\/2024\/02\/27\/aventura-y-desarrollo-personal-en-los-scouts-de-mercedes-invitan-a-anotarse\/","og_locale":"es_ES","og_type":"article","og_title":"Aventura y desarrollo personal en los Scouts de Mercedes: invitan a anotarse","og_description":"En busca de promover el crecimiento personal, el contacto con la naturaleza y el aprendizaje de habilidades fundamentales, los Scouts de Mercedes est\u00e1n abriendo sus puertas para nuevos miembros este a\u00f1o. Con una amplia gama de actividades que van desde la vida en la naturaleza hasta el liderazgo y los primeros auxilios, el Grupo Scout [&hellip;]","og_url":"https:\/\/noticiasmercedinas.com\/site\/2024\/02\/27\/aventura-y-desarrollo-personal-en-los-scouts-de-mercedes-invitan-a-anotarse\/","og_site_name":"NOTICIASMERCEDINAS.COM","article_publisher":"https:\/\/www.facebook.com\/noticiasmercedinas\/","article_published_time":"2024-02-27T12:01:56+00:00","og_image":[{"width":787,"height":833,"url":"https:\/\/noticiasmercedinas.com\/site\/wp-content\/uploads\/2024\/02\/scouts.jpg","type":"image\/jpeg"}],"author":"NOTICIASMERCEDINAS.COM","twitter_card":"summary_large_image","twitter_creator":"@notmercedinas","twitter_site":"@notmercedinas","twitter_misc":{"Escrito por":"NOTICIASMERCEDINAS.COM","Tiempo de lectura":"2 minutos"},"schema":{"@context":"https:\/\/schema.org","@graph":[{"@type":"Article","@id":"https:\/\/noticiasmercedinas.com\/site\/2024\/02\/27\/aventura-y-desarrollo-personal-en-los-scouts-de-mercedes-invitan-a-anotarse\/#article","isPartOf":{"@id":"https:\/\/noticiasmercedinas.com\/site\/2024\/02\/27\/aventura-y-desarrollo-personal-en-los-scouts-de-mercedes-invitan-a-anotarse\/"},"author":{"name":"NOTICIASMERCEDINAS.COM","@id":"https:\/\/noticiasmercedinas.com\/site\/#\/schema\/person\/84b59c099c28ff2e8b77d4ceec5d8063"},"headline":"Aventura y desarrollo personal en los Scouts de Mercedes: invitan a anotarse","datePublished":"2024-02-27T12:01:56+00:00","mainEntityOfPage":{"@id":"https:\/\/noticiasmercedinas.com\/site\/2024\/02\/27\/aventura-y-desarrollo-personal-en-los-scouts-de-mercedes-invitan-a-anotarse\/"},"wordCount":228,"publisher":{"@id":"https:\/\/noticiasmercedinas.com\/site\/#organization"},"image":{"@id":"https:\/\/noticiasmercedinas.com\/site\/2024\/02\/27\/aventura-y-desarrollo-personal-en-los-scouts-de-mercedes-invitan-a-anotarse\/#primaryimage"},"thumbnailUrl":"https:\/\/noticiasmercedinas.com\/site\/wp-content\/uploads\/2024\/02\/scouts.jpg","keywords":["mercedes","scouts"],"articleSection":["Bienestar"],"inLanguage":"es"},{"@type":"WebPage","@id":"https:\/\/noticiasmercedinas.com\/site\/2024\/02\/27\/aventura-y-desarrollo-personal-en-los-scouts-de-mercedes-invitan-a-anotarse\/","url":"https:\/\/noticiasmercedinas.com\/site\/2024\/02\/27\/aventura-y-desarrollo-personal-en-los-scouts-de-mercedes-invitan-a-anotarse\/","name":"Aventura y desarrollo personal en los Scouts de Mercedes: invitan a anotarse","isPartOf":{"@id":"https:\/\/noticiasmercedinas.com\/site\/#website"},"primaryImageOfPage":{"@id":"https:\/\/noticiasmercedinas.com\/site\/2024\/02\/27\/aventura-y-desarrollo-personal-en-los-scouts-de-mercedes-invitan-a-anotarse\/#primaryimage"},"image":{"@id":"https:\/\/noticiasmercedinas.com\/site\/2024\/02\/27\/aventura-y-desarrollo-personal-en-los-scouts-de-mercedes-invitan-a-anotarse\/#primaryimage"},"thumbnailUrl":"https:\/\/noticiasmercedinas.com\/site\/wp-content\/uploads\/2024\/02\/scouts.jpg","datePublished":"2024-02-27T12:01:56+00:00","breadcrumb":{"@id":"https:\/\/noticiasmercedinas.com\/site\/2024\/02\/27\/aventura-y-desarrollo-personal-en-los-scouts-de-mercedes-invitan-a-anotarse\/#breadcrumb"},"inLanguage":"es","potentialAction":[{"@type":"ReadAction","target":["https:\/\/noticiasmercedinas.com\/site\/2024\/02\/27\/aventura-y-desarrollo-personal-en-los-scouts-de-mercedes-invitan-a-anotarse\/"]}]},{"@type":"ImageObject","inLanguage":"es","@id":"https:\/\/noticiasmercedinas.com\/site\/2024\/02\/27\/aventura-y-desarrollo-personal-en-los-scouts-de-mercedes-invitan-a-anotarse\/#primaryimage","url":"https:\/\/noticiasmercedinas.com\/site\/wp-content\/uploads\/2024\/02\/scouts.jpg","contentUrl":"https:\/\/noticiasmercedinas.com\/site\/wp-content\/uploads\/2024\/02\/scouts.jpg","width":787,"height":833},{"@type":"BreadcrumbList","@id":"https:\/\/noticiasmercedinas.com\/site\/2024\/02\/27\/aventura-y-desarrollo-personal-en-los-scouts-de-mercedes-invitan-a-anotarse\/#breadcrumb","itemListElement":[{"@type":"ListItem","position":1,"name":"Portada","item":"https:\/\/noticiasmercedinas.com\/site\/"},{"@type":"ListItem","position":2,"name":"Aventura y desarrollo personal en los Scouts de Mercedes: invitan a anotarse"}]},{"@type":"WebSite","@id":"https:\/\/noticiasmercedinas.com\/site\/#website","url":"https:\/\/noticiasmercedinas.com\/site\/","name":"NOTICIASMERCEDINAS.COM","description":"Mercedes, Buenos Aires, Argentina","publisher":{"@id":"https:\/\/noticiasmercedinas.com\/site\/#organization"},"potentialAction":[{"@type":"SearchAction","target":{"@type":"EntryPoint","urlTemplate":"https:\/\/noticiasmercedinas.com\/site\/?s={search_term_string}"},"query-input":{"@type":"PropertyValueSpecification","valueRequired":true,"valueName":"search_term_string"}}],"inLanguage":"es"},{"@type":"Organization","@id":"https:\/\/noticiasmercedinas.com\/site\/#organization","name":"NOTICIASMERCEDINAS.COM","url":"https:\/\/noticiasmercedinas.com\/site\/","logo":{"@type":"ImageObject","inLanguage":"es","@id":"https:\/\/noticiasmercedinas.com\/site\/#\/schema\/logo\/image\/","url":"https:\/\/noticiasmercedinas.com\/site\/wp-content\/uploads\/2020\/06\/LOGO-512.jpg","contentUrl":"https:\/\/noticiasmercedinas.com\/site\/wp-content\/uploads\/2020\/06\/LOGO-512.jpg","width":512,"height":512,"caption":"NOTICIASMERCEDINAS.COM"},"image":{"@id":"https:\/\/noticiasmercedinas.com\/site\/#\/schema\/logo\/image\/"},"sameAs":["https:\/\/www.facebook.com\/noticiasmercedinas\/","https:\/\/x.com\/notmercedinas","https:\/\/www.instagram.com\/noticiasmercedinas\/"]},{"@type":"Person","@id":"https:\/\/noticiasmercedinas.com\/site\/#\/schema\/person\/84b59c099c28ff2e8b77d4ceec5d8063","name":"NOTICIASMERCEDINAS.COM","image":{"@type":"ImageObject","inLanguage":"es","@id":"https:\/\/secure.gravatar.com\/avatar\/4dfbf16b4d17945bfb6341b2d19043457132fcf478a5ee04f42e959fd8f5df0a?s=96&d=mm&r=g","url":"https:\/\/secure.gravatar.com\/avatar\/4dfbf16b4d17945bfb6341b2d19043457132fcf478a5ee04f42e959fd8f5df0a?s=96&d=mm&r=g","contentUrl":"https:\/\/secure.gravatar.com\/avatar\/4dfbf16b4d17945bfb6341b2d19043457132fcf478a5ee04f42e959fd8f5df0a?s=96&d=mm&r=g","caption":"NOTICIASMERCEDINAS.COM"},"url":"https:\/\/noticiasmercedinas.com\/site\/author\/anonimo\/"}]}},"amp_enabled":true,"_links":{"self":[{"href":"https:\/\/noticiasmercedinas.com\/site\/wp-json\/wp\/v2\/posts\/131401","targetHints":{"allow":["GET"]}}],"collection":[{"href":"https:\/\/noticiasmercedinas.com\/site\/wp-json\/wp\/v2\/posts"}],"about":[{"href":"https:\/\/noticiasmercedinas.com\/site\/wp-json\/wp\/v2\/types\/post"}],"author":[{"embeddable":true,"href":"https:\/\/noticiasmercedinas.com\/site\/wp-json\/wp\/v2\/users\/16"}],"replies":[{"embeddable":true,"href":"https:\/\/noticiasmercedinas.com\/site\/wp-json\/wp\/v2\/comments?post=131401"}],"version-history":[{"count":1,"href":"https:\/\/noticiasmercedinas.com\/site\/wp-json\/wp\/v2\/posts\/131401\/revisions"}],"predecessor-version":[{"id":131403,"href":"https:\/\/noticiasmercedinas.com\/site\/wp-json\/wp\/v2\/posts\/131401\/revisions\/131403"}],"wp:featuredmedia":[{"embeddable":true,"href":"https:\/\/noticiasmercedinas.com\/site\/wp-json\/wp\/v2\/media\/131402"}],"wp:attachment":[{"href":"https:\/\/noticiasmercedinas.com\/site\/wp-json\/wp\/v2\/media?parent=131401"}],"wp:term":[{"taxonomy":"category","embeddable":true,"href":"https:\/\/noticiasmercedinas.com\/site\/wp-json\/wp\/v2\/categories?post=131401"},{"taxonomy":"post_tag","embeddable":true,"href":"https:\/\/noticiasmercedinas.com\/site\/wp-json\/wp\/v2\/tags?post=131401"}],"curies":[{"name":"wp","href":"https:\/\/api.w.org\/{rel}","templated":true}]}}