{"id":131426,"date":"2024-02-27T16:43:56","date_gmt":"2024-02-27T19:43:56","guid":{"rendered":"https:\/\/noticiasmercedinas.com\/site\/?p=131426"},"modified":"2024-02-27T16:43:56","modified_gmt":"2024-02-27T19:43:56","slug":"repotenciacion-de-la-estacion-transformadora-invitan-a-la-participacion-ciudadana-en-mercedes","status":"publish","type":"post","link":"https:\/\/noticiasmercedinas.com\/site\/2024\/02\/27\/repotenciacion-de-la-estacion-transformadora-invitan-a-la-participacion-ciudadana-en-mercedes\/","title":{"rendered":"Repotenciaci\u00f3n de la Estaci\u00f3n Transformadora: invitan a la participaci\u00f3n ciudadana en Mercedes"},"content":{"rendered":"<p><img loading=\"lazy\" decoding=\"async\" class=\"alignnone size-full wp-image-131431\" src=\"https:\/\/noticiasmercedinas.com\/site\/wp-content\/uploads\/2024\/02\/EIA.jpg\" alt=\"\" width=\"733\" height=\"482\" srcset=\"https:\/\/noticiasmercedinas.com\/site\/wp-content\/uploads\/2024\/02\/EIA.jpg 733w, https:\/\/noticiasmercedinas.com\/site\/wp-content\/uploads\/2024\/02\/EIA-300x197.jpg 300w, https:\/\/noticiasmercedinas.com\/site\/wp-content\/uploads\/2024\/02\/EIA-640x421.jpg 640w, https:\/\/noticiasmercedinas.com\/site\/wp-content\/uploads\/2024\/02\/EIA-681x448.jpg 681w\" sizes=\"auto, (max-width: 733px) 100vw, 733px\" \/><\/p>\n<p>El Ministerio de Ambiente de la provincia de Buenos Aires informa que se encuentra abierta la instancia de participaci\u00f3n p\u00fablica para la obra \u201cRepotenciaci\u00f3n de la Estaci\u00f3n Transformadora (ET)\u201d. El tr\u00e1mite se basa en el otorgamiento de la Declaraci\u00f3n de Impacto Ambiental (DIA) y podr\u00e1n enviarse consultas hasta el 27 de marzo inclusive.<\/p>\n<p>La Direcci\u00f3n Provincial de Evaluaci\u00f3n de Impacto Ambiental es la autoridad a cargo de la decisi\u00f3n ambiental que se abre a participaci\u00f3n. La participaci\u00f3n p\u00fablica estar\u00e1 dividida en tres etapas. En primer lugar, la comunidad accede a la informaci\u00f3n sobre la decisi\u00f3n ambiental en curso. Luego, se formulan las observaciones y se remiten a la autoridad ambiental. Por \u00faltimo, la autoridad ambiental eval\u00faa y considera los aportes para la decisi\u00f3n ambiental.<\/p>\n<figure id=\"attachment_131432\" aria-describedby=\"caption-attachment-131432\" style=\"width: 870px\" class=\"wp-caption alignnone\"><img loading=\"lazy\" decoding=\"async\" class=\"wp-image-131432 size-full\" src=\"https:\/\/noticiasmercedinas.com\/site\/wp-content\/uploads\/2024\/02\/EIA2.jpg\" alt=\"\" width=\"870\" height=\"729\" srcset=\"https:\/\/noticiasmercedinas.com\/site\/wp-content\/uploads\/2024\/02\/EIA2.jpg 870w, https:\/\/noticiasmercedinas.com\/site\/wp-content\/uploads\/2024\/02\/EIA2-300x251.jpg 300w, https:\/\/noticiasmercedinas.com\/site\/wp-content\/uploads\/2024\/02\/EIA2-768x644.jpg 768w, https:\/\/noticiasmercedinas.com\/site\/wp-content\/uploads\/2024\/02\/EIA2-640x536.jpg 640w, https:\/\/noticiasmercedinas.com\/site\/wp-content\/uploads\/2024\/02\/EIA2-681x571.jpg 681w\" sizes=\"auto, (max-width: 870px) 100vw, 870px\" \/><figcaption id=\"caption-attachment-131432\" class=\"wp-caption-text\">\u00c1reas de influencia directa e indirecta de las obras<\/figcaption><\/figure>\n<p>Durante los primeros d\u00edas, la comunidad tendr\u00e1 abierta para su lectura la informaci\u00f3n del citado proyecto, y posteriormente quedar\u00e1 abierta la recepci\u00f3n de observaciones, comentarios y sugerencias sobre el mismo.<\/p>\n<p>La informaci\u00f3n quedar\u00e1 a disposici\u00f3n durante todo el proceso en la p\u00e1gina web del Ministerio:<\/p>\n<p><a href=\"https:\/\/participacionpublica.ambiente.gba.gob.ar\/participacion\/resumen\/Repotenciaci%C3%B3n-de-la-Estaci%C3%B3n-Transformadora-%28ET%29-Mercedes\">https:\/\/participacionpublica.ambiente.gba.gob.ar\/participacion\/resumen\/Repotenciaci%C3%B3n-de-la-Estaci%C3%B3n-Transformadora-%28ET%29-Mercedes<\/a><\/p>\n<p>La participaci\u00f3n de la comunidad, a trav\u00e9s de distintas instancias (consultas y audiencias p\u00fablicas), debe desarrollarse antes de la toma de decisiones administrativas que habiliten proyectos que pudiesen generar impactos significativos sobre el ambiente o la salud.<\/p>\n<p>La participaci\u00f3n p\u00fablica es un derecho de los\/las bonaerenses y un deber del Estado, tanto Nacional como de la Provincia, garantizar el acceso al mismo. Este derecho se reconoce tanto en nuestra legislaci\u00f3n provincial (Ley 11.723 y Ley 12.475), legislaci\u00f3n nacional (Ley 25.675 y Ley 27.275) y en el \u201cAcuerdo de Escaz\u00fa\u201d, que es el primer tratado de derechos humanos en materia ambiental para la regi\u00f3n.<\/p>\n<p><img loading=\"lazy\" decoding=\"async\" class=\"alignnone size-large wp-image-131427\" src=\"https:\/\/noticiasmercedinas.com\/site\/wp-content\/uploads\/2024\/02\/Participacion-Ciudadana-1-1024x1024.jpeg\" alt=\"\" width=\"640\" height=\"640\" srcset=\"https:\/\/noticiasmercedinas.com\/site\/wp-content\/uploads\/2024\/02\/Participacion-Ciudadana-1-1024x1024.jpeg 1024w, https:\/\/noticiasmercedinas.com\/site\/wp-content\/uploads\/2024\/02\/Participacion-Ciudadana-1-300x300.jpeg 300w, https:\/\/noticiasmercedinas.com\/site\/wp-content\/uploads\/2024\/02\/Participacion-Ciudadana-1-150x150.jpeg 150w, https:\/\/noticiasmercedinas.com\/site\/wp-content\/uploads\/2024\/02\/Participacion-Ciudadana-1-768x768.jpeg 768w, https:\/\/noticiasmercedinas.com\/site\/wp-content\/uploads\/2024\/02\/Participacion-Ciudadana-1-640x640.jpeg 640w, https:\/\/noticiasmercedinas.com\/site\/wp-content\/uploads\/2024\/02\/Participacion-Ciudadana-1-681x681.jpeg 681w, https:\/\/noticiasmercedinas.com\/site\/wp-content\/uploads\/2024\/02\/Participacion-Ciudadana-1.jpeg 1280w\" sizes=\"auto, (max-width: 640px) 100vw, 640px\" \/><\/p>\n<p>&nbsp;<\/p>\n","protected":false},"excerpt":{"rendered":"<p>\u25a0 Es para el otorgamiento de la Declaraci\u00f3n de Impacto Ambiental por obras en el predio de 15 y 110 y podr\u00e1n enviarse consultas hasta el 27 de marzo. La autoridad ambiental evaluar\u00e1 y considerar\u00e1 los aportes<\/p>\n","protected":false},"author":16,"featured_media":131431,"comment_status":"closed","ping_status":"closed","sticky":false,"template":"","format":"standard","meta":{"footnotes":""},"categories":[5754,3],"tags":[2819,17974,36,11282],"class_list":["post-131426","post","type-post","status-publish","format-standard","has-post-thumbnail","hentry","category-medio-ambiente","category-sociedad","tag-estacion-transformadora","tag-impacto-ambiental","tag-obras","tag-participacion-ciudadana"],"yoast_head":"<!-- This site is optimized with the Yoast SEO plugin v27.5 - https:\/\/yoast.com\/product\/yoast-seo-wordpress\/ -->\n<title>Repotenciaci\u00f3n de la Estaci\u00f3n Transformadora: invitan a la participaci\u00f3n ciudadana en Mercedes<\/title>\n<meta name=\"robots\" content=\"index, follow, max-snippet:-1, max-image-preview:large, max-video-preview:-1\" \/>\n<link rel=\"canonical\" href=\"https:\/\/noticiasmercedinas.com\/site\/2024\/02\/27\/repotenciacion-de-la-estacion-transformadora-invitan-a-la-participacion-ciudadana-en-mercedes\/\" \/>\n<meta property=\"og:locale\" content=\"es_ES\" \/>\n<meta property=\"og:type\" content=\"article\" \/>\n<meta property=\"og:title\" content=\"Repotenciaci\u00f3n de la Estaci\u00f3n Transformadora: invitan a la participaci\u00f3n ciudadana en Mercedes\" \/>\n<meta property=\"og:description\" content=\"\u25a0 Es para el otorgamiento de la Declaraci\u00f3n de Impacto Ambiental por obras en el predio de 15 y 110 y podr\u00e1n enviarse consultas hasta el 27 de marzo. La autoridad ambiental evaluar\u00e1 y considerar\u00e1 los aportes\" \/>\n<meta property=\"og:url\" content=\"https:\/\/noticiasmercedinas.com\/site\/2024\/02\/27\/repotenciacion-de-la-estacion-transformadora-invitan-a-la-participacion-ciudadana-en-mercedes\/\" \/>\n<meta property=\"og:site_name\" content=\"NOTICIASMERCEDINAS.COM\" \/>\n<meta property=\"article:publisher\" content=\"https:\/\/www.facebook.com\/noticiasmercedinas\/\" \/>\n<meta property=\"article:published_time\" content=\"2024-02-27T19:43:56+00:00\" \/>\n<meta property=\"og:image\" content=\"https:\/\/noticiasmercedinas.com\/site\/wp-content\/uploads\/2024\/02\/EIA.jpg\" \/>\n\t<meta property=\"og:image:width\" content=\"733\" \/>\n\t<meta property=\"og:image:height\" content=\"482\" \/>\n\t<meta property=\"og:image:type\" content=\"image\/jpeg\" \/>\n<meta name=\"author\" content=\"NOTICIASMERCEDINAS.COM\" \/>\n<meta name=\"twitter:card\" content=\"summary_large_image\" \/>\n<meta name=\"twitter:creator\" content=\"@notmercedinas\" \/>\n<meta name=\"twitter:site\" content=\"@notmercedinas\" \/>\n<meta name=\"twitter:label1\" content=\"Escrito por\" \/>\n\t<meta name=\"twitter:data1\" content=\"NOTICIASMERCEDINAS.COM\" \/>\n\t<meta name=\"twitter:label2\" content=\"Tiempo de lectura\" \/>\n\t<meta name=\"twitter:data2\" content=\"3 minutos\" \/>\n<script type=\"application\/ld+json\" class=\"yoast-schema-graph\">{\"@context\":\"https:\\\/\\\/schema.org\",\"@graph\":[{\"@type\":\"Article\",\"@id\":\"https:\\\/\\\/noticiasmercedinas.com\\\/site\\\/2024\\\/02\\\/27\\\/repotenciacion-de-la-estacion-transformadora-invitan-a-la-participacion-ciudadana-en-mercedes\\\/#article\",\"isPartOf\":{\"@id\":\"https:\\\/\\\/noticiasmercedinas.com\\\/site\\\/2024\\\/02\\\/27\\\/repotenciacion-de-la-estacion-transformadora-invitan-a-la-participacion-ciudadana-en-mercedes\\\/\"},\"author\":{\"name\":\"NOTICIASMERCEDINAS.COM\",\"@id\":\"https:\\\/\\\/noticiasmercedinas.com\\\/site\\\/#\\\/schema\\\/person\\\/84b59c099c28ff2e8b77d4ceec5d8063\"},\"headline\":\"Repotenciaci\u00f3n de la Estaci\u00f3n Transformadora: invitan a la participaci\u00f3n ciudadana en Mercedes\",\"datePublished\":\"2024-02-27T19:43:56+00:00\",\"mainEntityOfPage\":{\"@id\":\"https:\\\/\\\/noticiasmercedinas.com\\\/site\\\/2024\\\/02\\\/27\\\/repotenciacion-de-la-estacion-transformadora-invitan-a-la-participacion-ciudadana-en-mercedes\\\/\"},\"wordCount\":348,\"publisher\":{\"@id\":\"https:\\\/\\\/noticiasmercedinas.com\\\/site\\\/#organization\"},\"image\":{\"@id\":\"https:\\\/\\\/noticiasmercedinas.com\\\/site\\\/2024\\\/02\\\/27\\\/repotenciacion-de-la-estacion-transformadora-invitan-a-la-participacion-ciudadana-en-mercedes\\\/#primaryimage\"},\"thumbnailUrl\":\"https:\\\/\\\/noticiasmercedinas.com\\\/site\\\/wp-content\\\/uploads\\\/2024\\\/02\\\/EIA.jpg\",\"keywords\":[\"estacion transformadora\",\"Impacto Ambiental\",\"obras\",\"participacion ciudadana\"],\"articleSection\":[\"Ambiente\",\"Sociedad\"],\"inLanguage\":\"es\"},{\"@type\":\"WebPage\",\"@id\":\"https:\\\/\\\/noticiasmercedinas.com\\\/site\\\/2024\\\/02\\\/27\\\/repotenciacion-de-la-estacion-transformadora-invitan-a-la-participacion-ciudadana-en-mercedes\\\/\",\"url\":\"https:\\\/\\\/noticiasmercedinas.com\\\/site\\\/2024\\\/02\\\/27\\\/repotenciacion-de-la-estacion-transformadora-invitan-a-la-participacion-ciudadana-en-mercedes\\\/\",\"name\":\"Repotenciaci\u00f3n de la Estaci\u00f3n Transformadora: invitan a la participaci\u00f3n ciudadana en Mercedes\",\"isPartOf\":{\"@id\":\"https:\\\/\\\/noticiasmercedinas.com\\\/site\\\/#website\"},\"primaryImageOfPage\":{\"@id\":\"https:\\\/\\\/noticiasmercedinas.com\\\/site\\\/2024\\\/02\\\/27\\\/repotenciacion-de-la-estacion-transformadora-invitan-a-la-participacion-ciudadana-en-mercedes\\\/#primaryimage\"},\"image\":{\"@id\":\"https:\\\/\\\/noticiasmercedinas.com\\\/site\\\/2024\\\/02\\\/27\\\/repotenciacion-de-la-estacion-transformadora-invitan-a-la-participacion-ciudadana-en-mercedes\\\/#primaryimage\"},\"thumbnailUrl\":\"https:\\\/\\\/noticiasmercedinas.com\\\/site\\\/wp-content\\\/uploads\\\/2024\\\/02\\\/EIA.jpg\",\"datePublished\":\"2024-02-27T19:43:56+00:00\",\"breadcrumb\":{\"@id\":\"https:\\\/\\\/noticiasmercedinas.com\\\/site\\\/2024\\\/02\\\/27\\\/repotenciacion-de-la-estacion-transformadora-invitan-a-la-participacion-ciudadana-en-mercedes\\\/#breadcrumb\"},\"inLanguage\":\"es\",\"potentialAction\":[{\"@type\":\"ReadAction\",\"target\":[\"https:\\\/\\\/noticiasmercedinas.com\\\/site\\\/2024\\\/02\\\/27\\\/repotenciacion-de-la-estacion-transformadora-invitan-a-la-participacion-ciudadana-en-mercedes\\\/\"]}]},{\"@type\":\"ImageObject\",\"inLanguage\":\"es\",\"@id\":\"https:\\\/\\\/noticiasmercedinas.com\\\/site\\\/2024\\\/02\\\/27\\\/repotenciacion-de-la-estacion-transformadora-invitan-a-la-participacion-ciudadana-en-mercedes\\\/#primaryimage\",\"url\":\"https:\\\/\\\/noticiasmercedinas.com\\\/site\\\/wp-content\\\/uploads\\\/2024\\\/02\\\/EIA.jpg\",\"contentUrl\":\"https:\\\/\\\/noticiasmercedinas.com\\\/site\\\/wp-content\\\/uploads\\\/2024\\\/02\\\/EIA.jpg\",\"width\":733,\"height\":482},{\"@type\":\"BreadcrumbList\",\"@id\":\"https:\\\/\\\/noticiasmercedinas.com\\\/site\\\/2024\\\/02\\\/27\\\/repotenciacion-de-la-estacion-transformadora-invitan-a-la-participacion-ciudadana-en-mercedes\\\/#breadcrumb\",\"itemListElement\":[{\"@type\":\"ListItem\",\"position\":1,\"name\":\"Portada\",\"item\":\"https:\\\/\\\/noticiasmercedinas.com\\\/site\\\/\"},{\"@type\":\"ListItem\",\"position\":2,\"name\":\"Repotenciaci\u00f3n de la Estaci\u00f3n Transformadora: invitan a la participaci\u00f3n ciudadana en Mercedes\"}]},{\"@type\":\"WebSite\",\"@id\":\"https:\\\/\\\/noticiasmercedinas.com\\\/site\\\/#website\",\"url\":\"https:\\\/\\\/noticiasmercedinas.com\\\/site\\\/\",\"name\":\"NOTICIASMERCEDINAS.COM\",\"description\":\"Mercedes, Buenos Aires, Argentina\",\"publisher\":{\"@id\":\"https:\\\/\\\/noticiasmercedinas.com\\\/site\\\/#organization\"},\"potentialAction\":[{\"@type\":\"SearchAction\",\"target\":{\"@type\":\"EntryPoint\",\"urlTemplate\":\"https:\\\/\\\/noticiasmercedinas.com\\\/site\\\/?s={search_term_string}\"},\"query-input\":{\"@type\":\"PropertyValueSpecification\",\"valueRequired\":true,\"valueName\":\"search_term_string\"}}],\"inLanguage\":\"es\"},{\"@type\":\"Organization\",\"@id\":\"https:\\\/\\\/noticiasmercedinas.com\\\/site\\\/#organization\",\"name\":\"NOTICIASMERCEDINAS.COM\",\"url\":\"https:\\\/\\\/noticiasmercedinas.com\\\/site\\\/\",\"logo\":{\"@type\":\"ImageObject\",\"inLanguage\":\"es\",\"@id\":\"https:\\\/\\\/noticiasmercedinas.com\\\/site\\\/#\\\/schema\\\/logo\\\/image\\\/\",\"url\":\"https:\\\/\\\/noticiasmercedinas.com\\\/site\\\/wp-content\\\/uploads\\\/2020\\\/06\\\/LOGO-512.jpg\",\"contentUrl\":\"https:\\\/\\\/noticiasmercedinas.com\\\/site\\\/wp-content\\\/uploads\\\/2020\\\/06\\\/LOGO-512.jpg\",\"width\":512,\"height\":512,\"caption\":\"NOTICIASMERCEDINAS.COM\"},\"image\":{\"@id\":\"https:\\\/\\\/noticiasmercedinas.com\\\/site\\\/#\\\/schema\\\/logo\\\/image\\\/\"},\"sameAs\":[\"https:\\\/\\\/www.facebook.com\\\/noticiasmercedinas\\\/\",\"https:\\\/\\\/x.com\\\/notmercedinas\",\"https:\\\/\\\/www.instagram.com\\\/noticiasmercedinas\\\/\"]},{\"@type\":\"Person\",\"@id\":\"https:\\\/\\\/noticiasmercedinas.com\\\/site\\\/#\\\/schema\\\/person\\\/84b59c099c28ff2e8b77d4ceec5d8063\",\"name\":\"NOTICIASMERCEDINAS.COM\",\"image\":{\"@type\":\"ImageObject\",\"inLanguage\":\"es\",\"@id\":\"https:\\\/\\\/secure.gravatar.com\\\/avatar\\\/4dfbf16b4d17945bfb6341b2d19043457132fcf478a5ee04f42e959fd8f5df0a?s=96&d=mm&r=g\",\"url\":\"https:\\\/\\\/secure.gravatar.com\\\/avatar\\\/4dfbf16b4d17945bfb6341b2d19043457132fcf478a5ee04f42e959fd8f5df0a?s=96&d=mm&r=g\",\"contentUrl\":\"https:\\\/\\\/secure.gravatar.com\\\/avatar\\\/4dfbf16b4d17945bfb6341b2d19043457132fcf478a5ee04f42e959fd8f5df0a?s=96&d=mm&r=g\",\"caption\":\"NOTICIASMERCEDINAS.COM\"},\"url\":\"https:\\\/\\\/noticiasmercedinas.com\\\/site\\\/author\\\/anonimo\\\/\"}]}<\/script>\n<!-- \/ Yoast SEO plugin. -->","yoast_head_json":{"title":"Repotenciaci\u00f3n de la Estaci\u00f3n Transformadora: invitan a la participaci\u00f3n ciudadana en Mercedes","robots":{"index":"index","follow":"follow","max-snippet":"max-snippet:-1","max-image-preview":"max-image-preview:large","max-video-preview":"max-video-preview:-1"},"canonical":"https:\/\/noticiasmercedinas.com\/site\/2024\/02\/27\/repotenciacion-de-la-estacion-transformadora-invitan-a-la-participacion-ciudadana-en-mercedes\/","og_locale":"es_ES","og_type":"article","og_title":"Repotenciaci\u00f3n de la Estaci\u00f3n Transformadora: invitan a la participaci\u00f3n ciudadana en Mercedes","og_description":"\u25a0 Es para el otorgamiento de la Declaraci\u00f3n de Impacto Ambiental por obras en el predio de 15 y 110 y podr\u00e1n enviarse consultas hasta el 27 de marzo. La autoridad ambiental evaluar\u00e1 y considerar\u00e1 los aportes","og_url":"https:\/\/noticiasmercedinas.com\/site\/2024\/02\/27\/repotenciacion-de-la-estacion-transformadora-invitan-a-la-participacion-ciudadana-en-mercedes\/","og_site_name":"NOTICIASMERCEDINAS.COM","article_publisher":"https:\/\/www.facebook.com\/noticiasmercedinas\/","article_published_time":"2024-02-27T19:43:56+00:00","og_image":[{"width":733,"height":482,"url":"https:\/\/noticiasmercedinas.com\/site\/wp-content\/uploads\/2024\/02\/EIA.jpg","type":"image\/jpeg"}],"author":"NOTICIASMERCEDINAS.COM","twitter_card":"summary_large_image","twitter_creator":"@notmercedinas","twitter_site":"@notmercedinas","twitter_misc":{"Escrito por":"NOTICIASMERCEDINAS.COM","Tiempo de lectura":"3 minutos"},"schema":{"@context":"https:\/\/schema.org","@graph":[{"@type":"Article","@id":"https:\/\/noticiasmercedinas.com\/site\/2024\/02\/27\/repotenciacion-de-la-estacion-transformadora-invitan-a-la-participacion-ciudadana-en-mercedes\/#article","isPartOf":{"@id":"https:\/\/noticiasmercedinas.com\/site\/2024\/02\/27\/repotenciacion-de-la-estacion-transformadora-invitan-a-la-participacion-ciudadana-en-mercedes\/"},"author":{"name":"NOTICIASMERCEDINAS.COM","@id":"https:\/\/noticiasmercedinas.com\/site\/#\/schema\/person\/84b59c099c28ff2e8b77d4ceec5d8063"},"headline":"Repotenciaci\u00f3n de la Estaci\u00f3n Transformadora: invitan a la participaci\u00f3n ciudadana en Mercedes","datePublished":"2024-02-27T19:43:56+00:00","mainEntityOfPage":{"@id":"https:\/\/noticiasmercedinas.com\/site\/2024\/02\/27\/repotenciacion-de-la-estacion-transformadora-invitan-a-la-participacion-ciudadana-en-mercedes\/"},"wordCount":348,"publisher":{"@id":"https:\/\/noticiasmercedinas.com\/site\/#organization"},"image":{"@id":"https:\/\/noticiasmercedinas.com\/site\/2024\/02\/27\/repotenciacion-de-la-estacion-transformadora-invitan-a-la-participacion-ciudadana-en-mercedes\/#primaryimage"},"thumbnailUrl":"https:\/\/noticiasmercedinas.com\/site\/wp-content\/uploads\/2024\/02\/EIA.jpg","keywords":["estacion transformadora","Impacto Ambiental","obras","participacion ciudadana"],"articleSection":["Ambiente","Sociedad"],"inLanguage":"es"},{"@type":"WebPage","@id":"https:\/\/noticiasmercedinas.com\/site\/2024\/02\/27\/repotenciacion-de-la-estacion-transformadora-invitan-a-la-participacion-ciudadana-en-mercedes\/","url":"https:\/\/noticiasmercedinas.com\/site\/2024\/02\/27\/repotenciacion-de-la-estacion-transformadora-invitan-a-la-participacion-ciudadana-en-mercedes\/","name":"Repotenciaci\u00f3n de la Estaci\u00f3n Transformadora: invitan a la participaci\u00f3n ciudadana en Mercedes","isPartOf":{"@id":"https:\/\/noticiasmercedinas.com\/site\/#website"},"primaryImageOfPage":{"@id":"https:\/\/noticiasmercedinas.com\/site\/2024\/02\/27\/repotenciacion-de-la-estacion-transformadora-invitan-a-la-participacion-ciudadana-en-mercedes\/#primaryimage"},"image":{"@id":"https:\/\/noticiasmercedinas.com\/site\/2024\/02\/27\/repotenciacion-de-la-estacion-transformadora-invitan-a-la-participacion-ciudadana-en-mercedes\/#primaryimage"},"thumbnailUrl":"https:\/\/noticiasmercedinas.com\/site\/wp-content\/uploads\/2024\/02\/EIA.jpg","datePublished":"2024-02-27T19:43:56+00:00","breadcrumb":{"@id":"https:\/\/noticiasmercedinas.com\/site\/2024\/02\/27\/repotenciacion-de-la-estacion-transformadora-invitan-a-la-participacion-ciudadana-en-mercedes\/#breadcrumb"},"inLanguage":"es","potentialAction":[{"@type":"ReadAction","target":["https:\/\/noticiasmercedinas.com\/site\/2024\/02\/27\/repotenciacion-de-la-estacion-transformadora-invitan-a-la-participacion-ciudadana-en-mercedes\/"]}]},{"@type":"ImageObject","inLanguage":"es","@id":"https:\/\/noticiasmercedinas.com\/site\/2024\/02\/27\/repotenciacion-de-la-estacion-transformadora-invitan-a-la-participacion-ciudadana-en-mercedes\/#primaryimage","url":"https:\/\/noticiasmercedinas.com\/site\/wp-content\/uploads\/2024\/02\/EIA.jpg","contentUrl":"https:\/\/noticiasmercedinas.com\/site\/wp-content\/uploads\/2024\/02\/EIA.jpg","width":733,"height":482},{"@type":"BreadcrumbList","@id":"https:\/\/noticiasmercedinas.com\/site\/2024\/02\/27\/repotenciacion-de-la-estacion-transformadora-invitan-a-la-participacion-ciudadana-en-mercedes\/#breadcrumb","itemListElement":[{"@type":"ListItem","position":1,"name":"Portada","item":"https:\/\/noticiasmercedinas.com\/site\/"},{"@type":"ListItem","position":2,"name":"Repotenciaci\u00f3n de la Estaci\u00f3n Transformadora: invitan a la participaci\u00f3n ciudadana en Mercedes"}]},{"@type":"WebSite","@id":"https:\/\/noticiasmercedinas.com\/site\/#website","url":"https:\/\/noticiasmercedinas.com\/site\/","name":"NOTICIASMERCEDINAS.COM","description":"Mercedes, Buenos Aires, Argentina","publisher":{"@id":"https:\/\/noticiasmercedinas.com\/site\/#organization"},"potentialAction":[{"@type":"SearchAction","target":{"@type":"EntryPoint","urlTemplate":"https:\/\/noticiasmercedinas.com\/site\/?s={search_term_string}"},"query-input":{"@type":"PropertyValueSpecification","valueRequired":true,"valueName":"search_term_string"}}],"inLanguage":"es"},{"@type":"Organization","@id":"https:\/\/noticiasmercedinas.com\/site\/#organization","name":"NOTICIASMERCEDINAS.COM","url":"https:\/\/noticiasmercedinas.com\/site\/","logo":{"@type":"ImageObject","inLanguage":"es","@id":"https:\/\/noticiasmercedinas.com\/site\/#\/schema\/logo\/image\/","url":"https:\/\/noticiasmercedinas.com\/site\/wp-content\/uploads\/2020\/06\/LOGO-512.jpg","contentUrl":"https:\/\/noticiasmercedinas.com\/site\/wp-content\/uploads\/2020\/06\/LOGO-512.jpg","width":512,"height":512,"caption":"NOTICIASMERCEDINAS.COM"},"image":{"@id":"https:\/\/noticiasmercedinas.com\/site\/#\/schema\/logo\/image\/"},"sameAs":["https:\/\/www.facebook.com\/noticiasmercedinas\/","https:\/\/x.com\/notmercedinas","https:\/\/www.instagram.com\/noticiasmercedinas\/"]},{"@type":"Person","@id":"https:\/\/noticiasmercedinas.com\/site\/#\/schema\/person\/84b59c099c28ff2e8b77d4ceec5d8063","name":"NOTICIASMERCEDINAS.COM","image":{"@type":"ImageObject","inLanguage":"es","@id":"https:\/\/secure.gravatar.com\/avatar\/4dfbf16b4d17945bfb6341b2d19043457132fcf478a5ee04f42e959fd8f5df0a?s=96&d=mm&r=g","url":"https:\/\/secure.gravatar.com\/avatar\/4dfbf16b4d17945bfb6341b2d19043457132fcf478a5ee04f42e959fd8f5df0a?s=96&d=mm&r=g","contentUrl":"https:\/\/secure.gravatar.com\/avatar\/4dfbf16b4d17945bfb6341b2d19043457132fcf478a5ee04f42e959fd8f5df0a?s=96&d=mm&r=g","caption":"NOTICIASMERCEDINAS.COM"},"url":"https:\/\/noticiasmercedinas.com\/site\/author\/anonimo\/"}]}},"amp_enabled":true,"_links":{"self":[{"href":"https:\/\/noticiasmercedinas.com\/site\/wp-json\/wp\/v2\/posts\/131426","targetHints":{"allow":["GET"]}}],"collection":[{"href":"https:\/\/noticiasmercedinas.com\/site\/wp-json\/wp\/v2\/posts"}],"about":[{"href":"https:\/\/noticiasmercedinas.com\/site\/wp-json\/wp\/v2\/types\/post"}],"author":[{"embeddable":true,"href":"https:\/\/noticiasmercedinas.com\/site\/wp-json\/wp\/v2\/users\/16"}],"replies":[{"embeddable":true,"href":"https:\/\/noticiasmercedinas.com\/site\/wp-json\/wp\/v2\/comments?post=131426"}],"version-history":[{"count":1,"href":"https:\/\/noticiasmercedinas.com\/site\/wp-json\/wp\/v2\/posts\/131426\/revisions"}],"predecessor-version":[{"id":131433,"href":"https:\/\/noticiasmercedinas.com\/site\/wp-json\/wp\/v2\/posts\/131426\/revisions\/131433"}],"wp:featuredmedia":[{"embeddable":true,"href":"https:\/\/noticiasmercedinas.com\/site\/wp-json\/wp\/v2\/media\/131431"}],"wp:attachment":[{"href":"https:\/\/noticiasmercedinas.com\/site\/wp-json\/wp\/v2\/media?parent=131426"}],"wp:term":[{"taxonomy":"category","embeddable":true,"href":"https:\/\/noticiasmercedinas.com\/site\/wp-json\/wp\/v2\/categories?post=131426"},{"taxonomy":"post_tag","embeddable":true,"href":"https:\/\/noticiasmercedinas.com\/site\/wp-json\/wp\/v2\/tags?post=131426"}],"curies":[{"name":"wp","href":"https:\/\/api.w.org\/{rel}","templated":true}]}}