{"id":131802,"date":"2024-03-04T14:34:07","date_gmt":"2024-03-04T17:34:07","guid":{"rendered":"https:\/\/noticiasmercedinas.com\/site\/?p=131802"},"modified":"2024-03-04T14:34:07","modified_gmt":"2024-03-04T17:34:07","slug":"en-la-liga-fc-presentan-la-liga-fest-volumen-1-este-sabado-9","status":"publish","type":"post","link":"https:\/\/noticiasmercedinas.com\/site\/2024\/03\/04\/en-la-liga-fc-presentan-la-liga-fest-volumen-1-este-sabado-9\/","title":{"rendered":"En La Liga FC presentan \u00abLa Liga Fest Volumen 1\u00bb, este s\u00e1bado 9"},"content":{"rendered":"<p><img loading=\"lazy\" decoding=\"async\" class=\"alignnone size-large wp-image-131804\" src=\"https:\/\/noticiasmercedinas.com\/site\/wp-content\/uploads\/2024\/03\/TRENMISTERIOSO-1024x684.jpg\" alt=\"\" width=\"640\" height=\"428\" srcset=\"https:\/\/noticiasmercedinas.com\/site\/wp-content\/uploads\/2024\/03\/TRENMISTERIOSO-1024x684.jpg 1024w, https:\/\/noticiasmercedinas.com\/site\/wp-content\/uploads\/2024\/03\/TRENMISTERIOSO-300x200.jpg 300w, https:\/\/noticiasmercedinas.com\/site\/wp-content\/uploads\/2024\/03\/TRENMISTERIOSO-768x513.jpg 768w, https:\/\/noticiasmercedinas.com\/site\/wp-content\/uploads\/2024\/03\/TRENMISTERIOSO-1536x1025.jpg 1536w, https:\/\/noticiasmercedinas.com\/site\/wp-content\/uploads\/2024\/03\/TRENMISTERIOSO-537x360.jpg 537w, https:\/\/noticiasmercedinas.com\/site\/wp-content\/uploads\/2024\/03\/TRENMISTERIOSO-1074x720.jpg 1074w, https:\/\/noticiasmercedinas.com\/site\/wp-content\/uploads\/2024\/03\/TRENMISTERIOSO-640x427.jpg 640w, https:\/\/noticiasmercedinas.com\/site\/wp-content\/uploads\/2024\/03\/TRENMISTERIOSO-1280x854.jpg 1280w, https:\/\/noticiasmercedinas.com\/site\/wp-content\/uploads\/2024\/03\/TRENMISTERIOSO-681x455.jpg 681w, https:\/\/noticiasmercedinas.com\/site\/wp-content\/uploads\/2024\/03\/TRENMISTERIOSO-1362x909.jpg 1362w, https:\/\/noticiasmercedinas.com\/site\/wp-content\/uploads\/2024\/03\/TRENMISTERIOSO.jpg 2000w\" sizes=\"auto, (max-width: 640px) 100vw, 640px\" \/><\/p>\n<p>El pr\u00f3ximo s\u00e1bado 9 de marzo, La Liga FC abrir\u00e1 sus puertas para recibir a todos los fan\u00e1ticos de la buena m\u00fasica en La Liga Fest Volumen 1. Con un cartel de artistas de primera l\u00ednea y ambiente festivo, el evento comenzar\u00e1 a las 21.00 en el complejo ubicado en Ruta 5 y 114, Mercedes.<\/p>\n<p>La fiesta estar\u00e1 a cargo del reconocido DJ Jere, quien ofrecer\u00e1 una experiencia \u00fanica con su espectacular puesta de luces y una selecci\u00f3n de m\u00fasica que har\u00e1 vibrar a todos los presentes.<\/p>\n<p>Pero eso no es todo, el plato fuerte de la noche ser\u00e1 la presentaci\u00f3n en vivo de dos bandas que prometen hacer estallar el escenario. Primero, Tren Misterioso deleitar\u00e1 al p\u00fablico con sus cl\u00e1sicos del rock &amp; roll, seguido por Stereo Tributo, que ofrecer\u00e1 una excelente propuesta de rock nacional que no dejar\u00e1 a nadie indiferente.<\/p>\n<p>Y para cerrar la velada con broche de oro, DJ Jere regresar\u00e1 con una selecci\u00f3n de m\u00fasicas ideales para seguir bailando hasta altas horas de la madrugada.<\/p>\n<p>Adem\u00e1s, para aquellos que deseen recargar energ\u00edas durante la noche, habr\u00e1 servicio de cantina con una variedad de opciones gastron\u00f3micas para todos los gustos.<\/p>\n<p>Las entradas anticipadas ya est\u00e1n a la venta y se pueden adquirir en el Instagram de NIZZA (<a href=\"https:\/\/www.instagram.com\/peluqueria_barberia_nizza\/\">@peluqueria_barberia_nizza<\/a>) o mediante contacto telef\u00f3nico al 2324686317.<\/p>\n<p><img loading=\"lazy\" decoding=\"async\" class=\"alignnone wp-image-131803\" src=\"https:\/\/noticiasmercedinas.com\/site\/wp-content\/uploads\/2024\/03\/430215802_10219028833951447_4182070989454165522_n.jpg\" alt=\"\" width=\"640\" height=\"896\" srcset=\"https:\/\/noticiasmercedinas.com\/site\/wp-content\/uploads\/2024\/03\/430215802_10219028833951447_4182070989454165522_n.jpg 514w, https:\/\/noticiasmercedinas.com\/site\/wp-content\/uploads\/2024\/03\/430215802_10219028833951447_4182070989454165522_n-214x300.jpg 214w\" sizes=\"auto, (max-width: 640px) 100vw, 640px\" \/><\/p>\n","protected":false},"excerpt":{"rendered":"<p>\u25a0 Las entradas ya est\u00e1n en venta. Tren Misterioso deleitar\u00e1 al p\u00fablico con sus cl\u00e1sicos del rock &#038; roll, seguido por Stereo Tributo. Desde las 21.00 horas<\/p>\n","protected":false},"author":16,"featured_media":131804,"comment_status":"closed","ping_status":"closed","sticky":false,"template":"","format":"standard","meta":{"footnotes":""},"categories":[4],"tags":[846,18005,4906,18004],"class_list":["post-131802","post","type-post","status-publish","format-standard","has-post-thumbnail","hentry","category-cultura","tag-festival","tag-la-liga-fc","tag-tren-misterioso","tag-tributo-stereo"],"yoast_head":"<!-- This site is optimized with the Yoast SEO plugin v27.5 - https:\/\/yoast.com\/product\/yoast-seo-wordpress\/ -->\n<title>En La Liga FC presentan &quot;La Liga Fest Volumen 1&quot;, este s\u00e1bado 9<\/title>\n<meta name=\"robots\" content=\"index, follow, max-snippet:-1, max-image-preview:large, max-video-preview:-1\" \/>\n<link rel=\"canonical\" href=\"https:\/\/noticiasmercedinas.com\/site\/2024\/03\/04\/en-la-liga-fc-presentan-la-liga-fest-volumen-1-este-sabado-9\/\" \/>\n<meta property=\"og:locale\" content=\"es_ES\" \/>\n<meta property=\"og:type\" content=\"article\" \/>\n<meta property=\"og:title\" content=\"En La Liga FC presentan &quot;La Liga Fest Volumen 1&quot;, este s\u00e1bado 9\" \/>\n<meta property=\"og:description\" content=\"\u25a0 Las entradas ya est\u00e1n en venta. Tren Misterioso deleitar\u00e1 al p\u00fablico con sus cl\u00e1sicos del rock &amp; roll, seguido por Stereo Tributo. Desde las 21.00 horas\" \/>\n<meta property=\"og:url\" content=\"https:\/\/noticiasmercedinas.com\/site\/2024\/03\/04\/en-la-liga-fc-presentan-la-liga-fest-volumen-1-este-sabado-9\/\" \/>\n<meta property=\"og:site_name\" content=\"NOTICIASMERCEDINAS.COM\" \/>\n<meta property=\"article:publisher\" content=\"https:\/\/www.facebook.com\/noticiasmercedinas\/\" \/>\n<meta property=\"article:published_time\" content=\"2024-03-04T17:34:07+00:00\" \/>\n<meta property=\"og:image\" content=\"https:\/\/noticiasmercedinas.com\/site\/wp-content\/uploads\/2024\/03\/TRENMISTERIOSO.jpg\" \/>\n\t<meta property=\"og:image:width\" content=\"2000\" \/>\n\t<meta property=\"og:image:height\" content=\"1335\" \/>\n\t<meta property=\"og:image:type\" content=\"image\/jpeg\" \/>\n<meta name=\"author\" content=\"NOTICIASMERCEDINAS.COM\" \/>\n<meta name=\"twitter:card\" content=\"summary_large_image\" \/>\n<meta name=\"twitter:creator\" content=\"@notmercedinas\" \/>\n<meta name=\"twitter:site\" content=\"@notmercedinas\" \/>\n<meta name=\"twitter:label1\" content=\"Escrito por\" \/>\n\t<meta name=\"twitter:data1\" content=\"NOTICIASMERCEDINAS.COM\" \/>\n\t<meta name=\"twitter:label2\" content=\"Tiempo de lectura\" \/>\n\t<meta name=\"twitter:data2\" content=\"2 minutos\" \/>\n<script type=\"application\/ld+json\" class=\"yoast-schema-graph\">{\"@context\":\"https:\\\/\\\/schema.org\",\"@graph\":[{\"@type\":\"Article\",\"@id\":\"https:\\\/\\\/noticiasmercedinas.com\\\/site\\\/2024\\\/03\\\/04\\\/en-la-liga-fc-presentan-la-liga-fest-volumen-1-este-sabado-9\\\/#article\",\"isPartOf\":{\"@id\":\"https:\\\/\\\/noticiasmercedinas.com\\\/site\\\/2024\\\/03\\\/04\\\/en-la-liga-fc-presentan-la-liga-fest-volumen-1-este-sabado-9\\\/\"},\"author\":{\"name\":\"NOTICIASMERCEDINAS.COM\",\"@id\":\"https:\\\/\\\/noticiasmercedinas.com\\\/site\\\/#\\\/schema\\\/person\\\/84b59c099c28ff2e8b77d4ceec5d8063\"},\"headline\":\"En La Liga FC presentan \u00abLa Liga Fest Volumen 1\u00bb, este s\u00e1bado 9\",\"datePublished\":\"2024-03-04T17:34:07+00:00\",\"mainEntityOfPage\":{\"@id\":\"https:\\\/\\\/noticiasmercedinas.com\\\/site\\\/2024\\\/03\\\/04\\\/en-la-liga-fc-presentan-la-liga-fest-volumen-1-este-sabado-9\\\/\"},\"wordCount\":243,\"publisher\":{\"@id\":\"https:\\\/\\\/noticiasmercedinas.com\\\/site\\\/#organization\"},\"image\":{\"@id\":\"https:\\\/\\\/noticiasmercedinas.com\\\/site\\\/2024\\\/03\\\/04\\\/en-la-liga-fc-presentan-la-liga-fest-volumen-1-este-sabado-9\\\/#primaryimage\"},\"thumbnailUrl\":\"https:\\\/\\\/noticiasmercedinas.com\\\/site\\\/wp-content\\\/uploads\\\/2024\\\/03\\\/TRENMISTERIOSO.jpg\",\"keywords\":[\"festival\",\"la liga fc\",\"Tren Misterioso\",\"tributo stereo\"],\"articleSection\":[\"Cultura\"],\"inLanguage\":\"es\"},{\"@type\":\"WebPage\",\"@id\":\"https:\\\/\\\/noticiasmercedinas.com\\\/site\\\/2024\\\/03\\\/04\\\/en-la-liga-fc-presentan-la-liga-fest-volumen-1-este-sabado-9\\\/\",\"url\":\"https:\\\/\\\/noticiasmercedinas.com\\\/site\\\/2024\\\/03\\\/04\\\/en-la-liga-fc-presentan-la-liga-fest-volumen-1-este-sabado-9\\\/\",\"name\":\"En La Liga FC presentan \\\"La Liga Fest Volumen 1\\\", este s\u00e1bado 9\",\"isPartOf\":{\"@id\":\"https:\\\/\\\/noticiasmercedinas.com\\\/site\\\/#website\"},\"primaryImageOfPage\":{\"@id\":\"https:\\\/\\\/noticiasmercedinas.com\\\/site\\\/2024\\\/03\\\/04\\\/en-la-liga-fc-presentan-la-liga-fest-volumen-1-este-sabado-9\\\/#primaryimage\"},\"image\":{\"@id\":\"https:\\\/\\\/noticiasmercedinas.com\\\/site\\\/2024\\\/03\\\/04\\\/en-la-liga-fc-presentan-la-liga-fest-volumen-1-este-sabado-9\\\/#primaryimage\"},\"thumbnailUrl\":\"https:\\\/\\\/noticiasmercedinas.com\\\/site\\\/wp-content\\\/uploads\\\/2024\\\/03\\\/TRENMISTERIOSO.jpg\",\"datePublished\":\"2024-03-04T17:34:07+00:00\",\"breadcrumb\":{\"@id\":\"https:\\\/\\\/noticiasmercedinas.com\\\/site\\\/2024\\\/03\\\/04\\\/en-la-liga-fc-presentan-la-liga-fest-volumen-1-este-sabado-9\\\/#breadcrumb\"},\"inLanguage\":\"es\",\"potentialAction\":[{\"@type\":\"ReadAction\",\"target\":[\"https:\\\/\\\/noticiasmercedinas.com\\\/site\\\/2024\\\/03\\\/04\\\/en-la-liga-fc-presentan-la-liga-fest-volumen-1-este-sabado-9\\\/\"]}]},{\"@type\":\"ImageObject\",\"inLanguage\":\"es\",\"@id\":\"https:\\\/\\\/noticiasmercedinas.com\\\/site\\\/2024\\\/03\\\/04\\\/en-la-liga-fc-presentan-la-liga-fest-volumen-1-este-sabado-9\\\/#primaryimage\",\"url\":\"https:\\\/\\\/noticiasmercedinas.com\\\/site\\\/wp-content\\\/uploads\\\/2024\\\/03\\\/TRENMISTERIOSO.jpg\",\"contentUrl\":\"https:\\\/\\\/noticiasmercedinas.com\\\/site\\\/wp-content\\\/uploads\\\/2024\\\/03\\\/TRENMISTERIOSO.jpg\",\"width\":2000,\"height\":1335},{\"@type\":\"BreadcrumbList\",\"@id\":\"https:\\\/\\\/noticiasmercedinas.com\\\/site\\\/2024\\\/03\\\/04\\\/en-la-liga-fc-presentan-la-liga-fest-volumen-1-este-sabado-9\\\/#breadcrumb\",\"itemListElement\":[{\"@type\":\"ListItem\",\"position\":1,\"name\":\"Portada\",\"item\":\"https:\\\/\\\/noticiasmercedinas.com\\\/site\\\/\"},{\"@type\":\"ListItem\",\"position\":2,\"name\":\"En La Liga FC presentan \u00abLa Liga Fest Volumen 1\u00bb, este s\u00e1bado 9\"}]},{\"@type\":\"WebSite\",\"@id\":\"https:\\\/\\\/noticiasmercedinas.com\\\/site\\\/#website\",\"url\":\"https:\\\/\\\/noticiasmercedinas.com\\\/site\\\/\",\"name\":\"NOTICIASMERCEDINAS.COM\",\"description\":\"Mercedes, Buenos Aires, Argentina\",\"publisher\":{\"@id\":\"https:\\\/\\\/noticiasmercedinas.com\\\/site\\\/#organization\"},\"potentialAction\":[{\"@type\":\"SearchAction\",\"target\":{\"@type\":\"EntryPoint\",\"urlTemplate\":\"https:\\\/\\\/noticiasmercedinas.com\\\/site\\\/?s={search_term_string}\"},\"query-input\":{\"@type\":\"PropertyValueSpecification\",\"valueRequired\":true,\"valueName\":\"search_term_string\"}}],\"inLanguage\":\"es\"},{\"@type\":\"Organization\",\"@id\":\"https:\\\/\\\/noticiasmercedinas.com\\\/site\\\/#organization\",\"name\":\"NOTICIASMERCEDINAS.COM\",\"url\":\"https:\\\/\\\/noticiasmercedinas.com\\\/site\\\/\",\"logo\":{\"@type\":\"ImageObject\",\"inLanguage\":\"es\",\"@id\":\"https:\\\/\\\/noticiasmercedinas.com\\\/site\\\/#\\\/schema\\\/logo\\\/image\\\/\",\"url\":\"https:\\\/\\\/noticiasmercedinas.com\\\/site\\\/wp-content\\\/uploads\\\/2020\\\/06\\\/LOGO-512.jpg\",\"contentUrl\":\"https:\\\/\\\/noticiasmercedinas.com\\\/site\\\/wp-content\\\/uploads\\\/2020\\\/06\\\/LOGO-512.jpg\",\"width\":512,\"height\":512,\"caption\":\"NOTICIASMERCEDINAS.COM\"},\"image\":{\"@id\":\"https:\\\/\\\/noticiasmercedinas.com\\\/site\\\/#\\\/schema\\\/logo\\\/image\\\/\"},\"sameAs\":[\"https:\\\/\\\/www.facebook.com\\\/noticiasmercedinas\\\/\",\"https:\\\/\\\/x.com\\\/notmercedinas\",\"https:\\\/\\\/www.instagram.com\\\/noticiasmercedinas\\\/\"]},{\"@type\":\"Person\",\"@id\":\"https:\\\/\\\/noticiasmercedinas.com\\\/site\\\/#\\\/schema\\\/person\\\/84b59c099c28ff2e8b77d4ceec5d8063\",\"name\":\"NOTICIASMERCEDINAS.COM\",\"image\":{\"@type\":\"ImageObject\",\"inLanguage\":\"es\",\"@id\":\"https:\\\/\\\/secure.gravatar.com\\\/avatar\\\/4dfbf16b4d17945bfb6341b2d19043457132fcf478a5ee04f42e959fd8f5df0a?s=96&d=mm&r=g\",\"url\":\"https:\\\/\\\/secure.gravatar.com\\\/avatar\\\/4dfbf16b4d17945bfb6341b2d19043457132fcf478a5ee04f42e959fd8f5df0a?s=96&d=mm&r=g\",\"contentUrl\":\"https:\\\/\\\/secure.gravatar.com\\\/avatar\\\/4dfbf16b4d17945bfb6341b2d19043457132fcf478a5ee04f42e959fd8f5df0a?s=96&d=mm&r=g\",\"caption\":\"NOTICIASMERCEDINAS.COM\"},\"url\":\"https:\\\/\\\/noticiasmercedinas.com\\\/site\\\/author\\\/anonimo\\\/\"}]}<\/script>\n<!-- \/ Yoast SEO plugin. -->","yoast_head_json":{"title":"En La Liga FC presentan \"La Liga Fest Volumen 1\", este s\u00e1bado 9","robots":{"index":"index","follow":"follow","max-snippet":"max-snippet:-1","max-image-preview":"max-image-preview:large","max-video-preview":"max-video-preview:-1"},"canonical":"https:\/\/noticiasmercedinas.com\/site\/2024\/03\/04\/en-la-liga-fc-presentan-la-liga-fest-volumen-1-este-sabado-9\/","og_locale":"es_ES","og_type":"article","og_title":"En La Liga FC presentan \"La Liga Fest Volumen 1\", este s\u00e1bado 9","og_description":"\u25a0 Las entradas ya est\u00e1n en venta. Tren Misterioso deleitar\u00e1 al p\u00fablico con sus cl\u00e1sicos del rock & roll, seguido por Stereo Tributo. Desde las 21.00 horas","og_url":"https:\/\/noticiasmercedinas.com\/site\/2024\/03\/04\/en-la-liga-fc-presentan-la-liga-fest-volumen-1-este-sabado-9\/","og_site_name":"NOTICIASMERCEDINAS.COM","article_publisher":"https:\/\/www.facebook.com\/noticiasmercedinas\/","article_published_time":"2024-03-04T17:34:07+00:00","og_image":[{"width":2000,"height":1335,"url":"https:\/\/noticiasmercedinas.com\/site\/wp-content\/uploads\/2024\/03\/TRENMISTERIOSO.jpg","type":"image\/jpeg"}],"author":"NOTICIASMERCEDINAS.COM","twitter_card":"summary_large_image","twitter_creator":"@notmercedinas","twitter_site":"@notmercedinas","twitter_misc":{"Escrito por":"NOTICIASMERCEDINAS.COM","Tiempo de lectura":"2 minutos"},"schema":{"@context":"https:\/\/schema.org","@graph":[{"@type":"Article","@id":"https:\/\/noticiasmercedinas.com\/site\/2024\/03\/04\/en-la-liga-fc-presentan-la-liga-fest-volumen-1-este-sabado-9\/#article","isPartOf":{"@id":"https:\/\/noticiasmercedinas.com\/site\/2024\/03\/04\/en-la-liga-fc-presentan-la-liga-fest-volumen-1-este-sabado-9\/"},"author":{"name":"NOTICIASMERCEDINAS.COM","@id":"https:\/\/noticiasmercedinas.com\/site\/#\/schema\/person\/84b59c099c28ff2e8b77d4ceec5d8063"},"headline":"En La Liga FC presentan \u00abLa Liga Fest Volumen 1\u00bb, este s\u00e1bado 9","datePublished":"2024-03-04T17:34:07+00:00","mainEntityOfPage":{"@id":"https:\/\/noticiasmercedinas.com\/site\/2024\/03\/04\/en-la-liga-fc-presentan-la-liga-fest-volumen-1-este-sabado-9\/"},"wordCount":243,"publisher":{"@id":"https:\/\/noticiasmercedinas.com\/site\/#organization"},"image":{"@id":"https:\/\/noticiasmercedinas.com\/site\/2024\/03\/04\/en-la-liga-fc-presentan-la-liga-fest-volumen-1-este-sabado-9\/#primaryimage"},"thumbnailUrl":"https:\/\/noticiasmercedinas.com\/site\/wp-content\/uploads\/2024\/03\/TRENMISTERIOSO.jpg","keywords":["festival","la liga fc","Tren Misterioso","tributo stereo"],"articleSection":["Cultura"],"inLanguage":"es"},{"@type":"WebPage","@id":"https:\/\/noticiasmercedinas.com\/site\/2024\/03\/04\/en-la-liga-fc-presentan-la-liga-fest-volumen-1-este-sabado-9\/","url":"https:\/\/noticiasmercedinas.com\/site\/2024\/03\/04\/en-la-liga-fc-presentan-la-liga-fest-volumen-1-este-sabado-9\/","name":"En La Liga FC presentan \"La Liga Fest Volumen 1\", este s\u00e1bado 9","isPartOf":{"@id":"https:\/\/noticiasmercedinas.com\/site\/#website"},"primaryImageOfPage":{"@id":"https:\/\/noticiasmercedinas.com\/site\/2024\/03\/04\/en-la-liga-fc-presentan-la-liga-fest-volumen-1-este-sabado-9\/#primaryimage"},"image":{"@id":"https:\/\/noticiasmercedinas.com\/site\/2024\/03\/04\/en-la-liga-fc-presentan-la-liga-fest-volumen-1-este-sabado-9\/#primaryimage"},"thumbnailUrl":"https:\/\/noticiasmercedinas.com\/site\/wp-content\/uploads\/2024\/03\/TRENMISTERIOSO.jpg","datePublished":"2024-03-04T17:34:07+00:00","breadcrumb":{"@id":"https:\/\/noticiasmercedinas.com\/site\/2024\/03\/04\/en-la-liga-fc-presentan-la-liga-fest-volumen-1-este-sabado-9\/#breadcrumb"},"inLanguage":"es","potentialAction":[{"@type":"ReadAction","target":["https:\/\/noticiasmercedinas.com\/site\/2024\/03\/04\/en-la-liga-fc-presentan-la-liga-fest-volumen-1-este-sabado-9\/"]}]},{"@type":"ImageObject","inLanguage":"es","@id":"https:\/\/noticiasmercedinas.com\/site\/2024\/03\/04\/en-la-liga-fc-presentan-la-liga-fest-volumen-1-este-sabado-9\/#primaryimage","url":"https:\/\/noticiasmercedinas.com\/site\/wp-content\/uploads\/2024\/03\/TRENMISTERIOSO.jpg","contentUrl":"https:\/\/noticiasmercedinas.com\/site\/wp-content\/uploads\/2024\/03\/TRENMISTERIOSO.jpg","width":2000,"height":1335},{"@type":"BreadcrumbList","@id":"https:\/\/noticiasmercedinas.com\/site\/2024\/03\/04\/en-la-liga-fc-presentan-la-liga-fest-volumen-1-este-sabado-9\/#breadcrumb","itemListElement":[{"@type":"ListItem","position":1,"name":"Portada","item":"https:\/\/noticiasmercedinas.com\/site\/"},{"@type":"ListItem","position":2,"name":"En La Liga FC presentan \u00abLa Liga Fest Volumen 1\u00bb, este s\u00e1bado 9"}]},{"@type":"WebSite","@id":"https:\/\/noticiasmercedinas.com\/site\/#website","url":"https:\/\/noticiasmercedinas.com\/site\/","name":"NOTICIASMERCEDINAS.COM","description":"Mercedes, Buenos Aires, Argentina","publisher":{"@id":"https:\/\/noticiasmercedinas.com\/site\/#organization"},"potentialAction":[{"@type":"SearchAction","target":{"@type":"EntryPoint","urlTemplate":"https:\/\/noticiasmercedinas.com\/site\/?s={search_term_string}"},"query-input":{"@type":"PropertyValueSpecification","valueRequired":true,"valueName":"search_term_string"}}],"inLanguage":"es"},{"@type":"Organization","@id":"https:\/\/noticiasmercedinas.com\/site\/#organization","name":"NOTICIASMERCEDINAS.COM","url":"https:\/\/noticiasmercedinas.com\/site\/","logo":{"@type":"ImageObject","inLanguage":"es","@id":"https:\/\/noticiasmercedinas.com\/site\/#\/schema\/logo\/image\/","url":"https:\/\/noticiasmercedinas.com\/site\/wp-content\/uploads\/2020\/06\/LOGO-512.jpg","contentUrl":"https:\/\/noticiasmercedinas.com\/site\/wp-content\/uploads\/2020\/06\/LOGO-512.jpg","width":512,"height":512,"caption":"NOTICIASMERCEDINAS.COM"},"image":{"@id":"https:\/\/noticiasmercedinas.com\/site\/#\/schema\/logo\/image\/"},"sameAs":["https:\/\/www.facebook.com\/noticiasmercedinas\/","https:\/\/x.com\/notmercedinas","https:\/\/www.instagram.com\/noticiasmercedinas\/"]},{"@type":"Person","@id":"https:\/\/noticiasmercedinas.com\/site\/#\/schema\/person\/84b59c099c28ff2e8b77d4ceec5d8063","name":"NOTICIASMERCEDINAS.COM","image":{"@type":"ImageObject","inLanguage":"es","@id":"https:\/\/secure.gravatar.com\/avatar\/4dfbf16b4d17945bfb6341b2d19043457132fcf478a5ee04f42e959fd8f5df0a?s=96&d=mm&r=g","url":"https:\/\/secure.gravatar.com\/avatar\/4dfbf16b4d17945bfb6341b2d19043457132fcf478a5ee04f42e959fd8f5df0a?s=96&d=mm&r=g","contentUrl":"https:\/\/secure.gravatar.com\/avatar\/4dfbf16b4d17945bfb6341b2d19043457132fcf478a5ee04f42e959fd8f5df0a?s=96&d=mm&r=g","caption":"NOTICIASMERCEDINAS.COM"},"url":"https:\/\/noticiasmercedinas.com\/site\/author\/anonimo\/"}]}},"amp_enabled":true,"_links":{"self":[{"href":"https:\/\/noticiasmercedinas.com\/site\/wp-json\/wp\/v2\/posts\/131802","targetHints":{"allow":["GET"]}}],"collection":[{"href":"https:\/\/noticiasmercedinas.com\/site\/wp-json\/wp\/v2\/posts"}],"about":[{"href":"https:\/\/noticiasmercedinas.com\/site\/wp-json\/wp\/v2\/types\/post"}],"author":[{"embeddable":true,"href":"https:\/\/noticiasmercedinas.com\/site\/wp-json\/wp\/v2\/users\/16"}],"replies":[{"embeddable":true,"href":"https:\/\/noticiasmercedinas.com\/site\/wp-json\/wp\/v2\/comments?post=131802"}],"version-history":[{"count":1,"href":"https:\/\/noticiasmercedinas.com\/site\/wp-json\/wp\/v2\/posts\/131802\/revisions"}],"predecessor-version":[{"id":131805,"href":"https:\/\/noticiasmercedinas.com\/site\/wp-json\/wp\/v2\/posts\/131802\/revisions\/131805"}],"wp:featuredmedia":[{"embeddable":true,"href":"https:\/\/noticiasmercedinas.com\/site\/wp-json\/wp\/v2\/media\/131804"}],"wp:attachment":[{"href":"https:\/\/noticiasmercedinas.com\/site\/wp-json\/wp\/v2\/media?parent=131802"}],"wp:term":[{"taxonomy":"category","embeddable":true,"href":"https:\/\/noticiasmercedinas.com\/site\/wp-json\/wp\/v2\/categories?post=131802"},{"taxonomy":"post_tag","embeddable":true,"href":"https:\/\/noticiasmercedinas.com\/site\/wp-json\/wp\/v2\/tags?post=131802"}],"curies":[{"name":"wp","href":"https:\/\/api.w.org\/{rel}","templated":true}]}}