{"id":131919,"date":"2024-03-06T08:37:24","date_gmt":"2024-03-06T11:37:24","guid":{"rendered":"https:\/\/noticiasmercedinas.com\/site\/?p=131919"},"modified":"2024-03-06T08:37:24","modified_gmt":"2024-03-06T11:37:24","slug":"los-casos-de-alcoholemia-al-volante-bajaron-un-68-en-la-provincia-de-buenos-aires","status":"publish","type":"post","link":"https:\/\/noticiasmercedinas.com\/site\/2024\/03\/06\/los-casos-de-alcoholemia-al-volante-bajaron-un-68-en-la-provincia-de-buenos-aires\/","title":{"rendered":"Los casos de alcoholemia al volante bajaron un 68% en la provincia de Buenos Aires"},"content":{"rendered":"<p><img loading=\"lazy\" decoding=\"async\" class=\"alignnone size-large wp-image-131920\" src=\"https:\/\/noticiasmercedinas.com\/site\/wp-content\/uploads\/2024\/03\/Los-casos-de-alcoholemia-al-volante-bajaron-un-68-en-la-provincia-de-Buenos-Aires1-1024x682.jpeg\" alt=\"\" width=\"640\" height=\"426\" srcset=\"https:\/\/noticiasmercedinas.com\/site\/wp-content\/uploads\/2024\/03\/Los-casos-de-alcoholemia-al-volante-bajaron-un-68-en-la-provincia-de-Buenos-Aires1-1024x682.jpeg 1024w, https:\/\/noticiasmercedinas.com\/site\/wp-content\/uploads\/2024\/03\/Los-casos-de-alcoholemia-al-volante-bajaron-un-68-en-la-provincia-de-Buenos-Aires1-300x200.jpeg 300w, https:\/\/noticiasmercedinas.com\/site\/wp-content\/uploads\/2024\/03\/Los-casos-de-alcoholemia-al-volante-bajaron-un-68-en-la-provincia-de-Buenos-Aires1-768x512.jpeg 768w, https:\/\/noticiasmercedinas.com\/site\/wp-content\/uploads\/2024\/03\/Los-casos-de-alcoholemia-al-volante-bajaron-un-68-en-la-provincia-de-Buenos-Aires1-1536x1023.jpeg 1536w, https:\/\/noticiasmercedinas.com\/site\/wp-content\/uploads\/2024\/03\/Los-casos-de-alcoholemia-al-volante-bajaron-un-68-en-la-provincia-de-Buenos-Aires1-640x426.jpeg 640w, https:\/\/noticiasmercedinas.com\/site\/wp-content\/uploads\/2024\/03\/Los-casos-de-alcoholemia-al-volante-bajaron-un-68-en-la-provincia-de-Buenos-Aires1-1280x853.jpeg 1280w, https:\/\/noticiasmercedinas.com\/site\/wp-content\/uploads\/2024\/03\/Los-casos-de-alcoholemia-al-volante-bajaron-un-68-en-la-provincia-de-Buenos-Aires1-681x454.jpeg 681w, https:\/\/noticiasmercedinas.com\/site\/wp-content\/uploads\/2024\/03\/Los-casos-de-alcoholemia-al-volante-bajaron-un-68-en-la-provincia-de-Buenos-Aires1-1362x907.jpeg 1362w, https:\/\/noticiasmercedinas.com\/site\/wp-content\/uploads\/2024\/03\/Los-casos-de-alcoholemia-al-volante-bajaron-un-68-en-la-provincia-de-Buenos-Aires1.jpeg 1600w\" sizes=\"auto, (max-width: 640px) 100vw, 640px\" \/><\/p>\n<p>A un a\u00f1o de la sanci\u00f3n de la Ley de Alcohol Cero, impulsada por el ministro de Transporte de la provincia de Buenos Aires, Jorge D\u2019Onofrio, se registr\u00f3 un dr\u00e1stico descenso de los casos positivos de alcoholemia al volante en territorio bonaerense.<\/p>\n<p>Las estad\u00edsticas comparativas de las temporadas veraniegas 2023 y 2024 (Operativos de Sol a Sol), indican que hubo una merma del 68% en casos de alcoholemia positiva. En ese aspecto, durante los primeros meses de este a\u00f1o la cartera que conduce D\u2019Onofrio efectu\u00f3 17.803 testeos a conductores y conductoras y registr\u00f3 150 infractores, lo que representa un 0,84% de positividad. En tanto, en el mismo lapso correspondiente al a\u00f1o pasado, los controles arrojaron un 2,65% de positivos, con 336 casos punitivos de un total de 12.675 pruebas de alcoholemia.<\/p>\n<p>El Ministerio de Transporte de la Provincia de Buenos Aires intensific\u00f3 los operativos de control durante la temporada veraniega, con el despliegue de agentes de la Direcci\u00f3n Provincial de Fiscalizaci\u00f3n, Control de Tr\u00e1nsito y la Seguridad Vial en las rutas y caminos bonaerenses, como as\u00ed tambi\u00e9n en los accesos a los principales centros tur\u00edsticos.<\/p>\n<p>En concreto, durante enero y febrero de 2024 se organizaron 959 operativos de asistencia, prevenci\u00f3n, concientizaci\u00f3n y control vial, que estuvieron focalizados en reforzar la Ley de Alcohol Cero para salvaguardar la integridad f\u00edsica de quienes viajaron. En dichos retenes, se fiscalizaron 24.484 veh\u00edculos y se hicieron 17.803 ex\u00e1menes de alcoholemia que arrojaron solo 150 casos positivos.<\/p>\n<p><strong>Infracciones y asistencia vial<\/strong><br \/>\nAsimismo, las y los inspectores labraron 1386 infracciones a automovilistas, por verificaciones t\u00e9cnicas vehiculares (VTV) irregulares y licencias vencidas, y se retuvieron 1038 permisos de conducir. Algunas de las postas de control tuvieron lugar en Ayacucho, Dock Sud, General Viamonte, Jun\u00edn, Mar Del Plata, Necochea, Pinamar, San Clemente, Villa Gesell y Z\u00e1rate, entre otros distritos.<\/p>\n<p>Adem\u00e1s, las y los agentes de Seguridad Vial prestaron colaboraci\u00f3n en el homenaje de Estrellas Amarillas a Adil Zahir Mall\u00f3n U\u00f1o, en la localidad de Luj\u00e1n, junto al intendente Leonardo Boto, y en la Fiesta Nacional de la Cerveza en Santa Clara del Mar, en el partido de Mar Chiquita, entre otros eventos del verano 2024.<\/p>\n","protected":false},"excerpt":{"rendered":"<p>\u25a0\u00a0Gracias a la Ley de Alcohol Cero, que rige desde el 1 de enero de 2023 y que fue impulsada por el ministro de Transporte bonaerense, Jorge D\u2019Onofrio, los casos positivos en conductores y conductoras se redujeron<\/p>\n","protected":false},"author":16,"featured_media":131920,"comment_status":"closed","ping_status":"closed","sticky":false,"template":"","format":"standard","meta":{"footnotes":""},"categories":[7919],"tags":[11746,5866],"class_list":["post-131919","post","type-post","status-publish","format-standard","has-post-thumbnail","hentry","category-provinciales","tag-alcohol-cero","tag-alcoholemia"],"yoast_head":"<!-- This site is optimized with the Yoast SEO plugin v27.5 - https:\/\/yoast.com\/product\/yoast-seo-wordpress\/ -->\n<title>Los casos de alcoholemia al volante bajaron un 68% en la provincia de Buenos Aires<\/title>\n<meta name=\"robots\" content=\"index, follow, max-snippet:-1, max-image-preview:large, max-video-preview:-1\" \/>\n<link rel=\"canonical\" href=\"https:\/\/noticiasmercedinas.com\/site\/2024\/03\/06\/los-casos-de-alcoholemia-al-volante-bajaron-un-68-en-la-provincia-de-buenos-aires\/\" \/>\n<meta property=\"og:locale\" content=\"es_ES\" \/>\n<meta property=\"og:type\" content=\"article\" \/>\n<meta property=\"og:title\" content=\"Los casos de alcoholemia al volante bajaron un 68% en la provincia de Buenos Aires\" \/>\n<meta property=\"og:description\" content=\"\u25a0\u00a0Gracias a la Ley de Alcohol Cero, que rige desde el 1 de enero de 2023 y que fue impulsada por el ministro de Transporte bonaerense, Jorge D\u2019Onofrio, los casos positivos en conductores y conductoras se redujeron\" \/>\n<meta property=\"og:url\" content=\"https:\/\/noticiasmercedinas.com\/site\/2024\/03\/06\/los-casos-de-alcoholemia-al-volante-bajaron-un-68-en-la-provincia-de-buenos-aires\/\" \/>\n<meta property=\"og:site_name\" content=\"NOTICIASMERCEDINAS.COM\" \/>\n<meta property=\"article:publisher\" content=\"https:\/\/www.facebook.com\/noticiasmercedinas\/\" \/>\n<meta property=\"article:published_time\" content=\"2024-03-06T11:37:24+00:00\" \/>\n<meta property=\"og:image\" content=\"https:\/\/noticiasmercedinas.com\/site\/wp-content\/uploads\/2024\/03\/Los-casos-de-alcoholemia-al-volante-bajaron-un-68-en-la-provincia-de-Buenos-Aires1.jpeg\" \/>\n\t<meta property=\"og:image:width\" content=\"1600\" \/>\n\t<meta property=\"og:image:height\" content=\"1066\" \/>\n\t<meta property=\"og:image:type\" content=\"image\/jpeg\" \/>\n<meta name=\"author\" content=\"NOTICIASMERCEDINAS.COM\" \/>\n<meta name=\"twitter:card\" content=\"summary_large_image\" \/>\n<meta name=\"twitter:creator\" content=\"@notmercedinas\" \/>\n<meta name=\"twitter:site\" content=\"@notmercedinas\" \/>\n<meta name=\"twitter:label1\" content=\"Escrito por\" \/>\n\t<meta name=\"twitter:data1\" content=\"NOTICIASMERCEDINAS.COM\" \/>\n\t<meta name=\"twitter:label2\" content=\"Tiempo de lectura\" \/>\n\t<meta name=\"twitter:data2\" content=\"3 minutos\" \/>\n<script type=\"application\/ld+json\" class=\"yoast-schema-graph\">{\"@context\":\"https:\\\/\\\/schema.org\",\"@graph\":[{\"@type\":\"Article\",\"@id\":\"https:\\\/\\\/noticiasmercedinas.com\\\/site\\\/2024\\\/03\\\/06\\\/los-casos-de-alcoholemia-al-volante-bajaron-un-68-en-la-provincia-de-buenos-aires\\\/#article\",\"isPartOf\":{\"@id\":\"https:\\\/\\\/noticiasmercedinas.com\\\/site\\\/2024\\\/03\\\/06\\\/los-casos-de-alcoholemia-al-volante-bajaron-un-68-en-la-provincia-de-buenos-aires\\\/\"},\"author\":{\"name\":\"NOTICIASMERCEDINAS.COM\",\"@id\":\"https:\\\/\\\/noticiasmercedinas.com\\\/site\\\/#\\\/schema\\\/person\\\/84b59c099c28ff2e8b77d4ceec5d8063\"},\"headline\":\"Los casos de alcoholemia al volante bajaron un 68% en la provincia de Buenos Aires\",\"datePublished\":\"2024-03-06T11:37:24+00:00\",\"mainEntityOfPage\":{\"@id\":\"https:\\\/\\\/noticiasmercedinas.com\\\/site\\\/2024\\\/03\\\/06\\\/los-casos-de-alcoholemia-al-volante-bajaron-un-68-en-la-provincia-de-buenos-aires\\\/\"},\"wordCount\":380,\"publisher\":{\"@id\":\"https:\\\/\\\/noticiasmercedinas.com\\\/site\\\/#organization\"},\"image\":{\"@id\":\"https:\\\/\\\/noticiasmercedinas.com\\\/site\\\/2024\\\/03\\\/06\\\/los-casos-de-alcoholemia-al-volante-bajaron-un-68-en-la-provincia-de-buenos-aires\\\/#primaryimage\"},\"thumbnailUrl\":\"https:\\\/\\\/noticiasmercedinas.com\\\/site\\\/wp-content\\\/uploads\\\/2024\\\/03\\\/Los-casos-de-alcoholemia-al-volante-bajaron-un-68-en-la-provincia-de-Buenos-Aires1.jpeg\",\"keywords\":[\"alcohol cero\",\"alcoholemia\"],\"articleSection\":[\"Provinciales\"],\"inLanguage\":\"es\"},{\"@type\":\"WebPage\",\"@id\":\"https:\\\/\\\/noticiasmercedinas.com\\\/site\\\/2024\\\/03\\\/06\\\/los-casos-de-alcoholemia-al-volante-bajaron-un-68-en-la-provincia-de-buenos-aires\\\/\",\"url\":\"https:\\\/\\\/noticiasmercedinas.com\\\/site\\\/2024\\\/03\\\/06\\\/los-casos-de-alcoholemia-al-volante-bajaron-un-68-en-la-provincia-de-buenos-aires\\\/\",\"name\":\"Los casos de alcoholemia al volante bajaron un 68% en la provincia de Buenos Aires\",\"isPartOf\":{\"@id\":\"https:\\\/\\\/noticiasmercedinas.com\\\/site\\\/#website\"},\"primaryImageOfPage\":{\"@id\":\"https:\\\/\\\/noticiasmercedinas.com\\\/site\\\/2024\\\/03\\\/06\\\/los-casos-de-alcoholemia-al-volante-bajaron-un-68-en-la-provincia-de-buenos-aires\\\/#primaryimage\"},\"image\":{\"@id\":\"https:\\\/\\\/noticiasmercedinas.com\\\/site\\\/2024\\\/03\\\/06\\\/los-casos-de-alcoholemia-al-volante-bajaron-un-68-en-la-provincia-de-buenos-aires\\\/#primaryimage\"},\"thumbnailUrl\":\"https:\\\/\\\/noticiasmercedinas.com\\\/site\\\/wp-content\\\/uploads\\\/2024\\\/03\\\/Los-casos-de-alcoholemia-al-volante-bajaron-un-68-en-la-provincia-de-Buenos-Aires1.jpeg\",\"datePublished\":\"2024-03-06T11:37:24+00:00\",\"breadcrumb\":{\"@id\":\"https:\\\/\\\/noticiasmercedinas.com\\\/site\\\/2024\\\/03\\\/06\\\/los-casos-de-alcoholemia-al-volante-bajaron-un-68-en-la-provincia-de-buenos-aires\\\/#breadcrumb\"},\"inLanguage\":\"es\",\"potentialAction\":[{\"@type\":\"ReadAction\",\"target\":[\"https:\\\/\\\/noticiasmercedinas.com\\\/site\\\/2024\\\/03\\\/06\\\/los-casos-de-alcoholemia-al-volante-bajaron-un-68-en-la-provincia-de-buenos-aires\\\/\"]}]},{\"@type\":\"ImageObject\",\"inLanguage\":\"es\",\"@id\":\"https:\\\/\\\/noticiasmercedinas.com\\\/site\\\/2024\\\/03\\\/06\\\/los-casos-de-alcoholemia-al-volante-bajaron-un-68-en-la-provincia-de-buenos-aires\\\/#primaryimage\",\"url\":\"https:\\\/\\\/noticiasmercedinas.com\\\/site\\\/wp-content\\\/uploads\\\/2024\\\/03\\\/Los-casos-de-alcoholemia-al-volante-bajaron-un-68-en-la-provincia-de-Buenos-Aires1.jpeg\",\"contentUrl\":\"https:\\\/\\\/noticiasmercedinas.com\\\/site\\\/wp-content\\\/uploads\\\/2024\\\/03\\\/Los-casos-de-alcoholemia-al-volante-bajaron-un-68-en-la-provincia-de-Buenos-Aires1.jpeg\",\"width\":1600,\"height\":1066},{\"@type\":\"BreadcrumbList\",\"@id\":\"https:\\\/\\\/noticiasmercedinas.com\\\/site\\\/2024\\\/03\\\/06\\\/los-casos-de-alcoholemia-al-volante-bajaron-un-68-en-la-provincia-de-buenos-aires\\\/#breadcrumb\",\"itemListElement\":[{\"@type\":\"ListItem\",\"position\":1,\"name\":\"Portada\",\"item\":\"https:\\\/\\\/noticiasmercedinas.com\\\/site\\\/\"},{\"@type\":\"ListItem\",\"position\":2,\"name\":\"Los casos de alcoholemia al volante bajaron un 68% en la provincia de Buenos Aires\"}]},{\"@type\":\"WebSite\",\"@id\":\"https:\\\/\\\/noticiasmercedinas.com\\\/site\\\/#website\",\"url\":\"https:\\\/\\\/noticiasmercedinas.com\\\/site\\\/\",\"name\":\"NOTICIASMERCEDINAS.COM\",\"description\":\"Mercedes, Buenos Aires, Argentina\",\"publisher\":{\"@id\":\"https:\\\/\\\/noticiasmercedinas.com\\\/site\\\/#organization\"},\"potentialAction\":[{\"@type\":\"SearchAction\",\"target\":{\"@type\":\"EntryPoint\",\"urlTemplate\":\"https:\\\/\\\/noticiasmercedinas.com\\\/site\\\/?s={search_term_string}\"},\"query-input\":{\"@type\":\"PropertyValueSpecification\",\"valueRequired\":true,\"valueName\":\"search_term_string\"}}],\"inLanguage\":\"es\"},{\"@type\":\"Organization\",\"@id\":\"https:\\\/\\\/noticiasmercedinas.com\\\/site\\\/#organization\",\"name\":\"NOTICIASMERCEDINAS.COM\",\"url\":\"https:\\\/\\\/noticiasmercedinas.com\\\/site\\\/\",\"logo\":{\"@type\":\"ImageObject\",\"inLanguage\":\"es\",\"@id\":\"https:\\\/\\\/noticiasmercedinas.com\\\/site\\\/#\\\/schema\\\/logo\\\/image\\\/\",\"url\":\"https:\\\/\\\/noticiasmercedinas.com\\\/site\\\/wp-content\\\/uploads\\\/2020\\\/06\\\/LOGO-512.jpg\",\"contentUrl\":\"https:\\\/\\\/noticiasmercedinas.com\\\/site\\\/wp-content\\\/uploads\\\/2020\\\/06\\\/LOGO-512.jpg\",\"width\":512,\"height\":512,\"caption\":\"NOTICIASMERCEDINAS.COM\"},\"image\":{\"@id\":\"https:\\\/\\\/noticiasmercedinas.com\\\/site\\\/#\\\/schema\\\/logo\\\/image\\\/\"},\"sameAs\":[\"https:\\\/\\\/www.facebook.com\\\/noticiasmercedinas\\\/\",\"https:\\\/\\\/x.com\\\/notmercedinas\",\"https:\\\/\\\/www.instagram.com\\\/noticiasmercedinas\\\/\"]},{\"@type\":\"Person\",\"@id\":\"https:\\\/\\\/noticiasmercedinas.com\\\/site\\\/#\\\/schema\\\/person\\\/84b59c099c28ff2e8b77d4ceec5d8063\",\"name\":\"NOTICIASMERCEDINAS.COM\",\"image\":{\"@type\":\"ImageObject\",\"inLanguage\":\"es\",\"@id\":\"https:\\\/\\\/secure.gravatar.com\\\/avatar\\\/4dfbf16b4d17945bfb6341b2d19043457132fcf478a5ee04f42e959fd8f5df0a?s=96&d=mm&r=g\",\"url\":\"https:\\\/\\\/secure.gravatar.com\\\/avatar\\\/4dfbf16b4d17945bfb6341b2d19043457132fcf478a5ee04f42e959fd8f5df0a?s=96&d=mm&r=g\",\"contentUrl\":\"https:\\\/\\\/secure.gravatar.com\\\/avatar\\\/4dfbf16b4d17945bfb6341b2d19043457132fcf478a5ee04f42e959fd8f5df0a?s=96&d=mm&r=g\",\"caption\":\"NOTICIASMERCEDINAS.COM\"},\"url\":\"https:\\\/\\\/noticiasmercedinas.com\\\/site\\\/author\\\/anonimo\\\/\"}]}<\/script>\n<!-- \/ Yoast SEO plugin. -->","yoast_head_json":{"title":"Los casos de alcoholemia al volante bajaron un 68% en la provincia de Buenos Aires","robots":{"index":"index","follow":"follow","max-snippet":"max-snippet:-1","max-image-preview":"max-image-preview:large","max-video-preview":"max-video-preview:-1"},"canonical":"https:\/\/noticiasmercedinas.com\/site\/2024\/03\/06\/los-casos-de-alcoholemia-al-volante-bajaron-un-68-en-la-provincia-de-buenos-aires\/","og_locale":"es_ES","og_type":"article","og_title":"Los casos de alcoholemia al volante bajaron un 68% en la provincia de Buenos Aires","og_description":"\u25a0\u00a0Gracias a la Ley de Alcohol Cero, que rige desde el 1 de enero de 2023 y que fue impulsada por el ministro de Transporte bonaerense, Jorge D\u2019Onofrio, los casos positivos en conductores y conductoras se redujeron","og_url":"https:\/\/noticiasmercedinas.com\/site\/2024\/03\/06\/los-casos-de-alcoholemia-al-volante-bajaron-un-68-en-la-provincia-de-buenos-aires\/","og_site_name":"NOTICIASMERCEDINAS.COM","article_publisher":"https:\/\/www.facebook.com\/noticiasmercedinas\/","article_published_time":"2024-03-06T11:37:24+00:00","og_image":[{"width":1600,"height":1066,"url":"https:\/\/noticiasmercedinas.com\/site\/wp-content\/uploads\/2024\/03\/Los-casos-de-alcoholemia-al-volante-bajaron-un-68-en-la-provincia-de-Buenos-Aires1.jpeg","type":"image\/jpeg"}],"author":"NOTICIASMERCEDINAS.COM","twitter_card":"summary_large_image","twitter_creator":"@notmercedinas","twitter_site":"@notmercedinas","twitter_misc":{"Escrito por":"NOTICIASMERCEDINAS.COM","Tiempo de lectura":"3 minutos"},"schema":{"@context":"https:\/\/schema.org","@graph":[{"@type":"Article","@id":"https:\/\/noticiasmercedinas.com\/site\/2024\/03\/06\/los-casos-de-alcoholemia-al-volante-bajaron-un-68-en-la-provincia-de-buenos-aires\/#article","isPartOf":{"@id":"https:\/\/noticiasmercedinas.com\/site\/2024\/03\/06\/los-casos-de-alcoholemia-al-volante-bajaron-un-68-en-la-provincia-de-buenos-aires\/"},"author":{"name":"NOTICIASMERCEDINAS.COM","@id":"https:\/\/noticiasmercedinas.com\/site\/#\/schema\/person\/84b59c099c28ff2e8b77d4ceec5d8063"},"headline":"Los casos de alcoholemia al volante bajaron un 68% en la provincia de Buenos Aires","datePublished":"2024-03-06T11:37:24+00:00","mainEntityOfPage":{"@id":"https:\/\/noticiasmercedinas.com\/site\/2024\/03\/06\/los-casos-de-alcoholemia-al-volante-bajaron-un-68-en-la-provincia-de-buenos-aires\/"},"wordCount":380,"publisher":{"@id":"https:\/\/noticiasmercedinas.com\/site\/#organization"},"image":{"@id":"https:\/\/noticiasmercedinas.com\/site\/2024\/03\/06\/los-casos-de-alcoholemia-al-volante-bajaron-un-68-en-la-provincia-de-buenos-aires\/#primaryimage"},"thumbnailUrl":"https:\/\/noticiasmercedinas.com\/site\/wp-content\/uploads\/2024\/03\/Los-casos-de-alcoholemia-al-volante-bajaron-un-68-en-la-provincia-de-Buenos-Aires1.jpeg","keywords":["alcohol cero","alcoholemia"],"articleSection":["Provinciales"],"inLanguage":"es"},{"@type":"WebPage","@id":"https:\/\/noticiasmercedinas.com\/site\/2024\/03\/06\/los-casos-de-alcoholemia-al-volante-bajaron-un-68-en-la-provincia-de-buenos-aires\/","url":"https:\/\/noticiasmercedinas.com\/site\/2024\/03\/06\/los-casos-de-alcoholemia-al-volante-bajaron-un-68-en-la-provincia-de-buenos-aires\/","name":"Los casos de alcoholemia al volante bajaron un 68% en la provincia de Buenos Aires","isPartOf":{"@id":"https:\/\/noticiasmercedinas.com\/site\/#website"},"primaryImageOfPage":{"@id":"https:\/\/noticiasmercedinas.com\/site\/2024\/03\/06\/los-casos-de-alcoholemia-al-volante-bajaron-un-68-en-la-provincia-de-buenos-aires\/#primaryimage"},"image":{"@id":"https:\/\/noticiasmercedinas.com\/site\/2024\/03\/06\/los-casos-de-alcoholemia-al-volante-bajaron-un-68-en-la-provincia-de-buenos-aires\/#primaryimage"},"thumbnailUrl":"https:\/\/noticiasmercedinas.com\/site\/wp-content\/uploads\/2024\/03\/Los-casos-de-alcoholemia-al-volante-bajaron-un-68-en-la-provincia-de-Buenos-Aires1.jpeg","datePublished":"2024-03-06T11:37:24+00:00","breadcrumb":{"@id":"https:\/\/noticiasmercedinas.com\/site\/2024\/03\/06\/los-casos-de-alcoholemia-al-volante-bajaron-un-68-en-la-provincia-de-buenos-aires\/#breadcrumb"},"inLanguage":"es","potentialAction":[{"@type":"ReadAction","target":["https:\/\/noticiasmercedinas.com\/site\/2024\/03\/06\/los-casos-de-alcoholemia-al-volante-bajaron-un-68-en-la-provincia-de-buenos-aires\/"]}]},{"@type":"ImageObject","inLanguage":"es","@id":"https:\/\/noticiasmercedinas.com\/site\/2024\/03\/06\/los-casos-de-alcoholemia-al-volante-bajaron-un-68-en-la-provincia-de-buenos-aires\/#primaryimage","url":"https:\/\/noticiasmercedinas.com\/site\/wp-content\/uploads\/2024\/03\/Los-casos-de-alcoholemia-al-volante-bajaron-un-68-en-la-provincia-de-Buenos-Aires1.jpeg","contentUrl":"https:\/\/noticiasmercedinas.com\/site\/wp-content\/uploads\/2024\/03\/Los-casos-de-alcoholemia-al-volante-bajaron-un-68-en-la-provincia-de-Buenos-Aires1.jpeg","width":1600,"height":1066},{"@type":"BreadcrumbList","@id":"https:\/\/noticiasmercedinas.com\/site\/2024\/03\/06\/los-casos-de-alcoholemia-al-volante-bajaron-un-68-en-la-provincia-de-buenos-aires\/#breadcrumb","itemListElement":[{"@type":"ListItem","position":1,"name":"Portada","item":"https:\/\/noticiasmercedinas.com\/site\/"},{"@type":"ListItem","position":2,"name":"Los casos de alcoholemia al volante bajaron un 68% en la provincia de Buenos Aires"}]},{"@type":"WebSite","@id":"https:\/\/noticiasmercedinas.com\/site\/#website","url":"https:\/\/noticiasmercedinas.com\/site\/","name":"NOTICIASMERCEDINAS.COM","description":"Mercedes, Buenos Aires, Argentina","publisher":{"@id":"https:\/\/noticiasmercedinas.com\/site\/#organization"},"potentialAction":[{"@type":"SearchAction","target":{"@type":"EntryPoint","urlTemplate":"https:\/\/noticiasmercedinas.com\/site\/?s={search_term_string}"},"query-input":{"@type":"PropertyValueSpecification","valueRequired":true,"valueName":"search_term_string"}}],"inLanguage":"es"},{"@type":"Organization","@id":"https:\/\/noticiasmercedinas.com\/site\/#organization","name":"NOTICIASMERCEDINAS.COM","url":"https:\/\/noticiasmercedinas.com\/site\/","logo":{"@type":"ImageObject","inLanguage":"es","@id":"https:\/\/noticiasmercedinas.com\/site\/#\/schema\/logo\/image\/","url":"https:\/\/noticiasmercedinas.com\/site\/wp-content\/uploads\/2020\/06\/LOGO-512.jpg","contentUrl":"https:\/\/noticiasmercedinas.com\/site\/wp-content\/uploads\/2020\/06\/LOGO-512.jpg","width":512,"height":512,"caption":"NOTICIASMERCEDINAS.COM"},"image":{"@id":"https:\/\/noticiasmercedinas.com\/site\/#\/schema\/logo\/image\/"},"sameAs":["https:\/\/www.facebook.com\/noticiasmercedinas\/","https:\/\/x.com\/notmercedinas","https:\/\/www.instagram.com\/noticiasmercedinas\/"]},{"@type":"Person","@id":"https:\/\/noticiasmercedinas.com\/site\/#\/schema\/person\/84b59c099c28ff2e8b77d4ceec5d8063","name":"NOTICIASMERCEDINAS.COM","image":{"@type":"ImageObject","inLanguage":"es","@id":"https:\/\/secure.gravatar.com\/avatar\/4dfbf16b4d17945bfb6341b2d19043457132fcf478a5ee04f42e959fd8f5df0a?s=96&d=mm&r=g","url":"https:\/\/secure.gravatar.com\/avatar\/4dfbf16b4d17945bfb6341b2d19043457132fcf478a5ee04f42e959fd8f5df0a?s=96&d=mm&r=g","contentUrl":"https:\/\/secure.gravatar.com\/avatar\/4dfbf16b4d17945bfb6341b2d19043457132fcf478a5ee04f42e959fd8f5df0a?s=96&d=mm&r=g","caption":"NOTICIASMERCEDINAS.COM"},"url":"https:\/\/noticiasmercedinas.com\/site\/author\/anonimo\/"}]}},"amp_enabled":true,"_links":{"self":[{"href":"https:\/\/noticiasmercedinas.com\/site\/wp-json\/wp\/v2\/posts\/131919","targetHints":{"allow":["GET"]}}],"collection":[{"href":"https:\/\/noticiasmercedinas.com\/site\/wp-json\/wp\/v2\/posts"}],"about":[{"href":"https:\/\/noticiasmercedinas.com\/site\/wp-json\/wp\/v2\/types\/post"}],"author":[{"embeddable":true,"href":"https:\/\/noticiasmercedinas.com\/site\/wp-json\/wp\/v2\/users\/16"}],"replies":[{"embeddable":true,"href":"https:\/\/noticiasmercedinas.com\/site\/wp-json\/wp\/v2\/comments?post=131919"}],"version-history":[{"count":1,"href":"https:\/\/noticiasmercedinas.com\/site\/wp-json\/wp\/v2\/posts\/131919\/revisions"}],"predecessor-version":[{"id":131921,"href":"https:\/\/noticiasmercedinas.com\/site\/wp-json\/wp\/v2\/posts\/131919\/revisions\/131921"}],"wp:featuredmedia":[{"embeddable":true,"href":"https:\/\/noticiasmercedinas.com\/site\/wp-json\/wp\/v2\/media\/131920"}],"wp:attachment":[{"href":"https:\/\/noticiasmercedinas.com\/site\/wp-json\/wp\/v2\/media?parent=131919"}],"wp:term":[{"taxonomy":"category","embeddable":true,"href":"https:\/\/noticiasmercedinas.com\/site\/wp-json\/wp\/v2\/categories?post=131919"},{"taxonomy":"post_tag","embeddable":true,"href":"https:\/\/noticiasmercedinas.com\/site\/wp-json\/wp\/v2\/tags?post=131919"}],"curies":[{"name":"wp","href":"https:\/\/api.w.org\/{rel}","templated":true}]}}