{"id":131968,"date":"2024-03-07T08:07:07","date_gmt":"2024-03-07T11:07:07","guid":{"rendered":"https:\/\/noticiasmercedinas.com\/site\/?p=131968"},"modified":"2024-03-07T08:07:07","modified_gmt":"2024-03-07T11:07:07","slug":"un-espectaculo-internacional-paso-por-el-centro-cultural-la-trocha-de-mercedes","status":"publish","type":"post","link":"https:\/\/noticiasmercedinas.com\/site\/2024\/03\/07\/un-espectaculo-internacional-paso-por-el-centro-cultural-la-trocha-de-mercedes\/","title":{"rendered":"Un espect\u00e1culo internacional pas\u00f3 por el centro cultural La Trocha de Mercedes"},"content":{"rendered":"<p><img loading=\"lazy\" decoding=\"async\" class=\"alignnone size-full wp-image-131971\" src=\"https:\/\/noticiasmercedinas.com\/site\/wp-content\/uploads\/2024\/03\/MEHA3.jpg\" alt=\"\" width=\"640\" height=\"427\" srcset=\"https:\/\/noticiasmercedinas.com\/site\/wp-content\/uploads\/2024\/03\/MEHA3.jpg 640w, https:\/\/noticiasmercedinas.com\/site\/wp-content\/uploads\/2024\/03\/MEHA3-300x200.jpg 300w\" sizes=\"auto, (max-width: 640px) 100vw, 640px\" \/><\/p>\n<p>El pasado s\u00e1bado por la noche, el galp\u00f3n del centro cultural La Trocha fue testigo de un evento sin precedentes, donde la m\u00fasica, el baile y la cultura se fusionaron en un espect\u00e1culo de nivel internacional. <strong>Jorge Mehaudy<\/strong>, acompa\u00f1ado por el talentoso guitarrista <strong>H\u00e9ctor Romero<\/strong>, present\u00f3 su espect\u00e1culo de flamenco sefarad\u00ed, transportando a los espectadores a un viaje lleno de emociones y virtuosismo.<\/p>\n<p>El recital, que comenz\u00f3 alrededor de las 21:30 ante una sala llena, promet\u00eda una noche inolvidable desde el inicio. Quiz\u00e1 con cierto dejo de timidez inicial, muy r\u00e1pidamente superado, la bailaora y cantante flamenca <strong>Carmen Mesa<\/strong> junto a Romero, interpretaron magistralmente piezas de la cultura flamenca y\u00a0 tambi\u00e9n rindieron homenaje al gran Astor Piazzolla.<\/p>\n<p><img loading=\"lazy\" decoding=\"async\" class=\"alignnone size-full wp-image-131972\" src=\"https:\/\/noticiasmercedinas.com\/site\/wp-content\/uploads\/2024\/03\/MEHA1.jpg\" alt=\"\" width=\"640\" height=\"379\" srcset=\"https:\/\/noticiasmercedinas.com\/site\/wp-content\/uploads\/2024\/03\/MEHA1.jpg 640w, https:\/\/noticiasmercedinas.com\/site\/wp-content\/uploads\/2024\/03\/MEHA1-300x178.jpg 300w\" sizes=\"auto, (max-width: 640px) 100vw, 640px\" \/><\/p>\n<p>Conforme avanzaba la velada, las ejecuciones se intensificaron, destac\u00e1ndose la destreza y t\u00e9cnica del guitarrista, as\u00ed como la soltura y maestr\u00eda de la bailaora espa\u00f1ola. El percusionista <strong>Marcelo Giorgione<\/strong> se uni\u00f3 al d\u00fao, a\u00f1adiendo una vibrante dimensi\u00f3n r\u00edtmica a la actuaci\u00f3n, en parte junto a 4 integrantes de <strong>Drumritmia<\/strong> que sumaron sus instrumentos percusivos.<\/p>\n<blockquote><p>Mehaudy no solo deslumbr\u00f3 con su talento musical, sino que tambi\u00e9n comparti\u00f3 con el p\u00fablico su profundo conocimiento de la riqueza cultural e hist\u00f3rica del sefarad\u00ed.<\/p><\/blockquote>\n<p>El espect\u00e1culo tambi\u00e9n cont\u00f3 con la participaci\u00f3n de<strong> Eve Riquelme<\/strong>, cuyas impresionantes ejecuciones de baile completaron la escena, mientras el p\u00fablico esperaba la llegada del artista principal, Jorge Mehaudy.<\/p>\n<p>Mehaudy no solo deslumbr\u00f3 con su talento musical, sino que tambi\u00e9n comparti\u00f3 con el p\u00fablico su profundo conocimiento de la riqueza cultural e hist\u00f3rica del sefarad\u00ed. A trav\u00e9s de sus interpretaciones y explicaciones, dialog\u00f3 con la audiencia sobre el legado de esta tradici\u00f3n y su impacto en la cultura espa\u00f1ola. Asimismo tuvo espacio para inviar a escena a 4 integrante del coro<strong> Ars Pulchra<\/strong> para sumarlos a su ejecuci\u00f3n vocal.<\/p>\n<p><img loading=\"lazy\" decoding=\"async\" class=\"alignnone size-full wp-image-131970\" src=\"https:\/\/noticiasmercedinas.com\/site\/wp-content\/uploads\/2024\/03\/MEHA2.jpg\" alt=\"\" width=\"640\" height=\"387\" srcset=\"https:\/\/noticiasmercedinas.com\/site\/wp-content\/uploads\/2024\/03\/MEHA2.jpg 640w, https:\/\/noticiasmercedinas.com\/site\/wp-content\/uploads\/2024\/03\/MEHA2-300x181.jpg 300w\" sizes=\"auto, (max-width: 640px) 100vw, 640px\" \/><\/p>\n<p>El ambiente festivo se prolong\u00f3 con Mehaudy interpretando sus \u00e9xitos comerciales de d\u00e9cadas pasadas, como \u00abSe mete, se mete\u00bb de los a\u00f1os 70 y \u00abEl patotero\u00bb en ritmo de cumbia de los 90, demostrando su versatilidad como compositor y artista.<\/p>\n<p>El p\u00fablico, entregado a la energ\u00eda del espect\u00e1culo, no pudo resistirse a bailar, zapatear y aplaudir al ritmo de la m\u00fasica, disfrutando de una noche que ofreci\u00f3 no solo un despliegue art\u00edstico impresionante, sino tambi\u00e9n una experiencia cultural y humana enriquecedora.<\/p>\n<p>El evento del s\u00e1bado pasado en Mercedes no solo fue un espect\u00e1culo de nivel internacional, sino tambi\u00e9n un testimonio del talento y la pasi\u00f3n de grandes artistas convocados por Jorge Mehaudy, un referente indiscutible en la escena cultural de la ciudad.<\/p>\n<p><img loading=\"lazy\" decoding=\"async\" class=\"alignnone size-full wp-image-131969\" src=\"https:\/\/noticiasmercedinas.com\/site\/wp-content\/uploads\/2024\/03\/MEHA4.jpg\" alt=\"\" width=\"640\" height=\"427\" srcset=\"https:\/\/noticiasmercedinas.com\/site\/wp-content\/uploads\/2024\/03\/MEHA4.jpg 640w, https:\/\/noticiasmercedinas.com\/site\/wp-content\/uploads\/2024\/03\/MEHA4-300x200.jpg 300w\" sizes=\"auto, (max-width: 640px) 100vw, 640px\" \/><\/p>\n","protected":false},"excerpt":{"rendered":"<p>\u25a0 Jorge Mehaudy, acompa\u00f1ado por el talentoso guitarrista H\u00e9ctor Romero y varios artistas, present\u00f3 su espect\u00e1culo de flamenco sefarad\u00ed, e invit\u00f3 a un viaje lleno de emociones y virtuosismo.<\/p>\n","protected":false},"author":16,"featured_media":131971,"comment_status":"closed","ping_status":"closed","sticky":false,"template":"","format":"standard","meta":{"footnotes":""},"categories":[4],"tags":[18017,2032,15446,290,2676,17970],"class_list":["post-131968","post","type-post","status-publish","format-standard","has-post-thumbnail","hentry","category-cultura","tag-carmen-mesa","tag-flamenco","tag-hector-romero","tag-jorge-mehaudy","tag-marcelo-giorgione","tag-musica-sefaradi"],"yoast_head":"<!-- This site is optimized with the Yoast SEO plugin v27.4 - https:\/\/yoast.com\/product\/yoast-seo-wordpress\/ -->\n<title>Un espect\u00e1culo internacional pas\u00f3 por el centro cultural La Trocha de Mercedes<\/title>\n<meta name=\"robots\" content=\"index, follow, max-snippet:-1, max-image-preview:large, max-video-preview:-1\" \/>\n<link rel=\"canonical\" href=\"https:\/\/noticiasmercedinas.com\/site\/2024\/03\/07\/un-espectaculo-internacional-paso-por-el-centro-cultural-la-trocha-de-mercedes\/\" \/>\n<meta property=\"og:locale\" content=\"es_ES\" \/>\n<meta property=\"og:type\" content=\"article\" \/>\n<meta property=\"og:title\" content=\"Un espect\u00e1culo internacional pas\u00f3 por el centro cultural La Trocha de Mercedes\" \/>\n<meta property=\"og:description\" content=\"\u25a0 Jorge Mehaudy, acompa\u00f1ado por el talentoso guitarrista H\u00e9ctor Romero y varios artistas, present\u00f3 su espect\u00e1culo de flamenco sefarad\u00ed, e invit\u00f3 a un viaje lleno de emociones y virtuosismo.\" \/>\n<meta property=\"og:url\" content=\"https:\/\/noticiasmercedinas.com\/site\/2024\/03\/07\/un-espectaculo-internacional-paso-por-el-centro-cultural-la-trocha-de-mercedes\/\" \/>\n<meta property=\"og:site_name\" content=\"NOTICIASMERCEDINAS.COM\" \/>\n<meta property=\"article:publisher\" content=\"https:\/\/www.facebook.com\/noticiasmercedinas\/\" \/>\n<meta property=\"article:published_time\" content=\"2024-03-07T11:07:07+00:00\" \/>\n<meta property=\"og:image\" content=\"https:\/\/noticiasmercedinas.com\/site\/wp-content\/uploads\/2024\/03\/MEHA3.jpg\" \/>\n\t<meta property=\"og:image:width\" content=\"640\" \/>\n\t<meta property=\"og:image:height\" content=\"427\" \/>\n\t<meta property=\"og:image:type\" content=\"image\/jpeg\" \/>\n<meta name=\"author\" content=\"NOTICIASMERCEDINAS.COM\" \/>\n<meta name=\"twitter:card\" content=\"summary_large_image\" \/>\n<meta name=\"twitter:creator\" content=\"@notmercedinas\" \/>\n<meta name=\"twitter:site\" content=\"@notmercedinas\" \/>\n<meta name=\"twitter:label1\" content=\"Escrito por\" \/>\n\t<meta name=\"twitter:data1\" content=\"NOTICIASMERCEDINAS.COM\" \/>\n\t<meta name=\"twitter:label2\" content=\"Tiempo de lectura\" \/>\n\t<meta name=\"twitter:data2\" content=\"3 minutos\" \/>\n<script type=\"application\/ld+json\" class=\"yoast-schema-graph\">{\"@context\":\"https:\\\/\\\/schema.org\",\"@graph\":[{\"@type\":\"Article\",\"@id\":\"https:\\\/\\\/noticiasmercedinas.com\\\/site\\\/2024\\\/03\\\/07\\\/un-espectaculo-internacional-paso-por-el-centro-cultural-la-trocha-de-mercedes\\\/#article\",\"isPartOf\":{\"@id\":\"https:\\\/\\\/noticiasmercedinas.com\\\/site\\\/2024\\\/03\\\/07\\\/un-espectaculo-internacional-paso-por-el-centro-cultural-la-trocha-de-mercedes\\\/\"},\"author\":{\"name\":\"NOTICIASMERCEDINAS.COM\",\"@id\":\"https:\\\/\\\/noticiasmercedinas.com\\\/site\\\/#\\\/schema\\\/person\\\/84b59c099c28ff2e8b77d4ceec5d8063\"},\"headline\":\"Un espect\u00e1culo internacional pas\u00f3 por el centro cultural La Trocha de Mercedes\",\"datePublished\":\"2024-03-07T11:07:07+00:00\",\"mainEntityOfPage\":{\"@id\":\"https:\\\/\\\/noticiasmercedinas.com\\\/site\\\/2024\\\/03\\\/07\\\/un-espectaculo-internacional-paso-por-el-centro-cultural-la-trocha-de-mercedes\\\/\"},\"wordCount\":471,\"publisher\":{\"@id\":\"https:\\\/\\\/noticiasmercedinas.com\\\/site\\\/#organization\"},\"image\":{\"@id\":\"https:\\\/\\\/noticiasmercedinas.com\\\/site\\\/2024\\\/03\\\/07\\\/un-espectaculo-internacional-paso-por-el-centro-cultural-la-trocha-de-mercedes\\\/#primaryimage\"},\"thumbnailUrl\":\"https:\\\/\\\/noticiasmercedinas.com\\\/site\\\/wp-content\\\/uploads\\\/2024\\\/03\\\/MEHA3.jpg\",\"keywords\":[\"carmen mesa\",\"flamenco\",\"H\u00e9ctor Romero\",\"jorge mehaudy\",\"marcelo giorgione\",\"musica sefaradi\"],\"articleSection\":[\"Cultura\"],\"inLanguage\":\"es\"},{\"@type\":\"WebPage\",\"@id\":\"https:\\\/\\\/noticiasmercedinas.com\\\/site\\\/2024\\\/03\\\/07\\\/un-espectaculo-internacional-paso-por-el-centro-cultural-la-trocha-de-mercedes\\\/\",\"url\":\"https:\\\/\\\/noticiasmercedinas.com\\\/site\\\/2024\\\/03\\\/07\\\/un-espectaculo-internacional-paso-por-el-centro-cultural-la-trocha-de-mercedes\\\/\",\"name\":\"Un espect\u00e1culo internacional pas\u00f3 por el centro cultural La Trocha de Mercedes\",\"isPartOf\":{\"@id\":\"https:\\\/\\\/noticiasmercedinas.com\\\/site\\\/#website\"},\"primaryImageOfPage\":{\"@id\":\"https:\\\/\\\/noticiasmercedinas.com\\\/site\\\/2024\\\/03\\\/07\\\/un-espectaculo-internacional-paso-por-el-centro-cultural-la-trocha-de-mercedes\\\/#primaryimage\"},\"image\":{\"@id\":\"https:\\\/\\\/noticiasmercedinas.com\\\/site\\\/2024\\\/03\\\/07\\\/un-espectaculo-internacional-paso-por-el-centro-cultural-la-trocha-de-mercedes\\\/#primaryimage\"},\"thumbnailUrl\":\"https:\\\/\\\/noticiasmercedinas.com\\\/site\\\/wp-content\\\/uploads\\\/2024\\\/03\\\/MEHA3.jpg\",\"datePublished\":\"2024-03-07T11:07:07+00:00\",\"breadcrumb\":{\"@id\":\"https:\\\/\\\/noticiasmercedinas.com\\\/site\\\/2024\\\/03\\\/07\\\/un-espectaculo-internacional-paso-por-el-centro-cultural-la-trocha-de-mercedes\\\/#breadcrumb\"},\"inLanguage\":\"es\",\"potentialAction\":[{\"@type\":\"ReadAction\",\"target\":[\"https:\\\/\\\/noticiasmercedinas.com\\\/site\\\/2024\\\/03\\\/07\\\/un-espectaculo-internacional-paso-por-el-centro-cultural-la-trocha-de-mercedes\\\/\"]}]},{\"@type\":\"ImageObject\",\"inLanguage\":\"es\",\"@id\":\"https:\\\/\\\/noticiasmercedinas.com\\\/site\\\/2024\\\/03\\\/07\\\/un-espectaculo-internacional-paso-por-el-centro-cultural-la-trocha-de-mercedes\\\/#primaryimage\",\"url\":\"https:\\\/\\\/noticiasmercedinas.com\\\/site\\\/wp-content\\\/uploads\\\/2024\\\/03\\\/MEHA3.jpg\",\"contentUrl\":\"https:\\\/\\\/noticiasmercedinas.com\\\/site\\\/wp-content\\\/uploads\\\/2024\\\/03\\\/MEHA3.jpg\",\"width\":640,\"height\":427},{\"@type\":\"BreadcrumbList\",\"@id\":\"https:\\\/\\\/noticiasmercedinas.com\\\/site\\\/2024\\\/03\\\/07\\\/un-espectaculo-internacional-paso-por-el-centro-cultural-la-trocha-de-mercedes\\\/#breadcrumb\",\"itemListElement\":[{\"@type\":\"ListItem\",\"position\":1,\"name\":\"Portada\",\"item\":\"https:\\\/\\\/noticiasmercedinas.com\\\/site\\\/\"},{\"@type\":\"ListItem\",\"position\":2,\"name\":\"Un espect\u00e1culo internacional pas\u00f3 por el centro cultural La Trocha de Mercedes\"}]},{\"@type\":\"WebSite\",\"@id\":\"https:\\\/\\\/noticiasmercedinas.com\\\/site\\\/#website\",\"url\":\"https:\\\/\\\/noticiasmercedinas.com\\\/site\\\/\",\"name\":\"NOTICIASMERCEDINAS.COM\",\"description\":\"Mercedes, Buenos Aires, Argentina\",\"publisher\":{\"@id\":\"https:\\\/\\\/noticiasmercedinas.com\\\/site\\\/#organization\"},\"potentialAction\":[{\"@type\":\"SearchAction\",\"target\":{\"@type\":\"EntryPoint\",\"urlTemplate\":\"https:\\\/\\\/noticiasmercedinas.com\\\/site\\\/?s={search_term_string}\"},\"query-input\":{\"@type\":\"PropertyValueSpecification\",\"valueRequired\":true,\"valueName\":\"search_term_string\"}}],\"inLanguage\":\"es\"},{\"@type\":\"Organization\",\"@id\":\"https:\\\/\\\/noticiasmercedinas.com\\\/site\\\/#organization\",\"name\":\"NOTICIASMERCEDINAS.COM\",\"url\":\"https:\\\/\\\/noticiasmercedinas.com\\\/site\\\/\",\"logo\":{\"@type\":\"ImageObject\",\"inLanguage\":\"es\",\"@id\":\"https:\\\/\\\/noticiasmercedinas.com\\\/site\\\/#\\\/schema\\\/logo\\\/image\\\/\",\"url\":\"https:\\\/\\\/noticiasmercedinas.com\\\/site\\\/wp-content\\\/uploads\\\/2020\\\/06\\\/LOGO-512.jpg\",\"contentUrl\":\"https:\\\/\\\/noticiasmercedinas.com\\\/site\\\/wp-content\\\/uploads\\\/2020\\\/06\\\/LOGO-512.jpg\",\"width\":512,\"height\":512,\"caption\":\"NOTICIASMERCEDINAS.COM\"},\"image\":{\"@id\":\"https:\\\/\\\/noticiasmercedinas.com\\\/site\\\/#\\\/schema\\\/logo\\\/image\\\/\"},\"sameAs\":[\"https:\\\/\\\/www.facebook.com\\\/noticiasmercedinas\\\/\",\"https:\\\/\\\/x.com\\\/notmercedinas\",\"https:\\\/\\\/www.instagram.com\\\/noticiasmercedinas\\\/\"]},{\"@type\":\"Person\",\"@id\":\"https:\\\/\\\/noticiasmercedinas.com\\\/site\\\/#\\\/schema\\\/person\\\/84b59c099c28ff2e8b77d4ceec5d8063\",\"name\":\"NOTICIASMERCEDINAS.COM\",\"image\":{\"@type\":\"ImageObject\",\"inLanguage\":\"es\",\"@id\":\"https:\\\/\\\/secure.gravatar.com\\\/avatar\\\/4dfbf16b4d17945bfb6341b2d19043457132fcf478a5ee04f42e959fd8f5df0a?s=96&d=mm&r=g\",\"url\":\"https:\\\/\\\/secure.gravatar.com\\\/avatar\\\/4dfbf16b4d17945bfb6341b2d19043457132fcf478a5ee04f42e959fd8f5df0a?s=96&d=mm&r=g\",\"contentUrl\":\"https:\\\/\\\/secure.gravatar.com\\\/avatar\\\/4dfbf16b4d17945bfb6341b2d19043457132fcf478a5ee04f42e959fd8f5df0a?s=96&d=mm&r=g\",\"caption\":\"NOTICIASMERCEDINAS.COM\"},\"url\":\"https:\\\/\\\/noticiasmercedinas.com\\\/site\\\/author\\\/anonimo\\\/\"}]}<\/script>\n<!-- \/ Yoast SEO plugin. -->","yoast_head_json":{"title":"Un espect\u00e1culo internacional pas\u00f3 por el centro cultural La Trocha de Mercedes","robots":{"index":"index","follow":"follow","max-snippet":"max-snippet:-1","max-image-preview":"max-image-preview:large","max-video-preview":"max-video-preview:-1"},"canonical":"https:\/\/noticiasmercedinas.com\/site\/2024\/03\/07\/un-espectaculo-internacional-paso-por-el-centro-cultural-la-trocha-de-mercedes\/","og_locale":"es_ES","og_type":"article","og_title":"Un espect\u00e1culo internacional pas\u00f3 por el centro cultural La Trocha de Mercedes","og_description":"\u25a0 Jorge Mehaudy, acompa\u00f1ado por el talentoso guitarrista H\u00e9ctor Romero y varios artistas, present\u00f3 su espect\u00e1culo de flamenco sefarad\u00ed, e invit\u00f3 a un viaje lleno de emociones y virtuosismo.","og_url":"https:\/\/noticiasmercedinas.com\/site\/2024\/03\/07\/un-espectaculo-internacional-paso-por-el-centro-cultural-la-trocha-de-mercedes\/","og_site_name":"NOTICIASMERCEDINAS.COM","article_publisher":"https:\/\/www.facebook.com\/noticiasmercedinas\/","article_published_time":"2024-03-07T11:07:07+00:00","og_image":[{"width":640,"height":427,"url":"https:\/\/noticiasmercedinas.com\/site\/wp-content\/uploads\/2024\/03\/MEHA3.jpg","type":"image\/jpeg"}],"author":"NOTICIASMERCEDINAS.COM","twitter_card":"summary_large_image","twitter_creator":"@notmercedinas","twitter_site":"@notmercedinas","twitter_misc":{"Escrito por":"NOTICIASMERCEDINAS.COM","Tiempo de lectura":"3 minutos"},"schema":{"@context":"https:\/\/schema.org","@graph":[{"@type":"Article","@id":"https:\/\/noticiasmercedinas.com\/site\/2024\/03\/07\/un-espectaculo-internacional-paso-por-el-centro-cultural-la-trocha-de-mercedes\/#article","isPartOf":{"@id":"https:\/\/noticiasmercedinas.com\/site\/2024\/03\/07\/un-espectaculo-internacional-paso-por-el-centro-cultural-la-trocha-de-mercedes\/"},"author":{"name":"NOTICIASMERCEDINAS.COM","@id":"https:\/\/noticiasmercedinas.com\/site\/#\/schema\/person\/84b59c099c28ff2e8b77d4ceec5d8063"},"headline":"Un espect\u00e1culo internacional pas\u00f3 por el centro cultural La Trocha de Mercedes","datePublished":"2024-03-07T11:07:07+00:00","mainEntityOfPage":{"@id":"https:\/\/noticiasmercedinas.com\/site\/2024\/03\/07\/un-espectaculo-internacional-paso-por-el-centro-cultural-la-trocha-de-mercedes\/"},"wordCount":471,"publisher":{"@id":"https:\/\/noticiasmercedinas.com\/site\/#organization"},"image":{"@id":"https:\/\/noticiasmercedinas.com\/site\/2024\/03\/07\/un-espectaculo-internacional-paso-por-el-centro-cultural-la-trocha-de-mercedes\/#primaryimage"},"thumbnailUrl":"https:\/\/noticiasmercedinas.com\/site\/wp-content\/uploads\/2024\/03\/MEHA3.jpg","keywords":["carmen mesa","flamenco","H\u00e9ctor Romero","jorge mehaudy","marcelo giorgione","musica sefaradi"],"articleSection":["Cultura"],"inLanguage":"es"},{"@type":"WebPage","@id":"https:\/\/noticiasmercedinas.com\/site\/2024\/03\/07\/un-espectaculo-internacional-paso-por-el-centro-cultural-la-trocha-de-mercedes\/","url":"https:\/\/noticiasmercedinas.com\/site\/2024\/03\/07\/un-espectaculo-internacional-paso-por-el-centro-cultural-la-trocha-de-mercedes\/","name":"Un espect\u00e1culo internacional pas\u00f3 por el centro cultural La Trocha de Mercedes","isPartOf":{"@id":"https:\/\/noticiasmercedinas.com\/site\/#website"},"primaryImageOfPage":{"@id":"https:\/\/noticiasmercedinas.com\/site\/2024\/03\/07\/un-espectaculo-internacional-paso-por-el-centro-cultural-la-trocha-de-mercedes\/#primaryimage"},"image":{"@id":"https:\/\/noticiasmercedinas.com\/site\/2024\/03\/07\/un-espectaculo-internacional-paso-por-el-centro-cultural-la-trocha-de-mercedes\/#primaryimage"},"thumbnailUrl":"https:\/\/noticiasmercedinas.com\/site\/wp-content\/uploads\/2024\/03\/MEHA3.jpg","datePublished":"2024-03-07T11:07:07+00:00","breadcrumb":{"@id":"https:\/\/noticiasmercedinas.com\/site\/2024\/03\/07\/un-espectaculo-internacional-paso-por-el-centro-cultural-la-trocha-de-mercedes\/#breadcrumb"},"inLanguage":"es","potentialAction":[{"@type":"ReadAction","target":["https:\/\/noticiasmercedinas.com\/site\/2024\/03\/07\/un-espectaculo-internacional-paso-por-el-centro-cultural-la-trocha-de-mercedes\/"]}]},{"@type":"ImageObject","inLanguage":"es","@id":"https:\/\/noticiasmercedinas.com\/site\/2024\/03\/07\/un-espectaculo-internacional-paso-por-el-centro-cultural-la-trocha-de-mercedes\/#primaryimage","url":"https:\/\/noticiasmercedinas.com\/site\/wp-content\/uploads\/2024\/03\/MEHA3.jpg","contentUrl":"https:\/\/noticiasmercedinas.com\/site\/wp-content\/uploads\/2024\/03\/MEHA3.jpg","width":640,"height":427},{"@type":"BreadcrumbList","@id":"https:\/\/noticiasmercedinas.com\/site\/2024\/03\/07\/un-espectaculo-internacional-paso-por-el-centro-cultural-la-trocha-de-mercedes\/#breadcrumb","itemListElement":[{"@type":"ListItem","position":1,"name":"Portada","item":"https:\/\/noticiasmercedinas.com\/site\/"},{"@type":"ListItem","position":2,"name":"Un espect\u00e1culo internacional pas\u00f3 por el centro cultural La Trocha de Mercedes"}]},{"@type":"WebSite","@id":"https:\/\/noticiasmercedinas.com\/site\/#website","url":"https:\/\/noticiasmercedinas.com\/site\/","name":"NOTICIASMERCEDINAS.COM","description":"Mercedes, Buenos Aires, Argentina","publisher":{"@id":"https:\/\/noticiasmercedinas.com\/site\/#organization"},"potentialAction":[{"@type":"SearchAction","target":{"@type":"EntryPoint","urlTemplate":"https:\/\/noticiasmercedinas.com\/site\/?s={search_term_string}"},"query-input":{"@type":"PropertyValueSpecification","valueRequired":true,"valueName":"search_term_string"}}],"inLanguage":"es"},{"@type":"Organization","@id":"https:\/\/noticiasmercedinas.com\/site\/#organization","name":"NOTICIASMERCEDINAS.COM","url":"https:\/\/noticiasmercedinas.com\/site\/","logo":{"@type":"ImageObject","inLanguage":"es","@id":"https:\/\/noticiasmercedinas.com\/site\/#\/schema\/logo\/image\/","url":"https:\/\/noticiasmercedinas.com\/site\/wp-content\/uploads\/2020\/06\/LOGO-512.jpg","contentUrl":"https:\/\/noticiasmercedinas.com\/site\/wp-content\/uploads\/2020\/06\/LOGO-512.jpg","width":512,"height":512,"caption":"NOTICIASMERCEDINAS.COM"},"image":{"@id":"https:\/\/noticiasmercedinas.com\/site\/#\/schema\/logo\/image\/"},"sameAs":["https:\/\/www.facebook.com\/noticiasmercedinas\/","https:\/\/x.com\/notmercedinas","https:\/\/www.instagram.com\/noticiasmercedinas\/"]},{"@type":"Person","@id":"https:\/\/noticiasmercedinas.com\/site\/#\/schema\/person\/84b59c099c28ff2e8b77d4ceec5d8063","name":"NOTICIASMERCEDINAS.COM","image":{"@type":"ImageObject","inLanguage":"es","@id":"https:\/\/secure.gravatar.com\/avatar\/4dfbf16b4d17945bfb6341b2d19043457132fcf478a5ee04f42e959fd8f5df0a?s=96&d=mm&r=g","url":"https:\/\/secure.gravatar.com\/avatar\/4dfbf16b4d17945bfb6341b2d19043457132fcf478a5ee04f42e959fd8f5df0a?s=96&d=mm&r=g","contentUrl":"https:\/\/secure.gravatar.com\/avatar\/4dfbf16b4d17945bfb6341b2d19043457132fcf478a5ee04f42e959fd8f5df0a?s=96&d=mm&r=g","caption":"NOTICIASMERCEDINAS.COM"},"url":"https:\/\/noticiasmercedinas.com\/site\/author\/anonimo\/"}]}},"amp_enabled":true,"_links":{"self":[{"href":"https:\/\/noticiasmercedinas.com\/site\/wp-json\/wp\/v2\/posts\/131968","targetHints":{"allow":["GET"]}}],"collection":[{"href":"https:\/\/noticiasmercedinas.com\/site\/wp-json\/wp\/v2\/posts"}],"about":[{"href":"https:\/\/noticiasmercedinas.com\/site\/wp-json\/wp\/v2\/types\/post"}],"author":[{"embeddable":true,"href":"https:\/\/noticiasmercedinas.com\/site\/wp-json\/wp\/v2\/users\/16"}],"replies":[{"embeddable":true,"href":"https:\/\/noticiasmercedinas.com\/site\/wp-json\/wp\/v2\/comments?post=131968"}],"version-history":[{"count":1,"href":"https:\/\/noticiasmercedinas.com\/site\/wp-json\/wp\/v2\/posts\/131968\/revisions"}],"predecessor-version":[{"id":131973,"href":"https:\/\/noticiasmercedinas.com\/site\/wp-json\/wp\/v2\/posts\/131968\/revisions\/131973"}],"wp:featuredmedia":[{"embeddable":true,"href":"https:\/\/noticiasmercedinas.com\/site\/wp-json\/wp\/v2\/media\/131971"}],"wp:attachment":[{"href":"https:\/\/noticiasmercedinas.com\/site\/wp-json\/wp\/v2\/media?parent=131968"}],"wp:term":[{"taxonomy":"category","embeddable":true,"href":"https:\/\/noticiasmercedinas.com\/site\/wp-json\/wp\/v2\/categories?post=131968"},{"taxonomy":"post_tag","embeddable":true,"href":"https:\/\/noticiasmercedinas.com\/site\/wp-json\/wp\/v2\/tags?post=131968"}],"curies":[{"name":"wp","href":"https:\/\/api.w.org\/{rel}","templated":true}]}}