{"id":132172,"date":"2024-03-10T20:00:08","date_gmt":"2024-03-10T23:00:08","guid":{"rendered":"https:\/\/noticiasmercedinas.com\/site\/?p=132172"},"modified":"2024-03-10T20:00:08","modified_gmt":"2024-03-10T23:00:08","slug":"detenido-en-mercedes-por-abuso-sexual-agravado-a-menor-fiscalia-actua","status":"publish","type":"post","link":"https:\/\/noticiasmercedinas.com\/site\/2024\/03\/10\/detenido-en-mercedes-por-abuso-sexual-agravado-a-menor-fiscalia-actua\/","title":{"rendered":"Detenido en Mercedes por abuso sexual agravado a menor: Fiscal\u00eda act\u00faa"},"content":{"rendered":"<p><img loading=\"lazy\" decoding=\"async\" class=\"alignnone size-full wp-image-120908\" src=\"https:\/\/noticiasmercedinas.com\/site\/wp-content\/uploads\/2023\/08\/fiscalia.jpg\" alt=\"\" width=\"640\" height=\"488\" srcset=\"https:\/\/noticiasmercedinas.com\/site\/wp-content\/uploads\/2023\/08\/fiscalia.jpg 640w, https:\/\/noticiasmercedinas.com\/site\/wp-content\/uploads\/2023\/08\/fiscalia-300x229.jpg 300w, https:\/\/noticiasmercedinas.com\/site\/wp-content\/uploads\/2023\/08\/fiscalia-80x60.jpg 80w, https:\/\/noticiasmercedinas.com\/site\/wp-content\/uploads\/2023\/08\/fiscalia-100x75.jpg 100w\" sizes=\"auto, (max-width: 640px) 100vw, 640px\" \/><\/p>\n<p>En una operaci\u00f3n coordinada entre la Fiscal\u00eda y la polic\u00eda local, un individuo fue detenido el pasado mi\u00e9rcoles 7 en la ciudad de Mercedes, tras enfrentar graves acusaciones de abuso sexual agravado en perjuicio de una menor. La acci\u00f3n se llev\u00f3 a cabo despu\u00e9s de que la ex pareja del acusado presentara una denuncia en 2019, tras ser informada por la v\u00edctima.<\/p>\n<p>El sujeto, cuya identidad no ha sido revelada, se presume que cometi\u00f3 los abusos entre los a\u00f1os 2018 y 2021, aprovechando su relaci\u00f3n de convivencia con la v\u00edctima para perpetrar los delitos. A pesar de medidas de restricci\u00f3n previas, el individuo desoy\u00f3 las \u00f3rdenes y lleg\u00f3 incluso a amenazar a la madre de la menor.<\/p>\n<p>El detenido, de 28 a\u00f1os y residente en Mercedes, compareci\u00f3 ante el agente fiscal en una audiencia realizada este viernes 8, enfrentando cargos por \u00abAbuso sexual simple agravado por ser el encargado de la guarda y por su comisi\u00f3n contra una menor de edad, aprovechando la convivencia preexistente\u00bb, en cuatro ocasiones, as\u00ed como por \u00abAbuso sexual simple agravado por ser el encargado de la guarda y por su comisi\u00f3n contra una menor de edad, aprovechando la convivencia preexistente en grado de tentativa\u00bb, adem\u00e1s de \u00abAmenazas simples\u00bb.<\/p>\n<p>La Unidad Funcional de Instrucci\u00f3n N\u00ba 6 del Departamento Judicial Mercedes, bajo la direcci\u00f3n del<strong> Dr. Luis Carcagno<\/strong>, lider\u00f3 las investigaciones y recopil\u00f3 pruebas sustanciales para respaldar las acusaciones. La orden de detenci\u00f3n fue concedida por el Juzgado de Garant\u00edas N\u00b0 1, a cargo del <strong>Dr. Marcelo Romero<\/strong>, y ejecutada por las autoridades pertinentes.<\/p>\n","protected":false},"excerpt":{"rendered":"<p>\u25a0 El sujeto, cuya identidad no ha sido revelada, se presume que cometi\u00f3 los abusos entre los a\u00f1os 2018 y 2021, aprovechando su relaci\u00f3n de convivencia con la v\u00edctima para perpetrar los delitos.<\/p>\n","protected":false},"author":16,"featured_media":120908,"comment_status":"closed","ping_status":"closed","sticky":false,"template":"","format":"standard","meta":{"footnotes":""},"categories":[7],"tags":[3013,17146,341],"class_list":["post-132172","post","type-post","status-publish","format-standard","has-post-thumbnail","hentry","category-policiales","tag-abuso-sexual","tag-detenido","tag-fiscalia"],"yoast_head":"<!-- This site is optimized with the Yoast SEO plugin v27.5 - https:\/\/yoast.com\/product\/yoast-seo-wordpress\/ -->\n<title>Detenido en Mercedes por abuso sexual agravado a menor: Fiscal\u00eda act\u00faa<\/title>\n<meta name=\"robots\" content=\"index, follow, max-snippet:-1, max-image-preview:large, max-video-preview:-1\" \/>\n<link rel=\"canonical\" href=\"https:\/\/noticiasmercedinas.com\/site\/2024\/03\/10\/detenido-en-mercedes-por-abuso-sexual-agravado-a-menor-fiscalia-actua\/\" \/>\n<meta property=\"og:locale\" content=\"es_ES\" \/>\n<meta property=\"og:type\" content=\"article\" \/>\n<meta property=\"og:title\" content=\"Detenido en Mercedes por abuso sexual agravado a menor: Fiscal\u00eda act\u00faa\" \/>\n<meta property=\"og:description\" content=\"\u25a0 El sujeto, cuya identidad no ha sido revelada, se presume que cometi\u00f3 los abusos entre los a\u00f1os 2018 y 2021, aprovechando su relaci\u00f3n de convivencia con la v\u00edctima para perpetrar los delitos.\" \/>\n<meta property=\"og:url\" content=\"https:\/\/noticiasmercedinas.com\/site\/2024\/03\/10\/detenido-en-mercedes-por-abuso-sexual-agravado-a-menor-fiscalia-actua\/\" \/>\n<meta property=\"og:site_name\" content=\"NOTICIASMERCEDINAS.COM\" \/>\n<meta property=\"article:publisher\" content=\"https:\/\/www.facebook.com\/noticiasmercedinas\/\" \/>\n<meta property=\"article:published_time\" content=\"2024-03-10T23:00:08+00:00\" \/>\n<meta property=\"og:image\" content=\"https:\/\/noticiasmercedinas.com\/site\/wp-content\/uploads\/2023\/08\/fiscalia.jpg\" \/>\n\t<meta property=\"og:image:width\" content=\"640\" \/>\n\t<meta property=\"og:image:height\" content=\"488\" \/>\n\t<meta property=\"og:image:type\" content=\"image\/jpeg\" \/>\n<meta name=\"author\" content=\"NOTICIASMERCEDINAS.COM\" \/>\n<meta name=\"twitter:card\" content=\"summary_large_image\" \/>\n<meta name=\"twitter:creator\" content=\"@notmercedinas\" \/>\n<meta name=\"twitter:site\" content=\"@notmercedinas\" \/>\n<meta name=\"twitter:label1\" content=\"Escrito por\" \/>\n\t<meta name=\"twitter:data1\" content=\"NOTICIASMERCEDINAS.COM\" \/>\n\t<meta name=\"twitter:label2\" content=\"Tiempo de lectura\" \/>\n\t<meta name=\"twitter:data2\" content=\"2 minutos\" \/>\n<script type=\"application\/ld+json\" class=\"yoast-schema-graph\">{\"@context\":\"https:\\\/\\\/schema.org\",\"@graph\":[{\"@type\":\"Article\",\"@id\":\"https:\\\/\\\/noticiasmercedinas.com\\\/site\\\/2024\\\/03\\\/10\\\/detenido-en-mercedes-por-abuso-sexual-agravado-a-menor-fiscalia-actua\\\/#article\",\"isPartOf\":{\"@id\":\"https:\\\/\\\/noticiasmercedinas.com\\\/site\\\/2024\\\/03\\\/10\\\/detenido-en-mercedes-por-abuso-sexual-agravado-a-menor-fiscalia-actua\\\/\"},\"author\":{\"name\":\"NOTICIASMERCEDINAS.COM\",\"@id\":\"https:\\\/\\\/noticiasmercedinas.com\\\/site\\\/#\\\/schema\\\/person\\\/84b59c099c28ff2e8b77d4ceec5d8063\"},\"headline\":\"Detenido en Mercedes por abuso sexual agravado a menor: Fiscal\u00eda act\u00faa\",\"datePublished\":\"2024-03-10T23:00:08+00:00\",\"mainEntityOfPage\":{\"@id\":\"https:\\\/\\\/noticiasmercedinas.com\\\/site\\\/2024\\\/03\\\/10\\\/detenido-en-mercedes-por-abuso-sexual-agravado-a-menor-fiscalia-actua\\\/\"},\"wordCount\":281,\"publisher\":{\"@id\":\"https:\\\/\\\/noticiasmercedinas.com\\\/site\\\/#organization\"},\"image\":{\"@id\":\"https:\\\/\\\/noticiasmercedinas.com\\\/site\\\/2024\\\/03\\\/10\\\/detenido-en-mercedes-por-abuso-sexual-agravado-a-menor-fiscalia-actua\\\/#primaryimage\"},\"thumbnailUrl\":\"https:\\\/\\\/noticiasmercedinas.com\\\/site\\\/wp-content\\\/uploads\\\/2023\\\/08\\\/fiscalia.jpg\",\"keywords\":[\"Abuso sexual\",\"detenido\",\"fiscalia\"],\"articleSection\":[\"Seguridad\"],\"inLanguage\":\"es\"},{\"@type\":\"WebPage\",\"@id\":\"https:\\\/\\\/noticiasmercedinas.com\\\/site\\\/2024\\\/03\\\/10\\\/detenido-en-mercedes-por-abuso-sexual-agravado-a-menor-fiscalia-actua\\\/\",\"url\":\"https:\\\/\\\/noticiasmercedinas.com\\\/site\\\/2024\\\/03\\\/10\\\/detenido-en-mercedes-por-abuso-sexual-agravado-a-menor-fiscalia-actua\\\/\",\"name\":\"Detenido en Mercedes por abuso sexual agravado a menor: Fiscal\u00eda act\u00faa\",\"isPartOf\":{\"@id\":\"https:\\\/\\\/noticiasmercedinas.com\\\/site\\\/#website\"},\"primaryImageOfPage\":{\"@id\":\"https:\\\/\\\/noticiasmercedinas.com\\\/site\\\/2024\\\/03\\\/10\\\/detenido-en-mercedes-por-abuso-sexual-agravado-a-menor-fiscalia-actua\\\/#primaryimage\"},\"image\":{\"@id\":\"https:\\\/\\\/noticiasmercedinas.com\\\/site\\\/2024\\\/03\\\/10\\\/detenido-en-mercedes-por-abuso-sexual-agravado-a-menor-fiscalia-actua\\\/#primaryimage\"},\"thumbnailUrl\":\"https:\\\/\\\/noticiasmercedinas.com\\\/site\\\/wp-content\\\/uploads\\\/2023\\\/08\\\/fiscalia.jpg\",\"datePublished\":\"2024-03-10T23:00:08+00:00\",\"breadcrumb\":{\"@id\":\"https:\\\/\\\/noticiasmercedinas.com\\\/site\\\/2024\\\/03\\\/10\\\/detenido-en-mercedes-por-abuso-sexual-agravado-a-menor-fiscalia-actua\\\/#breadcrumb\"},\"inLanguage\":\"es\",\"potentialAction\":[{\"@type\":\"ReadAction\",\"target\":[\"https:\\\/\\\/noticiasmercedinas.com\\\/site\\\/2024\\\/03\\\/10\\\/detenido-en-mercedes-por-abuso-sexual-agravado-a-menor-fiscalia-actua\\\/\"]}]},{\"@type\":\"ImageObject\",\"inLanguage\":\"es\",\"@id\":\"https:\\\/\\\/noticiasmercedinas.com\\\/site\\\/2024\\\/03\\\/10\\\/detenido-en-mercedes-por-abuso-sexual-agravado-a-menor-fiscalia-actua\\\/#primaryimage\",\"url\":\"https:\\\/\\\/noticiasmercedinas.com\\\/site\\\/wp-content\\\/uploads\\\/2023\\\/08\\\/fiscalia.jpg\",\"contentUrl\":\"https:\\\/\\\/noticiasmercedinas.com\\\/site\\\/wp-content\\\/uploads\\\/2023\\\/08\\\/fiscalia.jpg\",\"width\":640,\"height\":488},{\"@type\":\"BreadcrumbList\",\"@id\":\"https:\\\/\\\/noticiasmercedinas.com\\\/site\\\/2024\\\/03\\\/10\\\/detenido-en-mercedes-por-abuso-sexual-agravado-a-menor-fiscalia-actua\\\/#breadcrumb\",\"itemListElement\":[{\"@type\":\"ListItem\",\"position\":1,\"name\":\"Portada\",\"item\":\"https:\\\/\\\/noticiasmercedinas.com\\\/site\\\/\"},{\"@type\":\"ListItem\",\"position\":2,\"name\":\"Detenido en Mercedes por abuso sexual agravado a menor: Fiscal\u00eda act\u00faa\"}]},{\"@type\":\"WebSite\",\"@id\":\"https:\\\/\\\/noticiasmercedinas.com\\\/site\\\/#website\",\"url\":\"https:\\\/\\\/noticiasmercedinas.com\\\/site\\\/\",\"name\":\"NOTICIASMERCEDINAS.COM\",\"description\":\"Mercedes, Buenos Aires, Argentina\",\"publisher\":{\"@id\":\"https:\\\/\\\/noticiasmercedinas.com\\\/site\\\/#organization\"},\"potentialAction\":[{\"@type\":\"SearchAction\",\"target\":{\"@type\":\"EntryPoint\",\"urlTemplate\":\"https:\\\/\\\/noticiasmercedinas.com\\\/site\\\/?s={search_term_string}\"},\"query-input\":{\"@type\":\"PropertyValueSpecification\",\"valueRequired\":true,\"valueName\":\"search_term_string\"}}],\"inLanguage\":\"es\"},{\"@type\":\"Organization\",\"@id\":\"https:\\\/\\\/noticiasmercedinas.com\\\/site\\\/#organization\",\"name\":\"NOTICIASMERCEDINAS.COM\",\"url\":\"https:\\\/\\\/noticiasmercedinas.com\\\/site\\\/\",\"logo\":{\"@type\":\"ImageObject\",\"inLanguage\":\"es\",\"@id\":\"https:\\\/\\\/noticiasmercedinas.com\\\/site\\\/#\\\/schema\\\/logo\\\/image\\\/\",\"url\":\"https:\\\/\\\/noticiasmercedinas.com\\\/site\\\/wp-content\\\/uploads\\\/2020\\\/06\\\/LOGO-512.jpg\",\"contentUrl\":\"https:\\\/\\\/noticiasmercedinas.com\\\/site\\\/wp-content\\\/uploads\\\/2020\\\/06\\\/LOGO-512.jpg\",\"width\":512,\"height\":512,\"caption\":\"NOTICIASMERCEDINAS.COM\"},\"image\":{\"@id\":\"https:\\\/\\\/noticiasmercedinas.com\\\/site\\\/#\\\/schema\\\/logo\\\/image\\\/\"},\"sameAs\":[\"https:\\\/\\\/www.facebook.com\\\/noticiasmercedinas\\\/\",\"https:\\\/\\\/x.com\\\/notmercedinas\",\"https:\\\/\\\/www.instagram.com\\\/noticiasmercedinas\\\/\"]},{\"@type\":\"Person\",\"@id\":\"https:\\\/\\\/noticiasmercedinas.com\\\/site\\\/#\\\/schema\\\/person\\\/84b59c099c28ff2e8b77d4ceec5d8063\",\"name\":\"NOTICIASMERCEDINAS.COM\",\"image\":{\"@type\":\"ImageObject\",\"inLanguage\":\"es\",\"@id\":\"https:\\\/\\\/secure.gravatar.com\\\/avatar\\\/4dfbf16b4d17945bfb6341b2d19043457132fcf478a5ee04f42e959fd8f5df0a?s=96&d=mm&r=g\",\"url\":\"https:\\\/\\\/secure.gravatar.com\\\/avatar\\\/4dfbf16b4d17945bfb6341b2d19043457132fcf478a5ee04f42e959fd8f5df0a?s=96&d=mm&r=g\",\"contentUrl\":\"https:\\\/\\\/secure.gravatar.com\\\/avatar\\\/4dfbf16b4d17945bfb6341b2d19043457132fcf478a5ee04f42e959fd8f5df0a?s=96&d=mm&r=g\",\"caption\":\"NOTICIASMERCEDINAS.COM\"},\"url\":\"https:\\\/\\\/noticiasmercedinas.com\\\/site\\\/author\\\/anonimo\\\/\"}]}<\/script>\n<!-- \/ Yoast SEO plugin. -->","yoast_head_json":{"title":"Detenido en Mercedes por abuso sexual agravado a menor: Fiscal\u00eda act\u00faa","robots":{"index":"index","follow":"follow","max-snippet":"max-snippet:-1","max-image-preview":"max-image-preview:large","max-video-preview":"max-video-preview:-1"},"canonical":"https:\/\/noticiasmercedinas.com\/site\/2024\/03\/10\/detenido-en-mercedes-por-abuso-sexual-agravado-a-menor-fiscalia-actua\/","og_locale":"es_ES","og_type":"article","og_title":"Detenido en Mercedes por abuso sexual agravado a menor: Fiscal\u00eda act\u00faa","og_description":"\u25a0 El sujeto, cuya identidad no ha sido revelada, se presume que cometi\u00f3 los abusos entre los a\u00f1os 2018 y 2021, aprovechando su relaci\u00f3n de convivencia con la v\u00edctima para perpetrar los delitos.","og_url":"https:\/\/noticiasmercedinas.com\/site\/2024\/03\/10\/detenido-en-mercedes-por-abuso-sexual-agravado-a-menor-fiscalia-actua\/","og_site_name":"NOTICIASMERCEDINAS.COM","article_publisher":"https:\/\/www.facebook.com\/noticiasmercedinas\/","article_published_time":"2024-03-10T23:00:08+00:00","og_image":[{"width":640,"height":488,"url":"https:\/\/noticiasmercedinas.com\/site\/wp-content\/uploads\/2023\/08\/fiscalia.jpg","type":"image\/jpeg"}],"author":"NOTICIASMERCEDINAS.COM","twitter_card":"summary_large_image","twitter_creator":"@notmercedinas","twitter_site":"@notmercedinas","twitter_misc":{"Escrito por":"NOTICIASMERCEDINAS.COM","Tiempo de lectura":"2 minutos"},"schema":{"@context":"https:\/\/schema.org","@graph":[{"@type":"Article","@id":"https:\/\/noticiasmercedinas.com\/site\/2024\/03\/10\/detenido-en-mercedes-por-abuso-sexual-agravado-a-menor-fiscalia-actua\/#article","isPartOf":{"@id":"https:\/\/noticiasmercedinas.com\/site\/2024\/03\/10\/detenido-en-mercedes-por-abuso-sexual-agravado-a-menor-fiscalia-actua\/"},"author":{"name":"NOTICIASMERCEDINAS.COM","@id":"https:\/\/noticiasmercedinas.com\/site\/#\/schema\/person\/84b59c099c28ff2e8b77d4ceec5d8063"},"headline":"Detenido en Mercedes por abuso sexual agravado a menor: Fiscal\u00eda act\u00faa","datePublished":"2024-03-10T23:00:08+00:00","mainEntityOfPage":{"@id":"https:\/\/noticiasmercedinas.com\/site\/2024\/03\/10\/detenido-en-mercedes-por-abuso-sexual-agravado-a-menor-fiscalia-actua\/"},"wordCount":281,"publisher":{"@id":"https:\/\/noticiasmercedinas.com\/site\/#organization"},"image":{"@id":"https:\/\/noticiasmercedinas.com\/site\/2024\/03\/10\/detenido-en-mercedes-por-abuso-sexual-agravado-a-menor-fiscalia-actua\/#primaryimage"},"thumbnailUrl":"https:\/\/noticiasmercedinas.com\/site\/wp-content\/uploads\/2023\/08\/fiscalia.jpg","keywords":["Abuso sexual","detenido","fiscalia"],"articleSection":["Seguridad"],"inLanguage":"es"},{"@type":"WebPage","@id":"https:\/\/noticiasmercedinas.com\/site\/2024\/03\/10\/detenido-en-mercedes-por-abuso-sexual-agravado-a-menor-fiscalia-actua\/","url":"https:\/\/noticiasmercedinas.com\/site\/2024\/03\/10\/detenido-en-mercedes-por-abuso-sexual-agravado-a-menor-fiscalia-actua\/","name":"Detenido en Mercedes por abuso sexual agravado a menor: Fiscal\u00eda act\u00faa","isPartOf":{"@id":"https:\/\/noticiasmercedinas.com\/site\/#website"},"primaryImageOfPage":{"@id":"https:\/\/noticiasmercedinas.com\/site\/2024\/03\/10\/detenido-en-mercedes-por-abuso-sexual-agravado-a-menor-fiscalia-actua\/#primaryimage"},"image":{"@id":"https:\/\/noticiasmercedinas.com\/site\/2024\/03\/10\/detenido-en-mercedes-por-abuso-sexual-agravado-a-menor-fiscalia-actua\/#primaryimage"},"thumbnailUrl":"https:\/\/noticiasmercedinas.com\/site\/wp-content\/uploads\/2023\/08\/fiscalia.jpg","datePublished":"2024-03-10T23:00:08+00:00","breadcrumb":{"@id":"https:\/\/noticiasmercedinas.com\/site\/2024\/03\/10\/detenido-en-mercedes-por-abuso-sexual-agravado-a-menor-fiscalia-actua\/#breadcrumb"},"inLanguage":"es","potentialAction":[{"@type":"ReadAction","target":["https:\/\/noticiasmercedinas.com\/site\/2024\/03\/10\/detenido-en-mercedes-por-abuso-sexual-agravado-a-menor-fiscalia-actua\/"]}]},{"@type":"ImageObject","inLanguage":"es","@id":"https:\/\/noticiasmercedinas.com\/site\/2024\/03\/10\/detenido-en-mercedes-por-abuso-sexual-agravado-a-menor-fiscalia-actua\/#primaryimage","url":"https:\/\/noticiasmercedinas.com\/site\/wp-content\/uploads\/2023\/08\/fiscalia.jpg","contentUrl":"https:\/\/noticiasmercedinas.com\/site\/wp-content\/uploads\/2023\/08\/fiscalia.jpg","width":640,"height":488},{"@type":"BreadcrumbList","@id":"https:\/\/noticiasmercedinas.com\/site\/2024\/03\/10\/detenido-en-mercedes-por-abuso-sexual-agravado-a-menor-fiscalia-actua\/#breadcrumb","itemListElement":[{"@type":"ListItem","position":1,"name":"Portada","item":"https:\/\/noticiasmercedinas.com\/site\/"},{"@type":"ListItem","position":2,"name":"Detenido en Mercedes por abuso sexual agravado a menor: Fiscal\u00eda act\u00faa"}]},{"@type":"WebSite","@id":"https:\/\/noticiasmercedinas.com\/site\/#website","url":"https:\/\/noticiasmercedinas.com\/site\/","name":"NOTICIASMERCEDINAS.COM","description":"Mercedes, Buenos Aires, Argentina","publisher":{"@id":"https:\/\/noticiasmercedinas.com\/site\/#organization"},"potentialAction":[{"@type":"SearchAction","target":{"@type":"EntryPoint","urlTemplate":"https:\/\/noticiasmercedinas.com\/site\/?s={search_term_string}"},"query-input":{"@type":"PropertyValueSpecification","valueRequired":true,"valueName":"search_term_string"}}],"inLanguage":"es"},{"@type":"Organization","@id":"https:\/\/noticiasmercedinas.com\/site\/#organization","name":"NOTICIASMERCEDINAS.COM","url":"https:\/\/noticiasmercedinas.com\/site\/","logo":{"@type":"ImageObject","inLanguage":"es","@id":"https:\/\/noticiasmercedinas.com\/site\/#\/schema\/logo\/image\/","url":"https:\/\/noticiasmercedinas.com\/site\/wp-content\/uploads\/2020\/06\/LOGO-512.jpg","contentUrl":"https:\/\/noticiasmercedinas.com\/site\/wp-content\/uploads\/2020\/06\/LOGO-512.jpg","width":512,"height":512,"caption":"NOTICIASMERCEDINAS.COM"},"image":{"@id":"https:\/\/noticiasmercedinas.com\/site\/#\/schema\/logo\/image\/"},"sameAs":["https:\/\/www.facebook.com\/noticiasmercedinas\/","https:\/\/x.com\/notmercedinas","https:\/\/www.instagram.com\/noticiasmercedinas\/"]},{"@type":"Person","@id":"https:\/\/noticiasmercedinas.com\/site\/#\/schema\/person\/84b59c099c28ff2e8b77d4ceec5d8063","name":"NOTICIASMERCEDINAS.COM","image":{"@type":"ImageObject","inLanguage":"es","@id":"https:\/\/secure.gravatar.com\/avatar\/4dfbf16b4d17945bfb6341b2d19043457132fcf478a5ee04f42e959fd8f5df0a?s=96&d=mm&r=g","url":"https:\/\/secure.gravatar.com\/avatar\/4dfbf16b4d17945bfb6341b2d19043457132fcf478a5ee04f42e959fd8f5df0a?s=96&d=mm&r=g","contentUrl":"https:\/\/secure.gravatar.com\/avatar\/4dfbf16b4d17945bfb6341b2d19043457132fcf478a5ee04f42e959fd8f5df0a?s=96&d=mm&r=g","caption":"NOTICIASMERCEDINAS.COM"},"url":"https:\/\/noticiasmercedinas.com\/site\/author\/anonimo\/"}]}},"amp_enabled":true,"_links":{"self":[{"href":"https:\/\/noticiasmercedinas.com\/site\/wp-json\/wp\/v2\/posts\/132172","targetHints":{"allow":["GET"]}}],"collection":[{"href":"https:\/\/noticiasmercedinas.com\/site\/wp-json\/wp\/v2\/posts"}],"about":[{"href":"https:\/\/noticiasmercedinas.com\/site\/wp-json\/wp\/v2\/types\/post"}],"author":[{"embeddable":true,"href":"https:\/\/noticiasmercedinas.com\/site\/wp-json\/wp\/v2\/users\/16"}],"replies":[{"embeddable":true,"href":"https:\/\/noticiasmercedinas.com\/site\/wp-json\/wp\/v2\/comments?post=132172"}],"version-history":[{"count":1,"href":"https:\/\/noticiasmercedinas.com\/site\/wp-json\/wp\/v2\/posts\/132172\/revisions"}],"predecessor-version":[{"id":132173,"href":"https:\/\/noticiasmercedinas.com\/site\/wp-json\/wp\/v2\/posts\/132172\/revisions\/132173"}],"wp:featuredmedia":[{"embeddable":true,"href":"https:\/\/noticiasmercedinas.com\/site\/wp-json\/wp\/v2\/media\/120908"}],"wp:attachment":[{"href":"https:\/\/noticiasmercedinas.com\/site\/wp-json\/wp\/v2\/media?parent=132172"}],"wp:term":[{"taxonomy":"category","embeddable":true,"href":"https:\/\/noticiasmercedinas.com\/site\/wp-json\/wp\/v2\/categories?post=132172"},{"taxonomy":"post_tag","embeddable":true,"href":"https:\/\/noticiasmercedinas.com\/site\/wp-json\/wp\/v2\/tags?post=132172"}],"curies":[{"name":"wp","href":"https:\/\/api.w.org\/{rel}","templated":true}]}}