{"id":132202,"date":"2024-03-11T09:28:07","date_gmt":"2024-03-11T12:28:07","guid":{"rendered":"https:\/\/noticiasmercedinas.com\/site\/?p=132202"},"modified":"2024-03-11T09:28:07","modified_gmt":"2024-03-11T12:28:07","slug":"la-ciencia-se-defiende-convocan-a-una-charla-con-investigadores-de-mercedes","status":"publish","type":"post","link":"https:\/\/noticiasmercedinas.com\/site\/2024\/03\/11\/la-ciencia-se-defiende-convocan-a-una-charla-con-investigadores-de-mercedes\/","title":{"rendered":"La ciencia se defiende: convocan a una charla con investigadores de Mercedes"},"content":{"rendered":"<p><img loading=\"lazy\" decoding=\"async\" class=\"alignnone size-full wp-image-128292\" src=\"https:\/\/noticiasmercedinas.com\/site\/wp-content\/uploads\/2023\/12\/PLAZA.jpg\" alt=\"\" width=\"640\" height=\"409\" srcset=\"https:\/\/noticiasmercedinas.com\/site\/wp-content\/uploads\/2023\/12\/PLAZA.jpg 640w, https:\/\/noticiasmercedinas.com\/site\/wp-content\/uploads\/2023\/12\/PLAZA-300x192.jpg 300w\" sizes=\"auto, (max-width: 640px) 100vw, 640px\" \/><\/p>\n<p>El pr\u00f3ximo s\u00e1bado 16 de marzo a las 18 horas, la Plaza San Mart\u00edn ser\u00e1 el escenario de un importante debate sobre la relevancia de financiar las investigaciones cient\u00edficas en Argentina. Tres destacados investigadores locales liderar\u00e1n esta charla, en un esfuerzo por elevar la voz en defensa de la ciencia en el pa\u00eds.<\/p>\n<p>La iniciativa, propuesta por la Asamblea Autoconvocada de Mercedes, surge en medio de un contexto de preocupaci\u00f3n por los recientes comentarios del Presidente de la Naci\u00f3n acerca del CONICET y el consecuente desfinanciamiento de la instituci\u00f3n.<\/p>\n<p>Mientras el Presidente minimiza la importancia de la ciencia y la investigaci\u00f3n, a nivel internacional sesenta y ocho cient\u00edficos, incluidos varios premios Nobel, han expresado su respeto por la ciencia argentina y su inquietud por la situaci\u00f3n actual.<\/p>\n<p>En un destacado reconocimiento, el CONICET (Consejo Nacional de Investigaciones Cient\u00edficas y T\u00e9cnicas) ha sido distinguido como la mejor instituci\u00f3n cient\u00edfica de Am\u00e9rica Latina por sexto a\u00f1o consecutivo, posicion\u00e1ndose en el puesto 20 a nivel mundial entre 1870 instituciones cient\u00edficas, superando incluso a renombradas instituciones como la NASA.<\/p>\n<p>Desde la Asamblea, se enfatiza la importancia de brindar una plataforma para que los investigadores locales compartan sus experiencias y refuercen la necesidad de financiar los diferentes centros de investigaci\u00f3n del pa\u00eds.<\/p>\n<p>\u00abInvitamos a toda la comunidad mercedina a participar en esta actividad y a interactuar con los exponentes\u00bb, expresaron.<\/p>\n<p>Los oradores ser\u00e1n:<\/p>\n<p>&#8211; <strong>Rosana Aristegui<\/strong>: Vecina de Mercedes, Licenciada en F\u00edsica, Docente investigadora de la UNLu, Directora del Grupo de Estudios de la Radiaci\u00f3n Solar (GERSolar) de la Universidad Nacional de Luj\u00e1n e INEDES, Responsable del curso de Astronom\u00eda de la UNLu.<\/p>\n<p>&#8211; <strong>Adonis Giorgi<\/strong>: Mercedino, Bi\u00f3logo, Doctor en Ciencias Naturales, Docente en la UNLu, Director del INEDES, Investigador de CONICET con lugar de trabajo en el Programa de Ecolog\u00eda de Protistas y Hongos, Especializado en el estudio del funcionamiento e integridad ecol\u00f3gica de los arroyos pampeanos.<\/p>\n<p>&#8211; <strong>Cecilia Hegoburu<\/strong>: Vecina de Mercedes, Docente investigadora en la UNLu, Becaria de CONICET 2012-2017, Integrante del INEDES, Especializada en la calidad de agua de arroyos pampeanos y trabaja en gesti\u00f3n ambiental.<\/p>\n<p>Esta charla promete ser un espacio de reflexi\u00f3n fundamental en medio del actual panorama cient\u00edfico nacional.<\/p>\n","protected":false},"excerpt":{"rendered":"<p>\u25a0\u00a0Ser\u00e1 el s\u00e1bado 16 en la Plaza San Mart\u00edn. La iniciativa, propuesta por la Asamblea Autoconvocada de Mercedes, surge en medio de un contexto de preocupaci\u00f3n acerca del CONICET.<\/p>\n","protected":false},"author":16,"featured_media":128292,"comment_status":"closed","ping_status":"closed","sticky":false,"template":"","format":"standard","meta":{"footnotes":""},"categories":[3],"tags":[442,17805,18031,451,1067,66,18030],"class_list":["post-132202","post","type-post","status-publish","format-standard","has-post-thumbnail","hentry","category-sociedad","tag-adonis-giorgi","tag-asamblea-de-vecinos","tag-cecilia-hegoburu","tag-charla","tag-ciencia","tag-conicet","tag-rosana-aristegui"],"yoast_head":"<!-- This site is optimized with the Yoast SEO plugin v27.5 - https:\/\/yoast.com\/product\/yoast-seo-wordpress\/ -->\n<title>La ciencia se defiende: convocan a una charla con investigadores de Mercedes<\/title>\n<meta name=\"robots\" content=\"index, follow, max-snippet:-1, max-image-preview:large, max-video-preview:-1\" \/>\n<link rel=\"canonical\" href=\"https:\/\/noticiasmercedinas.com\/site\/2024\/03\/11\/la-ciencia-se-defiende-convocan-a-una-charla-con-investigadores-de-mercedes\/\" \/>\n<meta property=\"og:locale\" content=\"es_ES\" \/>\n<meta property=\"og:type\" content=\"article\" \/>\n<meta property=\"og:title\" content=\"La ciencia se defiende: convocan a una charla con investigadores de Mercedes\" \/>\n<meta property=\"og:description\" content=\"\u25a0\u00a0Ser\u00e1 el s\u00e1bado 16 en la Plaza San Mart\u00edn. La iniciativa, propuesta por la Asamblea Autoconvocada de Mercedes, surge en medio de un contexto de preocupaci\u00f3n acerca del CONICET.\" \/>\n<meta property=\"og:url\" content=\"https:\/\/noticiasmercedinas.com\/site\/2024\/03\/11\/la-ciencia-se-defiende-convocan-a-una-charla-con-investigadores-de-mercedes\/\" \/>\n<meta property=\"og:site_name\" content=\"NOTICIASMERCEDINAS.COM\" \/>\n<meta property=\"article:publisher\" content=\"https:\/\/www.facebook.com\/noticiasmercedinas\/\" \/>\n<meta property=\"article:published_time\" content=\"2024-03-11T12:28:07+00:00\" \/>\n<meta property=\"og:image\" content=\"https:\/\/noticiasmercedinas.com\/site\/wp-content\/uploads\/2023\/12\/PLAZA.jpg\" \/>\n\t<meta property=\"og:image:width\" content=\"640\" \/>\n\t<meta property=\"og:image:height\" content=\"409\" \/>\n\t<meta property=\"og:image:type\" content=\"image\/jpeg\" \/>\n<meta name=\"author\" content=\"NOTICIASMERCEDINAS.COM\" \/>\n<meta name=\"twitter:card\" content=\"summary_large_image\" \/>\n<meta name=\"twitter:creator\" content=\"@notmercedinas\" \/>\n<meta name=\"twitter:site\" content=\"@notmercedinas\" \/>\n<meta name=\"twitter:label1\" content=\"Escrito por\" \/>\n\t<meta name=\"twitter:data1\" content=\"NOTICIASMERCEDINAS.COM\" \/>\n\t<meta name=\"twitter:label2\" content=\"Tiempo de lectura\" \/>\n\t<meta name=\"twitter:data2\" content=\"3 minutos\" \/>\n<script type=\"application\/ld+json\" class=\"yoast-schema-graph\">{\"@context\":\"https:\\\/\\\/schema.org\",\"@graph\":[{\"@type\":\"Article\",\"@id\":\"https:\\\/\\\/noticiasmercedinas.com\\\/site\\\/2024\\\/03\\\/11\\\/la-ciencia-se-defiende-convocan-a-una-charla-con-investigadores-de-mercedes\\\/#article\",\"isPartOf\":{\"@id\":\"https:\\\/\\\/noticiasmercedinas.com\\\/site\\\/2024\\\/03\\\/11\\\/la-ciencia-se-defiende-convocan-a-una-charla-con-investigadores-de-mercedes\\\/\"},\"author\":{\"name\":\"NOTICIASMERCEDINAS.COM\",\"@id\":\"https:\\\/\\\/noticiasmercedinas.com\\\/site\\\/#\\\/schema\\\/person\\\/84b59c099c28ff2e8b77d4ceec5d8063\"},\"headline\":\"La ciencia se defiende: convocan a una charla con investigadores de Mercedes\",\"datePublished\":\"2024-03-11T12:28:07+00:00\",\"mainEntityOfPage\":{\"@id\":\"https:\\\/\\\/noticiasmercedinas.com\\\/site\\\/2024\\\/03\\\/11\\\/la-ciencia-se-defiende-convocan-a-una-charla-con-investigadores-de-mercedes\\\/\"},\"wordCount\":402,\"publisher\":{\"@id\":\"https:\\\/\\\/noticiasmercedinas.com\\\/site\\\/#organization\"},\"image\":{\"@id\":\"https:\\\/\\\/noticiasmercedinas.com\\\/site\\\/2024\\\/03\\\/11\\\/la-ciencia-se-defiende-convocan-a-una-charla-con-investigadores-de-mercedes\\\/#primaryimage\"},\"thumbnailUrl\":\"https:\\\/\\\/noticiasmercedinas.com\\\/site\\\/wp-content\\\/uploads\\\/2023\\\/12\\\/PLAZA.jpg\",\"keywords\":[\"adonis giorgi\",\"asamblea de vecinos\",\"Cecilia Hegoburu\",\"charla\",\"ciencia\",\"conicet\",\"Rosana Aristegui\"],\"articleSection\":[\"Sociedad\"],\"inLanguage\":\"es\"},{\"@type\":\"WebPage\",\"@id\":\"https:\\\/\\\/noticiasmercedinas.com\\\/site\\\/2024\\\/03\\\/11\\\/la-ciencia-se-defiende-convocan-a-una-charla-con-investigadores-de-mercedes\\\/\",\"url\":\"https:\\\/\\\/noticiasmercedinas.com\\\/site\\\/2024\\\/03\\\/11\\\/la-ciencia-se-defiende-convocan-a-una-charla-con-investigadores-de-mercedes\\\/\",\"name\":\"La ciencia se defiende: convocan a una charla con investigadores de Mercedes\",\"isPartOf\":{\"@id\":\"https:\\\/\\\/noticiasmercedinas.com\\\/site\\\/#website\"},\"primaryImageOfPage\":{\"@id\":\"https:\\\/\\\/noticiasmercedinas.com\\\/site\\\/2024\\\/03\\\/11\\\/la-ciencia-se-defiende-convocan-a-una-charla-con-investigadores-de-mercedes\\\/#primaryimage\"},\"image\":{\"@id\":\"https:\\\/\\\/noticiasmercedinas.com\\\/site\\\/2024\\\/03\\\/11\\\/la-ciencia-se-defiende-convocan-a-una-charla-con-investigadores-de-mercedes\\\/#primaryimage\"},\"thumbnailUrl\":\"https:\\\/\\\/noticiasmercedinas.com\\\/site\\\/wp-content\\\/uploads\\\/2023\\\/12\\\/PLAZA.jpg\",\"datePublished\":\"2024-03-11T12:28:07+00:00\",\"breadcrumb\":{\"@id\":\"https:\\\/\\\/noticiasmercedinas.com\\\/site\\\/2024\\\/03\\\/11\\\/la-ciencia-se-defiende-convocan-a-una-charla-con-investigadores-de-mercedes\\\/#breadcrumb\"},\"inLanguage\":\"es\",\"potentialAction\":[{\"@type\":\"ReadAction\",\"target\":[\"https:\\\/\\\/noticiasmercedinas.com\\\/site\\\/2024\\\/03\\\/11\\\/la-ciencia-se-defiende-convocan-a-una-charla-con-investigadores-de-mercedes\\\/\"]}]},{\"@type\":\"ImageObject\",\"inLanguage\":\"es\",\"@id\":\"https:\\\/\\\/noticiasmercedinas.com\\\/site\\\/2024\\\/03\\\/11\\\/la-ciencia-se-defiende-convocan-a-una-charla-con-investigadores-de-mercedes\\\/#primaryimage\",\"url\":\"https:\\\/\\\/noticiasmercedinas.com\\\/site\\\/wp-content\\\/uploads\\\/2023\\\/12\\\/PLAZA.jpg\",\"contentUrl\":\"https:\\\/\\\/noticiasmercedinas.com\\\/site\\\/wp-content\\\/uploads\\\/2023\\\/12\\\/PLAZA.jpg\",\"width\":640,\"height\":409},{\"@type\":\"BreadcrumbList\",\"@id\":\"https:\\\/\\\/noticiasmercedinas.com\\\/site\\\/2024\\\/03\\\/11\\\/la-ciencia-se-defiende-convocan-a-una-charla-con-investigadores-de-mercedes\\\/#breadcrumb\",\"itemListElement\":[{\"@type\":\"ListItem\",\"position\":1,\"name\":\"Portada\",\"item\":\"https:\\\/\\\/noticiasmercedinas.com\\\/site\\\/\"},{\"@type\":\"ListItem\",\"position\":2,\"name\":\"La ciencia se defiende: convocan a una charla con investigadores de Mercedes\"}]},{\"@type\":\"WebSite\",\"@id\":\"https:\\\/\\\/noticiasmercedinas.com\\\/site\\\/#website\",\"url\":\"https:\\\/\\\/noticiasmercedinas.com\\\/site\\\/\",\"name\":\"NOTICIASMERCEDINAS.COM\",\"description\":\"Mercedes, Buenos Aires, Argentina\",\"publisher\":{\"@id\":\"https:\\\/\\\/noticiasmercedinas.com\\\/site\\\/#organization\"},\"potentialAction\":[{\"@type\":\"SearchAction\",\"target\":{\"@type\":\"EntryPoint\",\"urlTemplate\":\"https:\\\/\\\/noticiasmercedinas.com\\\/site\\\/?s={search_term_string}\"},\"query-input\":{\"@type\":\"PropertyValueSpecification\",\"valueRequired\":true,\"valueName\":\"search_term_string\"}}],\"inLanguage\":\"es\"},{\"@type\":\"Organization\",\"@id\":\"https:\\\/\\\/noticiasmercedinas.com\\\/site\\\/#organization\",\"name\":\"NOTICIASMERCEDINAS.COM\",\"url\":\"https:\\\/\\\/noticiasmercedinas.com\\\/site\\\/\",\"logo\":{\"@type\":\"ImageObject\",\"inLanguage\":\"es\",\"@id\":\"https:\\\/\\\/noticiasmercedinas.com\\\/site\\\/#\\\/schema\\\/logo\\\/image\\\/\",\"url\":\"https:\\\/\\\/noticiasmercedinas.com\\\/site\\\/wp-content\\\/uploads\\\/2020\\\/06\\\/LOGO-512.jpg\",\"contentUrl\":\"https:\\\/\\\/noticiasmercedinas.com\\\/site\\\/wp-content\\\/uploads\\\/2020\\\/06\\\/LOGO-512.jpg\",\"width\":512,\"height\":512,\"caption\":\"NOTICIASMERCEDINAS.COM\"},\"image\":{\"@id\":\"https:\\\/\\\/noticiasmercedinas.com\\\/site\\\/#\\\/schema\\\/logo\\\/image\\\/\"},\"sameAs\":[\"https:\\\/\\\/www.facebook.com\\\/noticiasmercedinas\\\/\",\"https:\\\/\\\/x.com\\\/notmercedinas\",\"https:\\\/\\\/www.instagram.com\\\/noticiasmercedinas\\\/\"]},{\"@type\":\"Person\",\"@id\":\"https:\\\/\\\/noticiasmercedinas.com\\\/site\\\/#\\\/schema\\\/person\\\/84b59c099c28ff2e8b77d4ceec5d8063\",\"name\":\"NOTICIASMERCEDINAS.COM\",\"image\":{\"@type\":\"ImageObject\",\"inLanguage\":\"es\",\"@id\":\"https:\\\/\\\/secure.gravatar.com\\\/avatar\\\/4dfbf16b4d17945bfb6341b2d19043457132fcf478a5ee04f42e959fd8f5df0a?s=96&d=mm&r=g\",\"url\":\"https:\\\/\\\/secure.gravatar.com\\\/avatar\\\/4dfbf16b4d17945bfb6341b2d19043457132fcf478a5ee04f42e959fd8f5df0a?s=96&d=mm&r=g\",\"contentUrl\":\"https:\\\/\\\/secure.gravatar.com\\\/avatar\\\/4dfbf16b4d17945bfb6341b2d19043457132fcf478a5ee04f42e959fd8f5df0a?s=96&d=mm&r=g\",\"caption\":\"NOTICIASMERCEDINAS.COM\"},\"url\":\"https:\\\/\\\/noticiasmercedinas.com\\\/site\\\/author\\\/anonimo\\\/\"}]}<\/script>\n<!-- \/ Yoast SEO plugin. -->","yoast_head_json":{"title":"La ciencia se defiende: convocan a una charla con investigadores de Mercedes","robots":{"index":"index","follow":"follow","max-snippet":"max-snippet:-1","max-image-preview":"max-image-preview:large","max-video-preview":"max-video-preview:-1"},"canonical":"https:\/\/noticiasmercedinas.com\/site\/2024\/03\/11\/la-ciencia-se-defiende-convocan-a-una-charla-con-investigadores-de-mercedes\/","og_locale":"es_ES","og_type":"article","og_title":"La ciencia se defiende: convocan a una charla con investigadores de Mercedes","og_description":"\u25a0\u00a0Ser\u00e1 el s\u00e1bado 16 en la Plaza San Mart\u00edn. La iniciativa, propuesta por la Asamblea Autoconvocada de Mercedes, surge en medio de un contexto de preocupaci\u00f3n acerca del CONICET.","og_url":"https:\/\/noticiasmercedinas.com\/site\/2024\/03\/11\/la-ciencia-se-defiende-convocan-a-una-charla-con-investigadores-de-mercedes\/","og_site_name":"NOTICIASMERCEDINAS.COM","article_publisher":"https:\/\/www.facebook.com\/noticiasmercedinas\/","article_published_time":"2024-03-11T12:28:07+00:00","og_image":[{"width":640,"height":409,"url":"https:\/\/noticiasmercedinas.com\/site\/wp-content\/uploads\/2023\/12\/PLAZA.jpg","type":"image\/jpeg"}],"author":"NOTICIASMERCEDINAS.COM","twitter_card":"summary_large_image","twitter_creator":"@notmercedinas","twitter_site":"@notmercedinas","twitter_misc":{"Escrito por":"NOTICIASMERCEDINAS.COM","Tiempo de lectura":"3 minutos"},"schema":{"@context":"https:\/\/schema.org","@graph":[{"@type":"Article","@id":"https:\/\/noticiasmercedinas.com\/site\/2024\/03\/11\/la-ciencia-se-defiende-convocan-a-una-charla-con-investigadores-de-mercedes\/#article","isPartOf":{"@id":"https:\/\/noticiasmercedinas.com\/site\/2024\/03\/11\/la-ciencia-se-defiende-convocan-a-una-charla-con-investigadores-de-mercedes\/"},"author":{"name":"NOTICIASMERCEDINAS.COM","@id":"https:\/\/noticiasmercedinas.com\/site\/#\/schema\/person\/84b59c099c28ff2e8b77d4ceec5d8063"},"headline":"La ciencia se defiende: convocan a una charla con investigadores de Mercedes","datePublished":"2024-03-11T12:28:07+00:00","mainEntityOfPage":{"@id":"https:\/\/noticiasmercedinas.com\/site\/2024\/03\/11\/la-ciencia-se-defiende-convocan-a-una-charla-con-investigadores-de-mercedes\/"},"wordCount":402,"publisher":{"@id":"https:\/\/noticiasmercedinas.com\/site\/#organization"},"image":{"@id":"https:\/\/noticiasmercedinas.com\/site\/2024\/03\/11\/la-ciencia-se-defiende-convocan-a-una-charla-con-investigadores-de-mercedes\/#primaryimage"},"thumbnailUrl":"https:\/\/noticiasmercedinas.com\/site\/wp-content\/uploads\/2023\/12\/PLAZA.jpg","keywords":["adonis giorgi","asamblea de vecinos","Cecilia Hegoburu","charla","ciencia","conicet","Rosana Aristegui"],"articleSection":["Sociedad"],"inLanguage":"es"},{"@type":"WebPage","@id":"https:\/\/noticiasmercedinas.com\/site\/2024\/03\/11\/la-ciencia-se-defiende-convocan-a-una-charla-con-investigadores-de-mercedes\/","url":"https:\/\/noticiasmercedinas.com\/site\/2024\/03\/11\/la-ciencia-se-defiende-convocan-a-una-charla-con-investigadores-de-mercedes\/","name":"La ciencia se defiende: convocan a una charla con investigadores de Mercedes","isPartOf":{"@id":"https:\/\/noticiasmercedinas.com\/site\/#website"},"primaryImageOfPage":{"@id":"https:\/\/noticiasmercedinas.com\/site\/2024\/03\/11\/la-ciencia-se-defiende-convocan-a-una-charla-con-investigadores-de-mercedes\/#primaryimage"},"image":{"@id":"https:\/\/noticiasmercedinas.com\/site\/2024\/03\/11\/la-ciencia-se-defiende-convocan-a-una-charla-con-investigadores-de-mercedes\/#primaryimage"},"thumbnailUrl":"https:\/\/noticiasmercedinas.com\/site\/wp-content\/uploads\/2023\/12\/PLAZA.jpg","datePublished":"2024-03-11T12:28:07+00:00","breadcrumb":{"@id":"https:\/\/noticiasmercedinas.com\/site\/2024\/03\/11\/la-ciencia-se-defiende-convocan-a-una-charla-con-investigadores-de-mercedes\/#breadcrumb"},"inLanguage":"es","potentialAction":[{"@type":"ReadAction","target":["https:\/\/noticiasmercedinas.com\/site\/2024\/03\/11\/la-ciencia-se-defiende-convocan-a-una-charla-con-investigadores-de-mercedes\/"]}]},{"@type":"ImageObject","inLanguage":"es","@id":"https:\/\/noticiasmercedinas.com\/site\/2024\/03\/11\/la-ciencia-se-defiende-convocan-a-una-charla-con-investigadores-de-mercedes\/#primaryimage","url":"https:\/\/noticiasmercedinas.com\/site\/wp-content\/uploads\/2023\/12\/PLAZA.jpg","contentUrl":"https:\/\/noticiasmercedinas.com\/site\/wp-content\/uploads\/2023\/12\/PLAZA.jpg","width":640,"height":409},{"@type":"BreadcrumbList","@id":"https:\/\/noticiasmercedinas.com\/site\/2024\/03\/11\/la-ciencia-se-defiende-convocan-a-una-charla-con-investigadores-de-mercedes\/#breadcrumb","itemListElement":[{"@type":"ListItem","position":1,"name":"Portada","item":"https:\/\/noticiasmercedinas.com\/site\/"},{"@type":"ListItem","position":2,"name":"La ciencia se defiende: convocan a una charla con investigadores de Mercedes"}]},{"@type":"WebSite","@id":"https:\/\/noticiasmercedinas.com\/site\/#website","url":"https:\/\/noticiasmercedinas.com\/site\/","name":"NOTICIASMERCEDINAS.COM","description":"Mercedes, Buenos Aires, Argentina","publisher":{"@id":"https:\/\/noticiasmercedinas.com\/site\/#organization"},"potentialAction":[{"@type":"SearchAction","target":{"@type":"EntryPoint","urlTemplate":"https:\/\/noticiasmercedinas.com\/site\/?s={search_term_string}"},"query-input":{"@type":"PropertyValueSpecification","valueRequired":true,"valueName":"search_term_string"}}],"inLanguage":"es"},{"@type":"Organization","@id":"https:\/\/noticiasmercedinas.com\/site\/#organization","name":"NOTICIASMERCEDINAS.COM","url":"https:\/\/noticiasmercedinas.com\/site\/","logo":{"@type":"ImageObject","inLanguage":"es","@id":"https:\/\/noticiasmercedinas.com\/site\/#\/schema\/logo\/image\/","url":"https:\/\/noticiasmercedinas.com\/site\/wp-content\/uploads\/2020\/06\/LOGO-512.jpg","contentUrl":"https:\/\/noticiasmercedinas.com\/site\/wp-content\/uploads\/2020\/06\/LOGO-512.jpg","width":512,"height":512,"caption":"NOTICIASMERCEDINAS.COM"},"image":{"@id":"https:\/\/noticiasmercedinas.com\/site\/#\/schema\/logo\/image\/"},"sameAs":["https:\/\/www.facebook.com\/noticiasmercedinas\/","https:\/\/x.com\/notmercedinas","https:\/\/www.instagram.com\/noticiasmercedinas\/"]},{"@type":"Person","@id":"https:\/\/noticiasmercedinas.com\/site\/#\/schema\/person\/84b59c099c28ff2e8b77d4ceec5d8063","name":"NOTICIASMERCEDINAS.COM","image":{"@type":"ImageObject","inLanguage":"es","@id":"https:\/\/secure.gravatar.com\/avatar\/4dfbf16b4d17945bfb6341b2d19043457132fcf478a5ee04f42e959fd8f5df0a?s=96&d=mm&r=g","url":"https:\/\/secure.gravatar.com\/avatar\/4dfbf16b4d17945bfb6341b2d19043457132fcf478a5ee04f42e959fd8f5df0a?s=96&d=mm&r=g","contentUrl":"https:\/\/secure.gravatar.com\/avatar\/4dfbf16b4d17945bfb6341b2d19043457132fcf478a5ee04f42e959fd8f5df0a?s=96&d=mm&r=g","caption":"NOTICIASMERCEDINAS.COM"},"url":"https:\/\/noticiasmercedinas.com\/site\/author\/anonimo\/"}]}},"amp_enabled":true,"_links":{"self":[{"href":"https:\/\/noticiasmercedinas.com\/site\/wp-json\/wp\/v2\/posts\/132202","targetHints":{"allow":["GET"]}}],"collection":[{"href":"https:\/\/noticiasmercedinas.com\/site\/wp-json\/wp\/v2\/posts"}],"about":[{"href":"https:\/\/noticiasmercedinas.com\/site\/wp-json\/wp\/v2\/types\/post"}],"author":[{"embeddable":true,"href":"https:\/\/noticiasmercedinas.com\/site\/wp-json\/wp\/v2\/users\/16"}],"replies":[{"embeddable":true,"href":"https:\/\/noticiasmercedinas.com\/site\/wp-json\/wp\/v2\/comments?post=132202"}],"version-history":[{"count":1,"href":"https:\/\/noticiasmercedinas.com\/site\/wp-json\/wp\/v2\/posts\/132202\/revisions"}],"predecessor-version":[{"id":132203,"href":"https:\/\/noticiasmercedinas.com\/site\/wp-json\/wp\/v2\/posts\/132202\/revisions\/132203"}],"wp:featuredmedia":[{"embeddable":true,"href":"https:\/\/noticiasmercedinas.com\/site\/wp-json\/wp\/v2\/media\/128292"}],"wp:attachment":[{"href":"https:\/\/noticiasmercedinas.com\/site\/wp-json\/wp\/v2\/media?parent=132202"}],"wp:term":[{"taxonomy":"category","embeddable":true,"href":"https:\/\/noticiasmercedinas.com\/site\/wp-json\/wp\/v2\/categories?post=132202"},{"taxonomy":"post_tag","embeddable":true,"href":"https:\/\/noticiasmercedinas.com\/site\/wp-json\/wp\/v2\/tags?post=132202"}],"curies":[{"name":"wp","href":"https:\/\/api.w.org\/{rel}","templated":true}]}}