{"id":132218,"date":"2024-03-11T15:02:47","date_gmt":"2024-03-11T18:02:47","guid":{"rendered":"https:\/\/noticiasmercedinas.com\/site\/?p=132218"},"modified":"2024-03-12T16:44:18","modified_gmt":"2024-03-12T19:44:18","slug":"somos-respetuosos-del-voto-popular-pero-no-podemos-dejar-de-expresamos","status":"publish","type":"post","link":"https:\/\/noticiasmercedinas.com\/site\/2024\/03\/11\/somos-respetuosos-del-voto-popular-pero-no-podemos-dejar-de-expresamos\/","title":{"rendered":"\u201cSomos respetuosos del voto popular, pero no podemos dejar de expresarnos\u201d"},"content":{"rendered":"<p><img loading=\"lazy\" decoding=\"async\" class=\"alignnone size-full wp-image-129145\" src=\"https:\/\/noticiasmercedinas.com\/site\/wp-content\/uploads\/2023\/12\/ANDREABOZZINI.jpg\" alt=\"\" width=\"640\" height=\"427\" srcset=\"https:\/\/noticiasmercedinas.com\/site\/wp-content\/uploads\/2023\/12\/ANDREABOZZINI.jpg 640w, https:\/\/noticiasmercedinas.com\/site\/wp-content\/uploads\/2023\/12\/ANDREABOZZINI-300x200.jpg 300w\" sizes=\"auto, (max-width: 640px) 100vw, 640px\" \/><\/p>\n<p>En la sesi\u00f3n de este lunes en el Concejo Deliberante habr\u00e1 4 bancas participativas y tres de ellas se relacionan con el ajuste y desarticulaci\u00f3n de programas del Estado nacional que est\u00e1 haciendo el gobierno de Javier Milei.<\/p>\n<p>En ese sentido fue consultada la concejal del bloque Uni\u00f3n por la Patria, <strong>Andrea Bozzini<\/strong>, quien puntualiz\u00f3 que desde el espacio pol\u00edtico que integra est\u00e1n presentando proyectos que tambi\u00e9n refieren a este ajuste.<\/p>\n<p>\u201cHay varias bancas participativas en el d\u00eda de hoy y algunas se relacionan con proyectos que se est\u00e1n presentando desde el bloque\u201d, concedi\u00f3 Bozzini.<\/p>\n<p>\u201cTras la labor parlamentaria de esta ma\u00f1ana se defini\u00f3 que habr\u00e1 bancas participativas solicitadas por personas de la comunidad a la Presidencia del Concejo por varios motivos. Uno est\u00e1 vinculado a la posibilidad de privatizaci\u00f3n del Banco Naci\u00f3n de la Rep\u00fablica Argentina, y es presentado por la CGT Regional; otro reclamo de banca es encabezado por organizaciones sociales y vecinos que son beneficiarios de las obras p\u00fablicas que implican cambios en la calidad de vida de aquellos vecinos de barrios populares, que tambi\u00e9n piden hacer uso de la palabra con preocupaci\u00f3n por esta cuesti\u00f3n que se da por decreto y desarticula un modelo de pol\u00edticas p\u00fablicas de viviendas y de obras en barrios populares de las que nuestra ciudad ha sido y es beneficiada\u201d, coment\u00f3 Bozzini.<\/p>\n<blockquote><p>En la sesi\u00f3n de este lunes habr\u00e1 4 bancas participativas y tres de ellas se relacionan con el ajuste y desarticulaci\u00f3n de programas del Estado nacional<\/p><\/blockquote>\n<p>\u201cEn l\u00ednea con esto alguna de las bancas tiene que ver tambi\u00e9n con tem\u00e1ticas que hemos presentado como proyecto para la sesi\u00f3n de hoy, como la preocupaci\u00f3n que se tiene en la presentaci\u00f3n de rechazo esta decisi\u00f3n de intentar privatizar el Banco Naci\u00f3n. Tambi\u00e9n hicimos la presentaci\u00f3n de un proyecto vinculado a los recursos que van a ser m\u00e1s escasos a\u00fan para la provincia de Buenos Aires a partir de la afectaci\u00f3n de este Fondo de Fortalecimiento Fiscal de la provincia de Buenos Aires que tiene que ver con recursos para seguridad, una de las tem\u00e1ticas preocupante y siempre candente, sobre todo en instancias de conflicto, de crisis social; y tambi\u00e9n est\u00e1 la preocupaci\u00f3n que tenemos como bloque en la esta interrupci\u00f3n por algunos cambios en principios administrativos de una direcci\u00f3n tan importante en situaciones de tratamientos m\u00e9dicos y medicamentos oncol\u00f3gicos de enfermedades raras y dem\u00e1s, sobre todo para las personas m\u00e1s vulnerables. Por ello en Argentina hay much\u00edsimas familias y personas que llevan m\u00e1s de tres meses con interrupci\u00f3n del acceso a medicamentos indispensables y que los pone entre la vida y la muerte\u201d, agreg\u00f3 Bozzini.<\/p>\n<p>\u201cDebemos como bloque expresar nuestra preocupaci\u00f3n y trabajar estos temas dado nuestro compromiso con la comunidad de Mercedes\u201d, opin\u00f3 la edil de Uni\u00f3n por la Patria. \u201cA m\u00ed d\u00eda a d\u00eda me sorprende el avance del ajuste y de intentar acomodar algunos n\u00fameros en el Excel de la econom\u00eda, lo que est\u00e1 implicando dejar a much\u00edsima gente afuera. El salario de los trabajadores formales e informales, seg\u00fan datos estad\u00edsticos, lleg\u00f3 a depreciarse en estos tres meses casi 18%, que es la misma contracci\u00f3n que tuvo durante todo el Gobierno de Mauricio Macri. Tambi\u00e9n se comprob\u00f3 una ca\u00edda de aproximadamente 34% en casi todos los consumos, pero nos preocupa especialmente lo que tiene que ver con alimentos y con medicamentos, ya que la comunidad est\u00e1 comiendo menos e interrumpiendo su tratamiento, sin acceso a la salud. No est\u00e1bamos bien, pero entendemos que hay que poder manifestar esta preocupaci\u00f3n siempre desde los canales institucionales. Tenemos cautela, sabemos entender que se trata de pocos meses y queremos ser respetuosos con la intencional y con lo que fue el voto popular, pero no podemos dejar de expresamos en t\u00e9rminos de preocupaci\u00f3n e instar a distintas instancias, distintos ministerios, a rever las medidas o que informen de qu\u00e9 manera van a reanudar los servicios que cortan y son tan fundamentales\u201d.<\/p>\n","protected":false},"excerpt":{"rendered":"<p>\u25a0\u00a0Cuestionamientos al ajuste de Milei llegan al Concejo Deliberante a trav\u00e9s de bancas participativas. La edil Andrea Bozzini objeta bajas en vivienda, obras y salud para la gente<\/p>\n","protected":false},"author":16,"featured_media":129145,"comment_status":"closed","ping_status":"closed","sticky":false,"template":"","format":"standard","meta":{"footnotes":""},"categories":[16],"tags":[59,5424,243,17024],"class_list":["post-132218","post","type-post","status-publish","format-standard","has-post-thumbnail","hentry","category-politica","tag-ajuste","tag-andrea-bozzini","tag-concejo-deliberante","tag-union-por-la-patria"],"yoast_head":"<!-- This site is optimized with the Yoast SEO plugin v27.5 - https:\/\/yoast.com\/product\/yoast-seo-wordpress\/ -->\n<title>\u201cSomos respetuosos del voto popular, pero no podemos dejar de expresarnos\u201d<\/title>\n<meta name=\"robots\" content=\"index, follow, max-snippet:-1, max-image-preview:large, max-video-preview:-1\" \/>\n<link rel=\"canonical\" href=\"https:\/\/noticiasmercedinas.com\/site\/2024\/03\/11\/somos-respetuosos-del-voto-popular-pero-no-podemos-dejar-de-expresamos\/\" \/>\n<meta property=\"og:locale\" content=\"es_ES\" \/>\n<meta property=\"og:type\" content=\"article\" \/>\n<meta property=\"og:title\" content=\"\u201cSomos respetuosos del voto popular, pero no podemos dejar de expresarnos\u201d\" \/>\n<meta property=\"og:description\" content=\"\u25a0\u00a0Cuestionamientos al ajuste de Milei llegan al Concejo Deliberante a trav\u00e9s de bancas participativas. La edil Andrea Bozzini objeta bajas en vivienda, obras y salud para la gente\" \/>\n<meta property=\"og:url\" content=\"https:\/\/noticiasmercedinas.com\/site\/2024\/03\/11\/somos-respetuosos-del-voto-popular-pero-no-podemos-dejar-de-expresamos\/\" \/>\n<meta property=\"og:site_name\" content=\"NOTICIASMERCEDINAS.COM\" \/>\n<meta property=\"article:publisher\" content=\"https:\/\/www.facebook.com\/noticiasmercedinas\/\" \/>\n<meta property=\"article:published_time\" content=\"2024-03-11T18:02:47+00:00\" \/>\n<meta property=\"article:modified_time\" content=\"2024-03-12T19:44:18+00:00\" \/>\n<meta property=\"og:image\" content=\"https:\/\/noticiasmercedinas.com\/site\/wp-content\/uploads\/2023\/12\/ANDREABOZZINI.jpg\" \/>\n\t<meta property=\"og:image:width\" content=\"640\" \/>\n\t<meta property=\"og:image:height\" content=\"427\" \/>\n\t<meta property=\"og:image:type\" content=\"image\/jpeg\" \/>\n<meta name=\"author\" content=\"NOTICIASMERCEDINAS.COM\" \/>\n<meta name=\"twitter:card\" content=\"summary_large_image\" \/>\n<meta name=\"twitter:creator\" content=\"@notmercedinas\" \/>\n<meta name=\"twitter:site\" content=\"@notmercedinas\" \/>\n<meta name=\"twitter:label1\" content=\"Escrito por\" \/>\n\t<meta name=\"twitter:data1\" content=\"NOTICIASMERCEDINAS.COM\" \/>\n\t<meta name=\"twitter:label2\" content=\"Tiempo de lectura\" \/>\n\t<meta name=\"twitter:data2\" content=\"4 minutos\" \/>\n<script type=\"application\/ld+json\" class=\"yoast-schema-graph\">{\"@context\":\"https:\\\/\\\/schema.org\",\"@graph\":[{\"@type\":\"Article\",\"@id\":\"https:\\\/\\\/noticiasmercedinas.com\\\/site\\\/2024\\\/03\\\/11\\\/somos-respetuosos-del-voto-popular-pero-no-podemos-dejar-de-expresamos\\\/#article\",\"isPartOf\":{\"@id\":\"https:\\\/\\\/noticiasmercedinas.com\\\/site\\\/2024\\\/03\\\/11\\\/somos-respetuosos-del-voto-popular-pero-no-podemos-dejar-de-expresamos\\\/\"},\"author\":{\"name\":\"NOTICIASMERCEDINAS.COM\",\"@id\":\"https:\\\/\\\/noticiasmercedinas.com\\\/site\\\/#\\\/schema\\\/person\\\/84b59c099c28ff2e8b77d4ceec5d8063\"},\"headline\":\"\u201cSomos respetuosos del voto popular, pero no podemos dejar de expresarnos\u201d\",\"datePublished\":\"2024-03-11T18:02:47+00:00\",\"dateModified\":\"2024-03-12T19:44:18+00:00\",\"mainEntityOfPage\":{\"@id\":\"https:\\\/\\\/noticiasmercedinas.com\\\/site\\\/2024\\\/03\\\/11\\\/somos-respetuosos-del-voto-popular-pero-no-podemos-dejar-de-expresamos\\\/\"},\"wordCount\":717,\"publisher\":{\"@id\":\"https:\\\/\\\/noticiasmercedinas.com\\\/site\\\/#organization\"},\"image\":{\"@id\":\"https:\\\/\\\/noticiasmercedinas.com\\\/site\\\/2024\\\/03\\\/11\\\/somos-respetuosos-del-voto-popular-pero-no-podemos-dejar-de-expresamos\\\/#primaryimage\"},\"thumbnailUrl\":\"https:\\\/\\\/noticiasmercedinas.com\\\/site\\\/wp-content\\\/uploads\\\/2023\\\/12\\\/ANDREABOZZINI.jpg\",\"keywords\":[\"ajuste\",\"Andrea Bozzini\",\"concejo deliberante\",\"Uni\u00f3n por la Patria\"],\"articleSection\":[\"Politica\"],\"inLanguage\":\"es\"},{\"@type\":\"WebPage\",\"@id\":\"https:\\\/\\\/noticiasmercedinas.com\\\/site\\\/2024\\\/03\\\/11\\\/somos-respetuosos-del-voto-popular-pero-no-podemos-dejar-de-expresamos\\\/\",\"url\":\"https:\\\/\\\/noticiasmercedinas.com\\\/site\\\/2024\\\/03\\\/11\\\/somos-respetuosos-del-voto-popular-pero-no-podemos-dejar-de-expresamos\\\/\",\"name\":\"\u201cSomos respetuosos del voto popular, pero no podemos dejar de expresarnos\u201d\",\"isPartOf\":{\"@id\":\"https:\\\/\\\/noticiasmercedinas.com\\\/site\\\/#website\"},\"primaryImageOfPage\":{\"@id\":\"https:\\\/\\\/noticiasmercedinas.com\\\/site\\\/2024\\\/03\\\/11\\\/somos-respetuosos-del-voto-popular-pero-no-podemos-dejar-de-expresamos\\\/#primaryimage\"},\"image\":{\"@id\":\"https:\\\/\\\/noticiasmercedinas.com\\\/site\\\/2024\\\/03\\\/11\\\/somos-respetuosos-del-voto-popular-pero-no-podemos-dejar-de-expresamos\\\/#primaryimage\"},\"thumbnailUrl\":\"https:\\\/\\\/noticiasmercedinas.com\\\/site\\\/wp-content\\\/uploads\\\/2023\\\/12\\\/ANDREABOZZINI.jpg\",\"datePublished\":\"2024-03-11T18:02:47+00:00\",\"dateModified\":\"2024-03-12T19:44:18+00:00\",\"breadcrumb\":{\"@id\":\"https:\\\/\\\/noticiasmercedinas.com\\\/site\\\/2024\\\/03\\\/11\\\/somos-respetuosos-del-voto-popular-pero-no-podemos-dejar-de-expresamos\\\/#breadcrumb\"},\"inLanguage\":\"es\",\"potentialAction\":[{\"@type\":\"ReadAction\",\"target\":[\"https:\\\/\\\/noticiasmercedinas.com\\\/site\\\/2024\\\/03\\\/11\\\/somos-respetuosos-del-voto-popular-pero-no-podemos-dejar-de-expresamos\\\/\"]}]},{\"@type\":\"ImageObject\",\"inLanguage\":\"es\",\"@id\":\"https:\\\/\\\/noticiasmercedinas.com\\\/site\\\/2024\\\/03\\\/11\\\/somos-respetuosos-del-voto-popular-pero-no-podemos-dejar-de-expresamos\\\/#primaryimage\",\"url\":\"https:\\\/\\\/noticiasmercedinas.com\\\/site\\\/wp-content\\\/uploads\\\/2023\\\/12\\\/ANDREABOZZINI.jpg\",\"contentUrl\":\"https:\\\/\\\/noticiasmercedinas.com\\\/site\\\/wp-content\\\/uploads\\\/2023\\\/12\\\/ANDREABOZZINI.jpg\",\"width\":640,\"height\":427},{\"@type\":\"BreadcrumbList\",\"@id\":\"https:\\\/\\\/noticiasmercedinas.com\\\/site\\\/2024\\\/03\\\/11\\\/somos-respetuosos-del-voto-popular-pero-no-podemos-dejar-de-expresamos\\\/#breadcrumb\",\"itemListElement\":[{\"@type\":\"ListItem\",\"position\":1,\"name\":\"Portada\",\"item\":\"https:\\\/\\\/noticiasmercedinas.com\\\/site\\\/\"},{\"@type\":\"ListItem\",\"position\":2,\"name\":\"\u201cSomos respetuosos del voto popular, pero no podemos dejar de expresarnos\u201d\"}]},{\"@type\":\"WebSite\",\"@id\":\"https:\\\/\\\/noticiasmercedinas.com\\\/site\\\/#website\",\"url\":\"https:\\\/\\\/noticiasmercedinas.com\\\/site\\\/\",\"name\":\"NOTICIASMERCEDINAS.COM\",\"description\":\"Mercedes, Buenos Aires, Argentina\",\"publisher\":{\"@id\":\"https:\\\/\\\/noticiasmercedinas.com\\\/site\\\/#organization\"},\"potentialAction\":[{\"@type\":\"SearchAction\",\"target\":{\"@type\":\"EntryPoint\",\"urlTemplate\":\"https:\\\/\\\/noticiasmercedinas.com\\\/site\\\/?s={search_term_string}\"},\"query-input\":{\"@type\":\"PropertyValueSpecification\",\"valueRequired\":true,\"valueName\":\"search_term_string\"}}],\"inLanguage\":\"es\"},{\"@type\":\"Organization\",\"@id\":\"https:\\\/\\\/noticiasmercedinas.com\\\/site\\\/#organization\",\"name\":\"NOTICIASMERCEDINAS.COM\",\"url\":\"https:\\\/\\\/noticiasmercedinas.com\\\/site\\\/\",\"logo\":{\"@type\":\"ImageObject\",\"inLanguage\":\"es\",\"@id\":\"https:\\\/\\\/noticiasmercedinas.com\\\/site\\\/#\\\/schema\\\/logo\\\/image\\\/\",\"url\":\"https:\\\/\\\/noticiasmercedinas.com\\\/site\\\/wp-content\\\/uploads\\\/2020\\\/06\\\/LOGO-512.jpg\",\"contentUrl\":\"https:\\\/\\\/noticiasmercedinas.com\\\/site\\\/wp-content\\\/uploads\\\/2020\\\/06\\\/LOGO-512.jpg\",\"width\":512,\"height\":512,\"caption\":\"NOTICIASMERCEDINAS.COM\"},\"image\":{\"@id\":\"https:\\\/\\\/noticiasmercedinas.com\\\/site\\\/#\\\/schema\\\/logo\\\/image\\\/\"},\"sameAs\":[\"https:\\\/\\\/www.facebook.com\\\/noticiasmercedinas\\\/\",\"https:\\\/\\\/x.com\\\/notmercedinas\",\"https:\\\/\\\/www.instagram.com\\\/noticiasmercedinas\\\/\"]},{\"@type\":\"Person\",\"@id\":\"https:\\\/\\\/noticiasmercedinas.com\\\/site\\\/#\\\/schema\\\/person\\\/84b59c099c28ff2e8b77d4ceec5d8063\",\"name\":\"NOTICIASMERCEDINAS.COM\",\"image\":{\"@type\":\"ImageObject\",\"inLanguage\":\"es\",\"@id\":\"https:\\\/\\\/secure.gravatar.com\\\/avatar\\\/4dfbf16b4d17945bfb6341b2d19043457132fcf478a5ee04f42e959fd8f5df0a?s=96&d=mm&r=g\",\"url\":\"https:\\\/\\\/secure.gravatar.com\\\/avatar\\\/4dfbf16b4d17945bfb6341b2d19043457132fcf478a5ee04f42e959fd8f5df0a?s=96&d=mm&r=g\",\"contentUrl\":\"https:\\\/\\\/secure.gravatar.com\\\/avatar\\\/4dfbf16b4d17945bfb6341b2d19043457132fcf478a5ee04f42e959fd8f5df0a?s=96&d=mm&r=g\",\"caption\":\"NOTICIASMERCEDINAS.COM\"},\"url\":\"https:\\\/\\\/noticiasmercedinas.com\\\/site\\\/author\\\/anonimo\\\/\"}]}<\/script>\n<!-- \/ Yoast SEO plugin. -->","yoast_head_json":{"title":"\u201cSomos respetuosos del voto popular, pero no podemos dejar de expresarnos\u201d","robots":{"index":"index","follow":"follow","max-snippet":"max-snippet:-1","max-image-preview":"max-image-preview:large","max-video-preview":"max-video-preview:-1"},"canonical":"https:\/\/noticiasmercedinas.com\/site\/2024\/03\/11\/somos-respetuosos-del-voto-popular-pero-no-podemos-dejar-de-expresamos\/","og_locale":"es_ES","og_type":"article","og_title":"\u201cSomos respetuosos del voto popular, pero no podemos dejar de expresarnos\u201d","og_description":"\u25a0\u00a0Cuestionamientos al ajuste de Milei llegan al Concejo Deliberante a trav\u00e9s de bancas participativas. La edil Andrea Bozzini objeta bajas en vivienda, obras y salud para la gente","og_url":"https:\/\/noticiasmercedinas.com\/site\/2024\/03\/11\/somos-respetuosos-del-voto-popular-pero-no-podemos-dejar-de-expresamos\/","og_site_name":"NOTICIASMERCEDINAS.COM","article_publisher":"https:\/\/www.facebook.com\/noticiasmercedinas\/","article_published_time":"2024-03-11T18:02:47+00:00","article_modified_time":"2024-03-12T19:44:18+00:00","og_image":[{"width":640,"height":427,"url":"https:\/\/noticiasmercedinas.com\/site\/wp-content\/uploads\/2023\/12\/ANDREABOZZINI.jpg","type":"image\/jpeg"}],"author":"NOTICIASMERCEDINAS.COM","twitter_card":"summary_large_image","twitter_creator":"@notmercedinas","twitter_site":"@notmercedinas","twitter_misc":{"Escrito por":"NOTICIASMERCEDINAS.COM","Tiempo de lectura":"4 minutos"},"schema":{"@context":"https:\/\/schema.org","@graph":[{"@type":"Article","@id":"https:\/\/noticiasmercedinas.com\/site\/2024\/03\/11\/somos-respetuosos-del-voto-popular-pero-no-podemos-dejar-de-expresamos\/#article","isPartOf":{"@id":"https:\/\/noticiasmercedinas.com\/site\/2024\/03\/11\/somos-respetuosos-del-voto-popular-pero-no-podemos-dejar-de-expresamos\/"},"author":{"name":"NOTICIASMERCEDINAS.COM","@id":"https:\/\/noticiasmercedinas.com\/site\/#\/schema\/person\/84b59c099c28ff2e8b77d4ceec5d8063"},"headline":"\u201cSomos respetuosos del voto popular, pero no podemos dejar de expresarnos\u201d","datePublished":"2024-03-11T18:02:47+00:00","dateModified":"2024-03-12T19:44:18+00:00","mainEntityOfPage":{"@id":"https:\/\/noticiasmercedinas.com\/site\/2024\/03\/11\/somos-respetuosos-del-voto-popular-pero-no-podemos-dejar-de-expresamos\/"},"wordCount":717,"publisher":{"@id":"https:\/\/noticiasmercedinas.com\/site\/#organization"},"image":{"@id":"https:\/\/noticiasmercedinas.com\/site\/2024\/03\/11\/somos-respetuosos-del-voto-popular-pero-no-podemos-dejar-de-expresamos\/#primaryimage"},"thumbnailUrl":"https:\/\/noticiasmercedinas.com\/site\/wp-content\/uploads\/2023\/12\/ANDREABOZZINI.jpg","keywords":["ajuste","Andrea Bozzini","concejo deliberante","Uni\u00f3n por la Patria"],"articleSection":["Politica"],"inLanguage":"es"},{"@type":"WebPage","@id":"https:\/\/noticiasmercedinas.com\/site\/2024\/03\/11\/somos-respetuosos-del-voto-popular-pero-no-podemos-dejar-de-expresamos\/","url":"https:\/\/noticiasmercedinas.com\/site\/2024\/03\/11\/somos-respetuosos-del-voto-popular-pero-no-podemos-dejar-de-expresamos\/","name":"\u201cSomos respetuosos del voto popular, pero no podemos dejar de expresarnos\u201d","isPartOf":{"@id":"https:\/\/noticiasmercedinas.com\/site\/#website"},"primaryImageOfPage":{"@id":"https:\/\/noticiasmercedinas.com\/site\/2024\/03\/11\/somos-respetuosos-del-voto-popular-pero-no-podemos-dejar-de-expresamos\/#primaryimage"},"image":{"@id":"https:\/\/noticiasmercedinas.com\/site\/2024\/03\/11\/somos-respetuosos-del-voto-popular-pero-no-podemos-dejar-de-expresamos\/#primaryimage"},"thumbnailUrl":"https:\/\/noticiasmercedinas.com\/site\/wp-content\/uploads\/2023\/12\/ANDREABOZZINI.jpg","datePublished":"2024-03-11T18:02:47+00:00","dateModified":"2024-03-12T19:44:18+00:00","breadcrumb":{"@id":"https:\/\/noticiasmercedinas.com\/site\/2024\/03\/11\/somos-respetuosos-del-voto-popular-pero-no-podemos-dejar-de-expresamos\/#breadcrumb"},"inLanguage":"es","potentialAction":[{"@type":"ReadAction","target":["https:\/\/noticiasmercedinas.com\/site\/2024\/03\/11\/somos-respetuosos-del-voto-popular-pero-no-podemos-dejar-de-expresamos\/"]}]},{"@type":"ImageObject","inLanguage":"es","@id":"https:\/\/noticiasmercedinas.com\/site\/2024\/03\/11\/somos-respetuosos-del-voto-popular-pero-no-podemos-dejar-de-expresamos\/#primaryimage","url":"https:\/\/noticiasmercedinas.com\/site\/wp-content\/uploads\/2023\/12\/ANDREABOZZINI.jpg","contentUrl":"https:\/\/noticiasmercedinas.com\/site\/wp-content\/uploads\/2023\/12\/ANDREABOZZINI.jpg","width":640,"height":427},{"@type":"BreadcrumbList","@id":"https:\/\/noticiasmercedinas.com\/site\/2024\/03\/11\/somos-respetuosos-del-voto-popular-pero-no-podemos-dejar-de-expresamos\/#breadcrumb","itemListElement":[{"@type":"ListItem","position":1,"name":"Portada","item":"https:\/\/noticiasmercedinas.com\/site\/"},{"@type":"ListItem","position":2,"name":"\u201cSomos respetuosos del voto popular, pero no podemos dejar de expresarnos\u201d"}]},{"@type":"WebSite","@id":"https:\/\/noticiasmercedinas.com\/site\/#website","url":"https:\/\/noticiasmercedinas.com\/site\/","name":"NOTICIASMERCEDINAS.COM","description":"Mercedes, Buenos Aires, Argentina","publisher":{"@id":"https:\/\/noticiasmercedinas.com\/site\/#organization"},"potentialAction":[{"@type":"SearchAction","target":{"@type":"EntryPoint","urlTemplate":"https:\/\/noticiasmercedinas.com\/site\/?s={search_term_string}"},"query-input":{"@type":"PropertyValueSpecification","valueRequired":true,"valueName":"search_term_string"}}],"inLanguage":"es"},{"@type":"Organization","@id":"https:\/\/noticiasmercedinas.com\/site\/#organization","name":"NOTICIASMERCEDINAS.COM","url":"https:\/\/noticiasmercedinas.com\/site\/","logo":{"@type":"ImageObject","inLanguage":"es","@id":"https:\/\/noticiasmercedinas.com\/site\/#\/schema\/logo\/image\/","url":"https:\/\/noticiasmercedinas.com\/site\/wp-content\/uploads\/2020\/06\/LOGO-512.jpg","contentUrl":"https:\/\/noticiasmercedinas.com\/site\/wp-content\/uploads\/2020\/06\/LOGO-512.jpg","width":512,"height":512,"caption":"NOTICIASMERCEDINAS.COM"},"image":{"@id":"https:\/\/noticiasmercedinas.com\/site\/#\/schema\/logo\/image\/"},"sameAs":["https:\/\/www.facebook.com\/noticiasmercedinas\/","https:\/\/x.com\/notmercedinas","https:\/\/www.instagram.com\/noticiasmercedinas\/"]},{"@type":"Person","@id":"https:\/\/noticiasmercedinas.com\/site\/#\/schema\/person\/84b59c099c28ff2e8b77d4ceec5d8063","name":"NOTICIASMERCEDINAS.COM","image":{"@type":"ImageObject","inLanguage":"es","@id":"https:\/\/secure.gravatar.com\/avatar\/4dfbf16b4d17945bfb6341b2d19043457132fcf478a5ee04f42e959fd8f5df0a?s=96&d=mm&r=g","url":"https:\/\/secure.gravatar.com\/avatar\/4dfbf16b4d17945bfb6341b2d19043457132fcf478a5ee04f42e959fd8f5df0a?s=96&d=mm&r=g","contentUrl":"https:\/\/secure.gravatar.com\/avatar\/4dfbf16b4d17945bfb6341b2d19043457132fcf478a5ee04f42e959fd8f5df0a?s=96&d=mm&r=g","caption":"NOTICIASMERCEDINAS.COM"},"url":"https:\/\/noticiasmercedinas.com\/site\/author\/anonimo\/"}]}},"amp_enabled":true,"_links":{"self":[{"href":"https:\/\/noticiasmercedinas.com\/site\/wp-json\/wp\/v2\/posts\/132218","targetHints":{"allow":["GET"]}}],"collection":[{"href":"https:\/\/noticiasmercedinas.com\/site\/wp-json\/wp\/v2\/posts"}],"about":[{"href":"https:\/\/noticiasmercedinas.com\/site\/wp-json\/wp\/v2\/types\/post"}],"author":[{"embeddable":true,"href":"https:\/\/noticiasmercedinas.com\/site\/wp-json\/wp\/v2\/users\/16"}],"replies":[{"embeddable":true,"href":"https:\/\/noticiasmercedinas.com\/site\/wp-json\/wp\/v2\/comments?post=132218"}],"version-history":[{"count":2,"href":"https:\/\/noticiasmercedinas.com\/site\/wp-json\/wp\/v2\/posts\/132218\/revisions"}],"predecessor-version":[{"id":132329,"href":"https:\/\/noticiasmercedinas.com\/site\/wp-json\/wp\/v2\/posts\/132218\/revisions\/132329"}],"wp:featuredmedia":[{"embeddable":true,"href":"https:\/\/noticiasmercedinas.com\/site\/wp-json\/wp\/v2\/media\/129145"}],"wp:attachment":[{"href":"https:\/\/noticiasmercedinas.com\/site\/wp-json\/wp\/v2\/media?parent=132218"}],"wp:term":[{"taxonomy":"category","embeddable":true,"href":"https:\/\/noticiasmercedinas.com\/site\/wp-json\/wp\/v2\/categories?post=132218"},{"taxonomy":"post_tag","embeddable":true,"href":"https:\/\/noticiasmercedinas.com\/site\/wp-json\/wp\/v2\/tags?post=132218"}],"curies":[{"name":"wp","href":"https:\/\/api.w.org\/{rel}","templated":true}]}}