{"id":132252,"date":"2024-03-11T18:56:09","date_gmt":"2024-03-11T21:56:09","guid":{"rendered":"https:\/\/noticiasmercedinas.com\/site\/?p=132252"},"modified":"2024-03-11T18:56:09","modified_gmt":"2024-03-11T21:56:09","slug":"la-unlu-dona-libros-retirados-de-sus-colecciones-impresas-para-el-publico","status":"publish","type":"post","link":"https:\/\/noticiasmercedinas.com\/site\/2024\/03\/11\/la-unlu-dona-libros-retirados-de-sus-colecciones-impresas-para-el-publico\/","title":{"rendered":"La UNLu dona libros retirados de sus colecciones impresas para el p\u00fablico"},"content":{"rendered":"<p><img loading=\"lazy\" decoding=\"async\" class=\"alignnone size-full wp-image-132253\" src=\"https:\/\/noticiasmercedinas.com\/site\/wp-content\/uploads\/2024\/03\/expurgo_2024.png\" alt=\"\" width=\"640\" height=\"537\" srcset=\"https:\/\/noticiasmercedinas.com\/site\/wp-content\/uploads\/2024\/03\/expurgo_2024.png 640w, https:\/\/noticiasmercedinas.com\/site\/wp-content\/uploads\/2024\/03\/expurgo_2024-300x252.png 300w\" sizes=\"auto, (max-width: 640px) 100vw, 640px\" \/><\/p>\n<p>La Direcci\u00f3n del Sistema de Bibliotecas y Centros de Documentaci\u00f3n de la Universidad Nacional de Luj\u00e1n (UNLu) ha anunciado una iniciativa para donar material bibliogr\u00e1fico retirado de sus colecciones impresas.<\/p>\n<p>Los interesados podr\u00e1n acceder a esta donaci\u00f3n a partir del lunes 18 de marzo hasta el 30 de abril. Los libros estar\u00e1n disponibles para ser retirados de manera presencial en la Biblioteca Central de la UNLu, ubicada en horario de 8:30 a 19:30 horas. El acceso ser\u00e1 por orden de llegada.<\/p>\n<p>Para conocer el listado del material disponible, se puede consultar en l\u00ednea a trav\u00e9s del siguiente enlace: <a href=\"https:\/\/drive.google.com\/file\/d\/1rZVs4CFGmlgMjqV0xxUmZM0drEOWu3sA\/view\" target=\"_new\" rel=\"noopener\">Lista de libros donados<\/a>, o bien, acudir directamente a la Biblioteca.<\/p>\n<p>Esta iniciativa busca fomentar el acceso al conocimiento y promover la circulaci\u00f3n de libros entre la comunidad universitaria y el p\u00fablico en general.<\/p>\n","protected":false},"excerpt":{"rendered":"<p>La Direcci\u00f3n del Sistema de Bibliotecas y Centros de Documentaci\u00f3n de la Universidad Nacional de Luj\u00e1n (UNLu) ha anunciado una iniciativa para donar material bibliogr\u00e1fico retirado de sus colecciones impresas. Los interesados podr\u00e1n acceder a esta donaci\u00f3n a partir del lunes 18 de marzo hasta el 30 de abril. Los libros estar\u00e1n disponibles para ser [&hellip;]<\/p>\n","protected":false},"author":16,"featured_media":132253,"comment_status":"closed","ping_status":"closed","sticky":false,"template":"","format":"standard","meta":{"footnotes":""},"categories":[139],"tags":[4551,373,40,116],"class_list":["post-132252","post","type-post","status-publish","format-standard","has-post-thumbnail","hentry","category-regionales","tag-donacion","tag-libros","tag-lujan","tag-unlu"],"yoast_head":"<!-- This site is optimized with the Yoast SEO plugin v27.4 - https:\/\/yoast.com\/product\/yoast-seo-wordpress\/ -->\n<title>La UNLu dona libros retirados de sus colecciones impresas para el p\u00fablico<\/title>\n<meta name=\"robots\" content=\"index, follow, max-snippet:-1, max-image-preview:large, max-video-preview:-1\" \/>\n<link rel=\"canonical\" href=\"https:\/\/noticiasmercedinas.com\/site\/2024\/03\/11\/la-unlu-dona-libros-retirados-de-sus-colecciones-impresas-para-el-publico\/\" \/>\n<meta property=\"og:locale\" content=\"es_ES\" \/>\n<meta property=\"og:type\" content=\"article\" \/>\n<meta property=\"og:title\" content=\"La UNLu dona libros retirados de sus colecciones impresas para el p\u00fablico\" \/>\n<meta property=\"og:description\" content=\"La Direcci\u00f3n del Sistema de Bibliotecas y Centros de Documentaci\u00f3n de la Universidad Nacional de Luj\u00e1n (UNLu) ha anunciado una iniciativa para donar material bibliogr\u00e1fico retirado de sus colecciones impresas. Los interesados podr\u00e1n acceder a esta donaci\u00f3n a partir del lunes 18 de marzo hasta el 30 de abril. Los libros estar\u00e1n disponibles para ser [&hellip;]\" \/>\n<meta property=\"og:url\" content=\"https:\/\/noticiasmercedinas.com\/site\/2024\/03\/11\/la-unlu-dona-libros-retirados-de-sus-colecciones-impresas-para-el-publico\/\" \/>\n<meta property=\"og:site_name\" content=\"NOTICIASMERCEDINAS.COM\" \/>\n<meta property=\"article:publisher\" content=\"https:\/\/www.facebook.com\/noticiasmercedinas\/\" \/>\n<meta property=\"article:published_time\" content=\"2024-03-11T21:56:09+00:00\" \/>\n<meta property=\"og:image\" content=\"https:\/\/noticiasmercedinas.com\/site\/wp-content\/uploads\/2024\/03\/expurgo_2024.png\" \/>\n\t<meta property=\"og:image:width\" content=\"640\" \/>\n\t<meta property=\"og:image:height\" content=\"537\" \/>\n\t<meta property=\"og:image:type\" content=\"image\/png\" \/>\n<meta name=\"author\" content=\"NOTICIASMERCEDINAS.COM\" \/>\n<meta name=\"twitter:card\" content=\"summary_large_image\" \/>\n<meta name=\"twitter:creator\" content=\"@notmercedinas\" \/>\n<meta name=\"twitter:site\" content=\"@notmercedinas\" \/>\n<meta name=\"twitter:label1\" content=\"Escrito por\" \/>\n\t<meta name=\"twitter:data1\" content=\"NOTICIASMERCEDINAS.COM\" \/>\n\t<meta name=\"twitter:label2\" content=\"Tiempo de lectura\" \/>\n\t<meta name=\"twitter:data2\" content=\"2 minutos\" \/>\n<script type=\"application\/ld+json\" class=\"yoast-schema-graph\">{\"@context\":\"https:\\\/\\\/schema.org\",\"@graph\":[{\"@type\":\"Article\",\"@id\":\"https:\\\/\\\/noticiasmercedinas.com\\\/site\\\/2024\\\/03\\\/11\\\/la-unlu-dona-libros-retirados-de-sus-colecciones-impresas-para-el-publico\\\/#article\",\"isPartOf\":{\"@id\":\"https:\\\/\\\/noticiasmercedinas.com\\\/site\\\/2024\\\/03\\\/11\\\/la-unlu-dona-libros-retirados-de-sus-colecciones-impresas-para-el-publico\\\/\"},\"author\":{\"name\":\"NOTICIASMERCEDINAS.COM\",\"@id\":\"https:\\\/\\\/noticiasmercedinas.com\\\/site\\\/#\\\/schema\\\/person\\\/84b59c099c28ff2e8b77d4ceec5d8063\"},\"headline\":\"La UNLu dona libros retirados de sus colecciones impresas para el p\u00fablico\",\"datePublished\":\"2024-03-11T21:56:09+00:00\",\"mainEntityOfPage\":{\"@id\":\"https:\\\/\\\/noticiasmercedinas.com\\\/site\\\/2024\\\/03\\\/11\\\/la-unlu-dona-libros-retirados-de-sus-colecciones-impresas-para-el-publico\\\/\"},\"wordCount\":152,\"publisher\":{\"@id\":\"https:\\\/\\\/noticiasmercedinas.com\\\/site\\\/#organization\"},\"image\":{\"@id\":\"https:\\\/\\\/noticiasmercedinas.com\\\/site\\\/2024\\\/03\\\/11\\\/la-unlu-dona-libros-retirados-de-sus-colecciones-impresas-para-el-publico\\\/#primaryimage\"},\"thumbnailUrl\":\"https:\\\/\\\/noticiasmercedinas.com\\\/site\\\/wp-content\\\/uploads\\\/2024\\\/03\\\/expurgo_2024.png\",\"keywords\":[\"donaci\u00f3n\",\"libros\",\"lujan\",\"unlu\"],\"articleSection\":[\"Regionales\"],\"inLanguage\":\"es\"},{\"@type\":\"WebPage\",\"@id\":\"https:\\\/\\\/noticiasmercedinas.com\\\/site\\\/2024\\\/03\\\/11\\\/la-unlu-dona-libros-retirados-de-sus-colecciones-impresas-para-el-publico\\\/\",\"url\":\"https:\\\/\\\/noticiasmercedinas.com\\\/site\\\/2024\\\/03\\\/11\\\/la-unlu-dona-libros-retirados-de-sus-colecciones-impresas-para-el-publico\\\/\",\"name\":\"La UNLu dona libros retirados de sus colecciones impresas para el p\u00fablico\",\"isPartOf\":{\"@id\":\"https:\\\/\\\/noticiasmercedinas.com\\\/site\\\/#website\"},\"primaryImageOfPage\":{\"@id\":\"https:\\\/\\\/noticiasmercedinas.com\\\/site\\\/2024\\\/03\\\/11\\\/la-unlu-dona-libros-retirados-de-sus-colecciones-impresas-para-el-publico\\\/#primaryimage\"},\"image\":{\"@id\":\"https:\\\/\\\/noticiasmercedinas.com\\\/site\\\/2024\\\/03\\\/11\\\/la-unlu-dona-libros-retirados-de-sus-colecciones-impresas-para-el-publico\\\/#primaryimage\"},\"thumbnailUrl\":\"https:\\\/\\\/noticiasmercedinas.com\\\/site\\\/wp-content\\\/uploads\\\/2024\\\/03\\\/expurgo_2024.png\",\"datePublished\":\"2024-03-11T21:56:09+00:00\",\"breadcrumb\":{\"@id\":\"https:\\\/\\\/noticiasmercedinas.com\\\/site\\\/2024\\\/03\\\/11\\\/la-unlu-dona-libros-retirados-de-sus-colecciones-impresas-para-el-publico\\\/#breadcrumb\"},\"inLanguage\":\"es\",\"potentialAction\":[{\"@type\":\"ReadAction\",\"target\":[\"https:\\\/\\\/noticiasmercedinas.com\\\/site\\\/2024\\\/03\\\/11\\\/la-unlu-dona-libros-retirados-de-sus-colecciones-impresas-para-el-publico\\\/\"]}]},{\"@type\":\"ImageObject\",\"inLanguage\":\"es\",\"@id\":\"https:\\\/\\\/noticiasmercedinas.com\\\/site\\\/2024\\\/03\\\/11\\\/la-unlu-dona-libros-retirados-de-sus-colecciones-impresas-para-el-publico\\\/#primaryimage\",\"url\":\"https:\\\/\\\/noticiasmercedinas.com\\\/site\\\/wp-content\\\/uploads\\\/2024\\\/03\\\/expurgo_2024.png\",\"contentUrl\":\"https:\\\/\\\/noticiasmercedinas.com\\\/site\\\/wp-content\\\/uploads\\\/2024\\\/03\\\/expurgo_2024.png\",\"width\":640,\"height\":537},{\"@type\":\"BreadcrumbList\",\"@id\":\"https:\\\/\\\/noticiasmercedinas.com\\\/site\\\/2024\\\/03\\\/11\\\/la-unlu-dona-libros-retirados-de-sus-colecciones-impresas-para-el-publico\\\/#breadcrumb\",\"itemListElement\":[{\"@type\":\"ListItem\",\"position\":1,\"name\":\"Portada\",\"item\":\"https:\\\/\\\/noticiasmercedinas.com\\\/site\\\/\"},{\"@type\":\"ListItem\",\"position\":2,\"name\":\"La UNLu dona libros retirados de sus colecciones impresas para el p\u00fablico\"}]},{\"@type\":\"WebSite\",\"@id\":\"https:\\\/\\\/noticiasmercedinas.com\\\/site\\\/#website\",\"url\":\"https:\\\/\\\/noticiasmercedinas.com\\\/site\\\/\",\"name\":\"NOTICIASMERCEDINAS.COM\",\"description\":\"Mercedes, Buenos Aires, Argentina\",\"publisher\":{\"@id\":\"https:\\\/\\\/noticiasmercedinas.com\\\/site\\\/#organization\"},\"potentialAction\":[{\"@type\":\"SearchAction\",\"target\":{\"@type\":\"EntryPoint\",\"urlTemplate\":\"https:\\\/\\\/noticiasmercedinas.com\\\/site\\\/?s={search_term_string}\"},\"query-input\":{\"@type\":\"PropertyValueSpecification\",\"valueRequired\":true,\"valueName\":\"search_term_string\"}}],\"inLanguage\":\"es\"},{\"@type\":\"Organization\",\"@id\":\"https:\\\/\\\/noticiasmercedinas.com\\\/site\\\/#organization\",\"name\":\"NOTICIASMERCEDINAS.COM\",\"url\":\"https:\\\/\\\/noticiasmercedinas.com\\\/site\\\/\",\"logo\":{\"@type\":\"ImageObject\",\"inLanguage\":\"es\",\"@id\":\"https:\\\/\\\/noticiasmercedinas.com\\\/site\\\/#\\\/schema\\\/logo\\\/image\\\/\",\"url\":\"https:\\\/\\\/noticiasmercedinas.com\\\/site\\\/wp-content\\\/uploads\\\/2020\\\/06\\\/LOGO-512.jpg\",\"contentUrl\":\"https:\\\/\\\/noticiasmercedinas.com\\\/site\\\/wp-content\\\/uploads\\\/2020\\\/06\\\/LOGO-512.jpg\",\"width\":512,\"height\":512,\"caption\":\"NOTICIASMERCEDINAS.COM\"},\"image\":{\"@id\":\"https:\\\/\\\/noticiasmercedinas.com\\\/site\\\/#\\\/schema\\\/logo\\\/image\\\/\"},\"sameAs\":[\"https:\\\/\\\/www.facebook.com\\\/noticiasmercedinas\\\/\",\"https:\\\/\\\/x.com\\\/notmercedinas\",\"https:\\\/\\\/www.instagram.com\\\/noticiasmercedinas\\\/\"]},{\"@type\":\"Person\",\"@id\":\"https:\\\/\\\/noticiasmercedinas.com\\\/site\\\/#\\\/schema\\\/person\\\/84b59c099c28ff2e8b77d4ceec5d8063\",\"name\":\"NOTICIASMERCEDINAS.COM\",\"image\":{\"@type\":\"ImageObject\",\"inLanguage\":\"es\",\"@id\":\"https:\\\/\\\/secure.gravatar.com\\\/avatar\\\/4dfbf16b4d17945bfb6341b2d19043457132fcf478a5ee04f42e959fd8f5df0a?s=96&d=mm&r=g\",\"url\":\"https:\\\/\\\/secure.gravatar.com\\\/avatar\\\/4dfbf16b4d17945bfb6341b2d19043457132fcf478a5ee04f42e959fd8f5df0a?s=96&d=mm&r=g\",\"contentUrl\":\"https:\\\/\\\/secure.gravatar.com\\\/avatar\\\/4dfbf16b4d17945bfb6341b2d19043457132fcf478a5ee04f42e959fd8f5df0a?s=96&d=mm&r=g\",\"caption\":\"NOTICIASMERCEDINAS.COM\"},\"url\":\"https:\\\/\\\/noticiasmercedinas.com\\\/site\\\/author\\\/anonimo\\\/\"}]}<\/script>\n<!-- \/ Yoast SEO plugin. -->","yoast_head_json":{"title":"La UNLu dona libros retirados de sus colecciones impresas para el p\u00fablico","robots":{"index":"index","follow":"follow","max-snippet":"max-snippet:-1","max-image-preview":"max-image-preview:large","max-video-preview":"max-video-preview:-1"},"canonical":"https:\/\/noticiasmercedinas.com\/site\/2024\/03\/11\/la-unlu-dona-libros-retirados-de-sus-colecciones-impresas-para-el-publico\/","og_locale":"es_ES","og_type":"article","og_title":"La UNLu dona libros retirados de sus colecciones impresas para el p\u00fablico","og_description":"La Direcci\u00f3n del Sistema de Bibliotecas y Centros de Documentaci\u00f3n de la Universidad Nacional de Luj\u00e1n (UNLu) ha anunciado una iniciativa para donar material bibliogr\u00e1fico retirado de sus colecciones impresas. Los interesados podr\u00e1n acceder a esta donaci\u00f3n a partir del lunes 18 de marzo hasta el 30 de abril. Los libros estar\u00e1n disponibles para ser [&hellip;]","og_url":"https:\/\/noticiasmercedinas.com\/site\/2024\/03\/11\/la-unlu-dona-libros-retirados-de-sus-colecciones-impresas-para-el-publico\/","og_site_name":"NOTICIASMERCEDINAS.COM","article_publisher":"https:\/\/www.facebook.com\/noticiasmercedinas\/","article_published_time":"2024-03-11T21:56:09+00:00","og_image":[{"width":640,"height":537,"url":"https:\/\/noticiasmercedinas.com\/site\/wp-content\/uploads\/2024\/03\/expurgo_2024.png","type":"image\/png"}],"author":"NOTICIASMERCEDINAS.COM","twitter_card":"summary_large_image","twitter_creator":"@notmercedinas","twitter_site":"@notmercedinas","twitter_misc":{"Escrito por":"NOTICIASMERCEDINAS.COM","Tiempo de lectura":"2 minutos"},"schema":{"@context":"https:\/\/schema.org","@graph":[{"@type":"Article","@id":"https:\/\/noticiasmercedinas.com\/site\/2024\/03\/11\/la-unlu-dona-libros-retirados-de-sus-colecciones-impresas-para-el-publico\/#article","isPartOf":{"@id":"https:\/\/noticiasmercedinas.com\/site\/2024\/03\/11\/la-unlu-dona-libros-retirados-de-sus-colecciones-impresas-para-el-publico\/"},"author":{"name":"NOTICIASMERCEDINAS.COM","@id":"https:\/\/noticiasmercedinas.com\/site\/#\/schema\/person\/84b59c099c28ff2e8b77d4ceec5d8063"},"headline":"La UNLu dona libros retirados de sus colecciones impresas para el p\u00fablico","datePublished":"2024-03-11T21:56:09+00:00","mainEntityOfPage":{"@id":"https:\/\/noticiasmercedinas.com\/site\/2024\/03\/11\/la-unlu-dona-libros-retirados-de-sus-colecciones-impresas-para-el-publico\/"},"wordCount":152,"publisher":{"@id":"https:\/\/noticiasmercedinas.com\/site\/#organization"},"image":{"@id":"https:\/\/noticiasmercedinas.com\/site\/2024\/03\/11\/la-unlu-dona-libros-retirados-de-sus-colecciones-impresas-para-el-publico\/#primaryimage"},"thumbnailUrl":"https:\/\/noticiasmercedinas.com\/site\/wp-content\/uploads\/2024\/03\/expurgo_2024.png","keywords":["donaci\u00f3n","libros","lujan","unlu"],"articleSection":["Regionales"],"inLanguage":"es"},{"@type":"WebPage","@id":"https:\/\/noticiasmercedinas.com\/site\/2024\/03\/11\/la-unlu-dona-libros-retirados-de-sus-colecciones-impresas-para-el-publico\/","url":"https:\/\/noticiasmercedinas.com\/site\/2024\/03\/11\/la-unlu-dona-libros-retirados-de-sus-colecciones-impresas-para-el-publico\/","name":"La UNLu dona libros retirados de sus colecciones impresas para el p\u00fablico","isPartOf":{"@id":"https:\/\/noticiasmercedinas.com\/site\/#website"},"primaryImageOfPage":{"@id":"https:\/\/noticiasmercedinas.com\/site\/2024\/03\/11\/la-unlu-dona-libros-retirados-de-sus-colecciones-impresas-para-el-publico\/#primaryimage"},"image":{"@id":"https:\/\/noticiasmercedinas.com\/site\/2024\/03\/11\/la-unlu-dona-libros-retirados-de-sus-colecciones-impresas-para-el-publico\/#primaryimage"},"thumbnailUrl":"https:\/\/noticiasmercedinas.com\/site\/wp-content\/uploads\/2024\/03\/expurgo_2024.png","datePublished":"2024-03-11T21:56:09+00:00","breadcrumb":{"@id":"https:\/\/noticiasmercedinas.com\/site\/2024\/03\/11\/la-unlu-dona-libros-retirados-de-sus-colecciones-impresas-para-el-publico\/#breadcrumb"},"inLanguage":"es","potentialAction":[{"@type":"ReadAction","target":["https:\/\/noticiasmercedinas.com\/site\/2024\/03\/11\/la-unlu-dona-libros-retirados-de-sus-colecciones-impresas-para-el-publico\/"]}]},{"@type":"ImageObject","inLanguage":"es","@id":"https:\/\/noticiasmercedinas.com\/site\/2024\/03\/11\/la-unlu-dona-libros-retirados-de-sus-colecciones-impresas-para-el-publico\/#primaryimage","url":"https:\/\/noticiasmercedinas.com\/site\/wp-content\/uploads\/2024\/03\/expurgo_2024.png","contentUrl":"https:\/\/noticiasmercedinas.com\/site\/wp-content\/uploads\/2024\/03\/expurgo_2024.png","width":640,"height":537},{"@type":"BreadcrumbList","@id":"https:\/\/noticiasmercedinas.com\/site\/2024\/03\/11\/la-unlu-dona-libros-retirados-de-sus-colecciones-impresas-para-el-publico\/#breadcrumb","itemListElement":[{"@type":"ListItem","position":1,"name":"Portada","item":"https:\/\/noticiasmercedinas.com\/site\/"},{"@type":"ListItem","position":2,"name":"La UNLu dona libros retirados de sus colecciones impresas para el p\u00fablico"}]},{"@type":"WebSite","@id":"https:\/\/noticiasmercedinas.com\/site\/#website","url":"https:\/\/noticiasmercedinas.com\/site\/","name":"NOTICIASMERCEDINAS.COM","description":"Mercedes, Buenos Aires, Argentina","publisher":{"@id":"https:\/\/noticiasmercedinas.com\/site\/#organization"},"potentialAction":[{"@type":"SearchAction","target":{"@type":"EntryPoint","urlTemplate":"https:\/\/noticiasmercedinas.com\/site\/?s={search_term_string}"},"query-input":{"@type":"PropertyValueSpecification","valueRequired":true,"valueName":"search_term_string"}}],"inLanguage":"es"},{"@type":"Organization","@id":"https:\/\/noticiasmercedinas.com\/site\/#organization","name":"NOTICIASMERCEDINAS.COM","url":"https:\/\/noticiasmercedinas.com\/site\/","logo":{"@type":"ImageObject","inLanguage":"es","@id":"https:\/\/noticiasmercedinas.com\/site\/#\/schema\/logo\/image\/","url":"https:\/\/noticiasmercedinas.com\/site\/wp-content\/uploads\/2020\/06\/LOGO-512.jpg","contentUrl":"https:\/\/noticiasmercedinas.com\/site\/wp-content\/uploads\/2020\/06\/LOGO-512.jpg","width":512,"height":512,"caption":"NOTICIASMERCEDINAS.COM"},"image":{"@id":"https:\/\/noticiasmercedinas.com\/site\/#\/schema\/logo\/image\/"},"sameAs":["https:\/\/www.facebook.com\/noticiasmercedinas\/","https:\/\/x.com\/notmercedinas","https:\/\/www.instagram.com\/noticiasmercedinas\/"]},{"@type":"Person","@id":"https:\/\/noticiasmercedinas.com\/site\/#\/schema\/person\/84b59c099c28ff2e8b77d4ceec5d8063","name":"NOTICIASMERCEDINAS.COM","image":{"@type":"ImageObject","inLanguage":"es","@id":"https:\/\/secure.gravatar.com\/avatar\/4dfbf16b4d17945bfb6341b2d19043457132fcf478a5ee04f42e959fd8f5df0a?s=96&d=mm&r=g","url":"https:\/\/secure.gravatar.com\/avatar\/4dfbf16b4d17945bfb6341b2d19043457132fcf478a5ee04f42e959fd8f5df0a?s=96&d=mm&r=g","contentUrl":"https:\/\/secure.gravatar.com\/avatar\/4dfbf16b4d17945bfb6341b2d19043457132fcf478a5ee04f42e959fd8f5df0a?s=96&d=mm&r=g","caption":"NOTICIASMERCEDINAS.COM"},"url":"https:\/\/noticiasmercedinas.com\/site\/author\/anonimo\/"}]}},"amp_enabled":true,"_links":{"self":[{"href":"https:\/\/noticiasmercedinas.com\/site\/wp-json\/wp\/v2\/posts\/132252","targetHints":{"allow":["GET"]}}],"collection":[{"href":"https:\/\/noticiasmercedinas.com\/site\/wp-json\/wp\/v2\/posts"}],"about":[{"href":"https:\/\/noticiasmercedinas.com\/site\/wp-json\/wp\/v2\/types\/post"}],"author":[{"embeddable":true,"href":"https:\/\/noticiasmercedinas.com\/site\/wp-json\/wp\/v2\/users\/16"}],"replies":[{"embeddable":true,"href":"https:\/\/noticiasmercedinas.com\/site\/wp-json\/wp\/v2\/comments?post=132252"}],"version-history":[{"count":1,"href":"https:\/\/noticiasmercedinas.com\/site\/wp-json\/wp\/v2\/posts\/132252\/revisions"}],"predecessor-version":[{"id":132254,"href":"https:\/\/noticiasmercedinas.com\/site\/wp-json\/wp\/v2\/posts\/132252\/revisions\/132254"}],"wp:featuredmedia":[{"embeddable":true,"href":"https:\/\/noticiasmercedinas.com\/site\/wp-json\/wp\/v2\/media\/132253"}],"wp:attachment":[{"href":"https:\/\/noticiasmercedinas.com\/site\/wp-json\/wp\/v2\/media?parent=132252"}],"wp:term":[{"taxonomy":"category","embeddable":true,"href":"https:\/\/noticiasmercedinas.com\/site\/wp-json\/wp\/v2\/categories?post=132252"},{"taxonomy":"post_tag","embeddable":true,"href":"https:\/\/noticiasmercedinas.com\/site\/wp-json\/wp\/v2\/tags?post=132252"}],"curies":[{"name":"wp","href":"https:\/\/api.w.org\/{rel}","templated":true}]}}