{"id":132379,"date":"2024-03-13T22:44:42","date_gmt":"2024-03-14T01:44:42","guid":{"rendered":"https:\/\/noticiasmercedinas.com\/site\/?p=132379"},"modified":"2024-03-13T22:44:42","modified_gmt":"2024-03-14T01:44:42","slug":"tormenta-deja-sin-servicio-a-zona-rural-de-mercedes-eden-activa-medidas-de-emergencia","status":"publish","type":"post","link":"https:\/\/noticiasmercedinas.com\/site\/2024\/03\/13\/tormenta-deja-sin-servicio-a-zona-rural-de-mercedes-eden-activa-medidas-de-emergencia\/","title":{"rendered":"Tormenta deja sin servicio a zona rural de Mercedes: EDEN activa medidas de emergencia"},"content":{"rendered":"<p><img loading=\"lazy\" decoding=\"async\" class=\"alignnone size-full wp-image-132380\" src=\"https:\/\/noticiasmercedinas.com\/site\/wp-content\/uploads\/2024\/03\/LUZ1.jpg\" alt=\"\" width=\"640\" height=\"454\" srcset=\"https:\/\/noticiasmercedinas.com\/site\/wp-content\/uploads\/2024\/03\/LUZ1.jpg 640w, https:\/\/noticiasmercedinas.com\/site\/wp-content\/uploads\/2024\/03\/LUZ1-300x213.jpg 300w\" sizes=\"auto, (max-width: 640px) 100vw, 640px\" \/><\/p>\n<p>La empresa distribuidora de energ\u00eda el\u00e9ctrica EDEN emiti\u00f3 un comunicado informando sobre los graves da\u00f1os ocasionados por la tormenta el\u00e9ctrica y las precipitaciones del d\u00eda de hoy en la zona rural de Mercedes. La l\u00ednea de media tensi\u00f3n que conecta la localidad con San Andr\u00e9s de Giles sufri\u00f3 severos da\u00f1os, dejando sin servicio a usuarios aleda\u00f1os a la Ruta 41.<\/p>\n<p>Las cuadrillas de la empresa se desplegar\u00e1n desde tempranas horas de ma\u00f1ana para iniciar la reconstrucci\u00f3n del tendido el\u00e9ctrico, el cual result\u00f3 afectado por la ca\u00edda de \u00e1rboles y postes.<\/p>\n<p>EDEN hace un llamado a la comunidad para que permanezca resguardada, evitando circular por calles inundadas y abstenerse de tocar cables cortados o retirar ramas de los tendidos el\u00e9ctricos da\u00f1ados, ya que representan un peligro para la seguridad.<\/p>\n<p>Ante cualquier emergencia, se insta a los ciudadanos a comunicarse con la empresa a trav\u00e9s del n\u00famero de WhatsApp +54 9 336 4526944 o llamando al 0800 999 3336, para recibir asistencia o reportar cualquier inconveniente relacionado con el suministro el\u00e9ctrico.<\/p>\n<p>La empresa distribuidora de energ\u00eda el\u00e9ctrica EDEN emiti\u00f3 un comunicado informando sobre los graves da\u00f1os ocasionados por la tormenta el\u00e9ctrica y las precipitaciones del d\u00eda de hoy en la zona rural de Mercedes. La l\u00ednea de media tensi\u00f3n que conecta la localidad con San Andr\u00e9s de Giles sufri\u00f3 severos da\u00f1os, dejando sin servicio a usuarios aleda\u00f1os a la Ruta 41.<\/p>\n<p>Las cuadrillas de la empresa se desplegar\u00e1n desde tempranas horas de ma\u00f1ana para iniciar la reconstrucci\u00f3n del tendido el\u00e9ctrico, el cual result\u00f3 afectado por la ca\u00edda de \u00e1rboles y postes.<\/p>\n<p>EDEN hace un llamado a la comunidad para que permanezca resguardada, evitando circular por calles inundadas y abstenerse de tocar cables cortados o retirar ramas de los tendidos el\u00e9ctricos da\u00f1ados, ya que representan un peligro para la seguridad.<\/p>\n<p>Ante cualquier emergencia, se insta a los ciudadanos a comunicarse con la empresa a trav\u00e9s del n\u00famero de WhatsApp +54 9 336 4526944 o llamando al 0800 999 3336, para recibir asistencia o reportar cualquier inconveniente relacionado con el suministro el\u00e9ctrico.<\/p>\n<p><img loading=\"lazy\" decoding=\"async\" class=\"alignnone size-full wp-image-132381\" src=\"https:\/\/noticiasmercedinas.com\/site\/wp-content\/uploads\/2024\/03\/EDEN2.jpg\" alt=\"\" width=\"640\" height=\"737\" srcset=\"https:\/\/noticiasmercedinas.com\/site\/wp-content\/uploads\/2024\/03\/EDEN2.jpg 640w, https:\/\/noticiasmercedinas.com\/site\/wp-content\/uploads\/2024\/03\/EDEN2-261x300.jpg 261w\" sizes=\"auto, (max-width: 640px) 100vw, 640px\" \/><\/p>\n","protected":false},"excerpt":{"rendered":"<p>\u25a0 Fuertes vientos y lluvias causan estragos en el tendido el\u00e9ctrico, afectando a usuarios cercanos a la Ruta Provincial 41. EDEN hace un llamado a la comunidad para que permanezca resguardada<\/p>\n","protected":false},"author":16,"featured_media":132380,"comment_status":"closed","ping_status":"closed","sticky":false,"template":"","format":"standard","meta":{"footnotes":""},"categories":[3],"tags":[18050,1075],"class_list":["post-132379","post","type-post","status-publish","format-standard","has-post-thumbnail","hentry","category-sociedad","tag-eden-corte-de-luz","tag-tormenta"],"yoast_head":"<!-- This site is optimized with the Yoast SEO plugin v27.4 - https:\/\/yoast.com\/product\/yoast-seo-wordpress\/ -->\n<title>Tormenta deja sin servicio a zona rural de Mercedes: EDEN activa medidas de emergencia<\/title>\n<meta name=\"robots\" content=\"index, follow, max-snippet:-1, max-image-preview:large, max-video-preview:-1\" \/>\n<link rel=\"canonical\" href=\"https:\/\/noticiasmercedinas.com\/site\/2024\/03\/13\/tormenta-deja-sin-servicio-a-zona-rural-de-mercedes-eden-activa-medidas-de-emergencia\/\" \/>\n<meta property=\"og:locale\" content=\"es_ES\" \/>\n<meta property=\"og:type\" content=\"article\" \/>\n<meta property=\"og:title\" content=\"Tormenta deja sin servicio a zona rural de Mercedes: EDEN activa medidas de emergencia\" \/>\n<meta property=\"og:description\" content=\"\u25a0 Fuertes vientos y lluvias causan estragos en el tendido el\u00e9ctrico, afectando a usuarios cercanos a la Ruta Provincial 41. EDEN hace un llamado a la comunidad para que permanezca resguardada\" \/>\n<meta property=\"og:url\" content=\"https:\/\/noticiasmercedinas.com\/site\/2024\/03\/13\/tormenta-deja-sin-servicio-a-zona-rural-de-mercedes-eden-activa-medidas-de-emergencia\/\" \/>\n<meta property=\"og:site_name\" content=\"NOTICIASMERCEDINAS.COM\" \/>\n<meta property=\"article:publisher\" content=\"https:\/\/www.facebook.com\/noticiasmercedinas\/\" \/>\n<meta property=\"article:published_time\" content=\"2024-03-14T01:44:42+00:00\" \/>\n<meta property=\"og:image\" content=\"https:\/\/noticiasmercedinas.com\/site\/wp-content\/uploads\/2024\/03\/LUZ1.jpg\" \/>\n\t<meta property=\"og:image:width\" content=\"640\" \/>\n\t<meta property=\"og:image:height\" content=\"454\" \/>\n\t<meta property=\"og:image:type\" content=\"image\/jpeg\" \/>\n<meta name=\"author\" content=\"NOTICIASMERCEDINAS.COM\" \/>\n<meta name=\"twitter:card\" content=\"summary_large_image\" \/>\n<meta name=\"twitter:creator\" content=\"@notmercedinas\" \/>\n<meta name=\"twitter:site\" content=\"@notmercedinas\" \/>\n<meta name=\"twitter:label1\" content=\"Escrito por\" \/>\n\t<meta name=\"twitter:data1\" content=\"NOTICIASMERCEDINAS.COM\" \/>\n\t<meta name=\"twitter:label2\" content=\"Tiempo de lectura\" \/>\n\t<meta name=\"twitter:data2\" content=\"3 minutos\" \/>\n<script type=\"application\/ld+json\" class=\"yoast-schema-graph\">{\"@context\":\"https:\\\/\\\/schema.org\",\"@graph\":[{\"@type\":\"Article\",\"@id\":\"https:\\\/\\\/noticiasmercedinas.com\\\/site\\\/2024\\\/03\\\/13\\\/tormenta-deja-sin-servicio-a-zona-rural-de-mercedes-eden-activa-medidas-de-emergencia\\\/#article\",\"isPartOf\":{\"@id\":\"https:\\\/\\\/noticiasmercedinas.com\\\/site\\\/2024\\\/03\\\/13\\\/tormenta-deja-sin-servicio-a-zona-rural-de-mercedes-eden-activa-medidas-de-emergencia\\\/\"},\"author\":{\"name\":\"NOTICIASMERCEDINAS.COM\",\"@id\":\"https:\\\/\\\/noticiasmercedinas.com\\\/site\\\/#\\\/schema\\\/person\\\/84b59c099c28ff2e8b77d4ceec5d8063\"},\"headline\":\"Tormenta deja sin servicio a zona rural de Mercedes: EDEN activa medidas de emergencia\",\"datePublished\":\"2024-03-14T01:44:42+00:00\",\"mainEntityOfPage\":{\"@id\":\"https:\\\/\\\/noticiasmercedinas.com\\\/site\\\/2024\\\/03\\\/13\\\/tormenta-deja-sin-servicio-a-zona-rural-de-mercedes-eden-activa-medidas-de-emergencia\\\/\"},\"wordCount\":376,\"publisher\":{\"@id\":\"https:\\\/\\\/noticiasmercedinas.com\\\/site\\\/#organization\"},\"image\":{\"@id\":\"https:\\\/\\\/noticiasmercedinas.com\\\/site\\\/2024\\\/03\\\/13\\\/tormenta-deja-sin-servicio-a-zona-rural-de-mercedes-eden-activa-medidas-de-emergencia\\\/#primaryimage\"},\"thumbnailUrl\":\"https:\\\/\\\/noticiasmercedinas.com\\\/site\\\/wp-content\\\/uploads\\\/2024\\\/03\\\/LUZ1.jpg\",\"keywords\":[\"EDEN; corte de luz\",\"tormenta\"],\"articleSection\":[\"Sociedad\"],\"inLanguage\":\"es\"},{\"@type\":\"WebPage\",\"@id\":\"https:\\\/\\\/noticiasmercedinas.com\\\/site\\\/2024\\\/03\\\/13\\\/tormenta-deja-sin-servicio-a-zona-rural-de-mercedes-eden-activa-medidas-de-emergencia\\\/\",\"url\":\"https:\\\/\\\/noticiasmercedinas.com\\\/site\\\/2024\\\/03\\\/13\\\/tormenta-deja-sin-servicio-a-zona-rural-de-mercedes-eden-activa-medidas-de-emergencia\\\/\",\"name\":\"Tormenta deja sin servicio a zona rural de Mercedes: EDEN activa medidas de emergencia\",\"isPartOf\":{\"@id\":\"https:\\\/\\\/noticiasmercedinas.com\\\/site\\\/#website\"},\"primaryImageOfPage\":{\"@id\":\"https:\\\/\\\/noticiasmercedinas.com\\\/site\\\/2024\\\/03\\\/13\\\/tormenta-deja-sin-servicio-a-zona-rural-de-mercedes-eden-activa-medidas-de-emergencia\\\/#primaryimage\"},\"image\":{\"@id\":\"https:\\\/\\\/noticiasmercedinas.com\\\/site\\\/2024\\\/03\\\/13\\\/tormenta-deja-sin-servicio-a-zona-rural-de-mercedes-eden-activa-medidas-de-emergencia\\\/#primaryimage\"},\"thumbnailUrl\":\"https:\\\/\\\/noticiasmercedinas.com\\\/site\\\/wp-content\\\/uploads\\\/2024\\\/03\\\/LUZ1.jpg\",\"datePublished\":\"2024-03-14T01:44:42+00:00\",\"breadcrumb\":{\"@id\":\"https:\\\/\\\/noticiasmercedinas.com\\\/site\\\/2024\\\/03\\\/13\\\/tormenta-deja-sin-servicio-a-zona-rural-de-mercedes-eden-activa-medidas-de-emergencia\\\/#breadcrumb\"},\"inLanguage\":\"es\",\"potentialAction\":[{\"@type\":\"ReadAction\",\"target\":[\"https:\\\/\\\/noticiasmercedinas.com\\\/site\\\/2024\\\/03\\\/13\\\/tormenta-deja-sin-servicio-a-zona-rural-de-mercedes-eden-activa-medidas-de-emergencia\\\/\"]}]},{\"@type\":\"ImageObject\",\"inLanguage\":\"es\",\"@id\":\"https:\\\/\\\/noticiasmercedinas.com\\\/site\\\/2024\\\/03\\\/13\\\/tormenta-deja-sin-servicio-a-zona-rural-de-mercedes-eden-activa-medidas-de-emergencia\\\/#primaryimage\",\"url\":\"https:\\\/\\\/noticiasmercedinas.com\\\/site\\\/wp-content\\\/uploads\\\/2024\\\/03\\\/LUZ1.jpg\",\"contentUrl\":\"https:\\\/\\\/noticiasmercedinas.com\\\/site\\\/wp-content\\\/uploads\\\/2024\\\/03\\\/LUZ1.jpg\",\"width\":640,\"height\":454},{\"@type\":\"BreadcrumbList\",\"@id\":\"https:\\\/\\\/noticiasmercedinas.com\\\/site\\\/2024\\\/03\\\/13\\\/tormenta-deja-sin-servicio-a-zona-rural-de-mercedes-eden-activa-medidas-de-emergencia\\\/#breadcrumb\",\"itemListElement\":[{\"@type\":\"ListItem\",\"position\":1,\"name\":\"Portada\",\"item\":\"https:\\\/\\\/noticiasmercedinas.com\\\/site\\\/\"},{\"@type\":\"ListItem\",\"position\":2,\"name\":\"Tormenta deja sin servicio a zona rural de Mercedes: EDEN activa medidas de emergencia\"}]},{\"@type\":\"WebSite\",\"@id\":\"https:\\\/\\\/noticiasmercedinas.com\\\/site\\\/#website\",\"url\":\"https:\\\/\\\/noticiasmercedinas.com\\\/site\\\/\",\"name\":\"NOTICIASMERCEDINAS.COM\",\"description\":\"Mercedes, Buenos Aires, Argentina\",\"publisher\":{\"@id\":\"https:\\\/\\\/noticiasmercedinas.com\\\/site\\\/#organization\"},\"potentialAction\":[{\"@type\":\"SearchAction\",\"target\":{\"@type\":\"EntryPoint\",\"urlTemplate\":\"https:\\\/\\\/noticiasmercedinas.com\\\/site\\\/?s={search_term_string}\"},\"query-input\":{\"@type\":\"PropertyValueSpecification\",\"valueRequired\":true,\"valueName\":\"search_term_string\"}}],\"inLanguage\":\"es\"},{\"@type\":\"Organization\",\"@id\":\"https:\\\/\\\/noticiasmercedinas.com\\\/site\\\/#organization\",\"name\":\"NOTICIASMERCEDINAS.COM\",\"url\":\"https:\\\/\\\/noticiasmercedinas.com\\\/site\\\/\",\"logo\":{\"@type\":\"ImageObject\",\"inLanguage\":\"es\",\"@id\":\"https:\\\/\\\/noticiasmercedinas.com\\\/site\\\/#\\\/schema\\\/logo\\\/image\\\/\",\"url\":\"https:\\\/\\\/noticiasmercedinas.com\\\/site\\\/wp-content\\\/uploads\\\/2020\\\/06\\\/LOGO-512.jpg\",\"contentUrl\":\"https:\\\/\\\/noticiasmercedinas.com\\\/site\\\/wp-content\\\/uploads\\\/2020\\\/06\\\/LOGO-512.jpg\",\"width\":512,\"height\":512,\"caption\":\"NOTICIASMERCEDINAS.COM\"},\"image\":{\"@id\":\"https:\\\/\\\/noticiasmercedinas.com\\\/site\\\/#\\\/schema\\\/logo\\\/image\\\/\"},\"sameAs\":[\"https:\\\/\\\/www.facebook.com\\\/noticiasmercedinas\\\/\",\"https:\\\/\\\/x.com\\\/notmercedinas\",\"https:\\\/\\\/www.instagram.com\\\/noticiasmercedinas\\\/\"]},{\"@type\":\"Person\",\"@id\":\"https:\\\/\\\/noticiasmercedinas.com\\\/site\\\/#\\\/schema\\\/person\\\/84b59c099c28ff2e8b77d4ceec5d8063\",\"name\":\"NOTICIASMERCEDINAS.COM\",\"image\":{\"@type\":\"ImageObject\",\"inLanguage\":\"es\",\"@id\":\"https:\\\/\\\/secure.gravatar.com\\\/avatar\\\/4dfbf16b4d17945bfb6341b2d19043457132fcf478a5ee04f42e959fd8f5df0a?s=96&d=mm&r=g\",\"url\":\"https:\\\/\\\/secure.gravatar.com\\\/avatar\\\/4dfbf16b4d17945bfb6341b2d19043457132fcf478a5ee04f42e959fd8f5df0a?s=96&d=mm&r=g\",\"contentUrl\":\"https:\\\/\\\/secure.gravatar.com\\\/avatar\\\/4dfbf16b4d17945bfb6341b2d19043457132fcf478a5ee04f42e959fd8f5df0a?s=96&d=mm&r=g\",\"caption\":\"NOTICIASMERCEDINAS.COM\"},\"url\":\"https:\\\/\\\/noticiasmercedinas.com\\\/site\\\/author\\\/anonimo\\\/\"}]}<\/script>\n<!-- \/ Yoast SEO plugin. -->","yoast_head_json":{"title":"Tormenta deja sin servicio a zona rural de Mercedes: EDEN activa medidas de emergencia","robots":{"index":"index","follow":"follow","max-snippet":"max-snippet:-1","max-image-preview":"max-image-preview:large","max-video-preview":"max-video-preview:-1"},"canonical":"https:\/\/noticiasmercedinas.com\/site\/2024\/03\/13\/tormenta-deja-sin-servicio-a-zona-rural-de-mercedes-eden-activa-medidas-de-emergencia\/","og_locale":"es_ES","og_type":"article","og_title":"Tormenta deja sin servicio a zona rural de Mercedes: EDEN activa medidas de emergencia","og_description":"\u25a0 Fuertes vientos y lluvias causan estragos en el tendido el\u00e9ctrico, afectando a usuarios cercanos a la Ruta Provincial 41. EDEN hace un llamado a la comunidad para que permanezca resguardada","og_url":"https:\/\/noticiasmercedinas.com\/site\/2024\/03\/13\/tormenta-deja-sin-servicio-a-zona-rural-de-mercedes-eden-activa-medidas-de-emergencia\/","og_site_name":"NOTICIASMERCEDINAS.COM","article_publisher":"https:\/\/www.facebook.com\/noticiasmercedinas\/","article_published_time":"2024-03-14T01:44:42+00:00","og_image":[{"width":640,"height":454,"url":"https:\/\/noticiasmercedinas.com\/site\/wp-content\/uploads\/2024\/03\/LUZ1.jpg","type":"image\/jpeg"}],"author":"NOTICIASMERCEDINAS.COM","twitter_card":"summary_large_image","twitter_creator":"@notmercedinas","twitter_site":"@notmercedinas","twitter_misc":{"Escrito por":"NOTICIASMERCEDINAS.COM","Tiempo de lectura":"3 minutos"},"schema":{"@context":"https:\/\/schema.org","@graph":[{"@type":"Article","@id":"https:\/\/noticiasmercedinas.com\/site\/2024\/03\/13\/tormenta-deja-sin-servicio-a-zona-rural-de-mercedes-eden-activa-medidas-de-emergencia\/#article","isPartOf":{"@id":"https:\/\/noticiasmercedinas.com\/site\/2024\/03\/13\/tormenta-deja-sin-servicio-a-zona-rural-de-mercedes-eden-activa-medidas-de-emergencia\/"},"author":{"name":"NOTICIASMERCEDINAS.COM","@id":"https:\/\/noticiasmercedinas.com\/site\/#\/schema\/person\/84b59c099c28ff2e8b77d4ceec5d8063"},"headline":"Tormenta deja sin servicio a zona rural de Mercedes: EDEN activa medidas de emergencia","datePublished":"2024-03-14T01:44:42+00:00","mainEntityOfPage":{"@id":"https:\/\/noticiasmercedinas.com\/site\/2024\/03\/13\/tormenta-deja-sin-servicio-a-zona-rural-de-mercedes-eden-activa-medidas-de-emergencia\/"},"wordCount":376,"publisher":{"@id":"https:\/\/noticiasmercedinas.com\/site\/#organization"},"image":{"@id":"https:\/\/noticiasmercedinas.com\/site\/2024\/03\/13\/tormenta-deja-sin-servicio-a-zona-rural-de-mercedes-eden-activa-medidas-de-emergencia\/#primaryimage"},"thumbnailUrl":"https:\/\/noticiasmercedinas.com\/site\/wp-content\/uploads\/2024\/03\/LUZ1.jpg","keywords":["EDEN; corte de luz","tormenta"],"articleSection":["Sociedad"],"inLanguage":"es"},{"@type":"WebPage","@id":"https:\/\/noticiasmercedinas.com\/site\/2024\/03\/13\/tormenta-deja-sin-servicio-a-zona-rural-de-mercedes-eden-activa-medidas-de-emergencia\/","url":"https:\/\/noticiasmercedinas.com\/site\/2024\/03\/13\/tormenta-deja-sin-servicio-a-zona-rural-de-mercedes-eden-activa-medidas-de-emergencia\/","name":"Tormenta deja sin servicio a zona rural de Mercedes: EDEN activa medidas de emergencia","isPartOf":{"@id":"https:\/\/noticiasmercedinas.com\/site\/#website"},"primaryImageOfPage":{"@id":"https:\/\/noticiasmercedinas.com\/site\/2024\/03\/13\/tormenta-deja-sin-servicio-a-zona-rural-de-mercedes-eden-activa-medidas-de-emergencia\/#primaryimage"},"image":{"@id":"https:\/\/noticiasmercedinas.com\/site\/2024\/03\/13\/tormenta-deja-sin-servicio-a-zona-rural-de-mercedes-eden-activa-medidas-de-emergencia\/#primaryimage"},"thumbnailUrl":"https:\/\/noticiasmercedinas.com\/site\/wp-content\/uploads\/2024\/03\/LUZ1.jpg","datePublished":"2024-03-14T01:44:42+00:00","breadcrumb":{"@id":"https:\/\/noticiasmercedinas.com\/site\/2024\/03\/13\/tormenta-deja-sin-servicio-a-zona-rural-de-mercedes-eden-activa-medidas-de-emergencia\/#breadcrumb"},"inLanguage":"es","potentialAction":[{"@type":"ReadAction","target":["https:\/\/noticiasmercedinas.com\/site\/2024\/03\/13\/tormenta-deja-sin-servicio-a-zona-rural-de-mercedes-eden-activa-medidas-de-emergencia\/"]}]},{"@type":"ImageObject","inLanguage":"es","@id":"https:\/\/noticiasmercedinas.com\/site\/2024\/03\/13\/tormenta-deja-sin-servicio-a-zona-rural-de-mercedes-eden-activa-medidas-de-emergencia\/#primaryimage","url":"https:\/\/noticiasmercedinas.com\/site\/wp-content\/uploads\/2024\/03\/LUZ1.jpg","contentUrl":"https:\/\/noticiasmercedinas.com\/site\/wp-content\/uploads\/2024\/03\/LUZ1.jpg","width":640,"height":454},{"@type":"BreadcrumbList","@id":"https:\/\/noticiasmercedinas.com\/site\/2024\/03\/13\/tormenta-deja-sin-servicio-a-zona-rural-de-mercedes-eden-activa-medidas-de-emergencia\/#breadcrumb","itemListElement":[{"@type":"ListItem","position":1,"name":"Portada","item":"https:\/\/noticiasmercedinas.com\/site\/"},{"@type":"ListItem","position":2,"name":"Tormenta deja sin servicio a zona rural de Mercedes: EDEN activa medidas de emergencia"}]},{"@type":"WebSite","@id":"https:\/\/noticiasmercedinas.com\/site\/#website","url":"https:\/\/noticiasmercedinas.com\/site\/","name":"NOTICIASMERCEDINAS.COM","description":"Mercedes, Buenos Aires, Argentina","publisher":{"@id":"https:\/\/noticiasmercedinas.com\/site\/#organization"},"potentialAction":[{"@type":"SearchAction","target":{"@type":"EntryPoint","urlTemplate":"https:\/\/noticiasmercedinas.com\/site\/?s={search_term_string}"},"query-input":{"@type":"PropertyValueSpecification","valueRequired":true,"valueName":"search_term_string"}}],"inLanguage":"es"},{"@type":"Organization","@id":"https:\/\/noticiasmercedinas.com\/site\/#organization","name":"NOTICIASMERCEDINAS.COM","url":"https:\/\/noticiasmercedinas.com\/site\/","logo":{"@type":"ImageObject","inLanguage":"es","@id":"https:\/\/noticiasmercedinas.com\/site\/#\/schema\/logo\/image\/","url":"https:\/\/noticiasmercedinas.com\/site\/wp-content\/uploads\/2020\/06\/LOGO-512.jpg","contentUrl":"https:\/\/noticiasmercedinas.com\/site\/wp-content\/uploads\/2020\/06\/LOGO-512.jpg","width":512,"height":512,"caption":"NOTICIASMERCEDINAS.COM"},"image":{"@id":"https:\/\/noticiasmercedinas.com\/site\/#\/schema\/logo\/image\/"},"sameAs":["https:\/\/www.facebook.com\/noticiasmercedinas\/","https:\/\/x.com\/notmercedinas","https:\/\/www.instagram.com\/noticiasmercedinas\/"]},{"@type":"Person","@id":"https:\/\/noticiasmercedinas.com\/site\/#\/schema\/person\/84b59c099c28ff2e8b77d4ceec5d8063","name":"NOTICIASMERCEDINAS.COM","image":{"@type":"ImageObject","inLanguage":"es","@id":"https:\/\/secure.gravatar.com\/avatar\/4dfbf16b4d17945bfb6341b2d19043457132fcf478a5ee04f42e959fd8f5df0a?s=96&d=mm&r=g","url":"https:\/\/secure.gravatar.com\/avatar\/4dfbf16b4d17945bfb6341b2d19043457132fcf478a5ee04f42e959fd8f5df0a?s=96&d=mm&r=g","contentUrl":"https:\/\/secure.gravatar.com\/avatar\/4dfbf16b4d17945bfb6341b2d19043457132fcf478a5ee04f42e959fd8f5df0a?s=96&d=mm&r=g","caption":"NOTICIASMERCEDINAS.COM"},"url":"https:\/\/noticiasmercedinas.com\/site\/author\/anonimo\/"}]}},"amp_enabled":true,"_links":{"self":[{"href":"https:\/\/noticiasmercedinas.com\/site\/wp-json\/wp\/v2\/posts\/132379","targetHints":{"allow":["GET"]}}],"collection":[{"href":"https:\/\/noticiasmercedinas.com\/site\/wp-json\/wp\/v2\/posts"}],"about":[{"href":"https:\/\/noticiasmercedinas.com\/site\/wp-json\/wp\/v2\/types\/post"}],"author":[{"embeddable":true,"href":"https:\/\/noticiasmercedinas.com\/site\/wp-json\/wp\/v2\/users\/16"}],"replies":[{"embeddable":true,"href":"https:\/\/noticiasmercedinas.com\/site\/wp-json\/wp\/v2\/comments?post=132379"}],"version-history":[{"count":1,"href":"https:\/\/noticiasmercedinas.com\/site\/wp-json\/wp\/v2\/posts\/132379\/revisions"}],"predecessor-version":[{"id":132382,"href":"https:\/\/noticiasmercedinas.com\/site\/wp-json\/wp\/v2\/posts\/132379\/revisions\/132382"}],"wp:featuredmedia":[{"embeddable":true,"href":"https:\/\/noticiasmercedinas.com\/site\/wp-json\/wp\/v2\/media\/132380"}],"wp:attachment":[{"href":"https:\/\/noticiasmercedinas.com\/site\/wp-json\/wp\/v2\/media?parent=132379"}],"wp:term":[{"taxonomy":"category","embeddable":true,"href":"https:\/\/noticiasmercedinas.com\/site\/wp-json\/wp\/v2\/categories?post=132379"},{"taxonomy":"post_tag","embeddable":true,"href":"https:\/\/noticiasmercedinas.com\/site\/wp-json\/wp\/v2\/tags?post=132379"}],"curies":[{"name":"wp","href":"https:\/\/api.w.org\/{rel}","templated":true}]}}