{"id":132434,"date":"2024-03-15T08:06:21","date_gmt":"2024-03-15T11:06:21","guid":{"rendered":"https:\/\/noticiasmercedinas.com\/site\/?p=132434"},"modified":"2024-03-15T08:06:44","modified_gmt":"2024-03-15T11:06:44","slug":"encuentro-pastoral-de-diaconos-y-esposas-en-el-seminario-arquidiocesano-de-mercedes-lujan","status":"publish","type":"post","link":"https:\/\/noticiasmercedinas.com\/site\/2024\/03\/15\/encuentro-pastoral-de-diaconos-y-esposas-en-el-seminario-arquidiocesano-de-mercedes-lujan\/","title":{"rendered":"Encuentro pastoral de di\u00e1conos y esposas en el Seminario Arquidiocesano de Mercedes-Luj\u00e1n"},"content":{"rendered":"<p><img loading=\"lazy\" decoding=\"async\" class=\"alignnone size-full wp-image-132435\" src=\"https:\/\/noticiasmercedinas.com\/site\/wp-content\/uploads\/2024\/03\/EP1.jpg\" alt=\"\" width=\"640\" height=\"465\" srcset=\"https:\/\/noticiasmercedinas.com\/site\/wp-content\/uploads\/2024\/03\/EP1.jpg 640w, https:\/\/noticiasmercedinas.com\/site\/wp-content\/uploads\/2024\/03\/EP1-300x218.jpg 300w\" sizes=\"auto, (max-width: 640px) 100vw, 640px\" \/><\/p>\n<p>El pasado s\u00e1bado 9 de marzo, se llev\u00f3 a cabo un significativo encuentro pastoral en el Seminario Arquidiocesano de Mercedes-Luj\u00e1n, donde se congregaron todos los di\u00e1conos junto a sus respectivas esposas. Este encuentro fue presidido por el Padre Obispo Mauricio, quien estuvo acompa\u00f1ado por el Padre Hern\u00e1n Luc\u00eda.<\/p>\n<p>El prop\u00f3sito de esta reuni\u00f3n fue crear un espacio para la oraci\u00f3n, el intercambio y la reflexi\u00f3n en torno al ministerio diaconal. Durante la jornada, el Padre Mauricio Landra tuvo la oportunidad de presentar el directorio para los di\u00e1conos, lo que marc\u00f3 un momento crucial para la planificaci\u00f3n y organizaci\u00f3n de sus labores pastorales.<\/p>\n<p>\u00abCompartimos la vida\u00bb, expres\u00f3 Mario Segura, destacando la importancia de la comuni\u00f3n y el apoyo mutuo en este camino de servicio eclesial.<\/p>\n<p>Como es habitual, la comunidad arquidiocesana acompa\u00f1\u00f3 este encuentro con sus oraciones, confiando en que el Esp\u00edritu Santo siga guiando y fortaleciendo el ministerio de estos fieles servidores de la Iglesia.<\/p>\n","protected":false},"excerpt":{"rendered":"<p>\u25a0 Este encuentro fue presidido por el Padre Obispo Mauricio, quien estuvo acompa\u00f1ado por el Padre Hern\u00e1n Luc\u00eda. Destacan la importancia de la comuni\u00f3n y el apoyo mutuo en este camino de servicio<\/p>\n","protected":false},"author":16,"featured_media":132435,"comment_status":"closed","ping_status":"closed","sticky":false,"template":"","format":"standard","meta":{"footnotes":""},"categories":[3],"tags":[7687,1722,1849,3304],"class_list":["post-132434","post","type-post","status-publish","format-standard","has-post-thumbnail","hentry","category-sociedad","tag-arquidiocesis-de-mercedes-lujan","tag-diaconos","tag-familia","tag-seminario-santo-cura-de-ars"],"yoast_head":"<!-- This site is optimized with the Yoast SEO plugin v27.5 - https:\/\/yoast.com\/product\/yoast-seo-wordpress\/ -->\n<title>Encuentro pastoral de di\u00e1conos y esposas en el Seminario Arquidiocesano de Mercedes-Luj\u00e1n<\/title>\n<meta name=\"robots\" content=\"index, follow, max-snippet:-1, max-image-preview:large, max-video-preview:-1\" \/>\n<link rel=\"canonical\" href=\"https:\/\/noticiasmercedinas.com\/site\/2024\/03\/15\/encuentro-pastoral-de-diaconos-y-esposas-en-el-seminario-arquidiocesano-de-mercedes-lujan\/\" \/>\n<meta property=\"og:locale\" content=\"es_ES\" \/>\n<meta property=\"og:type\" content=\"article\" \/>\n<meta property=\"og:title\" content=\"Encuentro pastoral de di\u00e1conos y esposas en el Seminario Arquidiocesano de Mercedes-Luj\u00e1n\" \/>\n<meta property=\"og:description\" content=\"\u25a0 Este encuentro fue presidido por el Padre Obispo Mauricio, quien estuvo acompa\u00f1ado por el Padre Hern\u00e1n Luc\u00eda. Destacan la importancia de la comuni\u00f3n y el apoyo mutuo en este camino de servicio\" \/>\n<meta property=\"og:url\" content=\"https:\/\/noticiasmercedinas.com\/site\/2024\/03\/15\/encuentro-pastoral-de-diaconos-y-esposas-en-el-seminario-arquidiocesano-de-mercedes-lujan\/\" \/>\n<meta property=\"og:site_name\" content=\"NOTICIASMERCEDINAS.COM\" \/>\n<meta property=\"article:publisher\" content=\"https:\/\/www.facebook.com\/noticiasmercedinas\/\" \/>\n<meta property=\"article:published_time\" content=\"2024-03-15T11:06:21+00:00\" \/>\n<meta property=\"article:modified_time\" content=\"2024-03-15T11:06:44+00:00\" \/>\n<meta property=\"og:image\" content=\"https:\/\/noticiasmercedinas.com\/site\/wp-content\/uploads\/2024\/03\/EP1.jpg\" \/>\n\t<meta property=\"og:image:width\" content=\"640\" \/>\n\t<meta property=\"og:image:height\" content=\"465\" \/>\n\t<meta property=\"og:image:type\" content=\"image\/jpeg\" \/>\n<meta name=\"author\" content=\"NOTICIASMERCEDINAS.COM\" \/>\n<meta name=\"twitter:card\" content=\"summary_large_image\" \/>\n<meta name=\"twitter:creator\" content=\"@notmercedinas\" \/>\n<meta name=\"twitter:site\" content=\"@notmercedinas\" \/>\n<meta name=\"twitter:label1\" content=\"Escrito por\" \/>\n\t<meta name=\"twitter:data1\" content=\"NOTICIASMERCEDINAS.COM\" \/>\n\t<meta name=\"twitter:label2\" content=\"Tiempo de lectura\" \/>\n\t<meta name=\"twitter:data2\" content=\"2 minutos\" \/>\n<script type=\"application\/ld+json\" class=\"yoast-schema-graph\">{\"@context\":\"https:\\\/\\\/schema.org\",\"@graph\":[{\"@type\":\"Article\",\"@id\":\"https:\\\/\\\/noticiasmercedinas.com\\\/site\\\/2024\\\/03\\\/15\\\/encuentro-pastoral-de-diaconos-y-esposas-en-el-seminario-arquidiocesano-de-mercedes-lujan\\\/#article\",\"isPartOf\":{\"@id\":\"https:\\\/\\\/noticiasmercedinas.com\\\/site\\\/2024\\\/03\\\/15\\\/encuentro-pastoral-de-diaconos-y-esposas-en-el-seminario-arquidiocesano-de-mercedes-lujan\\\/\"},\"author\":{\"name\":\"NOTICIASMERCEDINAS.COM\",\"@id\":\"https:\\\/\\\/noticiasmercedinas.com\\\/site\\\/#\\\/schema\\\/person\\\/84b59c099c28ff2e8b77d4ceec5d8063\"},\"headline\":\"Encuentro pastoral de di\u00e1conos y esposas en el Seminario Arquidiocesano de Mercedes-Luj\u00e1n\",\"datePublished\":\"2024-03-15T11:06:21+00:00\",\"dateModified\":\"2024-03-15T11:06:44+00:00\",\"mainEntityOfPage\":{\"@id\":\"https:\\\/\\\/noticiasmercedinas.com\\\/site\\\/2024\\\/03\\\/15\\\/encuentro-pastoral-de-diaconos-y-esposas-en-el-seminario-arquidiocesano-de-mercedes-lujan\\\/\"},\"wordCount\":183,\"publisher\":{\"@id\":\"https:\\\/\\\/noticiasmercedinas.com\\\/site\\\/#organization\"},\"image\":{\"@id\":\"https:\\\/\\\/noticiasmercedinas.com\\\/site\\\/2024\\\/03\\\/15\\\/encuentro-pastoral-de-diaconos-y-esposas-en-el-seminario-arquidiocesano-de-mercedes-lujan\\\/#primaryimage\"},\"thumbnailUrl\":\"https:\\\/\\\/noticiasmercedinas.com\\\/site\\\/wp-content\\\/uploads\\\/2024\\\/03\\\/EP1.jpg\",\"keywords\":[\"Arquidi\u00f3cesis de Mercedes Luj\u00e1n\",\"diaconos\",\"familia\",\"seminario santo cura de ars\"],\"articleSection\":[\"Sociedad\"],\"inLanguage\":\"es\"},{\"@type\":\"WebPage\",\"@id\":\"https:\\\/\\\/noticiasmercedinas.com\\\/site\\\/2024\\\/03\\\/15\\\/encuentro-pastoral-de-diaconos-y-esposas-en-el-seminario-arquidiocesano-de-mercedes-lujan\\\/\",\"url\":\"https:\\\/\\\/noticiasmercedinas.com\\\/site\\\/2024\\\/03\\\/15\\\/encuentro-pastoral-de-diaconos-y-esposas-en-el-seminario-arquidiocesano-de-mercedes-lujan\\\/\",\"name\":\"Encuentro pastoral de di\u00e1conos y esposas en el Seminario Arquidiocesano de Mercedes-Luj\u00e1n\",\"isPartOf\":{\"@id\":\"https:\\\/\\\/noticiasmercedinas.com\\\/site\\\/#website\"},\"primaryImageOfPage\":{\"@id\":\"https:\\\/\\\/noticiasmercedinas.com\\\/site\\\/2024\\\/03\\\/15\\\/encuentro-pastoral-de-diaconos-y-esposas-en-el-seminario-arquidiocesano-de-mercedes-lujan\\\/#primaryimage\"},\"image\":{\"@id\":\"https:\\\/\\\/noticiasmercedinas.com\\\/site\\\/2024\\\/03\\\/15\\\/encuentro-pastoral-de-diaconos-y-esposas-en-el-seminario-arquidiocesano-de-mercedes-lujan\\\/#primaryimage\"},\"thumbnailUrl\":\"https:\\\/\\\/noticiasmercedinas.com\\\/site\\\/wp-content\\\/uploads\\\/2024\\\/03\\\/EP1.jpg\",\"datePublished\":\"2024-03-15T11:06:21+00:00\",\"dateModified\":\"2024-03-15T11:06:44+00:00\",\"breadcrumb\":{\"@id\":\"https:\\\/\\\/noticiasmercedinas.com\\\/site\\\/2024\\\/03\\\/15\\\/encuentro-pastoral-de-diaconos-y-esposas-en-el-seminario-arquidiocesano-de-mercedes-lujan\\\/#breadcrumb\"},\"inLanguage\":\"es\",\"potentialAction\":[{\"@type\":\"ReadAction\",\"target\":[\"https:\\\/\\\/noticiasmercedinas.com\\\/site\\\/2024\\\/03\\\/15\\\/encuentro-pastoral-de-diaconos-y-esposas-en-el-seminario-arquidiocesano-de-mercedes-lujan\\\/\"]}]},{\"@type\":\"ImageObject\",\"inLanguage\":\"es\",\"@id\":\"https:\\\/\\\/noticiasmercedinas.com\\\/site\\\/2024\\\/03\\\/15\\\/encuentro-pastoral-de-diaconos-y-esposas-en-el-seminario-arquidiocesano-de-mercedes-lujan\\\/#primaryimage\",\"url\":\"https:\\\/\\\/noticiasmercedinas.com\\\/site\\\/wp-content\\\/uploads\\\/2024\\\/03\\\/EP1.jpg\",\"contentUrl\":\"https:\\\/\\\/noticiasmercedinas.com\\\/site\\\/wp-content\\\/uploads\\\/2024\\\/03\\\/EP1.jpg\",\"width\":640,\"height\":465},{\"@type\":\"BreadcrumbList\",\"@id\":\"https:\\\/\\\/noticiasmercedinas.com\\\/site\\\/2024\\\/03\\\/15\\\/encuentro-pastoral-de-diaconos-y-esposas-en-el-seminario-arquidiocesano-de-mercedes-lujan\\\/#breadcrumb\",\"itemListElement\":[{\"@type\":\"ListItem\",\"position\":1,\"name\":\"Portada\",\"item\":\"https:\\\/\\\/noticiasmercedinas.com\\\/site\\\/\"},{\"@type\":\"ListItem\",\"position\":2,\"name\":\"Encuentro pastoral de di\u00e1conos y esposas en el Seminario Arquidiocesano de Mercedes-Luj\u00e1n\"}]},{\"@type\":\"WebSite\",\"@id\":\"https:\\\/\\\/noticiasmercedinas.com\\\/site\\\/#website\",\"url\":\"https:\\\/\\\/noticiasmercedinas.com\\\/site\\\/\",\"name\":\"NOTICIASMERCEDINAS.COM\",\"description\":\"Mercedes, Buenos Aires, Argentina\",\"publisher\":{\"@id\":\"https:\\\/\\\/noticiasmercedinas.com\\\/site\\\/#organization\"},\"potentialAction\":[{\"@type\":\"SearchAction\",\"target\":{\"@type\":\"EntryPoint\",\"urlTemplate\":\"https:\\\/\\\/noticiasmercedinas.com\\\/site\\\/?s={search_term_string}\"},\"query-input\":{\"@type\":\"PropertyValueSpecification\",\"valueRequired\":true,\"valueName\":\"search_term_string\"}}],\"inLanguage\":\"es\"},{\"@type\":\"Organization\",\"@id\":\"https:\\\/\\\/noticiasmercedinas.com\\\/site\\\/#organization\",\"name\":\"NOTICIASMERCEDINAS.COM\",\"url\":\"https:\\\/\\\/noticiasmercedinas.com\\\/site\\\/\",\"logo\":{\"@type\":\"ImageObject\",\"inLanguage\":\"es\",\"@id\":\"https:\\\/\\\/noticiasmercedinas.com\\\/site\\\/#\\\/schema\\\/logo\\\/image\\\/\",\"url\":\"https:\\\/\\\/noticiasmercedinas.com\\\/site\\\/wp-content\\\/uploads\\\/2020\\\/06\\\/LOGO-512.jpg\",\"contentUrl\":\"https:\\\/\\\/noticiasmercedinas.com\\\/site\\\/wp-content\\\/uploads\\\/2020\\\/06\\\/LOGO-512.jpg\",\"width\":512,\"height\":512,\"caption\":\"NOTICIASMERCEDINAS.COM\"},\"image\":{\"@id\":\"https:\\\/\\\/noticiasmercedinas.com\\\/site\\\/#\\\/schema\\\/logo\\\/image\\\/\"},\"sameAs\":[\"https:\\\/\\\/www.facebook.com\\\/noticiasmercedinas\\\/\",\"https:\\\/\\\/x.com\\\/notmercedinas\",\"https:\\\/\\\/www.instagram.com\\\/noticiasmercedinas\\\/\"]},{\"@type\":\"Person\",\"@id\":\"https:\\\/\\\/noticiasmercedinas.com\\\/site\\\/#\\\/schema\\\/person\\\/84b59c099c28ff2e8b77d4ceec5d8063\",\"name\":\"NOTICIASMERCEDINAS.COM\",\"image\":{\"@type\":\"ImageObject\",\"inLanguage\":\"es\",\"@id\":\"https:\\\/\\\/secure.gravatar.com\\\/avatar\\\/4dfbf16b4d17945bfb6341b2d19043457132fcf478a5ee04f42e959fd8f5df0a?s=96&d=mm&r=g\",\"url\":\"https:\\\/\\\/secure.gravatar.com\\\/avatar\\\/4dfbf16b4d17945bfb6341b2d19043457132fcf478a5ee04f42e959fd8f5df0a?s=96&d=mm&r=g\",\"contentUrl\":\"https:\\\/\\\/secure.gravatar.com\\\/avatar\\\/4dfbf16b4d17945bfb6341b2d19043457132fcf478a5ee04f42e959fd8f5df0a?s=96&d=mm&r=g\",\"caption\":\"NOTICIASMERCEDINAS.COM\"},\"url\":\"https:\\\/\\\/noticiasmercedinas.com\\\/site\\\/author\\\/anonimo\\\/\"}]}<\/script>\n<!-- \/ Yoast SEO plugin. -->","yoast_head_json":{"title":"Encuentro pastoral de di\u00e1conos y esposas en el Seminario Arquidiocesano de Mercedes-Luj\u00e1n","robots":{"index":"index","follow":"follow","max-snippet":"max-snippet:-1","max-image-preview":"max-image-preview:large","max-video-preview":"max-video-preview:-1"},"canonical":"https:\/\/noticiasmercedinas.com\/site\/2024\/03\/15\/encuentro-pastoral-de-diaconos-y-esposas-en-el-seminario-arquidiocesano-de-mercedes-lujan\/","og_locale":"es_ES","og_type":"article","og_title":"Encuentro pastoral de di\u00e1conos y esposas en el Seminario Arquidiocesano de Mercedes-Luj\u00e1n","og_description":"\u25a0 Este encuentro fue presidido por el Padre Obispo Mauricio, quien estuvo acompa\u00f1ado por el Padre Hern\u00e1n Luc\u00eda. Destacan la importancia de la comuni\u00f3n y el apoyo mutuo en este camino de servicio","og_url":"https:\/\/noticiasmercedinas.com\/site\/2024\/03\/15\/encuentro-pastoral-de-diaconos-y-esposas-en-el-seminario-arquidiocesano-de-mercedes-lujan\/","og_site_name":"NOTICIASMERCEDINAS.COM","article_publisher":"https:\/\/www.facebook.com\/noticiasmercedinas\/","article_published_time":"2024-03-15T11:06:21+00:00","article_modified_time":"2024-03-15T11:06:44+00:00","og_image":[{"width":640,"height":465,"url":"https:\/\/noticiasmercedinas.com\/site\/wp-content\/uploads\/2024\/03\/EP1.jpg","type":"image\/jpeg"}],"author":"NOTICIASMERCEDINAS.COM","twitter_card":"summary_large_image","twitter_creator":"@notmercedinas","twitter_site":"@notmercedinas","twitter_misc":{"Escrito por":"NOTICIASMERCEDINAS.COM","Tiempo de lectura":"2 minutos"},"schema":{"@context":"https:\/\/schema.org","@graph":[{"@type":"Article","@id":"https:\/\/noticiasmercedinas.com\/site\/2024\/03\/15\/encuentro-pastoral-de-diaconos-y-esposas-en-el-seminario-arquidiocesano-de-mercedes-lujan\/#article","isPartOf":{"@id":"https:\/\/noticiasmercedinas.com\/site\/2024\/03\/15\/encuentro-pastoral-de-diaconos-y-esposas-en-el-seminario-arquidiocesano-de-mercedes-lujan\/"},"author":{"name":"NOTICIASMERCEDINAS.COM","@id":"https:\/\/noticiasmercedinas.com\/site\/#\/schema\/person\/84b59c099c28ff2e8b77d4ceec5d8063"},"headline":"Encuentro pastoral de di\u00e1conos y esposas en el Seminario Arquidiocesano de Mercedes-Luj\u00e1n","datePublished":"2024-03-15T11:06:21+00:00","dateModified":"2024-03-15T11:06:44+00:00","mainEntityOfPage":{"@id":"https:\/\/noticiasmercedinas.com\/site\/2024\/03\/15\/encuentro-pastoral-de-diaconos-y-esposas-en-el-seminario-arquidiocesano-de-mercedes-lujan\/"},"wordCount":183,"publisher":{"@id":"https:\/\/noticiasmercedinas.com\/site\/#organization"},"image":{"@id":"https:\/\/noticiasmercedinas.com\/site\/2024\/03\/15\/encuentro-pastoral-de-diaconos-y-esposas-en-el-seminario-arquidiocesano-de-mercedes-lujan\/#primaryimage"},"thumbnailUrl":"https:\/\/noticiasmercedinas.com\/site\/wp-content\/uploads\/2024\/03\/EP1.jpg","keywords":["Arquidi\u00f3cesis de Mercedes Luj\u00e1n","diaconos","familia","seminario santo cura de ars"],"articleSection":["Sociedad"],"inLanguage":"es"},{"@type":"WebPage","@id":"https:\/\/noticiasmercedinas.com\/site\/2024\/03\/15\/encuentro-pastoral-de-diaconos-y-esposas-en-el-seminario-arquidiocesano-de-mercedes-lujan\/","url":"https:\/\/noticiasmercedinas.com\/site\/2024\/03\/15\/encuentro-pastoral-de-diaconos-y-esposas-en-el-seminario-arquidiocesano-de-mercedes-lujan\/","name":"Encuentro pastoral de di\u00e1conos y esposas en el Seminario Arquidiocesano de Mercedes-Luj\u00e1n","isPartOf":{"@id":"https:\/\/noticiasmercedinas.com\/site\/#website"},"primaryImageOfPage":{"@id":"https:\/\/noticiasmercedinas.com\/site\/2024\/03\/15\/encuentro-pastoral-de-diaconos-y-esposas-en-el-seminario-arquidiocesano-de-mercedes-lujan\/#primaryimage"},"image":{"@id":"https:\/\/noticiasmercedinas.com\/site\/2024\/03\/15\/encuentro-pastoral-de-diaconos-y-esposas-en-el-seminario-arquidiocesano-de-mercedes-lujan\/#primaryimage"},"thumbnailUrl":"https:\/\/noticiasmercedinas.com\/site\/wp-content\/uploads\/2024\/03\/EP1.jpg","datePublished":"2024-03-15T11:06:21+00:00","dateModified":"2024-03-15T11:06:44+00:00","breadcrumb":{"@id":"https:\/\/noticiasmercedinas.com\/site\/2024\/03\/15\/encuentro-pastoral-de-diaconos-y-esposas-en-el-seminario-arquidiocesano-de-mercedes-lujan\/#breadcrumb"},"inLanguage":"es","potentialAction":[{"@type":"ReadAction","target":["https:\/\/noticiasmercedinas.com\/site\/2024\/03\/15\/encuentro-pastoral-de-diaconos-y-esposas-en-el-seminario-arquidiocesano-de-mercedes-lujan\/"]}]},{"@type":"ImageObject","inLanguage":"es","@id":"https:\/\/noticiasmercedinas.com\/site\/2024\/03\/15\/encuentro-pastoral-de-diaconos-y-esposas-en-el-seminario-arquidiocesano-de-mercedes-lujan\/#primaryimage","url":"https:\/\/noticiasmercedinas.com\/site\/wp-content\/uploads\/2024\/03\/EP1.jpg","contentUrl":"https:\/\/noticiasmercedinas.com\/site\/wp-content\/uploads\/2024\/03\/EP1.jpg","width":640,"height":465},{"@type":"BreadcrumbList","@id":"https:\/\/noticiasmercedinas.com\/site\/2024\/03\/15\/encuentro-pastoral-de-diaconos-y-esposas-en-el-seminario-arquidiocesano-de-mercedes-lujan\/#breadcrumb","itemListElement":[{"@type":"ListItem","position":1,"name":"Portada","item":"https:\/\/noticiasmercedinas.com\/site\/"},{"@type":"ListItem","position":2,"name":"Encuentro pastoral de di\u00e1conos y esposas en el Seminario Arquidiocesano de Mercedes-Luj\u00e1n"}]},{"@type":"WebSite","@id":"https:\/\/noticiasmercedinas.com\/site\/#website","url":"https:\/\/noticiasmercedinas.com\/site\/","name":"NOTICIASMERCEDINAS.COM","description":"Mercedes, Buenos Aires, Argentina","publisher":{"@id":"https:\/\/noticiasmercedinas.com\/site\/#organization"},"potentialAction":[{"@type":"SearchAction","target":{"@type":"EntryPoint","urlTemplate":"https:\/\/noticiasmercedinas.com\/site\/?s={search_term_string}"},"query-input":{"@type":"PropertyValueSpecification","valueRequired":true,"valueName":"search_term_string"}}],"inLanguage":"es"},{"@type":"Organization","@id":"https:\/\/noticiasmercedinas.com\/site\/#organization","name":"NOTICIASMERCEDINAS.COM","url":"https:\/\/noticiasmercedinas.com\/site\/","logo":{"@type":"ImageObject","inLanguage":"es","@id":"https:\/\/noticiasmercedinas.com\/site\/#\/schema\/logo\/image\/","url":"https:\/\/noticiasmercedinas.com\/site\/wp-content\/uploads\/2020\/06\/LOGO-512.jpg","contentUrl":"https:\/\/noticiasmercedinas.com\/site\/wp-content\/uploads\/2020\/06\/LOGO-512.jpg","width":512,"height":512,"caption":"NOTICIASMERCEDINAS.COM"},"image":{"@id":"https:\/\/noticiasmercedinas.com\/site\/#\/schema\/logo\/image\/"},"sameAs":["https:\/\/www.facebook.com\/noticiasmercedinas\/","https:\/\/x.com\/notmercedinas","https:\/\/www.instagram.com\/noticiasmercedinas\/"]},{"@type":"Person","@id":"https:\/\/noticiasmercedinas.com\/site\/#\/schema\/person\/84b59c099c28ff2e8b77d4ceec5d8063","name":"NOTICIASMERCEDINAS.COM","image":{"@type":"ImageObject","inLanguage":"es","@id":"https:\/\/secure.gravatar.com\/avatar\/4dfbf16b4d17945bfb6341b2d19043457132fcf478a5ee04f42e959fd8f5df0a?s=96&d=mm&r=g","url":"https:\/\/secure.gravatar.com\/avatar\/4dfbf16b4d17945bfb6341b2d19043457132fcf478a5ee04f42e959fd8f5df0a?s=96&d=mm&r=g","contentUrl":"https:\/\/secure.gravatar.com\/avatar\/4dfbf16b4d17945bfb6341b2d19043457132fcf478a5ee04f42e959fd8f5df0a?s=96&d=mm&r=g","caption":"NOTICIASMERCEDINAS.COM"},"url":"https:\/\/noticiasmercedinas.com\/site\/author\/anonimo\/"}]}},"amp_enabled":true,"_links":{"self":[{"href":"https:\/\/noticiasmercedinas.com\/site\/wp-json\/wp\/v2\/posts\/132434","targetHints":{"allow":["GET"]}}],"collection":[{"href":"https:\/\/noticiasmercedinas.com\/site\/wp-json\/wp\/v2\/posts"}],"about":[{"href":"https:\/\/noticiasmercedinas.com\/site\/wp-json\/wp\/v2\/types\/post"}],"author":[{"embeddable":true,"href":"https:\/\/noticiasmercedinas.com\/site\/wp-json\/wp\/v2\/users\/16"}],"replies":[{"embeddable":true,"href":"https:\/\/noticiasmercedinas.com\/site\/wp-json\/wp\/v2\/comments?post=132434"}],"version-history":[{"count":1,"href":"https:\/\/noticiasmercedinas.com\/site\/wp-json\/wp\/v2\/posts\/132434\/revisions"}],"predecessor-version":[{"id":132437,"href":"https:\/\/noticiasmercedinas.com\/site\/wp-json\/wp\/v2\/posts\/132434\/revisions\/132437"}],"wp:featuredmedia":[{"embeddable":true,"href":"https:\/\/noticiasmercedinas.com\/site\/wp-json\/wp\/v2\/media\/132435"}],"wp:attachment":[{"href":"https:\/\/noticiasmercedinas.com\/site\/wp-json\/wp\/v2\/media?parent=132434"}],"wp:term":[{"taxonomy":"category","embeddable":true,"href":"https:\/\/noticiasmercedinas.com\/site\/wp-json\/wp\/v2\/categories?post=132434"},{"taxonomy":"post_tag","embeddable":true,"href":"https:\/\/noticiasmercedinas.com\/site\/wp-json\/wp\/v2\/tags?post=132434"}],"curies":[{"name":"wp","href":"https:\/\/api.w.org\/{rel}","templated":true}]}}