{"id":132659,"date":"2024-03-18T12:52:23","date_gmt":"2024-03-18T15:52:23","guid":{"rendered":"https:\/\/noticiasmercedinas.com\/site\/?p=132659"},"modified":"2024-03-18T12:52:23","modified_gmt":"2024-03-18T15:52:23","slug":"en-san-carlos-hubo-una-buena-cosecha-de-medallas","status":"publish","type":"post","link":"https:\/\/noticiasmercedinas.com\/site\/2024\/03\/18\/en-san-carlos-hubo-una-buena-cosecha-de-medallas\/","title":{"rendered":"En San Carlos hubo una buena cosecha de medallas"},"content":{"rendered":"<figure id=\"attachment_132660\" aria-describedby=\"caption-attachment-132660\" style=\"width: 640px\" class=\"wp-caption alignnone\"><img loading=\"lazy\" decoding=\"async\" class=\"wp-image-132660 size-full\" src=\"https:\/\/noticiasmercedinas.com\/site\/wp-content\/uploads\/2024\/03\/atletas.jpg\" alt=\"\" width=\"640\" height=\"556\" srcset=\"https:\/\/noticiasmercedinas.com\/site\/wp-content\/uploads\/2024\/03\/atletas.jpg 640w, https:\/\/noticiasmercedinas.com\/site\/wp-content\/uploads\/2024\/03\/atletas-300x261.jpg 300w\" sizes=\"auto, (max-width: 640px) 100vw, 640px\" \/><figcaption id=\"caption-attachment-132660\" class=\"wp-caption-text\">Salinas, Coria, Antar, Branchini y Morales repletos de medallas.<\/figcaption><\/figure>\n<p>El torneo de atletismo JJ L\u00f3pez Testa se llev\u00f3 adelante en San Carlos (Uruguay) durante el \u00faltimo fin de semana reuniendo 250 atletas que fueron llegando desde Chile, Brasil, los propios uruguayos y la Argentina donde cinco mercedinos viajaron a tomar parte en pruebas de velocidad y medio fondo sobre pista sint\u00e9tica.<\/p>\n<p>Fue entonces que Maximiliano Salinas, Diego Coria, Lucas Morales, Nicol\u00e1s Branchini y Emiliano Antar vivieron un fin de semana distinto, habiendo entrenado para este compromiso y con ello alcanzando buenos resultados durante los dos d\u00edas de competencias.<\/p>\n<p><strong>S\u00e1bado<\/strong> <strong>16<\/strong><br \/>\n1500 metros Categor\u00eda 45-49 a\u00f1os<br \/>\n1\u00b0 Maximiliano Salinas.<\/p>\n<p>1500 metros Categor\u00eda 30-34 a\u00f1os<br \/>\n3\u00b0 Lucas Morales.<\/p>\n<p>1500 metros Categor\u00eda 40-44 a\u00f1os<br \/>\n3\u00b0 Diego Armando Coria.<\/p>\n<p>100 metros Categor\u00eda 30-34 a\u00f1os<br \/>\n2\u00b0 Emiliano Antar.<\/p>\n<p>3000 metros con obst\u00e1culos 30-34 a\u00f1os<br \/>\n2\u00b0 Lucas Morales.<\/p>\n<p>3000 metros con obst\u00e1culos 40-44 a\u00f1os<br \/>\n1\u00b0 Diego Armando Coria.<\/p>\n<p>400 metros 30-34 a\u00f1os<br \/>\n2\u00b0 Emiliano Antar.<\/p>\n<p>Posta 4 x 100 metros &#8211; 30-34 a\u00f1os<br \/>\n2\u00b0 Emiliano Antar, Lucas Morales, Judelezky (Capital Federal) y Diego Armando Coria.<\/p>\n<p><img loading=\"lazy\" decoding=\"async\" class=\"alignnone size-full wp-image-132661\" src=\"https:\/\/noticiasmercedinas.com\/site\/wp-content\/uploads\/2024\/03\/medallas.jpg\" alt=\"\" width=\"640\" height=\"853\" srcset=\"https:\/\/noticiasmercedinas.com\/site\/wp-content\/uploads\/2024\/03\/medallas.jpg 640w, https:\/\/noticiasmercedinas.com\/site\/wp-content\/uploads\/2024\/03\/medallas-225x300.jpg 225w\" sizes=\"auto, (max-width: 640px) 100vw, 640px\" \/><br \/>\n<strong><br \/>\nDomingo 17<\/strong><br \/>\n200 metros Categor\u00eda 30-34 a\u00f1os<br \/>\n1\u00b0 Emiliano Antar.<\/p>\n<p>5000 metros Categor\u00eda 40-44 a\u00f1os<br \/>\n2\u00b0 Diego Coria.<\/p>\n<p>5000 metros Categor\u00eda 30-34 a\u00f1os<br \/>\n3\u00b0 Lucas Morales.<\/p>\n<p>5000 metros Categor\u00eda 35-39 a\u00f1os<br \/>\n1\u00b0 Nicol\u00e1s Branchini.<\/p>\n<p>800 metros Categor\u00eda 35-39 a\u00f1os<br \/>\n4\u00b0 Nicol\u00e1s Branchini.<\/p>\n<p>5000 metros Categor\u00eda 45-49 a\u00f1os<br \/>\n3\u00b0 Maximiliano Salinas.<\/p>\n<p>800 metros Categor\u00eda 45-49 a\u00f1os.<br \/>\n2\u00b0 Maximiliano Salinas.<\/p>\n","protected":false},"excerpt":{"rendered":"<p>\u25a0 Atletas mercedinos fueron parte en Uruguay de pruebas de pista. En carreras de velocidad y de medio fondo consiguieron destacarse Salinas, Coria, Antar, Branchini y Morales. <\/p>\n","protected":false},"author":6,"featured_media":132660,"comment_status":"closed","ping_status":"closed","sticky":false,"template":"","format":"standard","meta":{"footnotes":""},"categories":[5],"tags":[329,10789,17820,17819,16352,17818,1204],"class_list":["post-132659","post","type-post","status-publish","format-standard","has-post-thumbnail","hentry","category-deportes","tag-atletismo","tag-diego-coria","tag-emiliano-antar","tag-lucas-morales","tag-maximiliano-salinas","tag-nicolas-branchini","tag-uruguay"],"yoast_head":"<!-- This site is optimized with the Yoast SEO plugin v27.5 - https:\/\/yoast.com\/product\/yoast-seo-wordpress\/ -->\n<title>En San Carlos hubo una buena cosecha de medallas<\/title>\n<meta name=\"robots\" content=\"index, follow, max-snippet:-1, max-image-preview:large, max-video-preview:-1\" \/>\n<link rel=\"canonical\" href=\"https:\/\/noticiasmercedinas.com\/site\/2024\/03\/18\/en-san-carlos-hubo-una-buena-cosecha-de-medallas\/\" \/>\n<meta property=\"og:locale\" content=\"es_ES\" \/>\n<meta property=\"og:type\" content=\"article\" \/>\n<meta property=\"og:title\" content=\"En San Carlos hubo una buena cosecha de medallas\" \/>\n<meta property=\"og:description\" content=\"\u25a0 Atletas mercedinos fueron parte en Uruguay de pruebas de pista. En carreras de velocidad y de medio fondo consiguieron destacarse Salinas, Coria, Antar, Branchini y Morales.\" \/>\n<meta property=\"og:url\" content=\"https:\/\/noticiasmercedinas.com\/site\/2024\/03\/18\/en-san-carlos-hubo-una-buena-cosecha-de-medallas\/\" \/>\n<meta property=\"og:site_name\" content=\"NOTICIASMERCEDINAS.COM\" \/>\n<meta property=\"article:publisher\" content=\"https:\/\/www.facebook.com\/noticiasmercedinas\/\" \/>\n<meta property=\"article:published_time\" content=\"2024-03-18T15:52:23+00:00\" \/>\n<meta property=\"og:image\" content=\"https:\/\/noticiasmercedinas.com\/site\/wp-content\/uploads\/2024\/03\/atletas.jpg\" \/>\n\t<meta property=\"og:image:width\" content=\"640\" \/>\n\t<meta property=\"og:image:height\" content=\"556\" \/>\n\t<meta property=\"og:image:type\" content=\"image\/jpeg\" \/>\n<meta name=\"author\" content=\"Juan Dagnino NOTICIASMERCEDINAS.COM\" \/>\n<meta name=\"twitter:card\" content=\"summary_large_image\" \/>\n<meta name=\"twitter:creator\" content=\"@notmercedinas\" \/>\n<meta name=\"twitter:site\" content=\"@notmercedinas\" \/>\n<meta name=\"twitter:label1\" content=\"Escrito por\" \/>\n\t<meta name=\"twitter:data1\" content=\"Juan Dagnino NOTICIASMERCEDINAS.COM\" \/>\n\t<meta name=\"twitter:label2\" content=\"Tiempo de lectura\" \/>\n\t<meta name=\"twitter:data2\" content=\"2 minutos\" \/>\n<script type=\"application\/ld+json\" class=\"yoast-schema-graph\">{\"@context\":\"https:\\\/\\\/schema.org\",\"@graph\":[{\"@type\":\"Article\",\"@id\":\"https:\\\/\\\/noticiasmercedinas.com\\\/site\\\/2024\\\/03\\\/18\\\/en-san-carlos-hubo-una-buena-cosecha-de-medallas\\\/#article\",\"isPartOf\":{\"@id\":\"https:\\\/\\\/noticiasmercedinas.com\\\/site\\\/2024\\\/03\\\/18\\\/en-san-carlos-hubo-una-buena-cosecha-de-medallas\\\/\"},\"author\":{\"name\":\"Juan Dagnino NOTICIASMERCEDINAS.COM\",\"@id\":\"https:\\\/\\\/noticiasmercedinas.com\\\/site\\\/#\\\/schema\\\/person\\\/8f2f09d666ef40986eba4a5e6f2a06f9\"},\"headline\":\"En San Carlos hubo una buena cosecha de medallas\",\"datePublished\":\"2024-03-18T15:52:23+00:00\",\"mainEntityOfPage\":{\"@id\":\"https:\\\/\\\/noticiasmercedinas.com\\\/site\\\/2024\\\/03\\\/18\\\/en-san-carlos-hubo-una-buena-cosecha-de-medallas\\\/\"},\"wordCount\":254,\"publisher\":{\"@id\":\"https:\\\/\\\/noticiasmercedinas.com\\\/site\\\/#organization\"},\"image\":{\"@id\":\"https:\\\/\\\/noticiasmercedinas.com\\\/site\\\/2024\\\/03\\\/18\\\/en-san-carlos-hubo-una-buena-cosecha-de-medallas\\\/#primaryimage\"},\"thumbnailUrl\":\"https:\\\/\\\/noticiasmercedinas.com\\\/site\\\/wp-content\\\/uploads\\\/2024\\\/03\\\/atletas.jpg\",\"keywords\":[\"atletismo\",\"diego coria\",\"emiliano antar\",\"lucas morales\",\"maximiliano salinas\",\"nicolas branchini\",\"uruguay\"],\"articleSection\":[\"Deportes\"],\"inLanguage\":\"es\"},{\"@type\":\"WebPage\",\"@id\":\"https:\\\/\\\/noticiasmercedinas.com\\\/site\\\/2024\\\/03\\\/18\\\/en-san-carlos-hubo-una-buena-cosecha-de-medallas\\\/\",\"url\":\"https:\\\/\\\/noticiasmercedinas.com\\\/site\\\/2024\\\/03\\\/18\\\/en-san-carlos-hubo-una-buena-cosecha-de-medallas\\\/\",\"name\":\"En San Carlos hubo una buena cosecha de medallas\",\"isPartOf\":{\"@id\":\"https:\\\/\\\/noticiasmercedinas.com\\\/site\\\/#website\"},\"primaryImageOfPage\":{\"@id\":\"https:\\\/\\\/noticiasmercedinas.com\\\/site\\\/2024\\\/03\\\/18\\\/en-san-carlos-hubo-una-buena-cosecha-de-medallas\\\/#primaryimage\"},\"image\":{\"@id\":\"https:\\\/\\\/noticiasmercedinas.com\\\/site\\\/2024\\\/03\\\/18\\\/en-san-carlos-hubo-una-buena-cosecha-de-medallas\\\/#primaryimage\"},\"thumbnailUrl\":\"https:\\\/\\\/noticiasmercedinas.com\\\/site\\\/wp-content\\\/uploads\\\/2024\\\/03\\\/atletas.jpg\",\"datePublished\":\"2024-03-18T15:52:23+00:00\",\"breadcrumb\":{\"@id\":\"https:\\\/\\\/noticiasmercedinas.com\\\/site\\\/2024\\\/03\\\/18\\\/en-san-carlos-hubo-una-buena-cosecha-de-medallas\\\/#breadcrumb\"},\"inLanguage\":\"es\",\"potentialAction\":[{\"@type\":\"ReadAction\",\"target\":[\"https:\\\/\\\/noticiasmercedinas.com\\\/site\\\/2024\\\/03\\\/18\\\/en-san-carlos-hubo-una-buena-cosecha-de-medallas\\\/\"]}]},{\"@type\":\"ImageObject\",\"inLanguage\":\"es\",\"@id\":\"https:\\\/\\\/noticiasmercedinas.com\\\/site\\\/2024\\\/03\\\/18\\\/en-san-carlos-hubo-una-buena-cosecha-de-medallas\\\/#primaryimage\",\"url\":\"https:\\\/\\\/noticiasmercedinas.com\\\/site\\\/wp-content\\\/uploads\\\/2024\\\/03\\\/atletas.jpg\",\"contentUrl\":\"https:\\\/\\\/noticiasmercedinas.com\\\/site\\\/wp-content\\\/uploads\\\/2024\\\/03\\\/atletas.jpg\",\"width\":640,\"height\":556},{\"@type\":\"BreadcrumbList\",\"@id\":\"https:\\\/\\\/noticiasmercedinas.com\\\/site\\\/2024\\\/03\\\/18\\\/en-san-carlos-hubo-una-buena-cosecha-de-medallas\\\/#breadcrumb\",\"itemListElement\":[{\"@type\":\"ListItem\",\"position\":1,\"name\":\"Portada\",\"item\":\"https:\\\/\\\/noticiasmercedinas.com\\\/site\\\/\"},{\"@type\":\"ListItem\",\"position\":2,\"name\":\"En San Carlos hubo una buena cosecha de medallas\"}]},{\"@type\":\"WebSite\",\"@id\":\"https:\\\/\\\/noticiasmercedinas.com\\\/site\\\/#website\",\"url\":\"https:\\\/\\\/noticiasmercedinas.com\\\/site\\\/\",\"name\":\"NOTICIASMERCEDINAS.COM\",\"description\":\"Mercedes, Buenos Aires, Argentina\",\"publisher\":{\"@id\":\"https:\\\/\\\/noticiasmercedinas.com\\\/site\\\/#organization\"},\"potentialAction\":[{\"@type\":\"SearchAction\",\"target\":{\"@type\":\"EntryPoint\",\"urlTemplate\":\"https:\\\/\\\/noticiasmercedinas.com\\\/site\\\/?s={search_term_string}\"},\"query-input\":{\"@type\":\"PropertyValueSpecification\",\"valueRequired\":true,\"valueName\":\"search_term_string\"}}],\"inLanguage\":\"es\"},{\"@type\":\"Organization\",\"@id\":\"https:\\\/\\\/noticiasmercedinas.com\\\/site\\\/#organization\",\"name\":\"NOTICIASMERCEDINAS.COM\",\"url\":\"https:\\\/\\\/noticiasmercedinas.com\\\/site\\\/\",\"logo\":{\"@type\":\"ImageObject\",\"inLanguage\":\"es\",\"@id\":\"https:\\\/\\\/noticiasmercedinas.com\\\/site\\\/#\\\/schema\\\/logo\\\/image\\\/\",\"url\":\"https:\\\/\\\/noticiasmercedinas.com\\\/site\\\/wp-content\\\/uploads\\\/2020\\\/06\\\/LOGO-512.jpg\",\"contentUrl\":\"https:\\\/\\\/noticiasmercedinas.com\\\/site\\\/wp-content\\\/uploads\\\/2020\\\/06\\\/LOGO-512.jpg\",\"width\":512,\"height\":512,\"caption\":\"NOTICIASMERCEDINAS.COM\"},\"image\":{\"@id\":\"https:\\\/\\\/noticiasmercedinas.com\\\/site\\\/#\\\/schema\\\/logo\\\/image\\\/\"},\"sameAs\":[\"https:\\\/\\\/www.facebook.com\\\/noticiasmercedinas\\\/\",\"https:\\\/\\\/x.com\\\/notmercedinas\",\"https:\\\/\\\/www.instagram.com\\\/noticiasmercedinas\\\/\"]},{\"@type\":\"Person\",\"@id\":\"https:\\\/\\\/noticiasmercedinas.com\\\/site\\\/#\\\/schema\\\/person\\\/8f2f09d666ef40986eba4a5e6f2a06f9\",\"name\":\"Juan Dagnino NOTICIASMERCEDINAS.COM\",\"image\":{\"@type\":\"ImageObject\",\"inLanguage\":\"es\",\"@id\":\"https:\\\/\\\/secure.gravatar.com\\\/avatar\\\/fc7059a769f5a3cae65fadb228a3e4accf3a64b4b2305020d0a27e6d5333c91b?s=96&d=mm&r=g\",\"url\":\"https:\\\/\\\/secure.gravatar.com\\\/avatar\\\/fc7059a769f5a3cae65fadb228a3e4accf3a64b4b2305020d0a27e6d5333c91b?s=96&d=mm&r=g\",\"contentUrl\":\"https:\\\/\\\/secure.gravatar.com\\\/avatar\\\/fc7059a769f5a3cae65fadb228a3e4accf3a64b4b2305020d0a27e6d5333c91b?s=96&d=mm&r=g\",\"caption\":\"Juan Dagnino NOTICIASMERCEDINAS.COM\"},\"url\":\"https:\\\/\\\/noticiasmercedinas.com\\\/site\\\/author\\\/juandagnino\\\/\"}]}<\/script>\n<!-- \/ Yoast SEO plugin. -->","yoast_head_json":{"title":"En San Carlos hubo una buena cosecha de medallas","robots":{"index":"index","follow":"follow","max-snippet":"max-snippet:-1","max-image-preview":"max-image-preview:large","max-video-preview":"max-video-preview:-1"},"canonical":"https:\/\/noticiasmercedinas.com\/site\/2024\/03\/18\/en-san-carlos-hubo-una-buena-cosecha-de-medallas\/","og_locale":"es_ES","og_type":"article","og_title":"En San Carlos hubo una buena cosecha de medallas","og_description":"\u25a0 Atletas mercedinos fueron parte en Uruguay de pruebas de pista. En carreras de velocidad y de medio fondo consiguieron destacarse Salinas, Coria, Antar, Branchini y Morales.","og_url":"https:\/\/noticiasmercedinas.com\/site\/2024\/03\/18\/en-san-carlos-hubo-una-buena-cosecha-de-medallas\/","og_site_name":"NOTICIASMERCEDINAS.COM","article_publisher":"https:\/\/www.facebook.com\/noticiasmercedinas\/","article_published_time":"2024-03-18T15:52:23+00:00","og_image":[{"width":640,"height":556,"url":"https:\/\/noticiasmercedinas.com\/site\/wp-content\/uploads\/2024\/03\/atletas.jpg","type":"image\/jpeg"}],"author":"Juan Dagnino NOTICIASMERCEDINAS.COM","twitter_card":"summary_large_image","twitter_creator":"@notmercedinas","twitter_site":"@notmercedinas","twitter_misc":{"Escrito por":"Juan Dagnino NOTICIASMERCEDINAS.COM","Tiempo de lectura":"2 minutos"},"schema":{"@context":"https:\/\/schema.org","@graph":[{"@type":"Article","@id":"https:\/\/noticiasmercedinas.com\/site\/2024\/03\/18\/en-san-carlos-hubo-una-buena-cosecha-de-medallas\/#article","isPartOf":{"@id":"https:\/\/noticiasmercedinas.com\/site\/2024\/03\/18\/en-san-carlos-hubo-una-buena-cosecha-de-medallas\/"},"author":{"name":"Juan Dagnino NOTICIASMERCEDINAS.COM","@id":"https:\/\/noticiasmercedinas.com\/site\/#\/schema\/person\/8f2f09d666ef40986eba4a5e6f2a06f9"},"headline":"En San Carlos hubo una buena cosecha de medallas","datePublished":"2024-03-18T15:52:23+00:00","mainEntityOfPage":{"@id":"https:\/\/noticiasmercedinas.com\/site\/2024\/03\/18\/en-san-carlos-hubo-una-buena-cosecha-de-medallas\/"},"wordCount":254,"publisher":{"@id":"https:\/\/noticiasmercedinas.com\/site\/#organization"},"image":{"@id":"https:\/\/noticiasmercedinas.com\/site\/2024\/03\/18\/en-san-carlos-hubo-una-buena-cosecha-de-medallas\/#primaryimage"},"thumbnailUrl":"https:\/\/noticiasmercedinas.com\/site\/wp-content\/uploads\/2024\/03\/atletas.jpg","keywords":["atletismo","diego coria","emiliano antar","lucas morales","maximiliano salinas","nicolas branchini","uruguay"],"articleSection":["Deportes"],"inLanguage":"es"},{"@type":"WebPage","@id":"https:\/\/noticiasmercedinas.com\/site\/2024\/03\/18\/en-san-carlos-hubo-una-buena-cosecha-de-medallas\/","url":"https:\/\/noticiasmercedinas.com\/site\/2024\/03\/18\/en-san-carlos-hubo-una-buena-cosecha-de-medallas\/","name":"En San Carlos hubo una buena cosecha de medallas","isPartOf":{"@id":"https:\/\/noticiasmercedinas.com\/site\/#website"},"primaryImageOfPage":{"@id":"https:\/\/noticiasmercedinas.com\/site\/2024\/03\/18\/en-san-carlos-hubo-una-buena-cosecha-de-medallas\/#primaryimage"},"image":{"@id":"https:\/\/noticiasmercedinas.com\/site\/2024\/03\/18\/en-san-carlos-hubo-una-buena-cosecha-de-medallas\/#primaryimage"},"thumbnailUrl":"https:\/\/noticiasmercedinas.com\/site\/wp-content\/uploads\/2024\/03\/atletas.jpg","datePublished":"2024-03-18T15:52:23+00:00","breadcrumb":{"@id":"https:\/\/noticiasmercedinas.com\/site\/2024\/03\/18\/en-san-carlos-hubo-una-buena-cosecha-de-medallas\/#breadcrumb"},"inLanguage":"es","potentialAction":[{"@type":"ReadAction","target":["https:\/\/noticiasmercedinas.com\/site\/2024\/03\/18\/en-san-carlos-hubo-una-buena-cosecha-de-medallas\/"]}]},{"@type":"ImageObject","inLanguage":"es","@id":"https:\/\/noticiasmercedinas.com\/site\/2024\/03\/18\/en-san-carlos-hubo-una-buena-cosecha-de-medallas\/#primaryimage","url":"https:\/\/noticiasmercedinas.com\/site\/wp-content\/uploads\/2024\/03\/atletas.jpg","contentUrl":"https:\/\/noticiasmercedinas.com\/site\/wp-content\/uploads\/2024\/03\/atletas.jpg","width":640,"height":556},{"@type":"BreadcrumbList","@id":"https:\/\/noticiasmercedinas.com\/site\/2024\/03\/18\/en-san-carlos-hubo-una-buena-cosecha-de-medallas\/#breadcrumb","itemListElement":[{"@type":"ListItem","position":1,"name":"Portada","item":"https:\/\/noticiasmercedinas.com\/site\/"},{"@type":"ListItem","position":2,"name":"En San Carlos hubo una buena cosecha de medallas"}]},{"@type":"WebSite","@id":"https:\/\/noticiasmercedinas.com\/site\/#website","url":"https:\/\/noticiasmercedinas.com\/site\/","name":"NOTICIASMERCEDINAS.COM","description":"Mercedes, Buenos Aires, Argentina","publisher":{"@id":"https:\/\/noticiasmercedinas.com\/site\/#organization"},"potentialAction":[{"@type":"SearchAction","target":{"@type":"EntryPoint","urlTemplate":"https:\/\/noticiasmercedinas.com\/site\/?s={search_term_string}"},"query-input":{"@type":"PropertyValueSpecification","valueRequired":true,"valueName":"search_term_string"}}],"inLanguage":"es"},{"@type":"Organization","@id":"https:\/\/noticiasmercedinas.com\/site\/#organization","name":"NOTICIASMERCEDINAS.COM","url":"https:\/\/noticiasmercedinas.com\/site\/","logo":{"@type":"ImageObject","inLanguage":"es","@id":"https:\/\/noticiasmercedinas.com\/site\/#\/schema\/logo\/image\/","url":"https:\/\/noticiasmercedinas.com\/site\/wp-content\/uploads\/2020\/06\/LOGO-512.jpg","contentUrl":"https:\/\/noticiasmercedinas.com\/site\/wp-content\/uploads\/2020\/06\/LOGO-512.jpg","width":512,"height":512,"caption":"NOTICIASMERCEDINAS.COM"},"image":{"@id":"https:\/\/noticiasmercedinas.com\/site\/#\/schema\/logo\/image\/"},"sameAs":["https:\/\/www.facebook.com\/noticiasmercedinas\/","https:\/\/x.com\/notmercedinas","https:\/\/www.instagram.com\/noticiasmercedinas\/"]},{"@type":"Person","@id":"https:\/\/noticiasmercedinas.com\/site\/#\/schema\/person\/8f2f09d666ef40986eba4a5e6f2a06f9","name":"Juan Dagnino NOTICIASMERCEDINAS.COM","image":{"@type":"ImageObject","inLanguage":"es","@id":"https:\/\/secure.gravatar.com\/avatar\/fc7059a769f5a3cae65fadb228a3e4accf3a64b4b2305020d0a27e6d5333c91b?s=96&d=mm&r=g","url":"https:\/\/secure.gravatar.com\/avatar\/fc7059a769f5a3cae65fadb228a3e4accf3a64b4b2305020d0a27e6d5333c91b?s=96&d=mm&r=g","contentUrl":"https:\/\/secure.gravatar.com\/avatar\/fc7059a769f5a3cae65fadb228a3e4accf3a64b4b2305020d0a27e6d5333c91b?s=96&d=mm&r=g","caption":"Juan Dagnino NOTICIASMERCEDINAS.COM"},"url":"https:\/\/noticiasmercedinas.com\/site\/author\/juandagnino\/"}]}},"amp_enabled":true,"_links":{"self":[{"href":"https:\/\/noticiasmercedinas.com\/site\/wp-json\/wp\/v2\/posts\/132659","targetHints":{"allow":["GET"]}}],"collection":[{"href":"https:\/\/noticiasmercedinas.com\/site\/wp-json\/wp\/v2\/posts"}],"about":[{"href":"https:\/\/noticiasmercedinas.com\/site\/wp-json\/wp\/v2\/types\/post"}],"author":[{"embeddable":true,"href":"https:\/\/noticiasmercedinas.com\/site\/wp-json\/wp\/v2\/users\/6"}],"replies":[{"embeddable":true,"href":"https:\/\/noticiasmercedinas.com\/site\/wp-json\/wp\/v2\/comments?post=132659"}],"version-history":[{"count":1,"href":"https:\/\/noticiasmercedinas.com\/site\/wp-json\/wp\/v2\/posts\/132659\/revisions"}],"predecessor-version":[{"id":132662,"href":"https:\/\/noticiasmercedinas.com\/site\/wp-json\/wp\/v2\/posts\/132659\/revisions\/132662"}],"wp:featuredmedia":[{"embeddable":true,"href":"https:\/\/noticiasmercedinas.com\/site\/wp-json\/wp\/v2\/media\/132660"}],"wp:attachment":[{"href":"https:\/\/noticiasmercedinas.com\/site\/wp-json\/wp\/v2\/media?parent=132659"}],"wp:term":[{"taxonomy":"category","embeddable":true,"href":"https:\/\/noticiasmercedinas.com\/site\/wp-json\/wp\/v2\/categories?post=132659"},{"taxonomy":"post_tag","embeddable":true,"href":"https:\/\/noticiasmercedinas.com\/site\/wp-json\/wp\/v2\/tags?post=132659"}],"curies":[{"name":"wp","href":"https:\/\/api.w.org\/{rel}","templated":true}]}}