{"id":132692,"date":"2024-03-18T22:29:27","date_gmt":"2024-03-19T01:29:27","guid":{"rendered":"https:\/\/noticiasmercedinas.com\/site\/?p=132692"},"modified":"2024-03-18T22:29:27","modified_gmt":"2024-03-19T01:29:27","slug":"buena-repercusion-para-temperley-en-el-teatro-julio-cesar-gioscio-de-mercedes","status":"publish","type":"post","link":"https:\/\/noticiasmercedinas.com\/site\/2024\/03\/18\/buena-repercusion-para-temperley-en-el-teatro-julio-cesar-gioscio-de-mercedes\/","title":{"rendered":"Buena repercusi\u00f3n para \u00abTemperley\u00bb en el Teatro Julio C\u00e9sar Gioscio de Mercedes"},"content":{"rendered":"<p><img loading=\"lazy\" decoding=\"async\" class=\"alignnone size-large wp-image-132693\" src=\"https:\/\/noticiasmercedinas.com\/site\/wp-content\/uploads\/2024\/03\/Termperley.3-1024x682.jpg\" alt=\"\" width=\"640\" height=\"426\" srcset=\"https:\/\/noticiasmercedinas.com\/site\/wp-content\/uploads\/2024\/03\/Termperley.3-1024x682.jpg 1024w, https:\/\/noticiasmercedinas.com\/site\/wp-content\/uploads\/2024\/03\/Termperley.3-300x200.jpg 300w, https:\/\/noticiasmercedinas.com\/site\/wp-content\/uploads\/2024\/03\/Termperley.3-768x512.jpg 768w, https:\/\/noticiasmercedinas.com\/site\/wp-content\/uploads\/2024\/03\/Termperley.3-640x427.jpg 640w, https:\/\/noticiasmercedinas.com\/site\/wp-content\/uploads\/2024\/03\/Termperley.3-1280x853.jpg 1280w, https:\/\/noticiasmercedinas.com\/site\/wp-content\/uploads\/2024\/03\/Termperley.3-681x454.jpg 681w, https:\/\/noticiasmercedinas.com\/site\/wp-content\/uploads\/2024\/03\/Termperley.3.jpg 1319w\" sizes=\"auto, (max-width: 640px) 100vw, 640px\" \/><\/p>\n<p>La obra teatral \u00abTemperley\u00bb ha concluido con un exitoso ciclo en el Teatro Julio C\u00e9sar Gioscio de Mercedes, dejando una impresi\u00f3n perdurable en la audiencia. Con ocho funciones llenas de espectadores \u00e1vidos, la pieza, dirigida por <strong>Gabriela Lorusso<\/strong> y protagonizada por talentosos actores de la ciudad, toc\u00f3 el coraz\u00f3n del p\u00fablico.<\/p>\n<p>Presentada en la sala A del teatro, la obra fue accesible de manera libre y gratuita gracias al apoyo brindado por el Municipio de Mercedes y el ciclo Comedia, demostrando as\u00ed el compromiso de la comunidad con las artes esc\u00e9nicas.<\/p>\n<p>Gabriela Lorusso, directora de \u00abTemperley\u00bb, expres\u00f3 su gratitud por la respuesta positiva del p\u00fablico, destacando c\u00f3mo la obra logr\u00f3 conmover a la audiencia y despertar recuerdos y reflexiones sobre temas universales como la familia, la inmigraci\u00f3n y las relaciones interpersonales.<\/p>\n<p>\u00abCuando uno decide contar algo, es inevitable considerar el impacto que puede tener en el espectador\u00bb, coment\u00f3 Lorusso, enfatizando la importancia de conectar con la audiencia a trav\u00e9s del arte.<\/p>\n<p>El reconocimiento y la gratitud hacia la comunidad y las circunstancias actuales tambi\u00e9n fueron temas recurrentes en las palabras de Lorusso, quien valor\u00f3 profundamente la oportunidad de trabajar en lo que ama, especialmente en un contexto tan desafiante para las artes.<\/p>\n<p>\u00abEstamos muy agradecidos y contentos\u00bb, concluy\u00f3 Lorusso, resumiendo el sentimiento de todo el equipo detr\u00e1s de \u00abTemperley\u00bb, una obra que no solo entretuvo, sino que tambi\u00e9n inspir\u00f3 y emocion\u00f3 a aquellos que tuvieron el privilegio de presenciarla.<\/p>\n<p><img loading=\"lazy\" decoding=\"async\" class=\"alignnone size-large wp-image-132694\" src=\"https:\/\/noticiasmercedinas.com\/site\/wp-content\/uploads\/2024\/03\/Termperley-1024x682.jpg\" alt=\"\" width=\"640\" height=\"426\" srcset=\"https:\/\/noticiasmercedinas.com\/site\/wp-content\/uploads\/2024\/03\/Termperley-1024x682.jpg 1024w, https:\/\/noticiasmercedinas.com\/site\/wp-content\/uploads\/2024\/03\/Termperley-300x200.jpg 300w, https:\/\/noticiasmercedinas.com\/site\/wp-content\/uploads\/2024\/03\/Termperley-768x512.jpg 768w, https:\/\/noticiasmercedinas.com\/site\/wp-content\/uploads\/2024\/03\/Termperley-640x427.jpg 640w, https:\/\/noticiasmercedinas.com\/site\/wp-content\/uploads\/2024\/03\/Termperley-1280x853.jpg 1280w, https:\/\/noticiasmercedinas.com\/site\/wp-content\/uploads\/2024\/03\/Termperley-681x454.jpg 681w, https:\/\/noticiasmercedinas.com\/site\/wp-content\/uploads\/2024\/03\/Termperley.jpg 1319w\" sizes=\"auto, (max-width: 640px) 100vw, 640px\" \/><\/p>\n","protected":false},"excerpt":{"rendered":"<p>\u25a0 Con ocho funciones llenas de espectadores \u00e1vidos, la pieza, de la Comedia Municipal dirigida por Gabriela Lorusso y protagonizada por talentosos actores de la ciudad, lleg162 al coraz\u00f3n del p\u00fablico<\/p>\n","protected":false},"author":16,"featured_media":132694,"comment_status":"closed","ping_status":"closed","sticky":false,"template":"","format":"standard","meta":{"footnotes":""},"categories":[4],"tags":[6781,3128,480],"class_list":["post-132692","post","type-post","status-publish","format-standard","has-post-thumbnail","hentry","category-cultura","tag-comedia-municipal","tag-gabriela-lorusso","tag-teatro"],"yoast_head":"<!-- This site is optimized with the Yoast SEO plugin v27.4 - https:\/\/yoast.com\/product\/yoast-seo-wordpress\/ -->\n<title>Buena repercusi\u00f3n para &quot;Temperley&quot; en el Teatro Julio C\u00e9sar Gioscio de Mercedes<\/title>\n<meta name=\"robots\" content=\"index, follow, max-snippet:-1, max-image-preview:large, max-video-preview:-1\" \/>\n<link rel=\"canonical\" href=\"https:\/\/noticiasmercedinas.com\/site\/2024\/03\/18\/buena-repercusion-para-temperley-en-el-teatro-julio-cesar-gioscio-de-mercedes\/\" \/>\n<meta property=\"og:locale\" content=\"es_ES\" \/>\n<meta property=\"og:type\" content=\"article\" \/>\n<meta property=\"og:title\" content=\"Buena repercusi\u00f3n para &quot;Temperley&quot; en el Teatro Julio C\u00e9sar Gioscio de Mercedes\" \/>\n<meta property=\"og:description\" content=\"\u25a0 Con ocho funciones llenas de espectadores \u00e1vidos, la pieza, de la Comedia Municipal dirigida por Gabriela Lorusso y protagonizada por talentosos actores de la ciudad, lleg162 al coraz\u00f3n del p\u00fablico\" \/>\n<meta property=\"og:url\" content=\"https:\/\/noticiasmercedinas.com\/site\/2024\/03\/18\/buena-repercusion-para-temperley-en-el-teatro-julio-cesar-gioscio-de-mercedes\/\" \/>\n<meta property=\"og:site_name\" content=\"NOTICIASMERCEDINAS.COM\" \/>\n<meta property=\"article:publisher\" content=\"https:\/\/www.facebook.com\/noticiasmercedinas\/\" \/>\n<meta property=\"article:published_time\" content=\"2024-03-19T01:29:27+00:00\" \/>\n<meta property=\"og:image\" content=\"https:\/\/noticiasmercedinas.com\/site\/wp-content\/uploads\/2024\/03\/Termperley.jpg\" \/>\n\t<meta property=\"og:image:width\" content=\"1319\" \/>\n\t<meta property=\"og:image:height\" content=\"879\" \/>\n\t<meta property=\"og:image:type\" content=\"image\/jpeg\" \/>\n<meta name=\"author\" content=\"NOTICIASMERCEDINAS.COM\" \/>\n<meta name=\"twitter:card\" content=\"summary_large_image\" \/>\n<meta name=\"twitter:creator\" content=\"@notmercedinas\" \/>\n<meta name=\"twitter:site\" content=\"@notmercedinas\" \/>\n<meta name=\"twitter:label1\" content=\"Escrito por\" \/>\n\t<meta name=\"twitter:data1\" content=\"NOTICIASMERCEDINAS.COM\" \/>\n\t<meta name=\"twitter:label2\" content=\"Tiempo de lectura\" \/>\n\t<meta name=\"twitter:data2\" content=\"2 minutos\" \/>\n<script type=\"application\/ld+json\" class=\"yoast-schema-graph\">{\"@context\":\"https:\\\/\\\/schema.org\",\"@graph\":[{\"@type\":\"Article\",\"@id\":\"https:\\\/\\\/noticiasmercedinas.com\\\/site\\\/2024\\\/03\\\/18\\\/buena-repercusion-para-temperley-en-el-teatro-julio-cesar-gioscio-de-mercedes\\\/#article\",\"isPartOf\":{\"@id\":\"https:\\\/\\\/noticiasmercedinas.com\\\/site\\\/2024\\\/03\\\/18\\\/buena-repercusion-para-temperley-en-el-teatro-julio-cesar-gioscio-de-mercedes\\\/\"},\"author\":{\"name\":\"NOTICIASMERCEDINAS.COM\",\"@id\":\"https:\\\/\\\/noticiasmercedinas.com\\\/site\\\/#\\\/schema\\\/person\\\/84b59c099c28ff2e8b77d4ceec5d8063\"},\"headline\":\"Buena repercusi\u00f3n para \u00abTemperley\u00bb en el Teatro Julio C\u00e9sar Gioscio de Mercedes\",\"datePublished\":\"2024-03-19T01:29:27+00:00\",\"mainEntityOfPage\":{\"@id\":\"https:\\\/\\\/noticiasmercedinas.com\\\/site\\\/2024\\\/03\\\/18\\\/buena-repercusion-para-temperley-en-el-teatro-julio-cesar-gioscio-de-mercedes\\\/\"},\"wordCount\":265,\"publisher\":{\"@id\":\"https:\\\/\\\/noticiasmercedinas.com\\\/site\\\/#organization\"},\"image\":{\"@id\":\"https:\\\/\\\/noticiasmercedinas.com\\\/site\\\/2024\\\/03\\\/18\\\/buena-repercusion-para-temperley-en-el-teatro-julio-cesar-gioscio-de-mercedes\\\/#primaryimage\"},\"thumbnailUrl\":\"https:\\\/\\\/noticiasmercedinas.com\\\/site\\\/wp-content\\\/uploads\\\/2024\\\/03\\\/Termperley.jpg\",\"keywords\":[\"comedia municipal\",\"Gabriela Lorusso\",\"teatro\"],\"articleSection\":[\"Cultura\"],\"inLanguage\":\"es\"},{\"@type\":\"WebPage\",\"@id\":\"https:\\\/\\\/noticiasmercedinas.com\\\/site\\\/2024\\\/03\\\/18\\\/buena-repercusion-para-temperley-en-el-teatro-julio-cesar-gioscio-de-mercedes\\\/\",\"url\":\"https:\\\/\\\/noticiasmercedinas.com\\\/site\\\/2024\\\/03\\\/18\\\/buena-repercusion-para-temperley-en-el-teatro-julio-cesar-gioscio-de-mercedes\\\/\",\"name\":\"Buena repercusi\u00f3n para \\\"Temperley\\\" en el Teatro Julio C\u00e9sar Gioscio de Mercedes\",\"isPartOf\":{\"@id\":\"https:\\\/\\\/noticiasmercedinas.com\\\/site\\\/#website\"},\"primaryImageOfPage\":{\"@id\":\"https:\\\/\\\/noticiasmercedinas.com\\\/site\\\/2024\\\/03\\\/18\\\/buena-repercusion-para-temperley-en-el-teatro-julio-cesar-gioscio-de-mercedes\\\/#primaryimage\"},\"image\":{\"@id\":\"https:\\\/\\\/noticiasmercedinas.com\\\/site\\\/2024\\\/03\\\/18\\\/buena-repercusion-para-temperley-en-el-teatro-julio-cesar-gioscio-de-mercedes\\\/#primaryimage\"},\"thumbnailUrl\":\"https:\\\/\\\/noticiasmercedinas.com\\\/site\\\/wp-content\\\/uploads\\\/2024\\\/03\\\/Termperley.jpg\",\"datePublished\":\"2024-03-19T01:29:27+00:00\",\"breadcrumb\":{\"@id\":\"https:\\\/\\\/noticiasmercedinas.com\\\/site\\\/2024\\\/03\\\/18\\\/buena-repercusion-para-temperley-en-el-teatro-julio-cesar-gioscio-de-mercedes\\\/#breadcrumb\"},\"inLanguage\":\"es\",\"potentialAction\":[{\"@type\":\"ReadAction\",\"target\":[\"https:\\\/\\\/noticiasmercedinas.com\\\/site\\\/2024\\\/03\\\/18\\\/buena-repercusion-para-temperley-en-el-teatro-julio-cesar-gioscio-de-mercedes\\\/\"]}]},{\"@type\":\"ImageObject\",\"inLanguage\":\"es\",\"@id\":\"https:\\\/\\\/noticiasmercedinas.com\\\/site\\\/2024\\\/03\\\/18\\\/buena-repercusion-para-temperley-en-el-teatro-julio-cesar-gioscio-de-mercedes\\\/#primaryimage\",\"url\":\"https:\\\/\\\/noticiasmercedinas.com\\\/site\\\/wp-content\\\/uploads\\\/2024\\\/03\\\/Termperley.jpg\",\"contentUrl\":\"https:\\\/\\\/noticiasmercedinas.com\\\/site\\\/wp-content\\\/uploads\\\/2024\\\/03\\\/Termperley.jpg\",\"width\":1319,\"height\":879},{\"@type\":\"BreadcrumbList\",\"@id\":\"https:\\\/\\\/noticiasmercedinas.com\\\/site\\\/2024\\\/03\\\/18\\\/buena-repercusion-para-temperley-en-el-teatro-julio-cesar-gioscio-de-mercedes\\\/#breadcrumb\",\"itemListElement\":[{\"@type\":\"ListItem\",\"position\":1,\"name\":\"Portada\",\"item\":\"https:\\\/\\\/noticiasmercedinas.com\\\/site\\\/\"},{\"@type\":\"ListItem\",\"position\":2,\"name\":\"Buena repercusi\u00f3n para \u00abTemperley\u00bb en el Teatro Julio C\u00e9sar Gioscio de Mercedes\"}]},{\"@type\":\"WebSite\",\"@id\":\"https:\\\/\\\/noticiasmercedinas.com\\\/site\\\/#website\",\"url\":\"https:\\\/\\\/noticiasmercedinas.com\\\/site\\\/\",\"name\":\"NOTICIASMERCEDINAS.COM\",\"description\":\"Mercedes, Buenos Aires, Argentina\",\"publisher\":{\"@id\":\"https:\\\/\\\/noticiasmercedinas.com\\\/site\\\/#organization\"},\"potentialAction\":[{\"@type\":\"SearchAction\",\"target\":{\"@type\":\"EntryPoint\",\"urlTemplate\":\"https:\\\/\\\/noticiasmercedinas.com\\\/site\\\/?s={search_term_string}\"},\"query-input\":{\"@type\":\"PropertyValueSpecification\",\"valueRequired\":true,\"valueName\":\"search_term_string\"}}],\"inLanguage\":\"es\"},{\"@type\":\"Organization\",\"@id\":\"https:\\\/\\\/noticiasmercedinas.com\\\/site\\\/#organization\",\"name\":\"NOTICIASMERCEDINAS.COM\",\"url\":\"https:\\\/\\\/noticiasmercedinas.com\\\/site\\\/\",\"logo\":{\"@type\":\"ImageObject\",\"inLanguage\":\"es\",\"@id\":\"https:\\\/\\\/noticiasmercedinas.com\\\/site\\\/#\\\/schema\\\/logo\\\/image\\\/\",\"url\":\"https:\\\/\\\/noticiasmercedinas.com\\\/site\\\/wp-content\\\/uploads\\\/2020\\\/06\\\/LOGO-512.jpg\",\"contentUrl\":\"https:\\\/\\\/noticiasmercedinas.com\\\/site\\\/wp-content\\\/uploads\\\/2020\\\/06\\\/LOGO-512.jpg\",\"width\":512,\"height\":512,\"caption\":\"NOTICIASMERCEDINAS.COM\"},\"image\":{\"@id\":\"https:\\\/\\\/noticiasmercedinas.com\\\/site\\\/#\\\/schema\\\/logo\\\/image\\\/\"},\"sameAs\":[\"https:\\\/\\\/www.facebook.com\\\/noticiasmercedinas\\\/\",\"https:\\\/\\\/x.com\\\/notmercedinas\",\"https:\\\/\\\/www.instagram.com\\\/noticiasmercedinas\\\/\"]},{\"@type\":\"Person\",\"@id\":\"https:\\\/\\\/noticiasmercedinas.com\\\/site\\\/#\\\/schema\\\/person\\\/84b59c099c28ff2e8b77d4ceec5d8063\",\"name\":\"NOTICIASMERCEDINAS.COM\",\"image\":{\"@type\":\"ImageObject\",\"inLanguage\":\"es\",\"@id\":\"https:\\\/\\\/secure.gravatar.com\\\/avatar\\\/4dfbf16b4d17945bfb6341b2d19043457132fcf478a5ee04f42e959fd8f5df0a?s=96&d=mm&r=g\",\"url\":\"https:\\\/\\\/secure.gravatar.com\\\/avatar\\\/4dfbf16b4d17945bfb6341b2d19043457132fcf478a5ee04f42e959fd8f5df0a?s=96&d=mm&r=g\",\"contentUrl\":\"https:\\\/\\\/secure.gravatar.com\\\/avatar\\\/4dfbf16b4d17945bfb6341b2d19043457132fcf478a5ee04f42e959fd8f5df0a?s=96&d=mm&r=g\",\"caption\":\"NOTICIASMERCEDINAS.COM\"},\"url\":\"https:\\\/\\\/noticiasmercedinas.com\\\/site\\\/author\\\/anonimo\\\/\"}]}<\/script>\n<!-- \/ Yoast SEO plugin. -->","yoast_head_json":{"title":"Buena repercusi\u00f3n para \"Temperley\" en el Teatro Julio C\u00e9sar Gioscio de Mercedes","robots":{"index":"index","follow":"follow","max-snippet":"max-snippet:-1","max-image-preview":"max-image-preview:large","max-video-preview":"max-video-preview:-1"},"canonical":"https:\/\/noticiasmercedinas.com\/site\/2024\/03\/18\/buena-repercusion-para-temperley-en-el-teatro-julio-cesar-gioscio-de-mercedes\/","og_locale":"es_ES","og_type":"article","og_title":"Buena repercusi\u00f3n para \"Temperley\" en el Teatro Julio C\u00e9sar Gioscio de Mercedes","og_description":"\u25a0 Con ocho funciones llenas de espectadores \u00e1vidos, la pieza, de la Comedia Municipal dirigida por Gabriela Lorusso y protagonizada por talentosos actores de la ciudad, lleg162 al coraz\u00f3n del p\u00fablico","og_url":"https:\/\/noticiasmercedinas.com\/site\/2024\/03\/18\/buena-repercusion-para-temperley-en-el-teatro-julio-cesar-gioscio-de-mercedes\/","og_site_name":"NOTICIASMERCEDINAS.COM","article_publisher":"https:\/\/www.facebook.com\/noticiasmercedinas\/","article_published_time":"2024-03-19T01:29:27+00:00","og_image":[{"width":1319,"height":879,"url":"https:\/\/noticiasmercedinas.com\/site\/wp-content\/uploads\/2024\/03\/Termperley.jpg","type":"image\/jpeg"}],"author":"NOTICIASMERCEDINAS.COM","twitter_card":"summary_large_image","twitter_creator":"@notmercedinas","twitter_site":"@notmercedinas","twitter_misc":{"Escrito por":"NOTICIASMERCEDINAS.COM","Tiempo de lectura":"2 minutos"},"schema":{"@context":"https:\/\/schema.org","@graph":[{"@type":"Article","@id":"https:\/\/noticiasmercedinas.com\/site\/2024\/03\/18\/buena-repercusion-para-temperley-en-el-teatro-julio-cesar-gioscio-de-mercedes\/#article","isPartOf":{"@id":"https:\/\/noticiasmercedinas.com\/site\/2024\/03\/18\/buena-repercusion-para-temperley-en-el-teatro-julio-cesar-gioscio-de-mercedes\/"},"author":{"name":"NOTICIASMERCEDINAS.COM","@id":"https:\/\/noticiasmercedinas.com\/site\/#\/schema\/person\/84b59c099c28ff2e8b77d4ceec5d8063"},"headline":"Buena repercusi\u00f3n para \u00abTemperley\u00bb en el Teatro Julio C\u00e9sar Gioscio de Mercedes","datePublished":"2024-03-19T01:29:27+00:00","mainEntityOfPage":{"@id":"https:\/\/noticiasmercedinas.com\/site\/2024\/03\/18\/buena-repercusion-para-temperley-en-el-teatro-julio-cesar-gioscio-de-mercedes\/"},"wordCount":265,"publisher":{"@id":"https:\/\/noticiasmercedinas.com\/site\/#organization"},"image":{"@id":"https:\/\/noticiasmercedinas.com\/site\/2024\/03\/18\/buena-repercusion-para-temperley-en-el-teatro-julio-cesar-gioscio-de-mercedes\/#primaryimage"},"thumbnailUrl":"https:\/\/noticiasmercedinas.com\/site\/wp-content\/uploads\/2024\/03\/Termperley.jpg","keywords":["comedia municipal","Gabriela Lorusso","teatro"],"articleSection":["Cultura"],"inLanguage":"es"},{"@type":"WebPage","@id":"https:\/\/noticiasmercedinas.com\/site\/2024\/03\/18\/buena-repercusion-para-temperley-en-el-teatro-julio-cesar-gioscio-de-mercedes\/","url":"https:\/\/noticiasmercedinas.com\/site\/2024\/03\/18\/buena-repercusion-para-temperley-en-el-teatro-julio-cesar-gioscio-de-mercedes\/","name":"Buena repercusi\u00f3n para \"Temperley\" en el Teatro Julio C\u00e9sar Gioscio de Mercedes","isPartOf":{"@id":"https:\/\/noticiasmercedinas.com\/site\/#website"},"primaryImageOfPage":{"@id":"https:\/\/noticiasmercedinas.com\/site\/2024\/03\/18\/buena-repercusion-para-temperley-en-el-teatro-julio-cesar-gioscio-de-mercedes\/#primaryimage"},"image":{"@id":"https:\/\/noticiasmercedinas.com\/site\/2024\/03\/18\/buena-repercusion-para-temperley-en-el-teatro-julio-cesar-gioscio-de-mercedes\/#primaryimage"},"thumbnailUrl":"https:\/\/noticiasmercedinas.com\/site\/wp-content\/uploads\/2024\/03\/Termperley.jpg","datePublished":"2024-03-19T01:29:27+00:00","breadcrumb":{"@id":"https:\/\/noticiasmercedinas.com\/site\/2024\/03\/18\/buena-repercusion-para-temperley-en-el-teatro-julio-cesar-gioscio-de-mercedes\/#breadcrumb"},"inLanguage":"es","potentialAction":[{"@type":"ReadAction","target":["https:\/\/noticiasmercedinas.com\/site\/2024\/03\/18\/buena-repercusion-para-temperley-en-el-teatro-julio-cesar-gioscio-de-mercedes\/"]}]},{"@type":"ImageObject","inLanguage":"es","@id":"https:\/\/noticiasmercedinas.com\/site\/2024\/03\/18\/buena-repercusion-para-temperley-en-el-teatro-julio-cesar-gioscio-de-mercedes\/#primaryimage","url":"https:\/\/noticiasmercedinas.com\/site\/wp-content\/uploads\/2024\/03\/Termperley.jpg","contentUrl":"https:\/\/noticiasmercedinas.com\/site\/wp-content\/uploads\/2024\/03\/Termperley.jpg","width":1319,"height":879},{"@type":"BreadcrumbList","@id":"https:\/\/noticiasmercedinas.com\/site\/2024\/03\/18\/buena-repercusion-para-temperley-en-el-teatro-julio-cesar-gioscio-de-mercedes\/#breadcrumb","itemListElement":[{"@type":"ListItem","position":1,"name":"Portada","item":"https:\/\/noticiasmercedinas.com\/site\/"},{"@type":"ListItem","position":2,"name":"Buena repercusi\u00f3n para \u00abTemperley\u00bb en el Teatro Julio C\u00e9sar Gioscio de Mercedes"}]},{"@type":"WebSite","@id":"https:\/\/noticiasmercedinas.com\/site\/#website","url":"https:\/\/noticiasmercedinas.com\/site\/","name":"NOTICIASMERCEDINAS.COM","description":"Mercedes, Buenos Aires, Argentina","publisher":{"@id":"https:\/\/noticiasmercedinas.com\/site\/#organization"},"potentialAction":[{"@type":"SearchAction","target":{"@type":"EntryPoint","urlTemplate":"https:\/\/noticiasmercedinas.com\/site\/?s={search_term_string}"},"query-input":{"@type":"PropertyValueSpecification","valueRequired":true,"valueName":"search_term_string"}}],"inLanguage":"es"},{"@type":"Organization","@id":"https:\/\/noticiasmercedinas.com\/site\/#organization","name":"NOTICIASMERCEDINAS.COM","url":"https:\/\/noticiasmercedinas.com\/site\/","logo":{"@type":"ImageObject","inLanguage":"es","@id":"https:\/\/noticiasmercedinas.com\/site\/#\/schema\/logo\/image\/","url":"https:\/\/noticiasmercedinas.com\/site\/wp-content\/uploads\/2020\/06\/LOGO-512.jpg","contentUrl":"https:\/\/noticiasmercedinas.com\/site\/wp-content\/uploads\/2020\/06\/LOGO-512.jpg","width":512,"height":512,"caption":"NOTICIASMERCEDINAS.COM"},"image":{"@id":"https:\/\/noticiasmercedinas.com\/site\/#\/schema\/logo\/image\/"},"sameAs":["https:\/\/www.facebook.com\/noticiasmercedinas\/","https:\/\/x.com\/notmercedinas","https:\/\/www.instagram.com\/noticiasmercedinas\/"]},{"@type":"Person","@id":"https:\/\/noticiasmercedinas.com\/site\/#\/schema\/person\/84b59c099c28ff2e8b77d4ceec5d8063","name":"NOTICIASMERCEDINAS.COM","image":{"@type":"ImageObject","inLanguage":"es","@id":"https:\/\/secure.gravatar.com\/avatar\/4dfbf16b4d17945bfb6341b2d19043457132fcf478a5ee04f42e959fd8f5df0a?s=96&d=mm&r=g","url":"https:\/\/secure.gravatar.com\/avatar\/4dfbf16b4d17945bfb6341b2d19043457132fcf478a5ee04f42e959fd8f5df0a?s=96&d=mm&r=g","contentUrl":"https:\/\/secure.gravatar.com\/avatar\/4dfbf16b4d17945bfb6341b2d19043457132fcf478a5ee04f42e959fd8f5df0a?s=96&d=mm&r=g","caption":"NOTICIASMERCEDINAS.COM"},"url":"https:\/\/noticiasmercedinas.com\/site\/author\/anonimo\/"}]}},"amp_enabled":true,"_links":{"self":[{"href":"https:\/\/noticiasmercedinas.com\/site\/wp-json\/wp\/v2\/posts\/132692","targetHints":{"allow":["GET"]}}],"collection":[{"href":"https:\/\/noticiasmercedinas.com\/site\/wp-json\/wp\/v2\/posts"}],"about":[{"href":"https:\/\/noticiasmercedinas.com\/site\/wp-json\/wp\/v2\/types\/post"}],"author":[{"embeddable":true,"href":"https:\/\/noticiasmercedinas.com\/site\/wp-json\/wp\/v2\/users\/16"}],"replies":[{"embeddable":true,"href":"https:\/\/noticiasmercedinas.com\/site\/wp-json\/wp\/v2\/comments?post=132692"}],"version-history":[{"count":1,"href":"https:\/\/noticiasmercedinas.com\/site\/wp-json\/wp\/v2\/posts\/132692\/revisions"}],"predecessor-version":[{"id":132695,"href":"https:\/\/noticiasmercedinas.com\/site\/wp-json\/wp\/v2\/posts\/132692\/revisions\/132695"}],"wp:featuredmedia":[{"embeddable":true,"href":"https:\/\/noticiasmercedinas.com\/site\/wp-json\/wp\/v2\/media\/132694"}],"wp:attachment":[{"href":"https:\/\/noticiasmercedinas.com\/site\/wp-json\/wp\/v2\/media?parent=132692"}],"wp:term":[{"taxonomy":"category","embeddable":true,"href":"https:\/\/noticiasmercedinas.com\/site\/wp-json\/wp\/v2\/categories?post=132692"},{"taxonomy":"post_tag","embeddable":true,"href":"https:\/\/noticiasmercedinas.com\/site\/wp-json\/wp\/v2\/tags?post=132692"}],"curies":[{"name":"wp","href":"https:\/\/api.w.org\/{rel}","templated":true}]}}