{"id":132761,"date":"2024-03-20T09:24:51","date_gmt":"2024-03-20T12:24:51","guid":{"rendered":"https:\/\/noticiasmercedinas.com\/site\/?p=132761"},"modified":"2024-03-20T09:24:51","modified_gmt":"2024-03-20T12:24:51","slug":"gran-esfuerzo-para-sostener-el-centro-universitario-de-chivilcoy","status":"publish","type":"post","link":"https:\/\/noticiasmercedinas.com\/site\/2024\/03\/20\/gran-esfuerzo-para-sostener-el-centro-universitario-de-chivilcoy\/","title":{"rendered":"Gran esfuerzo para sostener el Centro Universitario de Chivilcoy"},"content":{"rendered":"<p><img loading=\"lazy\" decoding=\"async\" class=\"alignnone size-large wp-image-132762\" src=\"https:\/\/noticiasmercedinas.com\/site\/wp-content\/uploads\/2024\/03\/CUCH-1024x575.jpeg\" alt=\"\" width=\"640\" height=\"359\" srcset=\"https:\/\/noticiasmercedinas.com\/site\/wp-content\/uploads\/2024\/03\/CUCH-1024x575.jpeg 1024w, https:\/\/noticiasmercedinas.com\/site\/wp-content\/uploads\/2024\/03\/CUCH-300x168.jpeg 300w, https:\/\/noticiasmercedinas.com\/site\/wp-content\/uploads\/2024\/03\/CUCH-768x431.jpeg 768w, https:\/\/noticiasmercedinas.com\/site\/wp-content\/uploads\/2024\/03\/CUCH-1536x862.jpeg 1536w, https:\/\/noticiasmercedinas.com\/site\/wp-content\/uploads\/2024\/03\/CUCH-640x359.jpeg 640w, https:\/\/noticiasmercedinas.com\/site\/wp-content\/uploads\/2024\/03\/CUCH-1280x718.jpeg 1280w, https:\/\/noticiasmercedinas.com\/site\/wp-content\/uploads\/2024\/03\/CUCH-681x382.jpeg 681w, https:\/\/noticiasmercedinas.com\/site\/wp-content\/uploads\/2024\/03\/CUCH-1362x764.jpeg 1362w, https:\/\/noticiasmercedinas.com\/site\/wp-content\/uploads\/2024\/03\/CUCH.jpeg 1600w\" sizes=\"auto, (max-width: 640px) 100vw, 640px\" \/><\/p>\n<p>En un contexto desafiante marcado por recortes en el financiamiento educativo, autoridades locales y acad\u00e9micas se reunieron en el Centro Universitario de Chivilcoy para dar inicio al trayecto introductorio de la carrera de Psicolog\u00eda. El encuentro, encabezado por el intendente interino Eduardo De Lillo y la decana de la Facultad de Psicolog\u00eda de la UNLP, Mar\u00eda Cristina Piro, reuni\u00f3 a 285 estudiantes ingresantes en la sede Chivilcoy.<\/p>\n<p>El intendente De Lillo, tambi\u00e9n coordinador del Centro Universitario, destac\u00f3 el esfuerzo realizado para mantener operativas las instalaciones educativas en medio de dificultades financieras. \u00abEstamos haciendo un gran esfuerzo para poder abrir esta carrera de grado y sostener el normal funcionamiento del CUCH para que ustedes puedan estudiar, tras el recorte del Fondo Educativo\u00bb, expres\u00f3 De Lillo, subrayando el compromiso a largo plazo del municipio para garantizar oportunidades educativas.<\/p>\n<p>El apoyo de la comunidad local fue resaltado por De Lillo, quien agradeci\u00f3 a los vecinos por su contribuci\u00f3n mediante el pago de tasas y contribuciones. \u00abLos que se quejan, primero deber\u00edan pedir que se reponga el Fondo Educativo Nacional, con los valores actualizados\u00bb, inst\u00f3.<\/p>\n<p>Asimismo, destac\u00f3 las instalaciones de calidad y el personal comprometido del Centro Universitario, enfatizando el valor de la educaci\u00f3n universitaria en la regi\u00f3n. \u00abValoren esta oportunidad, cu\u00eddenla y defi\u00e9ndela, porque a la sede Chivilcoy vienen los mismos profesores que dictan las clases en La Plata y est\u00e1 garantizada una calidad educativa de primer nivel\u00bb, concluy\u00f3.<\/p>\n<p>Por su parte, la decana Mar\u00eda Cristina Piro inst\u00f3 a los estudiantes a valorar la educaci\u00f3n p\u00fablica, gratuita y laica, destacando su importancia en el contexto nacional e internacional. \u00abEs muy importante que ustedes decidan, en este contexto, sostener su iniciativa personal de estudiar una carrera, y, sobre todo, resignificar estos lugares, como es el caso del CUCH\u00bb, enfatiz\u00f3.<\/p>\n<p>El llamado a apreciar y aprovechar el acceso a la educaci\u00f3n universitaria como un derecho fundamental fue el mensaje central de la decana Piro, quien subray\u00f3 la responsabilidad individual y colectiva en la defensa de estos valores educativos.<\/p>\n","protected":false},"excerpt":{"rendered":"<p>En un contexto desafiante marcado por recortes en el financiamiento educativo, autoridades locales y acad\u00e9micas se reunieron en el Centro Universitario de Chivilcoy para dar inicio al trayecto introductorio de la carrera de Psicolog\u00eda. El encuentro, encabezado por el intendente interino Eduardo De Lillo y la decana de la Facultad de Psicolog\u00eda de la UNLP, [&hellip;]<\/p>\n","protected":false},"author":16,"featured_media":132762,"comment_status":"closed","ping_status":"closed","sticky":false,"template":"","format":"standard","meta":{"footnotes":""},"categories":[139],"tags":[203,13248,335],"class_list":["post-132761","post","type-post","status-publish","format-standard","has-post-thumbnail","hentry","category-regionales","tag-chivilcoy","tag-cuch","tag-universidad"],"yoast_head":"<!-- This site is optimized with the Yoast SEO plugin v27.4 - https:\/\/yoast.com\/product\/yoast-seo-wordpress\/ -->\n<title>Gran esfuerzo para sostener el Centro Universitario de Chivilcoy<\/title>\n<meta name=\"robots\" content=\"index, follow, max-snippet:-1, max-image-preview:large, max-video-preview:-1\" \/>\n<link rel=\"canonical\" href=\"https:\/\/noticiasmercedinas.com\/site\/2024\/03\/20\/gran-esfuerzo-para-sostener-el-centro-universitario-de-chivilcoy\/\" \/>\n<meta property=\"og:locale\" content=\"es_ES\" \/>\n<meta property=\"og:type\" content=\"article\" \/>\n<meta property=\"og:title\" content=\"Gran esfuerzo para sostener el Centro Universitario de Chivilcoy\" \/>\n<meta property=\"og:description\" content=\"En un contexto desafiante marcado por recortes en el financiamiento educativo, autoridades locales y acad\u00e9micas se reunieron en el Centro Universitario de Chivilcoy para dar inicio al trayecto introductorio de la carrera de Psicolog\u00eda. El encuentro, encabezado por el intendente interino Eduardo De Lillo y la decana de la Facultad de Psicolog\u00eda de la UNLP, [&hellip;]\" \/>\n<meta property=\"og:url\" content=\"https:\/\/noticiasmercedinas.com\/site\/2024\/03\/20\/gran-esfuerzo-para-sostener-el-centro-universitario-de-chivilcoy\/\" \/>\n<meta property=\"og:site_name\" content=\"NOTICIASMERCEDINAS.COM\" \/>\n<meta property=\"article:publisher\" content=\"https:\/\/www.facebook.com\/noticiasmercedinas\/\" \/>\n<meta property=\"article:published_time\" content=\"2024-03-20T12:24:51+00:00\" \/>\n<meta property=\"og:image\" content=\"https:\/\/noticiasmercedinas.com\/site\/wp-content\/uploads\/2024\/03\/CUCH.jpeg\" \/>\n\t<meta property=\"og:image:width\" content=\"1600\" \/>\n\t<meta property=\"og:image:height\" content=\"898\" \/>\n\t<meta property=\"og:image:type\" content=\"image\/jpeg\" \/>\n<meta name=\"author\" content=\"NOTICIASMERCEDINAS.COM\" \/>\n<meta name=\"twitter:card\" content=\"summary_large_image\" \/>\n<meta name=\"twitter:creator\" content=\"@notmercedinas\" \/>\n<meta name=\"twitter:site\" content=\"@notmercedinas\" \/>\n<meta name=\"twitter:label1\" content=\"Escrito por\" \/>\n\t<meta name=\"twitter:data1\" content=\"NOTICIASMERCEDINAS.COM\" \/>\n\t<meta name=\"twitter:label2\" content=\"Tiempo de lectura\" \/>\n\t<meta name=\"twitter:data2\" content=\"2 minutos\" \/>\n<script type=\"application\/ld+json\" class=\"yoast-schema-graph\">{\"@context\":\"https:\\\/\\\/schema.org\",\"@graph\":[{\"@type\":\"Article\",\"@id\":\"https:\\\/\\\/noticiasmercedinas.com\\\/site\\\/2024\\\/03\\\/20\\\/gran-esfuerzo-para-sostener-el-centro-universitario-de-chivilcoy\\\/#article\",\"isPartOf\":{\"@id\":\"https:\\\/\\\/noticiasmercedinas.com\\\/site\\\/2024\\\/03\\\/20\\\/gran-esfuerzo-para-sostener-el-centro-universitario-de-chivilcoy\\\/\"},\"author\":{\"name\":\"NOTICIASMERCEDINAS.COM\",\"@id\":\"https:\\\/\\\/noticiasmercedinas.com\\\/site\\\/#\\\/schema\\\/person\\\/84b59c099c28ff2e8b77d4ceec5d8063\"},\"headline\":\"Gran esfuerzo para sostener el Centro Universitario de Chivilcoy\",\"datePublished\":\"2024-03-20T12:24:51+00:00\",\"mainEntityOfPage\":{\"@id\":\"https:\\\/\\\/noticiasmercedinas.com\\\/site\\\/2024\\\/03\\\/20\\\/gran-esfuerzo-para-sostener-el-centro-universitario-de-chivilcoy\\\/\"},\"wordCount\":356,\"publisher\":{\"@id\":\"https:\\\/\\\/noticiasmercedinas.com\\\/site\\\/#organization\"},\"image\":{\"@id\":\"https:\\\/\\\/noticiasmercedinas.com\\\/site\\\/2024\\\/03\\\/20\\\/gran-esfuerzo-para-sostener-el-centro-universitario-de-chivilcoy\\\/#primaryimage\"},\"thumbnailUrl\":\"https:\\\/\\\/noticiasmercedinas.com\\\/site\\\/wp-content\\\/uploads\\\/2024\\\/03\\\/CUCH.jpeg\",\"keywords\":[\"chivilcoy\",\"cuch\",\"universidad\"],\"articleSection\":[\"Regionales\"],\"inLanguage\":\"es\"},{\"@type\":\"WebPage\",\"@id\":\"https:\\\/\\\/noticiasmercedinas.com\\\/site\\\/2024\\\/03\\\/20\\\/gran-esfuerzo-para-sostener-el-centro-universitario-de-chivilcoy\\\/\",\"url\":\"https:\\\/\\\/noticiasmercedinas.com\\\/site\\\/2024\\\/03\\\/20\\\/gran-esfuerzo-para-sostener-el-centro-universitario-de-chivilcoy\\\/\",\"name\":\"Gran esfuerzo para sostener el Centro Universitario de Chivilcoy\",\"isPartOf\":{\"@id\":\"https:\\\/\\\/noticiasmercedinas.com\\\/site\\\/#website\"},\"primaryImageOfPage\":{\"@id\":\"https:\\\/\\\/noticiasmercedinas.com\\\/site\\\/2024\\\/03\\\/20\\\/gran-esfuerzo-para-sostener-el-centro-universitario-de-chivilcoy\\\/#primaryimage\"},\"image\":{\"@id\":\"https:\\\/\\\/noticiasmercedinas.com\\\/site\\\/2024\\\/03\\\/20\\\/gran-esfuerzo-para-sostener-el-centro-universitario-de-chivilcoy\\\/#primaryimage\"},\"thumbnailUrl\":\"https:\\\/\\\/noticiasmercedinas.com\\\/site\\\/wp-content\\\/uploads\\\/2024\\\/03\\\/CUCH.jpeg\",\"datePublished\":\"2024-03-20T12:24:51+00:00\",\"breadcrumb\":{\"@id\":\"https:\\\/\\\/noticiasmercedinas.com\\\/site\\\/2024\\\/03\\\/20\\\/gran-esfuerzo-para-sostener-el-centro-universitario-de-chivilcoy\\\/#breadcrumb\"},\"inLanguage\":\"es\",\"potentialAction\":[{\"@type\":\"ReadAction\",\"target\":[\"https:\\\/\\\/noticiasmercedinas.com\\\/site\\\/2024\\\/03\\\/20\\\/gran-esfuerzo-para-sostener-el-centro-universitario-de-chivilcoy\\\/\"]}]},{\"@type\":\"ImageObject\",\"inLanguage\":\"es\",\"@id\":\"https:\\\/\\\/noticiasmercedinas.com\\\/site\\\/2024\\\/03\\\/20\\\/gran-esfuerzo-para-sostener-el-centro-universitario-de-chivilcoy\\\/#primaryimage\",\"url\":\"https:\\\/\\\/noticiasmercedinas.com\\\/site\\\/wp-content\\\/uploads\\\/2024\\\/03\\\/CUCH.jpeg\",\"contentUrl\":\"https:\\\/\\\/noticiasmercedinas.com\\\/site\\\/wp-content\\\/uploads\\\/2024\\\/03\\\/CUCH.jpeg\",\"width\":1600,\"height\":898},{\"@type\":\"BreadcrumbList\",\"@id\":\"https:\\\/\\\/noticiasmercedinas.com\\\/site\\\/2024\\\/03\\\/20\\\/gran-esfuerzo-para-sostener-el-centro-universitario-de-chivilcoy\\\/#breadcrumb\",\"itemListElement\":[{\"@type\":\"ListItem\",\"position\":1,\"name\":\"Portada\",\"item\":\"https:\\\/\\\/noticiasmercedinas.com\\\/site\\\/\"},{\"@type\":\"ListItem\",\"position\":2,\"name\":\"Gran esfuerzo para sostener el Centro Universitario de Chivilcoy\"}]},{\"@type\":\"WebSite\",\"@id\":\"https:\\\/\\\/noticiasmercedinas.com\\\/site\\\/#website\",\"url\":\"https:\\\/\\\/noticiasmercedinas.com\\\/site\\\/\",\"name\":\"NOTICIASMERCEDINAS.COM\",\"description\":\"Mercedes, Buenos Aires, Argentina\",\"publisher\":{\"@id\":\"https:\\\/\\\/noticiasmercedinas.com\\\/site\\\/#organization\"},\"potentialAction\":[{\"@type\":\"SearchAction\",\"target\":{\"@type\":\"EntryPoint\",\"urlTemplate\":\"https:\\\/\\\/noticiasmercedinas.com\\\/site\\\/?s={search_term_string}\"},\"query-input\":{\"@type\":\"PropertyValueSpecification\",\"valueRequired\":true,\"valueName\":\"search_term_string\"}}],\"inLanguage\":\"es\"},{\"@type\":\"Organization\",\"@id\":\"https:\\\/\\\/noticiasmercedinas.com\\\/site\\\/#organization\",\"name\":\"NOTICIASMERCEDINAS.COM\",\"url\":\"https:\\\/\\\/noticiasmercedinas.com\\\/site\\\/\",\"logo\":{\"@type\":\"ImageObject\",\"inLanguage\":\"es\",\"@id\":\"https:\\\/\\\/noticiasmercedinas.com\\\/site\\\/#\\\/schema\\\/logo\\\/image\\\/\",\"url\":\"https:\\\/\\\/noticiasmercedinas.com\\\/site\\\/wp-content\\\/uploads\\\/2020\\\/06\\\/LOGO-512.jpg\",\"contentUrl\":\"https:\\\/\\\/noticiasmercedinas.com\\\/site\\\/wp-content\\\/uploads\\\/2020\\\/06\\\/LOGO-512.jpg\",\"width\":512,\"height\":512,\"caption\":\"NOTICIASMERCEDINAS.COM\"},\"image\":{\"@id\":\"https:\\\/\\\/noticiasmercedinas.com\\\/site\\\/#\\\/schema\\\/logo\\\/image\\\/\"},\"sameAs\":[\"https:\\\/\\\/www.facebook.com\\\/noticiasmercedinas\\\/\",\"https:\\\/\\\/x.com\\\/notmercedinas\",\"https:\\\/\\\/www.instagram.com\\\/noticiasmercedinas\\\/\"]},{\"@type\":\"Person\",\"@id\":\"https:\\\/\\\/noticiasmercedinas.com\\\/site\\\/#\\\/schema\\\/person\\\/84b59c099c28ff2e8b77d4ceec5d8063\",\"name\":\"NOTICIASMERCEDINAS.COM\",\"image\":{\"@type\":\"ImageObject\",\"inLanguage\":\"es\",\"@id\":\"https:\\\/\\\/secure.gravatar.com\\\/avatar\\\/4dfbf16b4d17945bfb6341b2d19043457132fcf478a5ee04f42e959fd8f5df0a?s=96&d=mm&r=g\",\"url\":\"https:\\\/\\\/secure.gravatar.com\\\/avatar\\\/4dfbf16b4d17945bfb6341b2d19043457132fcf478a5ee04f42e959fd8f5df0a?s=96&d=mm&r=g\",\"contentUrl\":\"https:\\\/\\\/secure.gravatar.com\\\/avatar\\\/4dfbf16b4d17945bfb6341b2d19043457132fcf478a5ee04f42e959fd8f5df0a?s=96&d=mm&r=g\",\"caption\":\"NOTICIASMERCEDINAS.COM\"},\"url\":\"https:\\\/\\\/noticiasmercedinas.com\\\/site\\\/author\\\/anonimo\\\/\"}]}<\/script>\n<!-- \/ Yoast SEO plugin. -->","yoast_head_json":{"title":"Gran esfuerzo para sostener el Centro Universitario de Chivilcoy","robots":{"index":"index","follow":"follow","max-snippet":"max-snippet:-1","max-image-preview":"max-image-preview:large","max-video-preview":"max-video-preview:-1"},"canonical":"https:\/\/noticiasmercedinas.com\/site\/2024\/03\/20\/gran-esfuerzo-para-sostener-el-centro-universitario-de-chivilcoy\/","og_locale":"es_ES","og_type":"article","og_title":"Gran esfuerzo para sostener el Centro Universitario de Chivilcoy","og_description":"En un contexto desafiante marcado por recortes en el financiamiento educativo, autoridades locales y acad\u00e9micas se reunieron en el Centro Universitario de Chivilcoy para dar inicio al trayecto introductorio de la carrera de Psicolog\u00eda. El encuentro, encabezado por el intendente interino Eduardo De Lillo y la decana de la Facultad de Psicolog\u00eda de la UNLP, [&hellip;]","og_url":"https:\/\/noticiasmercedinas.com\/site\/2024\/03\/20\/gran-esfuerzo-para-sostener-el-centro-universitario-de-chivilcoy\/","og_site_name":"NOTICIASMERCEDINAS.COM","article_publisher":"https:\/\/www.facebook.com\/noticiasmercedinas\/","article_published_time":"2024-03-20T12:24:51+00:00","og_image":[{"width":1600,"height":898,"url":"https:\/\/noticiasmercedinas.com\/site\/wp-content\/uploads\/2024\/03\/CUCH.jpeg","type":"image\/jpeg"}],"author":"NOTICIASMERCEDINAS.COM","twitter_card":"summary_large_image","twitter_creator":"@notmercedinas","twitter_site":"@notmercedinas","twitter_misc":{"Escrito por":"NOTICIASMERCEDINAS.COM","Tiempo de lectura":"2 minutos"},"schema":{"@context":"https:\/\/schema.org","@graph":[{"@type":"Article","@id":"https:\/\/noticiasmercedinas.com\/site\/2024\/03\/20\/gran-esfuerzo-para-sostener-el-centro-universitario-de-chivilcoy\/#article","isPartOf":{"@id":"https:\/\/noticiasmercedinas.com\/site\/2024\/03\/20\/gran-esfuerzo-para-sostener-el-centro-universitario-de-chivilcoy\/"},"author":{"name":"NOTICIASMERCEDINAS.COM","@id":"https:\/\/noticiasmercedinas.com\/site\/#\/schema\/person\/84b59c099c28ff2e8b77d4ceec5d8063"},"headline":"Gran esfuerzo para sostener el Centro Universitario de Chivilcoy","datePublished":"2024-03-20T12:24:51+00:00","mainEntityOfPage":{"@id":"https:\/\/noticiasmercedinas.com\/site\/2024\/03\/20\/gran-esfuerzo-para-sostener-el-centro-universitario-de-chivilcoy\/"},"wordCount":356,"publisher":{"@id":"https:\/\/noticiasmercedinas.com\/site\/#organization"},"image":{"@id":"https:\/\/noticiasmercedinas.com\/site\/2024\/03\/20\/gran-esfuerzo-para-sostener-el-centro-universitario-de-chivilcoy\/#primaryimage"},"thumbnailUrl":"https:\/\/noticiasmercedinas.com\/site\/wp-content\/uploads\/2024\/03\/CUCH.jpeg","keywords":["chivilcoy","cuch","universidad"],"articleSection":["Regionales"],"inLanguage":"es"},{"@type":"WebPage","@id":"https:\/\/noticiasmercedinas.com\/site\/2024\/03\/20\/gran-esfuerzo-para-sostener-el-centro-universitario-de-chivilcoy\/","url":"https:\/\/noticiasmercedinas.com\/site\/2024\/03\/20\/gran-esfuerzo-para-sostener-el-centro-universitario-de-chivilcoy\/","name":"Gran esfuerzo para sostener el Centro Universitario de Chivilcoy","isPartOf":{"@id":"https:\/\/noticiasmercedinas.com\/site\/#website"},"primaryImageOfPage":{"@id":"https:\/\/noticiasmercedinas.com\/site\/2024\/03\/20\/gran-esfuerzo-para-sostener-el-centro-universitario-de-chivilcoy\/#primaryimage"},"image":{"@id":"https:\/\/noticiasmercedinas.com\/site\/2024\/03\/20\/gran-esfuerzo-para-sostener-el-centro-universitario-de-chivilcoy\/#primaryimage"},"thumbnailUrl":"https:\/\/noticiasmercedinas.com\/site\/wp-content\/uploads\/2024\/03\/CUCH.jpeg","datePublished":"2024-03-20T12:24:51+00:00","breadcrumb":{"@id":"https:\/\/noticiasmercedinas.com\/site\/2024\/03\/20\/gran-esfuerzo-para-sostener-el-centro-universitario-de-chivilcoy\/#breadcrumb"},"inLanguage":"es","potentialAction":[{"@type":"ReadAction","target":["https:\/\/noticiasmercedinas.com\/site\/2024\/03\/20\/gran-esfuerzo-para-sostener-el-centro-universitario-de-chivilcoy\/"]}]},{"@type":"ImageObject","inLanguage":"es","@id":"https:\/\/noticiasmercedinas.com\/site\/2024\/03\/20\/gran-esfuerzo-para-sostener-el-centro-universitario-de-chivilcoy\/#primaryimage","url":"https:\/\/noticiasmercedinas.com\/site\/wp-content\/uploads\/2024\/03\/CUCH.jpeg","contentUrl":"https:\/\/noticiasmercedinas.com\/site\/wp-content\/uploads\/2024\/03\/CUCH.jpeg","width":1600,"height":898},{"@type":"BreadcrumbList","@id":"https:\/\/noticiasmercedinas.com\/site\/2024\/03\/20\/gran-esfuerzo-para-sostener-el-centro-universitario-de-chivilcoy\/#breadcrumb","itemListElement":[{"@type":"ListItem","position":1,"name":"Portada","item":"https:\/\/noticiasmercedinas.com\/site\/"},{"@type":"ListItem","position":2,"name":"Gran esfuerzo para sostener el Centro Universitario de Chivilcoy"}]},{"@type":"WebSite","@id":"https:\/\/noticiasmercedinas.com\/site\/#website","url":"https:\/\/noticiasmercedinas.com\/site\/","name":"NOTICIASMERCEDINAS.COM","description":"Mercedes, Buenos Aires, Argentina","publisher":{"@id":"https:\/\/noticiasmercedinas.com\/site\/#organization"},"potentialAction":[{"@type":"SearchAction","target":{"@type":"EntryPoint","urlTemplate":"https:\/\/noticiasmercedinas.com\/site\/?s={search_term_string}"},"query-input":{"@type":"PropertyValueSpecification","valueRequired":true,"valueName":"search_term_string"}}],"inLanguage":"es"},{"@type":"Organization","@id":"https:\/\/noticiasmercedinas.com\/site\/#organization","name":"NOTICIASMERCEDINAS.COM","url":"https:\/\/noticiasmercedinas.com\/site\/","logo":{"@type":"ImageObject","inLanguage":"es","@id":"https:\/\/noticiasmercedinas.com\/site\/#\/schema\/logo\/image\/","url":"https:\/\/noticiasmercedinas.com\/site\/wp-content\/uploads\/2020\/06\/LOGO-512.jpg","contentUrl":"https:\/\/noticiasmercedinas.com\/site\/wp-content\/uploads\/2020\/06\/LOGO-512.jpg","width":512,"height":512,"caption":"NOTICIASMERCEDINAS.COM"},"image":{"@id":"https:\/\/noticiasmercedinas.com\/site\/#\/schema\/logo\/image\/"},"sameAs":["https:\/\/www.facebook.com\/noticiasmercedinas\/","https:\/\/x.com\/notmercedinas","https:\/\/www.instagram.com\/noticiasmercedinas\/"]},{"@type":"Person","@id":"https:\/\/noticiasmercedinas.com\/site\/#\/schema\/person\/84b59c099c28ff2e8b77d4ceec5d8063","name":"NOTICIASMERCEDINAS.COM","image":{"@type":"ImageObject","inLanguage":"es","@id":"https:\/\/secure.gravatar.com\/avatar\/4dfbf16b4d17945bfb6341b2d19043457132fcf478a5ee04f42e959fd8f5df0a?s=96&d=mm&r=g","url":"https:\/\/secure.gravatar.com\/avatar\/4dfbf16b4d17945bfb6341b2d19043457132fcf478a5ee04f42e959fd8f5df0a?s=96&d=mm&r=g","contentUrl":"https:\/\/secure.gravatar.com\/avatar\/4dfbf16b4d17945bfb6341b2d19043457132fcf478a5ee04f42e959fd8f5df0a?s=96&d=mm&r=g","caption":"NOTICIASMERCEDINAS.COM"},"url":"https:\/\/noticiasmercedinas.com\/site\/author\/anonimo\/"}]}},"amp_enabled":true,"_links":{"self":[{"href":"https:\/\/noticiasmercedinas.com\/site\/wp-json\/wp\/v2\/posts\/132761","targetHints":{"allow":["GET"]}}],"collection":[{"href":"https:\/\/noticiasmercedinas.com\/site\/wp-json\/wp\/v2\/posts"}],"about":[{"href":"https:\/\/noticiasmercedinas.com\/site\/wp-json\/wp\/v2\/types\/post"}],"author":[{"embeddable":true,"href":"https:\/\/noticiasmercedinas.com\/site\/wp-json\/wp\/v2\/users\/16"}],"replies":[{"embeddable":true,"href":"https:\/\/noticiasmercedinas.com\/site\/wp-json\/wp\/v2\/comments?post=132761"}],"version-history":[{"count":1,"href":"https:\/\/noticiasmercedinas.com\/site\/wp-json\/wp\/v2\/posts\/132761\/revisions"}],"predecessor-version":[{"id":132763,"href":"https:\/\/noticiasmercedinas.com\/site\/wp-json\/wp\/v2\/posts\/132761\/revisions\/132763"}],"wp:featuredmedia":[{"embeddable":true,"href":"https:\/\/noticiasmercedinas.com\/site\/wp-json\/wp\/v2\/media\/132762"}],"wp:attachment":[{"href":"https:\/\/noticiasmercedinas.com\/site\/wp-json\/wp\/v2\/media?parent=132761"}],"wp:term":[{"taxonomy":"category","embeddable":true,"href":"https:\/\/noticiasmercedinas.com\/site\/wp-json\/wp\/v2\/categories?post=132761"},{"taxonomy":"post_tag","embeddable":true,"href":"https:\/\/noticiasmercedinas.com\/site\/wp-json\/wp\/v2\/tags?post=132761"}],"curies":[{"name":"wp","href":"https:\/\/api.w.org\/{rel}","templated":true}]}}