{"id":132867,"date":"2024-03-21T22:15:17","date_gmt":"2024-03-22T01:15:17","guid":{"rendered":"https:\/\/noticiasmercedinas.com\/site\/?p=132867"},"modified":"2024-03-21T22:15:17","modified_gmt":"2024-03-22T01:15:17","slug":"partido-justicialista-de-mercedes-repudia-ataque-contra-militante-de-hijos","status":"publish","type":"post","link":"https:\/\/noticiasmercedinas.com\/site\/2024\/03\/21\/partido-justicialista-de-mercedes-repudia-ataque-contra-militante-de-hijos\/","title":{"rendered":"Partido Justicialista de Mercedes repudia ataque contra militante de HIJOS"},"content":{"rendered":"<p><img loading=\"lazy\" decoding=\"async\" class=\"alignnone size-full wp-image-62665\" src=\"https:\/\/noticiasmercedinas.com\/site\/wp-content\/uploads\/2021\/03\/pjlogo.jpg\" alt=\"\" width=\"800\" height=\"506\" srcset=\"https:\/\/noticiasmercedinas.com\/site\/wp-content\/uploads\/2021\/03\/pjlogo.jpg 800w, https:\/\/noticiasmercedinas.com\/site\/wp-content\/uploads\/2021\/03\/pjlogo-300x190.jpg 300w, https:\/\/noticiasmercedinas.com\/site\/wp-content\/uploads\/2021\/03\/pjlogo-768x486.jpg 768w, https:\/\/noticiasmercedinas.com\/site\/wp-content\/uploads\/2021\/03\/pjlogo-640x405.jpg 640w, https:\/\/noticiasmercedinas.com\/site\/wp-content\/uploads\/2021\/03\/pjlogo-681x431.jpg 681w\" sizes=\"auto, (max-width: 800px) 100vw, 800px\" \/><\/p>\n<p>En una declaraci\u00f3n p\u00fablica emitida hoy, el Partido Justicialista (PJ) de Mercedes expres\u00f3 su firme repudio y preocupaci\u00f3n por el reciente atentado contra una militante de la organizaci\u00f3n de Derechos Humanos HIJOS en la localidad. La v\u00edctima fue brutalmente golpeada, amenazada de muerte y sufri\u00f3 abuso sexual en su domicilio, en un acto que ha generado consternaci\u00f3n en la comunidad.<\/p>\n<p>La solicitud, firmada por destacados miembros del partido, incluyendo al Secretario General Silvio Bertera, la Vicepresidenta Mariana San Mart\u00edn y el Presidente Juan Pablo L\u00f3pez, enfatiza la solidaridad con la compa\u00f1era agredida y exige una investigaci\u00f3n inmediata y exhaustiva de los hechos por las autoridades competentes.<\/p>\n<blockquote><p>\u00abNo a los discursos de odio. No a la violencia pol\u00edtica. \u00a1Nunca m\u00e1s, es Nunca m\u00e1s!\u00bb<\/p><\/blockquote>\n<p>Los representantes del PJ Mercedes destacaron la gravedad de este ataque en el contexto de un clima pol\u00edtico marcado por discursos y acciones de odio en la sociedad. En un comunicado que rememora los 40 a\u00f1os de la recuperaci\u00f3n de la Democracia y en v\u00edsperas de un nuevo aniversario del golpe c\u00edvico militar, enfatizan la necesidad de no permitir pr\u00e1cticas que evocan los per\u00edodos m\u00e1s oscuros de la historia del pa\u00eds.<\/p>\n<p>El texto finaliza con un contundente llamado: \u00abNo a los discursos de odio. No a la violencia pol\u00edtica. \u00a1Nunca m\u00e1s, es Nunca m\u00e1s!\u00bb.<\/p>\n<p>El ataque contra la militante de HIJOS ha generado una amplia condena por parte de diversos sectores de la sociedad, mientras que las autoridades locales han asegurado estar trabajando para identificar y llevar ante la justicia a los responsables de este acto de violencia.<\/p>\n<p><img loading=\"lazy\" decoding=\"async\" class=\"alignnone size-large wp-image-132868\" src=\"https:\/\/noticiasmercedinas.com\/site\/wp-content\/uploads\/2024\/03\/hijos-724x1024.jpeg\" alt=\"\" width=\"640\" height=\"905\" srcset=\"https:\/\/noticiasmercedinas.com\/site\/wp-content\/uploads\/2024\/03\/hijos-724x1024.jpeg 724w, https:\/\/noticiasmercedinas.com\/site\/wp-content\/uploads\/2024\/03\/hijos-212x300.jpeg 212w, https:\/\/noticiasmercedinas.com\/site\/wp-content\/uploads\/2024\/03\/hijos-768x1086.jpeg 768w, https:\/\/noticiasmercedinas.com\/site\/wp-content\/uploads\/2024\/03\/hijos-1086x1536.jpeg 1086w, https:\/\/noticiasmercedinas.com\/site\/wp-content\/uploads\/2024\/03\/hijos-640x905.jpeg 640w, https:\/\/noticiasmercedinas.com\/site\/wp-content\/uploads\/2024\/03\/hijos-681x963.jpeg 681w, https:\/\/noticiasmercedinas.com\/site\/wp-content\/uploads\/2024\/03\/hijos.jpeg 1131w\" sizes=\"auto, (max-width: 640px) 100vw, 640px\" \/><\/p>\n","protected":false},"excerpt":{"rendered":"<p>\u25a0\u00a0Exigen investigaci\u00f3n y esclarecimiento de los hechos en un contexto de creciente violencia pol\u00edtica. Marcan solidaridad con la compa\u00f1era agredida de HIJOS.<\/p>\n","protected":false},"author":16,"featured_media":62665,"comment_status":"closed","ping_status":"closed","sticky":false,"template":"","format":"standard","meta":{"footnotes":""},"categories":[16],"tags":[13947,7771,1510,1489],"class_list":["post-132867","post","type-post","status-publish","format-standard","has-post-thumbnail","hentry","category-politica","tag-hijos","tag-nunca-mas","tag-partido-justicialista","tag-pj"],"yoast_head":"<!-- This site is optimized with the Yoast SEO plugin v27.5 - https:\/\/yoast.com\/product\/yoast-seo-wordpress\/ -->\n<title>Partido Justicialista de Mercedes repudia ataque contra militante de HIJOS<\/title>\n<meta name=\"robots\" content=\"index, follow, max-snippet:-1, max-image-preview:large, max-video-preview:-1\" \/>\n<link rel=\"canonical\" href=\"https:\/\/noticiasmercedinas.com\/site\/2024\/03\/21\/partido-justicialista-de-mercedes-repudia-ataque-contra-militante-de-hijos\/\" \/>\n<meta property=\"og:locale\" content=\"es_ES\" \/>\n<meta property=\"og:type\" content=\"article\" \/>\n<meta property=\"og:title\" content=\"Partido Justicialista de Mercedes repudia ataque contra militante de HIJOS\" \/>\n<meta property=\"og:description\" content=\"\u25a0\u00a0Exigen investigaci\u00f3n y esclarecimiento de los hechos en un contexto de creciente violencia pol\u00edtica. Marcan solidaridad con la compa\u00f1era agredida de HIJOS.\" \/>\n<meta property=\"og:url\" content=\"https:\/\/noticiasmercedinas.com\/site\/2024\/03\/21\/partido-justicialista-de-mercedes-repudia-ataque-contra-militante-de-hijos\/\" \/>\n<meta property=\"og:site_name\" content=\"NOTICIASMERCEDINAS.COM\" \/>\n<meta property=\"article:publisher\" content=\"https:\/\/www.facebook.com\/noticiasmercedinas\/\" \/>\n<meta property=\"article:published_time\" content=\"2024-03-22T01:15:17+00:00\" \/>\n<meta property=\"og:image\" content=\"https:\/\/noticiasmercedinas.com\/site\/wp-content\/uploads\/2021\/03\/pjlogo.jpg\" \/>\n\t<meta property=\"og:image:width\" content=\"800\" \/>\n\t<meta property=\"og:image:height\" content=\"506\" \/>\n\t<meta property=\"og:image:type\" content=\"image\/jpeg\" \/>\n<meta name=\"author\" content=\"NOTICIASMERCEDINAS.COM\" \/>\n<meta name=\"twitter:card\" content=\"summary_large_image\" \/>\n<meta name=\"twitter:creator\" content=\"@notmercedinas\" \/>\n<meta name=\"twitter:site\" content=\"@notmercedinas\" \/>\n<meta name=\"twitter:label1\" content=\"Escrito por\" \/>\n\t<meta name=\"twitter:data1\" content=\"NOTICIASMERCEDINAS.COM\" \/>\n\t<meta name=\"twitter:label2\" content=\"Tiempo de lectura\" \/>\n\t<meta name=\"twitter:data2\" content=\"2 minutos\" \/>\n<script type=\"application\/ld+json\" class=\"yoast-schema-graph\">{\"@context\":\"https:\\\/\\\/schema.org\",\"@graph\":[{\"@type\":\"Article\",\"@id\":\"https:\\\/\\\/noticiasmercedinas.com\\\/site\\\/2024\\\/03\\\/21\\\/partido-justicialista-de-mercedes-repudia-ataque-contra-militante-de-hijos\\\/#article\",\"isPartOf\":{\"@id\":\"https:\\\/\\\/noticiasmercedinas.com\\\/site\\\/2024\\\/03\\\/21\\\/partido-justicialista-de-mercedes-repudia-ataque-contra-militante-de-hijos\\\/\"},\"author\":{\"name\":\"NOTICIASMERCEDINAS.COM\",\"@id\":\"https:\\\/\\\/noticiasmercedinas.com\\\/site\\\/#\\\/schema\\\/person\\\/84b59c099c28ff2e8b77d4ceec5d8063\"},\"headline\":\"Partido Justicialista de Mercedes repudia ataque contra militante de HIJOS\",\"datePublished\":\"2024-03-22T01:15:17+00:00\",\"mainEntityOfPage\":{\"@id\":\"https:\\\/\\\/noticiasmercedinas.com\\\/site\\\/2024\\\/03\\\/21\\\/partido-justicialista-de-mercedes-repudia-ataque-contra-militante-de-hijos\\\/\"},\"wordCount\":294,\"publisher\":{\"@id\":\"https:\\\/\\\/noticiasmercedinas.com\\\/site\\\/#organization\"},\"image\":{\"@id\":\"https:\\\/\\\/noticiasmercedinas.com\\\/site\\\/2024\\\/03\\\/21\\\/partido-justicialista-de-mercedes-repudia-ataque-contra-militante-de-hijos\\\/#primaryimage\"},\"thumbnailUrl\":\"https:\\\/\\\/noticiasmercedinas.com\\\/site\\\/wp-content\\\/uploads\\\/2021\\\/03\\\/pjlogo.jpg\",\"keywords\":[\"HIJOS\",\"nunca mas\",\"partido justicialista\",\"pj\"],\"articleSection\":[\"Politica\"],\"inLanguage\":\"es\"},{\"@type\":\"WebPage\",\"@id\":\"https:\\\/\\\/noticiasmercedinas.com\\\/site\\\/2024\\\/03\\\/21\\\/partido-justicialista-de-mercedes-repudia-ataque-contra-militante-de-hijos\\\/\",\"url\":\"https:\\\/\\\/noticiasmercedinas.com\\\/site\\\/2024\\\/03\\\/21\\\/partido-justicialista-de-mercedes-repudia-ataque-contra-militante-de-hijos\\\/\",\"name\":\"Partido Justicialista de Mercedes repudia ataque contra militante de HIJOS\",\"isPartOf\":{\"@id\":\"https:\\\/\\\/noticiasmercedinas.com\\\/site\\\/#website\"},\"primaryImageOfPage\":{\"@id\":\"https:\\\/\\\/noticiasmercedinas.com\\\/site\\\/2024\\\/03\\\/21\\\/partido-justicialista-de-mercedes-repudia-ataque-contra-militante-de-hijos\\\/#primaryimage\"},\"image\":{\"@id\":\"https:\\\/\\\/noticiasmercedinas.com\\\/site\\\/2024\\\/03\\\/21\\\/partido-justicialista-de-mercedes-repudia-ataque-contra-militante-de-hijos\\\/#primaryimage\"},\"thumbnailUrl\":\"https:\\\/\\\/noticiasmercedinas.com\\\/site\\\/wp-content\\\/uploads\\\/2021\\\/03\\\/pjlogo.jpg\",\"datePublished\":\"2024-03-22T01:15:17+00:00\",\"breadcrumb\":{\"@id\":\"https:\\\/\\\/noticiasmercedinas.com\\\/site\\\/2024\\\/03\\\/21\\\/partido-justicialista-de-mercedes-repudia-ataque-contra-militante-de-hijos\\\/#breadcrumb\"},\"inLanguage\":\"es\",\"potentialAction\":[{\"@type\":\"ReadAction\",\"target\":[\"https:\\\/\\\/noticiasmercedinas.com\\\/site\\\/2024\\\/03\\\/21\\\/partido-justicialista-de-mercedes-repudia-ataque-contra-militante-de-hijos\\\/\"]}]},{\"@type\":\"ImageObject\",\"inLanguage\":\"es\",\"@id\":\"https:\\\/\\\/noticiasmercedinas.com\\\/site\\\/2024\\\/03\\\/21\\\/partido-justicialista-de-mercedes-repudia-ataque-contra-militante-de-hijos\\\/#primaryimage\",\"url\":\"https:\\\/\\\/noticiasmercedinas.com\\\/site\\\/wp-content\\\/uploads\\\/2021\\\/03\\\/pjlogo.jpg\",\"contentUrl\":\"https:\\\/\\\/noticiasmercedinas.com\\\/site\\\/wp-content\\\/uploads\\\/2021\\\/03\\\/pjlogo.jpg\",\"width\":800,\"height\":506},{\"@type\":\"BreadcrumbList\",\"@id\":\"https:\\\/\\\/noticiasmercedinas.com\\\/site\\\/2024\\\/03\\\/21\\\/partido-justicialista-de-mercedes-repudia-ataque-contra-militante-de-hijos\\\/#breadcrumb\",\"itemListElement\":[{\"@type\":\"ListItem\",\"position\":1,\"name\":\"Portada\",\"item\":\"https:\\\/\\\/noticiasmercedinas.com\\\/site\\\/\"},{\"@type\":\"ListItem\",\"position\":2,\"name\":\"Partido Justicialista de Mercedes repudia ataque contra militante de HIJOS\"}]},{\"@type\":\"WebSite\",\"@id\":\"https:\\\/\\\/noticiasmercedinas.com\\\/site\\\/#website\",\"url\":\"https:\\\/\\\/noticiasmercedinas.com\\\/site\\\/\",\"name\":\"NOTICIASMERCEDINAS.COM\",\"description\":\"Mercedes, Buenos Aires, Argentina\",\"publisher\":{\"@id\":\"https:\\\/\\\/noticiasmercedinas.com\\\/site\\\/#organization\"},\"potentialAction\":[{\"@type\":\"SearchAction\",\"target\":{\"@type\":\"EntryPoint\",\"urlTemplate\":\"https:\\\/\\\/noticiasmercedinas.com\\\/site\\\/?s={search_term_string}\"},\"query-input\":{\"@type\":\"PropertyValueSpecification\",\"valueRequired\":true,\"valueName\":\"search_term_string\"}}],\"inLanguage\":\"es\"},{\"@type\":\"Organization\",\"@id\":\"https:\\\/\\\/noticiasmercedinas.com\\\/site\\\/#organization\",\"name\":\"NOTICIASMERCEDINAS.COM\",\"url\":\"https:\\\/\\\/noticiasmercedinas.com\\\/site\\\/\",\"logo\":{\"@type\":\"ImageObject\",\"inLanguage\":\"es\",\"@id\":\"https:\\\/\\\/noticiasmercedinas.com\\\/site\\\/#\\\/schema\\\/logo\\\/image\\\/\",\"url\":\"https:\\\/\\\/noticiasmercedinas.com\\\/site\\\/wp-content\\\/uploads\\\/2020\\\/06\\\/LOGO-512.jpg\",\"contentUrl\":\"https:\\\/\\\/noticiasmercedinas.com\\\/site\\\/wp-content\\\/uploads\\\/2020\\\/06\\\/LOGO-512.jpg\",\"width\":512,\"height\":512,\"caption\":\"NOTICIASMERCEDINAS.COM\"},\"image\":{\"@id\":\"https:\\\/\\\/noticiasmercedinas.com\\\/site\\\/#\\\/schema\\\/logo\\\/image\\\/\"},\"sameAs\":[\"https:\\\/\\\/www.facebook.com\\\/noticiasmercedinas\\\/\",\"https:\\\/\\\/x.com\\\/notmercedinas\",\"https:\\\/\\\/www.instagram.com\\\/noticiasmercedinas\\\/\"]},{\"@type\":\"Person\",\"@id\":\"https:\\\/\\\/noticiasmercedinas.com\\\/site\\\/#\\\/schema\\\/person\\\/84b59c099c28ff2e8b77d4ceec5d8063\",\"name\":\"NOTICIASMERCEDINAS.COM\",\"image\":{\"@type\":\"ImageObject\",\"inLanguage\":\"es\",\"@id\":\"https:\\\/\\\/secure.gravatar.com\\\/avatar\\\/4dfbf16b4d17945bfb6341b2d19043457132fcf478a5ee04f42e959fd8f5df0a?s=96&d=mm&r=g\",\"url\":\"https:\\\/\\\/secure.gravatar.com\\\/avatar\\\/4dfbf16b4d17945bfb6341b2d19043457132fcf478a5ee04f42e959fd8f5df0a?s=96&d=mm&r=g\",\"contentUrl\":\"https:\\\/\\\/secure.gravatar.com\\\/avatar\\\/4dfbf16b4d17945bfb6341b2d19043457132fcf478a5ee04f42e959fd8f5df0a?s=96&d=mm&r=g\",\"caption\":\"NOTICIASMERCEDINAS.COM\"},\"url\":\"https:\\\/\\\/noticiasmercedinas.com\\\/site\\\/author\\\/anonimo\\\/\"}]}<\/script>\n<!-- \/ Yoast SEO plugin. -->","yoast_head_json":{"title":"Partido Justicialista de Mercedes repudia ataque contra militante de HIJOS","robots":{"index":"index","follow":"follow","max-snippet":"max-snippet:-1","max-image-preview":"max-image-preview:large","max-video-preview":"max-video-preview:-1"},"canonical":"https:\/\/noticiasmercedinas.com\/site\/2024\/03\/21\/partido-justicialista-de-mercedes-repudia-ataque-contra-militante-de-hijos\/","og_locale":"es_ES","og_type":"article","og_title":"Partido Justicialista de Mercedes repudia ataque contra militante de HIJOS","og_description":"\u25a0\u00a0Exigen investigaci\u00f3n y esclarecimiento de los hechos en un contexto de creciente violencia pol\u00edtica. Marcan solidaridad con la compa\u00f1era agredida de HIJOS.","og_url":"https:\/\/noticiasmercedinas.com\/site\/2024\/03\/21\/partido-justicialista-de-mercedes-repudia-ataque-contra-militante-de-hijos\/","og_site_name":"NOTICIASMERCEDINAS.COM","article_publisher":"https:\/\/www.facebook.com\/noticiasmercedinas\/","article_published_time":"2024-03-22T01:15:17+00:00","og_image":[{"width":800,"height":506,"url":"https:\/\/noticiasmercedinas.com\/site\/wp-content\/uploads\/2021\/03\/pjlogo.jpg","type":"image\/jpeg"}],"author":"NOTICIASMERCEDINAS.COM","twitter_card":"summary_large_image","twitter_creator":"@notmercedinas","twitter_site":"@notmercedinas","twitter_misc":{"Escrito por":"NOTICIASMERCEDINAS.COM","Tiempo de lectura":"2 minutos"},"schema":{"@context":"https:\/\/schema.org","@graph":[{"@type":"Article","@id":"https:\/\/noticiasmercedinas.com\/site\/2024\/03\/21\/partido-justicialista-de-mercedes-repudia-ataque-contra-militante-de-hijos\/#article","isPartOf":{"@id":"https:\/\/noticiasmercedinas.com\/site\/2024\/03\/21\/partido-justicialista-de-mercedes-repudia-ataque-contra-militante-de-hijos\/"},"author":{"name":"NOTICIASMERCEDINAS.COM","@id":"https:\/\/noticiasmercedinas.com\/site\/#\/schema\/person\/84b59c099c28ff2e8b77d4ceec5d8063"},"headline":"Partido Justicialista de Mercedes repudia ataque contra militante de HIJOS","datePublished":"2024-03-22T01:15:17+00:00","mainEntityOfPage":{"@id":"https:\/\/noticiasmercedinas.com\/site\/2024\/03\/21\/partido-justicialista-de-mercedes-repudia-ataque-contra-militante-de-hijos\/"},"wordCount":294,"publisher":{"@id":"https:\/\/noticiasmercedinas.com\/site\/#organization"},"image":{"@id":"https:\/\/noticiasmercedinas.com\/site\/2024\/03\/21\/partido-justicialista-de-mercedes-repudia-ataque-contra-militante-de-hijos\/#primaryimage"},"thumbnailUrl":"https:\/\/noticiasmercedinas.com\/site\/wp-content\/uploads\/2021\/03\/pjlogo.jpg","keywords":["HIJOS","nunca mas","partido justicialista","pj"],"articleSection":["Politica"],"inLanguage":"es"},{"@type":"WebPage","@id":"https:\/\/noticiasmercedinas.com\/site\/2024\/03\/21\/partido-justicialista-de-mercedes-repudia-ataque-contra-militante-de-hijos\/","url":"https:\/\/noticiasmercedinas.com\/site\/2024\/03\/21\/partido-justicialista-de-mercedes-repudia-ataque-contra-militante-de-hijos\/","name":"Partido Justicialista de Mercedes repudia ataque contra militante de HIJOS","isPartOf":{"@id":"https:\/\/noticiasmercedinas.com\/site\/#website"},"primaryImageOfPage":{"@id":"https:\/\/noticiasmercedinas.com\/site\/2024\/03\/21\/partido-justicialista-de-mercedes-repudia-ataque-contra-militante-de-hijos\/#primaryimage"},"image":{"@id":"https:\/\/noticiasmercedinas.com\/site\/2024\/03\/21\/partido-justicialista-de-mercedes-repudia-ataque-contra-militante-de-hijos\/#primaryimage"},"thumbnailUrl":"https:\/\/noticiasmercedinas.com\/site\/wp-content\/uploads\/2021\/03\/pjlogo.jpg","datePublished":"2024-03-22T01:15:17+00:00","breadcrumb":{"@id":"https:\/\/noticiasmercedinas.com\/site\/2024\/03\/21\/partido-justicialista-de-mercedes-repudia-ataque-contra-militante-de-hijos\/#breadcrumb"},"inLanguage":"es","potentialAction":[{"@type":"ReadAction","target":["https:\/\/noticiasmercedinas.com\/site\/2024\/03\/21\/partido-justicialista-de-mercedes-repudia-ataque-contra-militante-de-hijos\/"]}]},{"@type":"ImageObject","inLanguage":"es","@id":"https:\/\/noticiasmercedinas.com\/site\/2024\/03\/21\/partido-justicialista-de-mercedes-repudia-ataque-contra-militante-de-hijos\/#primaryimage","url":"https:\/\/noticiasmercedinas.com\/site\/wp-content\/uploads\/2021\/03\/pjlogo.jpg","contentUrl":"https:\/\/noticiasmercedinas.com\/site\/wp-content\/uploads\/2021\/03\/pjlogo.jpg","width":800,"height":506},{"@type":"BreadcrumbList","@id":"https:\/\/noticiasmercedinas.com\/site\/2024\/03\/21\/partido-justicialista-de-mercedes-repudia-ataque-contra-militante-de-hijos\/#breadcrumb","itemListElement":[{"@type":"ListItem","position":1,"name":"Portada","item":"https:\/\/noticiasmercedinas.com\/site\/"},{"@type":"ListItem","position":2,"name":"Partido Justicialista de Mercedes repudia ataque contra militante de HIJOS"}]},{"@type":"WebSite","@id":"https:\/\/noticiasmercedinas.com\/site\/#website","url":"https:\/\/noticiasmercedinas.com\/site\/","name":"NOTICIASMERCEDINAS.COM","description":"Mercedes, Buenos Aires, Argentina","publisher":{"@id":"https:\/\/noticiasmercedinas.com\/site\/#organization"},"potentialAction":[{"@type":"SearchAction","target":{"@type":"EntryPoint","urlTemplate":"https:\/\/noticiasmercedinas.com\/site\/?s={search_term_string}"},"query-input":{"@type":"PropertyValueSpecification","valueRequired":true,"valueName":"search_term_string"}}],"inLanguage":"es"},{"@type":"Organization","@id":"https:\/\/noticiasmercedinas.com\/site\/#organization","name":"NOTICIASMERCEDINAS.COM","url":"https:\/\/noticiasmercedinas.com\/site\/","logo":{"@type":"ImageObject","inLanguage":"es","@id":"https:\/\/noticiasmercedinas.com\/site\/#\/schema\/logo\/image\/","url":"https:\/\/noticiasmercedinas.com\/site\/wp-content\/uploads\/2020\/06\/LOGO-512.jpg","contentUrl":"https:\/\/noticiasmercedinas.com\/site\/wp-content\/uploads\/2020\/06\/LOGO-512.jpg","width":512,"height":512,"caption":"NOTICIASMERCEDINAS.COM"},"image":{"@id":"https:\/\/noticiasmercedinas.com\/site\/#\/schema\/logo\/image\/"},"sameAs":["https:\/\/www.facebook.com\/noticiasmercedinas\/","https:\/\/x.com\/notmercedinas","https:\/\/www.instagram.com\/noticiasmercedinas\/"]},{"@type":"Person","@id":"https:\/\/noticiasmercedinas.com\/site\/#\/schema\/person\/84b59c099c28ff2e8b77d4ceec5d8063","name":"NOTICIASMERCEDINAS.COM","image":{"@type":"ImageObject","inLanguage":"es","@id":"https:\/\/secure.gravatar.com\/avatar\/4dfbf16b4d17945bfb6341b2d19043457132fcf478a5ee04f42e959fd8f5df0a?s=96&d=mm&r=g","url":"https:\/\/secure.gravatar.com\/avatar\/4dfbf16b4d17945bfb6341b2d19043457132fcf478a5ee04f42e959fd8f5df0a?s=96&d=mm&r=g","contentUrl":"https:\/\/secure.gravatar.com\/avatar\/4dfbf16b4d17945bfb6341b2d19043457132fcf478a5ee04f42e959fd8f5df0a?s=96&d=mm&r=g","caption":"NOTICIASMERCEDINAS.COM"},"url":"https:\/\/noticiasmercedinas.com\/site\/author\/anonimo\/"}]}},"amp_enabled":true,"_links":{"self":[{"href":"https:\/\/noticiasmercedinas.com\/site\/wp-json\/wp\/v2\/posts\/132867","targetHints":{"allow":["GET"]}}],"collection":[{"href":"https:\/\/noticiasmercedinas.com\/site\/wp-json\/wp\/v2\/posts"}],"about":[{"href":"https:\/\/noticiasmercedinas.com\/site\/wp-json\/wp\/v2\/types\/post"}],"author":[{"embeddable":true,"href":"https:\/\/noticiasmercedinas.com\/site\/wp-json\/wp\/v2\/users\/16"}],"replies":[{"embeddable":true,"href":"https:\/\/noticiasmercedinas.com\/site\/wp-json\/wp\/v2\/comments?post=132867"}],"version-history":[{"count":1,"href":"https:\/\/noticiasmercedinas.com\/site\/wp-json\/wp\/v2\/posts\/132867\/revisions"}],"predecessor-version":[{"id":132869,"href":"https:\/\/noticiasmercedinas.com\/site\/wp-json\/wp\/v2\/posts\/132867\/revisions\/132869"}],"wp:featuredmedia":[{"embeddable":true,"href":"https:\/\/noticiasmercedinas.com\/site\/wp-json\/wp\/v2\/media\/62665"}],"wp:attachment":[{"href":"https:\/\/noticiasmercedinas.com\/site\/wp-json\/wp\/v2\/media?parent=132867"}],"wp:term":[{"taxonomy":"category","embeddable":true,"href":"https:\/\/noticiasmercedinas.com\/site\/wp-json\/wp\/v2\/categories?post=132867"},{"taxonomy":"post_tag","embeddable":true,"href":"https:\/\/noticiasmercedinas.com\/site\/wp-json\/wp\/v2\/tags?post=132867"}],"curies":[{"name":"wp","href":"https:\/\/api.w.org\/{rel}","templated":true}]}}