{"id":132956,"date":"2024-03-23T10:22:06","date_gmt":"2024-03-23T13:22:06","guid":{"rendered":"https:\/\/noticiasmercedinas.com\/site\/?p=132956"},"modified":"2024-03-23T10:22:06","modified_gmt":"2024-03-23T13:22:06","slug":"lucha-contra-el-dengue-en-mercedes-intensifican-fumigacion-en-barrios-y-espacios-verdes","status":"publish","type":"post","link":"https:\/\/noticiasmercedinas.com\/site\/2024\/03\/23\/lucha-contra-el-dengue-en-mercedes-intensifican-fumigacion-en-barrios-y-espacios-verdes\/","title":{"rendered":"Lucha contra el Dengue en Mercedes: intensifican fumigaci\u00f3n en barrios y espacios verdes"},"content":{"rendered":"<p><img loading=\"lazy\" decoding=\"async\" class=\"alignnone size-full wp-image-132957\" src=\"https:\/\/noticiasmercedinas.com\/site\/wp-content\/uploads\/2024\/03\/FUMIGA1.jpg\" alt=\"\" width=\"641\" height=\"485\" srcset=\"https:\/\/noticiasmercedinas.com\/site\/wp-content\/uploads\/2024\/03\/FUMIGA1.jpg 641w, https:\/\/noticiasmercedinas.com\/site\/wp-content\/uploads\/2024\/03\/FUMIGA1-300x227.jpg 300w, https:\/\/noticiasmercedinas.com\/site\/wp-content\/uploads\/2024\/03\/FUMIGA1-80x60.jpg 80w, https:\/\/noticiasmercedinas.com\/site\/wp-content\/uploads\/2024\/03\/FUMIGA1-160x120.jpg 160w, https:\/\/noticiasmercedinas.com\/site\/wp-content\/uploads\/2024\/03\/FUMIGA1-100x75.jpg 100w, https:\/\/noticiasmercedinas.com\/site\/wp-content\/uploads\/2024\/03\/FUMIGA1-200x150.jpg 200w, https:\/\/noticiasmercedinas.com\/site\/wp-content\/uploads\/2024\/03\/FUMIGA1-180x135.jpg 180w\" sizes=\"auto, (max-width: 641px) 100vw, 641px\" \/><\/p>\n<p>La lucha contra el dengue en Mercedes est\u00e1 en pleno apogeo, con la intensificaci\u00f3n de las tareas de fumigaci\u00f3n en barrios y espacios verdes de la ciudad. Desde la Secretar\u00eda de Salud se ha puesto en marcha una estrategia integral para combatir la proliferaci\u00f3n del mosquito transmisor de esta enfermedad.<\/p>\n<p>\u00abContinuamos con las tareas de fumigaci\u00f3n en los distintos barrios del Partido y en los espacios de uso p\u00fablico. Entre todos y todas combatimos el dengue\u00bb, destac\u00f3 un portavoz de la Secretar\u00eda de Salud.<\/p>\n<p>Esta acci\u00f3n se vuelve a\u00fan m\u00e1s urgente ante el reciente aumento en el \u00edndice de casos de dengue en la zona. Seg\u00fan las autoridades locales, <a href=\"https:\/\/noticiasmercedinas.com\/site\/2024\/03\/20\/con-19-casos-detectados-desde-enero-preocupa-avance-del-dengue-e-inician-campana-de-descacharrado\/\">en una conferencia encabezada por el intendente<\/a>, se inform\u00f3 que desde el a\u00f1o 2024 se han detectado 19 casos, varios de ellos aut\u00f3ctonos.<\/p>\n<p>Para abordar esta situaci\u00f3n, se ha anunciado una campa\u00f1a de descacharrado, con el objetivo de eliminar los criaderos de mosquitos en los hogares y espacios p\u00fablicos. \u00abEs fundamental que la poblaci\u00f3n se sume a esta iniciativa, quitando recipientes que puedan acumular agua y cambiando el agua de los recipientes de mascotas diariamente. De esta manera, evitamos la formaci\u00f3n de espacios de agua estancada, ideales para la reproducci\u00f3n del mosquito\u00bb, instaron las autoridades de Salud y Protecci\u00f3n Civil.<\/p>\n<blockquote><p>\u00abEs fundamental que la poblaci\u00f3n se sume a esta iniciativa, quitando recipientes que puedan acumular agua y cambiando el agua de los recipientes de mascotas diariamente\u00bb<\/p><\/blockquote>\n<p>Adem\u00e1s, se revel\u00f3 que se contar\u00e1 con el apoyo de promotores barriales para llevar a cabo esta campa\u00f1a, involucrando activamente a la comunidad en la prevenci\u00f3n del dengue.<\/p>\n<p>Ante el desaf\u00edo que representa esta enfermedad, se hace un llamado a la colaboraci\u00f3n y conciencia ciudadana para erradicar los focos de reproducci\u00f3n del mosquito y proteger la salud de todos los habitantes de Mercedes.<\/p>\n<p><img loading=\"lazy\" decoding=\"async\" class=\"alignnone size-full wp-image-132958\" src=\"https:\/\/noticiasmercedinas.com\/site\/wp-content\/uploads\/2024\/03\/FUMIGA2.jpg\" alt=\"\" width=\"640\" height=\"676\" srcset=\"https:\/\/noticiasmercedinas.com\/site\/wp-content\/uploads\/2024\/03\/FUMIGA2.jpg 640w, https:\/\/noticiasmercedinas.com\/site\/wp-content\/uploads\/2024\/03\/FUMIGA2-284x300.jpg 284w\" sizes=\"auto, (max-width: 640px) 100vw, 640px\" \/><\/p>\n","protected":false},"excerpt":{"rendered":"<p>\u25a0 Desde la Secretar\u00eda de Salud se ha puesto en marcha una estrategia integral para combatir la proliferaci\u00f3n del mosquito transmisor de esta enfermedad.<\/p>\n","protected":false},"author":16,"featured_media":132957,"comment_status":"closed","ping_status":"closed","sticky":false,"template":"","format":"standard","meta":{"footnotes":""},"categories":[3],"tags":[1139,15236,1655],"class_list":["post-132956","post","type-post","status-publish","format-standard","has-post-thumbnail","hentry","category-sociedad","tag-dengue","tag-descacharrado","tag-fumigacion"],"yoast_head":"<!-- This site is optimized with the Yoast SEO plugin v27.4 - https:\/\/yoast.com\/product\/yoast-seo-wordpress\/ -->\n<title>Lucha contra el Dengue en Mercedes: intensifican fumigaci\u00f3n en barrios y espacios verdes<\/title>\n<meta name=\"robots\" content=\"index, follow, max-snippet:-1, max-image-preview:large, max-video-preview:-1\" \/>\n<link rel=\"canonical\" href=\"https:\/\/noticiasmercedinas.com\/site\/2024\/03\/23\/lucha-contra-el-dengue-en-mercedes-intensifican-fumigacion-en-barrios-y-espacios-verdes\/\" \/>\n<meta property=\"og:locale\" content=\"es_ES\" \/>\n<meta property=\"og:type\" content=\"article\" \/>\n<meta property=\"og:title\" content=\"Lucha contra el Dengue en Mercedes: intensifican fumigaci\u00f3n en barrios y espacios verdes\" \/>\n<meta property=\"og:description\" content=\"\u25a0 Desde la Secretar\u00eda de Salud se ha puesto en marcha una estrategia integral para combatir la proliferaci\u00f3n del mosquito transmisor de esta enfermedad.\" \/>\n<meta property=\"og:url\" content=\"https:\/\/noticiasmercedinas.com\/site\/2024\/03\/23\/lucha-contra-el-dengue-en-mercedes-intensifican-fumigacion-en-barrios-y-espacios-verdes\/\" \/>\n<meta property=\"og:site_name\" content=\"NOTICIASMERCEDINAS.COM\" \/>\n<meta property=\"article:publisher\" content=\"https:\/\/www.facebook.com\/noticiasmercedinas\/\" \/>\n<meta property=\"article:published_time\" content=\"2024-03-23T13:22:06+00:00\" \/>\n<meta property=\"og:image\" content=\"https:\/\/noticiasmercedinas.com\/site\/wp-content\/uploads\/2024\/03\/FUMIGA1.jpg\" \/>\n\t<meta property=\"og:image:width\" content=\"641\" \/>\n\t<meta property=\"og:image:height\" content=\"485\" \/>\n\t<meta property=\"og:image:type\" content=\"image\/jpeg\" \/>\n<meta name=\"author\" content=\"NOTICIASMERCEDINAS.COM\" \/>\n<meta name=\"twitter:card\" content=\"summary_large_image\" \/>\n<meta name=\"twitter:creator\" content=\"@notmercedinas\" \/>\n<meta name=\"twitter:site\" content=\"@notmercedinas\" \/>\n<meta name=\"twitter:label1\" content=\"Escrito por\" \/>\n\t<meta name=\"twitter:data1\" content=\"NOTICIASMERCEDINAS.COM\" \/>\n\t<meta name=\"twitter:label2\" content=\"Tiempo de lectura\" \/>\n\t<meta name=\"twitter:data2\" content=\"2 minutos\" \/>\n<script type=\"application\/ld+json\" class=\"yoast-schema-graph\">{\"@context\":\"https:\\\/\\\/schema.org\",\"@graph\":[{\"@type\":\"Article\",\"@id\":\"https:\\\/\\\/noticiasmercedinas.com\\\/site\\\/2024\\\/03\\\/23\\\/lucha-contra-el-dengue-en-mercedes-intensifican-fumigacion-en-barrios-y-espacios-verdes\\\/#article\",\"isPartOf\":{\"@id\":\"https:\\\/\\\/noticiasmercedinas.com\\\/site\\\/2024\\\/03\\\/23\\\/lucha-contra-el-dengue-en-mercedes-intensifican-fumigacion-en-barrios-y-espacios-verdes\\\/\"},\"author\":{\"name\":\"NOTICIASMERCEDINAS.COM\",\"@id\":\"https:\\\/\\\/noticiasmercedinas.com\\\/site\\\/#\\\/schema\\\/person\\\/84b59c099c28ff2e8b77d4ceec5d8063\"},\"headline\":\"Lucha contra el Dengue en Mercedes: intensifican fumigaci\u00f3n en barrios y espacios verdes\",\"datePublished\":\"2024-03-23T13:22:06+00:00\",\"mainEntityOfPage\":{\"@id\":\"https:\\\/\\\/noticiasmercedinas.com\\\/site\\\/2024\\\/03\\\/23\\\/lucha-contra-el-dengue-en-mercedes-intensifican-fumigacion-en-barrios-y-espacios-verdes\\\/\"},\"wordCount\":337,\"publisher\":{\"@id\":\"https:\\\/\\\/noticiasmercedinas.com\\\/site\\\/#organization\"},\"image\":{\"@id\":\"https:\\\/\\\/noticiasmercedinas.com\\\/site\\\/2024\\\/03\\\/23\\\/lucha-contra-el-dengue-en-mercedes-intensifican-fumigacion-en-barrios-y-espacios-verdes\\\/#primaryimage\"},\"thumbnailUrl\":\"https:\\\/\\\/noticiasmercedinas.com\\\/site\\\/wp-content\\\/uploads\\\/2024\\\/03\\\/FUMIGA1.jpg\",\"keywords\":[\"dengue\",\"descacharrado\",\"fumigacion\"],\"articleSection\":[\"Sociedad\"],\"inLanguage\":\"es\"},{\"@type\":\"WebPage\",\"@id\":\"https:\\\/\\\/noticiasmercedinas.com\\\/site\\\/2024\\\/03\\\/23\\\/lucha-contra-el-dengue-en-mercedes-intensifican-fumigacion-en-barrios-y-espacios-verdes\\\/\",\"url\":\"https:\\\/\\\/noticiasmercedinas.com\\\/site\\\/2024\\\/03\\\/23\\\/lucha-contra-el-dengue-en-mercedes-intensifican-fumigacion-en-barrios-y-espacios-verdes\\\/\",\"name\":\"Lucha contra el Dengue en Mercedes: intensifican fumigaci\u00f3n en barrios y espacios verdes\",\"isPartOf\":{\"@id\":\"https:\\\/\\\/noticiasmercedinas.com\\\/site\\\/#website\"},\"primaryImageOfPage\":{\"@id\":\"https:\\\/\\\/noticiasmercedinas.com\\\/site\\\/2024\\\/03\\\/23\\\/lucha-contra-el-dengue-en-mercedes-intensifican-fumigacion-en-barrios-y-espacios-verdes\\\/#primaryimage\"},\"image\":{\"@id\":\"https:\\\/\\\/noticiasmercedinas.com\\\/site\\\/2024\\\/03\\\/23\\\/lucha-contra-el-dengue-en-mercedes-intensifican-fumigacion-en-barrios-y-espacios-verdes\\\/#primaryimage\"},\"thumbnailUrl\":\"https:\\\/\\\/noticiasmercedinas.com\\\/site\\\/wp-content\\\/uploads\\\/2024\\\/03\\\/FUMIGA1.jpg\",\"datePublished\":\"2024-03-23T13:22:06+00:00\",\"breadcrumb\":{\"@id\":\"https:\\\/\\\/noticiasmercedinas.com\\\/site\\\/2024\\\/03\\\/23\\\/lucha-contra-el-dengue-en-mercedes-intensifican-fumigacion-en-barrios-y-espacios-verdes\\\/#breadcrumb\"},\"inLanguage\":\"es\",\"potentialAction\":[{\"@type\":\"ReadAction\",\"target\":[\"https:\\\/\\\/noticiasmercedinas.com\\\/site\\\/2024\\\/03\\\/23\\\/lucha-contra-el-dengue-en-mercedes-intensifican-fumigacion-en-barrios-y-espacios-verdes\\\/\"]}]},{\"@type\":\"ImageObject\",\"inLanguage\":\"es\",\"@id\":\"https:\\\/\\\/noticiasmercedinas.com\\\/site\\\/2024\\\/03\\\/23\\\/lucha-contra-el-dengue-en-mercedes-intensifican-fumigacion-en-barrios-y-espacios-verdes\\\/#primaryimage\",\"url\":\"https:\\\/\\\/noticiasmercedinas.com\\\/site\\\/wp-content\\\/uploads\\\/2024\\\/03\\\/FUMIGA1.jpg\",\"contentUrl\":\"https:\\\/\\\/noticiasmercedinas.com\\\/site\\\/wp-content\\\/uploads\\\/2024\\\/03\\\/FUMIGA1.jpg\",\"width\":641,\"height\":485},{\"@type\":\"BreadcrumbList\",\"@id\":\"https:\\\/\\\/noticiasmercedinas.com\\\/site\\\/2024\\\/03\\\/23\\\/lucha-contra-el-dengue-en-mercedes-intensifican-fumigacion-en-barrios-y-espacios-verdes\\\/#breadcrumb\",\"itemListElement\":[{\"@type\":\"ListItem\",\"position\":1,\"name\":\"Portada\",\"item\":\"https:\\\/\\\/noticiasmercedinas.com\\\/site\\\/\"},{\"@type\":\"ListItem\",\"position\":2,\"name\":\"Lucha contra el Dengue en Mercedes: intensifican fumigaci\u00f3n en barrios y espacios verdes\"}]},{\"@type\":\"WebSite\",\"@id\":\"https:\\\/\\\/noticiasmercedinas.com\\\/site\\\/#website\",\"url\":\"https:\\\/\\\/noticiasmercedinas.com\\\/site\\\/\",\"name\":\"NOTICIASMERCEDINAS.COM\",\"description\":\"Mercedes, Buenos Aires, Argentina\",\"publisher\":{\"@id\":\"https:\\\/\\\/noticiasmercedinas.com\\\/site\\\/#organization\"},\"potentialAction\":[{\"@type\":\"SearchAction\",\"target\":{\"@type\":\"EntryPoint\",\"urlTemplate\":\"https:\\\/\\\/noticiasmercedinas.com\\\/site\\\/?s={search_term_string}\"},\"query-input\":{\"@type\":\"PropertyValueSpecification\",\"valueRequired\":true,\"valueName\":\"search_term_string\"}}],\"inLanguage\":\"es\"},{\"@type\":\"Organization\",\"@id\":\"https:\\\/\\\/noticiasmercedinas.com\\\/site\\\/#organization\",\"name\":\"NOTICIASMERCEDINAS.COM\",\"url\":\"https:\\\/\\\/noticiasmercedinas.com\\\/site\\\/\",\"logo\":{\"@type\":\"ImageObject\",\"inLanguage\":\"es\",\"@id\":\"https:\\\/\\\/noticiasmercedinas.com\\\/site\\\/#\\\/schema\\\/logo\\\/image\\\/\",\"url\":\"https:\\\/\\\/noticiasmercedinas.com\\\/site\\\/wp-content\\\/uploads\\\/2020\\\/06\\\/LOGO-512.jpg\",\"contentUrl\":\"https:\\\/\\\/noticiasmercedinas.com\\\/site\\\/wp-content\\\/uploads\\\/2020\\\/06\\\/LOGO-512.jpg\",\"width\":512,\"height\":512,\"caption\":\"NOTICIASMERCEDINAS.COM\"},\"image\":{\"@id\":\"https:\\\/\\\/noticiasmercedinas.com\\\/site\\\/#\\\/schema\\\/logo\\\/image\\\/\"},\"sameAs\":[\"https:\\\/\\\/www.facebook.com\\\/noticiasmercedinas\\\/\",\"https:\\\/\\\/x.com\\\/notmercedinas\",\"https:\\\/\\\/www.instagram.com\\\/noticiasmercedinas\\\/\"]},{\"@type\":\"Person\",\"@id\":\"https:\\\/\\\/noticiasmercedinas.com\\\/site\\\/#\\\/schema\\\/person\\\/84b59c099c28ff2e8b77d4ceec5d8063\",\"name\":\"NOTICIASMERCEDINAS.COM\",\"image\":{\"@type\":\"ImageObject\",\"inLanguage\":\"es\",\"@id\":\"https:\\\/\\\/secure.gravatar.com\\\/avatar\\\/4dfbf16b4d17945bfb6341b2d19043457132fcf478a5ee04f42e959fd8f5df0a?s=96&d=mm&r=g\",\"url\":\"https:\\\/\\\/secure.gravatar.com\\\/avatar\\\/4dfbf16b4d17945bfb6341b2d19043457132fcf478a5ee04f42e959fd8f5df0a?s=96&d=mm&r=g\",\"contentUrl\":\"https:\\\/\\\/secure.gravatar.com\\\/avatar\\\/4dfbf16b4d17945bfb6341b2d19043457132fcf478a5ee04f42e959fd8f5df0a?s=96&d=mm&r=g\",\"caption\":\"NOTICIASMERCEDINAS.COM\"},\"url\":\"https:\\\/\\\/noticiasmercedinas.com\\\/site\\\/author\\\/anonimo\\\/\"}]}<\/script>\n<!-- \/ Yoast SEO plugin. -->","yoast_head_json":{"title":"Lucha contra el Dengue en Mercedes: intensifican fumigaci\u00f3n en barrios y espacios verdes","robots":{"index":"index","follow":"follow","max-snippet":"max-snippet:-1","max-image-preview":"max-image-preview:large","max-video-preview":"max-video-preview:-1"},"canonical":"https:\/\/noticiasmercedinas.com\/site\/2024\/03\/23\/lucha-contra-el-dengue-en-mercedes-intensifican-fumigacion-en-barrios-y-espacios-verdes\/","og_locale":"es_ES","og_type":"article","og_title":"Lucha contra el Dengue en Mercedes: intensifican fumigaci\u00f3n en barrios y espacios verdes","og_description":"\u25a0 Desde la Secretar\u00eda de Salud se ha puesto en marcha una estrategia integral para combatir la proliferaci\u00f3n del mosquito transmisor de esta enfermedad.","og_url":"https:\/\/noticiasmercedinas.com\/site\/2024\/03\/23\/lucha-contra-el-dengue-en-mercedes-intensifican-fumigacion-en-barrios-y-espacios-verdes\/","og_site_name":"NOTICIASMERCEDINAS.COM","article_publisher":"https:\/\/www.facebook.com\/noticiasmercedinas\/","article_published_time":"2024-03-23T13:22:06+00:00","og_image":[{"width":641,"height":485,"url":"https:\/\/noticiasmercedinas.com\/site\/wp-content\/uploads\/2024\/03\/FUMIGA1.jpg","type":"image\/jpeg"}],"author":"NOTICIASMERCEDINAS.COM","twitter_card":"summary_large_image","twitter_creator":"@notmercedinas","twitter_site":"@notmercedinas","twitter_misc":{"Escrito por":"NOTICIASMERCEDINAS.COM","Tiempo de lectura":"2 minutos"},"schema":{"@context":"https:\/\/schema.org","@graph":[{"@type":"Article","@id":"https:\/\/noticiasmercedinas.com\/site\/2024\/03\/23\/lucha-contra-el-dengue-en-mercedes-intensifican-fumigacion-en-barrios-y-espacios-verdes\/#article","isPartOf":{"@id":"https:\/\/noticiasmercedinas.com\/site\/2024\/03\/23\/lucha-contra-el-dengue-en-mercedes-intensifican-fumigacion-en-barrios-y-espacios-verdes\/"},"author":{"name":"NOTICIASMERCEDINAS.COM","@id":"https:\/\/noticiasmercedinas.com\/site\/#\/schema\/person\/84b59c099c28ff2e8b77d4ceec5d8063"},"headline":"Lucha contra el Dengue en Mercedes: intensifican fumigaci\u00f3n en barrios y espacios verdes","datePublished":"2024-03-23T13:22:06+00:00","mainEntityOfPage":{"@id":"https:\/\/noticiasmercedinas.com\/site\/2024\/03\/23\/lucha-contra-el-dengue-en-mercedes-intensifican-fumigacion-en-barrios-y-espacios-verdes\/"},"wordCount":337,"publisher":{"@id":"https:\/\/noticiasmercedinas.com\/site\/#organization"},"image":{"@id":"https:\/\/noticiasmercedinas.com\/site\/2024\/03\/23\/lucha-contra-el-dengue-en-mercedes-intensifican-fumigacion-en-barrios-y-espacios-verdes\/#primaryimage"},"thumbnailUrl":"https:\/\/noticiasmercedinas.com\/site\/wp-content\/uploads\/2024\/03\/FUMIGA1.jpg","keywords":["dengue","descacharrado","fumigacion"],"articleSection":["Sociedad"],"inLanguage":"es"},{"@type":"WebPage","@id":"https:\/\/noticiasmercedinas.com\/site\/2024\/03\/23\/lucha-contra-el-dengue-en-mercedes-intensifican-fumigacion-en-barrios-y-espacios-verdes\/","url":"https:\/\/noticiasmercedinas.com\/site\/2024\/03\/23\/lucha-contra-el-dengue-en-mercedes-intensifican-fumigacion-en-barrios-y-espacios-verdes\/","name":"Lucha contra el Dengue en Mercedes: intensifican fumigaci\u00f3n en barrios y espacios verdes","isPartOf":{"@id":"https:\/\/noticiasmercedinas.com\/site\/#website"},"primaryImageOfPage":{"@id":"https:\/\/noticiasmercedinas.com\/site\/2024\/03\/23\/lucha-contra-el-dengue-en-mercedes-intensifican-fumigacion-en-barrios-y-espacios-verdes\/#primaryimage"},"image":{"@id":"https:\/\/noticiasmercedinas.com\/site\/2024\/03\/23\/lucha-contra-el-dengue-en-mercedes-intensifican-fumigacion-en-barrios-y-espacios-verdes\/#primaryimage"},"thumbnailUrl":"https:\/\/noticiasmercedinas.com\/site\/wp-content\/uploads\/2024\/03\/FUMIGA1.jpg","datePublished":"2024-03-23T13:22:06+00:00","breadcrumb":{"@id":"https:\/\/noticiasmercedinas.com\/site\/2024\/03\/23\/lucha-contra-el-dengue-en-mercedes-intensifican-fumigacion-en-barrios-y-espacios-verdes\/#breadcrumb"},"inLanguage":"es","potentialAction":[{"@type":"ReadAction","target":["https:\/\/noticiasmercedinas.com\/site\/2024\/03\/23\/lucha-contra-el-dengue-en-mercedes-intensifican-fumigacion-en-barrios-y-espacios-verdes\/"]}]},{"@type":"ImageObject","inLanguage":"es","@id":"https:\/\/noticiasmercedinas.com\/site\/2024\/03\/23\/lucha-contra-el-dengue-en-mercedes-intensifican-fumigacion-en-barrios-y-espacios-verdes\/#primaryimage","url":"https:\/\/noticiasmercedinas.com\/site\/wp-content\/uploads\/2024\/03\/FUMIGA1.jpg","contentUrl":"https:\/\/noticiasmercedinas.com\/site\/wp-content\/uploads\/2024\/03\/FUMIGA1.jpg","width":641,"height":485},{"@type":"BreadcrumbList","@id":"https:\/\/noticiasmercedinas.com\/site\/2024\/03\/23\/lucha-contra-el-dengue-en-mercedes-intensifican-fumigacion-en-barrios-y-espacios-verdes\/#breadcrumb","itemListElement":[{"@type":"ListItem","position":1,"name":"Portada","item":"https:\/\/noticiasmercedinas.com\/site\/"},{"@type":"ListItem","position":2,"name":"Lucha contra el Dengue en Mercedes: intensifican fumigaci\u00f3n en barrios y espacios verdes"}]},{"@type":"WebSite","@id":"https:\/\/noticiasmercedinas.com\/site\/#website","url":"https:\/\/noticiasmercedinas.com\/site\/","name":"NOTICIASMERCEDINAS.COM","description":"Mercedes, Buenos Aires, Argentina","publisher":{"@id":"https:\/\/noticiasmercedinas.com\/site\/#organization"},"potentialAction":[{"@type":"SearchAction","target":{"@type":"EntryPoint","urlTemplate":"https:\/\/noticiasmercedinas.com\/site\/?s={search_term_string}"},"query-input":{"@type":"PropertyValueSpecification","valueRequired":true,"valueName":"search_term_string"}}],"inLanguage":"es"},{"@type":"Organization","@id":"https:\/\/noticiasmercedinas.com\/site\/#organization","name":"NOTICIASMERCEDINAS.COM","url":"https:\/\/noticiasmercedinas.com\/site\/","logo":{"@type":"ImageObject","inLanguage":"es","@id":"https:\/\/noticiasmercedinas.com\/site\/#\/schema\/logo\/image\/","url":"https:\/\/noticiasmercedinas.com\/site\/wp-content\/uploads\/2020\/06\/LOGO-512.jpg","contentUrl":"https:\/\/noticiasmercedinas.com\/site\/wp-content\/uploads\/2020\/06\/LOGO-512.jpg","width":512,"height":512,"caption":"NOTICIASMERCEDINAS.COM"},"image":{"@id":"https:\/\/noticiasmercedinas.com\/site\/#\/schema\/logo\/image\/"},"sameAs":["https:\/\/www.facebook.com\/noticiasmercedinas\/","https:\/\/x.com\/notmercedinas","https:\/\/www.instagram.com\/noticiasmercedinas\/"]},{"@type":"Person","@id":"https:\/\/noticiasmercedinas.com\/site\/#\/schema\/person\/84b59c099c28ff2e8b77d4ceec5d8063","name":"NOTICIASMERCEDINAS.COM","image":{"@type":"ImageObject","inLanguage":"es","@id":"https:\/\/secure.gravatar.com\/avatar\/4dfbf16b4d17945bfb6341b2d19043457132fcf478a5ee04f42e959fd8f5df0a?s=96&d=mm&r=g","url":"https:\/\/secure.gravatar.com\/avatar\/4dfbf16b4d17945bfb6341b2d19043457132fcf478a5ee04f42e959fd8f5df0a?s=96&d=mm&r=g","contentUrl":"https:\/\/secure.gravatar.com\/avatar\/4dfbf16b4d17945bfb6341b2d19043457132fcf478a5ee04f42e959fd8f5df0a?s=96&d=mm&r=g","caption":"NOTICIASMERCEDINAS.COM"},"url":"https:\/\/noticiasmercedinas.com\/site\/author\/anonimo\/"}]}},"amp_enabled":true,"_links":{"self":[{"href":"https:\/\/noticiasmercedinas.com\/site\/wp-json\/wp\/v2\/posts\/132956","targetHints":{"allow":["GET"]}}],"collection":[{"href":"https:\/\/noticiasmercedinas.com\/site\/wp-json\/wp\/v2\/posts"}],"about":[{"href":"https:\/\/noticiasmercedinas.com\/site\/wp-json\/wp\/v2\/types\/post"}],"author":[{"embeddable":true,"href":"https:\/\/noticiasmercedinas.com\/site\/wp-json\/wp\/v2\/users\/16"}],"replies":[{"embeddable":true,"href":"https:\/\/noticiasmercedinas.com\/site\/wp-json\/wp\/v2\/comments?post=132956"}],"version-history":[{"count":1,"href":"https:\/\/noticiasmercedinas.com\/site\/wp-json\/wp\/v2\/posts\/132956\/revisions"}],"predecessor-version":[{"id":132959,"href":"https:\/\/noticiasmercedinas.com\/site\/wp-json\/wp\/v2\/posts\/132956\/revisions\/132959"}],"wp:featuredmedia":[{"embeddable":true,"href":"https:\/\/noticiasmercedinas.com\/site\/wp-json\/wp\/v2\/media\/132957"}],"wp:attachment":[{"href":"https:\/\/noticiasmercedinas.com\/site\/wp-json\/wp\/v2\/media?parent=132956"}],"wp:term":[{"taxonomy":"category","embeddable":true,"href":"https:\/\/noticiasmercedinas.com\/site\/wp-json\/wp\/v2\/categories?post=132956"},{"taxonomy":"post_tag","embeddable":true,"href":"https:\/\/noticiasmercedinas.com\/site\/wp-json\/wp\/v2\/tags?post=132956"}],"curies":[{"name":"wp","href":"https:\/\/api.w.org\/{rel}","templated":true}]}}