{"id":133137,"date":"2024-03-26T07:42:49","date_gmt":"2024-03-26T10:42:49","guid":{"rendered":"https:\/\/noticiasmercedinas.com\/site\/?p=133137"},"modified":"2024-03-26T07:42:49","modified_gmt":"2024-03-26T10:42:49","slug":"vecinos-de-mercedes-exigen-restablecimiento-de-convenio-de-descuento-en-peaje-olivera","status":"publish","type":"post","link":"https:\/\/noticiasmercedinas.com\/site\/2024\/03\/26\/vecinos-de-mercedes-exigen-restablecimiento-de-convenio-de-descuento-en-peaje-olivera\/","title":{"rendered":"Vecinos de Mercedes exigen restablecimiento de convenio de descuento en peaje Olivera"},"content":{"rendered":"<p><img loading=\"lazy\" decoding=\"async\" class=\"alignnone size-full wp-image-13350\" src=\"https:\/\/noticiasmercedinas.com\/site\/wp-content\/uploads\/2019\/03\/peaje5.png\" alt=\"\" width=\"640\" height=\"480\" srcset=\"https:\/\/noticiasmercedinas.com\/site\/wp-content\/uploads\/2019\/03\/peaje5.png 640w, https:\/\/noticiasmercedinas.com\/site\/wp-content\/uploads\/2019\/03\/peaje5-300x225.png 300w, https:\/\/noticiasmercedinas.com\/site\/wp-content\/uploads\/2019\/03\/peaje5-80x60.png 80w, https:\/\/noticiasmercedinas.com\/site\/wp-content\/uploads\/2019\/03\/peaje5-160x120.png 160w, https:\/\/noticiasmercedinas.com\/site\/wp-content\/uploads\/2019\/03\/peaje5-100x75.png 100w, https:\/\/noticiasmercedinas.com\/site\/wp-content\/uploads\/2019\/03\/peaje5-200x150.png 200w, https:\/\/noticiasmercedinas.com\/site\/wp-content\/uploads\/2019\/03\/peaje5-180x135.png 180w, https:\/\/noticiasmercedinas.com\/site\/wp-content\/uploads\/2019\/03\/peaje5-360x270.png 360w, https:\/\/noticiasmercedinas.com\/site\/wp-content\/uploads\/2019\/03\/peaje5-238x178.png 238w, https:\/\/noticiasmercedinas.com\/site\/wp-content\/uploads\/2019\/03\/peaje5-476x356.png 476w\" sizes=\"auto, (max-width: 640px) 100vw, 640px\" \/><\/p>\n<p>En medio de un clima de incertidumbre por los inminentes aumentos en los peajes, los vecinos de Mercedes ya est\u00e1n alzando su voz para reclamar el retorno del convenio de descuento en el peaje Olivera. Marcelo Suarez, miembro destacado de la Comisi\u00f3n de Vecinos de Mercedes, expres\u00f3: \u00abEs lo \u00fanico que podemos lograr con suerte con este gobierno. Queremos que nos devuelvan el Convenio en Olivera\u00bb.<\/p>\n<p>El reclamo surge en un momento en que se esperan aumentos del 200% en las tarifas de los peajes de rutas nacionales, lo que llevar\u00eda la tarifa del corredor de la ruta 5 a la cifra alarmante de 900 pesos para veh\u00edculos de dimensiones normales y la categor\u00eda m\u00e1s baja.<\/p>\n<p>Los aumentos previstos afectar\u00e1n a tramos de rutas nacionales controlados por Corredores Viales S.A en varias provincias, incluyendo Buenos Aires, La Pampa, Santa Fe, C\u00f3rdoba, San Luis, Mendoza, Corrientes, Chaco, Misiones, Santiago del Estero, Tucum\u00e1n, Salta y Jujuy.<\/p>\n<p>La Comisi\u00f3n de Vecinos de Mercedes est\u00e1 solicitando que se restablezca el convenio de descuento que estaba vigente desde enero de 2004, que beneficiaba a los residentes locales con una tarifa reducida. Seg\u00fan lo acordado en aquel entonces, los mercedinos deber\u00edan pagar solo el 12% del valor de la tarifa b\u00e1sica.<\/p>\n<p>El convenio en cuesti\u00f3n establec\u00eda que los vecinos de Mercedes podr\u00edan acceder a tarifas bonificadas seg\u00fan su categor\u00eda de veh\u00edculo, que estimaban pagar valores entre el 4% y el 12% de la tarifa b\u00e1sica vigente.<\/p>\n<p>Para acceder a estas bonificaciones, los vecinos deb\u00edan estar inscritos en las oficinas de la Estaci\u00f3n de Peaje Olivera y acreditar su condici\u00f3n de residentes de Mercedes.<\/p>\n<p>Ante la inminencia de los aumentos y la preocupaci\u00f3n de los vecinos, la Comisi\u00f3n de Vecinos de Mercedes ha iniciado gestiones para hacer valer este convenio y garantizar tarifas justas para los residentes locales que utilizan el corredor de la ruta 5.<\/p>\n<p>Lo que plantean desde la Comision de Vecinos es, en el marco de la consulta ciudadana que ya est\u00e1 habilitada en la web (Formulario de participaci\u00f3n &#8211; Actualizaci\u00f3n tarifaria de los tramos I a X de Corredores Viales S.A: <a href=\"https:\/\/www.argentina.gob.ar\/obras-publicas\/vialidad-nacional\/consulta-ciudadana-actualizacion-tarifaria-de-la-red-vial-nacional\">https:\/\/www.argentina.gob.ar\/obras-publicas\/vialidad-nacional\/consulta-ciudadana-actualizacion-tarifaria-de-la-red-vial-nacional<\/a>) pedir la rebaja para mercedinos, o sea que se pague el 12% del valor. Esto de acuerdo a lo acordad en enero de 2004 y que tuviera vigencia por largos a\u00f1os.<\/p>\n","protected":false},"excerpt":{"rendered":"<p>\u25a0 Lo que plantean desde la Comisi\u00f3n de Vecinos, en el marco de la consulta ciudadana, es pedir la rebaja para mercedinos, o sea que se pague el 12% del valor, que se ir\u00eda a 900 pesos<\/p>\n","protected":false},"author":16,"featured_media":13350,"comment_status":"closed","ping_status":"closed","sticky":false,"template":"","format":"standard","meta":{"footnotes":""},"categories":[3],"tags":[2454,15193,1774,665],"class_list":["post-133137","post","type-post","status-publish","format-standard","has-post-thumbnail","hentry","category-sociedad","tag-comision-de-vecinos","tag-consulta-ciudadana","tag-peaje","tag-ruta-5"],"yoast_head":"<!-- This site is optimized with the Yoast SEO plugin v27.4 - https:\/\/yoast.com\/product\/yoast-seo-wordpress\/ -->\n<title>Vecinos de Mercedes exigen restablecimiento de convenio de descuento en peaje Olivera<\/title>\n<meta name=\"robots\" content=\"index, follow, max-snippet:-1, max-image-preview:large, max-video-preview:-1\" \/>\n<link rel=\"canonical\" href=\"https:\/\/noticiasmercedinas.com\/site\/2024\/03\/26\/vecinos-de-mercedes-exigen-restablecimiento-de-convenio-de-descuento-en-peaje-olivera\/\" \/>\n<meta property=\"og:locale\" content=\"es_ES\" \/>\n<meta property=\"og:type\" content=\"article\" \/>\n<meta property=\"og:title\" content=\"Vecinos de Mercedes exigen restablecimiento de convenio de descuento en peaje Olivera\" \/>\n<meta property=\"og:description\" content=\"\u25a0 Lo que plantean desde la Comisi\u00f3n de Vecinos, en el marco de la consulta ciudadana, es pedir la rebaja para mercedinos, o sea que se pague el 12% del valor, que se ir\u00eda a 900 pesos\" \/>\n<meta property=\"og:url\" content=\"https:\/\/noticiasmercedinas.com\/site\/2024\/03\/26\/vecinos-de-mercedes-exigen-restablecimiento-de-convenio-de-descuento-en-peaje-olivera\/\" \/>\n<meta property=\"og:site_name\" content=\"NOTICIASMERCEDINAS.COM\" \/>\n<meta property=\"article:publisher\" content=\"https:\/\/www.facebook.com\/noticiasmercedinas\/\" \/>\n<meta property=\"article:published_time\" content=\"2024-03-26T10:42:49+00:00\" \/>\n<meta property=\"og:image\" content=\"https:\/\/noticiasmercedinas.com\/site\/wp-content\/uploads\/2019\/03\/peaje5.png\" \/>\n\t<meta property=\"og:image:width\" content=\"640\" \/>\n\t<meta property=\"og:image:height\" content=\"480\" \/>\n\t<meta property=\"og:image:type\" content=\"image\/png\" \/>\n<meta name=\"author\" content=\"NOTICIASMERCEDINAS.COM\" \/>\n<meta name=\"twitter:card\" content=\"summary_large_image\" \/>\n<meta name=\"twitter:creator\" content=\"@notmercedinas\" \/>\n<meta name=\"twitter:site\" content=\"@notmercedinas\" \/>\n<meta name=\"twitter:label1\" content=\"Escrito por\" \/>\n\t<meta name=\"twitter:data1\" content=\"NOTICIASMERCEDINAS.COM\" \/>\n\t<meta name=\"twitter:label2\" content=\"Tiempo de lectura\" \/>\n\t<meta name=\"twitter:data2\" content=\"3 minutos\" \/>\n<script type=\"application\/ld+json\" class=\"yoast-schema-graph\">{\"@context\":\"https:\\\/\\\/schema.org\",\"@graph\":[{\"@type\":\"Article\",\"@id\":\"https:\\\/\\\/noticiasmercedinas.com\\\/site\\\/2024\\\/03\\\/26\\\/vecinos-de-mercedes-exigen-restablecimiento-de-convenio-de-descuento-en-peaje-olivera\\\/#article\",\"isPartOf\":{\"@id\":\"https:\\\/\\\/noticiasmercedinas.com\\\/site\\\/2024\\\/03\\\/26\\\/vecinos-de-mercedes-exigen-restablecimiento-de-convenio-de-descuento-en-peaje-olivera\\\/\"},\"author\":{\"name\":\"NOTICIASMERCEDINAS.COM\",\"@id\":\"https:\\\/\\\/noticiasmercedinas.com\\\/site\\\/#\\\/schema\\\/person\\\/84b59c099c28ff2e8b77d4ceec5d8063\"},\"headline\":\"Vecinos de Mercedes exigen restablecimiento de convenio de descuento en peaje Olivera\",\"datePublished\":\"2024-03-26T10:42:49+00:00\",\"mainEntityOfPage\":{\"@id\":\"https:\\\/\\\/noticiasmercedinas.com\\\/site\\\/2024\\\/03\\\/26\\\/vecinos-de-mercedes-exigen-restablecimiento-de-convenio-de-descuento-en-peaje-olivera\\\/\"},\"wordCount\":419,\"publisher\":{\"@id\":\"https:\\\/\\\/noticiasmercedinas.com\\\/site\\\/#organization\"},\"image\":{\"@id\":\"https:\\\/\\\/noticiasmercedinas.com\\\/site\\\/2024\\\/03\\\/26\\\/vecinos-de-mercedes-exigen-restablecimiento-de-convenio-de-descuento-en-peaje-olivera\\\/#primaryimage\"},\"thumbnailUrl\":\"https:\\\/\\\/noticiasmercedinas.com\\\/site\\\/wp-content\\\/uploads\\\/2019\\\/03\\\/peaje5.png\",\"keywords\":[\"Comisi\u00f3n de Vecinos\",\"Consulta ciudadana\",\"peaje\",\"ruta 5\"],\"articleSection\":[\"Sociedad\"],\"inLanguage\":\"es\"},{\"@type\":\"WebPage\",\"@id\":\"https:\\\/\\\/noticiasmercedinas.com\\\/site\\\/2024\\\/03\\\/26\\\/vecinos-de-mercedes-exigen-restablecimiento-de-convenio-de-descuento-en-peaje-olivera\\\/\",\"url\":\"https:\\\/\\\/noticiasmercedinas.com\\\/site\\\/2024\\\/03\\\/26\\\/vecinos-de-mercedes-exigen-restablecimiento-de-convenio-de-descuento-en-peaje-olivera\\\/\",\"name\":\"Vecinos de Mercedes exigen restablecimiento de convenio de descuento en peaje Olivera\",\"isPartOf\":{\"@id\":\"https:\\\/\\\/noticiasmercedinas.com\\\/site\\\/#website\"},\"primaryImageOfPage\":{\"@id\":\"https:\\\/\\\/noticiasmercedinas.com\\\/site\\\/2024\\\/03\\\/26\\\/vecinos-de-mercedes-exigen-restablecimiento-de-convenio-de-descuento-en-peaje-olivera\\\/#primaryimage\"},\"image\":{\"@id\":\"https:\\\/\\\/noticiasmercedinas.com\\\/site\\\/2024\\\/03\\\/26\\\/vecinos-de-mercedes-exigen-restablecimiento-de-convenio-de-descuento-en-peaje-olivera\\\/#primaryimage\"},\"thumbnailUrl\":\"https:\\\/\\\/noticiasmercedinas.com\\\/site\\\/wp-content\\\/uploads\\\/2019\\\/03\\\/peaje5.png\",\"datePublished\":\"2024-03-26T10:42:49+00:00\",\"breadcrumb\":{\"@id\":\"https:\\\/\\\/noticiasmercedinas.com\\\/site\\\/2024\\\/03\\\/26\\\/vecinos-de-mercedes-exigen-restablecimiento-de-convenio-de-descuento-en-peaje-olivera\\\/#breadcrumb\"},\"inLanguage\":\"es\",\"potentialAction\":[{\"@type\":\"ReadAction\",\"target\":[\"https:\\\/\\\/noticiasmercedinas.com\\\/site\\\/2024\\\/03\\\/26\\\/vecinos-de-mercedes-exigen-restablecimiento-de-convenio-de-descuento-en-peaje-olivera\\\/\"]}]},{\"@type\":\"ImageObject\",\"inLanguage\":\"es\",\"@id\":\"https:\\\/\\\/noticiasmercedinas.com\\\/site\\\/2024\\\/03\\\/26\\\/vecinos-de-mercedes-exigen-restablecimiento-de-convenio-de-descuento-en-peaje-olivera\\\/#primaryimage\",\"url\":\"https:\\\/\\\/noticiasmercedinas.com\\\/site\\\/wp-content\\\/uploads\\\/2019\\\/03\\\/peaje5.png\",\"contentUrl\":\"https:\\\/\\\/noticiasmercedinas.com\\\/site\\\/wp-content\\\/uploads\\\/2019\\\/03\\\/peaje5.png\",\"width\":640,\"height\":480},{\"@type\":\"BreadcrumbList\",\"@id\":\"https:\\\/\\\/noticiasmercedinas.com\\\/site\\\/2024\\\/03\\\/26\\\/vecinos-de-mercedes-exigen-restablecimiento-de-convenio-de-descuento-en-peaje-olivera\\\/#breadcrumb\",\"itemListElement\":[{\"@type\":\"ListItem\",\"position\":1,\"name\":\"Portada\",\"item\":\"https:\\\/\\\/noticiasmercedinas.com\\\/site\\\/\"},{\"@type\":\"ListItem\",\"position\":2,\"name\":\"Vecinos de Mercedes exigen restablecimiento de convenio de descuento en peaje Olivera\"}]},{\"@type\":\"WebSite\",\"@id\":\"https:\\\/\\\/noticiasmercedinas.com\\\/site\\\/#website\",\"url\":\"https:\\\/\\\/noticiasmercedinas.com\\\/site\\\/\",\"name\":\"NOTICIASMERCEDINAS.COM\",\"description\":\"Mercedes, Buenos Aires, Argentina\",\"publisher\":{\"@id\":\"https:\\\/\\\/noticiasmercedinas.com\\\/site\\\/#organization\"},\"potentialAction\":[{\"@type\":\"SearchAction\",\"target\":{\"@type\":\"EntryPoint\",\"urlTemplate\":\"https:\\\/\\\/noticiasmercedinas.com\\\/site\\\/?s={search_term_string}\"},\"query-input\":{\"@type\":\"PropertyValueSpecification\",\"valueRequired\":true,\"valueName\":\"search_term_string\"}}],\"inLanguage\":\"es\"},{\"@type\":\"Organization\",\"@id\":\"https:\\\/\\\/noticiasmercedinas.com\\\/site\\\/#organization\",\"name\":\"NOTICIASMERCEDINAS.COM\",\"url\":\"https:\\\/\\\/noticiasmercedinas.com\\\/site\\\/\",\"logo\":{\"@type\":\"ImageObject\",\"inLanguage\":\"es\",\"@id\":\"https:\\\/\\\/noticiasmercedinas.com\\\/site\\\/#\\\/schema\\\/logo\\\/image\\\/\",\"url\":\"https:\\\/\\\/noticiasmercedinas.com\\\/site\\\/wp-content\\\/uploads\\\/2020\\\/06\\\/LOGO-512.jpg\",\"contentUrl\":\"https:\\\/\\\/noticiasmercedinas.com\\\/site\\\/wp-content\\\/uploads\\\/2020\\\/06\\\/LOGO-512.jpg\",\"width\":512,\"height\":512,\"caption\":\"NOTICIASMERCEDINAS.COM\"},\"image\":{\"@id\":\"https:\\\/\\\/noticiasmercedinas.com\\\/site\\\/#\\\/schema\\\/logo\\\/image\\\/\"},\"sameAs\":[\"https:\\\/\\\/www.facebook.com\\\/noticiasmercedinas\\\/\",\"https:\\\/\\\/x.com\\\/notmercedinas\",\"https:\\\/\\\/www.instagram.com\\\/noticiasmercedinas\\\/\"]},{\"@type\":\"Person\",\"@id\":\"https:\\\/\\\/noticiasmercedinas.com\\\/site\\\/#\\\/schema\\\/person\\\/84b59c099c28ff2e8b77d4ceec5d8063\",\"name\":\"NOTICIASMERCEDINAS.COM\",\"image\":{\"@type\":\"ImageObject\",\"inLanguage\":\"es\",\"@id\":\"https:\\\/\\\/secure.gravatar.com\\\/avatar\\\/4dfbf16b4d17945bfb6341b2d19043457132fcf478a5ee04f42e959fd8f5df0a?s=96&d=mm&r=g\",\"url\":\"https:\\\/\\\/secure.gravatar.com\\\/avatar\\\/4dfbf16b4d17945bfb6341b2d19043457132fcf478a5ee04f42e959fd8f5df0a?s=96&d=mm&r=g\",\"contentUrl\":\"https:\\\/\\\/secure.gravatar.com\\\/avatar\\\/4dfbf16b4d17945bfb6341b2d19043457132fcf478a5ee04f42e959fd8f5df0a?s=96&d=mm&r=g\",\"caption\":\"NOTICIASMERCEDINAS.COM\"},\"url\":\"https:\\\/\\\/noticiasmercedinas.com\\\/site\\\/author\\\/anonimo\\\/\"}]}<\/script>\n<!-- \/ Yoast SEO plugin. -->","yoast_head_json":{"title":"Vecinos de Mercedes exigen restablecimiento de convenio de descuento en peaje Olivera","robots":{"index":"index","follow":"follow","max-snippet":"max-snippet:-1","max-image-preview":"max-image-preview:large","max-video-preview":"max-video-preview:-1"},"canonical":"https:\/\/noticiasmercedinas.com\/site\/2024\/03\/26\/vecinos-de-mercedes-exigen-restablecimiento-de-convenio-de-descuento-en-peaje-olivera\/","og_locale":"es_ES","og_type":"article","og_title":"Vecinos de Mercedes exigen restablecimiento de convenio de descuento en peaje Olivera","og_description":"\u25a0 Lo que plantean desde la Comisi\u00f3n de Vecinos, en el marco de la consulta ciudadana, es pedir la rebaja para mercedinos, o sea que se pague el 12% del valor, que se ir\u00eda a 900 pesos","og_url":"https:\/\/noticiasmercedinas.com\/site\/2024\/03\/26\/vecinos-de-mercedes-exigen-restablecimiento-de-convenio-de-descuento-en-peaje-olivera\/","og_site_name":"NOTICIASMERCEDINAS.COM","article_publisher":"https:\/\/www.facebook.com\/noticiasmercedinas\/","article_published_time":"2024-03-26T10:42:49+00:00","og_image":[{"width":640,"height":480,"url":"https:\/\/noticiasmercedinas.com\/site\/wp-content\/uploads\/2019\/03\/peaje5.png","type":"image\/png"}],"author":"NOTICIASMERCEDINAS.COM","twitter_card":"summary_large_image","twitter_creator":"@notmercedinas","twitter_site":"@notmercedinas","twitter_misc":{"Escrito por":"NOTICIASMERCEDINAS.COM","Tiempo de lectura":"3 minutos"},"schema":{"@context":"https:\/\/schema.org","@graph":[{"@type":"Article","@id":"https:\/\/noticiasmercedinas.com\/site\/2024\/03\/26\/vecinos-de-mercedes-exigen-restablecimiento-de-convenio-de-descuento-en-peaje-olivera\/#article","isPartOf":{"@id":"https:\/\/noticiasmercedinas.com\/site\/2024\/03\/26\/vecinos-de-mercedes-exigen-restablecimiento-de-convenio-de-descuento-en-peaje-olivera\/"},"author":{"name":"NOTICIASMERCEDINAS.COM","@id":"https:\/\/noticiasmercedinas.com\/site\/#\/schema\/person\/84b59c099c28ff2e8b77d4ceec5d8063"},"headline":"Vecinos de Mercedes exigen restablecimiento de convenio de descuento en peaje Olivera","datePublished":"2024-03-26T10:42:49+00:00","mainEntityOfPage":{"@id":"https:\/\/noticiasmercedinas.com\/site\/2024\/03\/26\/vecinos-de-mercedes-exigen-restablecimiento-de-convenio-de-descuento-en-peaje-olivera\/"},"wordCount":419,"publisher":{"@id":"https:\/\/noticiasmercedinas.com\/site\/#organization"},"image":{"@id":"https:\/\/noticiasmercedinas.com\/site\/2024\/03\/26\/vecinos-de-mercedes-exigen-restablecimiento-de-convenio-de-descuento-en-peaje-olivera\/#primaryimage"},"thumbnailUrl":"https:\/\/noticiasmercedinas.com\/site\/wp-content\/uploads\/2019\/03\/peaje5.png","keywords":["Comisi\u00f3n de Vecinos","Consulta ciudadana","peaje","ruta 5"],"articleSection":["Sociedad"],"inLanguage":"es"},{"@type":"WebPage","@id":"https:\/\/noticiasmercedinas.com\/site\/2024\/03\/26\/vecinos-de-mercedes-exigen-restablecimiento-de-convenio-de-descuento-en-peaje-olivera\/","url":"https:\/\/noticiasmercedinas.com\/site\/2024\/03\/26\/vecinos-de-mercedes-exigen-restablecimiento-de-convenio-de-descuento-en-peaje-olivera\/","name":"Vecinos de Mercedes exigen restablecimiento de convenio de descuento en peaje Olivera","isPartOf":{"@id":"https:\/\/noticiasmercedinas.com\/site\/#website"},"primaryImageOfPage":{"@id":"https:\/\/noticiasmercedinas.com\/site\/2024\/03\/26\/vecinos-de-mercedes-exigen-restablecimiento-de-convenio-de-descuento-en-peaje-olivera\/#primaryimage"},"image":{"@id":"https:\/\/noticiasmercedinas.com\/site\/2024\/03\/26\/vecinos-de-mercedes-exigen-restablecimiento-de-convenio-de-descuento-en-peaje-olivera\/#primaryimage"},"thumbnailUrl":"https:\/\/noticiasmercedinas.com\/site\/wp-content\/uploads\/2019\/03\/peaje5.png","datePublished":"2024-03-26T10:42:49+00:00","breadcrumb":{"@id":"https:\/\/noticiasmercedinas.com\/site\/2024\/03\/26\/vecinos-de-mercedes-exigen-restablecimiento-de-convenio-de-descuento-en-peaje-olivera\/#breadcrumb"},"inLanguage":"es","potentialAction":[{"@type":"ReadAction","target":["https:\/\/noticiasmercedinas.com\/site\/2024\/03\/26\/vecinos-de-mercedes-exigen-restablecimiento-de-convenio-de-descuento-en-peaje-olivera\/"]}]},{"@type":"ImageObject","inLanguage":"es","@id":"https:\/\/noticiasmercedinas.com\/site\/2024\/03\/26\/vecinos-de-mercedes-exigen-restablecimiento-de-convenio-de-descuento-en-peaje-olivera\/#primaryimage","url":"https:\/\/noticiasmercedinas.com\/site\/wp-content\/uploads\/2019\/03\/peaje5.png","contentUrl":"https:\/\/noticiasmercedinas.com\/site\/wp-content\/uploads\/2019\/03\/peaje5.png","width":640,"height":480},{"@type":"BreadcrumbList","@id":"https:\/\/noticiasmercedinas.com\/site\/2024\/03\/26\/vecinos-de-mercedes-exigen-restablecimiento-de-convenio-de-descuento-en-peaje-olivera\/#breadcrumb","itemListElement":[{"@type":"ListItem","position":1,"name":"Portada","item":"https:\/\/noticiasmercedinas.com\/site\/"},{"@type":"ListItem","position":2,"name":"Vecinos de Mercedes exigen restablecimiento de convenio de descuento en peaje Olivera"}]},{"@type":"WebSite","@id":"https:\/\/noticiasmercedinas.com\/site\/#website","url":"https:\/\/noticiasmercedinas.com\/site\/","name":"NOTICIASMERCEDINAS.COM","description":"Mercedes, Buenos Aires, Argentina","publisher":{"@id":"https:\/\/noticiasmercedinas.com\/site\/#organization"},"potentialAction":[{"@type":"SearchAction","target":{"@type":"EntryPoint","urlTemplate":"https:\/\/noticiasmercedinas.com\/site\/?s={search_term_string}"},"query-input":{"@type":"PropertyValueSpecification","valueRequired":true,"valueName":"search_term_string"}}],"inLanguage":"es"},{"@type":"Organization","@id":"https:\/\/noticiasmercedinas.com\/site\/#organization","name":"NOTICIASMERCEDINAS.COM","url":"https:\/\/noticiasmercedinas.com\/site\/","logo":{"@type":"ImageObject","inLanguage":"es","@id":"https:\/\/noticiasmercedinas.com\/site\/#\/schema\/logo\/image\/","url":"https:\/\/noticiasmercedinas.com\/site\/wp-content\/uploads\/2020\/06\/LOGO-512.jpg","contentUrl":"https:\/\/noticiasmercedinas.com\/site\/wp-content\/uploads\/2020\/06\/LOGO-512.jpg","width":512,"height":512,"caption":"NOTICIASMERCEDINAS.COM"},"image":{"@id":"https:\/\/noticiasmercedinas.com\/site\/#\/schema\/logo\/image\/"},"sameAs":["https:\/\/www.facebook.com\/noticiasmercedinas\/","https:\/\/x.com\/notmercedinas","https:\/\/www.instagram.com\/noticiasmercedinas\/"]},{"@type":"Person","@id":"https:\/\/noticiasmercedinas.com\/site\/#\/schema\/person\/84b59c099c28ff2e8b77d4ceec5d8063","name":"NOTICIASMERCEDINAS.COM","image":{"@type":"ImageObject","inLanguage":"es","@id":"https:\/\/secure.gravatar.com\/avatar\/4dfbf16b4d17945bfb6341b2d19043457132fcf478a5ee04f42e959fd8f5df0a?s=96&d=mm&r=g","url":"https:\/\/secure.gravatar.com\/avatar\/4dfbf16b4d17945bfb6341b2d19043457132fcf478a5ee04f42e959fd8f5df0a?s=96&d=mm&r=g","contentUrl":"https:\/\/secure.gravatar.com\/avatar\/4dfbf16b4d17945bfb6341b2d19043457132fcf478a5ee04f42e959fd8f5df0a?s=96&d=mm&r=g","caption":"NOTICIASMERCEDINAS.COM"},"url":"https:\/\/noticiasmercedinas.com\/site\/author\/anonimo\/"}]}},"amp_enabled":true,"_links":{"self":[{"href":"https:\/\/noticiasmercedinas.com\/site\/wp-json\/wp\/v2\/posts\/133137","targetHints":{"allow":["GET"]}}],"collection":[{"href":"https:\/\/noticiasmercedinas.com\/site\/wp-json\/wp\/v2\/posts"}],"about":[{"href":"https:\/\/noticiasmercedinas.com\/site\/wp-json\/wp\/v2\/types\/post"}],"author":[{"embeddable":true,"href":"https:\/\/noticiasmercedinas.com\/site\/wp-json\/wp\/v2\/users\/16"}],"replies":[{"embeddable":true,"href":"https:\/\/noticiasmercedinas.com\/site\/wp-json\/wp\/v2\/comments?post=133137"}],"version-history":[{"count":1,"href":"https:\/\/noticiasmercedinas.com\/site\/wp-json\/wp\/v2\/posts\/133137\/revisions"}],"predecessor-version":[{"id":133138,"href":"https:\/\/noticiasmercedinas.com\/site\/wp-json\/wp\/v2\/posts\/133137\/revisions\/133138"}],"wp:featuredmedia":[{"embeddable":true,"href":"https:\/\/noticiasmercedinas.com\/site\/wp-json\/wp\/v2\/media\/13350"}],"wp:attachment":[{"href":"https:\/\/noticiasmercedinas.com\/site\/wp-json\/wp\/v2\/media?parent=133137"}],"wp:term":[{"taxonomy":"category","embeddable":true,"href":"https:\/\/noticiasmercedinas.com\/site\/wp-json\/wp\/v2\/categories?post=133137"},{"taxonomy":"post_tag","embeddable":true,"href":"https:\/\/noticiasmercedinas.com\/site\/wp-json\/wp\/v2\/tags?post=133137"}],"curies":[{"name":"wp","href":"https:\/\/api.w.org\/{rel}","templated":true}]}}