{"id":133227,"date":"2024-03-27T15:36:19","date_gmt":"2024-03-27T18:36:19","guid":{"rendered":"https:\/\/noticiasmercedinas.com\/site\/?p=133227"},"modified":"2024-03-27T15:36:19","modified_gmt":"2024-03-27T18:36:19","slug":"concejal-de-juntos-por-el-cambio-denuncia-situacion-de-viviendas-inconclusas-en-el-barrio-calabria","status":"publish","type":"post","link":"https:\/\/noticiasmercedinas.com\/site\/2024\/03\/27\/concejal-de-juntos-por-el-cambio-denuncia-situacion-de-viviendas-inconclusas-en-el-barrio-calabria\/","title":{"rendered":"Concejal de Juntos por el Cambio denuncia situaci\u00f3n de viviendas inconclusas en el barrio Calabria"},"content":{"rendered":"<p><img loading=\"lazy\" decoding=\"async\" class=\"alignnone size-full wp-image-113530\" src=\"https:\/\/noticiasmercedinas.com\/site\/wp-content\/uploads\/2023\/04\/deboralacasaIMG_6427.jpg\" alt=\"\" width=\"640\" height=\"427\" srcset=\"https:\/\/noticiasmercedinas.com\/site\/wp-content\/uploads\/2023\/04\/deboralacasaIMG_6427.jpg 640w, https:\/\/noticiasmercedinas.com\/site\/wp-content\/uploads\/2023\/04\/deboralacasaIMG_6427-300x200.jpg 300w\" sizes=\"auto, (max-width: 640px) 100vw, 640px\" \/><\/p>\n<p>La concejal <strong>D\u00e9bora Lacasa<\/strong>, representante de Juntos por el Cambio, ha destacado la urgencia de abordar problemas relevantes y dejar de lado las discusiones superficiales que no resuelven las necesidades de la comunidad. En ese sentido, ha hecho hincapi\u00e9 en la situaci\u00f3n de las viviendas inconclusas en el barrio Calabria.<\/p>\n<p>Lacasa se\u00f1al\u00f3 que durante la reciente sesi\u00f3n ordinaria del pasado lunes se debatieron diversos temas, pero resalt\u00f3 la importancia de dirigir la atenci\u00f3n hacia \u00abcuestiones fundamentales, como el acceso a la vivienda\u00bb. En particular, destac\u00f3 la \u00abpreocupante situaci\u00f3n de las viviendas en el barrio Calabria, donde los residentes enfrentan dificultades debido a la falta de finalizaci\u00f3n de las obras\u00bb.<\/p>\n<p>Seg\u00fan remarc\u00f3 la construcci\u00f3n de estas viviendas, que comenz\u00f3 en 2022 con la promesa de ser completada en un a\u00f1o, se ha visto plagada de retrasos y deficiencias. A pesar de las promesas incumplidas por parte de la empresa contratada, y la falta de supervisi\u00f3n por parte del municipio, Lacasa se\u00f1al\u00f3 que \u00abla tercera etapa de la construcci\u00f3n est\u00e1 siendo llevada a cabo por una empresa conocida localmente, lo que genera esperanzas de una conclusi\u00f3n exitosa y en tiempo y forma\u00bb.<\/p>\n<p>La concejal subray\u00f3 que la responsabilidad de esta situaci\u00f3n \u00abno recae en el gobierno actual, sino en la falta de control y supervisi\u00f3n durante la administraci\u00f3n anterior\u00bb. Sin embargo, hizo un llamado a las autoridades municipales para buscar \u00absoluciones urgentes y garantizar que los vecinos reciban las viviendas que tanto necesitan\u00bb.<\/p>\n<p>Lacasa enfatiz\u00f3 que es crucial priorizar las necesidades de los ciudadanos, como el acceso a la vivienda, por encima de otras cuestiones menos urgentes y que han ocupado largas discusiones en la \u00faltima sesi\u00f3n legislativa.<\/p>\n","protected":false},"excerpt":{"rendered":"<p>\u25a0 D\u00e9bora Lacasa dijo que hay que priorizar las necesidades de los ciudadanos, como el acceso a la vivienda, por encima de temas menos urgentes y que han ocupado largas discusiones en la \u00faltima sesi\u00f3n legislativa.<\/p>\n","protected":false},"author":16,"featured_media":113530,"comment_status":"closed","ping_status":"closed","sticky":false,"template":"","format":"standard","meta":{"footnotes":""},"categories":[16],"tags":[15597,243,12446,544],"class_list":["post-133227","post","type-post","status-publish","format-standard","has-post-thumbnail","hentry","category-politica","tag-barrio-calabria","tag-concejo-deliberante","tag-debora-lacasa","tag-viviendas"],"yoast_head":"<!-- This site is optimized with the Yoast SEO plugin v27.4 - https:\/\/yoast.com\/product\/yoast-seo-wordpress\/ -->\n<title>Concejal de Juntos por el Cambio denuncia situaci\u00f3n de viviendas inconclusas en el barrio Calabria<\/title>\n<meta name=\"robots\" content=\"index, follow, max-snippet:-1, max-image-preview:large, max-video-preview:-1\" \/>\n<link rel=\"canonical\" href=\"https:\/\/noticiasmercedinas.com\/site\/2024\/03\/27\/concejal-de-juntos-por-el-cambio-denuncia-situacion-de-viviendas-inconclusas-en-el-barrio-calabria\/\" \/>\n<meta property=\"og:locale\" content=\"es_ES\" \/>\n<meta property=\"og:type\" content=\"article\" \/>\n<meta property=\"og:title\" content=\"Concejal de Juntos por el Cambio denuncia situaci\u00f3n de viviendas inconclusas en el barrio Calabria\" \/>\n<meta property=\"og:description\" content=\"\u25a0 D\u00e9bora Lacasa dijo que hay que priorizar las necesidades de los ciudadanos, como el acceso a la vivienda, por encima de temas menos urgentes y que han ocupado largas discusiones en la \u00faltima sesi\u00f3n legislativa.\" \/>\n<meta property=\"og:url\" content=\"https:\/\/noticiasmercedinas.com\/site\/2024\/03\/27\/concejal-de-juntos-por-el-cambio-denuncia-situacion-de-viviendas-inconclusas-en-el-barrio-calabria\/\" \/>\n<meta property=\"og:site_name\" content=\"NOTICIASMERCEDINAS.COM\" \/>\n<meta property=\"article:publisher\" content=\"https:\/\/www.facebook.com\/noticiasmercedinas\/\" \/>\n<meta property=\"article:published_time\" content=\"2024-03-27T18:36:19+00:00\" \/>\n<meta property=\"og:image\" content=\"https:\/\/noticiasmercedinas.com\/site\/wp-content\/uploads\/2023\/04\/deboralacasaIMG_6427.jpg\" \/>\n\t<meta property=\"og:image:width\" content=\"640\" \/>\n\t<meta property=\"og:image:height\" content=\"427\" \/>\n\t<meta property=\"og:image:type\" content=\"image\/jpeg\" \/>\n<meta name=\"author\" content=\"NOTICIASMERCEDINAS.COM\" \/>\n<meta name=\"twitter:card\" content=\"summary_large_image\" \/>\n<meta name=\"twitter:creator\" content=\"@notmercedinas\" \/>\n<meta name=\"twitter:site\" content=\"@notmercedinas\" \/>\n<meta name=\"twitter:label1\" content=\"Escrito por\" \/>\n\t<meta name=\"twitter:data1\" content=\"NOTICIASMERCEDINAS.COM\" \/>\n\t<meta name=\"twitter:label2\" content=\"Tiempo de lectura\" \/>\n\t<meta name=\"twitter:data2\" content=\"2 minutos\" \/>\n<script type=\"application\/ld+json\" class=\"yoast-schema-graph\">{\"@context\":\"https:\\\/\\\/schema.org\",\"@graph\":[{\"@type\":\"Article\",\"@id\":\"https:\\\/\\\/noticiasmercedinas.com\\\/site\\\/2024\\\/03\\\/27\\\/concejal-de-juntos-por-el-cambio-denuncia-situacion-de-viviendas-inconclusas-en-el-barrio-calabria\\\/#article\",\"isPartOf\":{\"@id\":\"https:\\\/\\\/noticiasmercedinas.com\\\/site\\\/2024\\\/03\\\/27\\\/concejal-de-juntos-por-el-cambio-denuncia-situacion-de-viviendas-inconclusas-en-el-barrio-calabria\\\/\"},\"author\":{\"name\":\"NOTICIASMERCEDINAS.COM\",\"@id\":\"https:\\\/\\\/noticiasmercedinas.com\\\/site\\\/#\\\/schema\\\/person\\\/84b59c099c28ff2e8b77d4ceec5d8063\"},\"headline\":\"Concejal de Juntos por el Cambio denuncia situaci\u00f3n de viviendas inconclusas en el barrio Calabria\",\"datePublished\":\"2024-03-27T18:36:19+00:00\",\"mainEntityOfPage\":{\"@id\":\"https:\\\/\\\/noticiasmercedinas.com\\\/site\\\/2024\\\/03\\\/27\\\/concejal-de-juntos-por-el-cambio-denuncia-situacion-de-viviendas-inconclusas-en-el-barrio-calabria\\\/\"},\"wordCount\":309,\"publisher\":{\"@id\":\"https:\\\/\\\/noticiasmercedinas.com\\\/site\\\/#organization\"},\"image\":{\"@id\":\"https:\\\/\\\/noticiasmercedinas.com\\\/site\\\/2024\\\/03\\\/27\\\/concejal-de-juntos-por-el-cambio-denuncia-situacion-de-viviendas-inconclusas-en-el-barrio-calabria\\\/#primaryimage\"},\"thumbnailUrl\":\"https:\\\/\\\/noticiasmercedinas.com\\\/site\\\/wp-content\\\/uploads\\\/2023\\\/04\\\/deboralacasaIMG_6427.jpg\",\"keywords\":[\"barrio calabria\",\"concejo deliberante\",\"Debora Lacasa\",\"viviendas\"],\"articleSection\":[\"Politica\"],\"inLanguage\":\"es\"},{\"@type\":\"WebPage\",\"@id\":\"https:\\\/\\\/noticiasmercedinas.com\\\/site\\\/2024\\\/03\\\/27\\\/concejal-de-juntos-por-el-cambio-denuncia-situacion-de-viviendas-inconclusas-en-el-barrio-calabria\\\/\",\"url\":\"https:\\\/\\\/noticiasmercedinas.com\\\/site\\\/2024\\\/03\\\/27\\\/concejal-de-juntos-por-el-cambio-denuncia-situacion-de-viviendas-inconclusas-en-el-barrio-calabria\\\/\",\"name\":\"Concejal de Juntos por el Cambio denuncia situaci\u00f3n de viviendas inconclusas en el barrio Calabria\",\"isPartOf\":{\"@id\":\"https:\\\/\\\/noticiasmercedinas.com\\\/site\\\/#website\"},\"primaryImageOfPage\":{\"@id\":\"https:\\\/\\\/noticiasmercedinas.com\\\/site\\\/2024\\\/03\\\/27\\\/concejal-de-juntos-por-el-cambio-denuncia-situacion-de-viviendas-inconclusas-en-el-barrio-calabria\\\/#primaryimage\"},\"image\":{\"@id\":\"https:\\\/\\\/noticiasmercedinas.com\\\/site\\\/2024\\\/03\\\/27\\\/concejal-de-juntos-por-el-cambio-denuncia-situacion-de-viviendas-inconclusas-en-el-barrio-calabria\\\/#primaryimage\"},\"thumbnailUrl\":\"https:\\\/\\\/noticiasmercedinas.com\\\/site\\\/wp-content\\\/uploads\\\/2023\\\/04\\\/deboralacasaIMG_6427.jpg\",\"datePublished\":\"2024-03-27T18:36:19+00:00\",\"breadcrumb\":{\"@id\":\"https:\\\/\\\/noticiasmercedinas.com\\\/site\\\/2024\\\/03\\\/27\\\/concejal-de-juntos-por-el-cambio-denuncia-situacion-de-viviendas-inconclusas-en-el-barrio-calabria\\\/#breadcrumb\"},\"inLanguage\":\"es\",\"potentialAction\":[{\"@type\":\"ReadAction\",\"target\":[\"https:\\\/\\\/noticiasmercedinas.com\\\/site\\\/2024\\\/03\\\/27\\\/concejal-de-juntos-por-el-cambio-denuncia-situacion-de-viviendas-inconclusas-en-el-barrio-calabria\\\/\"]}]},{\"@type\":\"ImageObject\",\"inLanguage\":\"es\",\"@id\":\"https:\\\/\\\/noticiasmercedinas.com\\\/site\\\/2024\\\/03\\\/27\\\/concejal-de-juntos-por-el-cambio-denuncia-situacion-de-viviendas-inconclusas-en-el-barrio-calabria\\\/#primaryimage\",\"url\":\"https:\\\/\\\/noticiasmercedinas.com\\\/site\\\/wp-content\\\/uploads\\\/2023\\\/04\\\/deboralacasaIMG_6427.jpg\",\"contentUrl\":\"https:\\\/\\\/noticiasmercedinas.com\\\/site\\\/wp-content\\\/uploads\\\/2023\\\/04\\\/deboralacasaIMG_6427.jpg\",\"width\":640,\"height\":427},{\"@type\":\"BreadcrumbList\",\"@id\":\"https:\\\/\\\/noticiasmercedinas.com\\\/site\\\/2024\\\/03\\\/27\\\/concejal-de-juntos-por-el-cambio-denuncia-situacion-de-viviendas-inconclusas-en-el-barrio-calabria\\\/#breadcrumb\",\"itemListElement\":[{\"@type\":\"ListItem\",\"position\":1,\"name\":\"Portada\",\"item\":\"https:\\\/\\\/noticiasmercedinas.com\\\/site\\\/\"},{\"@type\":\"ListItem\",\"position\":2,\"name\":\"Concejal de Juntos por el Cambio denuncia situaci\u00f3n de viviendas inconclusas en el barrio Calabria\"}]},{\"@type\":\"WebSite\",\"@id\":\"https:\\\/\\\/noticiasmercedinas.com\\\/site\\\/#website\",\"url\":\"https:\\\/\\\/noticiasmercedinas.com\\\/site\\\/\",\"name\":\"NOTICIASMERCEDINAS.COM\",\"description\":\"Mercedes, Buenos Aires, Argentina\",\"publisher\":{\"@id\":\"https:\\\/\\\/noticiasmercedinas.com\\\/site\\\/#organization\"},\"potentialAction\":[{\"@type\":\"SearchAction\",\"target\":{\"@type\":\"EntryPoint\",\"urlTemplate\":\"https:\\\/\\\/noticiasmercedinas.com\\\/site\\\/?s={search_term_string}\"},\"query-input\":{\"@type\":\"PropertyValueSpecification\",\"valueRequired\":true,\"valueName\":\"search_term_string\"}}],\"inLanguage\":\"es\"},{\"@type\":\"Organization\",\"@id\":\"https:\\\/\\\/noticiasmercedinas.com\\\/site\\\/#organization\",\"name\":\"NOTICIASMERCEDINAS.COM\",\"url\":\"https:\\\/\\\/noticiasmercedinas.com\\\/site\\\/\",\"logo\":{\"@type\":\"ImageObject\",\"inLanguage\":\"es\",\"@id\":\"https:\\\/\\\/noticiasmercedinas.com\\\/site\\\/#\\\/schema\\\/logo\\\/image\\\/\",\"url\":\"https:\\\/\\\/noticiasmercedinas.com\\\/site\\\/wp-content\\\/uploads\\\/2020\\\/06\\\/LOGO-512.jpg\",\"contentUrl\":\"https:\\\/\\\/noticiasmercedinas.com\\\/site\\\/wp-content\\\/uploads\\\/2020\\\/06\\\/LOGO-512.jpg\",\"width\":512,\"height\":512,\"caption\":\"NOTICIASMERCEDINAS.COM\"},\"image\":{\"@id\":\"https:\\\/\\\/noticiasmercedinas.com\\\/site\\\/#\\\/schema\\\/logo\\\/image\\\/\"},\"sameAs\":[\"https:\\\/\\\/www.facebook.com\\\/noticiasmercedinas\\\/\",\"https:\\\/\\\/x.com\\\/notmercedinas\",\"https:\\\/\\\/www.instagram.com\\\/noticiasmercedinas\\\/\"]},{\"@type\":\"Person\",\"@id\":\"https:\\\/\\\/noticiasmercedinas.com\\\/site\\\/#\\\/schema\\\/person\\\/84b59c099c28ff2e8b77d4ceec5d8063\",\"name\":\"NOTICIASMERCEDINAS.COM\",\"image\":{\"@type\":\"ImageObject\",\"inLanguage\":\"es\",\"@id\":\"https:\\\/\\\/secure.gravatar.com\\\/avatar\\\/4dfbf16b4d17945bfb6341b2d19043457132fcf478a5ee04f42e959fd8f5df0a?s=96&d=mm&r=g\",\"url\":\"https:\\\/\\\/secure.gravatar.com\\\/avatar\\\/4dfbf16b4d17945bfb6341b2d19043457132fcf478a5ee04f42e959fd8f5df0a?s=96&d=mm&r=g\",\"contentUrl\":\"https:\\\/\\\/secure.gravatar.com\\\/avatar\\\/4dfbf16b4d17945bfb6341b2d19043457132fcf478a5ee04f42e959fd8f5df0a?s=96&d=mm&r=g\",\"caption\":\"NOTICIASMERCEDINAS.COM\"},\"url\":\"https:\\\/\\\/noticiasmercedinas.com\\\/site\\\/author\\\/anonimo\\\/\"}]}<\/script>\n<!-- \/ Yoast SEO plugin. -->","yoast_head_json":{"title":"Concejal de Juntos por el Cambio denuncia situaci\u00f3n de viviendas inconclusas en el barrio Calabria","robots":{"index":"index","follow":"follow","max-snippet":"max-snippet:-1","max-image-preview":"max-image-preview:large","max-video-preview":"max-video-preview:-1"},"canonical":"https:\/\/noticiasmercedinas.com\/site\/2024\/03\/27\/concejal-de-juntos-por-el-cambio-denuncia-situacion-de-viviendas-inconclusas-en-el-barrio-calabria\/","og_locale":"es_ES","og_type":"article","og_title":"Concejal de Juntos por el Cambio denuncia situaci\u00f3n de viviendas inconclusas en el barrio Calabria","og_description":"\u25a0 D\u00e9bora Lacasa dijo que hay que priorizar las necesidades de los ciudadanos, como el acceso a la vivienda, por encima de temas menos urgentes y que han ocupado largas discusiones en la \u00faltima sesi\u00f3n legislativa.","og_url":"https:\/\/noticiasmercedinas.com\/site\/2024\/03\/27\/concejal-de-juntos-por-el-cambio-denuncia-situacion-de-viviendas-inconclusas-en-el-barrio-calabria\/","og_site_name":"NOTICIASMERCEDINAS.COM","article_publisher":"https:\/\/www.facebook.com\/noticiasmercedinas\/","article_published_time":"2024-03-27T18:36:19+00:00","og_image":[{"width":640,"height":427,"url":"https:\/\/noticiasmercedinas.com\/site\/wp-content\/uploads\/2023\/04\/deboralacasaIMG_6427.jpg","type":"image\/jpeg"}],"author":"NOTICIASMERCEDINAS.COM","twitter_card":"summary_large_image","twitter_creator":"@notmercedinas","twitter_site":"@notmercedinas","twitter_misc":{"Escrito por":"NOTICIASMERCEDINAS.COM","Tiempo de lectura":"2 minutos"},"schema":{"@context":"https:\/\/schema.org","@graph":[{"@type":"Article","@id":"https:\/\/noticiasmercedinas.com\/site\/2024\/03\/27\/concejal-de-juntos-por-el-cambio-denuncia-situacion-de-viviendas-inconclusas-en-el-barrio-calabria\/#article","isPartOf":{"@id":"https:\/\/noticiasmercedinas.com\/site\/2024\/03\/27\/concejal-de-juntos-por-el-cambio-denuncia-situacion-de-viviendas-inconclusas-en-el-barrio-calabria\/"},"author":{"name":"NOTICIASMERCEDINAS.COM","@id":"https:\/\/noticiasmercedinas.com\/site\/#\/schema\/person\/84b59c099c28ff2e8b77d4ceec5d8063"},"headline":"Concejal de Juntos por el Cambio denuncia situaci\u00f3n de viviendas inconclusas en el barrio Calabria","datePublished":"2024-03-27T18:36:19+00:00","mainEntityOfPage":{"@id":"https:\/\/noticiasmercedinas.com\/site\/2024\/03\/27\/concejal-de-juntos-por-el-cambio-denuncia-situacion-de-viviendas-inconclusas-en-el-barrio-calabria\/"},"wordCount":309,"publisher":{"@id":"https:\/\/noticiasmercedinas.com\/site\/#organization"},"image":{"@id":"https:\/\/noticiasmercedinas.com\/site\/2024\/03\/27\/concejal-de-juntos-por-el-cambio-denuncia-situacion-de-viviendas-inconclusas-en-el-barrio-calabria\/#primaryimage"},"thumbnailUrl":"https:\/\/noticiasmercedinas.com\/site\/wp-content\/uploads\/2023\/04\/deboralacasaIMG_6427.jpg","keywords":["barrio calabria","concejo deliberante","Debora Lacasa","viviendas"],"articleSection":["Politica"],"inLanguage":"es"},{"@type":"WebPage","@id":"https:\/\/noticiasmercedinas.com\/site\/2024\/03\/27\/concejal-de-juntos-por-el-cambio-denuncia-situacion-de-viviendas-inconclusas-en-el-barrio-calabria\/","url":"https:\/\/noticiasmercedinas.com\/site\/2024\/03\/27\/concejal-de-juntos-por-el-cambio-denuncia-situacion-de-viviendas-inconclusas-en-el-barrio-calabria\/","name":"Concejal de Juntos por el Cambio denuncia situaci\u00f3n de viviendas inconclusas en el barrio Calabria","isPartOf":{"@id":"https:\/\/noticiasmercedinas.com\/site\/#website"},"primaryImageOfPage":{"@id":"https:\/\/noticiasmercedinas.com\/site\/2024\/03\/27\/concejal-de-juntos-por-el-cambio-denuncia-situacion-de-viviendas-inconclusas-en-el-barrio-calabria\/#primaryimage"},"image":{"@id":"https:\/\/noticiasmercedinas.com\/site\/2024\/03\/27\/concejal-de-juntos-por-el-cambio-denuncia-situacion-de-viviendas-inconclusas-en-el-barrio-calabria\/#primaryimage"},"thumbnailUrl":"https:\/\/noticiasmercedinas.com\/site\/wp-content\/uploads\/2023\/04\/deboralacasaIMG_6427.jpg","datePublished":"2024-03-27T18:36:19+00:00","breadcrumb":{"@id":"https:\/\/noticiasmercedinas.com\/site\/2024\/03\/27\/concejal-de-juntos-por-el-cambio-denuncia-situacion-de-viviendas-inconclusas-en-el-barrio-calabria\/#breadcrumb"},"inLanguage":"es","potentialAction":[{"@type":"ReadAction","target":["https:\/\/noticiasmercedinas.com\/site\/2024\/03\/27\/concejal-de-juntos-por-el-cambio-denuncia-situacion-de-viviendas-inconclusas-en-el-barrio-calabria\/"]}]},{"@type":"ImageObject","inLanguage":"es","@id":"https:\/\/noticiasmercedinas.com\/site\/2024\/03\/27\/concejal-de-juntos-por-el-cambio-denuncia-situacion-de-viviendas-inconclusas-en-el-barrio-calabria\/#primaryimage","url":"https:\/\/noticiasmercedinas.com\/site\/wp-content\/uploads\/2023\/04\/deboralacasaIMG_6427.jpg","contentUrl":"https:\/\/noticiasmercedinas.com\/site\/wp-content\/uploads\/2023\/04\/deboralacasaIMG_6427.jpg","width":640,"height":427},{"@type":"BreadcrumbList","@id":"https:\/\/noticiasmercedinas.com\/site\/2024\/03\/27\/concejal-de-juntos-por-el-cambio-denuncia-situacion-de-viviendas-inconclusas-en-el-barrio-calabria\/#breadcrumb","itemListElement":[{"@type":"ListItem","position":1,"name":"Portada","item":"https:\/\/noticiasmercedinas.com\/site\/"},{"@type":"ListItem","position":2,"name":"Concejal de Juntos por el Cambio denuncia situaci\u00f3n de viviendas inconclusas en el barrio Calabria"}]},{"@type":"WebSite","@id":"https:\/\/noticiasmercedinas.com\/site\/#website","url":"https:\/\/noticiasmercedinas.com\/site\/","name":"NOTICIASMERCEDINAS.COM","description":"Mercedes, Buenos Aires, Argentina","publisher":{"@id":"https:\/\/noticiasmercedinas.com\/site\/#organization"},"potentialAction":[{"@type":"SearchAction","target":{"@type":"EntryPoint","urlTemplate":"https:\/\/noticiasmercedinas.com\/site\/?s={search_term_string}"},"query-input":{"@type":"PropertyValueSpecification","valueRequired":true,"valueName":"search_term_string"}}],"inLanguage":"es"},{"@type":"Organization","@id":"https:\/\/noticiasmercedinas.com\/site\/#organization","name":"NOTICIASMERCEDINAS.COM","url":"https:\/\/noticiasmercedinas.com\/site\/","logo":{"@type":"ImageObject","inLanguage":"es","@id":"https:\/\/noticiasmercedinas.com\/site\/#\/schema\/logo\/image\/","url":"https:\/\/noticiasmercedinas.com\/site\/wp-content\/uploads\/2020\/06\/LOGO-512.jpg","contentUrl":"https:\/\/noticiasmercedinas.com\/site\/wp-content\/uploads\/2020\/06\/LOGO-512.jpg","width":512,"height":512,"caption":"NOTICIASMERCEDINAS.COM"},"image":{"@id":"https:\/\/noticiasmercedinas.com\/site\/#\/schema\/logo\/image\/"},"sameAs":["https:\/\/www.facebook.com\/noticiasmercedinas\/","https:\/\/x.com\/notmercedinas","https:\/\/www.instagram.com\/noticiasmercedinas\/"]},{"@type":"Person","@id":"https:\/\/noticiasmercedinas.com\/site\/#\/schema\/person\/84b59c099c28ff2e8b77d4ceec5d8063","name":"NOTICIASMERCEDINAS.COM","image":{"@type":"ImageObject","inLanguage":"es","@id":"https:\/\/secure.gravatar.com\/avatar\/4dfbf16b4d17945bfb6341b2d19043457132fcf478a5ee04f42e959fd8f5df0a?s=96&d=mm&r=g","url":"https:\/\/secure.gravatar.com\/avatar\/4dfbf16b4d17945bfb6341b2d19043457132fcf478a5ee04f42e959fd8f5df0a?s=96&d=mm&r=g","contentUrl":"https:\/\/secure.gravatar.com\/avatar\/4dfbf16b4d17945bfb6341b2d19043457132fcf478a5ee04f42e959fd8f5df0a?s=96&d=mm&r=g","caption":"NOTICIASMERCEDINAS.COM"},"url":"https:\/\/noticiasmercedinas.com\/site\/author\/anonimo\/"}]}},"amp_enabled":true,"_links":{"self":[{"href":"https:\/\/noticiasmercedinas.com\/site\/wp-json\/wp\/v2\/posts\/133227","targetHints":{"allow":["GET"]}}],"collection":[{"href":"https:\/\/noticiasmercedinas.com\/site\/wp-json\/wp\/v2\/posts"}],"about":[{"href":"https:\/\/noticiasmercedinas.com\/site\/wp-json\/wp\/v2\/types\/post"}],"author":[{"embeddable":true,"href":"https:\/\/noticiasmercedinas.com\/site\/wp-json\/wp\/v2\/users\/16"}],"replies":[{"embeddable":true,"href":"https:\/\/noticiasmercedinas.com\/site\/wp-json\/wp\/v2\/comments?post=133227"}],"version-history":[{"count":1,"href":"https:\/\/noticiasmercedinas.com\/site\/wp-json\/wp\/v2\/posts\/133227\/revisions"}],"predecessor-version":[{"id":133228,"href":"https:\/\/noticiasmercedinas.com\/site\/wp-json\/wp\/v2\/posts\/133227\/revisions\/133228"}],"wp:featuredmedia":[{"embeddable":true,"href":"https:\/\/noticiasmercedinas.com\/site\/wp-json\/wp\/v2\/media\/113530"}],"wp:attachment":[{"href":"https:\/\/noticiasmercedinas.com\/site\/wp-json\/wp\/v2\/media?parent=133227"}],"wp:term":[{"taxonomy":"category","embeddable":true,"href":"https:\/\/noticiasmercedinas.com\/site\/wp-json\/wp\/v2\/categories?post=133227"},{"taxonomy":"post_tag","embeddable":true,"href":"https:\/\/noticiasmercedinas.com\/site\/wp-json\/wp\/v2\/tags?post=133227"}],"curies":[{"name":"wp","href":"https:\/\/api.w.org\/{rel}","templated":true}]}}