{"id":13327,"date":"2019-03-04T19:07:43","date_gmt":"2019-03-04T22:07:43","guid":{"rendered":"https:\/\/noticiasmercedinas.com\/site\/2019\/03\/04\/festival-de-rock-en-altamira-a-beneficio\/"},"modified":"2019-03-04T19:07:43","modified_gmt":"2019-03-04T22:07:43","slug":"festival-de-rock-en-altamira-a-beneficio","status":"publish","type":"post","link":"https:\/\/noticiasmercedinas.com\/site\/2019\/03\/04\/festival-de-rock-en-altamira-a-beneficio\/","title":{"rendered":"Festival de rock en Altamira, a beneficio"},"content":{"rendered":"<p><img loading=\"lazy\" decoding=\"async\" class=\"alignnone wp-image-13326 size-full\" src=\"https:\/\/noticiasmercedinas.com\/site\/wp-content\/uploads\/2019\/03\/AltaMiraRock.jpg\" width=\"474\" height=\"669\" srcset=\"https:\/\/noticiasmercedinas.com\/site\/wp-content\/uploads\/2019\/03\/AltaMiraRock.jpg 474w, https:\/\/noticiasmercedinas.com\/site\/wp-content\/uploads\/2019\/03\/AltaMiraRock-213x300.jpg 213w\" sizes=\"auto, (max-width: 474px) 100vw, 474px\" \/><\/p>\n<p>El viernes 15 y s\u00e1bado 16 de marzo en el predio de la estaci\u00f3n del Ferrocarril Belgrano (626 y 621) de la localidad de Altamira se realizar\u00e1 el Altamira Rural Rock Volumen 2. El Municipio de Mercedes acompa\u00f1a e impulsa este evento cultural que permitir\u00e1 la finalizaci\u00f3n del SUM para todos los vecinos de la zona.   <\/p>\n<p>M\u00fasicos de la ciudad junto al secretario de gobierno municipal, Juan Pablo L\u00f3pez Baggio, brindaron una conferencia de prensa, donde anunciaron el pr\u00f3ximo festival musical. <\/p>\n<p>El Secretario de Gobierno expres\u00f3 que \u201ces un orgullo poder estar acompa\u00f1ando este evento desde el Municipio de Mercedes y a la localidad de Altamira que tan pujantemente viene haciendo un trabajo muy importante\u201d y a\u00f1adi\u00f3 que \u201cde esta manera apoyamos a la cultura, entendiendo que esto no es un gasto sino una inversi\u00f3n en el esparcimiento y recreaci\u00f3n de nuestra gente\u201d.<\/p>\n<p>\u201cLa comunidad de manera mancomunada con el municipio vienen trabajando en la recuperaci\u00f3n de la vieja estaci\u00f3n Belgrano, espacio que es hoy un punto de encuentro para los vecinos\u201d, asegur\u00f3 L\u00f3pez Baggio y apunt\u00f3 que \u201ceste evento se suma a la ya completa agenda cultural que existe en nuestra ciudad, que nos permite disfrutar todos los fines de semana de un nuevo acontecimiento\u201d.<\/p>\n<p>El presidente de la sociedad de fomento de Altamira, Dami\u00e1n Lacoste, qui\u00e9n es parte adem\u00e1s de la organizaci\u00f3n dijo: \u201cEstamos muy felices de poder llevar adelante este nuevo evento\u201d y agreg\u00f3 que \u201cde esta manera seguimos trabajando y mejorando nuestro pueblo\u201d.<\/p>\n<p>Conjuntamente, Lacoste destac\u00f3: \u201cEs una gran emoci\u00f3n poder seguir disfrutando de este predio recuperado con todos los vecinos de Mercedes y las localidades vecinas\u201d y se\u00f1al\u00f3 que \u201cest\u00e1n todos invitados a disfrutar de grandes espect\u00e1culos de rock que adem\u00e1s servir\u00e1n para ayudar a nuestro pueblo y a una entidad de bien p\u00fablico\u201d.<\/p>\n<p>El evento se iba a desarrollar s\u00f3lo el 16 de marzo, pero en una decisi\u00f3n conjunta el mismo se desdoblar\u00e1, sum\u00e1ndose el d\u00eda 15. En esa primera jornada el costo de la entrada ser\u00e1 un alimento no perecedero o \u00fatiles escolares que ser\u00e1n donados al comedor Sagrado Coraz\u00f3n.<\/p>\n<p>El viernes el predio estar\u00e1 abierto desde las 19:00 horas mientras que el d\u00eda s\u00e1bado ser\u00e1 a partir de las 14:00 horas. Adem\u00e1s, parte de lo recaudado servir\u00e1 para la construcci\u00f3n de un SUM. El costo de la entrada ser\u00e1 de 250 pesos que incluir\u00e1 un s\u00e1ndwich de vaquillona al asador.<\/p>\n<p>M\u00fasicos de nuestra ciudad y reconocidas bandas del \u00e1mbito del rock se har\u00e1n presente durante estos dos d\u00edas.<\/p>\n","protected":false},"excerpt":{"rendered":"<p>El viernes 15 y s\u00e1bado 16 de marzo en el predio de la estaci\u00f3n del Ferrocarril Belgrano (626 y 621) de la localidad de Altamira se realizar\u00e1 el Altamira Rural Rock Volumen 2. El Municipio de Mercedes acompa\u00f1a e impulsa este evento cultural que permitir\u00e1 la finalizaci\u00f3n del SUM para todos los vecinos de la [&hellip;]<\/p>\n","protected":false},"author":2,"featured_media":13326,"comment_status":"open","ping_status":"open","sticky":false,"template":"","format":"standard","meta":{"footnotes":""},"categories":[4],"tags":[2553,88,207,81],"class_list":["post-13327","post","type-post","status-publish","format-standard","has-post-thumbnail","hentry","category-cultura","tag-altamira","tag-musica","tag-rock","tag-solidaridad"],"yoast_head":"<!-- This site is optimized with the Yoast SEO plugin v27.5 - https:\/\/yoast.com\/product\/yoast-seo-wordpress\/ -->\n<title>Festival de rock en Altamira, a beneficio<\/title>\n<meta name=\"robots\" content=\"index, follow, max-snippet:-1, max-image-preview:large, max-video-preview:-1\" \/>\n<link rel=\"canonical\" href=\"https:\/\/noticiasmercedinas.com\/site\/2019\/03\/04\/festival-de-rock-en-altamira-a-beneficio\/\" \/>\n<meta property=\"og:locale\" content=\"es_ES\" \/>\n<meta property=\"og:type\" content=\"article\" \/>\n<meta property=\"og:title\" content=\"Festival de rock en Altamira, a beneficio\" \/>\n<meta property=\"og:description\" content=\"El viernes 15 y s\u00e1bado 16 de marzo en el predio de la estaci\u00f3n del Ferrocarril Belgrano (626 y 621) de la localidad de Altamira se realizar\u00e1 el Altamira Rural Rock Volumen 2. El Municipio de Mercedes acompa\u00f1a e impulsa este evento cultural que permitir\u00e1 la finalizaci\u00f3n del SUM para todos los vecinos de la [&hellip;]\" \/>\n<meta property=\"og:url\" content=\"https:\/\/noticiasmercedinas.com\/site\/2019\/03\/04\/festival-de-rock-en-altamira-a-beneficio\/\" \/>\n<meta property=\"og:site_name\" content=\"NOTICIASMERCEDINAS.COM\" \/>\n<meta property=\"article:publisher\" content=\"https:\/\/www.facebook.com\/noticiasmercedinas\/\" \/>\n<meta property=\"article:author\" content=\"https:\/\/www.facebook.com\/cristian.falabella\" \/>\n<meta property=\"article:published_time\" content=\"2019-03-04T22:07:43+00:00\" \/>\n<meta property=\"og:image\" content=\"https:\/\/noticiasmercedinas.com\/site\/wp-content\/uploads\/2019\/03\/AltaMiraRock.jpg\" \/>\n\t<meta property=\"og:image:width\" content=\"474\" \/>\n\t<meta property=\"og:image:height\" content=\"669\" \/>\n\t<meta property=\"og:image:type\" content=\"image\/jpeg\" \/>\n<meta name=\"author\" content=\"Cristian Falabella NOTICIASMERCEDINAS.COM\" \/>\n<meta name=\"twitter:card\" content=\"summary_large_image\" \/>\n<meta name=\"twitter:creator\" content=\"@https:\/\/twitter.com\/NOTMERCEDINAS\" \/>\n<meta name=\"twitter:site\" content=\"@notmercedinas\" \/>\n<meta name=\"twitter:label1\" content=\"Escrito por\" \/>\n\t<meta name=\"twitter:data1\" content=\"Cristian Falabella NOTICIASMERCEDINAS.COM\" \/>\n\t<meta name=\"twitter:label2\" content=\"Tiempo de lectura\" \/>\n\t<meta name=\"twitter:data2\" content=\"2 minutos\" \/>\n<script type=\"application\/ld+json\" class=\"yoast-schema-graph\">{\"@context\":\"https:\\\/\\\/schema.org\",\"@graph\":[{\"@type\":\"Article\",\"@id\":\"https:\\\/\\\/noticiasmercedinas.com\\\/site\\\/2019\\\/03\\\/04\\\/festival-de-rock-en-altamira-a-beneficio\\\/#article\",\"isPartOf\":{\"@id\":\"https:\\\/\\\/noticiasmercedinas.com\\\/site\\\/2019\\\/03\\\/04\\\/festival-de-rock-en-altamira-a-beneficio\\\/\"},\"author\":{\"name\":\"Cristian Falabella NOTICIASMERCEDINAS.COM\",\"@id\":\"https:\\\/\\\/noticiasmercedinas.com\\\/site\\\/#\\\/schema\\\/person\\\/d481a9696a5feaec13a60e2bbd991a6a\"},\"headline\":\"Festival de rock en Altamira, a beneficio\",\"datePublished\":\"2019-03-04T22:07:43+00:00\",\"mainEntityOfPage\":{\"@id\":\"https:\\\/\\\/noticiasmercedinas.com\\\/site\\\/2019\\\/03\\\/04\\\/festival-de-rock-en-altamira-a-beneficio\\\/\"},\"wordCount\":452,\"commentCount\":0,\"publisher\":{\"@id\":\"https:\\\/\\\/noticiasmercedinas.com\\\/site\\\/#organization\"},\"image\":{\"@id\":\"https:\\\/\\\/noticiasmercedinas.com\\\/site\\\/2019\\\/03\\\/04\\\/festival-de-rock-en-altamira-a-beneficio\\\/#primaryimage\"},\"thumbnailUrl\":\"https:\\\/\\\/noticiasmercedinas.com\\\/site\\\/wp-content\\\/uploads\\\/2019\\\/03\\\/AltaMiraRock.jpg\",\"keywords\":[\"altamira\",\"musica\",\"rock\",\"solidaridad\"],\"articleSection\":[\"Cultura\"],\"inLanguage\":\"es\",\"potentialAction\":[{\"@type\":\"CommentAction\",\"name\":\"Comment\",\"target\":[\"https:\\\/\\\/noticiasmercedinas.com\\\/site\\\/2019\\\/03\\\/04\\\/festival-de-rock-en-altamira-a-beneficio\\\/#respond\"]}]},{\"@type\":\"WebPage\",\"@id\":\"https:\\\/\\\/noticiasmercedinas.com\\\/site\\\/2019\\\/03\\\/04\\\/festival-de-rock-en-altamira-a-beneficio\\\/\",\"url\":\"https:\\\/\\\/noticiasmercedinas.com\\\/site\\\/2019\\\/03\\\/04\\\/festival-de-rock-en-altamira-a-beneficio\\\/\",\"name\":\"Festival de rock en Altamira, a beneficio\",\"isPartOf\":{\"@id\":\"https:\\\/\\\/noticiasmercedinas.com\\\/site\\\/#website\"},\"primaryImageOfPage\":{\"@id\":\"https:\\\/\\\/noticiasmercedinas.com\\\/site\\\/2019\\\/03\\\/04\\\/festival-de-rock-en-altamira-a-beneficio\\\/#primaryimage\"},\"image\":{\"@id\":\"https:\\\/\\\/noticiasmercedinas.com\\\/site\\\/2019\\\/03\\\/04\\\/festival-de-rock-en-altamira-a-beneficio\\\/#primaryimage\"},\"thumbnailUrl\":\"https:\\\/\\\/noticiasmercedinas.com\\\/site\\\/wp-content\\\/uploads\\\/2019\\\/03\\\/AltaMiraRock.jpg\",\"datePublished\":\"2019-03-04T22:07:43+00:00\",\"breadcrumb\":{\"@id\":\"https:\\\/\\\/noticiasmercedinas.com\\\/site\\\/2019\\\/03\\\/04\\\/festival-de-rock-en-altamira-a-beneficio\\\/#breadcrumb\"},\"inLanguage\":\"es\",\"potentialAction\":[{\"@type\":\"ReadAction\",\"target\":[\"https:\\\/\\\/noticiasmercedinas.com\\\/site\\\/2019\\\/03\\\/04\\\/festival-de-rock-en-altamira-a-beneficio\\\/\"]}]},{\"@type\":\"ImageObject\",\"inLanguage\":\"es\",\"@id\":\"https:\\\/\\\/noticiasmercedinas.com\\\/site\\\/2019\\\/03\\\/04\\\/festival-de-rock-en-altamira-a-beneficio\\\/#primaryimage\",\"url\":\"https:\\\/\\\/noticiasmercedinas.com\\\/site\\\/wp-content\\\/uploads\\\/2019\\\/03\\\/AltaMiraRock.jpg\",\"contentUrl\":\"https:\\\/\\\/noticiasmercedinas.com\\\/site\\\/wp-content\\\/uploads\\\/2019\\\/03\\\/AltaMiraRock.jpg\",\"width\":474,\"height\":669},{\"@type\":\"BreadcrumbList\",\"@id\":\"https:\\\/\\\/noticiasmercedinas.com\\\/site\\\/2019\\\/03\\\/04\\\/festival-de-rock-en-altamira-a-beneficio\\\/#breadcrumb\",\"itemListElement\":[{\"@type\":\"ListItem\",\"position\":1,\"name\":\"Portada\",\"item\":\"https:\\\/\\\/noticiasmercedinas.com\\\/site\\\/\"},{\"@type\":\"ListItem\",\"position\":2,\"name\":\"Festival de rock en Altamira, a beneficio\"}]},{\"@type\":\"WebSite\",\"@id\":\"https:\\\/\\\/noticiasmercedinas.com\\\/site\\\/#website\",\"url\":\"https:\\\/\\\/noticiasmercedinas.com\\\/site\\\/\",\"name\":\"NOTICIASMERCEDINAS.COM\",\"description\":\"Mercedes, Buenos Aires, Argentina\",\"publisher\":{\"@id\":\"https:\\\/\\\/noticiasmercedinas.com\\\/site\\\/#organization\"},\"potentialAction\":[{\"@type\":\"SearchAction\",\"target\":{\"@type\":\"EntryPoint\",\"urlTemplate\":\"https:\\\/\\\/noticiasmercedinas.com\\\/site\\\/?s={search_term_string}\"},\"query-input\":{\"@type\":\"PropertyValueSpecification\",\"valueRequired\":true,\"valueName\":\"search_term_string\"}}],\"inLanguage\":\"es\"},{\"@type\":\"Organization\",\"@id\":\"https:\\\/\\\/noticiasmercedinas.com\\\/site\\\/#organization\",\"name\":\"NOTICIASMERCEDINAS.COM\",\"url\":\"https:\\\/\\\/noticiasmercedinas.com\\\/site\\\/\",\"logo\":{\"@type\":\"ImageObject\",\"inLanguage\":\"es\",\"@id\":\"https:\\\/\\\/noticiasmercedinas.com\\\/site\\\/#\\\/schema\\\/logo\\\/image\\\/\",\"url\":\"https:\\\/\\\/noticiasmercedinas.com\\\/site\\\/wp-content\\\/uploads\\\/2020\\\/06\\\/LOGO-512.jpg\",\"contentUrl\":\"https:\\\/\\\/noticiasmercedinas.com\\\/site\\\/wp-content\\\/uploads\\\/2020\\\/06\\\/LOGO-512.jpg\",\"width\":512,\"height\":512,\"caption\":\"NOTICIASMERCEDINAS.COM\"},\"image\":{\"@id\":\"https:\\\/\\\/noticiasmercedinas.com\\\/site\\\/#\\\/schema\\\/logo\\\/image\\\/\"},\"sameAs\":[\"https:\\\/\\\/www.facebook.com\\\/noticiasmercedinas\\\/\",\"https:\\\/\\\/x.com\\\/notmercedinas\",\"https:\\\/\\\/www.instagram.com\\\/noticiasmercedinas\\\/\"]},{\"@type\":\"Person\",\"@id\":\"https:\\\/\\\/noticiasmercedinas.com\\\/site\\\/#\\\/schema\\\/person\\\/d481a9696a5feaec13a60e2bbd991a6a\",\"name\":\"Cristian Falabella NOTICIASMERCEDINAS.COM\",\"image\":{\"@type\":\"ImageObject\",\"inLanguage\":\"es\",\"@id\":\"https:\\\/\\\/secure.gravatar.com\\\/avatar\\\/0dbbfc45970cc46bcd0e57766228574ff3511d6eed045b182f536f0f478c1f06?s=96&d=mm&r=g\",\"url\":\"https:\\\/\\\/secure.gravatar.com\\\/avatar\\\/0dbbfc45970cc46bcd0e57766228574ff3511d6eed045b182f536f0f478c1f06?s=96&d=mm&r=g\",\"contentUrl\":\"https:\\\/\\\/secure.gravatar.com\\\/avatar\\\/0dbbfc45970cc46bcd0e57766228574ff3511d6eed045b182f536f0f478c1f06?s=96&d=mm&r=g\",\"caption\":\"Cristian Falabella NOTICIASMERCEDINAS.COM\"},\"description\":\"Periodista, editor de Noticias Mercedinas. Pas\u00f3 por varias redacciones y emprendimientos de prensa, en distintos formatos y \u00e9pocas. Se especializ\u00f3 --y sigue haci\u00e9ndolo-- en comunicaci\u00f3n en la web y en junio de 2006 fund\u00f3 este diario digital.\",\"sameAs\":[\"https:\\\/\\\/noticiasmercedinas.com\",\"https:\\\/\\\/www.facebook.com\\\/cristian.falabella\",\"https:\\\/\\\/www.instagram.com\\\/noticiasmercedinas\\\/\",\"https:\\\/\\\/x.com\\\/https:\\\/\\\/twitter.com\\\/NOTMERCEDINAS\"],\"url\":\"https:\\\/\\\/noticiasmercedinas.com\\\/site\\\/author\\\/as000384\\\/\"}]}<\/script>\n<!-- \/ Yoast SEO plugin. -->","yoast_head_json":{"title":"Festival de rock en Altamira, a beneficio","robots":{"index":"index","follow":"follow","max-snippet":"max-snippet:-1","max-image-preview":"max-image-preview:large","max-video-preview":"max-video-preview:-1"},"canonical":"https:\/\/noticiasmercedinas.com\/site\/2019\/03\/04\/festival-de-rock-en-altamira-a-beneficio\/","og_locale":"es_ES","og_type":"article","og_title":"Festival de rock en Altamira, a beneficio","og_description":"El viernes 15 y s\u00e1bado 16 de marzo en el predio de la estaci\u00f3n del Ferrocarril Belgrano (626 y 621) de la localidad de Altamira se realizar\u00e1 el Altamira Rural Rock Volumen 2. El Municipio de Mercedes acompa\u00f1a e impulsa este evento cultural que permitir\u00e1 la finalizaci\u00f3n del SUM para todos los vecinos de la [&hellip;]","og_url":"https:\/\/noticiasmercedinas.com\/site\/2019\/03\/04\/festival-de-rock-en-altamira-a-beneficio\/","og_site_name":"NOTICIASMERCEDINAS.COM","article_publisher":"https:\/\/www.facebook.com\/noticiasmercedinas\/","article_author":"https:\/\/www.facebook.com\/cristian.falabella","article_published_time":"2019-03-04T22:07:43+00:00","og_image":[{"width":474,"height":669,"url":"https:\/\/noticiasmercedinas.com\/site\/wp-content\/uploads\/2019\/03\/AltaMiraRock.jpg","type":"image\/jpeg"}],"author":"Cristian Falabella NOTICIASMERCEDINAS.COM","twitter_card":"summary_large_image","twitter_creator":"@https:\/\/twitter.com\/NOTMERCEDINAS","twitter_site":"@notmercedinas","twitter_misc":{"Escrito por":"Cristian Falabella NOTICIASMERCEDINAS.COM","Tiempo de lectura":"2 minutos"},"schema":{"@context":"https:\/\/schema.org","@graph":[{"@type":"Article","@id":"https:\/\/noticiasmercedinas.com\/site\/2019\/03\/04\/festival-de-rock-en-altamira-a-beneficio\/#article","isPartOf":{"@id":"https:\/\/noticiasmercedinas.com\/site\/2019\/03\/04\/festival-de-rock-en-altamira-a-beneficio\/"},"author":{"name":"Cristian Falabella NOTICIASMERCEDINAS.COM","@id":"https:\/\/noticiasmercedinas.com\/site\/#\/schema\/person\/d481a9696a5feaec13a60e2bbd991a6a"},"headline":"Festival de rock en Altamira, a beneficio","datePublished":"2019-03-04T22:07:43+00:00","mainEntityOfPage":{"@id":"https:\/\/noticiasmercedinas.com\/site\/2019\/03\/04\/festival-de-rock-en-altamira-a-beneficio\/"},"wordCount":452,"commentCount":0,"publisher":{"@id":"https:\/\/noticiasmercedinas.com\/site\/#organization"},"image":{"@id":"https:\/\/noticiasmercedinas.com\/site\/2019\/03\/04\/festival-de-rock-en-altamira-a-beneficio\/#primaryimage"},"thumbnailUrl":"https:\/\/noticiasmercedinas.com\/site\/wp-content\/uploads\/2019\/03\/AltaMiraRock.jpg","keywords":["altamira","musica","rock","solidaridad"],"articleSection":["Cultura"],"inLanguage":"es","potentialAction":[{"@type":"CommentAction","name":"Comment","target":["https:\/\/noticiasmercedinas.com\/site\/2019\/03\/04\/festival-de-rock-en-altamira-a-beneficio\/#respond"]}]},{"@type":"WebPage","@id":"https:\/\/noticiasmercedinas.com\/site\/2019\/03\/04\/festival-de-rock-en-altamira-a-beneficio\/","url":"https:\/\/noticiasmercedinas.com\/site\/2019\/03\/04\/festival-de-rock-en-altamira-a-beneficio\/","name":"Festival de rock en Altamira, a beneficio","isPartOf":{"@id":"https:\/\/noticiasmercedinas.com\/site\/#website"},"primaryImageOfPage":{"@id":"https:\/\/noticiasmercedinas.com\/site\/2019\/03\/04\/festival-de-rock-en-altamira-a-beneficio\/#primaryimage"},"image":{"@id":"https:\/\/noticiasmercedinas.com\/site\/2019\/03\/04\/festival-de-rock-en-altamira-a-beneficio\/#primaryimage"},"thumbnailUrl":"https:\/\/noticiasmercedinas.com\/site\/wp-content\/uploads\/2019\/03\/AltaMiraRock.jpg","datePublished":"2019-03-04T22:07:43+00:00","breadcrumb":{"@id":"https:\/\/noticiasmercedinas.com\/site\/2019\/03\/04\/festival-de-rock-en-altamira-a-beneficio\/#breadcrumb"},"inLanguage":"es","potentialAction":[{"@type":"ReadAction","target":["https:\/\/noticiasmercedinas.com\/site\/2019\/03\/04\/festival-de-rock-en-altamira-a-beneficio\/"]}]},{"@type":"ImageObject","inLanguage":"es","@id":"https:\/\/noticiasmercedinas.com\/site\/2019\/03\/04\/festival-de-rock-en-altamira-a-beneficio\/#primaryimage","url":"https:\/\/noticiasmercedinas.com\/site\/wp-content\/uploads\/2019\/03\/AltaMiraRock.jpg","contentUrl":"https:\/\/noticiasmercedinas.com\/site\/wp-content\/uploads\/2019\/03\/AltaMiraRock.jpg","width":474,"height":669},{"@type":"BreadcrumbList","@id":"https:\/\/noticiasmercedinas.com\/site\/2019\/03\/04\/festival-de-rock-en-altamira-a-beneficio\/#breadcrumb","itemListElement":[{"@type":"ListItem","position":1,"name":"Portada","item":"https:\/\/noticiasmercedinas.com\/site\/"},{"@type":"ListItem","position":2,"name":"Festival de rock en Altamira, a beneficio"}]},{"@type":"WebSite","@id":"https:\/\/noticiasmercedinas.com\/site\/#website","url":"https:\/\/noticiasmercedinas.com\/site\/","name":"NOTICIASMERCEDINAS.COM","description":"Mercedes, Buenos Aires, Argentina","publisher":{"@id":"https:\/\/noticiasmercedinas.com\/site\/#organization"},"potentialAction":[{"@type":"SearchAction","target":{"@type":"EntryPoint","urlTemplate":"https:\/\/noticiasmercedinas.com\/site\/?s={search_term_string}"},"query-input":{"@type":"PropertyValueSpecification","valueRequired":true,"valueName":"search_term_string"}}],"inLanguage":"es"},{"@type":"Organization","@id":"https:\/\/noticiasmercedinas.com\/site\/#organization","name":"NOTICIASMERCEDINAS.COM","url":"https:\/\/noticiasmercedinas.com\/site\/","logo":{"@type":"ImageObject","inLanguage":"es","@id":"https:\/\/noticiasmercedinas.com\/site\/#\/schema\/logo\/image\/","url":"https:\/\/noticiasmercedinas.com\/site\/wp-content\/uploads\/2020\/06\/LOGO-512.jpg","contentUrl":"https:\/\/noticiasmercedinas.com\/site\/wp-content\/uploads\/2020\/06\/LOGO-512.jpg","width":512,"height":512,"caption":"NOTICIASMERCEDINAS.COM"},"image":{"@id":"https:\/\/noticiasmercedinas.com\/site\/#\/schema\/logo\/image\/"},"sameAs":["https:\/\/www.facebook.com\/noticiasmercedinas\/","https:\/\/x.com\/notmercedinas","https:\/\/www.instagram.com\/noticiasmercedinas\/"]},{"@type":"Person","@id":"https:\/\/noticiasmercedinas.com\/site\/#\/schema\/person\/d481a9696a5feaec13a60e2bbd991a6a","name":"Cristian Falabella NOTICIASMERCEDINAS.COM","image":{"@type":"ImageObject","inLanguage":"es","@id":"https:\/\/secure.gravatar.com\/avatar\/0dbbfc45970cc46bcd0e57766228574ff3511d6eed045b182f536f0f478c1f06?s=96&d=mm&r=g","url":"https:\/\/secure.gravatar.com\/avatar\/0dbbfc45970cc46bcd0e57766228574ff3511d6eed045b182f536f0f478c1f06?s=96&d=mm&r=g","contentUrl":"https:\/\/secure.gravatar.com\/avatar\/0dbbfc45970cc46bcd0e57766228574ff3511d6eed045b182f536f0f478c1f06?s=96&d=mm&r=g","caption":"Cristian Falabella NOTICIASMERCEDINAS.COM"},"description":"Periodista, editor de Noticias Mercedinas. Pas\u00f3 por varias redacciones y emprendimientos de prensa, en distintos formatos y \u00e9pocas. Se especializ\u00f3 --y sigue haci\u00e9ndolo-- en comunicaci\u00f3n en la web y en junio de 2006 fund\u00f3 este diario digital.","sameAs":["https:\/\/noticiasmercedinas.com","https:\/\/www.facebook.com\/cristian.falabella","https:\/\/www.instagram.com\/noticiasmercedinas\/","https:\/\/x.com\/https:\/\/twitter.com\/NOTMERCEDINAS"],"url":"https:\/\/noticiasmercedinas.com\/site\/author\/as000384\/"}]}},"amp_enabled":true,"_links":{"self":[{"href":"https:\/\/noticiasmercedinas.com\/site\/wp-json\/wp\/v2\/posts\/13327","targetHints":{"allow":["GET"]}}],"collection":[{"href":"https:\/\/noticiasmercedinas.com\/site\/wp-json\/wp\/v2\/posts"}],"about":[{"href":"https:\/\/noticiasmercedinas.com\/site\/wp-json\/wp\/v2\/types\/post"}],"author":[{"embeddable":true,"href":"https:\/\/noticiasmercedinas.com\/site\/wp-json\/wp\/v2\/users\/2"}],"replies":[{"embeddable":true,"href":"https:\/\/noticiasmercedinas.com\/site\/wp-json\/wp\/v2\/comments?post=13327"}],"version-history":[{"count":0,"href":"https:\/\/noticiasmercedinas.com\/site\/wp-json\/wp\/v2\/posts\/13327\/revisions"}],"wp:featuredmedia":[{"embeddable":true,"href":"https:\/\/noticiasmercedinas.com\/site\/wp-json\/wp\/v2\/media\/13326"}],"wp:attachment":[{"href":"https:\/\/noticiasmercedinas.com\/site\/wp-json\/wp\/v2\/media?parent=13327"}],"wp:term":[{"taxonomy":"category","embeddable":true,"href":"https:\/\/noticiasmercedinas.com\/site\/wp-json\/wp\/v2\/categories?post=13327"},{"taxonomy":"post_tag","embeddable":true,"href":"https:\/\/noticiasmercedinas.com\/site\/wp-json\/wp\/v2\/tags?post=13327"}],"curies":[{"name":"wp","href":"https:\/\/api.w.org\/{rel}","templated":true}]}}