{"id":133271,"date":"2024-03-28T09:42:41","date_gmt":"2024-03-28T12:42:41","guid":{"rendered":"https:\/\/noticiasmercedinas.com\/site\/?p=133271"},"modified":"2024-03-28T09:42:41","modified_gmt":"2024-03-28T12:42:41","slug":"se-acerca-la-segunda-edicion-del-festival-anual-todos-por-bomberos-en-mercedes","status":"publish","type":"post","link":"https:\/\/noticiasmercedinas.com\/site\/2024\/03\/28\/se-acerca-la-segunda-edicion-del-festival-anual-todos-por-bomberos-en-mercedes\/","title":{"rendered":"Se acerca la segunda edici\u00f3n del festival anual \u00abTodos por Bomberos\u00bb en Mercedes"},"content":{"rendered":"<p><img loading=\"lazy\" decoding=\"async\" class=\"alignnone size-full wp-image-133272\" src=\"https:\/\/noticiasmercedinas.com\/site\/wp-content\/uploads\/2024\/03\/BOMBEROS45.jpg\" alt=\"\" width=\"640\" height=\"493\" srcset=\"https:\/\/noticiasmercedinas.com\/site\/wp-content\/uploads\/2024\/03\/BOMBEROS45.jpg 640w, https:\/\/noticiasmercedinas.com\/site\/wp-content\/uploads\/2024\/03\/BOMBEROS45-300x231.jpg 300w\" sizes=\"auto, (max-width: 640px) 100vw, 640px\" \/><\/p>\n<p>Se viene la segunda edici\u00f3n del Festival Anual \u00abTodos por Bomberos\u00bb. Este evento, que ser\u00e1 un encuentro para toda la familia lleno de actividades y diversi\u00f3n, se llevar\u00e1 a cabo en el Predio de la Sociedad Rural de Mercedes, ubicado en el Km 100 de la Ruta 5.<\/p>\n<p>La fecha para marcar en el calendario es el 12 de mayo, con inicio a partir de las 9:00 horas. El objetivo principal del festival es recaudar fondos para el carrozado del nuevo cami\u00f3n de bomberos. El a\u00f1o pasado, gracias a la colaboraci\u00f3n de la comunidad, se logr\u00f3 la adquisici\u00f3n del veh\u00edculo, y este a\u00f1o la meta es llevar a cabo su carrozado.<\/p>\n<blockquote><p>El objetivo principal del festival es recaudar fondos para el carrozado del nuevo cami\u00f3n de bomberos.<\/p><\/blockquote>\n<p>Para facilitar la participaci\u00f3n, se anunci\u00f3 que muy pronto estar\u00e1n a la venta las tarjetas para asistir al almuerzo que se celebrar\u00e1 durante el festival. Este almuerzo incluir\u00e1 parrilla y una bebida no alcoh\u00f3lica por persona, siendo los asistentes responsables de traer su propia vajilla. Los detalles sobre el costo de las tarjetas y otros pormenores ser\u00e1n anunciados en breve.<\/p>\n<p>Para obtener m\u00e1s informaci\u00f3n y adquirir las tarjetas para el almuerzo, los interesados pueden comunicarse a trav\u00e9s del Whatsapp de Bomberos Voluntarios: +54 92324 585242.<\/p>\n<p>Se espera la masiva participaci\u00f3n de la comunidad para apoyar a los bomberos de Mercedes en esta noble causa.<\/p>\n","protected":false},"excerpt":{"rendered":"<p>\u25a0 Se llevar\u00e1 a cabo en el Predio de la Sociedad Rural de Mercedes, ubicado en el Km 100 de la Ruta 5. La fecha para marcar en el calendario es el 12 de mayo<\/p>\n","protected":false},"author":16,"featured_media":133272,"comment_status":"closed","ping_status":"closed","sticky":false,"template":"","format":"standard","meta":{"footnotes":""},"categories":[3],"tags":[80,2841,846,1113,16362],"class_list":["post-133271","post","type-post","status-publish","format-standard","has-post-thumbnail","hentry","category-sociedad","tag-bomberos","tag-bomberos-voluntarios","tag-festival","tag-sociedad-rural","tag-todos-por-bomberos"],"yoast_head":"<!-- This site is optimized with the Yoast SEO plugin v27.5 - https:\/\/yoast.com\/product\/yoast-seo-wordpress\/ -->\n<title>Se acerca la segunda edici\u00f3n del festival anual &quot;Todos por Bomberos&quot; en Mercedes<\/title>\n<meta name=\"robots\" content=\"index, follow, max-snippet:-1, max-image-preview:large, max-video-preview:-1\" \/>\n<link rel=\"canonical\" href=\"https:\/\/noticiasmercedinas.com\/site\/2024\/03\/28\/se-acerca-la-segunda-edicion-del-festival-anual-todos-por-bomberos-en-mercedes\/\" \/>\n<meta property=\"og:locale\" content=\"es_ES\" \/>\n<meta property=\"og:type\" content=\"article\" \/>\n<meta property=\"og:title\" content=\"Se acerca la segunda edici\u00f3n del festival anual &quot;Todos por Bomberos&quot; en Mercedes\" \/>\n<meta property=\"og:description\" content=\"\u25a0 Se llevar\u00e1 a cabo en el Predio de la Sociedad Rural de Mercedes, ubicado en el Km 100 de la Ruta 5. La fecha para marcar en el calendario es el 12 de mayo\" \/>\n<meta property=\"og:url\" content=\"https:\/\/noticiasmercedinas.com\/site\/2024\/03\/28\/se-acerca-la-segunda-edicion-del-festival-anual-todos-por-bomberos-en-mercedes\/\" \/>\n<meta property=\"og:site_name\" content=\"NOTICIASMERCEDINAS.COM\" \/>\n<meta property=\"article:publisher\" content=\"https:\/\/www.facebook.com\/noticiasmercedinas\/\" \/>\n<meta property=\"article:published_time\" content=\"2024-03-28T12:42:41+00:00\" \/>\n<meta property=\"og:image\" content=\"https:\/\/noticiasmercedinas.com\/site\/wp-content\/uploads\/2024\/03\/BOMBEROS45.jpg\" \/>\n\t<meta property=\"og:image:width\" content=\"640\" \/>\n\t<meta property=\"og:image:height\" content=\"493\" \/>\n\t<meta property=\"og:image:type\" content=\"image\/jpeg\" \/>\n<meta name=\"author\" content=\"NOTICIASMERCEDINAS.COM\" \/>\n<meta name=\"twitter:card\" content=\"summary_large_image\" \/>\n<meta name=\"twitter:creator\" content=\"@notmercedinas\" \/>\n<meta name=\"twitter:site\" content=\"@notmercedinas\" \/>\n<meta name=\"twitter:label1\" content=\"Escrito por\" \/>\n\t<meta name=\"twitter:data1\" content=\"NOTICIASMERCEDINAS.COM\" \/>\n\t<meta name=\"twitter:label2\" content=\"Tiempo de lectura\" \/>\n\t<meta name=\"twitter:data2\" content=\"2 minutos\" \/>\n<script type=\"application\/ld+json\" class=\"yoast-schema-graph\">{\"@context\":\"https:\\\/\\\/schema.org\",\"@graph\":[{\"@type\":\"Article\",\"@id\":\"https:\\\/\\\/noticiasmercedinas.com\\\/site\\\/2024\\\/03\\\/28\\\/se-acerca-la-segunda-edicion-del-festival-anual-todos-por-bomberos-en-mercedes\\\/#article\",\"isPartOf\":{\"@id\":\"https:\\\/\\\/noticiasmercedinas.com\\\/site\\\/2024\\\/03\\\/28\\\/se-acerca-la-segunda-edicion-del-festival-anual-todos-por-bomberos-en-mercedes\\\/\"},\"author\":{\"name\":\"NOTICIASMERCEDINAS.COM\",\"@id\":\"https:\\\/\\\/noticiasmercedinas.com\\\/site\\\/#\\\/schema\\\/person\\\/84b59c099c28ff2e8b77d4ceec5d8063\"},\"headline\":\"Se acerca la segunda edici\u00f3n del festival anual \u00abTodos por Bomberos\u00bb en Mercedes\",\"datePublished\":\"2024-03-28T12:42:41+00:00\",\"mainEntityOfPage\":{\"@id\":\"https:\\\/\\\/noticiasmercedinas.com\\\/site\\\/2024\\\/03\\\/28\\\/se-acerca-la-segunda-edicion-del-festival-anual-todos-por-bomberos-en-mercedes\\\/\"},\"wordCount\":255,\"publisher\":{\"@id\":\"https:\\\/\\\/noticiasmercedinas.com\\\/site\\\/#organization\"},\"image\":{\"@id\":\"https:\\\/\\\/noticiasmercedinas.com\\\/site\\\/2024\\\/03\\\/28\\\/se-acerca-la-segunda-edicion-del-festival-anual-todos-por-bomberos-en-mercedes\\\/#primaryimage\"},\"thumbnailUrl\":\"https:\\\/\\\/noticiasmercedinas.com\\\/site\\\/wp-content\\\/uploads\\\/2024\\\/03\\\/BOMBEROS45.jpg\",\"keywords\":[\"bomberos\",\"bomberos voluntarios\",\"festival\",\"sociedad rural\",\"todos por bomberos\"],\"articleSection\":[\"Sociedad\"],\"inLanguage\":\"es\"},{\"@type\":\"WebPage\",\"@id\":\"https:\\\/\\\/noticiasmercedinas.com\\\/site\\\/2024\\\/03\\\/28\\\/se-acerca-la-segunda-edicion-del-festival-anual-todos-por-bomberos-en-mercedes\\\/\",\"url\":\"https:\\\/\\\/noticiasmercedinas.com\\\/site\\\/2024\\\/03\\\/28\\\/se-acerca-la-segunda-edicion-del-festival-anual-todos-por-bomberos-en-mercedes\\\/\",\"name\":\"Se acerca la segunda edici\u00f3n del festival anual \\\"Todos por Bomberos\\\" en Mercedes\",\"isPartOf\":{\"@id\":\"https:\\\/\\\/noticiasmercedinas.com\\\/site\\\/#website\"},\"primaryImageOfPage\":{\"@id\":\"https:\\\/\\\/noticiasmercedinas.com\\\/site\\\/2024\\\/03\\\/28\\\/se-acerca-la-segunda-edicion-del-festival-anual-todos-por-bomberos-en-mercedes\\\/#primaryimage\"},\"image\":{\"@id\":\"https:\\\/\\\/noticiasmercedinas.com\\\/site\\\/2024\\\/03\\\/28\\\/se-acerca-la-segunda-edicion-del-festival-anual-todos-por-bomberos-en-mercedes\\\/#primaryimage\"},\"thumbnailUrl\":\"https:\\\/\\\/noticiasmercedinas.com\\\/site\\\/wp-content\\\/uploads\\\/2024\\\/03\\\/BOMBEROS45.jpg\",\"datePublished\":\"2024-03-28T12:42:41+00:00\",\"breadcrumb\":{\"@id\":\"https:\\\/\\\/noticiasmercedinas.com\\\/site\\\/2024\\\/03\\\/28\\\/se-acerca-la-segunda-edicion-del-festival-anual-todos-por-bomberos-en-mercedes\\\/#breadcrumb\"},\"inLanguage\":\"es\",\"potentialAction\":[{\"@type\":\"ReadAction\",\"target\":[\"https:\\\/\\\/noticiasmercedinas.com\\\/site\\\/2024\\\/03\\\/28\\\/se-acerca-la-segunda-edicion-del-festival-anual-todos-por-bomberos-en-mercedes\\\/\"]}]},{\"@type\":\"ImageObject\",\"inLanguage\":\"es\",\"@id\":\"https:\\\/\\\/noticiasmercedinas.com\\\/site\\\/2024\\\/03\\\/28\\\/se-acerca-la-segunda-edicion-del-festival-anual-todos-por-bomberos-en-mercedes\\\/#primaryimage\",\"url\":\"https:\\\/\\\/noticiasmercedinas.com\\\/site\\\/wp-content\\\/uploads\\\/2024\\\/03\\\/BOMBEROS45.jpg\",\"contentUrl\":\"https:\\\/\\\/noticiasmercedinas.com\\\/site\\\/wp-content\\\/uploads\\\/2024\\\/03\\\/BOMBEROS45.jpg\",\"width\":640,\"height\":493},{\"@type\":\"BreadcrumbList\",\"@id\":\"https:\\\/\\\/noticiasmercedinas.com\\\/site\\\/2024\\\/03\\\/28\\\/se-acerca-la-segunda-edicion-del-festival-anual-todos-por-bomberos-en-mercedes\\\/#breadcrumb\",\"itemListElement\":[{\"@type\":\"ListItem\",\"position\":1,\"name\":\"Portada\",\"item\":\"https:\\\/\\\/noticiasmercedinas.com\\\/site\\\/\"},{\"@type\":\"ListItem\",\"position\":2,\"name\":\"Se acerca la segunda edici\u00f3n del festival anual \u00abTodos por Bomberos\u00bb en Mercedes\"}]},{\"@type\":\"WebSite\",\"@id\":\"https:\\\/\\\/noticiasmercedinas.com\\\/site\\\/#website\",\"url\":\"https:\\\/\\\/noticiasmercedinas.com\\\/site\\\/\",\"name\":\"NOTICIASMERCEDINAS.COM\",\"description\":\"Mercedes, Buenos Aires, Argentina\",\"publisher\":{\"@id\":\"https:\\\/\\\/noticiasmercedinas.com\\\/site\\\/#organization\"},\"potentialAction\":[{\"@type\":\"SearchAction\",\"target\":{\"@type\":\"EntryPoint\",\"urlTemplate\":\"https:\\\/\\\/noticiasmercedinas.com\\\/site\\\/?s={search_term_string}\"},\"query-input\":{\"@type\":\"PropertyValueSpecification\",\"valueRequired\":true,\"valueName\":\"search_term_string\"}}],\"inLanguage\":\"es\"},{\"@type\":\"Organization\",\"@id\":\"https:\\\/\\\/noticiasmercedinas.com\\\/site\\\/#organization\",\"name\":\"NOTICIASMERCEDINAS.COM\",\"url\":\"https:\\\/\\\/noticiasmercedinas.com\\\/site\\\/\",\"logo\":{\"@type\":\"ImageObject\",\"inLanguage\":\"es\",\"@id\":\"https:\\\/\\\/noticiasmercedinas.com\\\/site\\\/#\\\/schema\\\/logo\\\/image\\\/\",\"url\":\"https:\\\/\\\/noticiasmercedinas.com\\\/site\\\/wp-content\\\/uploads\\\/2020\\\/06\\\/LOGO-512.jpg\",\"contentUrl\":\"https:\\\/\\\/noticiasmercedinas.com\\\/site\\\/wp-content\\\/uploads\\\/2020\\\/06\\\/LOGO-512.jpg\",\"width\":512,\"height\":512,\"caption\":\"NOTICIASMERCEDINAS.COM\"},\"image\":{\"@id\":\"https:\\\/\\\/noticiasmercedinas.com\\\/site\\\/#\\\/schema\\\/logo\\\/image\\\/\"},\"sameAs\":[\"https:\\\/\\\/www.facebook.com\\\/noticiasmercedinas\\\/\",\"https:\\\/\\\/x.com\\\/notmercedinas\",\"https:\\\/\\\/www.instagram.com\\\/noticiasmercedinas\\\/\"]},{\"@type\":\"Person\",\"@id\":\"https:\\\/\\\/noticiasmercedinas.com\\\/site\\\/#\\\/schema\\\/person\\\/84b59c099c28ff2e8b77d4ceec5d8063\",\"name\":\"NOTICIASMERCEDINAS.COM\",\"image\":{\"@type\":\"ImageObject\",\"inLanguage\":\"es\",\"@id\":\"https:\\\/\\\/secure.gravatar.com\\\/avatar\\\/4dfbf16b4d17945bfb6341b2d19043457132fcf478a5ee04f42e959fd8f5df0a?s=96&d=mm&r=g\",\"url\":\"https:\\\/\\\/secure.gravatar.com\\\/avatar\\\/4dfbf16b4d17945bfb6341b2d19043457132fcf478a5ee04f42e959fd8f5df0a?s=96&d=mm&r=g\",\"contentUrl\":\"https:\\\/\\\/secure.gravatar.com\\\/avatar\\\/4dfbf16b4d17945bfb6341b2d19043457132fcf478a5ee04f42e959fd8f5df0a?s=96&d=mm&r=g\",\"caption\":\"NOTICIASMERCEDINAS.COM\"},\"url\":\"https:\\\/\\\/noticiasmercedinas.com\\\/site\\\/author\\\/anonimo\\\/\"}]}<\/script>\n<!-- \/ Yoast SEO plugin. -->","yoast_head_json":{"title":"Se acerca la segunda edici\u00f3n del festival anual \"Todos por Bomberos\" en Mercedes","robots":{"index":"index","follow":"follow","max-snippet":"max-snippet:-1","max-image-preview":"max-image-preview:large","max-video-preview":"max-video-preview:-1"},"canonical":"https:\/\/noticiasmercedinas.com\/site\/2024\/03\/28\/se-acerca-la-segunda-edicion-del-festival-anual-todos-por-bomberos-en-mercedes\/","og_locale":"es_ES","og_type":"article","og_title":"Se acerca la segunda edici\u00f3n del festival anual \"Todos por Bomberos\" en Mercedes","og_description":"\u25a0 Se llevar\u00e1 a cabo en el Predio de la Sociedad Rural de Mercedes, ubicado en el Km 100 de la Ruta 5. La fecha para marcar en el calendario es el 12 de mayo","og_url":"https:\/\/noticiasmercedinas.com\/site\/2024\/03\/28\/se-acerca-la-segunda-edicion-del-festival-anual-todos-por-bomberos-en-mercedes\/","og_site_name":"NOTICIASMERCEDINAS.COM","article_publisher":"https:\/\/www.facebook.com\/noticiasmercedinas\/","article_published_time":"2024-03-28T12:42:41+00:00","og_image":[{"width":640,"height":493,"url":"https:\/\/noticiasmercedinas.com\/site\/wp-content\/uploads\/2024\/03\/BOMBEROS45.jpg","type":"image\/jpeg"}],"author":"NOTICIASMERCEDINAS.COM","twitter_card":"summary_large_image","twitter_creator":"@notmercedinas","twitter_site":"@notmercedinas","twitter_misc":{"Escrito por":"NOTICIASMERCEDINAS.COM","Tiempo de lectura":"2 minutos"},"schema":{"@context":"https:\/\/schema.org","@graph":[{"@type":"Article","@id":"https:\/\/noticiasmercedinas.com\/site\/2024\/03\/28\/se-acerca-la-segunda-edicion-del-festival-anual-todos-por-bomberos-en-mercedes\/#article","isPartOf":{"@id":"https:\/\/noticiasmercedinas.com\/site\/2024\/03\/28\/se-acerca-la-segunda-edicion-del-festival-anual-todos-por-bomberos-en-mercedes\/"},"author":{"name":"NOTICIASMERCEDINAS.COM","@id":"https:\/\/noticiasmercedinas.com\/site\/#\/schema\/person\/84b59c099c28ff2e8b77d4ceec5d8063"},"headline":"Se acerca la segunda edici\u00f3n del festival anual \u00abTodos por Bomberos\u00bb en Mercedes","datePublished":"2024-03-28T12:42:41+00:00","mainEntityOfPage":{"@id":"https:\/\/noticiasmercedinas.com\/site\/2024\/03\/28\/se-acerca-la-segunda-edicion-del-festival-anual-todos-por-bomberos-en-mercedes\/"},"wordCount":255,"publisher":{"@id":"https:\/\/noticiasmercedinas.com\/site\/#organization"},"image":{"@id":"https:\/\/noticiasmercedinas.com\/site\/2024\/03\/28\/se-acerca-la-segunda-edicion-del-festival-anual-todos-por-bomberos-en-mercedes\/#primaryimage"},"thumbnailUrl":"https:\/\/noticiasmercedinas.com\/site\/wp-content\/uploads\/2024\/03\/BOMBEROS45.jpg","keywords":["bomberos","bomberos voluntarios","festival","sociedad rural","todos por bomberos"],"articleSection":["Sociedad"],"inLanguage":"es"},{"@type":"WebPage","@id":"https:\/\/noticiasmercedinas.com\/site\/2024\/03\/28\/se-acerca-la-segunda-edicion-del-festival-anual-todos-por-bomberos-en-mercedes\/","url":"https:\/\/noticiasmercedinas.com\/site\/2024\/03\/28\/se-acerca-la-segunda-edicion-del-festival-anual-todos-por-bomberos-en-mercedes\/","name":"Se acerca la segunda edici\u00f3n del festival anual \"Todos por Bomberos\" en Mercedes","isPartOf":{"@id":"https:\/\/noticiasmercedinas.com\/site\/#website"},"primaryImageOfPage":{"@id":"https:\/\/noticiasmercedinas.com\/site\/2024\/03\/28\/se-acerca-la-segunda-edicion-del-festival-anual-todos-por-bomberos-en-mercedes\/#primaryimage"},"image":{"@id":"https:\/\/noticiasmercedinas.com\/site\/2024\/03\/28\/se-acerca-la-segunda-edicion-del-festival-anual-todos-por-bomberos-en-mercedes\/#primaryimage"},"thumbnailUrl":"https:\/\/noticiasmercedinas.com\/site\/wp-content\/uploads\/2024\/03\/BOMBEROS45.jpg","datePublished":"2024-03-28T12:42:41+00:00","breadcrumb":{"@id":"https:\/\/noticiasmercedinas.com\/site\/2024\/03\/28\/se-acerca-la-segunda-edicion-del-festival-anual-todos-por-bomberos-en-mercedes\/#breadcrumb"},"inLanguage":"es","potentialAction":[{"@type":"ReadAction","target":["https:\/\/noticiasmercedinas.com\/site\/2024\/03\/28\/se-acerca-la-segunda-edicion-del-festival-anual-todos-por-bomberos-en-mercedes\/"]}]},{"@type":"ImageObject","inLanguage":"es","@id":"https:\/\/noticiasmercedinas.com\/site\/2024\/03\/28\/se-acerca-la-segunda-edicion-del-festival-anual-todos-por-bomberos-en-mercedes\/#primaryimage","url":"https:\/\/noticiasmercedinas.com\/site\/wp-content\/uploads\/2024\/03\/BOMBEROS45.jpg","contentUrl":"https:\/\/noticiasmercedinas.com\/site\/wp-content\/uploads\/2024\/03\/BOMBEROS45.jpg","width":640,"height":493},{"@type":"BreadcrumbList","@id":"https:\/\/noticiasmercedinas.com\/site\/2024\/03\/28\/se-acerca-la-segunda-edicion-del-festival-anual-todos-por-bomberos-en-mercedes\/#breadcrumb","itemListElement":[{"@type":"ListItem","position":1,"name":"Portada","item":"https:\/\/noticiasmercedinas.com\/site\/"},{"@type":"ListItem","position":2,"name":"Se acerca la segunda edici\u00f3n del festival anual \u00abTodos por Bomberos\u00bb en Mercedes"}]},{"@type":"WebSite","@id":"https:\/\/noticiasmercedinas.com\/site\/#website","url":"https:\/\/noticiasmercedinas.com\/site\/","name":"NOTICIASMERCEDINAS.COM","description":"Mercedes, Buenos Aires, Argentina","publisher":{"@id":"https:\/\/noticiasmercedinas.com\/site\/#organization"},"potentialAction":[{"@type":"SearchAction","target":{"@type":"EntryPoint","urlTemplate":"https:\/\/noticiasmercedinas.com\/site\/?s={search_term_string}"},"query-input":{"@type":"PropertyValueSpecification","valueRequired":true,"valueName":"search_term_string"}}],"inLanguage":"es"},{"@type":"Organization","@id":"https:\/\/noticiasmercedinas.com\/site\/#organization","name":"NOTICIASMERCEDINAS.COM","url":"https:\/\/noticiasmercedinas.com\/site\/","logo":{"@type":"ImageObject","inLanguage":"es","@id":"https:\/\/noticiasmercedinas.com\/site\/#\/schema\/logo\/image\/","url":"https:\/\/noticiasmercedinas.com\/site\/wp-content\/uploads\/2020\/06\/LOGO-512.jpg","contentUrl":"https:\/\/noticiasmercedinas.com\/site\/wp-content\/uploads\/2020\/06\/LOGO-512.jpg","width":512,"height":512,"caption":"NOTICIASMERCEDINAS.COM"},"image":{"@id":"https:\/\/noticiasmercedinas.com\/site\/#\/schema\/logo\/image\/"},"sameAs":["https:\/\/www.facebook.com\/noticiasmercedinas\/","https:\/\/x.com\/notmercedinas","https:\/\/www.instagram.com\/noticiasmercedinas\/"]},{"@type":"Person","@id":"https:\/\/noticiasmercedinas.com\/site\/#\/schema\/person\/84b59c099c28ff2e8b77d4ceec5d8063","name":"NOTICIASMERCEDINAS.COM","image":{"@type":"ImageObject","inLanguage":"es","@id":"https:\/\/secure.gravatar.com\/avatar\/4dfbf16b4d17945bfb6341b2d19043457132fcf478a5ee04f42e959fd8f5df0a?s=96&d=mm&r=g","url":"https:\/\/secure.gravatar.com\/avatar\/4dfbf16b4d17945bfb6341b2d19043457132fcf478a5ee04f42e959fd8f5df0a?s=96&d=mm&r=g","contentUrl":"https:\/\/secure.gravatar.com\/avatar\/4dfbf16b4d17945bfb6341b2d19043457132fcf478a5ee04f42e959fd8f5df0a?s=96&d=mm&r=g","caption":"NOTICIASMERCEDINAS.COM"},"url":"https:\/\/noticiasmercedinas.com\/site\/author\/anonimo\/"}]}},"amp_enabled":true,"_links":{"self":[{"href":"https:\/\/noticiasmercedinas.com\/site\/wp-json\/wp\/v2\/posts\/133271","targetHints":{"allow":["GET"]}}],"collection":[{"href":"https:\/\/noticiasmercedinas.com\/site\/wp-json\/wp\/v2\/posts"}],"about":[{"href":"https:\/\/noticiasmercedinas.com\/site\/wp-json\/wp\/v2\/types\/post"}],"author":[{"embeddable":true,"href":"https:\/\/noticiasmercedinas.com\/site\/wp-json\/wp\/v2\/users\/16"}],"replies":[{"embeddable":true,"href":"https:\/\/noticiasmercedinas.com\/site\/wp-json\/wp\/v2\/comments?post=133271"}],"version-history":[{"count":1,"href":"https:\/\/noticiasmercedinas.com\/site\/wp-json\/wp\/v2\/posts\/133271\/revisions"}],"predecessor-version":[{"id":133273,"href":"https:\/\/noticiasmercedinas.com\/site\/wp-json\/wp\/v2\/posts\/133271\/revisions\/133273"}],"wp:featuredmedia":[{"embeddable":true,"href":"https:\/\/noticiasmercedinas.com\/site\/wp-json\/wp\/v2\/media\/133272"}],"wp:attachment":[{"href":"https:\/\/noticiasmercedinas.com\/site\/wp-json\/wp\/v2\/media?parent=133271"}],"wp:term":[{"taxonomy":"category","embeddable":true,"href":"https:\/\/noticiasmercedinas.com\/site\/wp-json\/wp\/v2\/categories?post=133271"},{"taxonomy":"post_tag","embeddable":true,"href":"https:\/\/noticiasmercedinas.com\/site\/wp-json\/wp\/v2\/tags?post=133271"}],"curies":[{"name":"wp","href":"https:\/\/api.w.org\/{rel}","templated":true}]}}