{"id":133522,"date":"2024-04-03T15:32:36","date_gmt":"2024-04-03T18:32:36","guid":{"rendered":"https:\/\/noticiasmercedinas.com\/site\/?p=133522"},"modified":"2024-04-03T15:32:36","modified_gmt":"2024-04-03T18:32:36","slug":"incendio-en-una-vivienda-deja-la-estructura-totalmente-destruida","status":"publish","type":"post","link":"https:\/\/noticiasmercedinas.com\/site\/2024\/04\/03\/incendio-en-una-vivienda-deja-la-estructura-totalmente-destruida\/","title":{"rendered":"Incendio en una vivienda deja la estructura totalmente destruida"},"content":{"rendered":"<p><img loading=\"lazy\" decoding=\"async\" class=\"alignnone size-large wp-image-133524\" src=\"https:\/\/noticiasmercedinas.com\/site\/wp-content\/uploads\/2024\/04\/IMG-20240403-WA0029-1024x768.jpg\" alt=\"\" width=\"640\" height=\"480\" srcset=\"https:\/\/noticiasmercedinas.com\/site\/wp-content\/uploads\/2024\/04\/IMG-20240403-WA0029-1024x768.jpg 1024w, https:\/\/noticiasmercedinas.com\/site\/wp-content\/uploads\/2024\/04\/IMG-20240403-WA0029-300x225.jpg 300w, https:\/\/noticiasmercedinas.com\/site\/wp-content\/uploads\/2024\/04\/IMG-20240403-WA0029-768x576.jpg 768w, https:\/\/noticiasmercedinas.com\/site\/wp-content\/uploads\/2024\/04\/IMG-20240403-WA0029-1536x1152.jpg 1536w, https:\/\/noticiasmercedinas.com\/site\/wp-content\/uploads\/2024\/04\/IMG-20240403-WA0029-80x60.jpg 80w, https:\/\/noticiasmercedinas.com\/site\/wp-content\/uploads\/2024\/04\/IMG-20240403-WA0029-160x120.jpg 160w, https:\/\/noticiasmercedinas.com\/site\/wp-content\/uploads\/2024\/04\/IMG-20240403-WA0029-100x75.jpg 100w, https:\/\/noticiasmercedinas.com\/site\/wp-content\/uploads\/2024\/04\/IMG-20240403-WA0029-200x150.jpg 200w, https:\/\/noticiasmercedinas.com\/site\/wp-content\/uploads\/2024\/04\/IMG-20240403-WA0029-180x135.jpg 180w, https:\/\/noticiasmercedinas.com\/site\/wp-content\/uploads\/2024\/04\/IMG-20240403-WA0029-360x270.jpg 360w, https:\/\/noticiasmercedinas.com\/site\/wp-content\/uploads\/2024\/04\/IMG-20240403-WA0029-238x178.jpg 238w, https:\/\/noticiasmercedinas.com\/site\/wp-content\/uploads\/2024\/04\/IMG-20240403-WA0029-476x356.jpg 476w, https:\/\/noticiasmercedinas.com\/site\/wp-content\/uploads\/2024\/04\/IMG-20240403-WA0029-640x480.jpg 640w, https:\/\/noticiasmercedinas.com\/site\/wp-content\/uploads\/2024\/04\/IMG-20240403-WA0029-1280x960.jpg 1280w, https:\/\/noticiasmercedinas.com\/site\/wp-content\/uploads\/2024\/04\/IMG-20240403-WA0029-681x511.jpg 681w, https:\/\/noticiasmercedinas.com\/site\/wp-content\/uploads\/2024\/04\/IMG-20240403-WA0029-1362x1022.jpg 1362w, https:\/\/noticiasmercedinas.com\/site\/wp-content\/uploads\/2024\/04\/IMG-20240403-WA0029.jpg 1600w\" sizes=\"auto, (max-width: 640px) 100vw, 640px\" \/><\/p>\n<p>Este mi\u00e9rcoles 3 de abril, a las 10:50., las autoridades recibieron una alerta de un incendio que afectaba una vivienda ubicada en la calle 39 entre 42 y 44. La propietaria, identificada como Melanie Cuello, lamentablemente perdi\u00f3 su hogar en el siniestro.<\/p>\n<p>Afortunadamente, no hubo heridos ya que no se encontraba nadie dentro de la casa en el momento del incidente. Seg\u00fan informes de Protecci\u00f3n Civil, se sospecha que el incendio fue causado por un cortocircuito. La casa ha quedado completamente inhabitable y se ha declarado con peligro de derrumbe.<\/p>\n<p>La propietaria, Melanie Cuello, viv\u00eda en la residencia junto a sus hijos. Actualmente, est\u00e1n recibiendo asistencia y apoyo por parte de las autoridades locales y organizaciones de ayuda.<\/p>\n<p>En el lugar se despleg\u00f3 el m\u00f3vil 39 de Bomberos Voluntarios a cargo del Oficial Auxiliar Pablo Marcori, adem\u00e1s de la intervenci\u00f3n de Protecci\u00f3n Civil y la Polic\u00eda local.<\/p>\n<p>Desarrollo Social est\u00e1 al tanto de la situaci\u00f3n y se espera que brinde asistencia adicional a la familia afectada por este tr\u00e1gico suceso.<\/p>\n<p><img loading=\"lazy\" decoding=\"async\" class=\"alignnone size-full wp-image-133523\" src=\"https:\/\/noticiasmercedinas.com\/site\/wp-content\/uploads\/2024\/04\/IMG-20240403-WA0027.jpg\" alt=\"\" width=\"765\" height=\"523\" srcset=\"https:\/\/noticiasmercedinas.com\/site\/wp-content\/uploads\/2024\/04\/IMG-20240403-WA0027.jpg 765w, https:\/\/noticiasmercedinas.com\/site\/wp-content\/uploads\/2024\/04\/IMG-20240403-WA0027-300x205.jpg 300w, https:\/\/noticiasmercedinas.com\/site\/wp-content\/uploads\/2024\/04\/IMG-20240403-WA0027-640x438.jpg 640w, https:\/\/noticiasmercedinas.com\/site\/wp-content\/uploads\/2024\/04\/IMG-20240403-WA0027-681x466.jpg 681w\" sizes=\"auto, (max-width: 765px) 100vw, 765px\" \/><\/p>\n","protected":false},"excerpt":{"rendered":"<p>Fue est\u00e1 ma\u00f1ana. Una madre y sus dos hijas est\u00e1n recibiendo asistencia y apoyo por parte de las autoridades locales y organizaciones de ayuda. Intervino Desarrollo Social <\/p>\n","protected":false},"author":16,"featured_media":133523,"comment_status":"closed","ping_status":"closed","sticky":false,"template":"","format":"standard","meta":{"footnotes":""},"categories":[7],"tags":[1746,1344],"class_list":["post-133522","post","type-post","status-publish","format-standard","has-post-thumbnail","hentry","category-policiales","tag-incendio","tag-vivienda"],"yoast_head":"<!-- This site is optimized with the Yoast SEO plugin v27.4 - https:\/\/yoast.com\/product\/yoast-seo-wordpress\/ -->\n<title>Incendio en una vivienda deja la estructura totalmente destruida<\/title>\n<meta name=\"robots\" content=\"index, follow, max-snippet:-1, max-image-preview:large, max-video-preview:-1\" \/>\n<link rel=\"canonical\" href=\"https:\/\/noticiasmercedinas.com\/site\/2024\/04\/03\/incendio-en-una-vivienda-deja-la-estructura-totalmente-destruida\/\" \/>\n<meta property=\"og:locale\" content=\"es_ES\" \/>\n<meta property=\"og:type\" content=\"article\" \/>\n<meta property=\"og:title\" content=\"Incendio en una vivienda deja la estructura totalmente destruida\" \/>\n<meta property=\"og:description\" content=\"Fue est\u00e1 ma\u00f1ana. Una madre y sus dos hijas est\u00e1n recibiendo asistencia y apoyo por parte de las autoridades locales y organizaciones de ayuda. Intervino Desarrollo Social\" \/>\n<meta property=\"og:url\" content=\"https:\/\/noticiasmercedinas.com\/site\/2024\/04\/03\/incendio-en-una-vivienda-deja-la-estructura-totalmente-destruida\/\" \/>\n<meta property=\"og:site_name\" content=\"NOTICIASMERCEDINAS.COM\" \/>\n<meta property=\"article:publisher\" content=\"https:\/\/www.facebook.com\/noticiasmercedinas\/\" \/>\n<meta property=\"article:published_time\" content=\"2024-04-03T18:32:36+00:00\" \/>\n<meta property=\"og:image\" content=\"https:\/\/noticiasmercedinas.com\/site\/wp-content\/uploads\/2024\/04\/IMG-20240403-WA0027.jpg\" \/>\n\t<meta property=\"og:image:width\" content=\"765\" \/>\n\t<meta property=\"og:image:height\" content=\"523\" \/>\n\t<meta property=\"og:image:type\" content=\"image\/jpeg\" \/>\n<meta name=\"author\" content=\"NOTICIASMERCEDINAS.COM\" \/>\n<meta name=\"twitter:card\" content=\"summary_large_image\" \/>\n<meta name=\"twitter:creator\" content=\"@notmercedinas\" \/>\n<meta name=\"twitter:site\" content=\"@notmercedinas\" \/>\n<meta name=\"twitter:label1\" content=\"Escrito por\" \/>\n\t<meta name=\"twitter:data1\" content=\"NOTICIASMERCEDINAS.COM\" \/>\n\t<meta name=\"twitter:label2\" content=\"Tiempo de lectura\" \/>\n\t<meta name=\"twitter:data2\" content=\"2 minutos\" \/>\n<script type=\"application\/ld+json\" class=\"yoast-schema-graph\">{\"@context\":\"https:\\\/\\\/schema.org\",\"@graph\":[{\"@type\":\"Article\",\"@id\":\"https:\\\/\\\/noticiasmercedinas.com\\\/site\\\/2024\\\/04\\\/03\\\/incendio-en-una-vivienda-deja-la-estructura-totalmente-destruida\\\/#article\",\"isPartOf\":{\"@id\":\"https:\\\/\\\/noticiasmercedinas.com\\\/site\\\/2024\\\/04\\\/03\\\/incendio-en-una-vivienda-deja-la-estructura-totalmente-destruida\\\/\"},\"author\":{\"name\":\"NOTICIASMERCEDINAS.COM\",\"@id\":\"https:\\\/\\\/noticiasmercedinas.com\\\/site\\\/#\\\/schema\\\/person\\\/84b59c099c28ff2e8b77d4ceec5d8063\"},\"headline\":\"Incendio en una vivienda deja la estructura totalmente destruida\",\"datePublished\":\"2024-04-03T18:32:36+00:00\",\"mainEntityOfPage\":{\"@id\":\"https:\\\/\\\/noticiasmercedinas.com\\\/site\\\/2024\\\/04\\\/03\\\/incendio-en-una-vivienda-deja-la-estructura-totalmente-destruida\\\/\"},\"wordCount\":185,\"publisher\":{\"@id\":\"https:\\\/\\\/noticiasmercedinas.com\\\/site\\\/#organization\"},\"image\":{\"@id\":\"https:\\\/\\\/noticiasmercedinas.com\\\/site\\\/2024\\\/04\\\/03\\\/incendio-en-una-vivienda-deja-la-estructura-totalmente-destruida\\\/#primaryimage\"},\"thumbnailUrl\":\"https:\\\/\\\/noticiasmercedinas.com\\\/site\\\/wp-content\\\/uploads\\\/2024\\\/04\\\/IMG-20240403-WA0027.jpg\",\"keywords\":[\"incendio\",\"vivienda\"],\"articleSection\":[\"Seguridad\"],\"inLanguage\":\"es\"},{\"@type\":\"WebPage\",\"@id\":\"https:\\\/\\\/noticiasmercedinas.com\\\/site\\\/2024\\\/04\\\/03\\\/incendio-en-una-vivienda-deja-la-estructura-totalmente-destruida\\\/\",\"url\":\"https:\\\/\\\/noticiasmercedinas.com\\\/site\\\/2024\\\/04\\\/03\\\/incendio-en-una-vivienda-deja-la-estructura-totalmente-destruida\\\/\",\"name\":\"Incendio en una vivienda deja la estructura totalmente destruida\",\"isPartOf\":{\"@id\":\"https:\\\/\\\/noticiasmercedinas.com\\\/site\\\/#website\"},\"primaryImageOfPage\":{\"@id\":\"https:\\\/\\\/noticiasmercedinas.com\\\/site\\\/2024\\\/04\\\/03\\\/incendio-en-una-vivienda-deja-la-estructura-totalmente-destruida\\\/#primaryimage\"},\"image\":{\"@id\":\"https:\\\/\\\/noticiasmercedinas.com\\\/site\\\/2024\\\/04\\\/03\\\/incendio-en-una-vivienda-deja-la-estructura-totalmente-destruida\\\/#primaryimage\"},\"thumbnailUrl\":\"https:\\\/\\\/noticiasmercedinas.com\\\/site\\\/wp-content\\\/uploads\\\/2024\\\/04\\\/IMG-20240403-WA0027.jpg\",\"datePublished\":\"2024-04-03T18:32:36+00:00\",\"breadcrumb\":{\"@id\":\"https:\\\/\\\/noticiasmercedinas.com\\\/site\\\/2024\\\/04\\\/03\\\/incendio-en-una-vivienda-deja-la-estructura-totalmente-destruida\\\/#breadcrumb\"},\"inLanguage\":\"es\",\"potentialAction\":[{\"@type\":\"ReadAction\",\"target\":[\"https:\\\/\\\/noticiasmercedinas.com\\\/site\\\/2024\\\/04\\\/03\\\/incendio-en-una-vivienda-deja-la-estructura-totalmente-destruida\\\/\"]}]},{\"@type\":\"ImageObject\",\"inLanguage\":\"es\",\"@id\":\"https:\\\/\\\/noticiasmercedinas.com\\\/site\\\/2024\\\/04\\\/03\\\/incendio-en-una-vivienda-deja-la-estructura-totalmente-destruida\\\/#primaryimage\",\"url\":\"https:\\\/\\\/noticiasmercedinas.com\\\/site\\\/wp-content\\\/uploads\\\/2024\\\/04\\\/IMG-20240403-WA0027.jpg\",\"contentUrl\":\"https:\\\/\\\/noticiasmercedinas.com\\\/site\\\/wp-content\\\/uploads\\\/2024\\\/04\\\/IMG-20240403-WA0027.jpg\",\"width\":765,\"height\":523},{\"@type\":\"BreadcrumbList\",\"@id\":\"https:\\\/\\\/noticiasmercedinas.com\\\/site\\\/2024\\\/04\\\/03\\\/incendio-en-una-vivienda-deja-la-estructura-totalmente-destruida\\\/#breadcrumb\",\"itemListElement\":[{\"@type\":\"ListItem\",\"position\":1,\"name\":\"Portada\",\"item\":\"https:\\\/\\\/noticiasmercedinas.com\\\/site\\\/\"},{\"@type\":\"ListItem\",\"position\":2,\"name\":\"Incendio en una vivienda deja la estructura totalmente destruida\"}]},{\"@type\":\"WebSite\",\"@id\":\"https:\\\/\\\/noticiasmercedinas.com\\\/site\\\/#website\",\"url\":\"https:\\\/\\\/noticiasmercedinas.com\\\/site\\\/\",\"name\":\"NOTICIASMERCEDINAS.COM\",\"description\":\"Mercedes, Buenos Aires, Argentina\",\"publisher\":{\"@id\":\"https:\\\/\\\/noticiasmercedinas.com\\\/site\\\/#organization\"},\"potentialAction\":[{\"@type\":\"SearchAction\",\"target\":{\"@type\":\"EntryPoint\",\"urlTemplate\":\"https:\\\/\\\/noticiasmercedinas.com\\\/site\\\/?s={search_term_string}\"},\"query-input\":{\"@type\":\"PropertyValueSpecification\",\"valueRequired\":true,\"valueName\":\"search_term_string\"}}],\"inLanguage\":\"es\"},{\"@type\":\"Organization\",\"@id\":\"https:\\\/\\\/noticiasmercedinas.com\\\/site\\\/#organization\",\"name\":\"NOTICIASMERCEDINAS.COM\",\"url\":\"https:\\\/\\\/noticiasmercedinas.com\\\/site\\\/\",\"logo\":{\"@type\":\"ImageObject\",\"inLanguage\":\"es\",\"@id\":\"https:\\\/\\\/noticiasmercedinas.com\\\/site\\\/#\\\/schema\\\/logo\\\/image\\\/\",\"url\":\"https:\\\/\\\/noticiasmercedinas.com\\\/site\\\/wp-content\\\/uploads\\\/2020\\\/06\\\/LOGO-512.jpg\",\"contentUrl\":\"https:\\\/\\\/noticiasmercedinas.com\\\/site\\\/wp-content\\\/uploads\\\/2020\\\/06\\\/LOGO-512.jpg\",\"width\":512,\"height\":512,\"caption\":\"NOTICIASMERCEDINAS.COM\"},\"image\":{\"@id\":\"https:\\\/\\\/noticiasmercedinas.com\\\/site\\\/#\\\/schema\\\/logo\\\/image\\\/\"},\"sameAs\":[\"https:\\\/\\\/www.facebook.com\\\/noticiasmercedinas\\\/\",\"https:\\\/\\\/x.com\\\/notmercedinas\",\"https:\\\/\\\/www.instagram.com\\\/noticiasmercedinas\\\/\"]},{\"@type\":\"Person\",\"@id\":\"https:\\\/\\\/noticiasmercedinas.com\\\/site\\\/#\\\/schema\\\/person\\\/84b59c099c28ff2e8b77d4ceec5d8063\",\"name\":\"NOTICIASMERCEDINAS.COM\",\"image\":{\"@type\":\"ImageObject\",\"inLanguage\":\"es\",\"@id\":\"https:\\\/\\\/secure.gravatar.com\\\/avatar\\\/4dfbf16b4d17945bfb6341b2d19043457132fcf478a5ee04f42e959fd8f5df0a?s=96&d=mm&r=g\",\"url\":\"https:\\\/\\\/secure.gravatar.com\\\/avatar\\\/4dfbf16b4d17945bfb6341b2d19043457132fcf478a5ee04f42e959fd8f5df0a?s=96&d=mm&r=g\",\"contentUrl\":\"https:\\\/\\\/secure.gravatar.com\\\/avatar\\\/4dfbf16b4d17945bfb6341b2d19043457132fcf478a5ee04f42e959fd8f5df0a?s=96&d=mm&r=g\",\"caption\":\"NOTICIASMERCEDINAS.COM\"},\"url\":\"https:\\\/\\\/noticiasmercedinas.com\\\/site\\\/author\\\/anonimo\\\/\"}]}<\/script>\n<!-- \/ Yoast SEO plugin. -->","yoast_head_json":{"title":"Incendio en una vivienda deja la estructura totalmente destruida","robots":{"index":"index","follow":"follow","max-snippet":"max-snippet:-1","max-image-preview":"max-image-preview:large","max-video-preview":"max-video-preview:-1"},"canonical":"https:\/\/noticiasmercedinas.com\/site\/2024\/04\/03\/incendio-en-una-vivienda-deja-la-estructura-totalmente-destruida\/","og_locale":"es_ES","og_type":"article","og_title":"Incendio en una vivienda deja la estructura totalmente destruida","og_description":"Fue est\u00e1 ma\u00f1ana. Una madre y sus dos hijas est\u00e1n recibiendo asistencia y apoyo por parte de las autoridades locales y organizaciones de ayuda. Intervino Desarrollo Social","og_url":"https:\/\/noticiasmercedinas.com\/site\/2024\/04\/03\/incendio-en-una-vivienda-deja-la-estructura-totalmente-destruida\/","og_site_name":"NOTICIASMERCEDINAS.COM","article_publisher":"https:\/\/www.facebook.com\/noticiasmercedinas\/","article_published_time":"2024-04-03T18:32:36+00:00","og_image":[{"width":765,"height":523,"url":"https:\/\/noticiasmercedinas.com\/site\/wp-content\/uploads\/2024\/04\/IMG-20240403-WA0027.jpg","type":"image\/jpeg"}],"author":"NOTICIASMERCEDINAS.COM","twitter_card":"summary_large_image","twitter_creator":"@notmercedinas","twitter_site":"@notmercedinas","twitter_misc":{"Escrito por":"NOTICIASMERCEDINAS.COM","Tiempo de lectura":"2 minutos"},"schema":{"@context":"https:\/\/schema.org","@graph":[{"@type":"Article","@id":"https:\/\/noticiasmercedinas.com\/site\/2024\/04\/03\/incendio-en-una-vivienda-deja-la-estructura-totalmente-destruida\/#article","isPartOf":{"@id":"https:\/\/noticiasmercedinas.com\/site\/2024\/04\/03\/incendio-en-una-vivienda-deja-la-estructura-totalmente-destruida\/"},"author":{"name":"NOTICIASMERCEDINAS.COM","@id":"https:\/\/noticiasmercedinas.com\/site\/#\/schema\/person\/84b59c099c28ff2e8b77d4ceec5d8063"},"headline":"Incendio en una vivienda deja la estructura totalmente destruida","datePublished":"2024-04-03T18:32:36+00:00","mainEntityOfPage":{"@id":"https:\/\/noticiasmercedinas.com\/site\/2024\/04\/03\/incendio-en-una-vivienda-deja-la-estructura-totalmente-destruida\/"},"wordCount":185,"publisher":{"@id":"https:\/\/noticiasmercedinas.com\/site\/#organization"},"image":{"@id":"https:\/\/noticiasmercedinas.com\/site\/2024\/04\/03\/incendio-en-una-vivienda-deja-la-estructura-totalmente-destruida\/#primaryimage"},"thumbnailUrl":"https:\/\/noticiasmercedinas.com\/site\/wp-content\/uploads\/2024\/04\/IMG-20240403-WA0027.jpg","keywords":["incendio","vivienda"],"articleSection":["Seguridad"],"inLanguage":"es"},{"@type":"WebPage","@id":"https:\/\/noticiasmercedinas.com\/site\/2024\/04\/03\/incendio-en-una-vivienda-deja-la-estructura-totalmente-destruida\/","url":"https:\/\/noticiasmercedinas.com\/site\/2024\/04\/03\/incendio-en-una-vivienda-deja-la-estructura-totalmente-destruida\/","name":"Incendio en una vivienda deja la estructura totalmente destruida","isPartOf":{"@id":"https:\/\/noticiasmercedinas.com\/site\/#website"},"primaryImageOfPage":{"@id":"https:\/\/noticiasmercedinas.com\/site\/2024\/04\/03\/incendio-en-una-vivienda-deja-la-estructura-totalmente-destruida\/#primaryimage"},"image":{"@id":"https:\/\/noticiasmercedinas.com\/site\/2024\/04\/03\/incendio-en-una-vivienda-deja-la-estructura-totalmente-destruida\/#primaryimage"},"thumbnailUrl":"https:\/\/noticiasmercedinas.com\/site\/wp-content\/uploads\/2024\/04\/IMG-20240403-WA0027.jpg","datePublished":"2024-04-03T18:32:36+00:00","breadcrumb":{"@id":"https:\/\/noticiasmercedinas.com\/site\/2024\/04\/03\/incendio-en-una-vivienda-deja-la-estructura-totalmente-destruida\/#breadcrumb"},"inLanguage":"es","potentialAction":[{"@type":"ReadAction","target":["https:\/\/noticiasmercedinas.com\/site\/2024\/04\/03\/incendio-en-una-vivienda-deja-la-estructura-totalmente-destruida\/"]}]},{"@type":"ImageObject","inLanguage":"es","@id":"https:\/\/noticiasmercedinas.com\/site\/2024\/04\/03\/incendio-en-una-vivienda-deja-la-estructura-totalmente-destruida\/#primaryimage","url":"https:\/\/noticiasmercedinas.com\/site\/wp-content\/uploads\/2024\/04\/IMG-20240403-WA0027.jpg","contentUrl":"https:\/\/noticiasmercedinas.com\/site\/wp-content\/uploads\/2024\/04\/IMG-20240403-WA0027.jpg","width":765,"height":523},{"@type":"BreadcrumbList","@id":"https:\/\/noticiasmercedinas.com\/site\/2024\/04\/03\/incendio-en-una-vivienda-deja-la-estructura-totalmente-destruida\/#breadcrumb","itemListElement":[{"@type":"ListItem","position":1,"name":"Portada","item":"https:\/\/noticiasmercedinas.com\/site\/"},{"@type":"ListItem","position":2,"name":"Incendio en una vivienda deja la estructura totalmente destruida"}]},{"@type":"WebSite","@id":"https:\/\/noticiasmercedinas.com\/site\/#website","url":"https:\/\/noticiasmercedinas.com\/site\/","name":"NOTICIASMERCEDINAS.COM","description":"Mercedes, Buenos Aires, Argentina","publisher":{"@id":"https:\/\/noticiasmercedinas.com\/site\/#organization"},"potentialAction":[{"@type":"SearchAction","target":{"@type":"EntryPoint","urlTemplate":"https:\/\/noticiasmercedinas.com\/site\/?s={search_term_string}"},"query-input":{"@type":"PropertyValueSpecification","valueRequired":true,"valueName":"search_term_string"}}],"inLanguage":"es"},{"@type":"Organization","@id":"https:\/\/noticiasmercedinas.com\/site\/#organization","name":"NOTICIASMERCEDINAS.COM","url":"https:\/\/noticiasmercedinas.com\/site\/","logo":{"@type":"ImageObject","inLanguage":"es","@id":"https:\/\/noticiasmercedinas.com\/site\/#\/schema\/logo\/image\/","url":"https:\/\/noticiasmercedinas.com\/site\/wp-content\/uploads\/2020\/06\/LOGO-512.jpg","contentUrl":"https:\/\/noticiasmercedinas.com\/site\/wp-content\/uploads\/2020\/06\/LOGO-512.jpg","width":512,"height":512,"caption":"NOTICIASMERCEDINAS.COM"},"image":{"@id":"https:\/\/noticiasmercedinas.com\/site\/#\/schema\/logo\/image\/"},"sameAs":["https:\/\/www.facebook.com\/noticiasmercedinas\/","https:\/\/x.com\/notmercedinas","https:\/\/www.instagram.com\/noticiasmercedinas\/"]},{"@type":"Person","@id":"https:\/\/noticiasmercedinas.com\/site\/#\/schema\/person\/84b59c099c28ff2e8b77d4ceec5d8063","name":"NOTICIASMERCEDINAS.COM","image":{"@type":"ImageObject","inLanguage":"es","@id":"https:\/\/secure.gravatar.com\/avatar\/4dfbf16b4d17945bfb6341b2d19043457132fcf478a5ee04f42e959fd8f5df0a?s=96&d=mm&r=g","url":"https:\/\/secure.gravatar.com\/avatar\/4dfbf16b4d17945bfb6341b2d19043457132fcf478a5ee04f42e959fd8f5df0a?s=96&d=mm&r=g","contentUrl":"https:\/\/secure.gravatar.com\/avatar\/4dfbf16b4d17945bfb6341b2d19043457132fcf478a5ee04f42e959fd8f5df0a?s=96&d=mm&r=g","caption":"NOTICIASMERCEDINAS.COM"},"url":"https:\/\/noticiasmercedinas.com\/site\/author\/anonimo\/"}]}},"amp_enabled":true,"_links":{"self":[{"href":"https:\/\/noticiasmercedinas.com\/site\/wp-json\/wp\/v2\/posts\/133522","targetHints":{"allow":["GET"]}}],"collection":[{"href":"https:\/\/noticiasmercedinas.com\/site\/wp-json\/wp\/v2\/posts"}],"about":[{"href":"https:\/\/noticiasmercedinas.com\/site\/wp-json\/wp\/v2\/types\/post"}],"author":[{"embeddable":true,"href":"https:\/\/noticiasmercedinas.com\/site\/wp-json\/wp\/v2\/users\/16"}],"replies":[{"embeddable":true,"href":"https:\/\/noticiasmercedinas.com\/site\/wp-json\/wp\/v2\/comments?post=133522"}],"version-history":[{"count":1,"href":"https:\/\/noticiasmercedinas.com\/site\/wp-json\/wp\/v2\/posts\/133522\/revisions"}],"predecessor-version":[{"id":133525,"href":"https:\/\/noticiasmercedinas.com\/site\/wp-json\/wp\/v2\/posts\/133522\/revisions\/133525"}],"wp:featuredmedia":[{"embeddable":true,"href":"https:\/\/noticiasmercedinas.com\/site\/wp-json\/wp\/v2\/media\/133523"}],"wp:attachment":[{"href":"https:\/\/noticiasmercedinas.com\/site\/wp-json\/wp\/v2\/media?parent=133522"}],"wp:term":[{"taxonomy":"category","embeddable":true,"href":"https:\/\/noticiasmercedinas.com\/site\/wp-json\/wp\/v2\/categories?post=133522"},{"taxonomy":"post_tag","embeddable":true,"href":"https:\/\/noticiasmercedinas.com\/site\/wp-json\/wp\/v2\/tags?post=133522"}],"curies":[{"name":"wp","href":"https:\/\/api.w.org\/{rel}","templated":true}]}}