{"id":133611,"date":"2024-04-05T09:32:49","date_gmt":"2024-04-05T12:32:49","guid":{"rendered":"https:\/\/noticiasmercedinas.com\/site\/?p=133611"},"modified":"2024-04-05T09:32:49","modified_gmt":"2024-04-05T12:32:49","slug":"preocupa-el-avance-del-dengue-concejales-de-la-libertad-avanza-presentan-proyecto","status":"publish","type":"post","link":"https:\/\/noticiasmercedinas.com\/site\/2024\/04\/05\/preocupa-el-avance-del-dengue-concejales-de-la-libertad-avanza-presentan-proyecto\/","title":{"rendered":"Preocupa el avance del dengue: concejales de La Libertad Avanza presentan proyecto"},"content":{"rendered":"<p><img loading=\"lazy\" decoding=\"async\" class=\"alignnone size-full wp-image-129163\" src=\"https:\/\/noticiasmercedinas.com\/site\/wp-content\/uploads\/2023\/12\/pollachidileo.jpg\" alt=\"\" width=\"640\" height=\"406\" srcset=\"https:\/\/noticiasmercedinas.com\/site\/wp-content\/uploads\/2023\/12\/pollachidileo.jpg 640w, https:\/\/noticiasmercedinas.com\/site\/wp-content\/uploads\/2023\/12\/pollachidileo-300x190.jpg 300w\" sizes=\"auto, (max-width: 640px) 100vw, 640px\" \/><\/p>\n<p>El bloque de concejales de La Libertad Avanza en Mercedes ha manifestado su preocupaci\u00f3n ante la problem\u00e1tica del dengue y su creciente incidencia en el distrito. En respuesta a esta situaci\u00f3n alarmante, los concejales <strong>Mauricio Pollacchi<\/strong> y<strong> Silvia Di Leo<\/strong> han presentado un proyecto legislativo con el objetivo de abordar eficazmente esta emergencia sanitaria.<\/p>\n<p>Tal cual plantean y seg\u00fan datos obtenidos de manera informal, se ha registrado un brote epid\u00e9mico de dengue en la ciudad, con la detecci\u00f3n de casos aut\u00f3ctonos de serotipo 1 y serotipo 2. Los barrios m\u00e1s afectados hasta el momento ser\u00edan Facundo Quiroga, Malvinas, Marchetti, Uni\u00f3n y Progreso, aunque se enfatiza que la epidemia no se limita exclusivamente a estas \u00e1reas.<\/p>\n<p>Ante esta situaci\u00f3n, el bloque de La Libertad Avanza ha presentado un proyecto de resoluci\u00f3n que insta al Departamento Ejecutivo a tomar medidas urgentes para combatir la propagaci\u00f3n del dengue en Mercedes.<\/p>\n<p>El proyecto de resoluci\u00f3n incluye los siguientes puntos clave:<\/p>\n<p>Art\u00edculo 1: El Honorable Concejo Deliberante se dirige al Departamento Ejecutivo para que informe sobre la situaci\u00f3n epidemiol\u00f3gica del dengue en la ciudad de Mercedes.<\/p>\n<p>Art\u00edculo 2: Se solicita al Departamento Ejecutivo que realice de manera urgente actividades de fumigaci\u00f3n y descacharreo en la ciudad, con el fin de reducir la poblaci\u00f3n de mosquitos transmisores y eliminar posibles criaderos.<\/p>\n<p>Art\u00edculo 3: Se insta al Departamento Ejecutivo a tomar las medidas pertinentes para reforzar las campa\u00f1as de concientizaci\u00f3n a nivel comunitario, utilizando todos los medios disponibles, con el prop\u00f3sito de que la poblaci\u00f3n comprenda la gravedad del virus del dengue y la importancia de tomar medidas preventivas en sus hogares y lugares de trabajo.<\/p>\n<p>El bloque de concejales de La Libertad Avanza destaca la importancia de la acci\u00f3n proactiva y efectiva por parte de la Municipalidad de Mercedes en la prevenci\u00f3n y control de esta enfermedad.<\/p>\n","protected":false},"excerpt":{"rendered":"<p>\u25a0 Mauricio Pollacchi y Silvia Di Leo destacan la importancia de la acci\u00f3n proactiva y efectiva por parte de la Municipalidad de Mercedes en la prevenci\u00f3n y control de esta enfermedad.<\/p>\n","protected":false},"author":16,"featured_media":129163,"comment_status":"closed","ping_status":"closed","sticky":false,"template":"","format":"standard","meta":{"footnotes":""},"categories":[16],"tags":[18125,243,1139,15388,8739,14622],"class_list":["post-133611","post","type-post","status-publish","format-standard","has-post-thumbnail","hentry","category-politica","tag-brote","tag-concejo-deliberante","tag-dengue","tag-la-libertad-avanza","tag-mauricio-pollacchi","tag-silvia-di-leo"],"yoast_head":"<!-- This site is optimized with the Yoast SEO plugin v27.4 - https:\/\/yoast.com\/product\/yoast-seo-wordpress\/ -->\n<title>Preocupa el avance del dengue: concejales de La Libertad Avanza presentan proyecto<\/title>\n<meta name=\"robots\" content=\"index, follow, max-snippet:-1, max-image-preview:large, max-video-preview:-1\" \/>\n<link rel=\"canonical\" href=\"https:\/\/noticiasmercedinas.com\/site\/2024\/04\/05\/preocupa-el-avance-del-dengue-concejales-de-la-libertad-avanza-presentan-proyecto\/\" \/>\n<meta property=\"og:locale\" content=\"es_ES\" \/>\n<meta property=\"og:type\" content=\"article\" \/>\n<meta property=\"og:title\" content=\"Preocupa el avance del dengue: concejales de La Libertad Avanza presentan proyecto\" \/>\n<meta property=\"og:description\" content=\"\u25a0 Mauricio Pollacchi y Silvia Di Leo destacan la importancia de la acci\u00f3n proactiva y efectiva por parte de la Municipalidad de Mercedes en la prevenci\u00f3n y control de esta enfermedad.\" \/>\n<meta property=\"og:url\" content=\"https:\/\/noticiasmercedinas.com\/site\/2024\/04\/05\/preocupa-el-avance-del-dengue-concejales-de-la-libertad-avanza-presentan-proyecto\/\" \/>\n<meta property=\"og:site_name\" content=\"NOTICIASMERCEDINAS.COM\" \/>\n<meta property=\"article:publisher\" content=\"https:\/\/www.facebook.com\/noticiasmercedinas\/\" \/>\n<meta property=\"article:published_time\" content=\"2024-04-05T12:32:49+00:00\" \/>\n<meta property=\"og:image\" content=\"https:\/\/noticiasmercedinas.com\/site\/wp-content\/uploads\/2023\/12\/pollachidileo.jpg\" \/>\n\t<meta property=\"og:image:width\" content=\"640\" \/>\n\t<meta property=\"og:image:height\" content=\"406\" \/>\n\t<meta property=\"og:image:type\" content=\"image\/jpeg\" \/>\n<meta name=\"author\" content=\"NOTICIASMERCEDINAS.COM\" \/>\n<meta name=\"twitter:card\" content=\"summary_large_image\" \/>\n<meta name=\"twitter:creator\" content=\"@notmercedinas\" \/>\n<meta name=\"twitter:site\" content=\"@notmercedinas\" \/>\n<meta name=\"twitter:label1\" content=\"Escrito por\" \/>\n\t<meta name=\"twitter:data1\" content=\"NOTICIASMERCEDINAS.COM\" \/>\n\t<meta name=\"twitter:label2\" content=\"Tiempo de lectura\" \/>\n\t<meta name=\"twitter:data2\" content=\"2 minutos\" \/>\n<script type=\"application\/ld+json\" class=\"yoast-schema-graph\">{\"@context\":\"https:\\\/\\\/schema.org\",\"@graph\":[{\"@type\":\"Article\",\"@id\":\"https:\\\/\\\/noticiasmercedinas.com\\\/site\\\/2024\\\/04\\\/05\\\/preocupa-el-avance-del-dengue-concejales-de-la-libertad-avanza-presentan-proyecto\\\/#article\",\"isPartOf\":{\"@id\":\"https:\\\/\\\/noticiasmercedinas.com\\\/site\\\/2024\\\/04\\\/05\\\/preocupa-el-avance-del-dengue-concejales-de-la-libertad-avanza-presentan-proyecto\\\/\"},\"author\":{\"name\":\"NOTICIASMERCEDINAS.COM\",\"@id\":\"https:\\\/\\\/noticiasmercedinas.com\\\/site\\\/#\\\/schema\\\/person\\\/84b59c099c28ff2e8b77d4ceec5d8063\"},\"headline\":\"Preocupa el avance del dengue: concejales de La Libertad Avanza presentan proyecto\",\"datePublished\":\"2024-04-05T12:32:49+00:00\",\"mainEntityOfPage\":{\"@id\":\"https:\\\/\\\/noticiasmercedinas.com\\\/site\\\/2024\\\/04\\\/05\\\/preocupa-el-avance-del-dengue-concejales-de-la-libertad-avanza-presentan-proyecto\\\/\"},\"wordCount\":335,\"publisher\":{\"@id\":\"https:\\\/\\\/noticiasmercedinas.com\\\/site\\\/#organization\"},\"image\":{\"@id\":\"https:\\\/\\\/noticiasmercedinas.com\\\/site\\\/2024\\\/04\\\/05\\\/preocupa-el-avance-del-dengue-concejales-de-la-libertad-avanza-presentan-proyecto\\\/#primaryimage\"},\"thumbnailUrl\":\"https:\\\/\\\/noticiasmercedinas.com\\\/site\\\/wp-content\\\/uploads\\\/2023\\\/12\\\/pollachidileo.jpg\",\"keywords\":[\"brote\",\"concejo deliberante\",\"dengue\",\"la libertad avanza\",\"mauricio pollacchi\",\"Silvia Di Leo\"],\"articleSection\":[\"Politica\"],\"inLanguage\":\"es\"},{\"@type\":\"WebPage\",\"@id\":\"https:\\\/\\\/noticiasmercedinas.com\\\/site\\\/2024\\\/04\\\/05\\\/preocupa-el-avance-del-dengue-concejales-de-la-libertad-avanza-presentan-proyecto\\\/\",\"url\":\"https:\\\/\\\/noticiasmercedinas.com\\\/site\\\/2024\\\/04\\\/05\\\/preocupa-el-avance-del-dengue-concejales-de-la-libertad-avanza-presentan-proyecto\\\/\",\"name\":\"Preocupa el avance del dengue: concejales de La Libertad Avanza presentan proyecto\",\"isPartOf\":{\"@id\":\"https:\\\/\\\/noticiasmercedinas.com\\\/site\\\/#website\"},\"primaryImageOfPage\":{\"@id\":\"https:\\\/\\\/noticiasmercedinas.com\\\/site\\\/2024\\\/04\\\/05\\\/preocupa-el-avance-del-dengue-concejales-de-la-libertad-avanza-presentan-proyecto\\\/#primaryimage\"},\"image\":{\"@id\":\"https:\\\/\\\/noticiasmercedinas.com\\\/site\\\/2024\\\/04\\\/05\\\/preocupa-el-avance-del-dengue-concejales-de-la-libertad-avanza-presentan-proyecto\\\/#primaryimage\"},\"thumbnailUrl\":\"https:\\\/\\\/noticiasmercedinas.com\\\/site\\\/wp-content\\\/uploads\\\/2023\\\/12\\\/pollachidileo.jpg\",\"datePublished\":\"2024-04-05T12:32:49+00:00\",\"breadcrumb\":{\"@id\":\"https:\\\/\\\/noticiasmercedinas.com\\\/site\\\/2024\\\/04\\\/05\\\/preocupa-el-avance-del-dengue-concejales-de-la-libertad-avanza-presentan-proyecto\\\/#breadcrumb\"},\"inLanguage\":\"es\",\"potentialAction\":[{\"@type\":\"ReadAction\",\"target\":[\"https:\\\/\\\/noticiasmercedinas.com\\\/site\\\/2024\\\/04\\\/05\\\/preocupa-el-avance-del-dengue-concejales-de-la-libertad-avanza-presentan-proyecto\\\/\"]}]},{\"@type\":\"ImageObject\",\"inLanguage\":\"es\",\"@id\":\"https:\\\/\\\/noticiasmercedinas.com\\\/site\\\/2024\\\/04\\\/05\\\/preocupa-el-avance-del-dengue-concejales-de-la-libertad-avanza-presentan-proyecto\\\/#primaryimage\",\"url\":\"https:\\\/\\\/noticiasmercedinas.com\\\/site\\\/wp-content\\\/uploads\\\/2023\\\/12\\\/pollachidileo.jpg\",\"contentUrl\":\"https:\\\/\\\/noticiasmercedinas.com\\\/site\\\/wp-content\\\/uploads\\\/2023\\\/12\\\/pollachidileo.jpg\",\"width\":640,\"height\":406},{\"@type\":\"BreadcrumbList\",\"@id\":\"https:\\\/\\\/noticiasmercedinas.com\\\/site\\\/2024\\\/04\\\/05\\\/preocupa-el-avance-del-dengue-concejales-de-la-libertad-avanza-presentan-proyecto\\\/#breadcrumb\",\"itemListElement\":[{\"@type\":\"ListItem\",\"position\":1,\"name\":\"Portada\",\"item\":\"https:\\\/\\\/noticiasmercedinas.com\\\/site\\\/\"},{\"@type\":\"ListItem\",\"position\":2,\"name\":\"Preocupa el avance del dengue: concejales de La Libertad Avanza presentan proyecto\"}]},{\"@type\":\"WebSite\",\"@id\":\"https:\\\/\\\/noticiasmercedinas.com\\\/site\\\/#website\",\"url\":\"https:\\\/\\\/noticiasmercedinas.com\\\/site\\\/\",\"name\":\"NOTICIASMERCEDINAS.COM\",\"description\":\"Mercedes, Buenos Aires, Argentina\",\"publisher\":{\"@id\":\"https:\\\/\\\/noticiasmercedinas.com\\\/site\\\/#organization\"},\"potentialAction\":[{\"@type\":\"SearchAction\",\"target\":{\"@type\":\"EntryPoint\",\"urlTemplate\":\"https:\\\/\\\/noticiasmercedinas.com\\\/site\\\/?s={search_term_string}\"},\"query-input\":{\"@type\":\"PropertyValueSpecification\",\"valueRequired\":true,\"valueName\":\"search_term_string\"}}],\"inLanguage\":\"es\"},{\"@type\":\"Organization\",\"@id\":\"https:\\\/\\\/noticiasmercedinas.com\\\/site\\\/#organization\",\"name\":\"NOTICIASMERCEDINAS.COM\",\"url\":\"https:\\\/\\\/noticiasmercedinas.com\\\/site\\\/\",\"logo\":{\"@type\":\"ImageObject\",\"inLanguage\":\"es\",\"@id\":\"https:\\\/\\\/noticiasmercedinas.com\\\/site\\\/#\\\/schema\\\/logo\\\/image\\\/\",\"url\":\"https:\\\/\\\/noticiasmercedinas.com\\\/site\\\/wp-content\\\/uploads\\\/2020\\\/06\\\/LOGO-512.jpg\",\"contentUrl\":\"https:\\\/\\\/noticiasmercedinas.com\\\/site\\\/wp-content\\\/uploads\\\/2020\\\/06\\\/LOGO-512.jpg\",\"width\":512,\"height\":512,\"caption\":\"NOTICIASMERCEDINAS.COM\"},\"image\":{\"@id\":\"https:\\\/\\\/noticiasmercedinas.com\\\/site\\\/#\\\/schema\\\/logo\\\/image\\\/\"},\"sameAs\":[\"https:\\\/\\\/www.facebook.com\\\/noticiasmercedinas\\\/\",\"https:\\\/\\\/x.com\\\/notmercedinas\",\"https:\\\/\\\/www.instagram.com\\\/noticiasmercedinas\\\/\"]},{\"@type\":\"Person\",\"@id\":\"https:\\\/\\\/noticiasmercedinas.com\\\/site\\\/#\\\/schema\\\/person\\\/84b59c099c28ff2e8b77d4ceec5d8063\",\"name\":\"NOTICIASMERCEDINAS.COM\",\"image\":{\"@type\":\"ImageObject\",\"inLanguage\":\"es\",\"@id\":\"https:\\\/\\\/secure.gravatar.com\\\/avatar\\\/4dfbf16b4d17945bfb6341b2d19043457132fcf478a5ee04f42e959fd8f5df0a?s=96&d=mm&r=g\",\"url\":\"https:\\\/\\\/secure.gravatar.com\\\/avatar\\\/4dfbf16b4d17945bfb6341b2d19043457132fcf478a5ee04f42e959fd8f5df0a?s=96&d=mm&r=g\",\"contentUrl\":\"https:\\\/\\\/secure.gravatar.com\\\/avatar\\\/4dfbf16b4d17945bfb6341b2d19043457132fcf478a5ee04f42e959fd8f5df0a?s=96&d=mm&r=g\",\"caption\":\"NOTICIASMERCEDINAS.COM\"},\"url\":\"https:\\\/\\\/noticiasmercedinas.com\\\/site\\\/author\\\/anonimo\\\/\"}]}<\/script>\n<!-- \/ Yoast SEO plugin. -->","yoast_head_json":{"title":"Preocupa el avance del dengue: concejales de La Libertad Avanza presentan proyecto","robots":{"index":"index","follow":"follow","max-snippet":"max-snippet:-1","max-image-preview":"max-image-preview:large","max-video-preview":"max-video-preview:-1"},"canonical":"https:\/\/noticiasmercedinas.com\/site\/2024\/04\/05\/preocupa-el-avance-del-dengue-concejales-de-la-libertad-avanza-presentan-proyecto\/","og_locale":"es_ES","og_type":"article","og_title":"Preocupa el avance del dengue: concejales de La Libertad Avanza presentan proyecto","og_description":"\u25a0 Mauricio Pollacchi y Silvia Di Leo destacan la importancia de la acci\u00f3n proactiva y efectiva por parte de la Municipalidad de Mercedes en la prevenci\u00f3n y control de esta enfermedad.","og_url":"https:\/\/noticiasmercedinas.com\/site\/2024\/04\/05\/preocupa-el-avance-del-dengue-concejales-de-la-libertad-avanza-presentan-proyecto\/","og_site_name":"NOTICIASMERCEDINAS.COM","article_publisher":"https:\/\/www.facebook.com\/noticiasmercedinas\/","article_published_time":"2024-04-05T12:32:49+00:00","og_image":[{"width":640,"height":406,"url":"https:\/\/noticiasmercedinas.com\/site\/wp-content\/uploads\/2023\/12\/pollachidileo.jpg","type":"image\/jpeg"}],"author":"NOTICIASMERCEDINAS.COM","twitter_card":"summary_large_image","twitter_creator":"@notmercedinas","twitter_site":"@notmercedinas","twitter_misc":{"Escrito por":"NOTICIASMERCEDINAS.COM","Tiempo de lectura":"2 minutos"},"schema":{"@context":"https:\/\/schema.org","@graph":[{"@type":"Article","@id":"https:\/\/noticiasmercedinas.com\/site\/2024\/04\/05\/preocupa-el-avance-del-dengue-concejales-de-la-libertad-avanza-presentan-proyecto\/#article","isPartOf":{"@id":"https:\/\/noticiasmercedinas.com\/site\/2024\/04\/05\/preocupa-el-avance-del-dengue-concejales-de-la-libertad-avanza-presentan-proyecto\/"},"author":{"name":"NOTICIASMERCEDINAS.COM","@id":"https:\/\/noticiasmercedinas.com\/site\/#\/schema\/person\/84b59c099c28ff2e8b77d4ceec5d8063"},"headline":"Preocupa el avance del dengue: concejales de La Libertad Avanza presentan proyecto","datePublished":"2024-04-05T12:32:49+00:00","mainEntityOfPage":{"@id":"https:\/\/noticiasmercedinas.com\/site\/2024\/04\/05\/preocupa-el-avance-del-dengue-concejales-de-la-libertad-avanza-presentan-proyecto\/"},"wordCount":335,"publisher":{"@id":"https:\/\/noticiasmercedinas.com\/site\/#organization"},"image":{"@id":"https:\/\/noticiasmercedinas.com\/site\/2024\/04\/05\/preocupa-el-avance-del-dengue-concejales-de-la-libertad-avanza-presentan-proyecto\/#primaryimage"},"thumbnailUrl":"https:\/\/noticiasmercedinas.com\/site\/wp-content\/uploads\/2023\/12\/pollachidileo.jpg","keywords":["brote","concejo deliberante","dengue","la libertad avanza","mauricio pollacchi","Silvia Di Leo"],"articleSection":["Politica"],"inLanguage":"es"},{"@type":"WebPage","@id":"https:\/\/noticiasmercedinas.com\/site\/2024\/04\/05\/preocupa-el-avance-del-dengue-concejales-de-la-libertad-avanza-presentan-proyecto\/","url":"https:\/\/noticiasmercedinas.com\/site\/2024\/04\/05\/preocupa-el-avance-del-dengue-concejales-de-la-libertad-avanza-presentan-proyecto\/","name":"Preocupa el avance del dengue: concejales de La Libertad Avanza presentan proyecto","isPartOf":{"@id":"https:\/\/noticiasmercedinas.com\/site\/#website"},"primaryImageOfPage":{"@id":"https:\/\/noticiasmercedinas.com\/site\/2024\/04\/05\/preocupa-el-avance-del-dengue-concejales-de-la-libertad-avanza-presentan-proyecto\/#primaryimage"},"image":{"@id":"https:\/\/noticiasmercedinas.com\/site\/2024\/04\/05\/preocupa-el-avance-del-dengue-concejales-de-la-libertad-avanza-presentan-proyecto\/#primaryimage"},"thumbnailUrl":"https:\/\/noticiasmercedinas.com\/site\/wp-content\/uploads\/2023\/12\/pollachidileo.jpg","datePublished":"2024-04-05T12:32:49+00:00","breadcrumb":{"@id":"https:\/\/noticiasmercedinas.com\/site\/2024\/04\/05\/preocupa-el-avance-del-dengue-concejales-de-la-libertad-avanza-presentan-proyecto\/#breadcrumb"},"inLanguage":"es","potentialAction":[{"@type":"ReadAction","target":["https:\/\/noticiasmercedinas.com\/site\/2024\/04\/05\/preocupa-el-avance-del-dengue-concejales-de-la-libertad-avanza-presentan-proyecto\/"]}]},{"@type":"ImageObject","inLanguage":"es","@id":"https:\/\/noticiasmercedinas.com\/site\/2024\/04\/05\/preocupa-el-avance-del-dengue-concejales-de-la-libertad-avanza-presentan-proyecto\/#primaryimage","url":"https:\/\/noticiasmercedinas.com\/site\/wp-content\/uploads\/2023\/12\/pollachidileo.jpg","contentUrl":"https:\/\/noticiasmercedinas.com\/site\/wp-content\/uploads\/2023\/12\/pollachidileo.jpg","width":640,"height":406},{"@type":"BreadcrumbList","@id":"https:\/\/noticiasmercedinas.com\/site\/2024\/04\/05\/preocupa-el-avance-del-dengue-concejales-de-la-libertad-avanza-presentan-proyecto\/#breadcrumb","itemListElement":[{"@type":"ListItem","position":1,"name":"Portada","item":"https:\/\/noticiasmercedinas.com\/site\/"},{"@type":"ListItem","position":2,"name":"Preocupa el avance del dengue: concejales de La Libertad Avanza presentan proyecto"}]},{"@type":"WebSite","@id":"https:\/\/noticiasmercedinas.com\/site\/#website","url":"https:\/\/noticiasmercedinas.com\/site\/","name":"NOTICIASMERCEDINAS.COM","description":"Mercedes, Buenos Aires, Argentina","publisher":{"@id":"https:\/\/noticiasmercedinas.com\/site\/#organization"},"potentialAction":[{"@type":"SearchAction","target":{"@type":"EntryPoint","urlTemplate":"https:\/\/noticiasmercedinas.com\/site\/?s={search_term_string}"},"query-input":{"@type":"PropertyValueSpecification","valueRequired":true,"valueName":"search_term_string"}}],"inLanguage":"es"},{"@type":"Organization","@id":"https:\/\/noticiasmercedinas.com\/site\/#organization","name":"NOTICIASMERCEDINAS.COM","url":"https:\/\/noticiasmercedinas.com\/site\/","logo":{"@type":"ImageObject","inLanguage":"es","@id":"https:\/\/noticiasmercedinas.com\/site\/#\/schema\/logo\/image\/","url":"https:\/\/noticiasmercedinas.com\/site\/wp-content\/uploads\/2020\/06\/LOGO-512.jpg","contentUrl":"https:\/\/noticiasmercedinas.com\/site\/wp-content\/uploads\/2020\/06\/LOGO-512.jpg","width":512,"height":512,"caption":"NOTICIASMERCEDINAS.COM"},"image":{"@id":"https:\/\/noticiasmercedinas.com\/site\/#\/schema\/logo\/image\/"},"sameAs":["https:\/\/www.facebook.com\/noticiasmercedinas\/","https:\/\/x.com\/notmercedinas","https:\/\/www.instagram.com\/noticiasmercedinas\/"]},{"@type":"Person","@id":"https:\/\/noticiasmercedinas.com\/site\/#\/schema\/person\/84b59c099c28ff2e8b77d4ceec5d8063","name":"NOTICIASMERCEDINAS.COM","image":{"@type":"ImageObject","inLanguage":"es","@id":"https:\/\/secure.gravatar.com\/avatar\/4dfbf16b4d17945bfb6341b2d19043457132fcf478a5ee04f42e959fd8f5df0a?s=96&d=mm&r=g","url":"https:\/\/secure.gravatar.com\/avatar\/4dfbf16b4d17945bfb6341b2d19043457132fcf478a5ee04f42e959fd8f5df0a?s=96&d=mm&r=g","contentUrl":"https:\/\/secure.gravatar.com\/avatar\/4dfbf16b4d17945bfb6341b2d19043457132fcf478a5ee04f42e959fd8f5df0a?s=96&d=mm&r=g","caption":"NOTICIASMERCEDINAS.COM"},"url":"https:\/\/noticiasmercedinas.com\/site\/author\/anonimo\/"}]}},"amp_enabled":true,"_links":{"self":[{"href":"https:\/\/noticiasmercedinas.com\/site\/wp-json\/wp\/v2\/posts\/133611","targetHints":{"allow":["GET"]}}],"collection":[{"href":"https:\/\/noticiasmercedinas.com\/site\/wp-json\/wp\/v2\/posts"}],"about":[{"href":"https:\/\/noticiasmercedinas.com\/site\/wp-json\/wp\/v2\/types\/post"}],"author":[{"embeddable":true,"href":"https:\/\/noticiasmercedinas.com\/site\/wp-json\/wp\/v2\/users\/16"}],"replies":[{"embeddable":true,"href":"https:\/\/noticiasmercedinas.com\/site\/wp-json\/wp\/v2\/comments?post=133611"}],"version-history":[{"count":1,"href":"https:\/\/noticiasmercedinas.com\/site\/wp-json\/wp\/v2\/posts\/133611\/revisions"}],"predecessor-version":[{"id":133612,"href":"https:\/\/noticiasmercedinas.com\/site\/wp-json\/wp\/v2\/posts\/133611\/revisions\/133612"}],"wp:featuredmedia":[{"embeddable":true,"href":"https:\/\/noticiasmercedinas.com\/site\/wp-json\/wp\/v2\/media\/129163"}],"wp:attachment":[{"href":"https:\/\/noticiasmercedinas.com\/site\/wp-json\/wp\/v2\/media?parent=133611"}],"wp:term":[{"taxonomy":"category","embeddable":true,"href":"https:\/\/noticiasmercedinas.com\/site\/wp-json\/wp\/v2\/categories?post=133611"},{"taxonomy":"post_tag","embeddable":true,"href":"https:\/\/noticiasmercedinas.com\/site\/wp-json\/wp\/v2\/tags?post=133611"}],"curies":[{"name":"wp","href":"https:\/\/api.w.org\/{rel}","templated":true}]}}