{"id":133643,"date":"2024-04-05T17:07:02","date_gmt":"2024-04-05T20:07:02","guid":{"rendered":"https:\/\/noticiasmercedinas.com\/site\/?p=133643"},"modified":"2024-04-05T17:07:02","modified_gmt":"2024-04-05T20:07:02","slug":"preocupacion-por-el-aumento-de-casos-de-dengue-juntos-pide-que-se-coloquen-vacunas","status":"publish","type":"post","link":"https:\/\/noticiasmercedinas.com\/site\/2024\/04\/05\/preocupacion-por-el-aumento-de-casos-de-dengue-juntos-pide-que-se-coloquen-vacunas\/","title":{"rendered":"Preocupaci\u00f3n por el aumento de casos de dengue: Juntos pide que se coloquen vacunas"},"content":{"rendered":"<p><img loading=\"lazy\" decoding=\"async\" class=\"alignnone size-full wp-image-133644\" src=\"https:\/\/noticiasmercedinas.com\/site\/wp-content\/uploads\/2024\/04\/DANELIVALDISIMG_2758.jpg\" alt=\"\" width=\"640\" height=\"439\" srcset=\"https:\/\/noticiasmercedinas.com\/site\/wp-content\/uploads\/2024\/04\/DANELIVALDISIMG_2758.jpg 640w, https:\/\/noticiasmercedinas.com\/site\/wp-content\/uploads\/2024\/04\/DANELIVALDISIMG_2758-300x206.jpg 300w\" sizes=\"auto, (max-width: 640px) 100vw, 640px\" \/><\/p>\n<p>El concejal de la UCR Mercedes en el bloque Juntos por el Cambio, <strong>Daniel Ivaldis<\/strong>, ha expresado una profunda preocupaci\u00f3n por el crecimiento de los casos de dengue en el distrito de Mercedes. Esta enfermedad, que est\u00e1 en constante avance en todo el territorio bonaerense, exige medidas urgentes seg\u00fan Ivaldis.<\/p>\n<p>En un di\u00e1logo con este medio, el concejal destac\u00f3 que el aumento de casos en Mercedes est\u00e1 relacionado con la proliferaci\u00f3n de mosquitos, la cantidad de espacios verdes y la necesidad de una estrategia m\u00e1s efectiva de acciones para controlar la situaci\u00f3n, \u00abque incluyan no solo fumigaci\u00f3n sino tambi\u00e9n charlas y educaci\u00f3n\u00bb.<\/p>\n<p>\u00abCreemos necesario tambi\u00e9n que a trav\u00e9s de los medios de prensa, instituciones intermedias, escuelas tanto p\u00fablicas como privadas, en cada domicilio, en cada barrio, se haga llegar informaci\u00f3n a cada uno de los vecinos para tomar conciencia de este problema, que nos aqueja a todos. Muchos entendieron que va a demorarse un tiempo m\u00e1s, pero tambi\u00e9n\u00a0 debemos establecer mecanismos que est\u00e9n latentes para cuando esto se aplaque y luego vuelva a aparecer\u00bb, consider\u00f3 Ivaldis.<\/p>\n<blockquote><p>\u00abCreemos necesario tambi\u00e9n que a trav\u00e9s de los medios de prensa, instituciones intermedias, escuelas tanto p\u00fablicas como privadas, en cada domicilio, en cada barrio, se haga llegar informaci\u00f3n a cada uno de los vecinos para tomar conciencia de este problema, que nos aqueja a todos\u00bb<\/p><\/blockquote>\n<p>En este sentido, desde el Concejo Deliberante est\u00e1n presentando un proyecto de resoluci\u00f3n para la pr\u00f3xima sesi\u00f3n con el objeto de solicitar al Ministerio de Salud de la Provincia de Buenos Aires que eval\u00fae la incorporaci\u00f3n de la vacuna contra el dengue al calendario de vacunaci\u00f3n provincial.<\/p>\n<p>El proyecto de resoluci\u00f3n, presentado por el Bloque de Concejales del Frente Juntos, destaca la importancia de esta medida en el contexto de un incremento notable de casos de dengue a nivel mundial.<\/p>\n<p>Adem\u00e1s, hace hincapi\u00e9 en que el dengue se transmite a trav\u00e9s de la picadura de un mosquito infectado y puede progresar a formas graves, incluyendo la muerte de la persona contagiada.<\/p>\n<blockquote><p>Se enfatiza que ninguna vacuna debe ser la \u00fanica estrategia de prevenci\u00f3n, y se insta al Estado Municipal a llevar a cabo campa\u00f1as de concientizaci\u00f3n y control de criaderos de mosquitos como parte de una estrategia integral de prevenci\u00f3n.<\/p><\/blockquote>\n<p>La propuesta tambi\u00e9n resalta que la vacuna contra el dengue, aprobada por la Administraci\u00f3n Nacional de Medicamentos, Alimentos y Tecnolog\u00eda M\u00e9dica (ANMAT), es una de las estrategias m\u00e1s efectivas para prevenir la enfermedad. Sin embargo, se enfatiza que ninguna vacuna debe ser la \u00fanica estrategia de prevenci\u00f3n, y se insta al Estado Municipal a llevar a cabo campa\u00f1as de concientizaci\u00f3n y control de criaderos de mosquitos como parte de una estrategia integral de prevenci\u00f3n.<\/p>\n<p>El proyecto de resoluci\u00f3n, que ser\u00e1 presentado en la pr\u00f3xima sesi\u00f3n del Concejo Deliberante, tambi\u00e9n contempla enviar copias al Sr. Gobernador de la Provincia de Buenos Aires y a los Honorables Concejos Deliberantes de la Provincia de Buenos Aires, as\u00ed como al Departamento Ejecutivo para su acompa\u00f1amiento y gesti\u00f3n.<\/p>\n","protected":false},"excerpt":{"rendered":"<p>\u25a0 Plantean solicitar al Ministerio de Salud de la Provincia de Buenos Aires que se eval\u00fae la incorporaci\u00f3n de la vacuna contra el dengue al calendario de vacunaci\u00f3n provincial.<\/p>\n","protected":false},"author":16,"featured_media":133644,"comment_status":"closed","ping_status":"closed","sticky":false,"template":"","format":"standard","meta":{"footnotes":""},"categories":[16],"tags":[243,5431,1139,5269,4556],"class_list":["post-133643","post","type-post","status-publish","format-standard","has-post-thumbnail","hentry","category-politica","tag-concejo-deliberante","tag-daniel-ivaldis","tag-dengue","tag-juntos-por-el-cambio","tag-vacunas"],"yoast_head":"<!-- This site is optimized with the Yoast SEO plugin v28.4 - https:\/\/yoast.com\/product\/yoast-seo-wordpress\/ -->\n<title>Preocupaci\u00f3n por el aumento de casos de dengue: Juntos pide que se coloquen vacunas<\/title>\n<meta name=\"robots\" content=\"index, follow, max-snippet:-1, max-image-preview:large, max-video-preview:-1\" \/>\n<link rel=\"canonical\" href=\"https:\/\/noticiasmercedinas.com\/site\/2024\/04\/05\/preocupacion-por-el-aumento-de-casos-de-dengue-juntos-pide-que-se-coloquen-vacunas\/\" \/>\n<meta property=\"og:locale\" content=\"es_ES\" \/>\n<meta property=\"og:type\" content=\"article\" \/>\n<meta property=\"og:title\" content=\"Preocupaci\u00f3n por el aumento de casos de dengue: Juntos pide que se coloquen vacunas\" \/>\n<meta property=\"og:description\" content=\"\u25a0 Plantean solicitar al Ministerio de Salud de la Provincia de Buenos Aires que se eval\u00fae la incorporaci\u00f3n de la vacuna contra el dengue al calendario de vacunaci\u00f3n provincial.\" \/>\n<meta property=\"og:url\" content=\"https:\/\/noticiasmercedinas.com\/site\/2024\/04\/05\/preocupacion-por-el-aumento-de-casos-de-dengue-juntos-pide-que-se-coloquen-vacunas\/\" \/>\n<meta property=\"og:site_name\" content=\"NOTICIASMERCEDINAS.COM\" \/>\n<meta property=\"article:publisher\" content=\"https:\/\/www.facebook.com\/noticiasmercedinas\/\" \/>\n<meta property=\"article:published_time\" content=\"2024-04-05T20:07:02+00:00\" \/>\n<meta property=\"og:image\" content=\"https:\/\/noticiasmercedinas.com\/site\/wp-content\/uploads\/2024\/04\/DANELIVALDISIMG_2758.jpg\" \/>\n\t<meta property=\"og:image:width\" content=\"640\" \/>\n\t<meta property=\"og:image:height\" content=\"439\" \/>\n\t<meta property=\"og:image:type\" content=\"image\/jpeg\" \/>\n<meta name=\"author\" content=\"NOTICIASMERCEDINAS.COM\" \/>\n<meta name=\"twitter:card\" content=\"summary_large_image\" \/>\n<meta name=\"twitter:creator\" content=\"@notmercedinas\" \/>\n<meta name=\"twitter:site\" content=\"@notmercedinas\" \/>\n<meta name=\"twitter:label1\" content=\"Escrito por\" \/>\n\t<meta name=\"twitter:data1\" content=\"NOTICIASMERCEDINAS.COM\" \/>\n\t<meta name=\"twitter:label2\" content=\"Tiempo de lectura\" \/>\n\t<meta name=\"twitter:data2\" content=\"3 minutos\" \/>\n<script type=\"application\/ld+json\" class=\"yoast-schema-graph\">{\"@context\":\"https:\\\/\\\/schema.org\",\"@graph\":[{\"@type\":\"Article\",\"@id\":\"https:\\\/\\\/noticiasmercedinas.com\\\/site\\\/2024\\\/04\\\/05\\\/preocupacion-por-el-aumento-de-casos-de-dengue-juntos-pide-que-se-coloquen-vacunas\\\/#article\",\"isPartOf\":{\"@id\":\"https:\\\/\\\/noticiasmercedinas.com\\\/site\\\/2024\\\/04\\\/05\\\/preocupacion-por-el-aumento-de-casos-de-dengue-juntos-pide-que-se-coloquen-vacunas\\\/\"},\"author\":{\"name\":\"NOTICIASMERCEDINAS.COM\",\"@id\":\"https:\\\/\\\/noticiasmercedinas.com\\\/site\\\/#\\\/schema\\\/person\\\/84b59c099c28ff2e8b77d4ceec5d8063\"},\"headline\":\"Preocupaci\u00f3n por el aumento de casos de dengue: Juntos pide que se coloquen vacunas\",\"datePublished\":\"2024-04-05T20:07:02+00:00\",\"mainEntityOfPage\":{\"@id\":\"https:\\\/\\\/noticiasmercedinas.com\\\/site\\\/2024\\\/04\\\/05\\\/preocupacion-por-el-aumento-de-casos-de-dengue-juntos-pide-que-se-coloquen-vacunas\\\/\"},\"wordCount\":558,\"publisher\":{\"@id\":\"https:\\\/\\\/noticiasmercedinas.com\\\/site\\\/#organization\"},\"image\":{\"@id\":\"https:\\\/\\\/noticiasmercedinas.com\\\/site\\\/2024\\\/04\\\/05\\\/preocupacion-por-el-aumento-de-casos-de-dengue-juntos-pide-que-se-coloquen-vacunas\\\/#primaryimage\"},\"thumbnailUrl\":\"https:\\\/\\\/noticiasmercedinas.com\\\/site\\\/wp-content\\\/uploads\\\/2024\\\/04\\\/DANELIVALDISIMG_2758.jpg\",\"keywords\":[\"concejo deliberante\",\"Daniel Ivaldis\",\"dengue\",\"juntos por el cambio\",\"vacunas\"],\"articleSection\":[\"Politica\"],\"inLanguage\":\"es\"},{\"@type\":\"WebPage\",\"@id\":\"https:\\\/\\\/noticiasmercedinas.com\\\/site\\\/2024\\\/04\\\/05\\\/preocupacion-por-el-aumento-de-casos-de-dengue-juntos-pide-que-se-coloquen-vacunas\\\/\",\"url\":\"https:\\\/\\\/noticiasmercedinas.com\\\/site\\\/2024\\\/04\\\/05\\\/preocupacion-por-el-aumento-de-casos-de-dengue-juntos-pide-que-se-coloquen-vacunas\\\/\",\"name\":\"Preocupaci\u00f3n por el aumento de casos de dengue: Juntos pide que se coloquen vacunas\",\"isPartOf\":{\"@id\":\"https:\\\/\\\/noticiasmercedinas.com\\\/site\\\/#website\"},\"primaryImageOfPage\":{\"@id\":\"https:\\\/\\\/noticiasmercedinas.com\\\/site\\\/2024\\\/04\\\/05\\\/preocupacion-por-el-aumento-de-casos-de-dengue-juntos-pide-que-se-coloquen-vacunas\\\/#primaryimage\"},\"image\":{\"@id\":\"https:\\\/\\\/noticiasmercedinas.com\\\/site\\\/2024\\\/04\\\/05\\\/preocupacion-por-el-aumento-de-casos-de-dengue-juntos-pide-que-se-coloquen-vacunas\\\/#primaryimage\"},\"thumbnailUrl\":\"https:\\\/\\\/noticiasmercedinas.com\\\/site\\\/wp-content\\\/uploads\\\/2024\\\/04\\\/DANELIVALDISIMG_2758.jpg\",\"datePublished\":\"2024-04-05T20:07:02+00:00\",\"breadcrumb\":{\"@id\":\"https:\\\/\\\/noticiasmercedinas.com\\\/site\\\/2024\\\/04\\\/05\\\/preocupacion-por-el-aumento-de-casos-de-dengue-juntos-pide-que-se-coloquen-vacunas\\\/#breadcrumb\"},\"inLanguage\":\"es\",\"potentialAction\":[{\"@type\":\"ReadAction\",\"target\":[\"https:\\\/\\\/noticiasmercedinas.com\\\/site\\\/2024\\\/04\\\/05\\\/preocupacion-por-el-aumento-de-casos-de-dengue-juntos-pide-que-se-coloquen-vacunas\\\/\"]}]},{\"@type\":\"ImageObject\",\"inLanguage\":\"es\",\"@id\":\"https:\\\/\\\/noticiasmercedinas.com\\\/site\\\/2024\\\/04\\\/05\\\/preocupacion-por-el-aumento-de-casos-de-dengue-juntos-pide-que-se-coloquen-vacunas\\\/#primaryimage\",\"url\":\"https:\\\/\\\/noticiasmercedinas.com\\\/site\\\/wp-content\\\/uploads\\\/2024\\\/04\\\/DANELIVALDISIMG_2758.jpg\",\"contentUrl\":\"https:\\\/\\\/noticiasmercedinas.com\\\/site\\\/wp-content\\\/uploads\\\/2024\\\/04\\\/DANELIVALDISIMG_2758.jpg\",\"width\":640,\"height\":439},{\"@type\":\"BreadcrumbList\",\"@id\":\"https:\\\/\\\/noticiasmercedinas.com\\\/site\\\/2024\\\/04\\\/05\\\/preocupacion-por-el-aumento-de-casos-de-dengue-juntos-pide-que-se-coloquen-vacunas\\\/#breadcrumb\",\"itemListElement\":[{\"@type\":\"ListItem\",\"position\":1,\"name\":\"Portada\",\"item\":\"https:\\\/\\\/noticiasmercedinas.com\\\/site\\\/\"},{\"@type\":\"ListItem\",\"position\":2,\"name\":\"Preocupaci\u00f3n por el aumento de casos de dengue: Juntos pide que se coloquen vacunas\"}]},{\"@type\":\"WebSite\",\"@id\":\"https:\\\/\\\/noticiasmercedinas.com\\\/site\\\/#website\",\"url\":\"https:\\\/\\\/noticiasmercedinas.com\\\/site\\\/\",\"name\":\"NOTICIASMERCEDINAS.COM\",\"description\":\"Mercedes, Buenos Aires, Argentina\",\"publisher\":{\"@id\":\"https:\\\/\\\/noticiasmercedinas.com\\\/site\\\/#organization\"},\"potentialAction\":[{\"@type\":\"SearchAction\",\"target\":{\"@type\":\"EntryPoint\",\"urlTemplate\":\"https:\\\/\\\/noticiasmercedinas.com\\\/site\\\/?s={search_term_string}\"},\"query-input\":{\"@type\":\"PropertyValueSpecification\",\"valueRequired\":true,\"valueName\":\"search_term_string\"}}],\"inLanguage\":\"es\"},{\"@type\":\"Organization\",\"@id\":\"https:\\\/\\\/noticiasmercedinas.com\\\/site\\\/#organization\",\"name\":\"NOTICIASMERCEDINAS.COM\",\"url\":\"https:\\\/\\\/noticiasmercedinas.com\\\/site\\\/\",\"logo\":{\"@type\":\"ImageObject\",\"inLanguage\":\"es\",\"@id\":\"https:\\\/\\\/noticiasmercedinas.com\\\/site\\\/#\\\/schema\\\/logo\\\/image\\\/\",\"url\":\"https:\\\/\\\/noticiasmercedinas.com\\\/site\\\/wp-content\\\/uploads\\\/2020\\\/06\\\/LOGO-512.jpg\",\"contentUrl\":\"https:\\\/\\\/noticiasmercedinas.com\\\/site\\\/wp-content\\\/uploads\\\/2020\\\/06\\\/LOGO-512.jpg\",\"width\":512,\"height\":512,\"caption\":\"NOTICIASMERCEDINAS.COM\"},\"image\":{\"@id\":\"https:\\\/\\\/noticiasmercedinas.com\\\/site\\\/#\\\/schema\\\/logo\\\/image\\\/\"},\"sameAs\":[\"https:\\\/\\\/www.facebook.com\\\/noticiasmercedinas\\\/\",\"https:\\\/\\\/x.com\\\/notmercedinas\",\"https:\\\/\\\/www.instagram.com\\\/noticiasmercedinas\\\/\"]},{\"@type\":\"Person\",\"@id\":\"https:\\\/\\\/noticiasmercedinas.com\\\/site\\\/#\\\/schema\\\/person\\\/84b59c099c28ff2e8b77d4ceec5d8063\",\"name\":\"NOTICIASMERCEDINAS.COM\",\"image\":{\"@type\":\"ImageObject\",\"inLanguage\":\"es\",\"@id\":\"https:\\\/\\\/secure.gravatar.com\\\/avatar\\\/4dfbf16b4d17945bfb6341b2d19043457132fcf478a5ee04f42e959fd8f5df0a?s=96&d=mm&r=g\",\"url\":\"https:\\\/\\\/secure.gravatar.com\\\/avatar\\\/4dfbf16b4d17945bfb6341b2d19043457132fcf478a5ee04f42e959fd8f5df0a?s=96&d=mm&r=g\",\"contentUrl\":\"https:\\\/\\\/secure.gravatar.com\\\/avatar\\\/4dfbf16b4d17945bfb6341b2d19043457132fcf478a5ee04f42e959fd8f5df0a?s=96&d=mm&r=g\",\"caption\":\"NOTICIASMERCEDINAS.COM\"},\"url\":\"https:\\\/\\\/noticiasmercedinas.com\\\/site\\\/author\\\/anonimo\\\/\"}]}<\/script>\n<!-- \/ Yoast SEO plugin. -->","yoast_head_json":{"title":"Preocupaci\u00f3n por el aumento de casos de dengue: Juntos pide que se coloquen vacunas","robots":{"index":"index","follow":"follow","max-snippet":"max-snippet:-1","max-image-preview":"max-image-preview:large","max-video-preview":"max-video-preview:-1"},"canonical":"https:\/\/noticiasmercedinas.com\/site\/2024\/04\/05\/preocupacion-por-el-aumento-de-casos-de-dengue-juntos-pide-que-se-coloquen-vacunas\/","og_locale":"es_ES","og_type":"article","og_title":"Preocupaci\u00f3n por el aumento de casos de dengue: Juntos pide que se coloquen vacunas","og_description":"\u25a0 Plantean solicitar al Ministerio de Salud de la Provincia de Buenos Aires que se eval\u00fae la incorporaci\u00f3n de la vacuna contra el dengue al calendario de vacunaci\u00f3n provincial.","og_url":"https:\/\/noticiasmercedinas.com\/site\/2024\/04\/05\/preocupacion-por-el-aumento-de-casos-de-dengue-juntos-pide-que-se-coloquen-vacunas\/","og_site_name":"NOTICIASMERCEDINAS.COM","article_publisher":"https:\/\/www.facebook.com\/noticiasmercedinas\/","article_published_time":"2024-04-05T20:07:02+00:00","og_image":[{"width":640,"height":439,"url":"https:\/\/noticiasmercedinas.com\/site\/wp-content\/uploads\/2024\/04\/DANELIVALDISIMG_2758.jpg","type":"image\/jpeg"}],"author":"NOTICIASMERCEDINAS.COM","twitter_card":"summary_large_image","twitter_creator":"@notmercedinas","twitter_site":"@notmercedinas","twitter_misc":{"Escrito por":"NOTICIASMERCEDINAS.COM","Tiempo de lectura":"3 minutos"},"schema":{"@context":"https:\/\/schema.org","@graph":[{"@type":"Article","@id":"https:\/\/noticiasmercedinas.com\/site\/2024\/04\/05\/preocupacion-por-el-aumento-de-casos-de-dengue-juntos-pide-que-se-coloquen-vacunas\/#article","isPartOf":{"@id":"https:\/\/noticiasmercedinas.com\/site\/2024\/04\/05\/preocupacion-por-el-aumento-de-casos-de-dengue-juntos-pide-que-se-coloquen-vacunas\/"},"author":{"name":"NOTICIASMERCEDINAS.COM","@id":"https:\/\/noticiasmercedinas.com\/site\/#\/schema\/person\/84b59c099c28ff2e8b77d4ceec5d8063"},"headline":"Preocupaci\u00f3n por el aumento de casos de dengue: Juntos pide que se coloquen vacunas","datePublished":"2024-04-05T20:07:02+00:00","mainEntityOfPage":{"@id":"https:\/\/noticiasmercedinas.com\/site\/2024\/04\/05\/preocupacion-por-el-aumento-de-casos-de-dengue-juntos-pide-que-se-coloquen-vacunas\/"},"wordCount":558,"publisher":{"@id":"https:\/\/noticiasmercedinas.com\/site\/#organization"},"image":{"@id":"https:\/\/noticiasmercedinas.com\/site\/2024\/04\/05\/preocupacion-por-el-aumento-de-casos-de-dengue-juntos-pide-que-se-coloquen-vacunas\/#primaryimage"},"thumbnailUrl":"https:\/\/noticiasmercedinas.com\/site\/wp-content\/uploads\/2024\/04\/DANELIVALDISIMG_2758.jpg","keywords":["concejo deliberante","Daniel Ivaldis","dengue","juntos por el cambio","vacunas"],"articleSection":["Politica"],"inLanguage":"es"},{"@type":"WebPage","@id":"https:\/\/noticiasmercedinas.com\/site\/2024\/04\/05\/preocupacion-por-el-aumento-de-casos-de-dengue-juntos-pide-que-se-coloquen-vacunas\/","url":"https:\/\/noticiasmercedinas.com\/site\/2024\/04\/05\/preocupacion-por-el-aumento-de-casos-de-dengue-juntos-pide-que-se-coloquen-vacunas\/","name":"Preocupaci\u00f3n por el aumento de casos de dengue: Juntos pide que se coloquen vacunas","isPartOf":{"@id":"https:\/\/noticiasmercedinas.com\/site\/#website"},"primaryImageOfPage":{"@id":"https:\/\/noticiasmercedinas.com\/site\/2024\/04\/05\/preocupacion-por-el-aumento-de-casos-de-dengue-juntos-pide-que-se-coloquen-vacunas\/#primaryimage"},"image":{"@id":"https:\/\/noticiasmercedinas.com\/site\/2024\/04\/05\/preocupacion-por-el-aumento-de-casos-de-dengue-juntos-pide-que-se-coloquen-vacunas\/#primaryimage"},"thumbnailUrl":"https:\/\/noticiasmercedinas.com\/site\/wp-content\/uploads\/2024\/04\/DANELIVALDISIMG_2758.jpg","datePublished":"2024-04-05T20:07:02+00:00","breadcrumb":{"@id":"https:\/\/noticiasmercedinas.com\/site\/2024\/04\/05\/preocupacion-por-el-aumento-de-casos-de-dengue-juntos-pide-que-se-coloquen-vacunas\/#breadcrumb"},"inLanguage":"es","potentialAction":[{"@type":"ReadAction","target":["https:\/\/noticiasmercedinas.com\/site\/2024\/04\/05\/preocupacion-por-el-aumento-de-casos-de-dengue-juntos-pide-que-se-coloquen-vacunas\/"]}]},{"@type":"ImageObject","inLanguage":"es","@id":"https:\/\/noticiasmercedinas.com\/site\/2024\/04\/05\/preocupacion-por-el-aumento-de-casos-de-dengue-juntos-pide-que-se-coloquen-vacunas\/#primaryimage","url":"https:\/\/noticiasmercedinas.com\/site\/wp-content\/uploads\/2024\/04\/DANELIVALDISIMG_2758.jpg","contentUrl":"https:\/\/noticiasmercedinas.com\/site\/wp-content\/uploads\/2024\/04\/DANELIVALDISIMG_2758.jpg","width":640,"height":439},{"@type":"BreadcrumbList","@id":"https:\/\/noticiasmercedinas.com\/site\/2024\/04\/05\/preocupacion-por-el-aumento-de-casos-de-dengue-juntos-pide-que-se-coloquen-vacunas\/#breadcrumb","itemListElement":[{"@type":"ListItem","position":1,"name":"Portada","item":"https:\/\/noticiasmercedinas.com\/site\/"},{"@type":"ListItem","position":2,"name":"Preocupaci\u00f3n por el aumento de casos de dengue: Juntos pide que se coloquen vacunas"}]},{"@type":"WebSite","@id":"https:\/\/noticiasmercedinas.com\/site\/#website","url":"https:\/\/noticiasmercedinas.com\/site\/","name":"NOTICIASMERCEDINAS.COM","description":"Mercedes, Buenos Aires, Argentina","publisher":{"@id":"https:\/\/noticiasmercedinas.com\/site\/#organization"},"potentialAction":[{"@type":"SearchAction","target":{"@type":"EntryPoint","urlTemplate":"https:\/\/noticiasmercedinas.com\/site\/?s={search_term_string}"},"query-input":{"@type":"PropertyValueSpecification","valueRequired":true,"valueName":"search_term_string"}}],"inLanguage":"es"},{"@type":"Organization","@id":"https:\/\/noticiasmercedinas.com\/site\/#organization","name":"NOTICIASMERCEDINAS.COM","url":"https:\/\/noticiasmercedinas.com\/site\/","logo":{"@type":"ImageObject","inLanguage":"es","@id":"https:\/\/noticiasmercedinas.com\/site\/#\/schema\/logo\/image\/","url":"https:\/\/noticiasmercedinas.com\/site\/wp-content\/uploads\/2020\/06\/LOGO-512.jpg","contentUrl":"https:\/\/noticiasmercedinas.com\/site\/wp-content\/uploads\/2020\/06\/LOGO-512.jpg","width":512,"height":512,"caption":"NOTICIASMERCEDINAS.COM"},"image":{"@id":"https:\/\/noticiasmercedinas.com\/site\/#\/schema\/logo\/image\/"},"sameAs":["https:\/\/www.facebook.com\/noticiasmercedinas\/","https:\/\/x.com\/notmercedinas","https:\/\/www.instagram.com\/noticiasmercedinas\/"]},{"@type":"Person","@id":"https:\/\/noticiasmercedinas.com\/site\/#\/schema\/person\/84b59c099c28ff2e8b77d4ceec5d8063","name":"NOTICIASMERCEDINAS.COM","image":{"@type":"ImageObject","inLanguage":"es","@id":"https:\/\/secure.gravatar.com\/avatar\/4dfbf16b4d17945bfb6341b2d19043457132fcf478a5ee04f42e959fd8f5df0a?s=96&d=mm&r=g","url":"https:\/\/secure.gravatar.com\/avatar\/4dfbf16b4d17945bfb6341b2d19043457132fcf478a5ee04f42e959fd8f5df0a?s=96&d=mm&r=g","contentUrl":"https:\/\/secure.gravatar.com\/avatar\/4dfbf16b4d17945bfb6341b2d19043457132fcf478a5ee04f42e959fd8f5df0a?s=96&d=mm&r=g","caption":"NOTICIASMERCEDINAS.COM"},"url":"https:\/\/noticiasmercedinas.com\/site\/author\/anonimo\/"}]}},"amp_enabled":true,"_links":{"self":[{"href":"https:\/\/noticiasmercedinas.com\/site\/wp-json\/wp\/v2\/posts\/133643","targetHints":{"allow":["GET"]}}],"collection":[{"href":"https:\/\/noticiasmercedinas.com\/site\/wp-json\/wp\/v2\/posts"}],"about":[{"href":"https:\/\/noticiasmercedinas.com\/site\/wp-json\/wp\/v2\/types\/post"}],"author":[{"embeddable":true,"href":"https:\/\/noticiasmercedinas.com\/site\/wp-json\/wp\/v2\/users\/16"}],"replies":[{"embeddable":true,"href":"https:\/\/noticiasmercedinas.com\/site\/wp-json\/wp\/v2\/comments?post=133643"}],"version-history":[{"count":1,"href":"https:\/\/noticiasmercedinas.com\/site\/wp-json\/wp\/v2\/posts\/133643\/revisions"}],"predecessor-version":[{"id":133645,"href":"https:\/\/noticiasmercedinas.com\/site\/wp-json\/wp\/v2\/posts\/133643\/revisions\/133645"}],"wp:featuredmedia":[{"embeddable":true,"href":"https:\/\/noticiasmercedinas.com\/site\/wp-json\/wp\/v2\/media\/133644"}],"wp:attachment":[{"href":"https:\/\/noticiasmercedinas.com\/site\/wp-json\/wp\/v2\/media?parent=133643"}],"wp:term":[{"taxonomy":"category","embeddable":true,"href":"https:\/\/noticiasmercedinas.com\/site\/wp-json\/wp\/v2\/categories?post=133643"},{"taxonomy":"post_tag","embeddable":true,"href":"https:\/\/noticiasmercedinas.com\/site\/wp-json\/wp\/v2\/tags?post=133643"}],"curies":[{"name":"wp","href":"https:\/\/api.w.org\/{rel}","templated":true}]}}