{"id":133646,"date":"2024-04-05T16:30:45","date_gmt":"2024-04-05T19:30:45","guid":{"rendered":"https:\/\/noticiasmercedinas.com\/site\/?p=133646"},"modified":"2024-04-05T17:43:50","modified_gmt":"2024-04-05T20:43:50","slug":"concejales-de-union-por-la-patria-proponen-ordenanza-para-crear-banco-de-alimentos-en-mercedes","status":"publish","type":"post","link":"https:\/\/noticiasmercedinas.com\/site\/2024\/04\/05\/concejales-de-union-por-la-patria-proponen-ordenanza-para-crear-banco-de-alimentos-en-mercedes\/","title":{"rendered":"Concejales de Uni\u00f3n por la Patria proponen ordenanza para crear Banco de Alimentos en Mercedes"},"content":{"rendered":"<p><img loading=\"lazy\" decoding=\"async\" class=\"alignnone size-full wp-image-133648\" src=\"https:\/\/noticiasmercedinas.com\/site\/wp-content\/uploads\/2024\/04\/COMALINI.jpg\" alt=\"\" width=\"640\" height=\"429\" srcset=\"https:\/\/noticiasmercedinas.com\/site\/wp-content\/uploads\/2024\/04\/COMALINI.jpg 640w, https:\/\/noticiasmercedinas.com\/site\/wp-content\/uploads\/2024\/04\/COMALINI-300x201.jpg 300w, https:\/\/noticiasmercedinas.com\/site\/wp-content\/uploads\/2024\/04\/COMALINI-537x360.jpg 537w\" sizes=\"auto, (max-width: 640px) 100vw, 640px\" \/><\/p>\n<p>En respuesta a la creciente necesidad generada por la falta de recursos para asistir a comedores y otros espacios de ayuda social en Mercedes, debido al corrimiento del Estado nacional en ese aspecto, la concejala <strong>Florencia Comalini<\/strong> del bloque \u00abUni\u00f3n por la Patria\u00bb en el Concejo Deliberante, remarc\u00f3 que se ha propuesto una iniciativa que podr\u00eda marcar un hito en la lucha contra el hambre en la regi\u00f3n: la creaci\u00f3n de un Banco de Alimentos.<\/p>\n<p>Comalini, una de las autoras del proyecto, destac\u00f3 la importancia de esta medida en medio del corrimiento del Estado nacional en cuanto a pol\u00edticas alimentarias: \u00abEs necesario buscar una estrategia que tenga que ver con la solidaridad y con la responsabilidad social empresarial como una salida para poder brindar respuestas en conjunto con toda la comunidad\u00bb.<\/p>\n<blockquote><p>El proyecto, que surge como una iniciativa colectiva desde la Mesa Intersectorial y Comunitaria por la Seguridad Alimentaria, tiene como objetivo principal garantizar el derecho humano b\u00e1sico a la alimentaci\u00f3n en la ciudad.<\/p><\/blockquote>\n<p>El proyecto, que surge como una iniciativa colectiva desde la Mesa Intersectorial y Comunitaria por la Seguridad Alimentaria, tiene como objetivo principal garantizar el derecho humano b\u00e1sico a la alimentaci\u00f3n en la ciudad. Comalini enfatiz\u00f3 que la propuesta es parte de un dise\u00f1o de pol\u00edticas p\u00fablicas que buscan evitar el hambre y la malnutrici\u00f3n en la poblaci\u00f3n, incluso ante la limitaci\u00f3n del retiro asistencial del Estado nacional en pol\u00edticas alimentarias.<\/p>\n<p>\u00abLa Municipalidad de Mercedes ya viene llevando a cabo el programa alimentario municipal con el objetivo de consolidar la seguridad alimentaria de las familias en situaci\u00f3n de vulnerabilidad social. Sin embargo, la falta de recursos provenientes del Estado nacional ha generado una limitaci\u00f3n significativa en la administraci\u00f3n de estos programas\u00bb, explic\u00f3 Comalini.<\/p>\n<p>El proyecto de ordenanza, que ingresar\u00e1 el lunes en sesi\u00f3n ordinaria, propone la creaci\u00f3n de un banco de alimentos municipal, con el Departamento Ejecutivo Municipal a cargo de su organizaci\u00f3n, en colaboraci\u00f3n con la Secretar\u00eda de Desarrollo de la Comunidad y otros actores tanto gubernamentales como de la sociedad civil.<\/p>\n<p>El banco de alimentos se encargar\u00eda de recibir donaciones de productos perecederos y no perecederos aptos para el consumo, provenientes de distribuidoras, industrias de alimentos, supermercados, mercados, panader\u00edas, entre otros, asegurando que cumplan con las exigencias bromatol\u00f3gicas para su consumo seguro.<\/p>\n<blockquote><p>El banco de alimentos se encargar\u00eda de recibir donaciones de productos perecederos y no perecederos aptos para el consumo, provenientes de distribuidoras, industrias de alimentos, supermercados, mercados, panader\u00edas, entre otros<\/p><\/blockquote>\n<p>\u00abEsta iniciativa busca distribuir estrat\u00e9gicamente estos alimentos a comedores y familias m\u00e1s vulnerables de manera eficiente, aprovechando la solidaridad y la responsabilidad social empresarial como pilares fundamentales\u00bb, concluy\u00f3 Comalini.<\/p>\n<p>La propuesta ser\u00e1 debatida en el Concejo Deliberante en las pr\u00f3ximas sesiones, y desde el oficialismo se espera que se logre un respaldo por parte de los diferentes bloques pol\u00edticos y de la comunidad en general.<\/p>\n","protected":false},"excerpt":{"rendered":"<p>\u25a0 \u00abEs necesario buscar una estrategia que tenga que ver con la solidaridad y con la responsabilidad social empresarial como una salida\u00bb, sostuvo la concejala Florencia Comalini<\/p>\n","protected":false},"author":16,"featured_media":133648,"comment_status":"closed","ping_status":"closed","sticky":false,"template":"","format":"standard","meta":{"footnotes":""},"categories":[16],"tags":[18128,6859,1531,17952,17024],"class_list":["post-133646","post","type-post","status-publish","format-standard","has-post-thumbnail","hentry","category-politica","tag-banco-de-alimentos","tag-comedores","tag-florencia-comalini","tag-mesa-intersectorial-y-comunitaria-por-la-seguridad-alimentaria","tag-union-por-la-patria"],"yoast_head":"<!-- This site is optimized with the Yoast SEO plugin v27.4 - https:\/\/yoast.com\/product\/yoast-seo-wordpress\/ -->\n<title>Concejales de Uni\u00f3n por la Patria proponen ordenanza para crear Banco de Alimentos en Mercedes<\/title>\n<meta name=\"robots\" content=\"index, follow, max-snippet:-1, max-image-preview:large, max-video-preview:-1\" \/>\n<link rel=\"canonical\" href=\"https:\/\/noticiasmercedinas.com\/site\/2024\/04\/05\/concejales-de-union-por-la-patria-proponen-ordenanza-para-crear-banco-de-alimentos-en-mercedes\/\" \/>\n<meta property=\"og:locale\" content=\"es_ES\" \/>\n<meta property=\"og:type\" content=\"article\" \/>\n<meta property=\"og:title\" content=\"Concejales de Uni\u00f3n por la Patria proponen ordenanza para crear Banco de Alimentos en Mercedes\" \/>\n<meta property=\"og:description\" content=\"\u25a0 &quot;Es necesario buscar una estrategia que tenga que ver con la solidaridad y con la responsabilidad social empresarial como una salida&quot;, sostuvo la concejala Florencia Comalini\" \/>\n<meta property=\"og:url\" content=\"https:\/\/noticiasmercedinas.com\/site\/2024\/04\/05\/concejales-de-union-por-la-patria-proponen-ordenanza-para-crear-banco-de-alimentos-en-mercedes\/\" \/>\n<meta property=\"og:site_name\" content=\"NOTICIASMERCEDINAS.COM\" \/>\n<meta property=\"article:publisher\" content=\"https:\/\/www.facebook.com\/noticiasmercedinas\/\" \/>\n<meta property=\"article:published_time\" content=\"2024-04-05T19:30:45+00:00\" \/>\n<meta property=\"article:modified_time\" content=\"2024-04-05T20:43:50+00:00\" \/>\n<meta property=\"og:image\" content=\"https:\/\/noticiasmercedinas.com\/site\/wp-content\/uploads\/2024\/04\/COMALINI.jpg\" \/>\n\t<meta property=\"og:image:width\" content=\"640\" \/>\n\t<meta property=\"og:image:height\" content=\"429\" \/>\n\t<meta property=\"og:image:type\" content=\"image\/jpeg\" \/>\n<meta name=\"author\" content=\"NOTICIASMERCEDINAS.COM\" \/>\n<meta name=\"twitter:card\" content=\"summary_large_image\" \/>\n<meta name=\"twitter:creator\" content=\"@notmercedinas\" \/>\n<meta name=\"twitter:site\" content=\"@notmercedinas\" \/>\n<meta name=\"twitter:label1\" content=\"Escrito por\" \/>\n\t<meta name=\"twitter:data1\" content=\"NOTICIASMERCEDINAS.COM\" \/>\n\t<meta name=\"twitter:label2\" content=\"Tiempo de lectura\" \/>\n\t<meta name=\"twitter:data2\" content=\"3 minutos\" \/>\n<script type=\"application\/ld+json\" class=\"yoast-schema-graph\">{\"@context\":\"https:\\\/\\\/schema.org\",\"@graph\":[{\"@type\":\"Article\",\"@id\":\"https:\\\/\\\/noticiasmercedinas.com\\\/site\\\/2024\\\/04\\\/05\\\/concejales-de-union-por-la-patria-proponen-ordenanza-para-crear-banco-de-alimentos-en-mercedes\\\/#article\",\"isPartOf\":{\"@id\":\"https:\\\/\\\/noticiasmercedinas.com\\\/site\\\/2024\\\/04\\\/05\\\/concejales-de-union-por-la-patria-proponen-ordenanza-para-crear-banco-de-alimentos-en-mercedes\\\/\"},\"author\":{\"name\":\"NOTICIASMERCEDINAS.COM\",\"@id\":\"https:\\\/\\\/noticiasmercedinas.com\\\/site\\\/#\\\/schema\\\/person\\\/84b59c099c28ff2e8b77d4ceec5d8063\"},\"headline\":\"Concejales de Uni\u00f3n por la Patria proponen ordenanza para crear Banco de Alimentos en Mercedes\",\"datePublished\":\"2024-04-05T19:30:45+00:00\",\"dateModified\":\"2024-04-05T20:43:50+00:00\",\"mainEntityOfPage\":{\"@id\":\"https:\\\/\\\/noticiasmercedinas.com\\\/site\\\/2024\\\/04\\\/05\\\/concejales-de-union-por-la-patria-proponen-ordenanza-para-crear-banco-de-alimentos-en-mercedes\\\/\"},\"wordCount\":521,\"publisher\":{\"@id\":\"https:\\\/\\\/noticiasmercedinas.com\\\/site\\\/#organization\"},\"image\":{\"@id\":\"https:\\\/\\\/noticiasmercedinas.com\\\/site\\\/2024\\\/04\\\/05\\\/concejales-de-union-por-la-patria-proponen-ordenanza-para-crear-banco-de-alimentos-en-mercedes\\\/#primaryimage\"},\"thumbnailUrl\":\"https:\\\/\\\/noticiasmercedinas.com\\\/site\\\/wp-content\\\/uploads\\\/2024\\\/04\\\/COMALINI.jpg\",\"keywords\":[\"banco de alimentos\",\"comedores\",\"florencia comalini\",\"Mesa Intersectorial y Comunitaria por la Seguridad Alimentaria\",\"Uni\u00f3n por la Patria\"],\"articleSection\":[\"Politica\"],\"inLanguage\":\"es\"},{\"@type\":\"WebPage\",\"@id\":\"https:\\\/\\\/noticiasmercedinas.com\\\/site\\\/2024\\\/04\\\/05\\\/concejales-de-union-por-la-patria-proponen-ordenanza-para-crear-banco-de-alimentos-en-mercedes\\\/\",\"url\":\"https:\\\/\\\/noticiasmercedinas.com\\\/site\\\/2024\\\/04\\\/05\\\/concejales-de-union-por-la-patria-proponen-ordenanza-para-crear-banco-de-alimentos-en-mercedes\\\/\",\"name\":\"Concejales de Uni\u00f3n por la Patria proponen ordenanza para crear Banco de Alimentos en Mercedes\",\"isPartOf\":{\"@id\":\"https:\\\/\\\/noticiasmercedinas.com\\\/site\\\/#website\"},\"primaryImageOfPage\":{\"@id\":\"https:\\\/\\\/noticiasmercedinas.com\\\/site\\\/2024\\\/04\\\/05\\\/concejales-de-union-por-la-patria-proponen-ordenanza-para-crear-banco-de-alimentos-en-mercedes\\\/#primaryimage\"},\"image\":{\"@id\":\"https:\\\/\\\/noticiasmercedinas.com\\\/site\\\/2024\\\/04\\\/05\\\/concejales-de-union-por-la-patria-proponen-ordenanza-para-crear-banco-de-alimentos-en-mercedes\\\/#primaryimage\"},\"thumbnailUrl\":\"https:\\\/\\\/noticiasmercedinas.com\\\/site\\\/wp-content\\\/uploads\\\/2024\\\/04\\\/COMALINI.jpg\",\"datePublished\":\"2024-04-05T19:30:45+00:00\",\"dateModified\":\"2024-04-05T20:43:50+00:00\",\"breadcrumb\":{\"@id\":\"https:\\\/\\\/noticiasmercedinas.com\\\/site\\\/2024\\\/04\\\/05\\\/concejales-de-union-por-la-patria-proponen-ordenanza-para-crear-banco-de-alimentos-en-mercedes\\\/#breadcrumb\"},\"inLanguage\":\"es\",\"potentialAction\":[{\"@type\":\"ReadAction\",\"target\":[\"https:\\\/\\\/noticiasmercedinas.com\\\/site\\\/2024\\\/04\\\/05\\\/concejales-de-union-por-la-patria-proponen-ordenanza-para-crear-banco-de-alimentos-en-mercedes\\\/\"]}]},{\"@type\":\"ImageObject\",\"inLanguage\":\"es\",\"@id\":\"https:\\\/\\\/noticiasmercedinas.com\\\/site\\\/2024\\\/04\\\/05\\\/concejales-de-union-por-la-patria-proponen-ordenanza-para-crear-banco-de-alimentos-en-mercedes\\\/#primaryimage\",\"url\":\"https:\\\/\\\/noticiasmercedinas.com\\\/site\\\/wp-content\\\/uploads\\\/2024\\\/04\\\/COMALINI.jpg\",\"contentUrl\":\"https:\\\/\\\/noticiasmercedinas.com\\\/site\\\/wp-content\\\/uploads\\\/2024\\\/04\\\/COMALINI.jpg\",\"width\":640,\"height\":429},{\"@type\":\"BreadcrumbList\",\"@id\":\"https:\\\/\\\/noticiasmercedinas.com\\\/site\\\/2024\\\/04\\\/05\\\/concejales-de-union-por-la-patria-proponen-ordenanza-para-crear-banco-de-alimentos-en-mercedes\\\/#breadcrumb\",\"itemListElement\":[{\"@type\":\"ListItem\",\"position\":1,\"name\":\"Portada\",\"item\":\"https:\\\/\\\/noticiasmercedinas.com\\\/site\\\/\"},{\"@type\":\"ListItem\",\"position\":2,\"name\":\"Concejales de Uni\u00f3n por la Patria proponen ordenanza para crear Banco de Alimentos en Mercedes\"}]},{\"@type\":\"WebSite\",\"@id\":\"https:\\\/\\\/noticiasmercedinas.com\\\/site\\\/#website\",\"url\":\"https:\\\/\\\/noticiasmercedinas.com\\\/site\\\/\",\"name\":\"NOTICIASMERCEDINAS.COM\",\"description\":\"Mercedes, Buenos Aires, Argentina\",\"publisher\":{\"@id\":\"https:\\\/\\\/noticiasmercedinas.com\\\/site\\\/#organization\"},\"potentialAction\":[{\"@type\":\"SearchAction\",\"target\":{\"@type\":\"EntryPoint\",\"urlTemplate\":\"https:\\\/\\\/noticiasmercedinas.com\\\/site\\\/?s={search_term_string}\"},\"query-input\":{\"@type\":\"PropertyValueSpecification\",\"valueRequired\":true,\"valueName\":\"search_term_string\"}}],\"inLanguage\":\"es\"},{\"@type\":\"Organization\",\"@id\":\"https:\\\/\\\/noticiasmercedinas.com\\\/site\\\/#organization\",\"name\":\"NOTICIASMERCEDINAS.COM\",\"url\":\"https:\\\/\\\/noticiasmercedinas.com\\\/site\\\/\",\"logo\":{\"@type\":\"ImageObject\",\"inLanguage\":\"es\",\"@id\":\"https:\\\/\\\/noticiasmercedinas.com\\\/site\\\/#\\\/schema\\\/logo\\\/image\\\/\",\"url\":\"https:\\\/\\\/noticiasmercedinas.com\\\/site\\\/wp-content\\\/uploads\\\/2020\\\/06\\\/LOGO-512.jpg\",\"contentUrl\":\"https:\\\/\\\/noticiasmercedinas.com\\\/site\\\/wp-content\\\/uploads\\\/2020\\\/06\\\/LOGO-512.jpg\",\"width\":512,\"height\":512,\"caption\":\"NOTICIASMERCEDINAS.COM\"},\"image\":{\"@id\":\"https:\\\/\\\/noticiasmercedinas.com\\\/site\\\/#\\\/schema\\\/logo\\\/image\\\/\"},\"sameAs\":[\"https:\\\/\\\/www.facebook.com\\\/noticiasmercedinas\\\/\",\"https:\\\/\\\/x.com\\\/notmercedinas\",\"https:\\\/\\\/www.instagram.com\\\/noticiasmercedinas\\\/\"]},{\"@type\":\"Person\",\"@id\":\"https:\\\/\\\/noticiasmercedinas.com\\\/site\\\/#\\\/schema\\\/person\\\/84b59c099c28ff2e8b77d4ceec5d8063\",\"name\":\"NOTICIASMERCEDINAS.COM\",\"image\":{\"@type\":\"ImageObject\",\"inLanguage\":\"es\",\"@id\":\"https:\\\/\\\/secure.gravatar.com\\\/avatar\\\/4dfbf16b4d17945bfb6341b2d19043457132fcf478a5ee04f42e959fd8f5df0a?s=96&d=mm&r=g\",\"url\":\"https:\\\/\\\/secure.gravatar.com\\\/avatar\\\/4dfbf16b4d17945bfb6341b2d19043457132fcf478a5ee04f42e959fd8f5df0a?s=96&d=mm&r=g\",\"contentUrl\":\"https:\\\/\\\/secure.gravatar.com\\\/avatar\\\/4dfbf16b4d17945bfb6341b2d19043457132fcf478a5ee04f42e959fd8f5df0a?s=96&d=mm&r=g\",\"caption\":\"NOTICIASMERCEDINAS.COM\"},\"url\":\"https:\\\/\\\/noticiasmercedinas.com\\\/site\\\/author\\\/anonimo\\\/\"}]}<\/script>\n<!-- \/ Yoast SEO plugin. -->","yoast_head_json":{"title":"Concejales de Uni\u00f3n por la Patria proponen ordenanza para crear Banco de Alimentos en Mercedes","robots":{"index":"index","follow":"follow","max-snippet":"max-snippet:-1","max-image-preview":"max-image-preview:large","max-video-preview":"max-video-preview:-1"},"canonical":"https:\/\/noticiasmercedinas.com\/site\/2024\/04\/05\/concejales-de-union-por-la-patria-proponen-ordenanza-para-crear-banco-de-alimentos-en-mercedes\/","og_locale":"es_ES","og_type":"article","og_title":"Concejales de Uni\u00f3n por la Patria proponen ordenanza para crear Banco de Alimentos en Mercedes","og_description":"\u25a0 \"Es necesario buscar una estrategia que tenga que ver con la solidaridad y con la responsabilidad social empresarial como una salida\", sostuvo la concejala Florencia Comalini","og_url":"https:\/\/noticiasmercedinas.com\/site\/2024\/04\/05\/concejales-de-union-por-la-patria-proponen-ordenanza-para-crear-banco-de-alimentos-en-mercedes\/","og_site_name":"NOTICIASMERCEDINAS.COM","article_publisher":"https:\/\/www.facebook.com\/noticiasmercedinas\/","article_published_time":"2024-04-05T19:30:45+00:00","article_modified_time":"2024-04-05T20:43:50+00:00","og_image":[{"width":640,"height":429,"url":"https:\/\/noticiasmercedinas.com\/site\/wp-content\/uploads\/2024\/04\/COMALINI.jpg","type":"image\/jpeg"}],"author":"NOTICIASMERCEDINAS.COM","twitter_card":"summary_large_image","twitter_creator":"@notmercedinas","twitter_site":"@notmercedinas","twitter_misc":{"Escrito por":"NOTICIASMERCEDINAS.COM","Tiempo de lectura":"3 minutos"},"schema":{"@context":"https:\/\/schema.org","@graph":[{"@type":"Article","@id":"https:\/\/noticiasmercedinas.com\/site\/2024\/04\/05\/concejales-de-union-por-la-patria-proponen-ordenanza-para-crear-banco-de-alimentos-en-mercedes\/#article","isPartOf":{"@id":"https:\/\/noticiasmercedinas.com\/site\/2024\/04\/05\/concejales-de-union-por-la-patria-proponen-ordenanza-para-crear-banco-de-alimentos-en-mercedes\/"},"author":{"name":"NOTICIASMERCEDINAS.COM","@id":"https:\/\/noticiasmercedinas.com\/site\/#\/schema\/person\/84b59c099c28ff2e8b77d4ceec5d8063"},"headline":"Concejales de Uni\u00f3n por la Patria proponen ordenanza para crear Banco de Alimentos en Mercedes","datePublished":"2024-04-05T19:30:45+00:00","dateModified":"2024-04-05T20:43:50+00:00","mainEntityOfPage":{"@id":"https:\/\/noticiasmercedinas.com\/site\/2024\/04\/05\/concejales-de-union-por-la-patria-proponen-ordenanza-para-crear-banco-de-alimentos-en-mercedes\/"},"wordCount":521,"publisher":{"@id":"https:\/\/noticiasmercedinas.com\/site\/#organization"},"image":{"@id":"https:\/\/noticiasmercedinas.com\/site\/2024\/04\/05\/concejales-de-union-por-la-patria-proponen-ordenanza-para-crear-banco-de-alimentos-en-mercedes\/#primaryimage"},"thumbnailUrl":"https:\/\/noticiasmercedinas.com\/site\/wp-content\/uploads\/2024\/04\/COMALINI.jpg","keywords":["banco de alimentos","comedores","florencia comalini","Mesa Intersectorial y Comunitaria por la Seguridad Alimentaria","Uni\u00f3n por la Patria"],"articleSection":["Politica"],"inLanguage":"es"},{"@type":"WebPage","@id":"https:\/\/noticiasmercedinas.com\/site\/2024\/04\/05\/concejales-de-union-por-la-patria-proponen-ordenanza-para-crear-banco-de-alimentos-en-mercedes\/","url":"https:\/\/noticiasmercedinas.com\/site\/2024\/04\/05\/concejales-de-union-por-la-patria-proponen-ordenanza-para-crear-banco-de-alimentos-en-mercedes\/","name":"Concejales de Uni\u00f3n por la Patria proponen ordenanza para crear Banco de Alimentos en Mercedes","isPartOf":{"@id":"https:\/\/noticiasmercedinas.com\/site\/#website"},"primaryImageOfPage":{"@id":"https:\/\/noticiasmercedinas.com\/site\/2024\/04\/05\/concejales-de-union-por-la-patria-proponen-ordenanza-para-crear-banco-de-alimentos-en-mercedes\/#primaryimage"},"image":{"@id":"https:\/\/noticiasmercedinas.com\/site\/2024\/04\/05\/concejales-de-union-por-la-patria-proponen-ordenanza-para-crear-banco-de-alimentos-en-mercedes\/#primaryimage"},"thumbnailUrl":"https:\/\/noticiasmercedinas.com\/site\/wp-content\/uploads\/2024\/04\/COMALINI.jpg","datePublished":"2024-04-05T19:30:45+00:00","dateModified":"2024-04-05T20:43:50+00:00","breadcrumb":{"@id":"https:\/\/noticiasmercedinas.com\/site\/2024\/04\/05\/concejales-de-union-por-la-patria-proponen-ordenanza-para-crear-banco-de-alimentos-en-mercedes\/#breadcrumb"},"inLanguage":"es","potentialAction":[{"@type":"ReadAction","target":["https:\/\/noticiasmercedinas.com\/site\/2024\/04\/05\/concejales-de-union-por-la-patria-proponen-ordenanza-para-crear-banco-de-alimentos-en-mercedes\/"]}]},{"@type":"ImageObject","inLanguage":"es","@id":"https:\/\/noticiasmercedinas.com\/site\/2024\/04\/05\/concejales-de-union-por-la-patria-proponen-ordenanza-para-crear-banco-de-alimentos-en-mercedes\/#primaryimage","url":"https:\/\/noticiasmercedinas.com\/site\/wp-content\/uploads\/2024\/04\/COMALINI.jpg","contentUrl":"https:\/\/noticiasmercedinas.com\/site\/wp-content\/uploads\/2024\/04\/COMALINI.jpg","width":640,"height":429},{"@type":"BreadcrumbList","@id":"https:\/\/noticiasmercedinas.com\/site\/2024\/04\/05\/concejales-de-union-por-la-patria-proponen-ordenanza-para-crear-banco-de-alimentos-en-mercedes\/#breadcrumb","itemListElement":[{"@type":"ListItem","position":1,"name":"Portada","item":"https:\/\/noticiasmercedinas.com\/site\/"},{"@type":"ListItem","position":2,"name":"Concejales de Uni\u00f3n por la Patria proponen ordenanza para crear Banco de Alimentos en Mercedes"}]},{"@type":"WebSite","@id":"https:\/\/noticiasmercedinas.com\/site\/#website","url":"https:\/\/noticiasmercedinas.com\/site\/","name":"NOTICIASMERCEDINAS.COM","description":"Mercedes, Buenos Aires, Argentina","publisher":{"@id":"https:\/\/noticiasmercedinas.com\/site\/#organization"},"potentialAction":[{"@type":"SearchAction","target":{"@type":"EntryPoint","urlTemplate":"https:\/\/noticiasmercedinas.com\/site\/?s={search_term_string}"},"query-input":{"@type":"PropertyValueSpecification","valueRequired":true,"valueName":"search_term_string"}}],"inLanguage":"es"},{"@type":"Organization","@id":"https:\/\/noticiasmercedinas.com\/site\/#organization","name":"NOTICIASMERCEDINAS.COM","url":"https:\/\/noticiasmercedinas.com\/site\/","logo":{"@type":"ImageObject","inLanguage":"es","@id":"https:\/\/noticiasmercedinas.com\/site\/#\/schema\/logo\/image\/","url":"https:\/\/noticiasmercedinas.com\/site\/wp-content\/uploads\/2020\/06\/LOGO-512.jpg","contentUrl":"https:\/\/noticiasmercedinas.com\/site\/wp-content\/uploads\/2020\/06\/LOGO-512.jpg","width":512,"height":512,"caption":"NOTICIASMERCEDINAS.COM"},"image":{"@id":"https:\/\/noticiasmercedinas.com\/site\/#\/schema\/logo\/image\/"},"sameAs":["https:\/\/www.facebook.com\/noticiasmercedinas\/","https:\/\/x.com\/notmercedinas","https:\/\/www.instagram.com\/noticiasmercedinas\/"]},{"@type":"Person","@id":"https:\/\/noticiasmercedinas.com\/site\/#\/schema\/person\/84b59c099c28ff2e8b77d4ceec5d8063","name":"NOTICIASMERCEDINAS.COM","image":{"@type":"ImageObject","inLanguage":"es","@id":"https:\/\/secure.gravatar.com\/avatar\/4dfbf16b4d17945bfb6341b2d19043457132fcf478a5ee04f42e959fd8f5df0a?s=96&d=mm&r=g","url":"https:\/\/secure.gravatar.com\/avatar\/4dfbf16b4d17945bfb6341b2d19043457132fcf478a5ee04f42e959fd8f5df0a?s=96&d=mm&r=g","contentUrl":"https:\/\/secure.gravatar.com\/avatar\/4dfbf16b4d17945bfb6341b2d19043457132fcf478a5ee04f42e959fd8f5df0a?s=96&d=mm&r=g","caption":"NOTICIASMERCEDINAS.COM"},"url":"https:\/\/noticiasmercedinas.com\/site\/author\/anonimo\/"}]}},"amp_enabled":true,"_links":{"self":[{"href":"https:\/\/noticiasmercedinas.com\/site\/wp-json\/wp\/v2\/posts\/133646","targetHints":{"allow":["GET"]}}],"collection":[{"href":"https:\/\/noticiasmercedinas.com\/site\/wp-json\/wp\/v2\/posts"}],"about":[{"href":"https:\/\/noticiasmercedinas.com\/site\/wp-json\/wp\/v2\/types\/post"}],"author":[{"embeddable":true,"href":"https:\/\/noticiasmercedinas.com\/site\/wp-json\/wp\/v2\/users\/16"}],"replies":[{"embeddable":true,"href":"https:\/\/noticiasmercedinas.com\/site\/wp-json\/wp\/v2\/comments?post=133646"}],"version-history":[{"count":2,"href":"https:\/\/noticiasmercedinas.com\/site\/wp-json\/wp\/v2\/posts\/133646\/revisions"}],"predecessor-version":[{"id":133649,"href":"https:\/\/noticiasmercedinas.com\/site\/wp-json\/wp\/v2\/posts\/133646\/revisions\/133649"}],"wp:featuredmedia":[{"embeddable":true,"href":"https:\/\/noticiasmercedinas.com\/site\/wp-json\/wp\/v2\/media\/133648"}],"wp:attachment":[{"href":"https:\/\/noticiasmercedinas.com\/site\/wp-json\/wp\/v2\/media?parent=133646"}],"wp:term":[{"taxonomy":"category","embeddable":true,"href":"https:\/\/noticiasmercedinas.com\/site\/wp-json\/wp\/v2\/categories?post=133646"},{"taxonomy":"post_tag","embeddable":true,"href":"https:\/\/noticiasmercedinas.com\/site\/wp-json\/wp\/v2\/tags?post=133646"}],"curies":[{"name":"wp","href":"https:\/\/api.w.org\/{rel}","templated":true}]}}