{"id":133743,"date":"2024-04-07T22:26:35","date_gmt":"2024-04-08T01:26:35","guid":{"rendered":"https:\/\/noticiasmercedinas.com\/site\/?p=133743"},"modified":"2024-04-07T22:26:35","modified_gmt":"2024-04-08T01:26:35","slug":"cierre-multitudinario-y-record-para-la-fiesta-nacional-de-la-torta-frita-en-mercedes","status":"publish","type":"post","link":"https:\/\/noticiasmercedinas.com\/site\/2024\/04\/07\/cierre-multitudinario-y-record-para-la-fiesta-nacional-de-la-torta-frita-en-mercedes\/","title":{"rendered":"Cierre multitudinario y r\u00e9cord para la Fiesta Nacional de la Torta Frita en Mercedes"},"content":{"rendered":"<p><img loading=\"lazy\" decoding=\"async\" class=\"alignnone size-large wp-image-133744\" src=\"https:\/\/noticiasmercedinas.com\/site\/wp-content\/uploads\/2024\/04\/436772129_961517391996995_480537685333731161_n-1024x683.jpg\" alt=\"\" width=\"640\" height=\"427\" srcset=\"https:\/\/noticiasmercedinas.com\/site\/wp-content\/uploads\/2024\/04\/436772129_961517391996995_480537685333731161_n-1024x683.jpg 1024w, https:\/\/noticiasmercedinas.com\/site\/wp-content\/uploads\/2024\/04\/436772129_961517391996995_480537685333731161_n-300x200.jpg 300w, https:\/\/noticiasmercedinas.com\/site\/wp-content\/uploads\/2024\/04\/436772129_961517391996995_480537685333731161_n-768x512.jpg 768w, https:\/\/noticiasmercedinas.com\/site\/wp-content\/uploads\/2024\/04\/436772129_961517391996995_480537685333731161_n-1536x1024.jpg 1536w, https:\/\/noticiasmercedinas.com\/site\/wp-content\/uploads\/2024\/04\/436772129_961517391996995_480537685333731161_n-640x427.jpg 640w, https:\/\/noticiasmercedinas.com\/site\/wp-content\/uploads\/2024\/04\/436772129_961517391996995_480537685333731161_n-1280x853.jpg 1280w, https:\/\/noticiasmercedinas.com\/site\/wp-content\/uploads\/2024\/04\/436772129_961517391996995_480537685333731161_n-681x454.jpg 681w, https:\/\/noticiasmercedinas.com\/site\/wp-content\/uploads\/2024\/04\/436772129_961517391996995_480537685333731161_n-1362x908.jpg 1362w, https:\/\/noticiasmercedinas.com\/site\/wp-content\/uploads\/2024\/04\/436772129_961517391996995_480537685333731161_n.jpg 2048w\" sizes=\"auto, (max-width: 640px) 100vw, 640px\" \/><\/p>\n<p>La ciudad de Mercedes se convirti\u00f3 en el epicentro de una de las celebraciones gastron\u00f3mica m\u00e1s esperadas del a\u00f1o con la multitudinaria 24\u00aa Fiesta Nacional de la Torta Frita. Durante dos d\u00edas consecutivos, el parque municipal se llen\u00f3 de entusiastas de todo el pa\u00eds, consolidando a Mercedes como una destacada plaza tur\u00edstica y cultural.<\/p>\n<p>El evento, que reuni\u00f3 a una enorme cantidad de visitantes, ofreci\u00f3 una amplia gama de actividades, desde la elaboraci\u00f3n de la torta frita m\u00e1s grande del mundo hasta una variada oferta gastron\u00f3mica, espect\u00e1culos en vivo y entretenimiento para toda la familia. Entre las atracciones m\u00e1s destacadas estuvieron las competencias entre las mejores torteras del pa\u00eds, donde Karina Garone se alz\u00f3 con el t\u00edtulo de \u00abTortera del A\u00f1o\u00bb, seguida de cerca por el grupo \u00abVirgencita de Luj\u00e1n\u00bb.<\/p>\n<p><img loading=\"lazy\" decoding=\"async\" class=\"alignnone size-full wp-image-133745\" src=\"https:\/\/noticiasmercedinas.com\/site\/wp-content\/uploads\/2024\/04\/TF1.jpg\" alt=\"\" width=\"640\" height=\"437\" srcset=\"https:\/\/noticiasmercedinas.com\/site\/wp-content\/uploads\/2024\/04\/TF1.jpg 640w, https:\/\/noticiasmercedinas.com\/site\/wp-content\/uploads\/2024\/04\/TF1-300x205.jpg 300w\" sizes=\"auto, (max-width: 640px) 100vw, 640px\" \/><\/p>\n<p>El reconocimiento y agradecimiento de las autoridades locales, encabezadas por el intendente Juan Ustarroz y el Senador Eduardo \u00abWado\u00bb de Pedro, resaltaron el apoyo del p\u00fablico tanto a las talentosas torteras como al pueblo de Mercedes.<\/p>\n<p>La jornada del domingo fue testigo de un aumento significativo en la afluencia de turistas, provenientes de diferentes rincones de la provincia, incluso siendo transmitida en vivo por una se\u00f1al de televisi\u00f3n nacional durante m\u00e1s de hora y media.<\/p>\n<blockquote><p>El agradecimiento fue un com\u00fan denominador durante la celebraci\u00f3n, con palabras de reconocimiento tanto del intendente Ustarroz como del Senador \u00abWado\u00bb de Pedro hacia cada instituci\u00f3n, agrupaci\u00f3n gaucha, club y trabajador municipal que contribuy\u00f3 al \u00e9xito del evento.<\/p><\/blockquote>\n<p><img loading=\"lazy\" decoding=\"async\" class=\"alignnone size-large wp-image-133746\" src=\"https:\/\/noticiasmercedinas.com\/site\/wp-content\/uploads\/2024\/04\/435980974_837698368401725_3244399753647713509_n-1024x684.jpg\" alt=\"\" width=\"640\" height=\"428\" srcset=\"https:\/\/noticiasmercedinas.com\/site\/wp-content\/uploads\/2024\/04\/435980974_837698368401725_3244399753647713509_n-1024x684.jpg 1024w, https:\/\/noticiasmercedinas.com\/site\/wp-content\/uploads\/2024\/04\/435980974_837698368401725_3244399753647713509_n-300x200.jpg 300w, https:\/\/noticiasmercedinas.com\/site\/wp-content\/uploads\/2024\/04\/435980974_837698368401725_3244399753647713509_n-768x513.jpg 768w, https:\/\/noticiasmercedinas.com\/site\/wp-content\/uploads\/2024\/04\/435980974_837698368401725_3244399753647713509_n-1536x1025.jpg 1536w, https:\/\/noticiasmercedinas.com\/site\/wp-content\/uploads\/2024\/04\/435980974_837698368401725_3244399753647713509_n-537x360.jpg 537w, https:\/\/noticiasmercedinas.com\/site\/wp-content\/uploads\/2024\/04\/435980974_837698368401725_3244399753647713509_n-1074x720.jpg 1074w, https:\/\/noticiasmercedinas.com\/site\/wp-content\/uploads\/2024\/04\/435980974_837698368401725_3244399753647713509_n-640x427.jpg 640w, https:\/\/noticiasmercedinas.com\/site\/wp-content\/uploads\/2024\/04\/435980974_837698368401725_3244399753647713509_n-1280x854.jpg 1280w, https:\/\/noticiasmercedinas.com\/site\/wp-content\/uploads\/2024\/04\/435980974_837698368401725_3244399753647713509_n-681x455.jpg 681w, https:\/\/noticiasmercedinas.com\/site\/wp-content\/uploads\/2024\/04\/435980974_837698368401725_3244399753647713509_n-1362x909.jpg 1362w, https:\/\/noticiasmercedinas.com\/site\/wp-content\/uploads\/2024\/04\/435980974_837698368401725_3244399753647713509_n.jpg 2048w\" sizes=\"auto, (max-width: 640px) 100vw, 640px\" \/><\/p>\n<p>En el escenario principal, se anunci\u00f3 con gran emoci\u00f3n que Karina Garone obtuvo el primer puesto con 451 puntos, mientras que el grupo \u00abVirgencita de Luj\u00e1n\u00bb se ubic\u00f3 en el segundo lugar con 415 puntos. Adem\u00e1s, se otorgaron premios especiales, destacando la creatividad de \u00abVirgencita\u00bb con sus decoraciones de torta frita que atrajeron la atenci\u00f3n de los visitantes.<\/p>\n<p>El agradecimiento fue un com\u00fan denominador durante la celebraci\u00f3n, con palabras de reconocimiento tanto del intendente Ustarroz como del Senador \u00abWado\u00bb de Pedro hacia cada instituci\u00f3n, agrupaci\u00f3n gaucha, club y trabajador municipal que contribuy\u00f3 al \u00e9xito del evento. La importancia de la uni\u00f3n y el compromiso comunitario se destacaron como pilares fundamentales en la realizaci\u00f3n de la fiesta.<\/p>\n<blockquote><p>La gigantesca torta frita, elaborada con 150 kilos de harina y 2 toneladas de grasa, fue uno de los puntos culminantes de la festividad, alcanzando este a\u00f1o un di\u00e1metro de m\u00e1s de 5 metros<\/p><\/blockquote>\n<p><img loading=\"lazy\" decoding=\"async\" class=\"alignnone size-large wp-image-133747\" src=\"https:\/\/noticiasmercedinas.com\/site\/wp-content\/uploads\/2024\/04\/436187053_961517318663669_2362496568835798418_n-1024x683.jpg\" alt=\"\" width=\"640\" height=\"427\" srcset=\"https:\/\/noticiasmercedinas.com\/site\/wp-content\/uploads\/2024\/04\/436187053_961517318663669_2362496568835798418_n-1024x683.jpg 1024w, https:\/\/noticiasmercedinas.com\/site\/wp-content\/uploads\/2024\/04\/436187053_961517318663669_2362496568835798418_n-300x200.jpg 300w, https:\/\/noticiasmercedinas.com\/site\/wp-content\/uploads\/2024\/04\/436187053_961517318663669_2362496568835798418_n-768x512.jpg 768w, https:\/\/noticiasmercedinas.com\/site\/wp-content\/uploads\/2024\/04\/436187053_961517318663669_2362496568835798418_n-1536x1024.jpg 1536w, https:\/\/noticiasmercedinas.com\/site\/wp-content\/uploads\/2024\/04\/436187053_961517318663669_2362496568835798418_n-640x427.jpg 640w, https:\/\/noticiasmercedinas.com\/site\/wp-content\/uploads\/2024\/04\/436187053_961517318663669_2362496568835798418_n-1280x853.jpg 1280w, https:\/\/noticiasmercedinas.com\/site\/wp-content\/uploads\/2024\/04\/436187053_961517318663669_2362496568835798418_n-681x454.jpg 681w, https:\/\/noticiasmercedinas.com\/site\/wp-content\/uploads\/2024\/04\/436187053_961517318663669_2362496568835798418_n-1362x908.jpg 1362w, https:\/\/noticiasmercedinas.com\/site\/wp-content\/uploads\/2024\/04\/436187053_961517318663669_2362496568835798418_n.jpg 2048w\" sizes=\"auto, (max-width: 640px) 100vw, 640px\" \/><\/p>\n<p>La participaci\u00f3n de los veteranos de Malvinas tambi\u00e9n fue especialmente celebrada, con palabras de agradecimiento por parte del presidente del Centro de Veteranos y Ca\u00eddos en la guerra de Malvinas, Sergio Cestari, quien resalt\u00f3 el v\u00ednculo entre la fiesta y el homenaje a aquellos que lucharon por la patria.<\/p>\n<p>La gigantesca torta frita, elaborada con 150 kilos de harina y 2 toneladas de grasa, fue uno de los puntos culminantes de la festividad, alcanzando este a\u00f1o un di\u00e1metro de m\u00e1s de 5 metros, reafirmando su t\u00edtulo como la m\u00e1s grande del mundo.<\/p>\n<p>Los espect\u00e1culos en el escenario principal, que incluyeron una variedad de artistas locales y nacionales, brindaron entretenimiento para todos los gustos, consolidando as\u00ed la Fiesta Nacional de la Torta Frita como un evento imperdible en el calendario cultural de Argentina.<\/p>\n<p><img loading=\"lazy\" decoding=\"async\" class=\"alignnone size-large wp-image-133748\" src=\"https:\/\/noticiasmercedinas.com\/site\/wp-content\/uploads\/2024\/04\/SJA_8169-1024x682.jpg\" alt=\"\" width=\"640\" height=\"426\" srcset=\"https:\/\/noticiasmercedinas.com\/site\/wp-content\/uploads\/2024\/04\/SJA_8169-1024x682.jpg 1024w, https:\/\/noticiasmercedinas.com\/site\/wp-content\/uploads\/2024\/04\/SJA_8169-300x200.jpg 300w, https:\/\/noticiasmercedinas.com\/site\/wp-content\/uploads\/2024\/04\/SJA_8169-768x512.jpg 768w, https:\/\/noticiasmercedinas.com\/site\/wp-content\/uploads\/2024\/04\/SJA_8169-640x427.jpg 640w, https:\/\/noticiasmercedinas.com\/site\/wp-content\/uploads\/2024\/04\/SJA_8169-1280x853.jpg 1280w, https:\/\/noticiasmercedinas.com\/site\/wp-content\/uploads\/2024\/04\/SJA_8169-681x454.jpg 681w, https:\/\/noticiasmercedinas.com\/site\/wp-content\/uploads\/2024\/04\/SJA_8169.jpg 1319w\" sizes=\"auto, (max-width: 640px) 100vw, 640px\" \/><\/p>\n","protected":false},"excerpt":{"rendered":"<p>\u25a0 Un \u00e9xito gastron\u00f3mico y cultural que confirma el posicionamiento tur\u00edstico de la ciudad. Karina Garone se alz\u00f3 con el t\u00edtulo de \u00abTortera del A\u00f1o\u00bb. La torta frita gigante tuvo m\u00e1s de 5 metros de diametro<\/p>\n","protected":false},"author":16,"featured_media":133744,"comment_status":"closed","ping_status":"closed","sticky":false,"template":"","format":"standard","meta":{"footnotes":""},"categories":[3],"tags":[3895],"class_list":["post-133743","post","type-post","status-publish","format-standard","has-post-thumbnail","hentry","category-sociedad","tag-fiesta-de-la-torta-frita"],"yoast_head":"<!-- This site is optimized with the Yoast SEO plugin v27.5 - https:\/\/yoast.com\/product\/yoast-seo-wordpress\/ -->\n<title>Cierre multitudinario y r\u00e9cord para la Fiesta Nacional de la Torta Frita en Mercedes<\/title>\n<meta name=\"robots\" content=\"index, follow, max-snippet:-1, max-image-preview:large, max-video-preview:-1\" \/>\n<link rel=\"canonical\" href=\"https:\/\/noticiasmercedinas.com\/site\/2024\/04\/07\/cierre-multitudinario-y-record-para-la-fiesta-nacional-de-la-torta-frita-en-mercedes\/\" \/>\n<meta property=\"og:locale\" content=\"es_ES\" \/>\n<meta property=\"og:type\" content=\"article\" \/>\n<meta property=\"og:title\" content=\"Cierre multitudinario y r\u00e9cord para la Fiesta Nacional de la Torta Frita en Mercedes\" \/>\n<meta property=\"og:description\" content=\"\u25a0 Un \u00e9xito gastron\u00f3mico y cultural que confirma el posicionamiento tur\u00edstico de la ciudad. Karina Garone se alz\u00f3 con el t\u00edtulo de &quot;Tortera del A\u00f1o&quot;. La torta frita gigante tuvo m\u00e1s de 5 metros de diametro\" \/>\n<meta property=\"og:url\" content=\"https:\/\/noticiasmercedinas.com\/site\/2024\/04\/07\/cierre-multitudinario-y-record-para-la-fiesta-nacional-de-la-torta-frita-en-mercedes\/\" \/>\n<meta property=\"og:site_name\" content=\"NOTICIASMERCEDINAS.COM\" \/>\n<meta property=\"article:publisher\" content=\"https:\/\/www.facebook.com\/noticiasmercedinas\/\" \/>\n<meta property=\"article:published_time\" content=\"2024-04-08T01:26:35+00:00\" \/>\n<meta property=\"og:image\" content=\"https:\/\/noticiasmercedinas.com\/site\/wp-content\/uploads\/2024\/04\/436772129_961517391996995_480537685333731161_n.jpg\" \/>\n\t<meta property=\"og:image:width\" content=\"2048\" \/>\n\t<meta property=\"og:image:height\" content=\"1365\" \/>\n\t<meta property=\"og:image:type\" content=\"image\/jpeg\" \/>\n<meta name=\"author\" content=\"NOTICIASMERCEDINAS.COM\" \/>\n<meta name=\"twitter:card\" content=\"summary_large_image\" \/>\n<meta name=\"twitter:creator\" content=\"@notmercedinas\" \/>\n<meta name=\"twitter:site\" content=\"@notmercedinas\" \/>\n<meta name=\"twitter:label1\" content=\"Escrito por\" \/>\n\t<meta name=\"twitter:data1\" content=\"NOTICIASMERCEDINAS.COM\" \/>\n\t<meta name=\"twitter:label2\" content=\"Tiempo de lectura\" \/>\n\t<meta name=\"twitter:data2\" content=\"4 minutos\" \/>\n<script type=\"application\/ld+json\" class=\"yoast-schema-graph\">{\"@context\":\"https:\\\/\\\/schema.org\",\"@graph\":[{\"@type\":\"Article\",\"@id\":\"https:\\\/\\\/noticiasmercedinas.com\\\/site\\\/2024\\\/04\\\/07\\\/cierre-multitudinario-y-record-para-la-fiesta-nacional-de-la-torta-frita-en-mercedes\\\/#article\",\"isPartOf\":{\"@id\":\"https:\\\/\\\/noticiasmercedinas.com\\\/site\\\/2024\\\/04\\\/07\\\/cierre-multitudinario-y-record-para-la-fiesta-nacional-de-la-torta-frita-en-mercedes\\\/\"},\"author\":{\"name\":\"NOTICIASMERCEDINAS.COM\",\"@id\":\"https:\\\/\\\/noticiasmercedinas.com\\\/site\\\/#\\\/schema\\\/person\\\/84b59c099c28ff2e8b77d4ceec5d8063\"},\"headline\":\"Cierre multitudinario y r\u00e9cord para la Fiesta Nacional de la Torta Frita en Mercedes\",\"datePublished\":\"2024-04-08T01:26:35+00:00\",\"mainEntityOfPage\":{\"@id\":\"https:\\\/\\\/noticiasmercedinas.com\\\/site\\\/2024\\\/04\\\/07\\\/cierre-multitudinario-y-record-para-la-fiesta-nacional-de-la-torta-frita-en-mercedes\\\/\"},\"wordCount\":577,\"publisher\":{\"@id\":\"https:\\\/\\\/noticiasmercedinas.com\\\/site\\\/#organization\"},\"image\":{\"@id\":\"https:\\\/\\\/noticiasmercedinas.com\\\/site\\\/2024\\\/04\\\/07\\\/cierre-multitudinario-y-record-para-la-fiesta-nacional-de-la-torta-frita-en-mercedes\\\/#primaryimage\"},\"thumbnailUrl\":\"https:\\\/\\\/noticiasmercedinas.com\\\/site\\\/wp-content\\\/uploads\\\/2024\\\/04\\\/436772129_961517391996995_480537685333731161_n.jpg\",\"keywords\":[\"fiesta de la torta frita\"],\"articleSection\":[\"Sociedad\"],\"inLanguage\":\"es\"},{\"@type\":\"WebPage\",\"@id\":\"https:\\\/\\\/noticiasmercedinas.com\\\/site\\\/2024\\\/04\\\/07\\\/cierre-multitudinario-y-record-para-la-fiesta-nacional-de-la-torta-frita-en-mercedes\\\/\",\"url\":\"https:\\\/\\\/noticiasmercedinas.com\\\/site\\\/2024\\\/04\\\/07\\\/cierre-multitudinario-y-record-para-la-fiesta-nacional-de-la-torta-frita-en-mercedes\\\/\",\"name\":\"Cierre multitudinario y r\u00e9cord para la Fiesta Nacional de la Torta Frita en Mercedes\",\"isPartOf\":{\"@id\":\"https:\\\/\\\/noticiasmercedinas.com\\\/site\\\/#website\"},\"primaryImageOfPage\":{\"@id\":\"https:\\\/\\\/noticiasmercedinas.com\\\/site\\\/2024\\\/04\\\/07\\\/cierre-multitudinario-y-record-para-la-fiesta-nacional-de-la-torta-frita-en-mercedes\\\/#primaryimage\"},\"image\":{\"@id\":\"https:\\\/\\\/noticiasmercedinas.com\\\/site\\\/2024\\\/04\\\/07\\\/cierre-multitudinario-y-record-para-la-fiesta-nacional-de-la-torta-frita-en-mercedes\\\/#primaryimage\"},\"thumbnailUrl\":\"https:\\\/\\\/noticiasmercedinas.com\\\/site\\\/wp-content\\\/uploads\\\/2024\\\/04\\\/436772129_961517391996995_480537685333731161_n.jpg\",\"datePublished\":\"2024-04-08T01:26:35+00:00\",\"breadcrumb\":{\"@id\":\"https:\\\/\\\/noticiasmercedinas.com\\\/site\\\/2024\\\/04\\\/07\\\/cierre-multitudinario-y-record-para-la-fiesta-nacional-de-la-torta-frita-en-mercedes\\\/#breadcrumb\"},\"inLanguage\":\"es\",\"potentialAction\":[{\"@type\":\"ReadAction\",\"target\":[\"https:\\\/\\\/noticiasmercedinas.com\\\/site\\\/2024\\\/04\\\/07\\\/cierre-multitudinario-y-record-para-la-fiesta-nacional-de-la-torta-frita-en-mercedes\\\/\"]}]},{\"@type\":\"ImageObject\",\"inLanguage\":\"es\",\"@id\":\"https:\\\/\\\/noticiasmercedinas.com\\\/site\\\/2024\\\/04\\\/07\\\/cierre-multitudinario-y-record-para-la-fiesta-nacional-de-la-torta-frita-en-mercedes\\\/#primaryimage\",\"url\":\"https:\\\/\\\/noticiasmercedinas.com\\\/site\\\/wp-content\\\/uploads\\\/2024\\\/04\\\/436772129_961517391996995_480537685333731161_n.jpg\",\"contentUrl\":\"https:\\\/\\\/noticiasmercedinas.com\\\/site\\\/wp-content\\\/uploads\\\/2024\\\/04\\\/436772129_961517391996995_480537685333731161_n.jpg\",\"width\":2048,\"height\":1365},{\"@type\":\"BreadcrumbList\",\"@id\":\"https:\\\/\\\/noticiasmercedinas.com\\\/site\\\/2024\\\/04\\\/07\\\/cierre-multitudinario-y-record-para-la-fiesta-nacional-de-la-torta-frita-en-mercedes\\\/#breadcrumb\",\"itemListElement\":[{\"@type\":\"ListItem\",\"position\":1,\"name\":\"Portada\",\"item\":\"https:\\\/\\\/noticiasmercedinas.com\\\/site\\\/\"},{\"@type\":\"ListItem\",\"position\":2,\"name\":\"Cierre multitudinario y r\u00e9cord para la Fiesta Nacional de la Torta Frita en Mercedes\"}]},{\"@type\":\"WebSite\",\"@id\":\"https:\\\/\\\/noticiasmercedinas.com\\\/site\\\/#website\",\"url\":\"https:\\\/\\\/noticiasmercedinas.com\\\/site\\\/\",\"name\":\"NOTICIASMERCEDINAS.COM\",\"description\":\"Mercedes, Buenos Aires, Argentina\",\"publisher\":{\"@id\":\"https:\\\/\\\/noticiasmercedinas.com\\\/site\\\/#organization\"},\"potentialAction\":[{\"@type\":\"SearchAction\",\"target\":{\"@type\":\"EntryPoint\",\"urlTemplate\":\"https:\\\/\\\/noticiasmercedinas.com\\\/site\\\/?s={search_term_string}\"},\"query-input\":{\"@type\":\"PropertyValueSpecification\",\"valueRequired\":true,\"valueName\":\"search_term_string\"}}],\"inLanguage\":\"es\"},{\"@type\":\"Organization\",\"@id\":\"https:\\\/\\\/noticiasmercedinas.com\\\/site\\\/#organization\",\"name\":\"NOTICIASMERCEDINAS.COM\",\"url\":\"https:\\\/\\\/noticiasmercedinas.com\\\/site\\\/\",\"logo\":{\"@type\":\"ImageObject\",\"inLanguage\":\"es\",\"@id\":\"https:\\\/\\\/noticiasmercedinas.com\\\/site\\\/#\\\/schema\\\/logo\\\/image\\\/\",\"url\":\"https:\\\/\\\/noticiasmercedinas.com\\\/site\\\/wp-content\\\/uploads\\\/2020\\\/06\\\/LOGO-512.jpg\",\"contentUrl\":\"https:\\\/\\\/noticiasmercedinas.com\\\/site\\\/wp-content\\\/uploads\\\/2020\\\/06\\\/LOGO-512.jpg\",\"width\":512,\"height\":512,\"caption\":\"NOTICIASMERCEDINAS.COM\"},\"image\":{\"@id\":\"https:\\\/\\\/noticiasmercedinas.com\\\/site\\\/#\\\/schema\\\/logo\\\/image\\\/\"},\"sameAs\":[\"https:\\\/\\\/www.facebook.com\\\/noticiasmercedinas\\\/\",\"https:\\\/\\\/x.com\\\/notmercedinas\",\"https:\\\/\\\/www.instagram.com\\\/noticiasmercedinas\\\/\"]},{\"@type\":\"Person\",\"@id\":\"https:\\\/\\\/noticiasmercedinas.com\\\/site\\\/#\\\/schema\\\/person\\\/84b59c099c28ff2e8b77d4ceec5d8063\",\"name\":\"NOTICIASMERCEDINAS.COM\",\"image\":{\"@type\":\"ImageObject\",\"inLanguage\":\"es\",\"@id\":\"https:\\\/\\\/secure.gravatar.com\\\/avatar\\\/4dfbf16b4d17945bfb6341b2d19043457132fcf478a5ee04f42e959fd8f5df0a?s=96&d=mm&r=g\",\"url\":\"https:\\\/\\\/secure.gravatar.com\\\/avatar\\\/4dfbf16b4d17945bfb6341b2d19043457132fcf478a5ee04f42e959fd8f5df0a?s=96&d=mm&r=g\",\"contentUrl\":\"https:\\\/\\\/secure.gravatar.com\\\/avatar\\\/4dfbf16b4d17945bfb6341b2d19043457132fcf478a5ee04f42e959fd8f5df0a?s=96&d=mm&r=g\",\"caption\":\"NOTICIASMERCEDINAS.COM\"},\"url\":\"https:\\\/\\\/noticiasmercedinas.com\\\/site\\\/author\\\/anonimo\\\/\"}]}<\/script>\n<!-- \/ Yoast SEO plugin. -->","yoast_head_json":{"title":"Cierre multitudinario y r\u00e9cord para la Fiesta Nacional de la Torta Frita en Mercedes","robots":{"index":"index","follow":"follow","max-snippet":"max-snippet:-1","max-image-preview":"max-image-preview:large","max-video-preview":"max-video-preview:-1"},"canonical":"https:\/\/noticiasmercedinas.com\/site\/2024\/04\/07\/cierre-multitudinario-y-record-para-la-fiesta-nacional-de-la-torta-frita-en-mercedes\/","og_locale":"es_ES","og_type":"article","og_title":"Cierre multitudinario y r\u00e9cord para la Fiesta Nacional de la Torta Frita en Mercedes","og_description":"\u25a0 Un \u00e9xito gastron\u00f3mico y cultural que confirma el posicionamiento tur\u00edstico de la ciudad. Karina Garone se alz\u00f3 con el t\u00edtulo de \"Tortera del A\u00f1o\". La torta frita gigante tuvo m\u00e1s de 5 metros de diametro","og_url":"https:\/\/noticiasmercedinas.com\/site\/2024\/04\/07\/cierre-multitudinario-y-record-para-la-fiesta-nacional-de-la-torta-frita-en-mercedes\/","og_site_name":"NOTICIASMERCEDINAS.COM","article_publisher":"https:\/\/www.facebook.com\/noticiasmercedinas\/","article_published_time":"2024-04-08T01:26:35+00:00","og_image":[{"width":2048,"height":1365,"url":"https:\/\/noticiasmercedinas.com\/site\/wp-content\/uploads\/2024\/04\/436772129_961517391996995_480537685333731161_n.jpg","type":"image\/jpeg"}],"author":"NOTICIASMERCEDINAS.COM","twitter_card":"summary_large_image","twitter_creator":"@notmercedinas","twitter_site":"@notmercedinas","twitter_misc":{"Escrito por":"NOTICIASMERCEDINAS.COM","Tiempo de lectura":"4 minutos"},"schema":{"@context":"https:\/\/schema.org","@graph":[{"@type":"Article","@id":"https:\/\/noticiasmercedinas.com\/site\/2024\/04\/07\/cierre-multitudinario-y-record-para-la-fiesta-nacional-de-la-torta-frita-en-mercedes\/#article","isPartOf":{"@id":"https:\/\/noticiasmercedinas.com\/site\/2024\/04\/07\/cierre-multitudinario-y-record-para-la-fiesta-nacional-de-la-torta-frita-en-mercedes\/"},"author":{"name":"NOTICIASMERCEDINAS.COM","@id":"https:\/\/noticiasmercedinas.com\/site\/#\/schema\/person\/84b59c099c28ff2e8b77d4ceec5d8063"},"headline":"Cierre multitudinario y r\u00e9cord para la Fiesta Nacional de la Torta Frita en Mercedes","datePublished":"2024-04-08T01:26:35+00:00","mainEntityOfPage":{"@id":"https:\/\/noticiasmercedinas.com\/site\/2024\/04\/07\/cierre-multitudinario-y-record-para-la-fiesta-nacional-de-la-torta-frita-en-mercedes\/"},"wordCount":577,"publisher":{"@id":"https:\/\/noticiasmercedinas.com\/site\/#organization"},"image":{"@id":"https:\/\/noticiasmercedinas.com\/site\/2024\/04\/07\/cierre-multitudinario-y-record-para-la-fiesta-nacional-de-la-torta-frita-en-mercedes\/#primaryimage"},"thumbnailUrl":"https:\/\/noticiasmercedinas.com\/site\/wp-content\/uploads\/2024\/04\/436772129_961517391996995_480537685333731161_n.jpg","keywords":["fiesta de la torta frita"],"articleSection":["Sociedad"],"inLanguage":"es"},{"@type":"WebPage","@id":"https:\/\/noticiasmercedinas.com\/site\/2024\/04\/07\/cierre-multitudinario-y-record-para-la-fiesta-nacional-de-la-torta-frita-en-mercedes\/","url":"https:\/\/noticiasmercedinas.com\/site\/2024\/04\/07\/cierre-multitudinario-y-record-para-la-fiesta-nacional-de-la-torta-frita-en-mercedes\/","name":"Cierre multitudinario y r\u00e9cord para la Fiesta Nacional de la Torta Frita en Mercedes","isPartOf":{"@id":"https:\/\/noticiasmercedinas.com\/site\/#website"},"primaryImageOfPage":{"@id":"https:\/\/noticiasmercedinas.com\/site\/2024\/04\/07\/cierre-multitudinario-y-record-para-la-fiesta-nacional-de-la-torta-frita-en-mercedes\/#primaryimage"},"image":{"@id":"https:\/\/noticiasmercedinas.com\/site\/2024\/04\/07\/cierre-multitudinario-y-record-para-la-fiesta-nacional-de-la-torta-frita-en-mercedes\/#primaryimage"},"thumbnailUrl":"https:\/\/noticiasmercedinas.com\/site\/wp-content\/uploads\/2024\/04\/436772129_961517391996995_480537685333731161_n.jpg","datePublished":"2024-04-08T01:26:35+00:00","breadcrumb":{"@id":"https:\/\/noticiasmercedinas.com\/site\/2024\/04\/07\/cierre-multitudinario-y-record-para-la-fiesta-nacional-de-la-torta-frita-en-mercedes\/#breadcrumb"},"inLanguage":"es","potentialAction":[{"@type":"ReadAction","target":["https:\/\/noticiasmercedinas.com\/site\/2024\/04\/07\/cierre-multitudinario-y-record-para-la-fiesta-nacional-de-la-torta-frita-en-mercedes\/"]}]},{"@type":"ImageObject","inLanguage":"es","@id":"https:\/\/noticiasmercedinas.com\/site\/2024\/04\/07\/cierre-multitudinario-y-record-para-la-fiesta-nacional-de-la-torta-frita-en-mercedes\/#primaryimage","url":"https:\/\/noticiasmercedinas.com\/site\/wp-content\/uploads\/2024\/04\/436772129_961517391996995_480537685333731161_n.jpg","contentUrl":"https:\/\/noticiasmercedinas.com\/site\/wp-content\/uploads\/2024\/04\/436772129_961517391996995_480537685333731161_n.jpg","width":2048,"height":1365},{"@type":"BreadcrumbList","@id":"https:\/\/noticiasmercedinas.com\/site\/2024\/04\/07\/cierre-multitudinario-y-record-para-la-fiesta-nacional-de-la-torta-frita-en-mercedes\/#breadcrumb","itemListElement":[{"@type":"ListItem","position":1,"name":"Portada","item":"https:\/\/noticiasmercedinas.com\/site\/"},{"@type":"ListItem","position":2,"name":"Cierre multitudinario y r\u00e9cord para la Fiesta Nacional de la Torta Frita en Mercedes"}]},{"@type":"WebSite","@id":"https:\/\/noticiasmercedinas.com\/site\/#website","url":"https:\/\/noticiasmercedinas.com\/site\/","name":"NOTICIASMERCEDINAS.COM","description":"Mercedes, Buenos Aires, Argentina","publisher":{"@id":"https:\/\/noticiasmercedinas.com\/site\/#organization"},"potentialAction":[{"@type":"SearchAction","target":{"@type":"EntryPoint","urlTemplate":"https:\/\/noticiasmercedinas.com\/site\/?s={search_term_string}"},"query-input":{"@type":"PropertyValueSpecification","valueRequired":true,"valueName":"search_term_string"}}],"inLanguage":"es"},{"@type":"Organization","@id":"https:\/\/noticiasmercedinas.com\/site\/#organization","name":"NOTICIASMERCEDINAS.COM","url":"https:\/\/noticiasmercedinas.com\/site\/","logo":{"@type":"ImageObject","inLanguage":"es","@id":"https:\/\/noticiasmercedinas.com\/site\/#\/schema\/logo\/image\/","url":"https:\/\/noticiasmercedinas.com\/site\/wp-content\/uploads\/2020\/06\/LOGO-512.jpg","contentUrl":"https:\/\/noticiasmercedinas.com\/site\/wp-content\/uploads\/2020\/06\/LOGO-512.jpg","width":512,"height":512,"caption":"NOTICIASMERCEDINAS.COM"},"image":{"@id":"https:\/\/noticiasmercedinas.com\/site\/#\/schema\/logo\/image\/"},"sameAs":["https:\/\/www.facebook.com\/noticiasmercedinas\/","https:\/\/x.com\/notmercedinas","https:\/\/www.instagram.com\/noticiasmercedinas\/"]},{"@type":"Person","@id":"https:\/\/noticiasmercedinas.com\/site\/#\/schema\/person\/84b59c099c28ff2e8b77d4ceec5d8063","name":"NOTICIASMERCEDINAS.COM","image":{"@type":"ImageObject","inLanguage":"es","@id":"https:\/\/secure.gravatar.com\/avatar\/4dfbf16b4d17945bfb6341b2d19043457132fcf478a5ee04f42e959fd8f5df0a?s=96&d=mm&r=g","url":"https:\/\/secure.gravatar.com\/avatar\/4dfbf16b4d17945bfb6341b2d19043457132fcf478a5ee04f42e959fd8f5df0a?s=96&d=mm&r=g","contentUrl":"https:\/\/secure.gravatar.com\/avatar\/4dfbf16b4d17945bfb6341b2d19043457132fcf478a5ee04f42e959fd8f5df0a?s=96&d=mm&r=g","caption":"NOTICIASMERCEDINAS.COM"},"url":"https:\/\/noticiasmercedinas.com\/site\/author\/anonimo\/"}]}},"amp_enabled":true,"_links":{"self":[{"href":"https:\/\/noticiasmercedinas.com\/site\/wp-json\/wp\/v2\/posts\/133743","targetHints":{"allow":["GET"]}}],"collection":[{"href":"https:\/\/noticiasmercedinas.com\/site\/wp-json\/wp\/v2\/posts"}],"about":[{"href":"https:\/\/noticiasmercedinas.com\/site\/wp-json\/wp\/v2\/types\/post"}],"author":[{"embeddable":true,"href":"https:\/\/noticiasmercedinas.com\/site\/wp-json\/wp\/v2\/users\/16"}],"replies":[{"embeddable":true,"href":"https:\/\/noticiasmercedinas.com\/site\/wp-json\/wp\/v2\/comments?post=133743"}],"version-history":[{"count":1,"href":"https:\/\/noticiasmercedinas.com\/site\/wp-json\/wp\/v2\/posts\/133743\/revisions"}],"predecessor-version":[{"id":133749,"href":"https:\/\/noticiasmercedinas.com\/site\/wp-json\/wp\/v2\/posts\/133743\/revisions\/133749"}],"wp:featuredmedia":[{"embeddable":true,"href":"https:\/\/noticiasmercedinas.com\/site\/wp-json\/wp\/v2\/media\/133744"}],"wp:attachment":[{"href":"https:\/\/noticiasmercedinas.com\/site\/wp-json\/wp\/v2\/media?parent=133743"}],"wp:term":[{"taxonomy":"category","embeddable":true,"href":"https:\/\/noticiasmercedinas.com\/site\/wp-json\/wp\/v2\/categories?post=133743"},{"taxonomy":"post_tag","embeddable":true,"href":"https:\/\/noticiasmercedinas.com\/site\/wp-json\/wp\/v2\/tags?post=133743"}],"curies":[{"name":"wp","href":"https:\/\/api.w.org\/{rel}","templated":true}]}}