{"id":133897,"date":"2024-04-09T21:14:40","date_gmt":"2024-04-10T00:14:40","guid":{"rendered":"https:\/\/noticiasmercedinas.com\/site\/?p=133897"},"modified":"2024-04-09T21:14:40","modified_gmt":"2024-04-10T00:14:40","slug":"inicio-de-la-expo-suipacha-2024-con-jornadas-dedicadas-a-productores-ganaderos-y-porcinos","status":"publish","type":"post","link":"https:\/\/noticiasmercedinas.com\/site\/2024\/04\/09\/inicio-de-la-expo-suipacha-2024-con-jornadas-dedicadas-a-productores-ganaderos-y-porcinos\/","title":{"rendered":"Inicio de la Expo Suipacha 2024 con jornadas dedicadas a productores ganaderos y porcinos"},"content":{"rendered":"<p><img loading=\"lazy\" decoding=\"async\" class=\"alignnone size-full wp-image-47094\" src=\"https:\/\/noticiasmercedinas.com\/site\/wp-content\/uploads\/2020\/06\/Cerdos-en-criadero-e1712707872645.jpg\" alt=\"\" width=\"660\" height=\"446\" srcset=\"https:\/\/noticiasmercedinas.com\/site\/wp-content\/uploads\/2020\/06\/Cerdos-en-criadero-e1712707872645.jpg 660w, https:\/\/noticiasmercedinas.com\/site\/wp-content\/uploads\/2020\/06\/Cerdos-en-criadero-e1712707872645-300x203.jpg 300w, https:\/\/noticiasmercedinas.com\/site\/wp-content\/uploads\/2020\/06\/Cerdos-en-criadero-e1712707872645-640x432.jpg 640w\" sizes=\"auto, (max-width: 660px) 100vw, 660px\" \/><\/p>\n<p>El pr\u00f3ximo jueves marcar\u00e1 el comienzo de la Expo Suipacha 2024 con dos jornadas enfocadas en la producci\u00f3n ganadera, atrayendo a numerosos productores \u00e1vidos por conocer las \u00faltimas tendencias y tecnolog\u00edas del sector, en el predio de la Sociedad Rural de Suipacha.<\/p>\n<p>La Jornada para productores de carne ser\u00e1 uno de los puntos destacados del evento, comenzando a las 19:00 horas con la presencia de la Ingeniera Lara Giuliani de Agrolarus, quien abordar\u00e1 el tema del bienestar animal en la ganader\u00eda de carne. Le seguir\u00e1 el Ingeniero Guillermo Pi\u00f1eiro, quien compartir\u00e1 <em>insights<\/em> sobre la mejora continua en silajes y la integraci\u00f3n de tecnolog\u00eda en el proceso productivo.<\/p>\n<p>El punto culminante ser\u00e1 el panel de discusi\u00f3n sobre la situaci\u00f3n y perspectivas en la ganader\u00eda de carne, moderado por V\u00edctor Tonelli y con la participaci\u00f3n de expertos como Fernando Storni, CAF, Jorge Brunori del INTA, y Arturo Bressanelo de Nutriliq, quienes ofrecer\u00e1n an\u00e1lisis profundos y proyecciones del sector.<\/p>\n<p>La organizaci\u00f3n t\u00e9cnica estar\u00e1 a cargo de Producir XXI, garantizando un evento de calidad y relevancia para los asistentes.<\/p>\n<p>Por otro lado, la Jornada para productores porcinos atraer\u00e1 a una audiencia igualmente entusiasta, con una serie de conferencias magistrales y paneles de discusi\u00f3n sobre temas cruciales para el sector.<\/p>\n<p>Destacar\u00e1 la presentaci\u00f3n de la M\u00e9dica Veterinaria Mar\u00eda Su\u00e1rez del Cerro del INTA Pergamino, quien compartir\u00e1 estrategias de alimentaci\u00f3n para optimizar la productividad de las cerdas. Adem\u00e1s, el M\u00e9dico Veterinario Jorge Brunori del INTA Marcos Ju\u00e1rez ofrecer\u00e1 un an\u00e1lisis exhaustivo de la situaci\u00f3n actual y perspectivas del sector porcino, as\u00ed como herramientas para afrontar los desaf\u00edos presentes.<\/p>\n<p>El evento tambi\u00e9n contar\u00e1 con la participaci\u00f3n de Eduardo Terrado, Director Nacional de Porcinos, quien discutir\u00e1 la Ley Porcina, la regionalizaci\u00f3n del sector y la importancia de la colaboraci\u00f3n entre el sector p\u00fablico y privado.<\/p>\n<p>La jornada concluir\u00e1 con un panel de discusi\u00f3n sobre la situaci\u00f3n y perspectivas en la ganader\u00eda de carne, moderado por destacados expertos del sector.<\/p>\n<p>La mediaci\u00f3n y organizaci\u00f3n t\u00e9cnica estar\u00e1n a cargo de ATP, asegurando un evento de alta calidad y relevancia para los participantes.<\/p>\n","protected":false},"excerpt":{"rendered":"<p>El pr\u00f3ximo jueves marcar\u00e1 el comienzo de la Expo Suipacha 2024 con dos jornadas enfocadas en la producci\u00f3n ganadera, atrayendo a numerosos productores \u00e1vidos por conocer las \u00faltimas tendencias y tecnolog\u00edas del sector, en el predio de la Sociedad Rural de Suipacha. La Jornada para productores de carne ser\u00e1 uno de los puntos destacados del [&hellip;]<\/p>\n","protected":false},"author":16,"featured_media":47094,"comment_status":"closed","ping_status":"closed","sticky":false,"template":"","format":"standard","meta":{"footnotes":""},"categories":[9527,14265],"tags":[16769,503,4653],"class_list":["post-133897","post","type-post","status-publish","format-standard","has-post-thumbnail","hentry","category-campo","category-expo-suipacha","tag-carnes","tag-cerdos","tag-expo-suipacha"],"yoast_head":"<!-- This site is optimized with the Yoast SEO plugin v27.5 - https:\/\/yoast.com\/product\/yoast-seo-wordpress\/ -->\n<title>Inicio de la Expo Suipacha 2024 con jornadas dedicadas a productores ganaderos y porcinos<\/title>\n<meta name=\"robots\" content=\"index, follow, max-snippet:-1, max-image-preview:large, max-video-preview:-1\" \/>\n<link rel=\"canonical\" href=\"https:\/\/noticiasmercedinas.com\/site\/2024\/04\/09\/inicio-de-la-expo-suipacha-2024-con-jornadas-dedicadas-a-productores-ganaderos-y-porcinos\/\" \/>\n<meta property=\"og:locale\" content=\"es_ES\" \/>\n<meta property=\"og:type\" content=\"article\" \/>\n<meta property=\"og:title\" content=\"Inicio de la Expo Suipacha 2024 con jornadas dedicadas a productores ganaderos y porcinos\" \/>\n<meta property=\"og:description\" content=\"El pr\u00f3ximo jueves marcar\u00e1 el comienzo de la Expo Suipacha 2024 con dos jornadas enfocadas en la producci\u00f3n ganadera, atrayendo a numerosos productores \u00e1vidos por conocer las \u00faltimas tendencias y tecnolog\u00edas del sector, en el predio de la Sociedad Rural de Suipacha. La Jornada para productores de carne ser\u00e1 uno de los puntos destacados del [&hellip;]\" \/>\n<meta property=\"og:url\" content=\"https:\/\/noticiasmercedinas.com\/site\/2024\/04\/09\/inicio-de-la-expo-suipacha-2024-con-jornadas-dedicadas-a-productores-ganaderos-y-porcinos\/\" \/>\n<meta property=\"og:site_name\" content=\"NOTICIASMERCEDINAS.COM\" \/>\n<meta property=\"article:publisher\" content=\"https:\/\/www.facebook.com\/noticiasmercedinas\/\" \/>\n<meta property=\"article:published_time\" content=\"2024-04-10T00:14:40+00:00\" \/>\n<meta property=\"og:image\" content=\"https:\/\/noticiasmercedinas.com\/site\/wp-content\/uploads\/2020\/06\/Cerdos-en-criadero-e1712707872645.jpg\" \/>\n\t<meta property=\"og:image:width\" content=\"660\" \/>\n\t<meta property=\"og:image:height\" content=\"446\" \/>\n\t<meta property=\"og:image:type\" content=\"image\/jpeg\" \/>\n<meta name=\"author\" content=\"NOTICIASMERCEDINAS.COM\" \/>\n<meta name=\"twitter:card\" content=\"summary_large_image\" \/>\n<meta name=\"twitter:creator\" content=\"@notmercedinas\" \/>\n<meta name=\"twitter:site\" content=\"@notmercedinas\" \/>\n<meta name=\"twitter:label1\" content=\"Escrito por\" \/>\n\t<meta name=\"twitter:data1\" content=\"NOTICIASMERCEDINAS.COM\" \/>\n\t<meta name=\"twitter:label2\" content=\"Tiempo de lectura\" \/>\n\t<meta name=\"twitter:data2\" content=\"2 minutos\" \/>\n<script type=\"application\/ld+json\" class=\"yoast-schema-graph\">{\"@context\":\"https:\\\/\\\/schema.org\",\"@graph\":[{\"@type\":\"Article\",\"@id\":\"https:\\\/\\\/noticiasmercedinas.com\\\/site\\\/2024\\\/04\\\/09\\\/inicio-de-la-expo-suipacha-2024-con-jornadas-dedicadas-a-productores-ganaderos-y-porcinos\\\/#article\",\"isPartOf\":{\"@id\":\"https:\\\/\\\/noticiasmercedinas.com\\\/site\\\/2024\\\/04\\\/09\\\/inicio-de-la-expo-suipacha-2024-con-jornadas-dedicadas-a-productores-ganaderos-y-porcinos\\\/\"},\"author\":{\"name\":\"NOTICIASMERCEDINAS.COM\",\"@id\":\"https:\\\/\\\/noticiasmercedinas.com\\\/site\\\/#\\\/schema\\\/person\\\/84b59c099c28ff2e8b77d4ceec5d8063\"},\"headline\":\"Inicio de la Expo Suipacha 2024 con jornadas dedicadas a productores ganaderos y porcinos\",\"datePublished\":\"2024-04-10T00:14:40+00:00\",\"mainEntityOfPage\":{\"@id\":\"https:\\\/\\\/noticiasmercedinas.com\\\/site\\\/2024\\\/04\\\/09\\\/inicio-de-la-expo-suipacha-2024-con-jornadas-dedicadas-a-productores-ganaderos-y-porcinos\\\/\"},\"wordCount\":393,\"publisher\":{\"@id\":\"https:\\\/\\\/noticiasmercedinas.com\\\/site\\\/#organization\"},\"image\":{\"@id\":\"https:\\\/\\\/noticiasmercedinas.com\\\/site\\\/2024\\\/04\\\/09\\\/inicio-de-la-expo-suipacha-2024-con-jornadas-dedicadas-a-productores-ganaderos-y-porcinos\\\/#primaryimage\"},\"thumbnailUrl\":\"https:\\\/\\\/noticiasmercedinas.com\\\/site\\\/wp-content\\\/uploads\\\/2020\\\/06\\\/Cerdos-en-criadero-e1712707872645.jpg\",\"keywords\":[\"carnes\",\"cerdos\",\"expo suipacha\"],\"articleSection\":[\"Campo\",\"EXPO SUIPACHA\"],\"inLanguage\":\"es\"},{\"@type\":\"WebPage\",\"@id\":\"https:\\\/\\\/noticiasmercedinas.com\\\/site\\\/2024\\\/04\\\/09\\\/inicio-de-la-expo-suipacha-2024-con-jornadas-dedicadas-a-productores-ganaderos-y-porcinos\\\/\",\"url\":\"https:\\\/\\\/noticiasmercedinas.com\\\/site\\\/2024\\\/04\\\/09\\\/inicio-de-la-expo-suipacha-2024-con-jornadas-dedicadas-a-productores-ganaderos-y-porcinos\\\/\",\"name\":\"Inicio de la Expo Suipacha 2024 con jornadas dedicadas a productores ganaderos y porcinos\",\"isPartOf\":{\"@id\":\"https:\\\/\\\/noticiasmercedinas.com\\\/site\\\/#website\"},\"primaryImageOfPage\":{\"@id\":\"https:\\\/\\\/noticiasmercedinas.com\\\/site\\\/2024\\\/04\\\/09\\\/inicio-de-la-expo-suipacha-2024-con-jornadas-dedicadas-a-productores-ganaderos-y-porcinos\\\/#primaryimage\"},\"image\":{\"@id\":\"https:\\\/\\\/noticiasmercedinas.com\\\/site\\\/2024\\\/04\\\/09\\\/inicio-de-la-expo-suipacha-2024-con-jornadas-dedicadas-a-productores-ganaderos-y-porcinos\\\/#primaryimage\"},\"thumbnailUrl\":\"https:\\\/\\\/noticiasmercedinas.com\\\/site\\\/wp-content\\\/uploads\\\/2020\\\/06\\\/Cerdos-en-criadero-e1712707872645.jpg\",\"datePublished\":\"2024-04-10T00:14:40+00:00\",\"breadcrumb\":{\"@id\":\"https:\\\/\\\/noticiasmercedinas.com\\\/site\\\/2024\\\/04\\\/09\\\/inicio-de-la-expo-suipacha-2024-con-jornadas-dedicadas-a-productores-ganaderos-y-porcinos\\\/#breadcrumb\"},\"inLanguage\":\"es\",\"potentialAction\":[{\"@type\":\"ReadAction\",\"target\":[\"https:\\\/\\\/noticiasmercedinas.com\\\/site\\\/2024\\\/04\\\/09\\\/inicio-de-la-expo-suipacha-2024-con-jornadas-dedicadas-a-productores-ganaderos-y-porcinos\\\/\"]}]},{\"@type\":\"ImageObject\",\"inLanguage\":\"es\",\"@id\":\"https:\\\/\\\/noticiasmercedinas.com\\\/site\\\/2024\\\/04\\\/09\\\/inicio-de-la-expo-suipacha-2024-con-jornadas-dedicadas-a-productores-ganaderos-y-porcinos\\\/#primaryimage\",\"url\":\"https:\\\/\\\/noticiasmercedinas.com\\\/site\\\/wp-content\\\/uploads\\\/2020\\\/06\\\/Cerdos-en-criadero-e1712707872645.jpg\",\"contentUrl\":\"https:\\\/\\\/noticiasmercedinas.com\\\/site\\\/wp-content\\\/uploads\\\/2020\\\/06\\\/Cerdos-en-criadero-e1712707872645.jpg\",\"width\":660,\"height\":446},{\"@type\":\"BreadcrumbList\",\"@id\":\"https:\\\/\\\/noticiasmercedinas.com\\\/site\\\/2024\\\/04\\\/09\\\/inicio-de-la-expo-suipacha-2024-con-jornadas-dedicadas-a-productores-ganaderos-y-porcinos\\\/#breadcrumb\",\"itemListElement\":[{\"@type\":\"ListItem\",\"position\":1,\"name\":\"Portada\",\"item\":\"https:\\\/\\\/noticiasmercedinas.com\\\/site\\\/\"},{\"@type\":\"ListItem\",\"position\":2,\"name\":\"Inicio de la Expo Suipacha 2024 con jornadas dedicadas a productores ganaderos y porcinos\"}]},{\"@type\":\"WebSite\",\"@id\":\"https:\\\/\\\/noticiasmercedinas.com\\\/site\\\/#website\",\"url\":\"https:\\\/\\\/noticiasmercedinas.com\\\/site\\\/\",\"name\":\"NOTICIASMERCEDINAS.COM\",\"description\":\"Mercedes, Buenos Aires, Argentina\",\"publisher\":{\"@id\":\"https:\\\/\\\/noticiasmercedinas.com\\\/site\\\/#organization\"},\"potentialAction\":[{\"@type\":\"SearchAction\",\"target\":{\"@type\":\"EntryPoint\",\"urlTemplate\":\"https:\\\/\\\/noticiasmercedinas.com\\\/site\\\/?s={search_term_string}\"},\"query-input\":{\"@type\":\"PropertyValueSpecification\",\"valueRequired\":true,\"valueName\":\"search_term_string\"}}],\"inLanguage\":\"es\"},{\"@type\":\"Organization\",\"@id\":\"https:\\\/\\\/noticiasmercedinas.com\\\/site\\\/#organization\",\"name\":\"NOTICIASMERCEDINAS.COM\",\"url\":\"https:\\\/\\\/noticiasmercedinas.com\\\/site\\\/\",\"logo\":{\"@type\":\"ImageObject\",\"inLanguage\":\"es\",\"@id\":\"https:\\\/\\\/noticiasmercedinas.com\\\/site\\\/#\\\/schema\\\/logo\\\/image\\\/\",\"url\":\"https:\\\/\\\/noticiasmercedinas.com\\\/site\\\/wp-content\\\/uploads\\\/2020\\\/06\\\/LOGO-512.jpg\",\"contentUrl\":\"https:\\\/\\\/noticiasmercedinas.com\\\/site\\\/wp-content\\\/uploads\\\/2020\\\/06\\\/LOGO-512.jpg\",\"width\":512,\"height\":512,\"caption\":\"NOTICIASMERCEDINAS.COM\"},\"image\":{\"@id\":\"https:\\\/\\\/noticiasmercedinas.com\\\/site\\\/#\\\/schema\\\/logo\\\/image\\\/\"},\"sameAs\":[\"https:\\\/\\\/www.facebook.com\\\/noticiasmercedinas\\\/\",\"https:\\\/\\\/x.com\\\/notmercedinas\",\"https:\\\/\\\/www.instagram.com\\\/noticiasmercedinas\\\/\"]},{\"@type\":\"Person\",\"@id\":\"https:\\\/\\\/noticiasmercedinas.com\\\/site\\\/#\\\/schema\\\/person\\\/84b59c099c28ff2e8b77d4ceec5d8063\",\"name\":\"NOTICIASMERCEDINAS.COM\",\"image\":{\"@type\":\"ImageObject\",\"inLanguage\":\"es\",\"@id\":\"https:\\\/\\\/secure.gravatar.com\\\/avatar\\\/4dfbf16b4d17945bfb6341b2d19043457132fcf478a5ee04f42e959fd8f5df0a?s=96&d=mm&r=g\",\"url\":\"https:\\\/\\\/secure.gravatar.com\\\/avatar\\\/4dfbf16b4d17945bfb6341b2d19043457132fcf478a5ee04f42e959fd8f5df0a?s=96&d=mm&r=g\",\"contentUrl\":\"https:\\\/\\\/secure.gravatar.com\\\/avatar\\\/4dfbf16b4d17945bfb6341b2d19043457132fcf478a5ee04f42e959fd8f5df0a?s=96&d=mm&r=g\",\"caption\":\"NOTICIASMERCEDINAS.COM\"},\"url\":\"https:\\\/\\\/noticiasmercedinas.com\\\/site\\\/author\\\/anonimo\\\/\"}]}<\/script>\n<!-- \/ Yoast SEO plugin. -->","yoast_head_json":{"title":"Inicio de la Expo Suipacha 2024 con jornadas dedicadas a productores ganaderos y porcinos","robots":{"index":"index","follow":"follow","max-snippet":"max-snippet:-1","max-image-preview":"max-image-preview:large","max-video-preview":"max-video-preview:-1"},"canonical":"https:\/\/noticiasmercedinas.com\/site\/2024\/04\/09\/inicio-de-la-expo-suipacha-2024-con-jornadas-dedicadas-a-productores-ganaderos-y-porcinos\/","og_locale":"es_ES","og_type":"article","og_title":"Inicio de la Expo Suipacha 2024 con jornadas dedicadas a productores ganaderos y porcinos","og_description":"El pr\u00f3ximo jueves marcar\u00e1 el comienzo de la Expo Suipacha 2024 con dos jornadas enfocadas en la producci\u00f3n ganadera, atrayendo a numerosos productores \u00e1vidos por conocer las \u00faltimas tendencias y tecnolog\u00edas del sector, en el predio de la Sociedad Rural de Suipacha. La Jornada para productores de carne ser\u00e1 uno de los puntos destacados del [&hellip;]","og_url":"https:\/\/noticiasmercedinas.com\/site\/2024\/04\/09\/inicio-de-la-expo-suipacha-2024-con-jornadas-dedicadas-a-productores-ganaderos-y-porcinos\/","og_site_name":"NOTICIASMERCEDINAS.COM","article_publisher":"https:\/\/www.facebook.com\/noticiasmercedinas\/","article_published_time":"2024-04-10T00:14:40+00:00","og_image":[{"width":660,"height":446,"url":"https:\/\/noticiasmercedinas.com\/site\/wp-content\/uploads\/2020\/06\/Cerdos-en-criadero-e1712707872645.jpg","type":"image\/jpeg"}],"author":"NOTICIASMERCEDINAS.COM","twitter_card":"summary_large_image","twitter_creator":"@notmercedinas","twitter_site":"@notmercedinas","twitter_misc":{"Escrito por":"NOTICIASMERCEDINAS.COM","Tiempo de lectura":"2 minutos"},"schema":{"@context":"https:\/\/schema.org","@graph":[{"@type":"Article","@id":"https:\/\/noticiasmercedinas.com\/site\/2024\/04\/09\/inicio-de-la-expo-suipacha-2024-con-jornadas-dedicadas-a-productores-ganaderos-y-porcinos\/#article","isPartOf":{"@id":"https:\/\/noticiasmercedinas.com\/site\/2024\/04\/09\/inicio-de-la-expo-suipacha-2024-con-jornadas-dedicadas-a-productores-ganaderos-y-porcinos\/"},"author":{"name":"NOTICIASMERCEDINAS.COM","@id":"https:\/\/noticiasmercedinas.com\/site\/#\/schema\/person\/84b59c099c28ff2e8b77d4ceec5d8063"},"headline":"Inicio de la Expo Suipacha 2024 con jornadas dedicadas a productores ganaderos y porcinos","datePublished":"2024-04-10T00:14:40+00:00","mainEntityOfPage":{"@id":"https:\/\/noticiasmercedinas.com\/site\/2024\/04\/09\/inicio-de-la-expo-suipacha-2024-con-jornadas-dedicadas-a-productores-ganaderos-y-porcinos\/"},"wordCount":393,"publisher":{"@id":"https:\/\/noticiasmercedinas.com\/site\/#organization"},"image":{"@id":"https:\/\/noticiasmercedinas.com\/site\/2024\/04\/09\/inicio-de-la-expo-suipacha-2024-con-jornadas-dedicadas-a-productores-ganaderos-y-porcinos\/#primaryimage"},"thumbnailUrl":"https:\/\/noticiasmercedinas.com\/site\/wp-content\/uploads\/2020\/06\/Cerdos-en-criadero-e1712707872645.jpg","keywords":["carnes","cerdos","expo suipacha"],"articleSection":["Campo","EXPO SUIPACHA"],"inLanguage":"es"},{"@type":"WebPage","@id":"https:\/\/noticiasmercedinas.com\/site\/2024\/04\/09\/inicio-de-la-expo-suipacha-2024-con-jornadas-dedicadas-a-productores-ganaderos-y-porcinos\/","url":"https:\/\/noticiasmercedinas.com\/site\/2024\/04\/09\/inicio-de-la-expo-suipacha-2024-con-jornadas-dedicadas-a-productores-ganaderos-y-porcinos\/","name":"Inicio de la Expo Suipacha 2024 con jornadas dedicadas a productores ganaderos y porcinos","isPartOf":{"@id":"https:\/\/noticiasmercedinas.com\/site\/#website"},"primaryImageOfPage":{"@id":"https:\/\/noticiasmercedinas.com\/site\/2024\/04\/09\/inicio-de-la-expo-suipacha-2024-con-jornadas-dedicadas-a-productores-ganaderos-y-porcinos\/#primaryimage"},"image":{"@id":"https:\/\/noticiasmercedinas.com\/site\/2024\/04\/09\/inicio-de-la-expo-suipacha-2024-con-jornadas-dedicadas-a-productores-ganaderos-y-porcinos\/#primaryimage"},"thumbnailUrl":"https:\/\/noticiasmercedinas.com\/site\/wp-content\/uploads\/2020\/06\/Cerdos-en-criadero-e1712707872645.jpg","datePublished":"2024-04-10T00:14:40+00:00","breadcrumb":{"@id":"https:\/\/noticiasmercedinas.com\/site\/2024\/04\/09\/inicio-de-la-expo-suipacha-2024-con-jornadas-dedicadas-a-productores-ganaderos-y-porcinos\/#breadcrumb"},"inLanguage":"es","potentialAction":[{"@type":"ReadAction","target":["https:\/\/noticiasmercedinas.com\/site\/2024\/04\/09\/inicio-de-la-expo-suipacha-2024-con-jornadas-dedicadas-a-productores-ganaderos-y-porcinos\/"]}]},{"@type":"ImageObject","inLanguage":"es","@id":"https:\/\/noticiasmercedinas.com\/site\/2024\/04\/09\/inicio-de-la-expo-suipacha-2024-con-jornadas-dedicadas-a-productores-ganaderos-y-porcinos\/#primaryimage","url":"https:\/\/noticiasmercedinas.com\/site\/wp-content\/uploads\/2020\/06\/Cerdos-en-criadero-e1712707872645.jpg","contentUrl":"https:\/\/noticiasmercedinas.com\/site\/wp-content\/uploads\/2020\/06\/Cerdos-en-criadero-e1712707872645.jpg","width":660,"height":446},{"@type":"BreadcrumbList","@id":"https:\/\/noticiasmercedinas.com\/site\/2024\/04\/09\/inicio-de-la-expo-suipacha-2024-con-jornadas-dedicadas-a-productores-ganaderos-y-porcinos\/#breadcrumb","itemListElement":[{"@type":"ListItem","position":1,"name":"Portada","item":"https:\/\/noticiasmercedinas.com\/site\/"},{"@type":"ListItem","position":2,"name":"Inicio de la Expo Suipacha 2024 con jornadas dedicadas a productores ganaderos y porcinos"}]},{"@type":"WebSite","@id":"https:\/\/noticiasmercedinas.com\/site\/#website","url":"https:\/\/noticiasmercedinas.com\/site\/","name":"NOTICIASMERCEDINAS.COM","description":"Mercedes, Buenos Aires, Argentina","publisher":{"@id":"https:\/\/noticiasmercedinas.com\/site\/#organization"},"potentialAction":[{"@type":"SearchAction","target":{"@type":"EntryPoint","urlTemplate":"https:\/\/noticiasmercedinas.com\/site\/?s={search_term_string}"},"query-input":{"@type":"PropertyValueSpecification","valueRequired":true,"valueName":"search_term_string"}}],"inLanguage":"es"},{"@type":"Organization","@id":"https:\/\/noticiasmercedinas.com\/site\/#organization","name":"NOTICIASMERCEDINAS.COM","url":"https:\/\/noticiasmercedinas.com\/site\/","logo":{"@type":"ImageObject","inLanguage":"es","@id":"https:\/\/noticiasmercedinas.com\/site\/#\/schema\/logo\/image\/","url":"https:\/\/noticiasmercedinas.com\/site\/wp-content\/uploads\/2020\/06\/LOGO-512.jpg","contentUrl":"https:\/\/noticiasmercedinas.com\/site\/wp-content\/uploads\/2020\/06\/LOGO-512.jpg","width":512,"height":512,"caption":"NOTICIASMERCEDINAS.COM"},"image":{"@id":"https:\/\/noticiasmercedinas.com\/site\/#\/schema\/logo\/image\/"},"sameAs":["https:\/\/www.facebook.com\/noticiasmercedinas\/","https:\/\/x.com\/notmercedinas","https:\/\/www.instagram.com\/noticiasmercedinas\/"]},{"@type":"Person","@id":"https:\/\/noticiasmercedinas.com\/site\/#\/schema\/person\/84b59c099c28ff2e8b77d4ceec5d8063","name":"NOTICIASMERCEDINAS.COM","image":{"@type":"ImageObject","inLanguage":"es","@id":"https:\/\/secure.gravatar.com\/avatar\/4dfbf16b4d17945bfb6341b2d19043457132fcf478a5ee04f42e959fd8f5df0a?s=96&d=mm&r=g","url":"https:\/\/secure.gravatar.com\/avatar\/4dfbf16b4d17945bfb6341b2d19043457132fcf478a5ee04f42e959fd8f5df0a?s=96&d=mm&r=g","contentUrl":"https:\/\/secure.gravatar.com\/avatar\/4dfbf16b4d17945bfb6341b2d19043457132fcf478a5ee04f42e959fd8f5df0a?s=96&d=mm&r=g","caption":"NOTICIASMERCEDINAS.COM"},"url":"https:\/\/noticiasmercedinas.com\/site\/author\/anonimo\/"}]}},"amp_enabled":true,"_links":{"self":[{"href":"https:\/\/noticiasmercedinas.com\/site\/wp-json\/wp\/v2\/posts\/133897","targetHints":{"allow":["GET"]}}],"collection":[{"href":"https:\/\/noticiasmercedinas.com\/site\/wp-json\/wp\/v2\/posts"}],"about":[{"href":"https:\/\/noticiasmercedinas.com\/site\/wp-json\/wp\/v2\/types\/post"}],"author":[{"embeddable":true,"href":"https:\/\/noticiasmercedinas.com\/site\/wp-json\/wp\/v2\/users\/16"}],"replies":[{"embeddable":true,"href":"https:\/\/noticiasmercedinas.com\/site\/wp-json\/wp\/v2\/comments?post=133897"}],"version-history":[{"count":1,"href":"https:\/\/noticiasmercedinas.com\/site\/wp-json\/wp\/v2\/posts\/133897\/revisions"}],"predecessor-version":[{"id":133898,"href":"https:\/\/noticiasmercedinas.com\/site\/wp-json\/wp\/v2\/posts\/133897\/revisions\/133898"}],"wp:featuredmedia":[{"embeddable":true,"href":"https:\/\/noticiasmercedinas.com\/site\/wp-json\/wp\/v2\/media\/47094"}],"wp:attachment":[{"href":"https:\/\/noticiasmercedinas.com\/site\/wp-json\/wp\/v2\/media?parent=133897"}],"wp:term":[{"taxonomy":"category","embeddable":true,"href":"https:\/\/noticiasmercedinas.com\/site\/wp-json\/wp\/v2\/categories?post=133897"},{"taxonomy":"post_tag","embeddable":true,"href":"https:\/\/noticiasmercedinas.com\/site\/wp-json\/wp\/v2\/tags?post=133897"}],"curies":[{"name":"wp","href":"https:\/\/api.w.org\/{rel}","templated":true}]}}