{"id":133902,"date":"2024-04-10T08:40:25","date_gmt":"2024-04-10T11:40:25","guid":{"rendered":"https:\/\/noticiasmercedinas.com\/site\/?p=133902"},"modified":"2024-04-10T08:40:25","modified_gmt":"2024-04-10T11:40:25","slug":"camara-economica-presenta-charla-sobre-comercio-exterior-para-emprendedores","status":"publish","type":"post","link":"https:\/\/noticiasmercedinas.com\/site\/2024\/04\/10\/camara-economica-presenta-charla-sobre-comercio-exterior-para-emprendedores\/","title":{"rendered":"C\u00e1mara Econ\u00f3mica presenta charla sobre Comercio Exterior para Emprendedores"},"content":{"rendered":"<p><img loading=\"lazy\" decoding=\"async\" class=\"alignnone size-full wp-image-133904\" src=\"https:\/\/noticiasmercedinas.com\/site\/wp-content\/uploads\/2024\/04\/436164391_737131078535140_6162725233047824486_n.jpg\" alt=\"\" width=\"600\" height=\"600\" srcset=\"https:\/\/noticiasmercedinas.com\/site\/wp-content\/uploads\/2024\/04\/436164391_737131078535140_6162725233047824486_n.jpg 600w, https:\/\/noticiasmercedinas.com\/site\/wp-content\/uploads\/2024\/04\/436164391_737131078535140_6162725233047824486_n-300x300.jpg 300w, https:\/\/noticiasmercedinas.com\/site\/wp-content\/uploads\/2024\/04\/436164391_737131078535140_6162725233047824486_n-150x150.jpg 150w\" sizes=\"auto, (max-width: 600px) 100vw, 600px\" \/><\/p>\n<p>La C\u00e1mara Econ\u00f3mica Mercedina (CEM) en colaboraci\u00f3n con CIX Studio de Comercio Exterior, est\u00e1 organizando una charla informativa dirigida a emprendedores que quieran adentrarse en el mundo del comercio internacional.<\/p>\n<p>\u00abCharla COMEX: Conocimientos Generales\u00bb se llevar\u00e1 a cabo el 19 de abril a las 14:30 horas en las instalaciones de la CEM ubicadas en la Avenida 29 entre 26 y 28 de Mercedes.<\/p>\n<blockquote><p>Las ponentes principales del evento ser\u00e1n Yanina Gomez, Directora Comercial de CIX Studio Comercio Exterior, y Carmen Miroglio, Directora de Operaciones de la misma empresa, ambas reconocidas expertas en el campo del comercio internacional.<\/p><\/blockquote>\n<p>La actividad, de car\u00e1cter no remunerado y con inscripci\u00f3n abierta, busca proporcionar una visi\u00f3n general sobre aspectos fundamentales del comercio exterior, para despejar dudas como \u00bfQu\u00e9 son las posiciones arancelarias y por qu\u00e9 son relevantes? \u00bfCu\u00e1les son los beneficios de formar parte del MERCOSUR? \u00bfC\u00f3mo aplicar t\u00e9rminos como INCOTERMS en el negocio? Entre otros interrogantes que ser\u00e1n abordadas durante la charla.<\/p>\n<p>Las ponentes principales del evento ser\u00e1n Yanina Gomez, Directora Comercial de CIX Studio Comercio Exterior, y Carmen Miroglio, Directora de Operaciones de la misma empresa, ambas reconocidas expertas en el campo del comercio internacional.<\/p>\n<p>Para inscribirse en la charla, se puede acceder al link de inscripci\u00f3n desde las historias de la cuenta de la CEM en redes sociales. La actividad tiene el apoyo de MEFEBA (Mujeres Empresarias de la Provincia de Buenos Aires) y MECAME.<\/p>\n<p>La Subcomisi\u00f3n de Mujeres de la CEM est\u00e1 a cargo de la convocatoria y organizaci\u00f3n del evento. Esta iniciativa busca promover el desarrollo profesional y empresarial en el \u00e1mbito del comercio exterior.<\/p>\n<p>Para inscripci\u00f3n el WhatsApp de la instituci\u00f3n tambi\u00e9n est\u00e1 abierto y es 2324693478<\/p>\n<p><img loading=\"lazy\" decoding=\"async\" class=\"alignnone size-large wp-image-133903\" src=\"https:\/\/noticiasmercedinas.com\/site\/wp-content\/uploads\/2024\/04\/436222415_737131105201804_6504912240863907733_n-1024x1024.jpg\" alt=\"\" width=\"640\" height=\"640\" srcset=\"https:\/\/noticiasmercedinas.com\/site\/wp-content\/uploads\/2024\/04\/436222415_737131105201804_6504912240863907733_n-1024x1024.jpg 1024w, https:\/\/noticiasmercedinas.com\/site\/wp-content\/uploads\/2024\/04\/436222415_737131105201804_6504912240863907733_n-300x300.jpg 300w, https:\/\/noticiasmercedinas.com\/site\/wp-content\/uploads\/2024\/04\/436222415_737131105201804_6504912240863907733_n-150x150.jpg 150w, https:\/\/noticiasmercedinas.com\/site\/wp-content\/uploads\/2024\/04\/436222415_737131105201804_6504912240863907733_n-768x768.jpg 768w, https:\/\/noticiasmercedinas.com\/site\/wp-content\/uploads\/2024\/04\/436222415_737131105201804_6504912240863907733_n-640x640.jpg 640w, https:\/\/noticiasmercedinas.com\/site\/wp-content\/uploads\/2024\/04\/436222415_737131105201804_6504912240863907733_n-681x681.jpg 681w, https:\/\/noticiasmercedinas.com\/site\/wp-content\/uploads\/2024\/04\/436222415_737131105201804_6504912240863907733_n.jpg 1080w\" sizes=\"auto, (max-width: 640px) 100vw, 640px\" \/><\/p>\n","protected":false},"excerpt":{"rendered":"<p>\u25a0 La iniciativa es gratuita y tiene inscripci\u00f3n abierta. Ser\u00e1 el 19 de abril. Se busca promover el desarrollo profesional y empresarial en el \u00e1mbito del comercio exterior.<\/p>\n","protected":false},"author":16,"featured_media":133904,"comment_status":"closed","ping_status":"closed","sticky":false,"template":"","format":"standard","meta":{"footnotes":""},"categories":[74],"tags":[361,377,451,2887],"class_list":["post-133902","post","type-post","status-publish","format-standard","has-post-thumbnail","hentry","category-emprendimientos","tag-camara-economica-mercedina","tag-cem","tag-charla","tag-comercio-exterior"],"yoast_head":"<!-- This site is optimized with the Yoast SEO plugin v27.5 - https:\/\/yoast.com\/product\/yoast-seo-wordpress\/ -->\n<title>C\u00e1mara Econ\u00f3mica presenta charla sobre Comercio Exterior para Emprendedores<\/title>\n<meta name=\"robots\" content=\"index, follow, max-snippet:-1, max-image-preview:large, max-video-preview:-1\" \/>\n<link rel=\"canonical\" href=\"https:\/\/noticiasmercedinas.com\/site\/2024\/04\/10\/camara-economica-presenta-charla-sobre-comercio-exterior-para-emprendedores\/\" \/>\n<meta property=\"og:locale\" content=\"es_ES\" \/>\n<meta property=\"og:type\" content=\"article\" \/>\n<meta property=\"og:title\" content=\"C\u00e1mara Econ\u00f3mica presenta charla sobre Comercio Exterior para Emprendedores\" \/>\n<meta property=\"og:description\" content=\"\u25a0 La iniciativa es gratuita y tiene inscripci\u00f3n abierta. Ser\u00e1 el 19 de abril. Se busca promover el desarrollo profesional y empresarial en el \u00e1mbito del comercio exterior.\" \/>\n<meta property=\"og:url\" content=\"https:\/\/noticiasmercedinas.com\/site\/2024\/04\/10\/camara-economica-presenta-charla-sobre-comercio-exterior-para-emprendedores\/\" \/>\n<meta property=\"og:site_name\" content=\"NOTICIASMERCEDINAS.COM\" \/>\n<meta property=\"article:publisher\" content=\"https:\/\/www.facebook.com\/noticiasmercedinas\/\" \/>\n<meta property=\"article:published_time\" content=\"2024-04-10T11:40:25+00:00\" \/>\n<meta property=\"og:image\" content=\"https:\/\/noticiasmercedinas.com\/site\/wp-content\/uploads\/2024\/04\/436164391_737131078535140_6162725233047824486_n.jpg\" \/>\n\t<meta property=\"og:image:width\" content=\"600\" \/>\n\t<meta property=\"og:image:height\" content=\"600\" \/>\n\t<meta property=\"og:image:type\" content=\"image\/jpeg\" \/>\n<meta name=\"author\" content=\"NOTICIASMERCEDINAS.COM\" \/>\n<meta name=\"twitter:card\" content=\"summary_large_image\" \/>\n<meta name=\"twitter:creator\" content=\"@notmercedinas\" \/>\n<meta name=\"twitter:site\" content=\"@notmercedinas\" \/>\n<meta name=\"twitter:label1\" content=\"Escrito por\" \/>\n\t<meta name=\"twitter:data1\" content=\"NOTICIASMERCEDINAS.COM\" \/>\n\t<meta name=\"twitter:label2\" content=\"Tiempo de lectura\" \/>\n\t<meta name=\"twitter:data2\" content=\"2 minutos\" \/>\n<script type=\"application\/ld+json\" class=\"yoast-schema-graph\">{\"@context\":\"https:\\\/\\\/schema.org\",\"@graph\":[{\"@type\":\"Article\",\"@id\":\"https:\\\/\\\/noticiasmercedinas.com\\\/site\\\/2024\\\/04\\\/10\\\/camara-economica-presenta-charla-sobre-comercio-exterior-para-emprendedores\\\/#article\",\"isPartOf\":{\"@id\":\"https:\\\/\\\/noticiasmercedinas.com\\\/site\\\/2024\\\/04\\\/10\\\/camara-economica-presenta-charla-sobre-comercio-exterior-para-emprendedores\\\/\"},\"author\":{\"name\":\"NOTICIASMERCEDINAS.COM\",\"@id\":\"https:\\\/\\\/noticiasmercedinas.com\\\/site\\\/#\\\/schema\\\/person\\\/84b59c099c28ff2e8b77d4ceec5d8063\"},\"headline\":\"C\u00e1mara Econ\u00f3mica presenta charla sobre Comercio Exterior para Emprendedores\",\"datePublished\":\"2024-04-10T11:40:25+00:00\",\"mainEntityOfPage\":{\"@id\":\"https:\\\/\\\/noticiasmercedinas.com\\\/site\\\/2024\\\/04\\\/10\\\/camara-economica-presenta-charla-sobre-comercio-exterior-para-emprendedores\\\/\"},\"wordCount\":301,\"publisher\":{\"@id\":\"https:\\\/\\\/noticiasmercedinas.com\\\/site\\\/#organization\"},\"image\":{\"@id\":\"https:\\\/\\\/noticiasmercedinas.com\\\/site\\\/2024\\\/04\\\/10\\\/camara-economica-presenta-charla-sobre-comercio-exterior-para-emprendedores\\\/#primaryimage\"},\"thumbnailUrl\":\"https:\\\/\\\/noticiasmercedinas.com\\\/site\\\/wp-content\\\/uploads\\\/2024\\\/04\\\/436164391_737131078535140_6162725233047824486_n.jpg\",\"keywords\":[\"camara economica mercedina\",\"cem\",\"charla\",\"comercio exterior\"],\"articleSection\":[\"Emprendimientos\"],\"inLanguage\":\"es\"},{\"@type\":\"WebPage\",\"@id\":\"https:\\\/\\\/noticiasmercedinas.com\\\/site\\\/2024\\\/04\\\/10\\\/camara-economica-presenta-charla-sobre-comercio-exterior-para-emprendedores\\\/\",\"url\":\"https:\\\/\\\/noticiasmercedinas.com\\\/site\\\/2024\\\/04\\\/10\\\/camara-economica-presenta-charla-sobre-comercio-exterior-para-emprendedores\\\/\",\"name\":\"C\u00e1mara Econ\u00f3mica presenta charla sobre Comercio Exterior para Emprendedores\",\"isPartOf\":{\"@id\":\"https:\\\/\\\/noticiasmercedinas.com\\\/site\\\/#website\"},\"primaryImageOfPage\":{\"@id\":\"https:\\\/\\\/noticiasmercedinas.com\\\/site\\\/2024\\\/04\\\/10\\\/camara-economica-presenta-charla-sobre-comercio-exterior-para-emprendedores\\\/#primaryimage\"},\"image\":{\"@id\":\"https:\\\/\\\/noticiasmercedinas.com\\\/site\\\/2024\\\/04\\\/10\\\/camara-economica-presenta-charla-sobre-comercio-exterior-para-emprendedores\\\/#primaryimage\"},\"thumbnailUrl\":\"https:\\\/\\\/noticiasmercedinas.com\\\/site\\\/wp-content\\\/uploads\\\/2024\\\/04\\\/436164391_737131078535140_6162725233047824486_n.jpg\",\"datePublished\":\"2024-04-10T11:40:25+00:00\",\"breadcrumb\":{\"@id\":\"https:\\\/\\\/noticiasmercedinas.com\\\/site\\\/2024\\\/04\\\/10\\\/camara-economica-presenta-charla-sobre-comercio-exterior-para-emprendedores\\\/#breadcrumb\"},\"inLanguage\":\"es\",\"potentialAction\":[{\"@type\":\"ReadAction\",\"target\":[\"https:\\\/\\\/noticiasmercedinas.com\\\/site\\\/2024\\\/04\\\/10\\\/camara-economica-presenta-charla-sobre-comercio-exterior-para-emprendedores\\\/\"]}]},{\"@type\":\"ImageObject\",\"inLanguage\":\"es\",\"@id\":\"https:\\\/\\\/noticiasmercedinas.com\\\/site\\\/2024\\\/04\\\/10\\\/camara-economica-presenta-charla-sobre-comercio-exterior-para-emprendedores\\\/#primaryimage\",\"url\":\"https:\\\/\\\/noticiasmercedinas.com\\\/site\\\/wp-content\\\/uploads\\\/2024\\\/04\\\/436164391_737131078535140_6162725233047824486_n.jpg\",\"contentUrl\":\"https:\\\/\\\/noticiasmercedinas.com\\\/site\\\/wp-content\\\/uploads\\\/2024\\\/04\\\/436164391_737131078535140_6162725233047824486_n.jpg\",\"width\":600,\"height\":600},{\"@type\":\"BreadcrumbList\",\"@id\":\"https:\\\/\\\/noticiasmercedinas.com\\\/site\\\/2024\\\/04\\\/10\\\/camara-economica-presenta-charla-sobre-comercio-exterior-para-emprendedores\\\/#breadcrumb\",\"itemListElement\":[{\"@type\":\"ListItem\",\"position\":1,\"name\":\"Portada\",\"item\":\"https:\\\/\\\/noticiasmercedinas.com\\\/site\\\/\"},{\"@type\":\"ListItem\",\"position\":2,\"name\":\"C\u00e1mara Econ\u00f3mica presenta charla sobre Comercio Exterior para Emprendedores\"}]},{\"@type\":\"WebSite\",\"@id\":\"https:\\\/\\\/noticiasmercedinas.com\\\/site\\\/#website\",\"url\":\"https:\\\/\\\/noticiasmercedinas.com\\\/site\\\/\",\"name\":\"NOTICIASMERCEDINAS.COM\",\"description\":\"Mercedes, Buenos Aires, Argentina\",\"publisher\":{\"@id\":\"https:\\\/\\\/noticiasmercedinas.com\\\/site\\\/#organization\"},\"potentialAction\":[{\"@type\":\"SearchAction\",\"target\":{\"@type\":\"EntryPoint\",\"urlTemplate\":\"https:\\\/\\\/noticiasmercedinas.com\\\/site\\\/?s={search_term_string}\"},\"query-input\":{\"@type\":\"PropertyValueSpecification\",\"valueRequired\":true,\"valueName\":\"search_term_string\"}}],\"inLanguage\":\"es\"},{\"@type\":\"Organization\",\"@id\":\"https:\\\/\\\/noticiasmercedinas.com\\\/site\\\/#organization\",\"name\":\"NOTICIASMERCEDINAS.COM\",\"url\":\"https:\\\/\\\/noticiasmercedinas.com\\\/site\\\/\",\"logo\":{\"@type\":\"ImageObject\",\"inLanguage\":\"es\",\"@id\":\"https:\\\/\\\/noticiasmercedinas.com\\\/site\\\/#\\\/schema\\\/logo\\\/image\\\/\",\"url\":\"https:\\\/\\\/noticiasmercedinas.com\\\/site\\\/wp-content\\\/uploads\\\/2020\\\/06\\\/LOGO-512.jpg\",\"contentUrl\":\"https:\\\/\\\/noticiasmercedinas.com\\\/site\\\/wp-content\\\/uploads\\\/2020\\\/06\\\/LOGO-512.jpg\",\"width\":512,\"height\":512,\"caption\":\"NOTICIASMERCEDINAS.COM\"},\"image\":{\"@id\":\"https:\\\/\\\/noticiasmercedinas.com\\\/site\\\/#\\\/schema\\\/logo\\\/image\\\/\"},\"sameAs\":[\"https:\\\/\\\/www.facebook.com\\\/noticiasmercedinas\\\/\",\"https:\\\/\\\/x.com\\\/notmercedinas\",\"https:\\\/\\\/www.instagram.com\\\/noticiasmercedinas\\\/\"]},{\"@type\":\"Person\",\"@id\":\"https:\\\/\\\/noticiasmercedinas.com\\\/site\\\/#\\\/schema\\\/person\\\/84b59c099c28ff2e8b77d4ceec5d8063\",\"name\":\"NOTICIASMERCEDINAS.COM\",\"image\":{\"@type\":\"ImageObject\",\"inLanguage\":\"es\",\"@id\":\"https:\\\/\\\/secure.gravatar.com\\\/avatar\\\/4dfbf16b4d17945bfb6341b2d19043457132fcf478a5ee04f42e959fd8f5df0a?s=96&d=mm&r=g\",\"url\":\"https:\\\/\\\/secure.gravatar.com\\\/avatar\\\/4dfbf16b4d17945bfb6341b2d19043457132fcf478a5ee04f42e959fd8f5df0a?s=96&d=mm&r=g\",\"contentUrl\":\"https:\\\/\\\/secure.gravatar.com\\\/avatar\\\/4dfbf16b4d17945bfb6341b2d19043457132fcf478a5ee04f42e959fd8f5df0a?s=96&d=mm&r=g\",\"caption\":\"NOTICIASMERCEDINAS.COM\"},\"url\":\"https:\\\/\\\/noticiasmercedinas.com\\\/site\\\/author\\\/anonimo\\\/\"}]}<\/script>\n<!-- \/ Yoast SEO plugin. -->","yoast_head_json":{"title":"C\u00e1mara Econ\u00f3mica presenta charla sobre Comercio Exterior para Emprendedores","robots":{"index":"index","follow":"follow","max-snippet":"max-snippet:-1","max-image-preview":"max-image-preview:large","max-video-preview":"max-video-preview:-1"},"canonical":"https:\/\/noticiasmercedinas.com\/site\/2024\/04\/10\/camara-economica-presenta-charla-sobre-comercio-exterior-para-emprendedores\/","og_locale":"es_ES","og_type":"article","og_title":"C\u00e1mara Econ\u00f3mica presenta charla sobre Comercio Exterior para Emprendedores","og_description":"\u25a0 La iniciativa es gratuita y tiene inscripci\u00f3n abierta. Ser\u00e1 el 19 de abril. Se busca promover el desarrollo profesional y empresarial en el \u00e1mbito del comercio exterior.","og_url":"https:\/\/noticiasmercedinas.com\/site\/2024\/04\/10\/camara-economica-presenta-charla-sobre-comercio-exterior-para-emprendedores\/","og_site_name":"NOTICIASMERCEDINAS.COM","article_publisher":"https:\/\/www.facebook.com\/noticiasmercedinas\/","article_published_time":"2024-04-10T11:40:25+00:00","og_image":[{"width":600,"height":600,"url":"https:\/\/noticiasmercedinas.com\/site\/wp-content\/uploads\/2024\/04\/436164391_737131078535140_6162725233047824486_n.jpg","type":"image\/jpeg"}],"author":"NOTICIASMERCEDINAS.COM","twitter_card":"summary_large_image","twitter_creator":"@notmercedinas","twitter_site":"@notmercedinas","twitter_misc":{"Escrito por":"NOTICIASMERCEDINAS.COM","Tiempo de lectura":"2 minutos"},"schema":{"@context":"https:\/\/schema.org","@graph":[{"@type":"Article","@id":"https:\/\/noticiasmercedinas.com\/site\/2024\/04\/10\/camara-economica-presenta-charla-sobre-comercio-exterior-para-emprendedores\/#article","isPartOf":{"@id":"https:\/\/noticiasmercedinas.com\/site\/2024\/04\/10\/camara-economica-presenta-charla-sobre-comercio-exterior-para-emprendedores\/"},"author":{"name":"NOTICIASMERCEDINAS.COM","@id":"https:\/\/noticiasmercedinas.com\/site\/#\/schema\/person\/84b59c099c28ff2e8b77d4ceec5d8063"},"headline":"C\u00e1mara Econ\u00f3mica presenta charla sobre Comercio Exterior para Emprendedores","datePublished":"2024-04-10T11:40:25+00:00","mainEntityOfPage":{"@id":"https:\/\/noticiasmercedinas.com\/site\/2024\/04\/10\/camara-economica-presenta-charla-sobre-comercio-exterior-para-emprendedores\/"},"wordCount":301,"publisher":{"@id":"https:\/\/noticiasmercedinas.com\/site\/#organization"},"image":{"@id":"https:\/\/noticiasmercedinas.com\/site\/2024\/04\/10\/camara-economica-presenta-charla-sobre-comercio-exterior-para-emprendedores\/#primaryimage"},"thumbnailUrl":"https:\/\/noticiasmercedinas.com\/site\/wp-content\/uploads\/2024\/04\/436164391_737131078535140_6162725233047824486_n.jpg","keywords":["camara economica mercedina","cem","charla","comercio exterior"],"articleSection":["Emprendimientos"],"inLanguage":"es"},{"@type":"WebPage","@id":"https:\/\/noticiasmercedinas.com\/site\/2024\/04\/10\/camara-economica-presenta-charla-sobre-comercio-exterior-para-emprendedores\/","url":"https:\/\/noticiasmercedinas.com\/site\/2024\/04\/10\/camara-economica-presenta-charla-sobre-comercio-exterior-para-emprendedores\/","name":"C\u00e1mara Econ\u00f3mica presenta charla sobre Comercio Exterior para Emprendedores","isPartOf":{"@id":"https:\/\/noticiasmercedinas.com\/site\/#website"},"primaryImageOfPage":{"@id":"https:\/\/noticiasmercedinas.com\/site\/2024\/04\/10\/camara-economica-presenta-charla-sobre-comercio-exterior-para-emprendedores\/#primaryimage"},"image":{"@id":"https:\/\/noticiasmercedinas.com\/site\/2024\/04\/10\/camara-economica-presenta-charla-sobre-comercio-exterior-para-emprendedores\/#primaryimage"},"thumbnailUrl":"https:\/\/noticiasmercedinas.com\/site\/wp-content\/uploads\/2024\/04\/436164391_737131078535140_6162725233047824486_n.jpg","datePublished":"2024-04-10T11:40:25+00:00","breadcrumb":{"@id":"https:\/\/noticiasmercedinas.com\/site\/2024\/04\/10\/camara-economica-presenta-charla-sobre-comercio-exterior-para-emprendedores\/#breadcrumb"},"inLanguage":"es","potentialAction":[{"@type":"ReadAction","target":["https:\/\/noticiasmercedinas.com\/site\/2024\/04\/10\/camara-economica-presenta-charla-sobre-comercio-exterior-para-emprendedores\/"]}]},{"@type":"ImageObject","inLanguage":"es","@id":"https:\/\/noticiasmercedinas.com\/site\/2024\/04\/10\/camara-economica-presenta-charla-sobre-comercio-exterior-para-emprendedores\/#primaryimage","url":"https:\/\/noticiasmercedinas.com\/site\/wp-content\/uploads\/2024\/04\/436164391_737131078535140_6162725233047824486_n.jpg","contentUrl":"https:\/\/noticiasmercedinas.com\/site\/wp-content\/uploads\/2024\/04\/436164391_737131078535140_6162725233047824486_n.jpg","width":600,"height":600},{"@type":"BreadcrumbList","@id":"https:\/\/noticiasmercedinas.com\/site\/2024\/04\/10\/camara-economica-presenta-charla-sobre-comercio-exterior-para-emprendedores\/#breadcrumb","itemListElement":[{"@type":"ListItem","position":1,"name":"Portada","item":"https:\/\/noticiasmercedinas.com\/site\/"},{"@type":"ListItem","position":2,"name":"C\u00e1mara Econ\u00f3mica presenta charla sobre Comercio Exterior para Emprendedores"}]},{"@type":"WebSite","@id":"https:\/\/noticiasmercedinas.com\/site\/#website","url":"https:\/\/noticiasmercedinas.com\/site\/","name":"NOTICIASMERCEDINAS.COM","description":"Mercedes, Buenos Aires, Argentina","publisher":{"@id":"https:\/\/noticiasmercedinas.com\/site\/#organization"},"potentialAction":[{"@type":"SearchAction","target":{"@type":"EntryPoint","urlTemplate":"https:\/\/noticiasmercedinas.com\/site\/?s={search_term_string}"},"query-input":{"@type":"PropertyValueSpecification","valueRequired":true,"valueName":"search_term_string"}}],"inLanguage":"es"},{"@type":"Organization","@id":"https:\/\/noticiasmercedinas.com\/site\/#organization","name":"NOTICIASMERCEDINAS.COM","url":"https:\/\/noticiasmercedinas.com\/site\/","logo":{"@type":"ImageObject","inLanguage":"es","@id":"https:\/\/noticiasmercedinas.com\/site\/#\/schema\/logo\/image\/","url":"https:\/\/noticiasmercedinas.com\/site\/wp-content\/uploads\/2020\/06\/LOGO-512.jpg","contentUrl":"https:\/\/noticiasmercedinas.com\/site\/wp-content\/uploads\/2020\/06\/LOGO-512.jpg","width":512,"height":512,"caption":"NOTICIASMERCEDINAS.COM"},"image":{"@id":"https:\/\/noticiasmercedinas.com\/site\/#\/schema\/logo\/image\/"},"sameAs":["https:\/\/www.facebook.com\/noticiasmercedinas\/","https:\/\/x.com\/notmercedinas","https:\/\/www.instagram.com\/noticiasmercedinas\/"]},{"@type":"Person","@id":"https:\/\/noticiasmercedinas.com\/site\/#\/schema\/person\/84b59c099c28ff2e8b77d4ceec5d8063","name":"NOTICIASMERCEDINAS.COM","image":{"@type":"ImageObject","inLanguage":"es","@id":"https:\/\/secure.gravatar.com\/avatar\/4dfbf16b4d17945bfb6341b2d19043457132fcf478a5ee04f42e959fd8f5df0a?s=96&d=mm&r=g","url":"https:\/\/secure.gravatar.com\/avatar\/4dfbf16b4d17945bfb6341b2d19043457132fcf478a5ee04f42e959fd8f5df0a?s=96&d=mm&r=g","contentUrl":"https:\/\/secure.gravatar.com\/avatar\/4dfbf16b4d17945bfb6341b2d19043457132fcf478a5ee04f42e959fd8f5df0a?s=96&d=mm&r=g","caption":"NOTICIASMERCEDINAS.COM"},"url":"https:\/\/noticiasmercedinas.com\/site\/author\/anonimo\/"}]}},"amp_enabled":true,"_links":{"self":[{"href":"https:\/\/noticiasmercedinas.com\/site\/wp-json\/wp\/v2\/posts\/133902","targetHints":{"allow":["GET"]}}],"collection":[{"href":"https:\/\/noticiasmercedinas.com\/site\/wp-json\/wp\/v2\/posts"}],"about":[{"href":"https:\/\/noticiasmercedinas.com\/site\/wp-json\/wp\/v2\/types\/post"}],"author":[{"embeddable":true,"href":"https:\/\/noticiasmercedinas.com\/site\/wp-json\/wp\/v2\/users\/16"}],"replies":[{"embeddable":true,"href":"https:\/\/noticiasmercedinas.com\/site\/wp-json\/wp\/v2\/comments?post=133902"}],"version-history":[{"count":1,"href":"https:\/\/noticiasmercedinas.com\/site\/wp-json\/wp\/v2\/posts\/133902\/revisions"}],"predecessor-version":[{"id":133905,"href":"https:\/\/noticiasmercedinas.com\/site\/wp-json\/wp\/v2\/posts\/133902\/revisions\/133905"}],"wp:featuredmedia":[{"embeddable":true,"href":"https:\/\/noticiasmercedinas.com\/site\/wp-json\/wp\/v2\/media\/133904"}],"wp:attachment":[{"href":"https:\/\/noticiasmercedinas.com\/site\/wp-json\/wp\/v2\/media?parent=133902"}],"wp:term":[{"taxonomy":"category","embeddable":true,"href":"https:\/\/noticiasmercedinas.com\/site\/wp-json\/wp\/v2\/categories?post=133902"},{"taxonomy":"post_tag","embeddable":true,"href":"https:\/\/noticiasmercedinas.com\/site\/wp-json\/wp\/v2\/tags?post=133902"}],"curies":[{"name":"wp","href":"https:\/\/api.w.org\/{rel}","templated":true}]}}