{"id":133951,"date":"2024-04-10T20:19:10","date_gmt":"2024-04-10T23:19:10","guid":{"rendered":"https:\/\/noticiasmercedinas.com\/site\/?p=133951"},"modified":"2024-04-11T16:47:27","modified_gmt":"2024-04-11T19:47:27","slug":"distribuidora-genesis-de-arbell-entrego-regalos-y-mostro-su-propuesta-en-la-fiesta-de-la-torta-frita","status":"publish","type":"post","link":"https:\/\/noticiasmercedinas.com\/site\/2024\/04\/10\/distribuidora-genesis-de-arbell-entrego-regalos-y-mostro-su-propuesta-en-la-fiesta-de-la-torta-frita\/","title":{"rendered":"Distribuidora G\u00e9nesis de Arbell entreg\u00f3 regalos y mostr\u00f3 su propuesta en la Fiesta de la Torta Frita"},"content":{"rendered":"<p><img loading=\"lazy\" decoding=\"async\" class=\"alignnone size-large wp-image-133952\" src=\"https:\/\/noticiasmercedinas.com\/site\/wp-content\/uploads\/2024\/04\/ARBELL-1024x812.jpg\" alt=\"\" width=\"640\" height=\"508\" srcset=\"https:\/\/noticiasmercedinas.com\/site\/wp-content\/uploads\/2024\/04\/ARBELL-1024x812.jpg 1024w, https:\/\/noticiasmercedinas.com\/site\/wp-content\/uploads\/2024\/04\/ARBELL-300x238.jpg 300w, https:\/\/noticiasmercedinas.com\/site\/wp-content\/uploads\/2024\/04\/ARBELL-768x609.jpg 768w, https:\/\/noticiasmercedinas.com\/site\/wp-content\/uploads\/2024\/04\/ARBELL-640x508.jpg 640w, https:\/\/noticiasmercedinas.com\/site\/wp-content\/uploads\/2024\/04\/ARBELL-681x540.jpg 681w, https:\/\/noticiasmercedinas.com\/site\/wp-content\/uploads\/2024\/04\/ARBELL.jpg 1200w\" sizes=\"auto, (max-width: 640px) 100vw, 640px\" \/><\/p>\n<p>Entre quienes estuvieron el pasado fin de semana en el Parque Municipal durante la Festa Nacional de la Torta Frita de Mercedes se destacaron los emprendedores. Los hubo de varios rubros y por doquier, y las integrantes de la <strong>Distribuidora G\u00e9nesis y Distribuidora Bio de Arbell no faltaron a la cita para hacer difusi\u00f3n de su propuesta y sorteos<\/strong>.<\/p>\n<p>Es as\u00ed que en la Fiesta de la Torta Frita estuvieron muy cerca del escenario principal y del mini estadio donde se cocina la torta frita gigante, volanteando e invitando a la gente a participar de un sorteo por una crema de orde\u00f1e.<\/p>\n<p>Adem\u00e1s le explicaron a quienes se interesaban la carrera para incorporarse a Arbell, y d\u00f3nde est\u00e1 ubicado el negocio. \u201cMuchos no conoc\u00edan la marca de nuestra distribuidora Genesis, con la que seguimos creciendo\u201d, coment\u00f3 Bel\u00e9n, de G\u00e9nesis de Arbell, distribuidora que brinda la oportunidad de incursionar en la venta por cat\u00e1logo de productos cosm\u00e9ticos y de belleza. Sin l\u00edmite de edad, quienes emprendan en este camino pueden incluso convertirse en su propio jefe, establecer su horario y obtener ingresos adicionales.<\/p>\n<blockquote><p>Arbell invita a las mujeres a sumarse a su red de distribuci\u00f3n y a transformar sus vidas.<\/p><\/blockquote>\n<p>Distribuidora G\u00e9nesis de Arbell se erige como una <strong>plataforma de empoderamiento femenino, ofreciendo oportunidades de negocio con una propuesta enfocada en la independencia financiera y el desarrollo personal<\/strong>.<\/p>\n<p>Arbell invita a las mujeres a sumarse a su red de distribuci\u00f3n y a transformar sus vidas. Para ponerse en contacto para comenzar tu propio camino hacia el emprendimiento y la independencia financiera con Arbell.<\/p>\n<p>Con horarios comerciales de atenci\u00f3n al p\u00fablico en su local de calle 20 n\u00famero 914, entre 37 y 39, de 9:30 a 13:00 y de 16:30 a 20:00, Arbell se mantiene conectada a trav\u00e9s de redes sociales como Facebook e Instagram, y asegura estar siempre a tu alcance mediante <a href=\"https:\/\/wa.me\/5492324548944\/?text=Quisiera%20consultar%20sobre%20arbell\"><strong>WhatsApp: 2324-548944<\/strong><\/a><\/p>\n<p>Quienes quieran conocer m\u00e1s sobre G\u00e9nesis de Arbell pueden visitar:<\/p>\n<p>\u2013 Su p\u00e1gina web que es\u00a0<a href=\"https:\/\/genesis.arbell.com.ar\/\">https:\/\/genesis.arbell.com.ar<\/a><\/p>\n<p>\u2013 Su Instagram\u00a0<a href=\"https:\/\/www.instagram.com\/arbell_distribuidora_genesis\/\">https:\/\/www.instagram.com\/arbell_distribuidora_genesis\/<\/a><\/p>\n<p>\u2013 Su Facebook\u00a0<a href=\"https:\/\/www.facebook.com\/ArbellDistribuidoraGenesis\">https:\/\/www.facebook.com\/ArbellDistribuidoraGenesis<\/a><\/p>\n<p><img loading=\"lazy\" decoding=\"async\" class=\"alignnone size-large wp-image-133953\" src=\"https:\/\/noticiasmercedinas.com\/site\/wp-content\/uploads\/2024\/04\/be72479a-817e-4b75-b2cf-eb2082ef6081-768x1024.jpeg\" alt=\"\" width=\"640\" height=\"853\" srcset=\"https:\/\/noticiasmercedinas.com\/site\/wp-content\/uploads\/2024\/04\/be72479a-817e-4b75-b2cf-eb2082ef6081-768x1024.jpeg 768w, https:\/\/noticiasmercedinas.com\/site\/wp-content\/uploads\/2024\/04\/be72479a-817e-4b75-b2cf-eb2082ef6081-225x300.jpeg 225w, https:\/\/noticiasmercedinas.com\/site\/wp-content\/uploads\/2024\/04\/be72479a-817e-4b75-b2cf-eb2082ef6081-1152x1536.jpeg 1152w, https:\/\/noticiasmercedinas.com\/site\/wp-content\/uploads\/2024\/04\/be72479a-817e-4b75-b2cf-eb2082ef6081-640x853.jpeg 640w, https:\/\/noticiasmercedinas.com\/site\/wp-content\/uploads\/2024\/04\/be72479a-817e-4b75-b2cf-eb2082ef6081-681x908.jpeg 681w, https:\/\/noticiasmercedinas.com\/site\/wp-content\/uploads\/2024\/04\/be72479a-817e-4b75-b2cf-eb2082ef6081.jpeg 1200w\" sizes=\"auto, (max-width: 640px) 100vw, 640px\" \/><\/p>\n","protected":false},"excerpt":{"rendered":"<p>Entre quienes estuvieron el pasado fin de semana en el Parque Municipal durante la Festa Nacional de la Torta Frita de Mercedes se destacaron los emprendedores. Los hubo de varios rubros y por doquier, y las integrantes de la Distribuidora G\u00e9nesis y Distribuidora Bio de Arbell no faltaron a la cita para hacer difusi\u00f3n de [&hellip;]<\/p>\n","protected":false},"author":16,"featured_media":133952,"comment_status":"closed","ping_status":"closed","sticky":false,"template":"","format":"standard","meta":{"footnotes":""},"categories":[74],"tags":[17690,9602,17691,3895,17693],"class_list":["post-133951","post","type-post","status-publish","format-standard","has-post-thumbnail","hentry","category-emprendimientos","tag-arbell","tag-belleza","tag-distribuidora-genesis","tag-fiesta-de-la-torta-frita","tag-venta-por-catalogo"],"yoast_head":"<!-- This site is optimized with the Yoast SEO plugin v27.5 - https:\/\/yoast.com\/product\/yoast-seo-wordpress\/ -->\n<title>Distribuidora G\u00e9nesis de Arbell entreg\u00f3 regalos y mostr\u00f3 su propuesta en la Fiesta de la Torta Frita<\/title>\n<meta name=\"robots\" content=\"index, follow, max-snippet:-1, max-image-preview:large, max-video-preview:-1\" \/>\n<link rel=\"canonical\" href=\"https:\/\/noticiasmercedinas.com\/site\/2024\/04\/10\/distribuidora-genesis-de-arbell-entrego-regalos-y-mostro-su-propuesta-en-la-fiesta-de-la-torta-frita\/\" \/>\n<meta property=\"og:locale\" content=\"es_ES\" \/>\n<meta property=\"og:type\" content=\"article\" \/>\n<meta property=\"og:title\" content=\"Distribuidora G\u00e9nesis de Arbell entreg\u00f3 regalos y mostr\u00f3 su propuesta en la Fiesta de la Torta Frita\" \/>\n<meta property=\"og:description\" content=\"Entre quienes estuvieron el pasado fin de semana en el Parque Municipal durante la Festa Nacional de la Torta Frita de Mercedes se destacaron los emprendedores. Los hubo de varios rubros y por doquier, y las integrantes de la Distribuidora G\u00e9nesis y Distribuidora Bio de Arbell no faltaron a la cita para hacer difusi\u00f3n de [&hellip;]\" \/>\n<meta property=\"og:url\" content=\"https:\/\/noticiasmercedinas.com\/site\/2024\/04\/10\/distribuidora-genesis-de-arbell-entrego-regalos-y-mostro-su-propuesta-en-la-fiesta-de-la-torta-frita\/\" \/>\n<meta property=\"og:site_name\" content=\"NOTICIASMERCEDINAS.COM\" \/>\n<meta property=\"article:publisher\" content=\"https:\/\/www.facebook.com\/noticiasmercedinas\/\" \/>\n<meta property=\"article:published_time\" content=\"2024-04-10T23:19:10+00:00\" \/>\n<meta property=\"article:modified_time\" content=\"2024-04-11T19:47:27+00:00\" \/>\n<meta property=\"og:image\" content=\"https:\/\/noticiasmercedinas.com\/site\/wp-content\/uploads\/2024\/04\/ARBELL.jpg\" \/>\n\t<meta property=\"og:image:width\" content=\"1200\" \/>\n\t<meta property=\"og:image:height\" content=\"952\" \/>\n\t<meta property=\"og:image:type\" content=\"image\/jpeg\" \/>\n<meta name=\"author\" content=\"NOTICIASMERCEDINAS.COM\" \/>\n<meta name=\"twitter:card\" content=\"summary_large_image\" \/>\n<meta name=\"twitter:creator\" content=\"@notmercedinas\" \/>\n<meta name=\"twitter:site\" content=\"@notmercedinas\" \/>\n<meta name=\"twitter:label1\" content=\"Escrito por\" \/>\n\t<meta name=\"twitter:data1\" content=\"NOTICIASMERCEDINAS.COM\" \/>\n\t<meta name=\"twitter:label2\" content=\"Tiempo de lectura\" \/>\n\t<meta name=\"twitter:data2\" content=\"3 minutos\" \/>\n<script type=\"application\/ld+json\" class=\"yoast-schema-graph\">{\"@context\":\"https:\\\/\\\/schema.org\",\"@graph\":[{\"@type\":\"Article\",\"@id\":\"https:\\\/\\\/noticiasmercedinas.com\\\/site\\\/2024\\\/04\\\/10\\\/distribuidora-genesis-de-arbell-entrego-regalos-y-mostro-su-propuesta-en-la-fiesta-de-la-torta-frita\\\/#article\",\"isPartOf\":{\"@id\":\"https:\\\/\\\/noticiasmercedinas.com\\\/site\\\/2024\\\/04\\\/10\\\/distribuidora-genesis-de-arbell-entrego-regalos-y-mostro-su-propuesta-en-la-fiesta-de-la-torta-frita\\\/\"},\"author\":{\"name\":\"NOTICIASMERCEDINAS.COM\",\"@id\":\"https:\\\/\\\/noticiasmercedinas.com\\\/site\\\/#\\\/schema\\\/person\\\/84b59c099c28ff2e8b77d4ceec5d8063\"},\"headline\":\"Distribuidora G\u00e9nesis de Arbell entreg\u00f3 regalos y mostr\u00f3 su propuesta en la Fiesta de la Torta Frita\",\"datePublished\":\"2024-04-10T23:19:10+00:00\",\"dateModified\":\"2024-04-11T19:47:27+00:00\",\"mainEntityOfPage\":{\"@id\":\"https:\\\/\\\/noticiasmercedinas.com\\\/site\\\/2024\\\/04\\\/10\\\/distribuidora-genesis-de-arbell-entrego-regalos-y-mostro-su-propuesta-en-la-fiesta-de-la-torta-frita\\\/\"},\"wordCount\":380,\"publisher\":{\"@id\":\"https:\\\/\\\/noticiasmercedinas.com\\\/site\\\/#organization\"},\"image\":{\"@id\":\"https:\\\/\\\/noticiasmercedinas.com\\\/site\\\/2024\\\/04\\\/10\\\/distribuidora-genesis-de-arbell-entrego-regalos-y-mostro-su-propuesta-en-la-fiesta-de-la-torta-frita\\\/#primaryimage\"},\"thumbnailUrl\":\"https:\\\/\\\/noticiasmercedinas.com\\\/site\\\/wp-content\\\/uploads\\\/2024\\\/04\\\/ARBELL.jpg\",\"keywords\":[\"arbell\",\"belleza\",\"distribuidora genesis\",\"fiesta de la torta frita\",\"venta por catalogo\"],\"articleSection\":[\"Emprendimientos\"],\"inLanguage\":\"es\"},{\"@type\":\"WebPage\",\"@id\":\"https:\\\/\\\/noticiasmercedinas.com\\\/site\\\/2024\\\/04\\\/10\\\/distribuidora-genesis-de-arbell-entrego-regalos-y-mostro-su-propuesta-en-la-fiesta-de-la-torta-frita\\\/\",\"url\":\"https:\\\/\\\/noticiasmercedinas.com\\\/site\\\/2024\\\/04\\\/10\\\/distribuidora-genesis-de-arbell-entrego-regalos-y-mostro-su-propuesta-en-la-fiesta-de-la-torta-frita\\\/\",\"name\":\"Distribuidora G\u00e9nesis de Arbell entreg\u00f3 regalos y mostr\u00f3 su propuesta en la Fiesta de la Torta Frita\",\"isPartOf\":{\"@id\":\"https:\\\/\\\/noticiasmercedinas.com\\\/site\\\/#website\"},\"primaryImageOfPage\":{\"@id\":\"https:\\\/\\\/noticiasmercedinas.com\\\/site\\\/2024\\\/04\\\/10\\\/distribuidora-genesis-de-arbell-entrego-regalos-y-mostro-su-propuesta-en-la-fiesta-de-la-torta-frita\\\/#primaryimage\"},\"image\":{\"@id\":\"https:\\\/\\\/noticiasmercedinas.com\\\/site\\\/2024\\\/04\\\/10\\\/distribuidora-genesis-de-arbell-entrego-regalos-y-mostro-su-propuesta-en-la-fiesta-de-la-torta-frita\\\/#primaryimage\"},\"thumbnailUrl\":\"https:\\\/\\\/noticiasmercedinas.com\\\/site\\\/wp-content\\\/uploads\\\/2024\\\/04\\\/ARBELL.jpg\",\"datePublished\":\"2024-04-10T23:19:10+00:00\",\"dateModified\":\"2024-04-11T19:47:27+00:00\",\"breadcrumb\":{\"@id\":\"https:\\\/\\\/noticiasmercedinas.com\\\/site\\\/2024\\\/04\\\/10\\\/distribuidora-genesis-de-arbell-entrego-regalos-y-mostro-su-propuesta-en-la-fiesta-de-la-torta-frita\\\/#breadcrumb\"},\"inLanguage\":\"es\",\"potentialAction\":[{\"@type\":\"ReadAction\",\"target\":[\"https:\\\/\\\/noticiasmercedinas.com\\\/site\\\/2024\\\/04\\\/10\\\/distribuidora-genesis-de-arbell-entrego-regalos-y-mostro-su-propuesta-en-la-fiesta-de-la-torta-frita\\\/\"]}]},{\"@type\":\"ImageObject\",\"inLanguage\":\"es\",\"@id\":\"https:\\\/\\\/noticiasmercedinas.com\\\/site\\\/2024\\\/04\\\/10\\\/distribuidora-genesis-de-arbell-entrego-regalos-y-mostro-su-propuesta-en-la-fiesta-de-la-torta-frita\\\/#primaryimage\",\"url\":\"https:\\\/\\\/noticiasmercedinas.com\\\/site\\\/wp-content\\\/uploads\\\/2024\\\/04\\\/ARBELL.jpg\",\"contentUrl\":\"https:\\\/\\\/noticiasmercedinas.com\\\/site\\\/wp-content\\\/uploads\\\/2024\\\/04\\\/ARBELL.jpg\",\"width\":1200,\"height\":952},{\"@type\":\"BreadcrumbList\",\"@id\":\"https:\\\/\\\/noticiasmercedinas.com\\\/site\\\/2024\\\/04\\\/10\\\/distribuidora-genesis-de-arbell-entrego-regalos-y-mostro-su-propuesta-en-la-fiesta-de-la-torta-frita\\\/#breadcrumb\",\"itemListElement\":[{\"@type\":\"ListItem\",\"position\":1,\"name\":\"Portada\",\"item\":\"https:\\\/\\\/noticiasmercedinas.com\\\/site\\\/\"},{\"@type\":\"ListItem\",\"position\":2,\"name\":\"Distribuidora G\u00e9nesis de Arbell entreg\u00f3 regalos y mostr\u00f3 su propuesta en la Fiesta de la Torta Frita\"}]},{\"@type\":\"WebSite\",\"@id\":\"https:\\\/\\\/noticiasmercedinas.com\\\/site\\\/#website\",\"url\":\"https:\\\/\\\/noticiasmercedinas.com\\\/site\\\/\",\"name\":\"NOTICIASMERCEDINAS.COM\",\"description\":\"Mercedes, Buenos Aires, Argentina\",\"publisher\":{\"@id\":\"https:\\\/\\\/noticiasmercedinas.com\\\/site\\\/#organization\"},\"potentialAction\":[{\"@type\":\"SearchAction\",\"target\":{\"@type\":\"EntryPoint\",\"urlTemplate\":\"https:\\\/\\\/noticiasmercedinas.com\\\/site\\\/?s={search_term_string}\"},\"query-input\":{\"@type\":\"PropertyValueSpecification\",\"valueRequired\":true,\"valueName\":\"search_term_string\"}}],\"inLanguage\":\"es\"},{\"@type\":\"Organization\",\"@id\":\"https:\\\/\\\/noticiasmercedinas.com\\\/site\\\/#organization\",\"name\":\"NOTICIASMERCEDINAS.COM\",\"url\":\"https:\\\/\\\/noticiasmercedinas.com\\\/site\\\/\",\"logo\":{\"@type\":\"ImageObject\",\"inLanguage\":\"es\",\"@id\":\"https:\\\/\\\/noticiasmercedinas.com\\\/site\\\/#\\\/schema\\\/logo\\\/image\\\/\",\"url\":\"https:\\\/\\\/noticiasmercedinas.com\\\/site\\\/wp-content\\\/uploads\\\/2020\\\/06\\\/LOGO-512.jpg\",\"contentUrl\":\"https:\\\/\\\/noticiasmercedinas.com\\\/site\\\/wp-content\\\/uploads\\\/2020\\\/06\\\/LOGO-512.jpg\",\"width\":512,\"height\":512,\"caption\":\"NOTICIASMERCEDINAS.COM\"},\"image\":{\"@id\":\"https:\\\/\\\/noticiasmercedinas.com\\\/site\\\/#\\\/schema\\\/logo\\\/image\\\/\"},\"sameAs\":[\"https:\\\/\\\/www.facebook.com\\\/noticiasmercedinas\\\/\",\"https:\\\/\\\/x.com\\\/notmercedinas\",\"https:\\\/\\\/www.instagram.com\\\/noticiasmercedinas\\\/\"]},{\"@type\":\"Person\",\"@id\":\"https:\\\/\\\/noticiasmercedinas.com\\\/site\\\/#\\\/schema\\\/person\\\/84b59c099c28ff2e8b77d4ceec5d8063\",\"name\":\"NOTICIASMERCEDINAS.COM\",\"image\":{\"@type\":\"ImageObject\",\"inLanguage\":\"es\",\"@id\":\"https:\\\/\\\/secure.gravatar.com\\\/avatar\\\/4dfbf16b4d17945bfb6341b2d19043457132fcf478a5ee04f42e959fd8f5df0a?s=96&d=mm&r=g\",\"url\":\"https:\\\/\\\/secure.gravatar.com\\\/avatar\\\/4dfbf16b4d17945bfb6341b2d19043457132fcf478a5ee04f42e959fd8f5df0a?s=96&d=mm&r=g\",\"contentUrl\":\"https:\\\/\\\/secure.gravatar.com\\\/avatar\\\/4dfbf16b4d17945bfb6341b2d19043457132fcf478a5ee04f42e959fd8f5df0a?s=96&d=mm&r=g\",\"caption\":\"NOTICIASMERCEDINAS.COM\"},\"url\":\"https:\\\/\\\/noticiasmercedinas.com\\\/site\\\/author\\\/anonimo\\\/\"}]}<\/script>\n<!-- \/ Yoast SEO plugin. -->","yoast_head_json":{"title":"Distribuidora G\u00e9nesis de Arbell entreg\u00f3 regalos y mostr\u00f3 su propuesta en la Fiesta de la Torta Frita","robots":{"index":"index","follow":"follow","max-snippet":"max-snippet:-1","max-image-preview":"max-image-preview:large","max-video-preview":"max-video-preview:-1"},"canonical":"https:\/\/noticiasmercedinas.com\/site\/2024\/04\/10\/distribuidora-genesis-de-arbell-entrego-regalos-y-mostro-su-propuesta-en-la-fiesta-de-la-torta-frita\/","og_locale":"es_ES","og_type":"article","og_title":"Distribuidora G\u00e9nesis de Arbell entreg\u00f3 regalos y mostr\u00f3 su propuesta en la Fiesta de la Torta Frita","og_description":"Entre quienes estuvieron el pasado fin de semana en el Parque Municipal durante la Festa Nacional de la Torta Frita de Mercedes se destacaron los emprendedores. Los hubo de varios rubros y por doquier, y las integrantes de la Distribuidora G\u00e9nesis y Distribuidora Bio de Arbell no faltaron a la cita para hacer difusi\u00f3n de [&hellip;]","og_url":"https:\/\/noticiasmercedinas.com\/site\/2024\/04\/10\/distribuidora-genesis-de-arbell-entrego-regalos-y-mostro-su-propuesta-en-la-fiesta-de-la-torta-frita\/","og_site_name":"NOTICIASMERCEDINAS.COM","article_publisher":"https:\/\/www.facebook.com\/noticiasmercedinas\/","article_published_time":"2024-04-10T23:19:10+00:00","article_modified_time":"2024-04-11T19:47:27+00:00","og_image":[{"width":1200,"height":952,"url":"https:\/\/noticiasmercedinas.com\/site\/wp-content\/uploads\/2024\/04\/ARBELL.jpg","type":"image\/jpeg"}],"author":"NOTICIASMERCEDINAS.COM","twitter_card":"summary_large_image","twitter_creator":"@notmercedinas","twitter_site":"@notmercedinas","twitter_misc":{"Escrito por":"NOTICIASMERCEDINAS.COM","Tiempo de lectura":"3 minutos"},"schema":{"@context":"https:\/\/schema.org","@graph":[{"@type":"Article","@id":"https:\/\/noticiasmercedinas.com\/site\/2024\/04\/10\/distribuidora-genesis-de-arbell-entrego-regalos-y-mostro-su-propuesta-en-la-fiesta-de-la-torta-frita\/#article","isPartOf":{"@id":"https:\/\/noticiasmercedinas.com\/site\/2024\/04\/10\/distribuidora-genesis-de-arbell-entrego-regalos-y-mostro-su-propuesta-en-la-fiesta-de-la-torta-frita\/"},"author":{"name":"NOTICIASMERCEDINAS.COM","@id":"https:\/\/noticiasmercedinas.com\/site\/#\/schema\/person\/84b59c099c28ff2e8b77d4ceec5d8063"},"headline":"Distribuidora G\u00e9nesis de Arbell entreg\u00f3 regalos y mostr\u00f3 su propuesta en la Fiesta de la Torta Frita","datePublished":"2024-04-10T23:19:10+00:00","dateModified":"2024-04-11T19:47:27+00:00","mainEntityOfPage":{"@id":"https:\/\/noticiasmercedinas.com\/site\/2024\/04\/10\/distribuidora-genesis-de-arbell-entrego-regalos-y-mostro-su-propuesta-en-la-fiesta-de-la-torta-frita\/"},"wordCount":380,"publisher":{"@id":"https:\/\/noticiasmercedinas.com\/site\/#organization"},"image":{"@id":"https:\/\/noticiasmercedinas.com\/site\/2024\/04\/10\/distribuidora-genesis-de-arbell-entrego-regalos-y-mostro-su-propuesta-en-la-fiesta-de-la-torta-frita\/#primaryimage"},"thumbnailUrl":"https:\/\/noticiasmercedinas.com\/site\/wp-content\/uploads\/2024\/04\/ARBELL.jpg","keywords":["arbell","belleza","distribuidora genesis","fiesta de la torta frita","venta por catalogo"],"articleSection":["Emprendimientos"],"inLanguage":"es"},{"@type":"WebPage","@id":"https:\/\/noticiasmercedinas.com\/site\/2024\/04\/10\/distribuidora-genesis-de-arbell-entrego-regalos-y-mostro-su-propuesta-en-la-fiesta-de-la-torta-frita\/","url":"https:\/\/noticiasmercedinas.com\/site\/2024\/04\/10\/distribuidora-genesis-de-arbell-entrego-regalos-y-mostro-su-propuesta-en-la-fiesta-de-la-torta-frita\/","name":"Distribuidora G\u00e9nesis de Arbell entreg\u00f3 regalos y mostr\u00f3 su propuesta en la Fiesta de la Torta Frita","isPartOf":{"@id":"https:\/\/noticiasmercedinas.com\/site\/#website"},"primaryImageOfPage":{"@id":"https:\/\/noticiasmercedinas.com\/site\/2024\/04\/10\/distribuidora-genesis-de-arbell-entrego-regalos-y-mostro-su-propuesta-en-la-fiesta-de-la-torta-frita\/#primaryimage"},"image":{"@id":"https:\/\/noticiasmercedinas.com\/site\/2024\/04\/10\/distribuidora-genesis-de-arbell-entrego-regalos-y-mostro-su-propuesta-en-la-fiesta-de-la-torta-frita\/#primaryimage"},"thumbnailUrl":"https:\/\/noticiasmercedinas.com\/site\/wp-content\/uploads\/2024\/04\/ARBELL.jpg","datePublished":"2024-04-10T23:19:10+00:00","dateModified":"2024-04-11T19:47:27+00:00","breadcrumb":{"@id":"https:\/\/noticiasmercedinas.com\/site\/2024\/04\/10\/distribuidora-genesis-de-arbell-entrego-regalos-y-mostro-su-propuesta-en-la-fiesta-de-la-torta-frita\/#breadcrumb"},"inLanguage":"es","potentialAction":[{"@type":"ReadAction","target":["https:\/\/noticiasmercedinas.com\/site\/2024\/04\/10\/distribuidora-genesis-de-arbell-entrego-regalos-y-mostro-su-propuesta-en-la-fiesta-de-la-torta-frita\/"]}]},{"@type":"ImageObject","inLanguage":"es","@id":"https:\/\/noticiasmercedinas.com\/site\/2024\/04\/10\/distribuidora-genesis-de-arbell-entrego-regalos-y-mostro-su-propuesta-en-la-fiesta-de-la-torta-frita\/#primaryimage","url":"https:\/\/noticiasmercedinas.com\/site\/wp-content\/uploads\/2024\/04\/ARBELL.jpg","contentUrl":"https:\/\/noticiasmercedinas.com\/site\/wp-content\/uploads\/2024\/04\/ARBELL.jpg","width":1200,"height":952},{"@type":"BreadcrumbList","@id":"https:\/\/noticiasmercedinas.com\/site\/2024\/04\/10\/distribuidora-genesis-de-arbell-entrego-regalos-y-mostro-su-propuesta-en-la-fiesta-de-la-torta-frita\/#breadcrumb","itemListElement":[{"@type":"ListItem","position":1,"name":"Portada","item":"https:\/\/noticiasmercedinas.com\/site\/"},{"@type":"ListItem","position":2,"name":"Distribuidora G\u00e9nesis de Arbell entreg\u00f3 regalos y mostr\u00f3 su propuesta en la Fiesta de la Torta Frita"}]},{"@type":"WebSite","@id":"https:\/\/noticiasmercedinas.com\/site\/#website","url":"https:\/\/noticiasmercedinas.com\/site\/","name":"NOTICIASMERCEDINAS.COM","description":"Mercedes, Buenos Aires, Argentina","publisher":{"@id":"https:\/\/noticiasmercedinas.com\/site\/#organization"},"potentialAction":[{"@type":"SearchAction","target":{"@type":"EntryPoint","urlTemplate":"https:\/\/noticiasmercedinas.com\/site\/?s={search_term_string}"},"query-input":{"@type":"PropertyValueSpecification","valueRequired":true,"valueName":"search_term_string"}}],"inLanguage":"es"},{"@type":"Organization","@id":"https:\/\/noticiasmercedinas.com\/site\/#organization","name":"NOTICIASMERCEDINAS.COM","url":"https:\/\/noticiasmercedinas.com\/site\/","logo":{"@type":"ImageObject","inLanguage":"es","@id":"https:\/\/noticiasmercedinas.com\/site\/#\/schema\/logo\/image\/","url":"https:\/\/noticiasmercedinas.com\/site\/wp-content\/uploads\/2020\/06\/LOGO-512.jpg","contentUrl":"https:\/\/noticiasmercedinas.com\/site\/wp-content\/uploads\/2020\/06\/LOGO-512.jpg","width":512,"height":512,"caption":"NOTICIASMERCEDINAS.COM"},"image":{"@id":"https:\/\/noticiasmercedinas.com\/site\/#\/schema\/logo\/image\/"},"sameAs":["https:\/\/www.facebook.com\/noticiasmercedinas\/","https:\/\/x.com\/notmercedinas","https:\/\/www.instagram.com\/noticiasmercedinas\/"]},{"@type":"Person","@id":"https:\/\/noticiasmercedinas.com\/site\/#\/schema\/person\/84b59c099c28ff2e8b77d4ceec5d8063","name":"NOTICIASMERCEDINAS.COM","image":{"@type":"ImageObject","inLanguage":"es","@id":"https:\/\/secure.gravatar.com\/avatar\/4dfbf16b4d17945bfb6341b2d19043457132fcf478a5ee04f42e959fd8f5df0a?s=96&d=mm&r=g","url":"https:\/\/secure.gravatar.com\/avatar\/4dfbf16b4d17945bfb6341b2d19043457132fcf478a5ee04f42e959fd8f5df0a?s=96&d=mm&r=g","contentUrl":"https:\/\/secure.gravatar.com\/avatar\/4dfbf16b4d17945bfb6341b2d19043457132fcf478a5ee04f42e959fd8f5df0a?s=96&d=mm&r=g","caption":"NOTICIASMERCEDINAS.COM"},"url":"https:\/\/noticiasmercedinas.com\/site\/author\/anonimo\/"}]}},"amp_enabled":true,"_links":{"self":[{"href":"https:\/\/noticiasmercedinas.com\/site\/wp-json\/wp\/v2\/posts\/133951","targetHints":{"allow":["GET"]}}],"collection":[{"href":"https:\/\/noticiasmercedinas.com\/site\/wp-json\/wp\/v2\/posts"}],"about":[{"href":"https:\/\/noticiasmercedinas.com\/site\/wp-json\/wp\/v2\/types\/post"}],"author":[{"embeddable":true,"href":"https:\/\/noticiasmercedinas.com\/site\/wp-json\/wp\/v2\/users\/16"}],"replies":[{"embeddable":true,"href":"https:\/\/noticiasmercedinas.com\/site\/wp-json\/wp\/v2\/comments?post=133951"}],"version-history":[{"count":4,"href":"https:\/\/noticiasmercedinas.com\/site\/wp-json\/wp\/v2\/posts\/133951\/revisions"}],"predecessor-version":[{"id":133984,"href":"https:\/\/noticiasmercedinas.com\/site\/wp-json\/wp\/v2\/posts\/133951\/revisions\/133984"}],"wp:featuredmedia":[{"embeddable":true,"href":"https:\/\/noticiasmercedinas.com\/site\/wp-json\/wp\/v2\/media\/133952"}],"wp:attachment":[{"href":"https:\/\/noticiasmercedinas.com\/site\/wp-json\/wp\/v2\/media?parent=133951"}],"wp:term":[{"taxonomy":"category","embeddable":true,"href":"https:\/\/noticiasmercedinas.com\/site\/wp-json\/wp\/v2\/categories?post=133951"},{"taxonomy":"post_tag","embeddable":true,"href":"https:\/\/noticiasmercedinas.com\/site\/wp-json\/wp\/v2\/tags?post=133951"}],"curies":[{"name":"wp","href":"https:\/\/api.w.org\/{rel}","templated":true}]}}