{"id":134177,"date":"2024-04-15T17:49:11","date_gmt":"2024-04-15T20:49:11","guid":{"rendered":"https:\/\/noticiasmercedinas.com\/site\/?p=134177"},"modified":"2024-04-15T17:49:11","modified_gmt":"2024-04-15T20:49:11","slug":"bicicleteada-por-el-dia-de-la-tierra-de-sos-habitat-contra-la-contaminacion-plastica-del-rio-y-zona-riberena","status":"publish","type":"post","link":"https:\/\/noticiasmercedinas.com\/site\/2024\/04\/15\/bicicleteada-por-el-dia-de-la-tierra-de-sos-habitat-contra-la-contaminacion-plastica-del-rio-y-zona-riberena\/","title":{"rendered":"Bicicleteada por el D\u00eda de la Tierra de SOS H\u00e1bitat contra la contaminaci\u00f3n pl\u00e1stica del r\u00edo y zona ribere\u00f1a"},"content":{"rendered":"<p><img loading=\"lazy\" decoding=\"async\" class=\"alignnone size-full wp-image-1224\" src=\"https:\/\/noticiasmercedinas.com\/site\/wp-content\/uploads\/2018\/09\/riolujan5121.jpg\" alt=\"\" width=\"650\" height=\"347\" srcset=\"https:\/\/noticiasmercedinas.com\/site\/wp-content\/uploads\/2018\/09\/riolujan5121.jpg 650w, https:\/\/noticiasmercedinas.com\/site\/wp-content\/uploads\/2018\/09\/riolujan5121-300x160.jpg 300w, https:\/\/noticiasmercedinas.com\/site\/wp-content\/uploads\/2018\/09\/riolujan5121-600x320.jpg 600w, https:\/\/noticiasmercedinas.com\/site\/wp-content\/uploads\/2018\/09\/riolujan5121-640x342.jpg 640w\" sizes=\"auto, (max-width: 650px) 100vw, 650px\" \/><\/p>\n<p>En el marco del D\u00eda de la Tierra, la agrupaci\u00f3n sin fines de lucro ambientalista SOS H\u00e1bitat ha anunciado una nueva iniciativa para combatir la contaminaci\u00f3n pl\u00e1stica que al planeta y en particular a esta zona. El pr\u00f3ximo 21 de abril, a las 15 horas, se llevar\u00e1 a cabo una bicicleteada con punto de encuentro en las calles 15 y 40. Los participantes est\u00e1n invitados a llevar bolsas y guantes para una actividad de recolecci\u00f3n durante el recorrido.<\/p>\n<p>La ruta partir\u00e1 desde el Centro Cultural La Trocha y se dirigir\u00e1 hacia el Puente del Ca\u00f1\u00f3n, pasando por la avenida Costanera y bordeando el r\u00edo Luj\u00e1n. Esta zona ha sido hist\u00f3ricamente afectada por la contaminaci\u00f3n debido al arrojo de residuos, al que tambi\u00e9n contribuye el desborde del r\u00edo con su caudal contaminado por pl\u00e1sticos, principalmente.<\/p>\n<blockquote><p>El pl\u00e1stico constituye el 10% de todos los residuos generados y que la producci\u00f3n de una botella de pl\u00e1stico para agua requiere seis veces m\u00e1s agua de la que contiene la botella.<\/p><\/blockquote>\n<p>La jornada de bicicleteada no solo busca promover el uso de medios de transporte sostenibles, sino tambi\u00e9n crear conciencia sobre la problem\u00e1tica de la contaminaci\u00f3n pl\u00e1stica. En este sentido, SOS H\u00e1bitat hace un llamado a la acci\u00f3n para poner fin a esta crisis ambiental que afecta tanto a la vida marina como a la salud humana.<\/p>\n<p>El evento coincide con el llamado internacional para detener la contaminaci\u00f3n pl\u00e1stica, con datos alarmantes que revelan el impacto devastador que este material tiene en nuestro entorno. Cada a\u00f1o, el mundo utiliza 500 mil millones de bolsas de pl\u00e1stico y al menos 8 millones de toneladas de pl\u00e1stico terminan en los oc\u00e9anos, lo que equivale a la descarga de un cami\u00f3n de basura cada minuto.<\/p>\n<p>Adem\u00e1s, se destaca que el pl\u00e1stico constituye el 10% de todos los residuos generados y que la producci\u00f3n de una botella de pl\u00e1stico para agua requiere seis veces m\u00e1s agua de la que contiene la botella.<\/p>\n<p>Con esta bicicleteada, SOS H\u00e1bitat busca sumar esfuerzos en la lucha contra la contaminaci\u00f3n pl\u00e1stica y fomentar pr\u00e1cticas m\u00e1s sostenibles para preservar el medio ambiente.<\/p>\n<p><img loading=\"lazy\" decoding=\"async\" class=\"alignnone wp-image-134178\" src=\"https:\/\/noticiasmercedinas.com\/site\/wp-content\/uploads\/2024\/04\/WhatsApp-Image-2024-04-14-at-16.53.18.jpeg\" alt=\"\" width=\"640\" height=\"1138\" srcset=\"https:\/\/noticiasmercedinas.com\/site\/wp-content\/uploads\/2024\/04\/WhatsApp-Image-2024-04-14-at-16.53.18.jpeg 360w, https:\/\/noticiasmercedinas.com\/site\/wp-content\/uploads\/2024\/04\/WhatsApp-Image-2024-04-14-at-16.53.18-169x300.jpeg 169w\" sizes=\"auto, (max-width: 640px) 100vw, 640px\" \/><\/p>\n","protected":false},"excerpt":{"rendered":"<p>En el marco del D\u00eda de la Tierra, la agrupaci\u00f3n sin fines de lucro ambientalista SOS H\u00e1bitat ha anunciado una nueva iniciativa para combatir la contaminaci\u00f3n pl\u00e1stica que al planeta y en particular a esta zona. El pr\u00f3ximo 21 de abril, a las 15 horas, se llevar\u00e1 a cabo una bicicleteada con punto de encuentro [&hellip;]<\/p>\n","protected":false},"author":16,"featured_media":1224,"comment_status":"closed","ping_status":"closed","sticky":false,"template":"","format":"standard","meta":{"footnotes":""},"categories":[5754],"tags":[4944,4470,1324,444],"class_list":["post-134177","post","type-post","status-publish","format-standard","has-post-thumbnail","hentry","category-medio-ambiente","tag-contaminacion","tag-dia-de-la-tierra","tag-plasticos","tag-sos-habitat"],"yoast_head":"<!-- This site is optimized with the Yoast SEO plugin v27.5 - https:\/\/yoast.com\/product\/yoast-seo-wordpress\/ -->\n<title>Bicicleteada por el D\u00eda de la Tierra de SOS H\u00e1bitat contra la contaminaci\u00f3n pl\u00e1stica del r\u00edo y zona ribere\u00f1a<\/title>\n<meta name=\"robots\" content=\"index, follow, max-snippet:-1, max-image-preview:large, max-video-preview:-1\" \/>\n<link rel=\"canonical\" href=\"https:\/\/noticiasmercedinas.com\/site\/2024\/04\/15\/bicicleteada-por-el-dia-de-la-tierra-de-sos-habitat-contra-la-contaminacion-plastica-del-rio-y-zona-riberena\/\" \/>\n<meta property=\"og:locale\" content=\"es_ES\" \/>\n<meta property=\"og:type\" content=\"article\" \/>\n<meta property=\"og:title\" content=\"Bicicleteada por el D\u00eda de la Tierra de SOS H\u00e1bitat contra la contaminaci\u00f3n pl\u00e1stica del r\u00edo y zona ribere\u00f1a\" \/>\n<meta property=\"og:description\" content=\"En el marco del D\u00eda de la Tierra, la agrupaci\u00f3n sin fines de lucro ambientalista SOS H\u00e1bitat ha anunciado una nueva iniciativa para combatir la contaminaci\u00f3n pl\u00e1stica que al planeta y en particular a esta zona. El pr\u00f3ximo 21 de abril, a las 15 horas, se llevar\u00e1 a cabo una bicicleteada con punto de encuentro [&hellip;]\" \/>\n<meta property=\"og:url\" content=\"https:\/\/noticiasmercedinas.com\/site\/2024\/04\/15\/bicicleteada-por-el-dia-de-la-tierra-de-sos-habitat-contra-la-contaminacion-plastica-del-rio-y-zona-riberena\/\" \/>\n<meta property=\"og:site_name\" content=\"NOTICIASMERCEDINAS.COM\" \/>\n<meta property=\"article:publisher\" content=\"https:\/\/www.facebook.com\/noticiasmercedinas\/\" \/>\n<meta property=\"article:published_time\" content=\"2024-04-15T20:49:11+00:00\" \/>\n<meta property=\"og:image\" content=\"https:\/\/noticiasmercedinas.com\/site\/wp-content\/uploads\/2018\/09\/riolujan5121.jpg\" \/>\n\t<meta property=\"og:image:width\" content=\"650\" \/>\n\t<meta property=\"og:image:height\" content=\"347\" \/>\n\t<meta property=\"og:image:type\" content=\"image\/jpeg\" \/>\n<meta name=\"author\" content=\"NOTICIASMERCEDINAS.COM\" \/>\n<meta name=\"twitter:card\" content=\"summary_large_image\" \/>\n<meta name=\"twitter:creator\" content=\"@notmercedinas\" \/>\n<meta name=\"twitter:site\" content=\"@notmercedinas\" \/>\n<meta name=\"twitter:label1\" content=\"Escrito por\" \/>\n\t<meta name=\"twitter:data1\" content=\"NOTICIASMERCEDINAS.COM\" \/>\n\t<meta name=\"twitter:label2\" content=\"Tiempo de lectura\" \/>\n\t<meta name=\"twitter:data2\" content=\"3 minutos\" \/>\n<script type=\"application\/ld+json\" class=\"yoast-schema-graph\">{\"@context\":\"https:\\\/\\\/schema.org\",\"@graph\":[{\"@type\":\"Article\",\"@id\":\"https:\\\/\\\/noticiasmercedinas.com\\\/site\\\/2024\\\/04\\\/15\\\/bicicleteada-por-el-dia-de-la-tierra-de-sos-habitat-contra-la-contaminacion-plastica-del-rio-y-zona-riberena\\\/#article\",\"isPartOf\":{\"@id\":\"https:\\\/\\\/noticiasmercedinas.com\\\/site\\\/2024\\\/04\\\/15\\\/bicicleteada-por-el-dia-de-la-tierra-de-sos-habitat-contra-la-contaminacion-plastica-del-rio-y-zona-riberena\\\/\"},\"author\":{\"name\":\"NOTICIASMERCEDINAS.COM\",\"@id\":\"https:\\\/\\\/noticiasmercedinas.com\\\/site\\\/#\\\/schema\\\/person\\\/84b59c099c28ff2e8b77d4ceec5d8063\"},\"headline\":\"Bicicleteada por el D\u00eda de la Tierra de SOS H\u00e1bitat contra la contaminaci\u00f3n pl\u00e1stica del r\u00edo y zona ribere\u00f1a\",\"datePublished\":\"2024-04-15T20:49:11+00:00\",\"mainEntityOfPage\":{\"@id\":\"https:\\\/\\\/noticiasmercedinas.com\\\/site\\\/2024\\\/04\\\/15\\\/bicicleteada-por-el-dia-de-la-tierra-de-sos-habitat-contra-la-contaminacion-plastica-del-rio-y-zona-riberena\\\/\"},\"wordCount\":408,\"publisher\":{\"@id\":\"https:\\\/\\\/noticiasmercedinas.com\\\/site\\\/#organization\"},\"image\":{\"@id\":\"https:\\\/\\\/noticiasmercedinas.com\\\/site\\\/2024\\\/04\\\/15\\\/bicicleteada-por-el-dia-de-la-tierra-de-sos-habitat-contra-la-contaminacion-plastica-del-rio-y-zona-riberena\\\/#primaryimage\"},\"thumbnailUrl\":\"https:\\\/\\\/noticiasmercedinas.com\\\/site\\\/wp-content\\\/uploads\\\/2018\\\/09\\\/riolujan5121.jpg\",\"keywords\":[\"contaminacion\",\"dia de la tierra\",\"pl\u00e1sticos\",\"sos habitat\"],\"articleSection\":[\"Ambiente\"],\"inLanguage\":\"es\"},{\"@type\":\"WebPage\",\"@id\":\"https:\\\/\\\/noticiasmercedinas.com\\\/site\\\/2024\\\/04\\\/15\\\/bicicleteada-por-el-dia-de-la-tierra-de-sos-habitat-contra-la-contaminacion-plastica-del-rio-y-zona-riberena\\\/\",\"url\":\"https:\\\/\\\/noticiasmercedinas.com\\\/site\\\/2024\\\/04\\\/15\\\/bicicleteada-por-el-dia-de-la-tierra-de-sos-habitat-contra-la-contaminacion-plastica-del-rio-y-zona-riberena\\\/\",\"name\":\"Bicicleteada por el D\u00eda de la Tierra de SOS H\u00e1bitat contra la contaminaci\u00f3n pl\u00e1stica del r\u00edo y zona ribere\u00f1a\",\"isPartOf\":{\"@id\":\"https:\\\/\\\/noticiasmercedinas.com\\\/site\\\/#website\"},\"primaryImageOfPage\":{\"@id\":\"https:\\\/\\\/noticiasmercedinas.com\\\/site\\\/2024\\\/04\\\/15\\\/bicicleteada-por-el-dia-de-la-tierra-de-sos-habitat-contra-la-contaminacion-plastica-del-rio-y-zona-riberena\\\/#primaryimage\"},\"image\":{\"@id\":\"https:\\\/\\\/noticiasmercedinas.com\\\/site\\\/2024\\\/04\\\/15\\\/bicicleteada-por-el-dia-de-la-tierra-de-sos-habitat-contra-la-contaminacion-plastica-del-rio-y-zona-riberena\\\/#primaryimage\"},\"thumbnailUrl\":\"https:\\\/\\\/noticiasmercedinas.com\\\/site\\\/wp-content\\\/uploads\\\/2018\\\/09\\\/riolujan5121.jpg\",\"datePublished\":\"2024-04-15T20:49:11+00:00\",\"breadcrumb\":{\"@id\":\"https:\\\/\\\/noticiasmercedinas.com\\\/site\\\/2024\\\/04\\\/15\\\/bicicleteada-por-el-dia-de-la-tierra-de-sos-habitat-contra-la-contaminacion-plastica-del-rio-y-zona-riberena\\\/#breadcrumb\"},\"inLanguage\":\"es\",\"potentialAction\":[{\"@type\":\"ReadAction\",\"target\":[\"https:\\\/\\\/noticiasmercedinas.com\\\/site\\\/2024\\\/04\\\/15\\\/bicicleteada-por-el-dia-de-la-tierra-de-sos-habitat-contra-la-contaminacion-plastica-del-rio-y-zona-riberena\\\/\"]}]},{\"@type\":\"ImageObject\",\"inLanguage\":\"es\",\"@id\":\"https:\\\/\\\/noticiasmercedinas.com\\\/site\\\/2024\\\/04\\\/15\\\/bicicleteada-por-el-dia-de-la-tierra-de-sos-habitat-contra-la-contaminacion-plastica-del-rio-y-zona-riberena\\\/#primaryimage\",\"url\":\"https:\\\/\\\/noticiasmercedinas.com\\\/site\\\/wp-content\\\/uploads\\\/2018\\\/09\\\/riolujan5121.jpg\",\"contentUrl\":\"https:\\\/\\\/noticiasmercedinas.com\\\/site\\\/wp-content\\\/uploads\\\/2018\\\/09\\\/riolujan5121.jpg\",\"width\":650,\"height\":347},{\"@type\":\"BreadcrumbList\",\"@id\":\"https:\\\/\\\/noticiasmercedinas.com\\\/site\\\/2024\\\/04\\\/15\\\/bicicleteada-por-el-dia-de-la-tierra-de-sos-habitat-contra-la-contaminacion-plastica-del-rio-y-zona-riberena\\\/#breadcrumb\",\"itemListElement\":[{\"@type\":\"ListItem\",\"position\":1,\"name\":\"Portada\",\"item\":\"https:\\\/\\\/noticiasmercedinas.com\\\/site\\\/\"},{\"@type\":\"ListItem\",\"position\":2,\"name\":\"Bicicleteada por el D\u00eda de la Tierra de SOS H\u00e1bitat contra la contaminaci\u00f3n pl\u00e1stica del r\u00edo y zona ribere\u00f1a\"}]},{\"@type\":\"WebSite\",\"@id\":\"https:\\\/\\\/noticiasmercedinas.com\\\/site\\\/#website\",\"url\":\"https:\\\/\\\/noticiasmercedinas.com\\\/site\\\/\",\"name\":\"NOTICIASMERCEDINAS.COM\",\"description\":\"Mercedes, Buenos Aires, Argentina\",\"publisher\":{\"@id\":\"https:\\\/\\\/noticiasmercedinas.com\\\/site\\\/#organization\"},\"potentialAction\":[{\"@type\":\"SearchAction\",\"target\":{\"@type\":\"EntryPoint\",\"urlTemplate\":\"https:\\\/\\\/noticiasmercedinas.com\\\/site\\\/?s={search_term_string}\"},\"query-input\":{\"@type\":\"PropertyValueSpecification\",\"valueRequired\":true,\"valueName\":\"search_term_string\"}}],\"inLanguage\":\"es\"},{\"@type\":\"Organization\",\"@id\":\"https:\\\/\\\/noticiasmercedinas.com\\\/site\\\/#organization\",\"name\":\"NOTICIASMERCEDINAS.COM\",\"url\":\"https:\\\/\\\/noticiasmercedinas.com\\\/site\\\/\",\"logo\":{\"@type\":\"ImageObject\",\"inLanguage\":\"es\",\"@id\":\"https:\\\/\\\/noticiasmercedinas.com\\\/site\\\/#\\\/schema\\\/logo\\\/image\\\/\",\"url\":\"https:\\\/\\\/noticiasmercedinas.com\\\/site\\\/wp-content\\\/uploads\\\/2020\\\/06\\\/LOGO-512.jpg\",\"contentUrl\":\"https:\\\/\\\/noticiasmercedinas.com\\\/site\\\/wp-content\\\/uploads\\\/2020\\\/06\\\/LOGO-512.jpg\",\"width\":512,\"height\":512,\"caption\":\"NOTICIASMERCEDINAS.COM\"},\"image\":{\"@id\":\"https:\\\/\\\/noticiasmercedinas.com\\\/site\\\/#\\\/schema\\\/logo\\\/image\\\/\"},\"sameAs\":[\"https:\\\/\\\/www.facebook.com\\\/noticiasmercedinas\\\/\",\"https:\\\/\\\/x.com\\\/notmercedinas\",\"https:\\\/\\\/www.instagram.com\\\/noticiasmercedinas\\\/\"]},{\"@type\":\"Person\",\"@id\":\"https:\\\/\\\/noticiasmercedinas.com\\\/site\\\/#\\\/schema\\\/person\\\/84b59c099c28ff2e8b77d4ceec5d8063\",\"name\":\"NOTICIASMERCEDINAS.COM\",\"image\":{\"@type\":\"ImageObject\",\"inLanguage\":\"es\",\"@id\":\"https:\\\/\\\/secure.gravatar.com\\\/avatar\\\/4dfbf16b4d17945bfb6341b2d19043457132fcf478a5ee04f42e959fd8f5df0a?s=96&d=mm&r=g\",\"url\":\"https:\\\/\\\/secure.gravatar.com\\\/avatar\\\/4dfbf16b4d17945bfb6341b2d19043457132fcf478a5ee04f42e959fd8f5df0a?s=96&d=mm&r=g\",\"contentUrl\":\"https:\\\/\\\/secure.gravatar.com\\\/avatar\\\/4dfbf16b4d17945bfb6341b2d19043457132fcf478a5ee04f42e959fd8f5df0a?s=96&d=mm&r=g\",\"caption\":\"NOTICIASMERCEDINAS.COM\"},\"url\":\"https:\\\/\\\/noticiasmercedinas.com\\\/site\\\/author\\\/anonimo\\\/\"}]}<\/script>\n<!-- \/ Yoast SEO plugin. -->","yoast_head_json":{"title":"Bicicleteada por el D\u00eda de la Tierra de SOS H\u00e1bitat contra la contaminaci\u00f3n pl\u00e1stica del r\u00edo y zona ribere\u00f1a","robots":{"index":"index","follow":"follow","max-snippet":"max-snippet:-1","max-image-preview":"max-image-preview:large","max-video-preview":"max-video-preview:-1"},"canonical":"https:\/\/noticiasmercedinas.com\/site\/2024\/04\/15\/bicicleteada-por-el-dia-de-la-tierra-de-sos-habitat-contra-la-contaminacion-plastica-del-rio-y-zona-riberena\/","og_locale":"es_ES","og_type":"article","og_title":"Bicicleteada por el D\u00eda de la Tierra de SOS H\u00e1bitat contra la contaminaci\u00f3n pl\u00e1stica del r\u00edo y zona ribere\u00f1a","og_description":"En el marco del D\u00eda de la Tierra, la agrupaci\u00f3n sin fines de lucro ambientalista SOS H\u00e1bitat ha anunciado una nueva iniciativa para combatir la contaminaci\u00f3n pl\u00e1stica que al planeta y en particular a esta zona. El pr\u00f3ximo 21 de abril, a las 15 horas, se llevar\u00e1 a cabo una bicicleteada con punto de encuentro [&hellip;]","og_url":"https:\/\/noticiasmercedinas.com\/site\/2024\/04\/15\/bicicleteada-por-el-dia-de-la-tierra-de-sos-habitat-contra-la-contaminacion-plastica-del-rio-y-zona-riberena\/","og_site_name":"NOTICIASMERCEDINAS.COM","article_publisher":"https:\/\/www.facebook.com\/noticiasmercedinas\/","article_published_time":"2024-04-15T20:49:11+00:00","og_image":[{"width":650,"height":347,"url":"https:\/\/noticiasmercedinas.com\/site\/wp-content\/uploads\/2018\/09\/riolujan5121.jpg","type":"image\/jpeg"}],"author":"NOTICIASMERCEDINAS.COM","twitter_card":"summary_large_image","twitter_creator":"@notmercedinas","twitter_site":"@notmercedinas","twitter_misc":{"Escrito por":"NOTICIASMERCEDINAS.COM","Tiempo de lectura":"3 minutos"},"schema":{"@context":"https:\/\/schema.org","@graph":[{"@type":"Article","@id":"https:\/\/noticiasmercedinas.com\/site\/2024\/04\/15\/bicicleteada-por-el-dia-de-la-tierra-de-sos-habitat-contra-la-contaminacion-plastica-del-rio-y-zona-riberena\/#article","isPartOf":{"@id":"https:\/\/noticiasmercedinas.com\/site\/2024\/04\/15\/bicicleteada-por-el-dia-de-la-tierra-de-sos-habitat-contra-la-contaminacion-plastica-del-rio-y-zona-riberena\/"},"author":{"name":"NOTICIASMERCEDINAS.COM","@id":"https:\/\/noticiasmercedinas.com\/site\/#\/schema\/person\/84b59c099c28ff2e8b77d4ceec5d8063"},"headline":"Bicicleteada por el D\u00eda de la Tierra de SOS H\u00e1bitat contra la contaminaci\u00f3n pl\u00e1stica del r\u00edo y zona ribere\u00f1a","datePublished":"2024-04-15T20:49:11+00:00","mainEntityOfPage":{"@id":"https:\/\/noticiasmercedinas.com\/site\/2024\/04\/15\/bicicleteada-por-el-dia-de-la-tierra-de-sos-habitat-contra-la-contaminacion-plastica-del-rio-y-zona-riberena\/"},"wordCount":408,"publisher":{"@id":"https:\/\/noticiasmercedinas.com\/site\/#organization"},"image":{"@id":"https:\/\/noticiasmercedinas.com\/site\/2024\/04\/15\/bicicleteada-por-el-dia-de-la-tierra-de-sos-habitat-contra-la-contaminacion-plastica-del-rio-y-zona-riberena\/#primaryimage"},"thumbnailUrl":"https:\/\/noticiasmercedinas.com\/site\/wp-content\/uploads\/2018\/09\/riolujan5121.jpg","keywords":["contaminacion","dia de la tierra","pl\u00e1sticos","sos habitat"],"articleSection":["Ambiente"],"inLanguage":"es"},{"@type":"WebPage","@id":"https:\/\/noticiasmercedinas.com\/site\/2024\/04\/15\/bicicleteada-por-el-dia-de-la-tierra-de-sos-habitat-contra-la-contaminacion-plastica-del-rio-y-zona-riberena\/","url":"https:\/\/noticiasmercedinas.com\/site\/2024\/04\/15\/bicicleteada-por-el-dia-de-la-tierra-de-sos-habitat-contra-la-contaminacion-plastica-del-rio-y-zona-riberena\/","name":"Bicicleteada por el D\u00eda de la Tierra de SOS H\u00e1bitat contra la contaminaci\u00f3n pl\u00e1stica del r\u00edo y zona ribere\u00f1a","isPartOf":{"@id":"https:\/\/noticiasmercedinas.com\/site\/#website"},"primaryImageOfPage":{"@id":"https:\/\/noticiasmercedinas.com\/site\/2024\/04\/15\/bicicleteada-por-el-dia-de-la-tierra-de-sos-habitat-contra-la-contaminacion-plastica-del-rio-y-zona-riberena\/#primaryimage"},"image":{"@id":"https:\/\/noticiasmercedinas.com\/site\/2024\/04\/15\/bicicleteada-por-el-dia-de-la-tierra-de-sos-habitat-contra-la-contaminacion-plastica-del-rio-y-zona-riberena\/#primaryimage"},"thumbnailUrl":"https:\/\/noticiasmercedinas.com\/site\/wp-content\/uploads\/2018\/09\/riolujan5121.jpg","datePublished":"2024-04-15T20:49:11+00:00","breadcrumb":{"@id":"https:\/\/noticiasmercedinas.com\/site\/2024\/04\/15\/bicicleteada-por-el-dia-de-la-tierra-de-sos-habitat-contra-la-contaminacion-plastica-del-rio-y-zona-riberena\/#breadcrumb"},"inLanguage":"es","potentialAction":[{"@type":"ReadAction","target":["https:\/\/noticiasmercedinas.com\/site\/2024\/04\/15\/bicicleteada-por-el-dia-de-la-tierra-de-sos-habitat-contra-la-contaminacion-plastica-del-rio-y-zona-riberena\/"]}]},{"@type":"ImageObject","inLanguage":"es","@id":"https:\/\/noticiasmercedinas.com\/site\/2024\/04\/15\/bicicleteada-por-el-dia-de-la-tierra-de-sos-habitat-contra-la-contaminacion-plastica-del-rio-y-zona-riberena\/#primaryimage","url":"https:\/\/noticiasmercedinas.com\/site\/wp-content\/uploads\/2018\/09\/riolujan5121.jpg","contentUrl":"https:\/\/noticiasmercedinas.com\/site\/wp-content\/uploads\/2018\/09\/riolujan5121.jpg","width":650,"height":347},{"@type":"BreadcrumbList","@id":"https:\/\/noticiasmercedinas.com\/site\/2024\/04\/15\/bicicleteada-por-el-dia-de-la-tierra-de-sos-habitat-contra-la-contaminacion-plastica-del-rio-y-zona-riberena\/#breadcrumb","itemListElement":[{"@type":"ListItem","position":1,"name":"Portada","item":"https:\/\/noticiasmercedinas.com\/site\/"},{"@type":"ListItem","position":2,"name":"Bicicleteada por el D\u00eda de la Tierra de SOS H\u00e1bitat contra la contaminaci\u00f3n pl\u00e1stica del r\u00edo y zona ribere\u00f1a"}]},{"@type":"WebSite","@id":"https:\/\/noticiasmercedinas.com\/site\/#website","url":"https:\/\/noticiasmercedinas.com\/site\/","name":"NOTICIASMERCEDINAS.COM","description":"Mercedes, Buenos Aires, Argentina","publisher":{"@id":"https:\/\/noticiasmercedinas.com\/site\/#organization"},"potentialAction":[{"@type":"SearchAction","target":{"@type":"EntryPoint","urlTemplate":"https:\/\/noticiasmercedinas.com\/site\/?s={search_term_string}"},"query-input":{"@type":"PropertyValueSpecification","valueRequired":true,"valueName":"search_term_string"}}],"inLanguage":"es"},{"@type":"Organization","@id":"https:\/\/noticiasmercedinas.com\/site\/#organization","name":"NOTICIASMERCEDINAS.COM","url":"https:\/\/noticiasmercedinas.com\/site\/","logo":{"@type":"ImageObject","inLanguage":"es","@id":"https:\/\/noticiasmercedinas.com\/site\/#\/schema\/logo\/image\/","url":"https:\/\/noticiasmercedinas.com\/site\/wp-content\/uploads\/2020\/06\/LOGO-512.jpg","contentUrl":"https:\/\/noticiasmercedinas.com\/site\/wp-content\/uploads\/2020\/06\/LOGO-512.jpg","width":512,"height":512,"caption":"NOTICIASMERCEDINAS.COM"},"image":{"@id":"https:\/\/noticiasmercedinas.com\/site\/#\/schema\/logo\/image\/"},"sameAs":["https:\/\/www.facebook.com\/noticiasmercedinas\/","https:\/\/x.com\/notmercedinas","https:\/\/www.instagram.com\/noticiasmercedinas\/"]},{"@type":"Person","@id":"https:\/\/noticiasmercedinas.com\/site\/#\/schema\/person\/84b59c099c28ff2e8b77d4ceec5d8063","name":"NOTICIASMERCEDINAS.COM","image":{"@type":"ImageObject","inLanguage":"es","@id":"https:\/\/secure.gravatar.com\/avatar\/4dfbf16b4d17945bfb6341b2d19043457132fcf478a5ee04f42e959fd8f5df0a?s=96&d=mm&r=g","url":"https:\/\/secure.gravatar.com\/avatar\/4dfbf16b4d17945bfb6341b2d19043457132fcf478a5ee04f42e959fd8f5df0a?s=96&d=mm&r=g","contentUrl":"https:\/\/secure.gravatar.com\/avatar\/4dfbf16b4d17945bfb6341b2d19043457132fcf478a5ee04f42e959fd8f5df0a?s=96&d=mm&r=g","caption":"NOTICIASMERCEDINAS.COM"},"url":"https:\/\/noticiasmercedinas.com\/site\/author\/anonimo\/"}]}},"amp_enabled":true,"_links":{"self":[{"href":"https:\/\/noticiasmercedinas.com\/site\/wp-json\/wp\/v2\/posts\/134177","targetHints":{"allow":["GET"]}}],"collection":[{"href":"https:\/\/noticiasmercedinas.com\/site\/wp-json\/wp\/v2\/posts"}],"about":[{"href":"https:\/\/noticiasmercedinas.com\/site\/wp-json\/wp\/v2\/types\/post"}],"author":[{"embeddable":true,"href":"https:\/\/noticiasmercedinas.com\/site\/wp-json\/wp\/v2\/users\/16"}],"replies":[{"embeddable":true,"href":"https:\/\/noticiasmercedinas.com\/site\/wp-json\/wp\/v2\/comments?post=134177"}],"version-history":[{"count":1,"href":"https:\/\/noticiasmercedinas.com\/site\/wp-json\/wp\/v2\/posts\/134177\/revisions"}],"predecessor-version":[{"id":134179,"href":"https:\/\/noticiasmercedinas.com\/site\/wp-json\/wp\/v2\/posts\/134177\/revisions\/134179"}],"wp:featuredmedia":[{"embeddable":true,"href":"https:\/\/noticiasmercedinas.com\/site\/wp-json\/wp\/v2\/media\/1224"}],"wp:attachment":[{"href":"https:\/\/noticiasmercedinas.com\/site\/wp-json\/wp\/v2\/media?parent=134177"}],"wp:term":[{"taxonomy":"category","embeddable":true,"href":"https:\/\/noticiasmercedinas.com\/site\/wp-json\/wp\/v2\/categories?post=134177"},{"taxonomy":"post_tag","embeddable":true,"href":"https:\/\/noticiasmercedinas.com\/site\/wp-json\/wp\/v2\/tags?post=134177"}],"curies":[{"name":"wp","href":"https:\/\/api.w.org\/{rel}","templated":true}]}}