{"id":1343,"date":"2018-09-07T19:38:53","date_gmt":"2018-09-07T22:38:53","guid":{"rendered":"https:\/\/noticiasmercedinas.com\/site\/?p=1343"},"modified":"2018-09-07T19:38:53","modified_gmt":"2018-09-07T22:38:53","slug":"merendero-organiza-pollada-llegamos-hasta-hoy-con-lo-que-tenemos-afirma-juan-diaz","status":"publish","type":"post","link":"https:\/\/noticiasmercedinas.com\/site\/2018\/09\/07\/merendero-organiza-pollada-llegamos-hasta-hoy-con-lo-que-tenemos-afirma-juan-diaz\/","title":{"rendered":"Merendero organiza pollada: \u201cLlegamos hasta hoy con lo que tenemos\u201d, afirma Juan D\u00edaz"},"content":{"rendered":"<p><strong>El responsable de \u201cGotas de un diluvio\u201d busca unidad con iglesias evang\u00e9licas ante la falta de respuesta. Entregar\u00e1n petitorio. Este s\u00e1bado llevar\u00e1n adelante una pollada para recaudar fondos, en calles 26 y 55.<\/strong><\/p>\n<p><img loading=\"lazy\" decoding=\"async\" class=\"alignnone size-large wp-image-1344\" src=\"https:\/\/noticiasmercedinas.com\/site\/wp-content\/uploads\/2018\/09\/7f6216a9-1524-4b73-8ab7-f24f298c713f-1024x575.jpg\" alt=\"\" width=\"640\" height=\"359\" srcset=\"https:\/\/noticiasmercedinas.com\/site\/wp-content\/uploads\/2018\/09\/7f6216a9-1524-4b73-8ab7-f24f298c713f-1024x575.jpg 1024w, https:\/\/noticiasmercedinas.com\/site\/wp-content\/uploads\/2018\/09\/7f6216a9-1524-4b73-8ab7-f24f298c713f-300x169.jpg 300w, https:\/\/noticiasmercedinas.com\/site\/wp-content\/uploads\/2018\/09\/7f6216a9-1524-4b73-8ab7-f24f298c713f-768x431.jpg 768w, https:\/\/noticiasmercedinas.com\/site\/wp-content\/uploads\/2018\/09\/7f6216a9-1524-4b73-8ab7-f24f298c713f-640x360.jpg 640w, https:\/\/noticiasmercedinas.com\/site\/wp-content\/uploads\/2018\/09\/7f6216a9-1524-4b73-8ab7-f24f298c713f.jpg 1280w, https:\/\/noticiasmercedinas.com\/site\/wp-content\/uploads\/2018\/09\/7f6216a9-1524-4b73-8ab7-f24f298c713f-681x383.jpg 681w\" sizes=\"auto, (max-width: 640px) 100vw, 640px\" \/><\/p>\n<audio class=\"wp-audio-shortcode\" id=\"audio-1343-1\" preload=\"none\" style=\"width: 100%;\" controls=\"controls\"><source type=\"audio\/mpeg\" src=\"https:\/\/noticiasmercedinas.com\/site\/wp-content\/uploads\/2018\/09\/juandiaz.mp3?_=1\" \/><a href=\"https:\/\/noticiasmercedinas.com\/site\/wp-content\/uploads\/2018\/09\/juandiaz.mp3\">https:\/\/noticiasmercedinas.com\/site\/wp-content\/uploads\/2018\/09\/juandiaz.mp3<\/a><\/audio>\n<p>Este s\u00e1bado al mediod\u00eda habr\u00e1 una pollada en el merendero \u201cGotas de un diluvio\u201d, que sigue buscando la manera de obtener recursos para poder dar asistencia a ni\u00f1os y familias de distintos barrios de la ciudad.<\/p>\n<p>Juan D\u00edaz, quien est\u00e1 al frente de la actividad solidaria, coment\u00f3 con preocupaci\u00f3n: \u201cEn el merendero se esta trabajando mucho y en estas dos semanas se ha aumentado mucho la labor por la situaci\u00f3n econ\u00f3mica, se han sumado m\u00e1s chicos, mas gente. Estamos ayudando con alimentos, hemos recaudado con el Rotary Club y gente del centro que viene y trae alimentos y ropa. La pollada del s\u00e1bado es para poder recaudar fondos porque en el dep\u00f3sito que tenemos pagamos alquiler, arancel, m\u00e1s los gastos fijos. Est\u00e1 dif\u00edcil la situaci\u00f3n y necesitamos recaudar para solventar estos gastos del merendero\u201d.<\/p>\n<p>Adem\u00e1s, en di\u00e1logo con NOTICIASMERCEDINAS.COM, D\u00edaz, quien coordina el centro de actividades y recreaci\u00f3n infantil \u201cGotas de un diluvio\u201d, en calles 26 y 55, agreg\u00f3: \u201cEl mi\u00e9rcoles nos juntamos con la iglesia evang\u00e9lica, estamos preparando un petitorio porque hay muchas necesidades, estamos trabajando con m\u00e1s de 15 iglesias, vamos a firmar y llevaremos un petitorio al municipio, a Desarrollo Social de naci\u00f3n para que puedan mandar alimentos. Hoy est\u00e1 dif\u00edcil sostener un comedor y las necesidades b\u00e1sicas aumentan d\u00eda a d\u00eda. La realidad es que llegamos hasta hoy con lo que tenemos\u201d.<\/p>\n<p>Por otro lado, se supo que desde el merendero est\u00e1n a la espera de que env\u00eden trabajadores sociales, aunque no han tenido una buena respuesta de parte de los organismos a los que la han requerido, como el CDR, donde presentaran una nota y piensan llegar a la ciudad de La Plata con su reclamo.<\/p>\n","protected":false},"excerpt":{"rendered":"<p>El responsable de \u201cGotas de un diluvio\u201d busca unidad con iglesias evang\u00e9licas ante la falta de respuesta. Entregar\u00e1n petitorio. Este s\u00e1bado llevar\u00e1n adelante una pollada para recaudar fondos, en calles 26 y 55. Este s\u00e1bado al mediod\u00eda habr\u00e1 una pollada en el merendero \u201cGotas de un diluvio\u201d, que sigue buscando la manera de obtener recursos [&hellip;]<\/p>\n","protected":false},"author":2,"featured_media":1344,"comment_status":"open","ping_status":"open","sticky":false,"template":"","format":"standard","meta":{"footnotes":""},"categories":[3],"tags":[562,561,563,507],"class_list":["post-1343","post","type-post","status-publish","format-standard","has-post-thumbnail","hentry","category-sociedad","tag-gotas-de-un-diluvio","tag-juan-diaz","tag-merendero","tag-pollada-benefica"],"yoast_head":"<!-- This site is optimized with the Yoast SEO plugin v27.5 - https:\/\/yoast.com\/product\/yoast-seo-wordpress\/ -->\n<title>Merendero organiza pollada: \u201cLlegamos hasta hoy con lo que tenemos\u201d, afirma Juan D\u00edaz<\/title>\n<meta name=\"robots\" content=\"index, follow, max-snippet:-1, max-image-preview:large, max-video-preview:-1\" \/>\n<link rel=\"canonical\" href=\"https:\/\/noticiasmercedinas.com\/site\/2018\/09\/07\/merendero-organiza-pollada-llegamos-hasta-hoy-con-lo-que-tenemos-afirma-juan-diaz\/\" \/>\n<meta property=\"og:locale\" content=\"es_ES\" \/>\n<meta property=\"og:type\" content=\"article\" \/>\n<meta property=\"og:title\" content=\"Merendero organiza pollada: \u201cLlegamos hasta hoy con lo que tenemos\u201d, afirma Juan D\u00edaz\" \/>\n<meta property=\"og:description\" content=\"El responsable de \u201cGotas de un diluvio\u201d busca unidad con iglesias evang\u00e9licas ante la falta de respuesta. Entregar\u00e1n petitorio. Este s\u00e1bado llevar\u00e1n adelante una pollada para recaudar fondos, en calles 26 y 55. Este s\u00e1bado al mediod\u00eda habr\u00e1 una pollada en el merendero \u201cGotas de un diluvio\u201d, que sigue buscando la manera de obtener recursos [&hellip;]\" \/>\n<meta property=\"og:url\" content=\"https:\/\/noticiasmercedinas.com\/site\/2018\/09\/07\/merendero-organiza-pollada-llegamos-hasta-hoy-con-lo-que-tenemos-afirma-juan-diaz\/\" \/>\n<meta property=\"og:site_name\" content=\"NOTICIASMERCEDINAS.COM\" \/>\n<meta property=\"article:publisher\" content=\"https:\/\/www.facebook.com\/noticiasmercedinas\/\" \/>\n<meta property=\"article:author\" content=\"https:\/\/www.facebook.com\/cristian.falabella\" \/>\n<meta property=\"article:published_time\" content=\"2018-09-07T22:38:53+00:00\" \/>\n<meta property=\"og:image\" content=\"https:\/\/noticiasmercedinas.com\/site\/wp-content\/uploads\/2018\/09\/7f6216a9-1524-4b73-8ab7-f24f298c713f.jpg\" \/>\n\t<meta property=\"og:image:width\" content=\"1280\" \/>\n\t<meta property=\"og:image:height\" content=\"719\" \/>\n\t<meta property=\"og:image:type\" content=\"image\/jpeg\" \/>\n<meta name=\"author\" content=\"Cristian Falabella NOTICIASMERCEDINAS.COM\" \/>\n<meta name=\"twitter:card\" content=\"summary_large_image\" \/>\n<meta name=\"twitter:creator\" content=\"@https:\/\/twitter.com\/NOTMERCEDINAS\" \/>\n<meta name=\"twitter:site\" content=\"@notmercedinas\" \/>\n<meta name=\"twitter:label1\" content=\"Escrito por\" \/>\n\t<meta name=\"twitter:data1\" content=\"Cristian Falabella NOTICIASMERCEDINAS.COM\" \/>\n\t<meta name=\"twitter:label2\" content=\"Tiempo de lectura\" \/>\n\t<meta name=\"twitter:data2\" content=\"2 minutos\" \/>\n<script type=\"application\/ld+json\" class=\"yoast-schema-graph\">{\"@context\":\"https:\\\/\\\/schema.org\",\"@graph\":[{\"@type\":\"Article\",\"@id\":\"https:\\\/\\\/noticiasmercedinas.com\\\/site\\\/2018\\\/09\\\/07\\\/merendero-organiza-pollada-llegamos-hasta-hoy-con-lo-que-tenemos-afirma-juan-diaz\\\/#article\",\"isPartOf\":{\"@id\":\"https:\\\/\\\/noticiasmercedinas.com\\\/site\\\/2018\\\/09\\\/07\\\/merendero-organiza-pollada-llegamos-hasta-hoy-con-lo-que-tenemos-afirma-juan-diaz\\\/\"},\"author\":{\"name\":\"Cristian Falabella NOTICIASMERCEDINAS.COM\",\"@id\":\"https:\\\/\\\/noticiasmercedinas.com\\\/site\\\/#\\\/schema\\\/person\\\/d481a9696a5feaec13a60e2bbd991a6a\"},\"headline\":\"Merendero organiza pollada: \u201cLlegamos hasta hoy con lo que tenemos\u201d, afirma Juan D\u00edaz\",\"datePublished\":\"2018-09-07T22:38:53+00:00\",\"mainEntityOfPage\":{\"@id\":\"https:\\\/\\\/noticiasmercedinas.com\\\/site\\\/2018\\\/09\\\/07\\\/merendero-organiza-pollada-llegamos-hasta-hoy-con-lo-que-tenemos-afirma-juan-diaz\\\/\"},\"wordCount\":366,\"commentCount\":0,\"publisher\":{\"@id\":\"https:\\\/\\\/noticiasmercedinas.com\\\/site\\\/#organization\"},\"image\":{\"@id\":\"https:\\\/\\\/noticiasmercedinas.com\\\/site\\\/2018\\\/09\\\/07\\\/merendero-organiza-pollada-llegamos-hasta-hoy-con-lo-que-tenemos-afirma-juan-diaz\\\/#primaryimage\"},\"thumbnailUrl\":\"https:\\\/\\\/noticiasmercedinas.com\\\/site\\\/wp-content\\\/uploads\\\/2018\\\/09\\\/7f6216a9-1524-4b73-8ab7-f24f298c713f.jpg\",\"keywords\":[\"gotas de un diluvio\",\"juan diaz\",\"merendero\",\"pollada benefica\"],\"articleSection\":[\"Sociedad\"],\"inLanguage\":\"es\",\"potentialAction\":[{\"@type\":\"CommentAction\",\"name\":\"Comment\",\"target\":[\"https:\\\/\\\/noticiasmercedinas.com\\\/site\\\/2018\\\/09\\\/07\\\/merendero-organiza-pollada-llegamos-hasta-hoy-con-lo-que-tenemos-afirma-juan-diaz\\\/#respond\"]}]},{\"@type\":\"WebPage\",\"@id\":\"https:\\\/\\\/noticiasmercedinas.com\\\/site\\\/2018\\\/09\\\/07\\\/merendero-organiza-pollada-llegamos-hasta-hoy-con-lo-que-tenemos-afirma-juan-diaz\\\/\",\"url\":\"https:\\\/\\\/noticiasmercedinas.com\\\/site\\\/2018\\\/09\\\/07\\\/merendero-organiza-pollada-llegamos-hasta-hoy-con-lo-que-tenemos-afirma-juan-diaz\\\/\",\"name\":\"Merendero organiza pollada: \u201cLlegamos hasta hoy con lo que tenemos\u201d, afirma Juan D\u00edaz\",\"isPartOf\":{\"@id\":\"https:\\\/\\\/noticiasmercedinas.com\\\/site\\\/#website\"},\"primaryImageOfPage\":{\"@id\":\"https:\\\/\\\/noticiasmercedinas.com\\\/site\\\/2018\\\/09\\\/07\\\/merendero-organiza-pollada-llegamos-hasta-hoy-con-lo-que-tenemos-afirma-juan-diaz\\\/#primaryimage\"},\"image\":{\"@id\":\"https:\\\/\\\/noticiasmercedinas.com\\\/site\\\/2018\\\/09\\\/07\\\/merendero-organiza-pollada-llegamos-hasta-hoy-con-lo-que-tenemos-afirma-juan-diaz\\\/#primaryimage\"},\"thumbnailUrl\":\"https:\\\/\\\/noticiasmercedinas.com\\\/site\\\/wp-content\\\/uploads\\\/2018\\\/09\\\/7f6216a9-1524-4b73-8ab7-f24f298c713f.jpg\",\"datePublished\":\"2018-09-07T22:38:53+00:00\",\"breadcrumb\":{\"@id\":\"https:\\\/\\\/noticiasmercedinas.com\\\/site\\\/2018\\\/09\\\/07\\\/merendero-organiza-pollada-llegamos-hasta-hoy-con-lo-que-tenemos-afirma-juan-diaz\\\/#breadcrumb\"},\"inLanguage\":\"es\",\"potentialAction\":[{\"@type\":\"ReadAction\",\"target\":[\"https:\\\/\\\/noticiasmercedinas.com\\\/site\\\/2018\\\/09\\\/07\\\/merendero-organiza-pollada-llegamos-hasta-hoy-con-lo-que-tenemos-afirma-juan-diaz\\\/\"]}]},{\"@type\":\"ImageObject\",\"inLanguage\":\"es\",\"@id\":\"https:\\\/\\\/noticiasmercedinas.com\\\/site\\\/2018\\\/09\\\/07\\\/merendero-organiza-pollada-llegamos-hasta-hoy-con-lo-que-tenemos-afirma-juan-diaz\\\/#primaryimage\",\"url\":\"https:\\\/\\\/noticiasmercedinas.com\\\/site\\\/wp-content\\\/uploads\\\/2018\\\/09\\\/7f6216a9-1524-4b73-8ab7-f24f298c713f.jpg\",\"contentUrl\":\"https:\\\/\\\/noticiasmercedinas.com\\\/site\\\/wp-content\\\/uploads\\\/2018\\\/09\\\/7f6216a9-1524-4b73-8ab7-f24f298c713f.jpg\",\"width\":1280,\"height\":719},{\"@type\":\"BreadcrumbList\",\"@id\":\"https:\\\/\\\/noticiasmercedinas.com\\\/site\\\/2018\\\/09\\\/07\\\/merendero-organiza-pollada-llegamos-hasta-hoy-con-lo-que-tenemos-afirma-juan-diaz\\\/#breadcrumb\",\"itemListElement\":[{\"@type\":\"ListItem\",\"position\":1,\"name\":\"Portada\",\"item\":\"https:\\\/\\\/noticiasmercedinas.com\\\/site\\\/\"},{\"@type\":\"ListItem\",\"position\":2,\"name\":\"Merendero organiza pollada: \u201cLlegamos hasta hoy con lo que tenemos\u201d, afirma Juan D\u00edaz\"}]},{\"@type\":\"WebSite\",\"@id\":\"https:\\\/\\\/noticiasmercedinas.com\\\/site\\\/#website\",\"url\":\"https:\\\/\\\/noticiasmercedinas.com\\\/site\\\/\",\"name\":\"NOTICIASMERCEDINAS.COM\",\"description\":\"Mercedes, Buenos Aires, Argentina\",\"publisher\":{\"@id\":\"https:\\\/\\\/noticiasmercedinas.com\\\/site\\\/#organization\"},\"potentialAction\":[{\"@type\":\"SearchAction\",\"target\":{\"@type\":\"EntryPoint\",\"urlTemplate\":\"https:\\\/\\\/noticiasmercedinas.com\\\/site\\\/?s={search_term_string}\"},\"query-input\":{\"@type\":\"PropertyValueSpecification\",\"valueRequired\":true,\"valueName\":\"search_term_string\"}}],\"inLanguage\":\"es\"},{\"@type\":\"Organization\",\"@id\":\"https:\\\/\\\/noticiasmercedinas.com\\\/site\\\/#organization\",\"name\":\"NOTICIASMERCEDINAS.COM\",\"url\":\"https:\\\/\\\/noticiasmercedinas.com\\\/site\\\/\",\"logo\":{\"@type\":\"ImageObject\",\"inLanguage\":\"es\",\"@id\":\"https:\\\/\\\/noticiasmercedinas.com\\\/site\\\/#\\\/schema\\\/logo\\\/image\\\/\",\"url\":\"https:\\\/\\\/noticiasmercedinas.com\\\/site\\\/wp-content\\\/uploads\\\/2020\\\/06\\\/LOGO-512.jpg\",\"contentUrl\":\"https:\\\/\\\/noticiasmercedinas.com\\\/site\\\/wp-content\\\/uploads\\\/2020\\\/06\\\/LOGO-512.jpg\",\"width\":512,\"height\":512,\"caption\":\"NOTICIASMERCEDINAS.COM\"},\"image\":{\"@id\":\"https:\\\/\\\/noticiasmercedinas.com\\\/site\\\/#\\\/schema\\\/logo\\\/image\\\/\"},\"sameAs\":[\"https:\\\/\\\/www.facebook.com\\\/noticiasmercedinas\\\/\",\"https:\\\/\\\/x.com\\\/notmercedinas\",\"https:\\\/\\\/www.instagram.com\\\/noticiasmercedinas\\\/\"]},{\"@type\":\"Person\",\"@id\":\"https:\\\/\\\/noticiasmercedinas.com\\\/site\\\/#\\\/schema\\\/person\\\/d481a9696a5feaec13a60e2bbd991a6a\",\"name\":\"Cristian Falabella NOTICIASMERCEDINAS.COM\",\"image\":{\"@type\":\"ImageObject\",\"inLanguage\":\"es\",\"@id\":\"https:\\\/\\\/secure.gravatar.com\\\/avatar\\\/0dbbfc45970cc46bcd0e57766228574ff3511d6eed045b182f536f0f478c1f06?s=96&d=mm&r=g\",\"url\":\"https:\\\/\\\/secure.gravatar.com\\\/avatar\\\/0dbbfc45970cc46bcd0e57766228574ff3511d6eed045b182f536f0f478c1f06?s=96&d=mm&r=g\",\"contentUrl\":\"https:\\\/\\\/secure.gravatar.com\\\/avatar\\\/0dbbfc45970cc46bcd0e57766228574ff3511d6eed045b182f536f0f478c1f06?s=96&d=mm&r=g\",\"caption\":\"Cristian Falabella NOTICIASMERCEDINAS.COM\"},\"description\":\"Periodista, editor de Noticias Mercedinas. Pas\u00f3 por varias redacciones y emprendimientos de prensa, en distintos formatos y \u00e9pocas. Se especializ\u00f3 --y sigue haci\u00e9ndolo-- en comunicaci\u00f3n en la web y en junio de 2006 fund\u00f3 este diario digital.\",\"sameAs\":[\"https:\\\/\\\/noticiasmercedinas.com\",\"https:\\\/\\\/www.facebook.com\\\/cristian.falabella\",\"https:\\\/\\\/www.instagram.com\\\/noticiasmercedinas\\\/\",\"https:\\\/\\\/x.com\\\/https:\\\/\\\/twitter.com\\\/NOTMERCEDINAS\"],\"url\":\"https:\\\/\\\/noticiasmercedinas.com\\\/site\\\/author\\\/as000384\\\/\"}]}<\/script>\n<!-- \/ Yoast SEO plugin. -->","yoast_head_json":{"title":"Merendero organiza pollada: \u201cLlegamos hasta hoy con lo que tenemos\u201d, afirma Juan D\u00edaz","robots":{"index":"index","follow":"follow","max-snippet":"max-snippet:-1","max-image-preview":"max-image-preview:large","max-video-preview":"max-video-preview:-1"},"canonical":"https:\/\/noticiasmercedinas.com\/site\/2018\/09\/07\/merendero-organiza-pollada-llegamos-hasta-hoy-con-lo-que-tenemos-afirma-juan-diaz\/","og_locale":"es_ES","og_type":"article","og_title":"Merendero organiza pollada: \u201cLlegamos hasta hoy con lo que tenemos\u201d, afirma Juan D\u00edaz","og_description":"El responsable de \u201cGotas de un diluvio\u201d busca unidad con iglesias evang\u00e9licas ante la falta de respuesta. Entregar\u00e1n petitorio. Este s\u00e1bado llevar\u00e1n adelante una pollada para recaudar fondos, en calles 26 y 55. Este s\u00e1bado al mediod\u00eda habr\u00e1 una pollada en el merendero \u201cGotas de un diluvio\u201d, que sigue buscando la manera de obtener recursos [&hellip;]","og_url":"https:\/\/noticiasmercedinas.com\/site\/2018\/09\/07\/merendero-organiza-pollada-llegamos-hasta-hoy-con-lo-que-tenemos-afirma-juan-diaz\/","og_site_name":"NOTICIASMERCEDINAS.COM","article_publisher":"https:\/\/www.facebook.com\/noticiasmercedinas\/","article_author":"https:\/\/www.facebook.com\/cristian.falabella","article_published_time":"2018-09-07T22:38:53+00:00","og_image":[{"width":1280,"height":719,"url":"https:\/\/noticiasmercedinas.com\/site\/wp-content\/uploads\/2018\/09\/7f6216a9-1524-4b73-8ab7-f24f298c713f.jpg","type":"image\/jpeg"}],"author":"Cristian Falabella NOTICIASMERCEDINAS.COM","twitter_card":"summary_large_image","twitter_creator":"@https:\/\/twitter.com\/NOTMERCEDINAS","twitter_site":"@notmercedinas","twitter_misc":{"Escrito por":"Cristian Falabella NOTICIASMERCEDINAS.COM","Tiempo de lectura":"2 minutos"},"schema":{"@context":"https:\/\/schema.org","@graph":[{"@type":"Article","@id":"https:\/\/noticiasmercedinas.com\/site\/2018\/09\/07\/merendero-organiza-pollada-llegamos-hasta-hoy-con-lo-que-tenemos-afirma-juan-diaz\/#article","isPartOf":{"@id":"https:\/\/noticiasmercedinas.com\/site\/2018\/09\/07\/merendero-organiza-pollada-llegamos-hasta-hoy-con-lo-que-tenemos-afirma-juan-diaz\/"},"author":{"name":"Cristian Falabella NOTICIASMERCEDINAS.COM","@id":"https:\/\/noticiasmercedinas.com\/site\/#\/schema\/person\/d481a9696a5feaec13a60e2bbd991a6a"},"headline":"Merendero organiza pollada: \u201cLlegamos hasta hoy con lo que tenemos\u201d, afirma Juan D\u00edaz","datePublished":"2018-09-07T22:38:53+00:00","mainEntityOfPage":{"@id":"https:\/\/noticiasmercedinas.com\/site\/2018\/09\/07\/merendero-organiza-pollada-llegamos-hasta-hoy-con-lo-que-tenemos-afirma-juan-diaz\/"},"wordCount":366,"commentCount":0,"publisher":{"@id":"https:\/\/noticiasmercedinas.com\/site\/#organization"},"image":{"@id":"https:\/\/noticiasmercedinas.com\/site\/2018\/09\/07\/merendero-organiza-pollada-llegamos-hasta-hoy-con-lo-que-tenemos-afirma-juan-diaz\/#primaryimage"},"thumbnailUrl":"https:\/\/noticiasmercedinas.com\/site\/wp-content\/uploads\/2018\/09\/7f6216a9-1524-4b73-8ab7-f24f298c713f.jpg","keywords":["gotas de un diluvio","juan diaz","merendero","pollada benefica"],"articleSection":["Sociedad"],"inLanguage":"es","potentialAction":[{"@type":"CommentAction","name":"Comment","target":["https:\/\/noticiasmercedinas.com\/site\/2018\/09\/07\/merendero-organiza-pollada-llegamos-hasta-hoy-con-lo-que-tenemos-afirma-juan-diaz\/#respond"]}]},{"@type":"WebPage","@id":"https:\/\/noticiasmercedinas.com\/site\/2018\/09\/07\/merendero-organiza-pollada-llegamos-hasta-hoy-con-lo-que-tenemos-afirma-juan-diaz\/","url":"https:\/\/noticiasmercedinas.com\/site\/2018\/09\/07\/merendero-organiza-pollada-llegamos-hasta-hoy-con-lo-que-tenemos-afirma-juan-diaz\/","name":"Merendero organiza pollada: \u201cLlegamos hasta hoy con lo que tenemos\u201d, afirma Juan D\u00edaz","isPartOf":{"@id":"https:\/\/noticiasmercedinas.com\/site\/#website"},"primaryImageOfPage":{"@id":"https:\/\/noticiasmercedinas.com\/site\/2018\/09\/07\/merendero-organiza-pollada-llegamos-hasta-hoy-con-lo-que-tenemos-afirma-juan-diaz\/#primaryimage"},"image":{"@id":"https:\/\/noticiasmercedinas.com\/site\/2018\/09\/07\/merendero-organiza-pollada-llegamos-hasta-hoy-con-lo-que-tenemos-afirma-juan-diaz\/#primaryimage"},"thumbnailUrl":"https:\/\/noticiasmercedinas.com\/site\/wp-content\/uploads\/2018\/09\/7f6216a9-1524-4b73-8ab7-f24f298c713f.jpg","datePublished":"2018-09-07T22:38:53+00:00","breadcrumb":{"@id":"https:\/\/noticiasmercedinas.com\/site\/2018\/09\/07\/merendero-organiza-pollada-llegamos-hasta-hoy-con-lo-que-tenemos-afirma-juan-diaz\/#breadcrumb"},"inLanguage":"es","potentialAction":[{"@type":"ReadAction","target":["https:\/\/noticiasmercedinas.com\/site\/2018\/09\/07\/merendero-organiza-pollada-llegamos-hasta-hoy-con-lo-que-tenemos-afirma-juan-diaz\/"]}]},{"@type":"ImageObject","inLanguage":"es","@id":"https:\/\/noticiasmercedinas.com\/site\/2018\/09\/07\/merendero-organiza-pollada-llegamos-hasta-hoy-con-lo-que-tenemos-afirma-juan-diaz\/#primaryimage","url":"https:\/\/noticiasmercedinas.com\/site\/wp-content\/uploads\/2018\/09\/7f6216a9-1524-4b73-8ab7-f24f298c713f.jpg","contentUrl":"https:\/\/noticiasmercedinas.com\/site\/wp-content\/uploads\/2018\/09\/7f6216a9-1524-4b73-8ab7-f24f298c713f.jpg","width":1280,"height":719},{"@type":"BreadcrumbList","@id":"https:\/\/noticiasmercedinas.com\/site\/2018\/09\/07\/merendero-organiza-pollada-llegamos-hasta-hoy-con-lo-que-tenemos-afirma-juan-diaz\/#breadcrumb","itemListElement":[{"@type":"ListItem","position":1,"name":"Portada","item":"https:\/\/noticiasmercedinas.com\/site\/"},{"@type":"ListItem","position":2,"name":"Merendero organiza pollada: \u201cLlegamos hasta hoy con lo que tenemos\u201d, afirma Juan D\u00edaz"}]},{"@type":"WebSite","@id":"https:\/\/noticiasmercedinas.com\/site\/#website","url":"https:\/\/noticiasmercedinas.com\/site\/","name":"NOTICIASMERCEDINAS.COM","description":"Mercedes, Buenos Aires, Argentina","publisher":{"@id":"https:\/\/noticiasmercedinas.com\/site\/#organization"},"potentialAction":[{"@type":"SearchAction","target":{"@type":"EntryPoint","urlTemplate":"https:\/\/noticiasmercedinas.com\/site\/?s={search_term_string}"},"query-input":{"@type":"PropertyValueSpecification","valueRequired":true,"valueName":"search_term_string"}}],"inLanguage":"es"},{"@type":"Organization","@id":"https:\/\/noticiasmercedinas.com\/site\/#organization","name":"NOTICIASMERCEDINAS.COM","url":"https:\/\/noticiasmercedinas.com\/site\/","logo":{"@type":"ImageObject","inLanguage":"es","@id":"https:\/\/noticiasmercedinas.com\/site\/#\/schema\/logo\/image\/","url":"https:\/\/noticiasmercedinas.com\/site\/wp-content\/uploads\/2020\/06\/LOGO-512.jpg","contentUrl":"https:\/\/noticiasmercedinas.com\/site\/wp-content\/uploads\/2020\/06\/LOGO-512.jpg","width":512,"height":512,"caption":"NOTICIASMERCEDINAS.COM"},"image":{"@id":"https:\/\/noticiasmercedinas.com\/site\/#\/schema\/logo\/image\/"},"sameAs":["https:\/\/www.facebook.com\/noticiasmercedinas\/","https:\/\/x.com\/notmercedinas","https:\/\/www.instagram.com\/noticiasmercedinas\/"]},{"@type":"Person","@id":"https:\/\/noticiasmercedinas.com\/site\/#\/schema\/person\/d481a9696a5feaec13a60e2bbd991a6a","name":"Cristian Falabella NOTICIASMERCEDINAS.COM","image":{"@type":"ImageObject","inLanguage":"es","@id":"https:\/\/secure.gravatar.com\/avatar\/0dbbfc45970cc46bcd0e57766228574ff3511d6eed045b182f536f0f478c1f06?s=96&d=mm&r=g","url":"https:\/\/secure.gravatar.com\/avatar\/0dbbfc45970cc46bcd0e57766228574ff3511d6eed045b182f536f0f478c1f06?s=96&d=mm&r=g","contentUrl":"https:\/\/secure.gravatar.com\/avatar\/0dbbfc45970cc46bcd0e57766228574ff3511d6eed045b182f536f0f478c1f06?s=96&d=mm&r=g","caption":"Cristian Falabella NOTICIASMERCEDINAS.COM"},"description":"Periodista, editor de Noticias Mercedinas. Pas\u00f3 por varias redacciones y emprendimientos de prensa, en distintos formatos y \u00e9pocas. Se especializ\u00f3 --y sigue haci\u00e9ndolo-- en comunicaci\u00f3n en la web y en junio de 2006 fund\u00f3 este diario digital.","sameAs":["https:\/\/noticiasmercedinas.com","https:\/\/www.facebook.com\/cristian.falabella","https:\/\/www.instagram.com\/noticiasmercedinas\/","https:\/\/x.com\/https:\/\/twitter.com\/NOTMERCEDINAS"],"url":"https:\/\/noticiasmercedinas.com\/site\/author\/as000384\/"}]}},"amp_enabled":true,"_links":{"self":[{"href":"https:\/\/noticiasmercedinas.com\/site\/wp-json\/wp\/v2\/posts\/1343","targetHints":{"allow":["GET"]}}],"collection":[{"href":"https:\/\/noticiasmercedinas.com\/site\/wp-json\/wp\/v2\/posts"}],"about":[{"href":"https:\/\/noticiasmercedinas.com\/site\/wp-json\/wp\/v2\/types\/post"}],"author":[{"embeddable":true,"href":"https:\/\/noticiasmercedinas.com\/site\/wp-json\/wp\/v2\/users\/2"}],"replies":[{"embeddable":true,"href":"https:\/\/noticiasmercedinas.com\/site\/wp-json\/wp\/v2\/comments?post=1343"}],"version-history":[{"count":1,"href":"https:\/\/noticiasmercedinas.com\/site\/wp-json\/wp\/v2\/posts\/1343\/revisions"}],"predecessor-version":[{"id":1346,"href":"https:\/\/noticiasmercedinas.com\/site\/wp-json\/wp\/v2\/posts\/1343\/revisions\/1346"}],"wp:featuredmedia":[{"embeddable":true,"href":"https:\/\/noticiasmercedinas.com\/site\/wp-json\/wp\/v2\/media\/1344"}],"wp:attachment":[{"href":"https:\/\/noticiasmercedinas.com\/site\/wp-json\/wp\/v2\/media?parent=1343"}],"wp:term":[{"taxonomy":"category","embeddable":true,"href":"https:\/\/noticiasmercedinas.com\/site\/wp-json\/wp\/v2\/categories?post=1343"},{"taxonomy":"post_tag","embeddable":true,"href":"https:\/\/noticiasmercedinas.com\/site\/wp-json\/wp\/v2\/tags?post=1343"}],"curies":[{"name":"wp","href":"https:\/\/api.w.org\/{rel}","templated":true}]}}