{"id":134447,"date":"2024-04-20T09:30:18","date_gmt":"2024-04-20T12:30:18","guid":{"rendered":"https:\/\/noticiasmercedinas.com\/site\/?p=134447"},"modified":"2024-04-20T09:30:18","modified_gmt":"2024-04-20T12:30:18","slug":"los-obispos-argentinos-llaman-a-la-reflexion-ante-el-contexto-de-desigualdad-social","status":"publish","type":"post","link":"https:\/\/noticiasmercedinas.com\/site\/2024\/04\/20\/los-obispos-argentinos-llaman-a-la-reflexion-ante-el-contexto-de-desigualdad-social\/","title":{"rendered":"Los obispos argentinos llaman a la reflexi\u00f3n ante el contexto de desigualdad social"},"content":{"rendered":"<p><img loading=\"lazy\" decoding=\"async\" class=\"alignnone size-full wp-image-134448\" src=\"https:\/\/noticiasmercedinas.com\/site\/wp-content\/uploads\/2024\/04\/OBISPOS.jpg\" alt=\"\" width=\"784\" height=\"420\" srcset=\"https:\/\/noticiasmercedinas.com\/site\/wp-content\/uploads\/2024\/04\/OBISPOS.jpg 784w, https:\/\/noticiasmercedinas.com\/site\/wp-content\/uploads\/2024\/04\/OBISPOS-300x160.jpg 300w, https:\/\/noticiasmercedinas.com\/site\/wp-content\/uploads\/2024\/04\/OBISPOS-768x411.jpg 768w, https:\/\/noticiasmercedinas.com\/site\/wp-content\/uploads\/2024\/04\/OBISPOS-600x320.jpg 600w, https:\/\/noticiasmercedinas.com\/site\/wp-content\/uploads\/2024\/04\/OBISPOS-640x343.jpg 640w, https:\/\/noticiasmercedinas.com\/site\/wp-content\/uploads\/2024\/04\/OBISPOS-681x365.jpg 681w\" sizes=\"auto, (max-width: 784px) 100vw, 784px\" \/><\/p>\n<p>Al t\u00e9rmino de la 124\u00aa Asamblea Plenaria de la Conferencia Episcopal Argentina, celebrada en la casa de retiros \u00abEl Cen\u00e1culo\u00bb, en la localidad de Pilar, provincia de Buenos Aires, los obispos de todo el pa\u00eds, entre ellos <strong>Jorge Eduardo Scheinig<\/strong> de Mercedes &#8211; Luj\u00e1n, ofrecieron un mensaje al Pueblo de Dios.<\/p>\n<p>\u00abEn tiempos dif\u00edciles, amar a los dem\u00e1s y alegrar sus vidas\u00bb, expresaron los obispos, destacando \u00abla esperanza y paciencia honda de nuestro pueblo, que habla de su grandeza de coraz\u00f3n\u00bb.<\/p>\n<p>Sin embargo, durante su comunicado, los obispos tambi\u00e9n se\u00f1alaron los desaf\u00edos sociales que enfrenta el pa\u00eds. \u00abLa pandemia silenciosa del narcotr\u00e1fico\u00bb y la dif\u00edcil situaci\u00f3n de los abuelos y abuelas que se ven obligados a \u00abelegir entre comer o comprar medicamentos debido a que sus jubilaciones no son suficientes\u00bb, fueron temas abordados durante la asamblea.<\/p>\n<blockquote><p>Obispos de todo el pa\u00eds, entre ellos Jorge Eduardo Scheinig de Mercedes &#8211; Luj\u00e1n, ofrecieron un mensaje al Pueblo de Dios.<\/p><\/blockquote>\n<p>La Asamblea Plenaria es un encuentro que los obispos de la Argentina llevan adelante dos veces al a\u00f1o, en el mes de abril y en noviembre. En esta ocasi\u00f3n, se reunieron desde el lunes 15 al viernes 19 de abril, con el objetivo de reflexionar sobre la situaci\u00f3n del pa\u00eds y buscar caminos de acci\u00f3n para afrontar los desaf\u00edos presentes.<\/p>\n<p><strong>El mensaje<\/strong><br \/>\nParte del mensaje textual de los obispos es el siguiente:<br \/>\n<em>\u00abDesde hace d\u00e9cadas vivimos tiempos dif\u00edciles en nuestra querida Argentina. Hay muchas situaciones que atentan contra la dignidad infinita de la persona humana, como, por ejemplo: avanza la pandemia silenciosa del narcotr\u00e1fico, que utiliza a los pobres como material de descarte, que promueve el sicariato, que seduce con dinero manchado de sangre a miembros del \u00e1mbito pol\u00edtico, de la justicia y del mundo empresarial; <strong>a muchos abuelos y abuelas se les presenta el drama de elegir entre comer o comprar los medicamentos porque la jubilaci\u00f3n no alcanza; cierran comedores comunitarios por falta de asistencia y muchos vecinos se quedan sin la posibilidad de esa comida en el d\u00eda; se ataca la vida inocente que no ha nacido, y, a la vez, la igualmente sagrada vida de millones de ni\u00f1os y ni\u00f1as ya nacidos que se debaten entre la miseria y la marginaci\u00f3n; asistimos a la discontinuidad de pol\u00edticas p\u00fablicas de integraci\u00f3n de barrios populares, logradas con el consenso de gobiernos de distintos signos pol\u00edticos y representantes legislativos; tambi\u00e9n familias despojadas de su tierra natal en beneficio de intereses econ\u00f3micos; hermanos que pierden su trabaj<\/strong>o, que sienten que su vida est\u00e1 de sobra, y que no pueden poner el hombro en la construcci\u00f3n de la Patria\u00bb.<\/em><\/p>\n<p><em>\u00abSon tiempos complejos, por momentos contradictorios, en los que conviven una esperanza y paciencia honda de nuestro pueblo, que habla de su grandeza de coraz\u00f3n, con una incertidumbre y una creciente vulnerabilidad de las personas\u00bb.<\/em><\/p>\n","protected":false},"excerpt":{"rendered":"<p>\u25a0 En el cierre de la 124\u00aa Asamblea Plenaria de la Conferencia Episcopal Argentina, los obispos del pa\u00eds destacaron la importancia de la solidaridad y la atenci\u00f3n a los m\u00e1s vulnerables en tiempos dif\u00edciles.<\/p>\n","protected":false},"author":16,"featured_media":134448,"comment_status":"closed","ping_status":"closed","sticky":false,"template":"","format":"standard","meta":{"footnotes":""},"categories":[3],"tags":[11318,18192,722,18191],"class_list":["post-134447","post","type-post","status-publish","format-standard","has-post-thumbnail","hentry","category-sociedad","tag-arzobispo-jorge-eduardo-scheinig","tag-asamblea-episcopal","tag-crisis","tag-desigualdad-social"],"yoast_head":"<!-- This site is optimized with the Yoast SEO plugin v27.5 - https:\/\/yoast.com\/product\/yoast-seo-wordpress\/ -->\n<title>Los obispos argentinos llaman a la reflexi\u00f3n ante el contexto de desigualdad social<\/title>\n<meta name=\"robots\" content=\"index, follow, max-snippet:-1, max-image-preview:large, max-video-preview:-1\" \/>\n<link rel=\"canonical\" href=\"https:\/\/noticiasmercedinas.com\/site\/2024\/04\/20\/los-obispos-argentinos-llaman-a-la-reflexion-ante-el-contexto-de-desigualdad-social\/\" \/>\n<meta property=\"og:locale\" content=\"es_ES\" \/>\n<meta property=\"og:type\" content=\"article\" \/>\n<meta property=\"og:title\" content=\"Los obispos argentinos llaman a la reflexi\u00f3n ante el contexto de desigualdad social\" \/>\n<meta property=\"og:description\" content=\"\u25a0 En el cierre de la 124\u00aa Asamblea Plenaria de la Conferencia Episcopal Argentina, los obispos del pa\u00eds destacaron la importancia de la solidaridad y la atenci\u00f3n a los m\u00e1s vulnerables en tiempos dif\u00edciles.\" \/>\n<meta property=\"og:url\" content=\"https:\/\/noticiasmercedinas.com\/site\/2024\/04\/20\/los-obispos-argentinos-llaman-a-la-reflexion-ante-el-contexto-de-desigualdad-social\/\" \/>\n<meta property=\"og:site_name\" content=\"NOTICIASMERCEDINAS.COM\" \/>\n<meta property=\"article:publisher\" content=\"https:\/\/www.facebook.com\/noticiasmercedinas\/\" \/>\n<meta property=\"article:published_time\" content=\"2024-04-20T12:30:18+00:00\" \/>\n<meta property=\"og:image\" content=\"https:\/\/noticiasmercedinas.com\/site\/wp-content\/uploads\/2024\/04\/OBISPOS.jpg\" \/>\n\t<meta property=\"og:image:width\" content=\"784\" \/>\n\t<meta property=\"og:image:height\" content=\"420\" \/>\n\t<meta property=\"og:image:type\" content=\"image\/jpeg\" \/>\n<meta name=\"author\" content=\"NOTICIASMERCEDINAS.COM\" \/>\n<meta name=\"twitter:card\" content=\"summary_large_image\" \/>\n<meta name=\"twitter:creator\" content=\"@notmercedinas\" \/>\n<meta name=\"twitter:site\" content=\"@notmercedinas\" \/>\n<meta name=\"twitter:label1\" content=\"Escrito por\" \/>\n\t<meta name=\"twitter:data1\" content=\"NOTICIASMERCEDINAS.COM\" \/>\n\t<meta name=\"twitter:label2\" content=\"Tiempo de lectura\" \/>\n\t<meta name=\"twitter:data2\" content=\"3 minutos\" \/>\n<script type=\"application\/ld+json\" class=\"yoast-schema-graph\">{\"@context\":\"https:\\\/\\\/schema.org\",\"@graph\":[{\"@type\":\"Article\",\"@id\":\"https:\\\/\\\/noticiasmercedinas.com\\\/site\\\/2024\\\/04\\\/20\\\/los-obispos-argentinos-llaman-a-la-reflexion-ante-el-contexto-de-desigualdad-social\\\/#article\",\"isPartOf\":{\"@id\":\"https:\\\/\\\/noticiasmercedinas.com\\\/site\\\/2024\\\/04\\\/20\\\/los-obispos-argentinos-llaman-a-la-reflexion-ante-el-contexto-de-desigualdad-social\\\/\"},\"author\":{\"name\":\"NOTICIASMERCEDINAS.COM\",\"@id\":\"https:\\\/\\\/noticiasmercedinas.com\\\/site\\\/#\\\/schema\\\/person\\\/84b59c099c28ff2e8b77d4ceec5d8063\"},\"headline\":\"Los obispos argentinos llaman a la reflexi\u00f3n ante el contexto de desigualdad social\",\"datePublished\":\"2024-04-20T12:30:18+00:00\",\"mainEntityOfPage\":{\"@id\":\"https:\\\/\\\/noticiasmercedinas.com\\\/site\\\/2024\\\/04\\\/20\\\/los-obispos-argentinos-llaman-a-la-reflexion-ante-el-contexto-de-desigualdad-social\\\/\"},\"wordCount\":519,\"publisher\":{\"@id\":\"https:\\\/\\\/noticiasmercedinas.com\\\/site\\\/#organization\"},\"image\":{\"@id\":\"https:\\\/\\\/noticiasmercedinas.com\\\/site\\\/2024\\\/04\\\/20\\\/los-obispos-argentinos-llaman-a-la-reflexion-ante-el-contexto-de-desigualdad-social\\\/#primaryimage\"},\"thumbnailUrl\":\"https:\\\/\\\/noticiasmercedinas.com\\\/site\\\/wp-content\\\/uploads\\\/2024\\\/04\\\/OBISPOS.jpg\",\"keywords\":[\"arzobispo Jorge Eduardo Scheinig\",\"asamblea episcopal\",\"crisis\",\"desigualdad social\"],\"articleSection\":[\"Sociedad\"],\"inLanguage\":\"es\"},{\"@type\":\"WebPage\",\"@id\":\"https:\\\/\\\/noticiasmercedinas.com\\\/site\\\/2024\\\/04\\\/20\\\/los-obispos-argentinos-llaman-a-la-reflexion-ante-el-contexto-de-desigualdad-social\\\/\",\"url\":\"https:\\\/\\\/noticiasmercedinas.com\\\/site\\\/2024\\\/04\\\/20\\\/los-obispos-argentinos-llaman-a-la-reflexion-ante-el-contexto-de-desigualdad-social\\\/\",\"name\":\"Los obispos argentinos llaman a la reflexi\u00f3n ante el contexto de desigualdad social\",\"isPartOf\":{\"@id\":\"https:\\\/\\\/noticiasmercedinas.com\\\/site\\\/#website\"},\"primaryImageOfPage\":{\"@id\":\"https:\\\/\\\/noticiasmercedinas.com\\\/site\\\/2024\\\/04\\\/20\\\/los-obispos-argentinos-llaman-a-la-reflexion-ante-el-contexto-de-desigualdad-social\\\/#primaryimage\"},\"image\":{\"@id\":\"https:\\\/\\\/noticiasmercedinas.com\\\/site\\\/2024\\\/04\\\/20\\\/los-obispos-argentinos-llaman-a-la-reflexion-ante-el-contexto-de-desigualdad-social\\\/#primaryimage\"},\"thumbnailUrl\":\"https:\\\/\\\/noticiasmercedinas.com\\\/site\\\/wp-content\\\/uploads\\\/2024\\\/04\\\/OBISPOS.jpg\",\"datePublished\":\"2024-04-20T12:30:18+00:00\",\"breadcrumb\":{\"@id\":\"https:\\\/\\\/noticiasmercedinas.com\\\/site\\\/2024\\\/04\\\/20\\\/los-obispos-argentinos-llaman-a-la-reflexion-ante-el-contexto-de-desigualdad-social\\\/#breadcrumb\"},\"inLanguage\":\"es\",\"potentialAction\":[{\"@type\":\"ReadAction\",\"target\":[\"https:\\\/\\\/noticiasmercedinas.com\\\/site\\\/2024\\\/04\\\/20\\\/los-obispos-argentinos-llaman-a-la-reflexion-ante-el-contexto-de-desigualdad-social\\\/\"]}]},{\"@type\":\"ImageObject\",\"inLanguage\":\"es\",\"@id\":\"https:\\\/\\\/noticiasmercedinas.com\\\/site\\\/2024\\\/04\\\/20\\\/los-obispos-argentinos-llaman-a-la-reflexion-ante-el-contexto-de-desigualdad-social\\\/#primaryimage\",\"url\":\"https:\\\/\\\/noticiasmercedinas.com\\\/site\\\/wp-content\\\/uploads\\\/2024\\\/04\\\/OBISPOS.jpg\",\"contentUrl\":\"https:\\\/\\\/noticiasmercedinas.com\\\/site\\\/wp-content\\\/uploads\\\/2024\\\/04\\\/OBISPOS.jpg\",\"width\":784,\"height\":420},{\"@type\":\"BreadcrumbList\",\"@id\":\"https:\\\/\\\/noticiasmercedinas.com\\\/site\\\/2024\\\/04\\\/20\\\/los-obispos-argentinos-llaman-a-la-reflexion-ante-el-contexto-de-desigualdad-social\\\/#breadcrumb\",\"itemListElement\":[{\"@type\":\"ListItem\",\"position\":1,\"name\":\"Portada\",\"item\":\"https:\\\/\\\/noticiasmercedinas.com\\\/site\\\/\"},{\"@type\":\"ListItem\",\"position\":2,\"name\":\"Los obispos argentinos llaman a la reflexi\u00f3n ante el contexto de desigualdad social\"}]},{\"@type\":\"WebSite\",\"@id\":\"https:\\\/\\\/noticiasmercedinas.com\\\/site\\\/#website\",\"url\":\"https:\\\/\\\/noticiasmercedinas.com\\\/site\\\/\",\"name\":\"NOTICIASMERCEDINAS.COM\",\"description\":\"Mercedes, Buenos Aires, Argentina\",\"publisher\":{\"@id\":\"https:\\\/\\\/noticiasmercedinas.com\\\/site\\\/#organization\"},\"potentialAction\":[{\"@type\":\"SearchAction\",\"target\":{\"@type\":\"EntryPoint\",\"urlTemplate\":\"https:\\\/\\\/noticiasmercedinas.com\\\/site\\\/?s={search_term_string}\"},\"query-input\":{\"@type\":\"PropertyValueSpecification\",\"valueRequired\":true,\"valueName\":\"search_term_string\"}}],\"inLanguage\":\"es\"},{\"@type\":\"Organization\",\"@id\":\"https:\\\/\\\/noticiasmercedinas.com\\\/site\\\/#organization\",\"name\":\"NOTICIASMERCEDINAS.COM\",\"url\":\"https:\\\/\\\/noticiasmercedinas.com\\\/site\\\/\",\"logo\":{\"@type\":\"ImageObject\",\"inLanguage\":\"es\",\"@id\":\"https:\\\/\\\/noticiasmercedinas.com\\\/site\\\/#\\\/schema\\\/logo\\\/image\\\/\",\"url\":\"https:\\\/\\\/noticiasmercedinas.com\\\/site\\\/wp-content\\\/uploads\\\/2020\\\/06\\\/LOGO-512.jpg\",\"contentUrl\":\"https:\\\/\\\/noticiasmercedinas.com\\\/site\\\/wp-content\\\/uploads\\\/2020\\\/06\\\/LOGO-512.jpg\",\"width\":512,\"height\":512,\"caption\":\"NOTICIASMERCEDINAS.COM\"},\"image\":{\"@id\":\"https:\\\/\\\/noticiasmercedinas.com\\\/site\\\/#\\\/schema\\\/logo\\\/image\\\/\"},\"sameAs\":[\"https:\\\/\\\/www.facebook.com\\\/noticiasmercedinas\\\/\",\"https:\\\/\\\/x.com\\\/notmercedinas\",\"https:\\\/\\\/www.instagram.com\\\/noticiasmercedinas\\\/\"]},{\"@type\":\"Person\",\"@id\":\"https:\\\/\\\/noticiasmercedinas.com\\\/site\\\/#\\\/schema\\\/person\\\/84b59c099c28ff2e8b77d4ceec5d8063\",\"name\":\"NOTICIASMERCEDINAS.COM\",\"image\":{\"@type\":\"ImageObject\",\"inLanguage\":\"es\",\"@id\":\"https:\\\/\\\/secure.gravatar.com\\\/avatar\\\/4dfbf16b4d17945bfb6341b2d19043457132fcf478a5ee04f42e959fd8f5df0a?s=96&d=mm&r=g\",\"url\":\"https:\\\/\\\/secure.gravatar.com\\\/avatar\\\/4dfbf16b4d17945bfb6341b2d19043457132fcf478a5ee04f42e959fd8f5df0a?s=96&d=mm&r=g\",\"contentUrl\":\"https:\\\/\\\/secure.gravatar.com\\\/avatar\\\/4dfbf16b4d17945bfb6341b2d19043457132fcf478a5ee04f42e959fd8f5df0a?s=96&d=mm&r=g\",\"caption\":\"NOTICIASMERCEDINAS.COM\"},\"url\":\"https:\\\/\\\/noticiasmercedinas.com\\\/site\\\/author\\\/anonimo\\\/\"}]}<\/script>\n<!-- \/ Yoast SEO plugin. -->","yoast_head_json":{"title":"Los obispos argentinos llaman a la reflexi\u00f3n ante el contexto de desigualdad social","robots":{"index":"index","follow":"follow","max-snippet":"max-snippet:-1","max-image-preview":"max-image-preview:large","max-video-preview":"max-video-preview:-1"},"canonical":"https:\/\/noticiasmercedinas.com\/site\/2024\/04\/20\/los-obispos-argentinos-llaman-a-la-reflexion-ante-el-contexto-de-desigualdad-social\/","og_locale":"es_ES","og_type":"article","og_title":"Los obispos argentinos llaman a la reflexi\u00f3n ante el contexto de desigualdad social","og_description":"\u25a0 En el cierre de la 124\u00aa Asamblea Plenaria de la Conferencia Episcopal Argentina, los obispos del pa\u00eds destacaron la importancia de la solidaridad y la atenci\u00f3n a los m\u00e1s vulnerables en tiempos dif\u00edciles.","og_url":"https:\/\/noticiasmercedinas.com\/site\/2024\/04\/20\/los-obispos-argentinos-llaman-a-la-reflexion-ante-el-contexto-de-desigualdad-social\/","og_site_name":"NOTICIASMERCEDINAS.COM","article_publisher":"https:\/\/www.facebook.com\/noticiasmercedinas\/","article_published_time":"2024-04-20T12:30:18+00:00","og_image":[{"width":784,"height":420,"url":"https:\/\/noticiasmercedinas.com\/site\/wp-content\/uploads\/2024\/04\/OBISPOS.jpg","type":"image\/jpeg"}],"author":"NOTICIASMERCEDINAS.COM","twitter_card":"summary_large_image","twitter_creator":"@notmercedinas","twitter_site":"@notmercedinas","twitter_misc":{"Escrito por":"NOTICIASMERCEDINAS.COM","Tiempo de lectura":"3 minutos"},"schema":{"@context":"https:\/\/schema.org","@graph":[{"@type":"Article","@id":"https:\/\/noticiasmercedinas.com\/site\/2024\/04\/20\/los-obispos-argentinos-llaman-a-la-reflexion-ante-el-contexto-de-desigualdad-social\/#article","isPartOf":{"@id":"https:\/\/noticiasmercedinas.com\/site\/2024\/04\/20\/los-obispos-argentinos-llaman-a-la-reflexion-ante-el-contexto-de-desigualdad-social\/"},"author":{"name":"NOTICIASMERCEDINAS.COM","@id":"https:\/\/noticiasmercedinas.com\/site\/#\/schema\/person\/84b59c099c28ff2e8b77d4ceec5d8063"},"headline":"Los obispos argentinos llaman a la reflexi\u00f3n ante el contexto de desigualdad social","datePublished":"2024-04-20T12:30:18+00:00","mainEntityOfPage":{"@id":"https:\/\/noticiasmercedinas.com\/site\/2024\/04\/20\/los-obispos-argentinos-llaman-a-la-reflexion-ante-el-contexto-de-desigualdad-social\/"},"wordCount":519,"publisher":{"@id":"https:\/\/noticiasmercedinas.com\/site\/#organization"},"image":{"@id":"https:\/\/noticiasmercedinas.com\/site\/2024\/04\/20\/los-obispos-argentinos-llaman-a-la-reflexion-ante-el-contexto-de-desigualdad-social\/#primaryimage"},"thumbnailUrl":"https:\/\/noticiasmercedinas.com\/site\/wp-content\/uploads\/2024\/04\/OBISPOS.jpg","keywords":["arzobispo Jorge Eduardo Scheinig","asamblea episcopal","crisis","desigualdad social"],"articleSection":["Sociedad"],"inLanguage":"es"},{"@type":"WebPage","@id":"https:\/\/noticiasmercedinas.com\/site\/2024\/04\/20\/los-obispos-argentinos-llaman-a-la-reflexion-ante-el-contexto-de-desigualdad-social\/","url":"https:\/\/noticiasmercedinas.com\/site\/2024\/04\/20\/los-obispos-argentinos-llaman-a-la-reflexion-ante-el-contexto-de-desigualdad-social\/","name":"Los obispos argentinos llaman a la reflexi\u00f3n ante el contexto de desigualdad social","isPartOf":{"@id":"https:\/\/noticiasmercedinas.com\/site\/#website"},"primaryImageOfPage":{"@id":"https:\/\/noticiasmercedinas.com\/site\/2024\/04\/20\/los-obispos-argentinos-llaman-a-la-reflexion-ante-el-contexto-de-desigualdad-social\/#primaryimage"},"image":{"@id":"https:\/\/noticiasmercedinas.com\/site\/2024\/04\/20\/los-obispos-argentinos-llaman-a-la-reflexion-ante-el-contexto-de-desigualdad-social\/#primaryimage"},"thumbnailUrl":"https:\/\/noticiasmercedinas.com\/site\/wp-content\/uploads\/2024\/04\/OBISPOS.jpg","datePublished":"2024-04-20T12:30:18+00:00","breadcrumb":{"@id":"https:\/\/noticiasmercedinas.com\/site\/2024\/04\/20\/los-obispos-argentinos-llaman-a-la-reflexion-ante-el-contexto-de-desigualdad-social\/#breadcrumb"},"inLanguage":"es","potentialAction":[{"@type":"ReadAction","target":["https:\/\/noticiasmercedinas.com\/site\/2024\/04\/20\/los-obispos-argentinos-llaman-a-la-reflexion-ante-el-contexto-de-desigualdad-social\/"]}]},{"@type":"ImageObject","inLanguage":"es","@id":"https:\/\/noticiasmercedinas.com\/site\/2024\/04\/20\/los-obispos-argentinos-llaman-a-la-reflexion-ante-el-contexto-de-desigualdad-social\/#primaryimage","url":"https:\/\/noticiasmercedinas.com\/site\/wp-content\/uploads\/2024\/04\/OBISPOS.jpg","contentUrl":"https:\/\/noticiasmercedinas.com\/site\/wp-content\/uploads\/2024\/04\/OBISPOS.jpg","width":784,"height":420},{"@type":"BreadcrumbList","@id":"https:\/\/noticiasmercedinas.com\/site\/2024\/04\/20\/los-obispos-argentinos-llaman-a-la-reflexion-ante-el-contexto-de-desigualdad-social\/#breadcrumb","itemListElement":[{"@type":"ListItem","position":1,"name":"Portada","item":"https:\/\/noticiasmercedinas.com\/site\/"},{"@type":"ListItem","position":2,"name":"Los obispos argentinos llaman a la reflexi\u00f3n ante el contexto de desigualdad social"}]},{"@type":"WebSite","@id":"https:\/\/noticiasmercedinas.com\/site\/#website","url":"https:\/\/noticiasmercedinas.com\/site\/","name":"NOTICIASMERCEDINAS.COM","description":"Mercedes, Buenos Aires, Argentina","publisher":{"@id":"https:\/\/noticiasmercedinas.com\/site\/#organization"},"potentialAction":[{"@type":"SearchAction","target":{"@type":"EntryPoint","urlTemplate":"https:\/\/noticiasmercedinas.com\/site\/?s={search_term_string}"},"query-input":{"@type":"PropertyValueSpecification","valueRequired":true,"valueName":"search_term_string"}}],"inLanguage":"es"},{"@type":"Organization","@id":"https:\/\/noticiasmercedinas.com\/site\/#organization","name":"NOTICIASMERCEDINAS.COM","url":"https:\/\/noticiasmercedinas.com\/site\/","logo":{"@type":"ImageObject","inLanguage":"es","@id":"https:\/\/noticiasmercedinas.com\/site\/#\/schema\/logo\/image\/","url":"https:\/\/noticiasmercedinas.com\/site\/wp-content\/uploads\/2020\/06\/LOGO-512.jpg","contentUrl":"https:\/\/noticiasmercedinas.com\/site\/wp-content\/uploads\/2020\/06\/LOGO-512.jpg","width":512,"height":512,"caption":"NOTICIASMERCEDINAS.COM"},"image":{"@id":"https:\/\/noticiasmercedinas.com\/site\/#\/schema\/logo\/image\/"},"sameAs":["https:\/\/www.facebook.com\/noticiasmercedinas\/","https:\/\/x.com\/notmercedinas","https:\/\/www.instagram.com\/noticiasmercedinas\/"]},{"@type":"Person","@id":"https:\/\/noticiasmercedinas.com\/site\/#\/schema\/person\/84b59c099c28ff2e8b77d4ceec5d8063","name":"NOTICIASMERCEDINAS.COM","image":{"@type":"ImageObject","inLanguage":"es","@id":"https:\/\/secure.gravatar.com\/avatar\/4dfbf16b4d17945bfb6341b2d19043457132fcf478a5ee04f42e959fd8f5df0a?s=96&d=mm&r=g","url":"https:\/\/secure.gravatar.com\/avatar\/4dfbf16b4d17945bfb6341b2d19043457132fcf478a5ee04f42e959fd8f5df0a?s=96&d=mm&r=g","contentUrl":"https:\/\/secure.gravatar.com\/avatar\/4dfbf16b4d17945bfb6341b2d19043457132fcf478a5ee04f42e959fd8f5df0a?s=96&d=mm&r=g","caption":"NOTICIASMERCEDINAS.COM"},"url":"https:\/\/noticiasmercedinas.com\/site\/author\/anonimo\/"}]}},"amp_enabled":true,"_links":{"self":[{"href":"https:\/\/noticiasmercedinas.com\/site\/wp-json\/wp\/v2\/posts\/134447","targetHints":{"allow":["GET"]}}],"collection":[{"href":"https:\/\/noticiasmercedinas.com\/site\/wp-json\/wp\/v2\/posts"}],"about":[{"href":"https:\/\/noticiasmercedinas.com\/site\/wp-json\/wp\/v2\/types\/post"}],"author":[{"embeddable":true,"href":"https:\/\/noticiasmercedinas.com\/site\/wp-json\/wp\/v2\/users\/16"}],"replies":[{"embeddable":true,"href":"https:\/\/noticiasmercedinas.com\/site\/wp-json\/wp\/v2\/comments?post=134447"}],"version-history":[{"count":1,"href":"https:\/\/noticiasmercedinas.com\/site\/wp-json\/wp\/v2\/posts\/134447\/revisions"}],"predecessor-version":[{"id":134449,"href":"https:\/\/noticiasmercedinas.com\/site\/wp-json\/wp\/v2\/posts\/134447\/revisions\/134449"}],"wp:featuredmedia":[{"embeddable":true,"href":"https:\/\/noticiasmercedinas.com\/site\/wp-json\/wp\/v2\/media\/134448"}],"wp:attachment":[{"href":"https:\/\/noticiasmercedinas.com\/site\/wp-json\/wp\/v2\/media?parent=134447"}],"wp:term":[{"taxonomy":"category","embeddable":true,"href":"https:\/\/noticiasmercedinas.com\/site\/wp-json\/wp\/v2\/categories?post=134447"},{"taxonomy":"post_tag","embeddable":true,"href":"https:\/\/noticiasmercedinas.com\/site\/wp-json\/wp\/v2\/tags?post=134447"}],"curies":[{"name":"wp","href":"https:\/\/api.w.org\/{rel}","templated":true}]}}