{"id":134503,"date":"2024-04-21T10:31:24","date_gmt":"2024-04-21T13:31:24","guid":{"rendered":"https:\/\/noticiasmercedinas.com\/site\/?p=134503"},"modified":"2024-04-21T10:34:25","modified_gmt":"2024-04-21T13:34:25","slug":"cuando-los-tiempos-son-mas-dificiles-la-cultura-resurge-como-flores-en-un-jardin","status":"publish","type":"post","link":"https:\/\/noticiasmercedinas.com\/site\/2024\/04\/21\/cuando-los-tiempos-son-mas-dificiles-la-cultura-resurge-como-flores-en-un-jardin\/","title":{"rendered":"\u201cCuando los tiempos son m\u00e1s dif\u00edciles la cultura resurge, como flores en un jard\u00edn\u201d"},"content":{"rendered":"<p><img loading=\"lazy\" decoding=\"async\" class=\"alignnone size-full wp-image-134504\" src=\"https:\/\/noticiasmercedinas.com\/site\/wp-content\/uploads\/2024\/04\/CAPILLA.jpeg\" alt=\"\" width=\"1600\" height=\"1066\" srcset=\"https:\/\/noticiasmercedinas.com\/site\/wp-content\/uploads\/2024\/04\/CAPILLA.jpeg 1600w, https:\/\/noticiasmercedinas.com\/site\/wp-content\/uploads\/2024\/04\/CAPILLA-300x200.jpeg 300w, https:\/\/noticiasmercedinas.com\/site\/wp-content\/uploads\/2024\/04\/CAPILLA-1024x682.jpeg 1024w, https:\/\/noticiasmercedinas.com\/site\/wp-content\/uploads\/2024\/04\/CAPILLA-768x512.jpeg 768w, https:\/\/noticiasmercedinas.com\/site\/wp-content\/uploads\/2024\/04\/CAPILLA-1536x1023.jpeg 1536w, https:\/\/noticiasmercedinas.com\/site\/wp-content\/uploads\/2024\/04\/CAPILLA-640x426.jpeg 640w, https:\/\/noticiasmercedinas.com\/site\/wp-content\/uploads\/2024\/04\/CAPILLA-1280x853.jpeg 1280w, https:\/\/noticiasmercedinas.com\/site\/wp-content\/uploads\/2024\/04\/CAPILLA-681x454.jpeg 681w, https:\/\/noticiasmercedinas.com\/site\/wp-content\/uploads\/2024\/04\/CAPILLA-1362x907.jpeg 1362w\" sizes=\"auto, (max-width: 1600px) 100vw, 1600px\" \/><\/p>\n<p>Mientras por redes se public\u00f3 un tema del que es autora y que tiene m\u00fasica de <strong>Charly Vera<\/strong> y un video de <strong>Jo Marcel<\/strong>, \u201cEs tiempo todav\u00eda\u201d (con <strong>Nacho Delagnes<\/strong> en guitarra y <strong>Pedro Martini<\/strong> en bandone\u00f3n, grabado en Piruca Estudio por <strong>Dami\u00e1n Tessore<\/strong>), <strong>Virginia Altube<\/strong> aclara que no es nuevo pero aprovecha la oportunidad para comentar que sigue haciendo cosas y que justamente anoche se present\u00f3 en vivo en Capilla del Monte, donde reside junto a los cerros y en la ladera, desde hace unos a\u00f1os.<\/p>\n<p>\u201cAnoche tuvimos una fecha preciosa en el barrio Aguas Azules. Se suelen organizar conciertos por parte del responsable del estudio \u201cLos Arboles\u201d en un espacio hermoso que se llama \u201cConcierto bajo los Arboles\u201d. Por eso tocamos con un m\u00fasico muy conocido que me invit\u00f3 a compartir, <strong>Miguel Camargo<\/strong> que tiene un d\u00fao junto a <strong>Ale Mayor<\/strong>, su compa\u00f1era. Se van dando cosas de manera muy siempre, peque\u00f1a y hermosa, por lo que estoy muy agradecida\u201d, coment\u00f3.<\/p>\n<p>Virginia en estos tiempos estuvo tocando en fiestas patronales junto a otros m\u00fasicos de trayectoria como <strong>Nino Luna<\/strong> y est\u00e1 preparando una fecha junto a <strong>Nahuel Romani<\/strong>, su compa\u00f1ero en escena.<\/p>\n<p>Adem\u00e1s, cuenta que en Mercedes est\u00e1 por armar algo con <strong>Rulo Godar<\/strong>, en el mes de junio, y adem\u00e1s le han surgido otras cosas como la grabaci\u00f3n junto a sus hijos de un tema de autor\u00eda de la mercedina <strong>Alicia Lennard<\/strong> con m\u00fasica de<strong> Leopoldo Caracoche<\/strong> que en breve estar\u00e1 listo.<\/p>\n<p>\u201cHay muchas cosas dando vueltas y pareciera ser que cuando los tiempos son m\u00e1s dif\u00edciles la cultura resurge o crece, como flores en un jard\u00edn, sin que sea altisonante ah\u00ed est\u00e1 y eso es maravilloso\u201d, indic\u00f3 en di\u00e1logo con este medio.<\/p>\n<p><iframe loading=\"lazy\" title=\"Es tiempo todav\u00eda  - Virginia Altube\" width=\"640\" height=\"360\" src=\"https:\/\/www.youtube.com\/embed\/J0TLqtpjPkM?feature=oembed\" frameborder=\"0\" allow=\"accelerometer; autoplay; clipboard-write; encrypted-media; gyroscope; picture-in-picture; web-share\" referrerpolicy=\"strict-origin-when-cross-origin\" allowfullscreen><\/iframe><\/p>\n","protected":false},"excerpt":{"rendered":"<p>\u25a0 La cantante mercedina Virginia Altube agradece a la m\u00fasica y a la vida desde Capilla del Monte, donde reside. Anoche se present\u00f3 en vivo y lanzar\u00e1 nuevas canciones.<\/p>\n","protected":false},"author":16,"featured_media":134504,"comment_status":"closed","ping_status":"closed","sticky":false,"template":"","format":"standard","meta":{"footnotes":""},"categories":[4],"tags":[4668,8139,88,164],"class_list":["post-134503","post","type-post","status-publish","format-standard","has-post-thumbnail","hentry","category-cultura","tag-alicia-lennard","tag-capilla-del-monte","tag-musica","tag-virginia-altube"],"yoast_head":"<!-- This site is optimized with the Yoast SEO plugin v27.5 - https:\/\/yoast.com\/product\/yoast-seo-wordpress\/ -->\n<title>\u201cCuando los tiempos son m\u00e1s dif\u00edciles la cultura resurge, como flores en un jard\u00edn\u201d<\/title>\n<meta name=\"robots\" content=\"index, follow, max-snippet:-1, max-image-preview:large, max-video-preview:-1\" \/>\n<link rel=\"canonical\" href=\"https:\/\/noticiasmercedinas.com\/site\/2024\/04\/21\/cuando-los-tiempos-son-mas-dificiles-la-cultura-resurge-como-flores-en-un-jardin\/\" \/>\n<meta property=\"og:locale\" content=\"es_ES\" \/>\n<meta property=\"og:type\" content=\"article\" \/>\n<meta property=\"og:title\" content=\"\u201cCuando los tiempos son m\u00e1s dif\u00edciles la cultura resurge, como flores en un jard\u00edn\u201d\" \/>\n<meta property=\"og:description\" content=\"\u25a0 La cantante mercedina Virginia Altube agradece a la m\u00fasica y a la vida desde Capilla del Monte, donde reside. Anoche se present\u00f3 en vivo y lanzar\u00e1 nuevas canciones.\" \/>\n<meta property=\"og:url\" content=\"https:\/\/noticiasmercedinas.com\/site\/2024\/04\/21\/cuando-los-tiempos-son-mas-dificiles-la-cultura-resurge-como-flores-en-un-jardin\/\" \/>\n<meta property=\"og:site_name\" content=\"NOTICIASMERCEDINAS.COM\" \/>\n<meta property=\"article:publisher\" content=\"https:\/\/www.facebook.com\/noticiasmercedinas\/\" \/>\n<meta property=\"article:published_time\" content=\"2024-04-21T13:31:24+00:00\" \/>\n<meta property=\"article:modified_time\" content=\"2024-04-21T13:34:25+00:00\" \/>\n<meta property=\"og:image\" content=\"https:\/\/noticiasmercedinas.com\/site\/wp-content\/uploads\/2024\/04\/CAPILLA.jpeg\" \/>\n\t<meta property=\"og:image:width\" content=\"1600\" \/>\n\t<meta property=\"og:image:height\" content=\"1066\" \/>\n\t<meta property=\"og:image:type\" content=\"image\/jpeg\" \/>\n<meta name=\"author\" content=\"NOTICIASMERCEDINAS.COM\" \/>\n<meta name=\"twitter:card\" content=\"summary_large_image\" \/>\n<meta name=\"twitter:creator\" content=\"@notmercedinas\" \/>\n<meta name=\"twitter:site\" content=\"@notmercedinas\" \/>\n<meta name=\"twitter:label1\" content=\"Escrito por\" \/>\n\t<meta name=\"twitter:data1\" content=\"NOTICIASMERCEDINAS.COM\" \/>\n\t<meta name=\"twitter:label2\" content=\"Tiempo de lectura\" \/>\n\t<meta name=\"twitter:data2\" content=\"2 minutos\" \/>\n<script type=\"application\/ld+json\" class=\"yoast-schema-graph\">{\"@context\":\"https:\\\/\\\/schema.org\",\"@graph\":[{\"@type\":\"Article\",\"@id\":\"https:\\\/\\\/noticiasmercedinas.com\\\/site\\\/2024\\\/04\\\/21\\\/cuando-los-tiempos-son-mas-dificiles-la-cultura-resurge-como-flores-en-un-jardin\\\/#article\",\"isPartOf\":{\"@id\":\"https:\\\/\\\/noticiasmercedinas.com\\\/site\\\/2024\\\/04\\\/21\\\/cuando-los-tiempos-son-mas-dificiles-la-cultura-resurge-como-flores-en-un-jardin\\\/\"},\"author\":{\"name\":\"NOTICIASMERCEDINAS.COM\",\"@id\":\"https:\\\/\\\/noticiasmercedinas.com\\\/site\\\/#\\\/schema\\\/person\\\/84b59c099c28ff2e8b77d4ceec5d8063\"},\"headline\":\"\u201cCuando los tiempos son m\u00e1s dif\u00edciles la cultura resurge, como flores en un jard\u00edn\u201d\",\"datePublished\":\"2024-04-21T13:31:24+00:00\",\"dateModified\":\"2024-04-21T13:34:25+00:00\",\"mainEntityOfPage\":{\"@id\":\"https:\\\/\\\/noticiasmercedinas.com\\\/site\\\/2024\\\/04\\\/21\\\/cuando-los-tiempos-son-mas-dificiles-la-cultura-resurge-como-flores-en-un-jardin\\\/\"},\"wordCount\":331,\"publisher\":{\"@id\":\"https:\\\/\\\/noticiasmercedinas.com\\\/site\\\/#organization\"},\"image\":{\"@id\":\"https:\\\/\\\/noticiasmercedinas.com\\\/site\\\/2024\\\/04\\\/21\\\/cuando-los-tiempos-son-mas-dificiles-la-cultura-resurge-como-flores-en-un-jardin\\\/#primaryimage\"},\"thumbnailUrl\":\"https:\\\/\\\/noticiasmercedinas.com\\\/site\\\/wp-content\\\/uploads\\\/2024\\\/04\\\/CAPILLA.jpeg\",\"keywords\":[\"alicia lennard\",\"Capilla del Monte\",\"musica\",\"virginia altube\"],\"articleSection\":[\"Cultura\"],\"inLanguage\":\"es\"},{\"@type\":\"WebPage\",\"@id\":\"https:\\\/\\\/noticiasmercedinas.com\\\/site\\\/2024\\\/04\\\/21\\\/cuando-los-tiempos-son-mas-dificiles-la-cultura-resurge-como-flores-en-un-jardin\\\/\",\"url\":\"https:\\\/\\\/noticiasmercedinas.com\\\/site\\\/2024\\\/04\\\/21\\\/cuando-los-tiempos-son-mas-dificiles-la-cultura-resurge-como-flores-en-un-jardin\\\/\",\"name\":\"\u201cCuando los tiempos son m\u00e1s dif\u00edciles la cultura resurge, como flores en un jard\u00edn\u201d\",\"isPartOf\":{\"@id\":\"https:\\\/\\\/noticiasmercedinas.com\\\/site\\\/#website\"},\"primaryImageOfPage\":{\"@id\":\"https:\\\/\\\/noticiasmercedinas.com\\\/site\\\/2024\\\/04\\\/21\\\/cuando-los-tiempos-son-mas-dificiles-la-cultura-resurge-como-flores-en-un-jardin\\\/#primaryimage\"},\"image\":{\"@id\":\"https:\\\/\\\/noticiasmercedinas.com\\\/site\\\/2024\\\/04\\\/21\\\/cuando-los-tiempos-son-mas-dificiles-la-cultura-resurge-como-flores-en-un-jardin\\\/#primaryimage\"},\"thumbnailUrl\":\"https:\\\/\\\/noticiasmercedinas.com\\\/site\\\/wp-content\\\/uploads\\\/2024\\\/04\\\/CAPILLA.jpeg\",\"datePublished\":\"2024-04-21T13:31:24+00:00\",\"dateModified\":\"2024-04-21T13:34:25+00:00\",\"breadcrumb\":{\"@id\":\"https:\\\/\\\/noticiasmercedinas.com\\\/site\\\/2024\\\/04\\\/21\\\/cuando-los-tiempos-son-mas-dificiles-la-cultura-resurge-como-flores-en-un-jardin\\\/#breadcrumb\"},\"inLanguage\":\"es\",\"potentialAction\":[{\"@type\":\"ReadAction\",\"target\":[\"https:\\\/\\\/noticiasmercedinas.com\\\/site\\\/2024\\\/04\\\/21\\\/cuando-los-tiempos-son-mas-dificiles-la-cultura-resurge-como-flores-en-un-jardin\\\/\"]}]},{\"@type\":\"ImageObject\",\"inLanguage\":\"es\",\"@id\":\"https:\\\/\\\/noticiasmercedinas.com\\\/site\\\/2024\\\/04\\\/21\\\/cuando-los-tiempos-son-mas-dificiles-la-cultura-resurge-como-flores-en-un-jardin\\\/#primaryimage\",\"url\":\"https:\\\/\\\/noticiasmercedinas.com\\\/site\\\/wp-content\\\/uploads\\\/2024\\\/04\\\/CAPILLA.jpeg\",\"contentUrl\":\"https:\\\/\\\/noticiasmercedinas.com\\\/site\\\/wp-content\\\/uploads\\\/2024\\\/04\\\/CAPILLA.jpeg\",\"width\":1600,\"height\":1066},{\"@type\":\"BreadcrumbList\",\"@id\":\"https:\\\/\\\/noticiasmercedinas.com\\\/site\\\/2024\\\/04\\\/21\\\/cuando-los-tiempos-son-mas-dificiles-la-cultura-resurge-como-flores-en-un-jardin\\\/#breadcrumb\",\"itemListElement\":[{\"@type\":\"ListItem\",\"position\":1,\"name\":\"Portada\",\"item\":\"https:\\\/\\\/noticiasmercedinas.com\\\/site\\\/\"},{\"@type\":\"ListItem\",\"position\":2,\"name\":\"\u201cCuando los tiempos son m\u00e1s dif\u00edciles la cultura resurge, como flores en un jard\u00edn\u201d\"}]},{\"@type\":\"WebSite\",\"@id\":\"https:\\\/\\\/noticiasmercedinas.com\\\/site\\\/#website\",\"url\":\"https:\\\/\\\/noticiasmercedinas.com\\\/site\\\/\",\"name\":\"NOTICIASMERCEDINAS.COM\",\"description\":\"Mercedes, Buenos Aires, Argentina\",\"publisher\":{\"@id\":\"https:\\\/\\\/noticiasmercedinas.com\\\/site\\\/#organization\"},\"potentialAction\":[{\"@type\":\"SearchAction\",\"target\":{\"@type\":\"EntryPoint\",\"urlTemplate\":\"https:\\\/\\\/noticiasmercedinas.com\\\/site\\\/?s={search_term_string}\"},\"query-input\":{\"@type\":\"PropertyValueSpecification\",\"valueRequired\":true,\"valueName\":\"search_term_string\"}}],\"inLanguage\":\"es\"},{\"@type\":\"Organization\",\"@id\":\"https:\\\/\\\/noticiasmercedinas.com\\\/site\\\/#organization\",\"name\":\"NOTICIASMERCEDINAS.COM\",\"url\":\"https:\\\/\\\/noticiasmercedinas.com\\\/site\\\/\",\"logo\":{\"@type\":\"ImageObject\",\"inLanguage\":\"es\",\"@id\":\"https:\\\/\\\/noticiasmercedinas.com\\\/site\\\/#\\\/schema\\\/logo\\\/image\\\/\",\"url\":\"https:\\\/\\\/noticiasmercedinas.com\\\/site\\\/wp-content\\\/uploads\\\/2020\\\/06\\\/LOGO-512.jpg\",\"contentUrl\":\"https:\\\/\\\/noticiasmercedinas.com\\\/site\\\/wp-content\\\/uploads\\\/2020\\\/06\\\/LOGO-512.jpg\",\"width\":512,\"height\":512,\"caption\":\"NOTICIASMERCEDINAS.COM\"},\"image\":{\"@id\":\"https:\\\/\\\/noticiasmercedinas.com\\\/site\\\/#\\\/schema\\\/logo\\\/image\\\/\"},\"sameAs\":[\"https:\\\/\\\/www.facebook.com\\\/noticiasmercedinas\\\/\",\"https:\\\/\\\/x.com\\\/notmercedinas\",\"https:\\\/\\\/www.instagram.com\\\/noticiasmercedinas\\\/\"]},{\"@type\":\"Person\",\"@id\":\"https:\\\/\\\/noticiasmercedinas.com\\\/site\\\/#\\\/schema\\\/person\\\/84b59c099c28ff2e8b77d4ceec5d8063\",\"name\":\"NOTICIASMERCEDINAS.COM\",\"image\":{\"@type\":\"ImageObject\",\"inLanguage\":\"es\",\"@id\":\"https:\\\/\\\/secure.gravatar.com\\\/avatar\\\/4dfbf16b4d17945bfb6341b2d19043457132fcf478a5ee04f42e959fd8f5df0a?s=96&d=mm&r=g\",\"url\":\"https:\\\/\\\/secure.gravatar.com\\\/avatar\\\/4dfbf16b4d17945bfb6341b2d19043457132fcf478a5ee04f42e959fd8f5df0a?s=96&d=mm&r=g\",\"contentUrl\":\"https:\\\/\\\/secure.gravatar.com\\\/avatar\\\/4dfbf16b4d17945bfb6341b2d19043457132fcf478a5ee04f42e959fd8f5df0a?s=96&d=mm&r=g\",\"caption\":\"NOTICIASMERCEDINAS.COM\"},\"url\":\"https:\\\/\\\/noticiasmercedinas.com\\\/site\\\/author\\\/anonimo\\\/\"}]}<\/script>\n<!-- \/ Yoast SEO plugin. -->","yoast_head_json":{"title":"\u201cCuando los tiempos son m\u00e1s dif\u00edciles la cultura resurge, como flores en un jard\u00edn\u201d","robots":{"index":"index","follow":"follow","max-snippet":"max-snippet:-1","max-image-preview":"max-image-preview:large","max-video-preview":"max-video-preview:-1"},"canonical":"https:\/\/noticiasmercedinas.com\/site\/2024\/04\/21\/cuando-los-tiempos-son-mas-dificiles-la-cultura-resurge-como-flores-en-un-jardin\/","og_locale":"es_ES","og_type":"article","og_title":"\u201cCuando los tiempos son m\u00e1s dif\u00edciles la cultura resurge, como flores en un jard\u00edn\u201d","og_description":"\u25a0 La cantante mercedina Virginia Altube agradece a la m\u00fasica y a la vida desde Capilla del Monte, donde reside. Anoche se present\u00f3 en vivo y lanzar\u00e1 nuevas canciones.","og_url":"https:\/\/noticiasmercedinas.com\/site\/2024\/04\/21\/cuando-los-tiempos-son-mas-dificiles-la-cultura-resurge-como-flores-en-un-jardin\/","og_site_name":"NOTICIASMERCEDINAS.COM","article_publisher":"https:\/\/www.facebook.com\/noticiasmercedinas\/","article_published_time":"2024-04-21T13:31:24+00:00","article_modified_time":"2024-04-21T13:34:25+00:00","og_image":[{"width":1600,"height":1066,"url":"https:\/\/noticiasmercedinas.com\/site\/wp-content\/uploads\/2024\/04\/CAPILLA.jpeg","type":"image\/jpeg"}],"author":"NOTICIASMERCEDINAS.COM","twitter_card":"summary_large_image","twitter_creator":"@notmercedinas","twitter_site":"@notmercedinas","twitter_misc":{"Escrito por":"NOTICIASMERCEDINAS.COM","Tiempo de lectura":"2 minutos"},"schema":{"@context":"https:\/\/schema.org","@graph":[{"@type":"Article","@id":"https:\/\/noticiasmercedinas.com\/site\/2024\/04\/21\/cuando-los-tiempos-son-mas-dificiles-la-cultura-resurge-como-flores-en-un-jardin\/#article","isPartOf":{"@id":"https:\/\/noticiasmercedinas.com\/site\/2024\/04\/21\/cuando-los-tiempos-son-mas-dificiles-la-cultura-resurge-como-flores-en-un-jardin\/"},"author":{"name":"NOTICIASMERCEDINAS.COM","@id":"https:\/\/noticiasmercedinas.com\/site\/#\/schema\/person\/84b59c099c28ff2e8b77d4ceec5d8063"},"headline":"\u201cCuando los tiempos son m\u00e1s dif\u00edciles la cultura resurge, como flores en un jard\u00edn\u201d","datePublished":"2024-04-21T13:31:24+00:00","dateModified":"2024-04-21T13:34:25+00:00","mainEntityOfPage":{"@id":"https:\/\/noticiasmercedinas.com\/site\/2024\/04\/21\/cuando-los-tiempos-son-mas-dificiles-la-cultura-resurge-como-flores-en-un-jardin\/"},"wordCount":331,"publisher":{"@id":"https:\/\/noticiasmercedinas.com\/site\/#organization"},"image":{"@id":"https:\/\/noticiasmercedinas.com\/site\/2024\/04\/21\/cuando-los-tiempos-son-mas-dificiles-la-cultura-resurge-como-flores-en-un-jardin\/#primaryimage"},"thumbnailUrl":"https:\/\/noticiasmercedinas.com\/site\/wp-content\/uploads\/2024\/04\/CAPILLA.jpeg","keywords":["alicia lennard","Capilla del Monte","musica","virginia altube"],"articleSection":["Cultura"],"inLanguage":"es"},{"@type":"WebPage","@id":"https:\/\/noticiasmercedinas.com\/site\/2024\/04\/21\/cuando-los-tiempos-son-mas-dificiles-la-cultura-resurge-como-flores-en-un-jardin\/","url":"https:\/\/noticiasmercedinas.com\/site\/2024\/04\/21\/cuando-los-tiempos-son-mas-dificiles-la-cultura-resurge-como-flores-en-un-jardin\/","name":"\u201cCuando los tiempos son m\u00e1s dif\u00edciles la cultura resurge, como flores en un jard\u00edn\u201d","isPartOf":{"@id":"https:\/\/noticiasmercedinas.com\/site\/#website"},"primaryImageOfPage":{"@id":"https:\/\/noticiasmercedinas.com\/site\/2024\/04\/21\/cuando-los-tiempos-son-mas-dificiles-la-cultura-resurge-como-flores-en-un-jardin\/#primaryimage"},"image":{"@id":"https:\/\/noticiasmercedinas.com\/site\/2024\/04\/21\/cuando-los-tiempos-son-mas-dificiles-la-cultura-resurge-como-flores-en-un-jardin\/#primaryimage"},"thumbnailUrl":"https:\/\/noticiasmercedinas.com\/site\/wp-content\/uploads\/2024\/04\/CAPILLA.jpeg","datePublished":"2024-04-21T13:31:24+00:00","dateModified":"2024-04-21T13:34:25+00:00","breadcrumb":{"@id":"https:\/\/noticiasmercedinas.com\/site\/2024\/04\/21\/cuando-los-tiempos-son-mas-dificiles-la-cultura-resurge-como-flores-en-un-jardin\/#breadcrumb"},"inLanguage":"es","potentialAction":[{"@type":"ReadAction","target":["https:\/\/noticiasmercedinas.com\/site\/2024\/04\/21\/cuando-los-tiempos-son-mas-dificiles-la-cultura-resurge-como-flores-en-un-jardin\/"]}]},{"@type":"ImageObject","inLanguage":"es","@id":"https:\/\/noticiasmercedinas.com\/site\/2024\/04\/21\/cuando-los-tiempos-son-mas-dificiles-la-cultura-resurge-como-flores-en-un-jardin\/#primaryimage","url":"https:\/\/noticiasmercedinas.com\/site\/wp-content\/uploads\/2024\/04\/CAPILLA.jpeg","contentUrl":"https:\/\/noticiasmercedinas.com\/site\/wp-content\/uploads\/2024\/04\/CAPILLA.jpeg","width":1600,"height":1066},{"@type":"BreadcrumbList","@id":"https:\/\/noticiasmercedinas.com\/site\/2024\/04\/21\/cuando-los-tiempos-son-mas-dificiles-la-cultura-resurge-como-flores-en-un-jardin\/#breadcrumb","itemListElement":[{"@type":"ListItem","position":1,"name":"Portada","item":"https:\/\/noticiasmercedinas.com\/site\/"},{"@type":"ListItem","position":2,"name":"\u201cCuando los tiempos son m\u00e1s dif\u00edciles la cultura resurge, como flores en un jard\u00edn\u201d"}]},{"@type":"WebSite","@id":"https:\/\/noticiasmercedinas.com\/site\/#website","url":"https:\/\/noticiasmercedinas.com\/site\/","name":"NOTICIASMERCEDINAS.COM","description":"Mercedes, Buenos Aires, Argentina","publisher":{"@id":"https:\/\/noticiasmercedinas.com\/site\/#organization"},"potentialAction":[{"@type":"SearchAction","target":{"@type":"EntryPoint","urlTemplate":"https:\/\/noticiasmercedinas.com\/site\/?s={search_term_string}"},"query-input":{"@type":"PropertyValueSpecification","valueRequired":true,"valueName":"search_term_string"}}],"inLanguage":"es"},{"@type":"Organization","@id":"https:\/\/noticiasmercedinas.com\/site\/#organization","name":"NOTICIASMERCEDINAS.COM","url":"https:\/\/noticiasmercedinas.com\/site\/","logo":{"@type":"ImageObject","inLanguage":"es","@id":"https:\/\/noticiasmercedinas.com\/site\/#\/schema\/logo\/image\/","url":"https:\/\/noticiasmercedinas.com\/site\/wp-content\/uploads\/2020\/06\/LOGO-512.jpg","contentUrl":"https:\/\/noticiasmercedinas.com\/site\/wp-content\/uploads\/2020\/06\/LOGO-512.jpg","width":512,"height":512,"caption":"NOTICIASMERCEDINAS.COM"},"image":{"@id":"https:\/\/noticiasmercedinas.com\/site\/#\/schema\/logo\/image\/"},"sameAs":["https:\/\/www.facebook.com\/noticiasmercedinas\/","https:\/\/x.com\/notmercedinas","https:\/\/www.instagram.com\/noticiasmercedinas\/"]},{"@type":"Person","@id":"https:\/\/noticiasmercedinas.com\/site\/#\/schema\/person\/84b59c099c28ff2e8b77d4ceec5d8063","name":"NOTICIASMERCEDINAS.COM","image":{"@type":"ImageObject","inLanguage":"es","@id":"https:\/\/secure.gravatar.com\/avatar\/4dfbf16b4d17945bfb6341b2d19043457132fcf478a5ee04f42e959fd8f5df0a?s=96&d=mm&r=g","url":"https:\/\/secure.gravatar.com\/avatar\/4dfbf16b4d17945bfb6341b2d19043457132fcf478a5ee04f42e959fd8f5df0a?s=96&d=mm&r=g","contentUrl":"https:\/\/secure.gravatar.com\/avatar\/4dfbf16b4d17945bfb6341b2d19043457132fcf478a5ee04f42e959fd8f5df0a?s=96&d=mm&r=g","caption":"NOTICIASMERCEDINAS.COM"},"url":"https:\/\/noticiasmercedinas.com\/site\/author\/anonimo\/"}]}},"amp_enabled":true,"_links":{"self":[{"href":"https:\/\/noticiasmercedinas.com\/site\/wp-json\/wp\/v2\/posts\/134503","targetHints":{"allow":["GET"]}}],"collection":[{"href":"https:\/\/noticiasmercedinas.com\/site\/wp-json\/wp\/v2\/posts"}],"about":[{"href":"https:\/\/noticiasmercedinas.com\/site\/wp-json\/wp\/v2\/types\/post"}],"author":[{"embeddable":true,"href":"https:\/\/noticiasmercedinas.com\/site\/wp-json\/wp\/v2\/users\/16"}],"replies":[{"embeddable":true,"href":"https:\/\/noticiasmercedinas.com\/site\/wp-json\/wp\/v2\/comments?post=134503"}],"version-history":[{"count":2,"href":"https:\/\/noticiasmercedinas.com\/site\/wp-json\/wp\/v2\/posts\/134503\/revisions"}],"predecessor-version":[{"id":134506,"href":"https:\/\/noticiasmercedinas.com\/site\/wp-json\/wp\/v2\/posts\/134503\/revisions\/134506"}],"wp:featuredmedia":[{"embeddable":true,"href":"https:\/\/noticiasmercedinas.com\/site\/wp-json\/wp\/v2\/media\/134504"}],"wp:attachment":[{"href":"https:\/\/noticiasmercedinas.com\/site\/wp-json\/wp\/v2\/media?parent=134503"}],"wp:term":[{"taxonomy":"category","embeddable":true,"href":"https:\/\/noticiasmercedinas.com\/site\/wp-json\/wp\/v2\/categories?post=134503"},{"taxonomy":"post_tag","embeddable":true,"href":"https:\/\/noticiasmercedinas.com\/site\/wp-json\/wp\/v2\/tags?post=134503"}],"curies":[{"name":"wp","href":"https:\/\/api.w.org\/{rel}","templated":true}]}}