{"id":134618,"date":"2024-04-22T19:32:50","date_gmt":"2024-04-22T22:32:50","guid":{"rendered":"https:\/\/noticiasmercedinas.com\/site\/?p=134618"},"modified":"2024-04-22T19:32:50","modified_gmt":"2024-04-22T22:32:50","slug":"gobierno-planea-aumento-del-50-en-pasajes-de-ferrocarril-usuarios-denuncian-falta-de-apoyo-al-servicio","status":"publish","type":"post","link":"https:\/\/noticiasmercedinas.com\/site\/2024\/04\/22\/gobierno-planea-aumento-del-50-en-pasajes-de-ferrocarril-usuarios-denuncian-falta-de-apoyo-al-servicio\/","title":{"rendered":"Gobierno planea aumento del 50% en pasajes de ferrocarril: usuarios denuncian falta de apoyo al servicio"},"content":{"rendered":"<p><img loading=\"lazy\" decoding=\"async\" class=\"alignnone size-full wp-image-131089\" src=\"https:\/\/noticiasmercedinas.com\/site\/wp-content\/uploads\/2024\/02\/TRENES1.jpg\" alt=\"\" width=\"640\" height=\"379\" srcset=\"https:\/\/noticiasmercedinas.com\/site\/wp-content\/uploads\/2024\/02\/TRENES1.jpg 640w, https:\/\/noticiasmercedinas.com\/site\/wp-content\/uploads\/2024\/02\/TRENES1-300x178.jpg 300w\" sizes=\"auto, (max-width: 640px) 100vw, 640px\" \/><\/p>\n<p><strong>Usuarios y trabajadores del ferrocarril en el trayecto Mercedes &#8211; Moreno protestan por la reducci\u00f3n de frecuencias y la falta de apoyo al servicio. En medio de estas protestas, el gobierno anuncia un aumento del 50% en el costo de los pasajes para el pr\u00f3ximo mes de mayo. Tanto los usuarios como los trabajadores denuncian que esta medida es parte de un plan de privatizaci\u00f3n del servicio y que dejar\u00e1 a muchas personas sin la posibilidad de acceder a un medio de transporte econ\u00f3mico y necesario.<\/strong><\/p>\n<p>En el marco del reclamo de los usuarios por la quita de frecuencias en los servicios de ferrocarril en el trayecto Mercedes &#8211; Moreno, se supo que m\u00e1s all\u00e1 de la resistencia vecinal a esta pol\u00edtica de transporte que deja de lado la importancia de un servicio esencial, se conocen que se pretende desde el gobierno un aumento de la tarifa del tren en al menos un 50 por ciento, tal cual trascendi\u00f3.<\/p>\n<p>Ya se han hecho varias movidas de reclamo en la plaza de la estaci\u00f3n de Mercedes, pero tanto los usuarios como los trabajadores no quieren dar el brazo a torcer.<\/p>\n<p>Desde la <strong>Asamblea de Vecinos Autoconvocados<\/strong> accionan pol\u00edticamente y vuelven a las calles para reclamar por la falta de apoyo al tren como medio de transporte, que es para quienes menos recursos tienen el servicio m\u00e1s econ\u00f3mico para trasladarse.<\/p>\n<blockquote><p>\u00abEst\u00e1n queriendo cocinar una privatizaci\u00f3n. En Mercedes no s\u00f3lo no llegan gran cantidad de trenes sino que ni siquiera hay boleter\u00edas para recargar el sistema Sube. Es una falta de predisposici\u00f3n pol\u00edtica porque m\u00e1quinas y trabajadores hay\u00bb<\/p><\/blockquote>\n<p>El \u00faltimo amento hab\u00eda sido de poco mas del 45 por ciento, y ahora el gobierno nacional anuncia otro del 50 por ciento para el mes de mayo venidero.<\/p>\n<p>Por su parte, los trabajadores ferroviarios siguen reclamando en contra de las privatizaciones y son conscientes de que pueden sufrir bajas incluso en materia de personal.<\/p>\n<p><strong>Melisa Contreras<\/strong>, delegada del FFCC Sarmiento, remarc\u00f3: \u00abEst\u00e1n queriendo cocinar una privatizaci\u00f3n. En Mercedes no s\u00f3lo no llegan gran cantidad de trenes sino que ni siquiera hay boleter\u00edas para recargar el sistema Sube. Es una falta de predisposici\u00f3n pol\u00edtica porque m\u00e1quinas y trabajadores hay\u00bb.<\/p>\n<p><strong>Arnaldo Troncoso<\/strong>, trabajador del \u00e1rea el\u00e9ctrica del Sarmiento con base en Haedo, cree que hay una pol\u00edtica que se repite y es la de la privatizaci\u00f3n, con un enorme negocio detr\u00e1s que tiene que ver con los predios ferroviarios. \u00abQuieren impulsar el negocio de las grandes inmobiliarias. Eso est\u00e1 detr\u00e1s de la privatizaci\u00f3n\u00bb, apunta.<\/p>\n","protected":false},"excerpt":{"rendered":"<p>\u25a0 Usuarios y trabajadores se movilizan contra la baja de servicios. \u00abEst\u00e1n queriendo cocinar una privatizaci\u00f3n\u00bb, reclaman los trabajadores y remarcan que por intereses inmobiliarios van por los predios.<\/p>\n","protected":false},"author":16,"featured_media":131089,"comment_status":"closed","ping_status":"closed","sticky":false,"template":"","format":"standard","meta":{"footnotes":""},"categories":[3],"tags":[18199,1286,3661,1116,3760],"class_list":["post-134618","post","type-post","status-publish","format-standard","has-post-thumbnail","hentry","category-sociedad","tag-privatizacion","tag-reclamo","tag-servicio","tag-tren","tag-usuarios"],"yoast_head":"<!-- This site is optimized with the Yoast SEO plugin v27.4 - https:\/\/yoast.com\/product\/yoast-seo-wordpress\/ -->\n<title>Gobierno planea aumento del 50% en pasajes de ferrocarril: usuarios denuncian falta de apoyo al servicio<\/title>\n<meta name=\"robots\" content=\"index, follow, max-snippet:-1, max-image-preview:large, max-video-preview:-1\" \/>\n<link rel=\"canonical\" href=\"https:\/\/noticiasmercedinas.com\/site\/2024\/04\/22\/gobierno-planea-aumento-del-50-en-pasajes-de-ferrocarril-usuarios-denuncian-falta-de-apoyo-al-servicio\/\" \/>\n<meta property=\"og:locale\" content=\"es_ES\" \/>\n<meta property=\"og:type\" content=\"article\" \/>\n<meta property=\"og:title\" content=\"Gobierno planea aumento del 50% en pasajes de ferrocarril: usuarios denuncian falta de apoyo al servicio\" \/>\n<meta property=\"og:description\" content=\"\u25a0 Usuarios y trabajadores se movilizan contra la baja de servicios. &quot;Est\u00e1n queriendo cocinar una privatizaci\u00f3n&quot;, reclaman los trabajadores y remarcan que por intereses inmobiliarios van por los predios.\" \/>\n<meta property=\"og:url\" content=\"https:\/\/noticiasmercedinas.com\/site\/2024\/04\/22\/gobierno-planea-aumento-del-50-en-pasajes-de-ferrocarril-usuarios-denuncian-falta-de-apoyo-al-servicio\/\" \/>\n<meta property=\"og:site_name\" content=\"NOTICIASMERCEDINAS.COM\" \/>\n<meta property=\"article:publisher\" content=\"https:\/\/www.facebook.com\/noticiasmercedinas\/\" \/>\n<meta property=\"article:published_time\" content=\"2024-04-22T22:32:50+00:00\" \/>\n<meta property=\"og:image\" content=\"https:\/\/noticiasmercedinas.com\/site\/wp-content\/uploads\/2024\/02\/TRENES1.jpg\" \/>\n\t<meta property=\"og:image:width\" content=\"640\" \/>\n\t<meta property=\"og:image:height\" content=\"379\" \/>\n\t<meta property=\"og:image:type\" content=\"image\/jpeg\" \/>\n<meta name=\"author\" content=\"NOTICIASMERCEDINAS.COM\" \/>\n<meta name=\"twitter:card\" content=\"summary_large_image\" \/>\n<meta name=\"twitter:creator\" content=\"@notmercedinas\" \/>\n<meta name=\"twitter:site\" content=\"@notmercedinas\" \/>\n<meta name=\"twitter:label1\" content=\"Escrito por\" \/>\n\t<meta name=\"twitter:data1\" content=\"NOTICIASMERCEDINAS.COM\" \/>\n\t<meta name=\"twitter:label2\" content=\"Tiempo de lectura\" \/>\n\t<meta name=\"twitter:data2\" content=\"3 minutos\" \/>\n<script type=\"application\/ld+json\" class=\"yoast-schema-graph\">{\"@context\":\"https:\\\/\\\/schema.org\",\"@graph\":[{\"@type\":\"Article\",\"@id\":\"https:\\\/\\\/noticiasmercedinas.com\\\/site\\\/2024\\\/04\\\/22\\\/gobierno-planea-aumento-del-50-en-pasajes-de-ferrocarril-usuarios-denuncian-falta-de-apoyo-al-servicio\\\/#article\",\"isPartOf\":{\"@id\":\"https:\\\/\\\/noticiasmercedinas.com\\\/site\\\/2024\\\/04\\\/22\\\/gobierno-planea-aumento-del-50-en-pasajes-de-ferrocarril-usuarios-denuncian-falta-de-apoyo-al-servicio\\\/\"},\"author\":{\"name\":\"NOTICIASMERCEDINAS.COM\",\"@id\":\"https:\\\/\\\/noticiasmercedinas.com\\\/site\\\/#\\\/schema\\\/person\\\/84b59c099c28ff2e8b77d4ceec5d8063\"},\"headline\":\"Gobierno planea aumento del 50% en pasajes de ferrocarril: usuarios denuncian falta de apoyo al servicio\",\"datePublished\":\"2024-04-22T22:32:50+00:00\",\"mainEntityOfPage\":{\"@id\":\"https:\\\/\\\/noticiasmercedinas.com\\\/site\\\/2024\\\/04\\\/22\\\/gobierno-planea-aumento-del-50-en-pasajes-de-ferrocarril-usuarios-denuncian-falta-de-apoyo-al-servicio\\\/\"},\"wordCount\":460,\"publisher\":{\"@id\":\"https:\\\/\\\/noticiasmercedinas.com\\\/site\\\/#organization\"},\"image\":{\"@id\":\"https:\\\/\\\/noticiasmercedinas.com\\\/site\\\/2024\\\/04\\\/22\\\/gobierno-planea-aumento-del-50-en-pasajes-de-ferrocarril-usuarios-denuncian-falta-de-apoyo-al-servicio\\\/#primaryimage\"},\"thumbnailUrl\":\"https:\\\/\\\/noticiasmercedinas.com\\\/site\\\/wp-content\\\/uploads\\\/2024\\\/02\\\/TRENES1.jpg\",\"keywords\":[\"privatizacion\",\"reclamo\",\"servicio\",\"Tren\",\"usuarios\"],\"articleSection\":[\"Sociedad\"],\"inLanguage\":\"es\"},{\"@type\":\"WebPage\",\"@id\":\"https:\\\/\\\/noticiasmercedinas.com\\\/site\\\/2024\\\/04\\\/22\\\/gobierno-planea-aumento-del-50-en-pasajes-de-ferrocarril-usuarios-denuncian-falta-de-apoyo-al-servicio\\\/\",\"url\":\"https:\\\/\\\/noticiasmercedinas.com\\\/site\\\/2024\\\/04\\\/22\\\/gobierno-planea-aumento-del-50-en-pasajes-de-ferrocarril-usuarios-denuncian-falta-de-apoyo-al-servicio\\\/\",\"name\":\"Gobierno planea aumento del 50% en pasajes de ferrocarril: usuarios denuncian falta de apoyo al servicio\",\"isPartOf\":{\"@id\":\"https:\\\/\\\/noticiasmercedinas.com\\\/site\\\/#website\"},\"primaryImageOfPage\":{\"@id\":\"https:\\\/\\\/noticiasmercedinas.com\\\/site\\\/2024\\\/04\\\/22\\\/gobierno-planea-aumento-del-50-en-pasajes-de-ferrocarril-usuarios-denuncian-falta-de-apoyo-al-servicio\\\/#primaryimage\"},\"image\":{\"@id\":\"https:\\\/\\\/noticiasmercedinas.com\\\/site\\\/2024\\\/04\\\/22\\\/gobierno-planea-aumento-del-50-en-pasajes-de-ferrocarril-usuarios-denuncian-falta-de-apoyo-al-servicio\\\/#primaryimage\"},\"thumbnailUrl\":\"https:\\\/\\\/noticiasmercedinas.com\\\/site\\\/wp-content\\\/uploads\\\/2024\\\/02\\\/TRENES1.jpg\",\"datePublished\":\"2024-04-22T22:32:50+00:00\",\"breadcrumb\":{\"@id\":\"https:\\\/\\\/noticiasmercedinas.com\\\/site\\\/2024\\\/04\\\/22\\\/gobierno-planea-aumento-del-50-en-pasajes-de-ferrocarril-usuarios-denuncian-falta-de-apoyo-al-servicio\\\/#breadcrumb\"},\"inLanguage\":\"es\",\"potentialAction\":[{\"@type\":\"ReadAction\",\"target\":[\"https:\\\/\\\/noticiasmercedinas.com\\\/site\\\/2024\\\/04\\\/22\\\/gobierno-planea-aumento-del-50-en-pasajes-de-ferrocarril-usuarios-denuncian-falta-de-apoyo-al-servicio\\\/\"]}]},{\"@type\":\"ImageObject\",\"inLanguage\":\"es\",\"@id\":\"https:\\\/\\\/noticiasmercedinas.com\\\/site\\\/2024\\\/04\\\/22\\\/gobierno-planea-aumento-del-50-en-pasajes-de-ferrocarril-usuarios-denuncian-falta-de-apoyo-al-servicio\\\/#primaryimage\",\"url\":\"https:\\\/\\\/noticiasmercedinas.com\\\/site\\\/wp-content\\\/uploads\\\/2024\\\/02\\\/TRENES1.jpg\",\"contentUrl\":\"https:\\\/\\\/noticiasmercedinas.com\\\/site\\\/wp-content\\\/uploads\\\/2024\\\/02\\\/TRENES1.jpg\",\"width\":640,\"height\":379},{\"@type\":\"BreadcrumbList\",\"@id\":\"https:\\\/\\\/noticiasmercedinas.com\\\/site\\\/2024\\\/04\\\/22\\\/gobierno-planea-aumento-del-50-en-pasajes-de-ferrocarril-usuarios-denuncian-falta-de-apoyo-al-servicio\\\/#breadcrumb\",\"itemListElement\":[{\"@type\":\"ListItem\",\"position\":1,\"name\":\"Portada\",\"item\":\"https:\\\/\\\/noticiasmercedinas.com\\\/site\\\/\"},{\"@type\":\"ListItem\",\"position\":2,\"name\":\"Gobierno planea aumento del 50% en pasajes de ferrocarril: usuarios denuncian falta de apoyo al servicio\"}]},{\"@type\":\"WebSite\",\"@id\":\"https:\\\/\\\/noticiasmercedinas.com\\\/site\\\/#website\",\"url\":\"https:\\\/\\\/noticiasmercedinas.com\\\/site\\\/\",\"name\":\"NOTICIASMERCEDINAS.COM\",\"description\":\"Mercedes, Buenos Aires, Argentina\",\"publisher\":{\"@id\":\"https:\\\/\\\/noticiasmercedinas.com\\\/site\\\/#organization\"},\"potentialAction\":[{\"@type\":\"SearchAction\",\"target\":{\"@type\":\"EntryPoint\",\"urlTemplate\":\"https:\\\/\\\/noticiasmercedinas.com\\\/site\\\/?s={search_term_string}\"},\"query-input\":{\"@type\":\"PropertyValueSpecification\",\"valueRequired\":true,\"valueName\":\"search_term_string\"}}],\"inLanguage\":\"es\"},{\"@type\":\"Organization\",\"@id\":\"https:\\\/\\\/noticiasmercedinas.com\\\/site\\\/#organization\",\"name\":\"NOTICIASMERCEDINAS.COM\",\"url\":\"https:\\\/\\\/noticiasmercedinas.com\\\/site\\\/\",\"logo\":{\"@type\":\"ImageObject\",\"inLanguage\":\"es\",\"@id\":\"https:\\\/\\\/noticiasmercedinas.com\\\/site\\\/#\\\/schema\\\/logo\\\/image\\\/\",\"url\":\"https:\\\/\\\/noticiasmercedinas.com\\\/site\\\/wp-content\\\/uploads\\\/2020\\\/06\\\/LOGO-512.jpg\",\"contentUrl\":\"https:\\\/\\\/noticiasmercedinas.com\\\/site\\\/wp-content\\\/uploads\\\/2020\\\/06\\\/LOGO-512.jpg\",\"width\":512,\"height\":512,\"caption\":\"NOTICIASMERCEDINAS.COM\"},\"image\":{\"@id\":\"https:\\\/\\\/noticiasmercedinas.com\\\/site\\\/#\\\/schema\\\/logo\\\/image\\\/\"},\"sameAs\":[\"https:\\\/\\\/www.facebook.com\\\/noticiasmercedinas\\\/\",\"https:\\\/\\\/x.com\\\/notmercedinas\",\"https:\\\/\\\/www.instagram.com\\\/noticiasmercedinas\\\/\"]},{\"@type\":\"Person\",\"@id\":\"https:\\\/\\\/noticiasmercedinas.com\\\/site\\\/#\\\/schema\\\/person\\\/84b59c099c28ff2e8b77d4ceec5d8063\",\"name\":\"NOTICIASMERCEDINAS.COM\",\"image\":{\"@type\":\"ImageObject\",\"inLanguage\":\"es\",\"@id\":\"https:\\\/\\\/secure.gravatar.com\\\/avatar\\\/4dfbf16b4d17945bfb6341b2d19043457132fcf478a5ee04f42e959fd8f5df0a?s=96&d=mm&r=g\",\"url\":\"https:\\\/\\\/secure.gravatar.com\\\/avatar\\\/4dfbf16b4d17945bfb6341b2d19043457132fcf478a5ee04f42e959fd8f5df0a?s=96&d=mm&r=g\",\"contentUrl\":\"https:\\\/\\\/secure.gravatar.com\\\/avatar\\\/4dfbf16b4d17945bfb6341b2d19043457132fcf478a5ee04f42e959fd8f5df0a?s=96&d=mm&r=g\",\"caption\":\"NOTICIASMERCEDINAS.COM\"},\"url\":\"https:\\\/\\\/noticiasmercedinas.com\\\/site\\\/author\\\/anonimo\\\/\"}]}<\/script>\n<!-- \/ Yoast SEO plugin. -->","yoast_head_json":{"title":"Gobierno planea aumento del 50% en pasajes de ferrocarril: usuarios denuncian falta de apoyo al servicio","robots":{"index":"index","follow":"follow","max-snippet":"max-snippet:-1","max-image-preview":"max-image-preview:large","max-video-preview":"max-video-preview:-1"},"canonical":"https:\/\/noticiasmercedinas.com\/site\/2024\/04\/22\/gobierno-planea-aumento-del-50-en-pasajes-de-ferrocarril-usuarios-denuncian-falta-de-apoyo-al-servicio\/","og_locale":"es_ES","og_type":"article","og_title":"Gobierno planea aumento del 50% en pasajes de ferrocarril: usuarios denuncian falta de apoyo al servicio","og_description":"\u25a0 Usuarios y trabajadores se movilizan contra la baja de servicios. \"Est\u00e1n queriendo cocinar una privatizaci\u00f3n\", reclaman los trabajadores y remarcan que por intereses inmobiliarios van por los predios.","og_url":"https:\/\/noticiasmercedinas.com\/site\/2024\/04\/22\/gobierno-planea-aumento-del-50-en-pasajes-de-ferrocarril-usuarios-denuncian-falta-de-apoyo-al-servicio\/","og_site_name":"NOTICIASMERCEDINAS.COM","article_publisher":"https:\/\/www.facebook.com\/noticiasmercedinas\/","article_published_time":"2024-04-22T22:32:50+00:00","og_image":[{"width":640,"height":379,"url":"https:\/\/noticiasmercedinas.com\/site\/wp-content\/uploads\/2024\/02\/TRENES1.jpg","type":"image\/jpeg"}],"author":"NOTICIASMERCEDINAS.COM","twitter_card":"summary_large_image","twitter_creator":"@notmercedinas","twitter_site":"@notmercedinas","twitter_misc":{"Escrito por":"NOTICIASMERCEDINAS.COM","Tiempo de lectura":"3 minutos"},"schema":{"@context":"https:\/\/schema.org","@graph":[{"@type":"Article","@id":"https:\/\/noticiasmercedinas.com\/site\/2024\/04\/22\/gobierno-planea-aumento-del-50-en-pasajes-de-ferrocarril-usuarios-denuncian-falta-de-apoyo-al-servicio\/#article","isPartOf":{"@id":"https:\/\/noticiasmercedinas.com\/site\/2024\/04\/22\/gobierno-planea-aumento-del-50-en-pasajes-de-ferrocarril-usuarios-denuncian-falta-de-apoyo-al-servicio\/"},"author":{"name":"NOTICIASMERCEDINAS.COM","@id":"https:\/\/noticiasmercedinas.com\/site\/#\/schema\/person\/84b59c099c28ff2e8b77d4ceec5d8063"},"headline":"Gobierno planea aumento del 50% en pasajes de ferrocarril: usuarios denuncian falta de apoyo al servicio","datePublished":"2024-04-22T22:32:50+00:00","mainEntityOfPage":{"@id":"https:\/\/noticiasmercedinas.com\/site\/2024\/04\/22\/gobierno-planea-aumento-del-50-en-pasajes-de-ferrocarril-usuarios-denuncian-falta-de-apoyo-al-servicio\/"},"wordCount":460,"publisher":{"@id":"https:\/\/noticiasmercedinas.com\/site\/#organization"},"image":{"@id":"https:\/\/noticiasmercedinas.com\/site\/2024\/04\/22\/gobierno-planea-aumento-del-50-en-pasajes-de-ferrocarril-usuarios-denuncian-falta-de-apoyo-al-servicio\/#primaryimage"},"thumbnailUrl":"https:\/\/noticiasmercedinas.com\/site\/wp-content\/uploads\/2024\/02\/TRENES1.jpg","keywords":["privatizacion","reclamo","servicio","Tren","usuarios"],"articleSection":["Sociedad"],"inLanguage":"es"},{"@type":"WebPage","@id":"https:\/\/noticiasmercedinas.com\/site\/2024\/04\/22\/gobierno-planea-aumento-del-50-en-pasajes-de-ferrocarril-usuarios-denuncian-falta-de-apoyo-al-servicio\/","url":"https:\/\/noticiasmercedinas.com\/site\/2024\/04\/22\/gobierno-planea-aumento-del-50-en-pasajes-de-ferrocarril-usuarios-denuncian-falta-de-apoyo-al-servicio\/","name":"Gobierno planea aumento del 50% en pasajes de ferrocarril: usuarios denuncian falta de apoyo al servicio","isPartOf":{"@id":"https:\/\/noticiasmercedinas.com\/site\/#website"},"primaryImageOfPage":{"@id":"https:\/\/noticiasmercedinas.com\/site\/2024\/04\/22\/gobierno-planea-aumento-del-50-en-pasajes-de-ferrocarril-usuarios-denuncian-falta-de-apoyo-al-servicio\/#primaryimage"},"image":{"@id":"https:\/\/noticiasmercedinas.com\/site\/2024\/04\/22\/gobierno-planea-aumento-del-50-en-pasajes-de-ferrocarril-usuarios-denuncian-falta-de-apoyo-al-servicio\/#primaryimage"},"thumbnailUrl":"https:\/\/noticiasmercedinas.com\/site\/wp-content\/uploads\/2024\/02\/TRENES1.jpg","datePublished":"2024-04-22T22:32:50+00:00","breadcrumb":{"@id":"https:\/\/noticiasmercedinas.com\/site\/2024\/04\/22\/gobierno-planea-aumento-del-50-en-pasajes-de-ferrocarril-usuarios-denuncian-falta-de-apoyo-al-servicio\/#breadcrumb"},"inLanguage":"es","potentialAction":[{"@type":"ReadAction","target":["https:\/\/noticiasmercedinas.com\/site\/2024\/04\/22\/gobierno-planea-aumento-del-50-en-pasajes-de-ferrocarril-usuarios-denuncian-falta-de-apoyo-al-servicio\/"]}]},{"@type":"ImageObject","inLanguage":"es","@id":"https:\/\/noticiasmercedinas.com\/site\/2024\/04\/22\/gobierno-planea-aumento-del-50-en-pasajes-de-ferrocarril-usuarios-denuncian-falta-de-apoyo-al-servicio\/#primaryimage","url":"https:\/\/noticiasmercedinas.com\/site\/wp-content\/uploads\/2024\/02\/TRENES1.jpg","contentUrl":"https:\/\/noticiasmercedinas.com\/site\/wp-content\/uploads\/2024\/02\/TRENES1.jpg","width":640,"height":379},{"@type":"BreadcrumbList","@id":"https:\/\/noticiasmercedinas.com\/site\/2024\/04\/22\/gobierno-planea-aumento-del-50-en-pasajes-de-ferrocarril-usuarios-denuncian-falta-de-apoyo-al-servicio\/#breadcrumb","itemListElement":[{"@type":"ListItem","position":1,"name":"Portada","item":"https:\/\/noticiasmercedinas.com\/site\/"},{"@type":"ListItem","position":2,"name":"Gobierno planea aumento del 50% en pasajes de ferrocarril: usuarios denuncian falta de apoyo al servicio"}]},{"@type":"WebSite","@id":"https:\/\/noticiasmercedinas.com\/site\/#website","url":"https:\/\/noticiasmercedinas.com\/site\/","name":"NOTICIASMERCEDINAS.COM","description":"Mercedes, Buenos Aires, Argentina","publisher":{"@id":"https:\/\/noticiasmercedinas.com\/site\/#organization"},"potentialAction":[{"@type":"SearchAction","target":{"@type":"EntryPoint","urlTemplate":"https:\/\/noticiasmercedinas.com\/site\/?s={search_term_string}"},"query-input":{"@type":"PropertyValueSpecification","valueRequired":true,"valueName":"search_term_string"}}],"inLanguage":"es"},{"@type":"Organization","@id":"https:\/\/noticiasmercedinas.com\/site\/#organization","name":"NOTICIASMERCEDINAS.COM","url":"https:\/\/noticiasmercedinas.com\/site\/","logo":{"@type":"ImageObject","inLanguage":"es","@id":"https:\/\/noticiasmercedinas.com\/site\/#\/schema\/logo\/image\/","url":"https:\/\/noticiasmercedinas.com\/site\/wp-content\/uploads\/2020\/06\/LOGO-512.jpg","contentUrl":"https:\/\/noticiasmercedinas.com\/site\/wp-content\/uploads\/2020\/06\/LOGO-512.jpg","width":512,"height":512,"caption":"NOTICIASMERCEDINAS.COM"},"image":{"@id":"https:\/\/noticiasmercedinas.com\/site\/#\/schema\/logo\/image\/"},"sameAs":["https:\/\/www.facebook.com\/noticiasmercedinas\/","https:\/\/x.com\/notmercedinas","https:\/\/www.instagram.com\/noticiasmercedinas\/"]},{"@type":"Person","@id":"https:\/\/noticiasmercedinas.com\/site\/#\/schema\/person\/84b59c099c28ff2e8b77d4ceec5d8063","name":"NOTICIASMERCEDINAS.COM","image":{"@type":"ImageObject","inLanguage":"es","@id":"https:\/\/secure.gravatar.com\/avatar\/4dfbf16b4d17945bfb6341b2d19043457132fcf478a5ee04f42e959fd8f5df0a?s=96&d=mm&r=g","url":"https:\/\/secure.gravatar.com\/avatar\/4dfbf16b4d17945bfb6341b2d19043457132fcf478a5ee04f42e959fd8f5df0a?s=96&d=mm&r=g","contentUrl":"https:\/\/secure.gravatar.com\/avatar\/4dfbf16b4d17945bfb6341b2d19043457132fcf478a5ee04f42e959fd8f5df0a?s=96&d=mm&r=g","caption":"NOTICIASMERCEDINAS.COM"},"url":"https:\/\/noticiasmercedinas.com\/site\/author\/anonimo\/"}]}},"amp_enabled":true,"_links":{"self":[{"href":"https:\/\/noticiasmercedinas.com\/site\/wp-json\/wp\/v2\/posts\/134618","targetHints":{"allow":["GET"]}}],"collection":[{"href":"https:\/\/noticiasmercedinas.com\/site\/wp-json\/wp\/v2\/posts"}],"about":[{"href":"https:\/\/noticiasmercedinas.com\/site\/wp-json\/wp\/v2\/types\/post"}],"author":[{"embeddable":true,"href":"https:\/\/noticiasmercedinas.com\/site\/wp-json\/wp\/v2\/users\/16"}],"replies":[{"embeddable":true,"href":"https:\/\/noticiasmercedinas.com\/site\/wp-json\/wp\/v2\/comments?post=134618"}],"version-history":[{"count":1,"href":"https:\/\/noticiasmercedinas.com\/site\/wp-json\/wp\/v2\/posts\/134618\/revisions"}],"predecessor-version":[{"id":134619,"href":"https:\/\/noticiasmercedinas.com\/site\/wp-json\/wp\/v2\/posts\/134618\/revisions\/134619"}],"wp:featuredmedia":[{"embeddable":true,"href":"https:\/\/noticiasmercedinas.com\/site\/wp-json\/wp\/v2\/media\/131089"}],"wp:attachment":[{"href":"https:\/\/noticiasmercedinas.com\/site\/wp-json\/wp\/v2\/media?parent=134618"}],"wp:term":[{"taxonomy":"category","embeddable":true,"href":"https:\/\/noticiasmercedinas.com\/site\/wp-json\/wp\/v2\/categories?post=134618"},{"taxonomy":"post_tag","embeddable":true,"href":"https:\/\/noticiasmercedinas.com\/site\/wp-json\/wp\/v2\/tags?post=134618"}],"curies":[{"name":"wp","href":"https:\/\/api.w.org\/{rel}","templated":true}]}}