{"id":134640,"date":"2024-04-23T09:16:51","date_gmt":"2024-04-23T12:16:51","guid":{"rendered":"https:\/\/noticiasmercedinas.com\/site\/?p=134640"},"modified":"2024-04-23T09:16:51","modified_gmt":"2024-04-23T12:16:51","slug":"s-o-s-habitat-lidera-la-lucha-contra-la-contaminacion-plastica-en-mercedes","status":"publish","type":"post","link":"https:\/\/noticiasmercedinas.com\/site\/2024\/04\/23\/s-o-s-habitat-lidera-la-lucha-contra-la-contaminacion-plastica-en-mercedes\/","title":{"rendered":"S.O.S H\u00e1bitat lidera la lucha contra la contaminaci\u00f3n pl\u00e1stica en Mercedes"},"content":{"rendered":"<p><img loading=\"lazy\" decoding=\"async\" class=\"alignnone size-full wp-image-134641\" src=\"https:\/\/noticiasmercedinas.com\/site\/wp-content\/uploads\/2024\/04\/IMG-20240421-WA0041.jpg\" alt=\"\" width=\"1600\" height=\"1200\" srcset=\"https:\/\/noticiasmercedinas.com\/site\/wp-content\/uploads\/2024\/04\/IMG-20240421-WA0041.jpg 1600w, https:\/\/noticiasmercedinas.com\/site\/wp-content\/uploads\/2024\/04\/IMG-20240421-WA0041-300x225.jpg 300w, https:\/\/noticiasmercedinas.com\/site\/wp-content\/uploads\/2024\/04\/IMG-20240421-WA0041-1024x768.jpg 1024w, https:\/\/noticiasmercedinas.com\/site\/wp-content\/uploads\/2024\/04\/IMG-20240421-WA0041-768x576.jpg 768w, https:\/\/noticiasmercedinas.com\/site\/wp-content\/uploads\/2024\/04\/IMG-20240421-WA0041-1536x1152.jpg 1536w, https:\/\/noticiasmercedinas.com\/site\/wp-content\/uploads\/2024\/04\/IMG-20240421-WA0041-80x60.jpg 80w, https:\/\/noticiasmercedinas.com\/site\/wp-content\/uploads\/2024\/04\/IMG-20240421-WA0041-160x120.jpg 160w, https:\/\/noticiasmercedinas.com\/site\/wp-content\/uploads\/2024\/04\/IMG-20240421-WA0041-100x75.jpg 100w, https:\/\/noticiasmercedinas.com\/site\/wp-content\/uploads\/2024\/04\/IMG-20240421-WA0041-200x150.jpg 200w, https:\/\/noticiasmercedinas.com\/site\/wp-content\/uploads\/2024\/04\/IMG-20240421-WA0041-180x135.jpg 180w, https:\/\/noticiasmercedinas.com\/site\/wp-content\/uploads\/2024\/04\/IMG-20240421-WA0041-360x270.jpg 360w, https:\/\/noticiasmercedinas.com\/site\/wp-content\/uploads\/2024\/04\/IMG-20240421-WA0041-238x178.jpg 238w, https:\/\/noticiasmercedinas.com\/site\/wp-content\/uploads\/2024\/04\/IMG-20240421-WA0041-476x356.jpg 476w, https:\/\/noticiasmercedinas.com\/site\/wp-content\/uploads\/2024\/04\/IMG-20240421-WA0041-640x480.jpg 640w, https:\/\/noticiasmercedinas.com\/site\/wp-content\/uploads\/2024\/04\/IMG-20240421-WA0041-1280x960.jpg 1280w, https:\/\/noticiasmercedinas.com\/site\/wp-content\/uploads\/2024\/04\/IMG-20240421-WA0041-681x511.jpg 681w, https:\/\/noticiasmercedinas.com\/site\/wp-content\/uploads\/2024\/04\/IMG-20240421-WA0041-1362x1022.jpg 1362w\" sizes=\"auto, (max-width: 1600px) 100vw, 1600px\" \/><\/p>\n<p>El grupo ambientalista S.O.S H\u00e1bitat, integrado por vecinos comprometidos con el cuidado del medio ambiente en Mercedes, llev\u00f3 a cabo una exitosa bicicleteada en conmemoraci\u00f3n del D\u00eda de la Tierra.<\/p>\n<p>La actividad se realiz\u00f3 el pasado 21 de abril y cont\u00f3 con la participaci\u00f3n activa de numerosos ciudadanos preocupados por la problem\u00e1tica ambiental. Durante el recorrido, que incluy\u00f3 la zona del canal de la 15, avenida Dorrego y el canal de la 113, los participantes recolectaron una importante cantidad de residuos, muchos de ellos compuestos por pl\u00e1sticos y ropa.<\/p>\n<p>\u00abEs ahora el momento para replantear lo que consumimos y su disposici\u00f3n final. O nos hacemos responsables de nuestros residuos o nos seguir\u00e1n tapando hasta dejarnos sin ambiente sano\u00bb, expresaron desde S.O.S H\u00e1bitat.<\/p>\n<p>La jornada estuvo marcada por el compromiso de los participantes con la preservaci\u00f3n del medio ambiente y la urgente necesidad de reducir el uso de pl\u00e1sticos en nuestra sociedad. En este sentido, el grupo hizo un llamado a la reflexi\u00f3n sobre el impacto que nuestras acciones tienen en el entorno natural y la importancia de adoptar h\u00e1bitos m\u00e1s sostenibles.<\/p>\n<p><img loading=\"lazy\" decoding=\"async\" class=\"alignnone size-full wp-image-134642\" src=\"https:\/\/noticiasmercedinas.com\/site\/wp-content\/uploads\/2024\/04\/IMG-20240421-WA0044-e1713874598249.jpg\" alt=\"\" width=\"898\" height=\"1248\" srcset=\"https:\/\/noticiasmercedinas.com\/site\/wp-content\/uploads\/2024\/04\/IMG-20240421-WA0044-e1713874598249.jpg 898w, https:\/\/noticiasmercedinas.com\/site\/wp-content\/uploads\/2024\/04\/IMG-20240421-WA0044-e1713874598249-216x300.jpg 216w, https:\/\/noticiasmercedinas.com\/site\/wp-content\/uploads\/2024\/04\/IMG-20240421-WA0044-e1713874598249-737x1024.jpg 737w, https:\/\/noticiasmercedinas.com\/site\/wp-content\/uploads\/2024\/04\/IMG-20240421-WA0044-e1713874598249-768x1067.jpg 768w, https:\/\/noticiasmercedinas.com\/site\/wp-content\/uploads\/2024\/04\/IMG-20240421-WA0044-e1713874598249-640x889.jpg 640w, https:\/\/noticiasmercedinas.com\/site\/wp-content\/uploads\/2024\/04\/IMG-20240421-WA0044-e1713874598249-681x946.jpg 681w\" sizes=\"auto, (max-width: 898px) 100vw, 898px\" \/><\/p>\n<p>&nbsp;<\/p>\n","protected":false},"excerpt":{"rendered":"<p>El grupo ambientalista S.O.S H\u00e1bitat, integrado por vecinos comprometidos con el cuidado del medio ambiente en Mercedes, llev\u00f3 a cabo una exitosa bicicleteada en conmemoraci\u00f3n del D\u00eda de la Tierra. La actividad se realiz\u00f3 el pasado 21 de abril y cont\u00f3 con la participaci\u00f3n activa de numerosos ciudadanos preocupados por la problem\u00e1tica ambiental. Durante el [&hellip;]<\/p>\n","protected":false},"author":16,"featured_media":134641,"comment_status":"closed","ping_status":"closed","sticky":false,"template":"","format":"standard","meta":{"footnotes":""},"categories":[5754],"tags":[4944,4470,1324,444],"class_list":["post-134640","post","type-post","status-publish","format-standard","has-post-thumbnail","hentry","category-medio-ambiente","tag-contaminacion","tag-dia-de-la-tierra","tag-plasticos","tag-sos-habitat"],"yoast_head":"<!-- This site is optimized with the Yoast SEO plugin v27.5 - https:\/\/yoast.com\/product\/yoast-seo-wordpress\/ -->\n<title>S.O.S H\u00e1bitat lidera la lucha contra la contaminaci\u00f3n pl\u00e1stica en Mercedes<\/title>\n<meta name=\"robots\" content=\"index, follow, max-snippet:-1, max-image-preview:large, max-video-preview:-1\" \/>\n<link rel=\"canonical\" href=\"https:\/\/noticiasmercedinas.com\/site\/2024\/04\/23\/s-o-s-habitat-lidera-la-lucha-contra-la-contaminacion-plastica-en-mercedes\/\" \/>\n<meta property=\"og:locale\" content=\"es_ES\" \/>\n<meta property=\"og:type\" content=\"article\" \/>\n<meta property=\"og:title\" content=\"S.O.S H\u00e1bitat lidera la lucha contra la contaminaci\u00f3n pl\u00e1stica en Mercedes\" \/>\n<meta property=\"og:description\" content=\"El grupo ambientalista S.O.S H\u00e1bitat, integrado por vecinos comprometidos con el cuidado del medio ambiente en Mercedes, llev\u00f3 a cabo una exitosa bicicleteada en conmemoraci\u00f3n del D\u00eda de la Tierra. La actividad se realiz\u00f3 el pasado 21 de abril y cont\u00f3 con la participaci\u00f3n activa de numerosos ciudadanos preocupados por la problem\u00e1tica ambiental. Durante el [&hellip;]\" \/>\n<meta property=\"og:url\" content=\"https:\/\/noticiasmercedinas.com\/site\/2024\/04\/23\/s-o-s-habitat-lidera-la-lucha-contra-la-contaminacion-plastica-en-mercedes\/\" \/>\n<meta property=\"og:site_name\" content=\"NOTICIASMERCEDINAS.COM\" \/>\n<meta property=\"article:publisher\" content=\"https:\/\/www.facebook.com\/noticiasmercedinas\/\" \/>\n<meta property=\"article:published_time\" content=\"2024-04-23T12:16:51+00:00\" \/>\n<meta property=\"og:image\" content=\"https:\/\/noticiasmercedinas.com\/site\/wp-content\/uploads\/2024\/04\/IMG-20240421-WA0041.jpg\" \/>\n\t<meta property=\"og:image:width\" content=\"1600\" \/>\n\t<meta property=\"og:image:height\" content=\"1200\" \/>\n\t<meta property=\"og:image:type\" content=\"image\/jpeg\" \/>\n<meta name=\"author\" content=\"NOTICIASMERCEDINAS.COM\" \/>\n<meta name=\"twitter:card\" content=\"summary_large_image\" \/>\n<meta name=\"twitter:creator\" content=\"@notmercedinas\" \/>\n<meta name=\"twitter:site\" content=\"@notmercedinas\" \/>\n<meta name=\"twitter:label1\" content=\"Escrito por\" \/>\n\t<meta name=\"twitter:data1\" content=\"NOTICIASMERCEDINAS.COM\" \/>\n\t<meta name=\"twitter:label2\" content=\"Tiempo de lectura\" \/>\n\t<meta name=\"twitter:data2\" content=\"2 minutos\" \/>\n<script type=\"application\/ld+json\" class=\"yoast-schema-graph\">{\"@context\":\"https:\\\/\\\/schema.org\",\"@graph\":[{\"@type\":\"Article\",\"@id\":\"https:\\\/\\\/noticiasmercedinas.com\\\/site\\\/2024\\\/04\\\/23\\\/s-o-s-habitat-lidera-la-lucha-contra-la-contaminacion-plastica-en-mercedes\\\/#article\",\"isPartOf\":{\"@id\":\"https:\\\/\\\/noticiasmercedinas.com\\\/site\\\/2024\\\/04\\\/23\\\/s-o-s-habitat-lidera-la-lucha-contra-la-contaminacion-plastica-en-mercedes\\\/\"},\"author\":{\"name\":\"NOTICIASMERCEDINAS.COM\",\"@id\":\"https:\\\/\\\/noticiasmercedinas.com\\\/site\\\/#\\\/schema\\\/person\\\/84b59c099c28ff2e8b77d4ceec5d8063\"},\"headline\":\"S.O.S H\u00e1bitat lidera la lucha contra la contaminaci\u00f3n pl\u00e1stica en Mercedes\",\"datePublished\":\"2024-04-23T12:16:51+00:00\",\"mainEntityOfPage\":{\"@id\":\"https:\\\/\\\/noticiasmercedinas.com\\\/site\\\/2024\\\/04\\\/23\\\/s-o-s-habitat-lidera-la-lucha-contra-la-contaminacion-plastica-en-mercedes\\\/\"},\"wordCount\":213,\"publisher\":{\"@id\":\"https:\\\/\\\/noticiasmercedinas.com\\\/site\\\/#organization\"},\"image\":{\"@id\":\"https:\\\/\\\/noticiasmercedinas.com\\\/site\\\/2024\\\/04\\\/23\\\/s-o-s-habitat-lidera-la-lucha-contra-la-contaminacion-plastica-en-mercedes\\\/#primaryimage\"},\"thumbnailUrl\":\"https:\\\/\\\/noticiasmercedinas.com\\\/site\\\/wp-content\\\/uploads\\\/2024\\\/04\\\/IMG-20240421-WA0041.jpg\",\"keywords\":[\"contaminacion\",\"dia de la tierra\",\"pl\u00e1sticos\",\"sos habitat\"],\"articleSection\":[\"Ambiente\"],\"inLanguage\":\"es\"},{\"@type\":\"WebPage\",\"@id\":\"https:\\\/\\\/noticiasmercedinas.com\\\/site\\\/2024\\\/04\\\/23\\\/s-o-s-habitat-lidera-la-lucha-contra-la-contaminacion-plastica-en-mercedes\\\/\",\"url\":\"https:\\\/\\\/noticiasmercedinas.com\\\/site\\\/2024\\\/04\\\/23\\\/s-o-s-habitat-lidera-la-lucha-contra-la-contaminacion-plastica-en-mercedes\\\/\",\"name\":\"S.O.S H\u00e1bitat lidera la lucha contra la contaminaci\u00f3n pl\u00e1stica en Mercedes\",\"isPartOf\":{\"@id\":\"https:\\\/\\\/noticiasmercedinas.com\\\/site\\\/#website\"},\"primaryImageOfPage\":{\"@id\":\"https:\\\/\\\/noticiasmercedinas.com\\\/site\\\/2024\\\/04\\\/23\\\/s-o-s-habitat-lidera-la-lucha-contra-la-contaminacion-plastica-en-mercedes\\\/#primaryimage\"},\"image\":{\"@id\":\"https:\\\/\\\/noticiasmercedinas.com\\\/site\\\/2024\\\/04\\\/23\\\/s-o-s-habitat-lidera-la-lucha-contra-la-contaminacion-plastica-en-mercedes\\\/#primaryimage\"},\"thumbnailUrl\":\"https:\\\/\\\/noticiasmercedinas.com\\\/site\\\/wp-content\\\/uploads\\\/2024\\\/04\\\/IMG-20240421-WA0041.jpg\",\"datePublished\":\"2024-04-23T12:16:51+00:00\",\"breadcrumb\":{\"@id\":\"https:\\\/\\\/noticiasmercedinas.com\\\/site\\\/2024\\\/04\\\/23\\\/s-o-s-habitat-lidera-la-lucha-contra-la-contaminacion-plastica-en-mercedes\\\/#breadcrumb\"},\"inLanguage\":\"es\",\"potentialAction\":[{\"@type\":\"ReadAction\",\"target\":[\"https:\\\/\\\/noticiasmercedinas.com\\\/site\\\/2024\\\/04\\\/23\\\/s-o-s-habitat-lidera-la-lucha-contra-la-contaminacion-plastica-en-mercedes\\\/\"]}]},{\"@type\":\"ImageObject\",\"inLanguage\":\"es\",\"@id\":\"https:\\\/\\\/noticiasmercedinas.com\\\/site\\\/2024\\\/04\\\/23\\\/s-o-s-habitat-lidera-la-lucha-contra-la-contaminacion-plastica-en-mercedes\\\/#primaryimage\",\"url\":\"https:\\\/\\\/noticiasmercedinas.com\\\/site\\\/wp-content\\\/uploads\\\/2024\\\/04\\\/IMG-20240421-WA0041.jpg\",\"contentUrl\":\"https:\\\/\\\/noticiasmercedinas.com\\\/site\\\/wp-content\\\/uploads\\\/2024\\\/04\\\/IMG-20240421-WA0041.jpg\",\"width\":1600,\"height\":1200},{\"@type\":\"BreadcrumbList\",\"@id\":\"https:\\\/\\\/noticiasmercedinas.com\\\/site\\\/2024\\\/04\\\/23\\\/s-o-s-habitat-lidera-la-lucha-contra-la-contaminacion-plastica-en-mercedes\\\/#breadcrumb\",\"itemListElement\":[{\"@type\":\"ListItem\",\"position\":1,\"name\":\"Portada\",\"item\":\"https:\\\/\\\/noticiasmercedinas.com\\\/site\\\/\"},{\"@type\":\"ListItem\",\"position\":2,\"name\":\"S.O.S H\u00e1bitat lidera la lucha contra la contaminaci\u00f3n pl\u00e1stica en Mercedes\"}]},{\"@type\":\"WebSite\",\"@id\":\"https:\\\/\\\/noticiasmercedinas.com\\\/site\\\/#website\",\"url\":\"https:\\\/\\\/noticiasmercedinas.com\\\/site\\\/\",\"name\":\"NOTICIASMERCEDINAS.COM\",\"description\":\"Mercedes, Buenos Aires, Argentina\",\"publisher\":{\"@id\":\"https:\\\/\\\/noticiasmercedinas.com\\\/site\\\/#organization\"},\"potentialAction\":[{\"@type\":\"SearchAction\",\"target\":{\"@type\":\"EntryPoint\",\"urlTemplate\":\"https:\\\/\\\/noticiasmercedinas.com\\\/site\\\/?s={search_term_string}\"},\"query-input\":{\"@type\":\"PropertyValueSpecification\",\"valueRequired\":true,\"valueName\":\"search_term_string\"}}],\"inLanguage\":\"es\"},{\"@type\":\"Organization\",\"@id\":\"https:\\\/\\\/noticiasmercedinas.com\\\/site\\\/#organization\",\"name\":\"NOTICIASMERCEDINAS.COM\",\"url\":\"https:\\\/\\\/noticiasmercedinas.com\\\/site\\\/\",\"logo\":{\"@type\":\"ImageObject\",\"inLanguage\":\"es\",\"@id\":\"https:\\\/\\\/noticiasmercedinas.com\\\/site\\\/#\\\/schema\\\/logo\\\/image\\\/\",\"url\":\"https:\\\/\\\/noticiasmercedinas.com\\\/site\\\/wp-content\\\/uploads\\\/2020\\\/06\\\/LOGO-512.jpg\",\"contentUrl\":\"https:\\\/\\\/noticiasmercedinas.com\\\/site\\\/wp-content\\\/uploads\\\/2020\\\/06\\\/LOGO-512.jpg\",\"width\":512,\"height\":512,\"caption\":\"NOTICIASMERCEDINAS.COM\"},\"image\":{\"@id\":\"https:\\\/\\\/noticiasmercedinas.com\\\/site\\\/#\\\/schema\\\/logo\\\/image\\\/\"},\"sameAs\":[\"https:\\\/\\\/www.facebook.com\\\/noticiasmercedinas\\\/\",\"https:\\\/\\\/x.com\\\/notmercedinas\",\"https:\\\/\\\/www.instagram.com\\\/noticiasmercedinas\\\/\"]},{\"@type\":\"Person\",\"@id\":\"https:\\\/\\\/noticiasmercedinas.com\\\/site\\\/#\\\/schema\\\/person\\\/84b59c099c28ff2e8b77d4ceec5d8063\",\"name\":\"NOTICIASMERCEDINAS.COM\",\"image\":{\"@type\":\"ImageObject\",\"inLanguage\":\"es\",\"@id\":\"https:\\\/\\\/secure.gravatar.com\\\/avatar\\\/4dfbf16b4d17945bfb6341b2d19043457132fcf478a5ee04f42e959fd8f5df0a?s=96&d=mm&r=g\",\"url\":\"https:\\\/\\\/secure.gravatar.com\\\/avatar\\\/4dfbf16b4d17945bfb6341b2d19043457132fcf478a5ee04f42e959fd8f5df0a?s=96&d=mm&r=g\",\"contentUrl\":\"https:\\\/\\\/secure.gravatar.com\\\/avatar\\\/4dfbf16b4d17945bfb6341b2d19043457132fcf478a5ee04f42e959fd8f5df0a?s=96&d=mm&r=g\",\"caption\":\"NOTICIASMERCEDINAS.COM\"},\"url\":\"https:\\\/\\\/noticiasmercedinas.com\\\/site\\\/author\\\/anonimo\\\/\"}]}<\/script>\n<!-- \/ Yoast SEO plugin. -->","yoast_head_json":{"title":"S.O.S H\u00e1bitat lidera la lucha contra la contaminaci\u00f3n pl\u00e1stica en Mercedes","robots":{"index":"index","follow":"follow","max-snippet":"max-snippet:-1","max-image-preview":"max-image-preview:large","max-video-preview":"max-video-preview:-1"},"canonical":"https:\/\/noticiasmercedinas.com\/site\/2024\/04\/23\/s-o-s-habitat-lidera-la-lucha-contra-la-contaminacion-plastica-en-mercedes\/","og_locale":"es_ES","og_type":"article","og_title":"S.O.S H\u00e1bitat lidera la lucha contra la contaminaci\u00f3n pl\u00e1stica en Mercedes","og_description":"El grupo ambientalista S.O.S H\u00e1bitat, integrado por vecinos comprometidos con el cuidado del medio ambiente en Mercedes, llev\u00f3 a cabo una exitosa bicicleteada en conmemoraci\u00f3n del D\u00eda de la Tierra. La actividad se realiz\u00f3 el pasado 21 de abril y cont\u00f3 con la participaci\u00f3n activa de numerosos ciudadanos preocupados por la problem\u00e1tica ambiental. Durante el [&hellip;]","og_url":"https:\/\/noticiasmercedinas.com\/site\/2024\/04\/23\/s-o-s-habitat-lidera-la-lucha-contra-la-contaminacion-plastica-en-mercedes\/","og_site_name":"NOTICIASMERCEDINAS.COM","article_publisher":"https:\/\/www.facebook.com\/noticiasmercedinas\/","article_published_time":"2024-04-23T12:16:51+00:00","og_image":[{"width":1600,"height":1200,"url":"https:\/\/noticiasmercedinas.com\/site\/wp-content\/uploads\/2024\/04\/IMG-20240421-WA0041.jpg","type":"image\/jpeg"}],"author":"NOTICIASMERCEDINAS.COM","twitter_card":"summary_large_image","twitter_creator":"@notmercedinas","twitter_site":"@notmercedinas","twitter_misc":{"Escrito por":"NOTICIASMERCEDINAS.COM","Tiempo de lectura":"2 minutos"},"schema":{"@context":"https:\/\/schema.org","@graph":[{"@type":"Article","@id":"https:\/\/noticiasmercedinas.com\/site\/2024\/04\/23\/s-o-s-habitat-lidera-la-lucha-contra-la-contaminacion-plastica-en-mercedes\/#article","isPartOf":{"@id":"https:\/\/noticiasmercedinas.com\/site\/2024\/04\/23\/s-o-s-habitat-lidera-la-lucha-contra-la-contaminacion-plastica-en-mercedes\/"},"author":{"name":"NOTICIASMERCEDINAS.COM","@id":"https:\/\/noticiasmercedinas.com\/site\/#\/schema\/person\/84b59c099c28ff2e8b77d4ceec5d8063"},"headline":"S.O.S H\u00e1bitat lidera la lucha contra la contaminaci\u00f3n pl\u00e1stica en Mercedes","datePublished":"2024-04-23T12:16:51+00:00","mainEntityOfPage":{"@id":"https:\/\/noticiasmercedinas.com\/site\/2024\/04\/23\/s-o-s-habitat-lidera-la-lucha-contra-la-contaminacion-plastica-en-mercedes\/"},"wordCount":213,"publisher":{"@id":"https:\/\/noticiasmercedinas.com\/site\/#organization"},"image":{"@id":"https:\/\/noticiasmercedinas.com\/site\/2024\/04\/23\/s-o-s-habitat-lidera-la-lucha-contra-la-contaminacion-plastica-en-mercedes\/#primaryimage"},"thumbnailUrl":"https:\/\/noticiasmercedinas.com\/site\/wp-content\/uploads\/2024\/04\/IMG-20240421-WA0041.jpg","keywords":["contaminacion","dia de la tierra","pl\u00e1sticos","sos habitat"],"articleSection":["Ambiente"],"inLanguage":"es"},{"@type":"WebPage","@id":"https:\/\/noticiasmercedinas.com\/site\/2024\/04\/23\/s-o-s-habitat-lidera-la-lucha-contra-la-contaminacion-plastica-en-mercedes\/","url":"https:\/\/noticiasmercedinas.com\/site\/2024\/04\/23\/s-o-s-habitat-lidera-la-lucha-contra-la-contaminacion-plastica-en-mercedes\/","name":"S.O.S H\u00e1bitat lidera la lucha contra la contaminaci\u00f3n pl\u00e1stica en Mercedes","isPartOf":{"@id":"https:\/\/noticiasmercedinas.com\/site\/#website"},"primaryImageOfPage":{"@id":"https:\/\/noticiasmercedinas.com\/site\/2024\/04\/23\/s-o-s-habitat-lidera-la-lucha-contra-la-contaminacion-plastica-en-mercedes\/#primaryimage"},"image":{"@id":"https:\/\/noticiasmercedinas.com\/site\/2024\/04\/23\/s-o-s-habitat-lidera-la-lucha-contra-la-contaminacion-plastica-en-mercedes\/#primaryimage"},"thumbnailUrl":"https:\/\/noticiasmercedinas.com\/site\/wp-content\/uploads\/2024\/04\/IMG-20240421-WA0041.jpg","datePublished":"2024-04-23T12:16:51+00:00","breadcrumb":{"@id":"https:\/\/noticiasmercedinas.com\/site\/2024\/04\/23\/s-o-s-habitat-lidera-la-lucha-contra-la-contaminacion-plastica-en-mercedes\/#breadcrumb"},"inLanguage":"es","potentialAction":[{"@type":"ReadAction","target":["https:\/\/noticiasmercedinas.com\/site\/2024\/04\/23\/s-o-s-habitat-lidera-la-lucha-contra-la-contaminacion-plastica-en-mercedes\/"]}]},{"@type":"ImageObject","inLanguage":"es","@id":"https:\/\/noticiasmercedinas.com\/site\/2024\/04\/23\/s-o-s-habitat-lidera-la-lucha-contra-la-contaminacion-plastica-en-mercedes\/#primaryimage","url":"https:\/\/noticiasmercedinas.com\/site\/wp-content\/uploads\/2024\/04\/IMG-20240421-WA0041.jpg","contentUrl":"https:\/\/noticiasmercedinas.com\/site\/wp-content\/uploads\/2024\/04\/IMG-20240421-WA0041.jpg","width":1600,"height":1200},{"@type":"BreadcrumbList","@id":"https:\/\/noticiasmercedinas.com\/site\/2024\/04\/23\/s-o-s-habitat-lidera-la-lucha-contra-la-contaminacion-plastica-en-mercedes\/#breadcrumb","itemListElement":[{"@type":"ListItem","position":1,"name":"Portada","item":"https:\/\/noticiasmercedinas.com\/site\/"},{"@type":"ListItem","position":2,"name":"S.O.S H\u00e1bitat lidera la lucha contra la contaminaci\u00f3n pl\u00e1stica en Mercedes"}]},{"@type":"WebSite","@id":"https:\/\/noticiasmercedinas.com\/site\/#website","url":"https:\/\/noticiasmercedinas.com\/site\/","name":"NOTICIASMERCEDINAS.COM","description":"Mercedes, Buenos Aires, Argentina","publisher":{"@id":"https:\/\/noticiasmercedinas.com\/site\/#organization"},"potentialAction":[{"@type":"SearchAction","target":{"@type":"EntryPoint","urlTemplate":"https:\/\/noticiasmercedinas.com\/site\/?s={search_term_string}"},"query-input":{"@type":"PropertyValueSpecification","valueRequired":true,"valueName":"search_term_string"}}],"inLanguage":"es"},{"@type":"Organization","@id":"https:\/\/noticiasmercedinas.com\/site\/#organization","name":"NOTICIASMERCEDINAS.COM","url":"https:\/\/noticiasmercedinas.com\/site\/","logo":{"@type":"ImageObject","inLanguage":"es","@id":"https:\/\/noticiasmercedinas.com\/site\/#\/schema\/logo\/image\/","url":"https:\/\/noticiasmercedinas.com\/site\/wp-content\/uploads\/2020\/06\/LOGO-512.jpg","contentUrl":"https:\/\/noticiasmercedinas.com\/site\/wp-content\/uploads\/2020\/06\/LOGO-512.jpg","width":512,"height":512,"caption":"NOTICIASMERCEDINAS.COM"},"image":{"@id":"https:\/\/noticiasmercedinas.com\/site\/#\/schema\/logo\/image\/"},"sameAs":["https:\/\/www.facebook.com\/noticiasmercedinas\/","https:\/\/x.com\/notmercedinas","https:\/\/www.instagram.com\/noticiasmercedinas\/"]},{"@type":"Person","@id":"https:\/\/noticiasmercedinas.com\/site\/#\/schema\/person\/84b59c099c28ff2e8b77d4ceec5d8063","name":"NOTICIASMERCEDINAS.COM","image":{"@type":"ImageObject","inLanguage":"es","@id":"https:\/\/secure.gravatar.com\/avatar\/4dfbf16b4d17945bfb6341b2d19043457132fcf478a5ee04f42e959fd8f5df0a?s=96&d=mm&r=g","url":"https:\/\/secure.gravatar.com\/avatar\/4dfbf16b4d17945bfb6341b2d19043457132fcf478a5ee04f42e959fd8f5df0a?s=96&d=mm&r=g","contentUrl":"https:\/\/secure.gravatar.com\/avatar\/4dfbf16b4d17945bfb6341b2d19043457132fcf478a5ee04f42e959fd8f5df0a?s=96&d=mm&r=g","caption":"NOTICIASMERCEDINAS.COM"},"url":"https:\/\/noticiasmercedinas.com\/site\/author\/anonimo\/"}]}},"amp_enabled":true,"_links":{"self":[{"href":"https:\/\/noticiasmercedinas.com\/site\/wp-json\/wp\/v2\/posts\/134640","targetHints":{"allow":["GET"]}}],"collection":[{"href":"https:\/\/noticiasmercedinas.com\/site\/wp-json\/wp\/v2\/posts"}],"about":[{"href":"https:\/\/noticiasmercedinas.com\/site\/wp-json\/wp\/v2\/types\/post"}],"author":[{"embeddable":true,"href":"https:\/\/noticiasmercedinas.com\/site\/wp-json\/wp\/v2\/users\/16"}],"replies":[{"embeddable":true,"href":"https:\/\/noticiasmercedinas.com\/site\/wp-json\/wp\/v2\/comments?post=134640"}],"version-history":[{"count":1,"href":"https:\/\/noticiasmercedinas.com\/site\/wp-json\/wp\/v2\/posts\/134640\/revisions"}],"predecessor-version":[{"id":134643,"href":"https:\/\/noticiasmercedinas.com\/site\/wp-json\/wp\/v2\/posts\/134640\/revisions\/134643"}],"wp:featuredmedia":[{"embeddable":true,"href":"https:\/\/noticiasmercedinas.com\/site\/wp-json\/wp\/v2\/media\/134641"}],"wp:attachment":[{"href":"https:\/\/noticiasmercedinas.com\/site\/wp-json\/wp\/v2\/media?parent=134640"}],"wp:term":[{"taxonomy":"category","embeddable":true,"href":"https:\/\/noticiasmercedinas.com\/site\/wp-json\/wp\/v2\/categories?post=134640"},{"taxonomy":"post_tag","embeddable":true,"href":"https:\/\/noticiasmercedinas.com\/site\/wp-json\/wp\/v2\/tags?post=134640"}],"curies":[{"name":"wp","href":"https:\/\/api.w.org\/{rel}","templated":true}]}}