{"id":134737,"date":"2024-04-24T12:57:35","date_gmt":"2024-04-24T15:57:35","guid":{"rendered":"https:\/\/noticiasmercedinas.com\/site\/?p=134737"},"modified":"2024-04-24T16:36:15","modified_gmt":"2024-04-24T19:36:15","slug":"concejal-bozzini-lamenta-ausencia-de-la-libertad-avanza-en-reunion-sobre-banco-municipal-de-alimentos","status":"publish","type":"post","link":"https:\/\/noticiasmercedinas.com\/site\/2024\/04\/24\/concejal-bozzini-lamenta-ausencia-de-la-libertad-avanza-en-reunion-sobre-banco-municipal-de-alimentos\/","title":{"rendered":"Concejala Bozzini lamenta ausencia de La Libertad Avanza en reuni\u00f3n sobre Banco Municipal de Alimentos"},"content":{"rendered":"<p><img loading=\"lazy\" decoding=\"async\" class=\"alignnone size-full wp-image-134738\" src=\"https:\/\/noticiasmercedinas.com\/site\/wp-content\/uploads\/2024\/04\/IMG-20240424-WA0027.jpg\" alt=\"\" width=\"1080\" height=\"808\" srcset=\"https:\/\/noticiasmercedinas.com\/site\/wp-content\/uploads\/2024\/04\/IMG-20240424-WA0027.jpg 1080w, https:\/\/noticiasmercedinas.com\/site\/wp-content\/uploads\/2024\/04\/IMG-20240424-WA0027-300x224.jpg 300w, https:\/\/noticiasmercedinas.com\/site\/wp-content\/uploads\/2024\/04\/IMG-20240424-WA0027-1024x766.jpg 1024w, https:\/\/noticiasmercedinas.com\/site\/wp-content\/uploads\/2024\/04\/IMG-20240424-WA0027-768x575.jpg 768w, https:\/\/noticiasmercedinas.com\/site\/wp-content\/uploads\/2024\/04\/IMG-20240424-WA0027-80x60.jpg 80w, https:\/\/noticiasmercedinas.com\/site\/wp-content\/uploads\/2024\/04\/IMG-20240424-WA0027-160x120.jpg 160w, https:\/\/noticiasmercedinas.com\/site\/wp-content\/uploads\/2024\/04\/IMG-20240424-WA0027-100x75.jpg 100w, https:\/\/noticiasmercedinas.com\/site\/wp-content\/uploads\/2024\/04\/IMG-20240424-WA0027-200x150.jpg 200w, https:\/\/noticiasmercedinas.com\/site\/wp-content\/uploads\/2024\/04\/IMG-20240424-WA0027-180x135.jpg 180w, https:\/\/noticiasmercedinas.com\/site\/wp-content\/uploads\/2024\/04\/IMG-20240424-WA0027-360x270.jpg 360w, https:\/\/noticiasmercedinas.com\/site\/wp-content\/uploads\/2024\/04\/IMG-20240424-WA0027-238x178.jpg 238w, https:\/\/noticiasmercedinas.com\/site\/wp-content\/uploads\/2024\/04\/IMG-20240424-WA0027-476x356.jpg 476w, https:\/\/noticiasmercedinas.com\/site\/wp-content\/uploads\/2024\/04\/IMG-20240424-WA0027-640x479.jpg 640w, https:\/\/noticiasmercedinas.com\/site\/wp-content\/uploads\/2024\/04\/IMG-20240424-WA0027-681x509.jpg 681w\" sizes=\"auto, (max-width: 1080px) 100vw, 1080px\" \/><\/p>\n<p>En la reuni\u00f3n de la Comisi\u00f3n de Acci\u00f3n Social, convocada para discutir el proyecto del Banco Municipal de Alimentos, la ausencia de los concejales de La Libertad Avanza fue lamentada por la concejala <strong>Andrea Bozzini<\/strong>, del bloque FR &#8211; Uni\u00f3n por la Patria.<\/p>\n<p>\u00abQuiz\u00e1 por falta de experiencia en la labor parlamentaria, se hab\u00eda precisado en los medios que hab\u00eda sido tratado dicho expediente, lo cual no fue as\u00ed&#8230; pero bueno, estamos para aprender\u00bb, declar\u00f3 Bozzini, desmintiendo as\u00ed los comentarios previos de los concejales de La Libertad Avanza sobre el supuesto tratamiento del tema en la comisi\u00f3n semanas antes.<\/p>\n<p>La reuni\u00f3n cont\u00f3 con la presencia de la Secretaria de Desarrollo de la Comunidad <strong>Jorgelina Silva<\/strong>; <strong>Florencia Ferrarazo<\/strong>, licenciada en Nutrici\u00f3n e integrante del Programa Alimentario Municipal, y <strong>Mariano Silvera<\/strong>, Bromat\u00f3logo.<\/p>\n<p>Sin embargo, la ausencia de los concejales de La Libertad Avanza impidi\u00f3 un debate completo sobre el proyecto del Banco Municipal de Alimentos.<\/p>\n","protected":false},"excerpt":{"rendered":"<p>\u25a0 La reuni\u00f3n de Comisi\u00f3n cont\u00f3 con la Secretaria de Desarrollo de la Comunidad Jorgelina Silva, Florencia Ferrarazo, licenciada en Nutrici\u00f3n e integrante del Programa Alimentario Municipal, y Mariano Silvera, Bromat\u00f3logo<\/p>\n","protected":false},"author":16,"featured_media":134738,"comment_status":"closed","ping_status":"closed","sticky":false,"template":"","format":"standard","meta":{"footnotes":""},"categories":[16],"tags":[5424,18128,2087,243],"class_list":["post-134737","post","type-post","status-publish","format-standard","has-post-thumbnail","hentry","category-politica","tag-andrea-bozzini","tag-banco-de-alimentos","tag-comisiones","tag-concejo-deliberante"],"yoast_head":"<!-- This site is optimized with the Yoast SEO plugin v27.4 - https:\/\/yoast.com\/product\/yoast-seo-wordpress\/ -->\n<title>Concejala Bozzini lamenta ausencia de La Libertad Avanza en reuni\u00f3n sobre Banco Municipal de Alimentos<\/title>\n<meta name=\"robots\" content=\"index, follow, max-snippet:-1, max-image-preview:large, max-video-preview:-1\" \/>\n<link rel=\"canonical\" href=\"https:\/\/noticiasmercedinas.com\/site\/2024\/04\/24\/concejal-bozzini-lamenta-ausencia-de-la-libertad-avanza-en-reunion-sobre-banco-municipal-de-alimentos\/\" \/>\n<meta property=\"og:locale\" content=\"es_ES\" \/>\n<meta property=\"og:type\" content=\"article\" \/>\n<meta property=\"og:title\" content=\"Concejala Bozzini lamenta ausencia de La Libertad Avanza en reuni\u00f3n sobre Banco Municipal de Alimentos\" \/>\n<meta property=\"og:description\" content=\"\u25a0 La reuni\u00f3n de Comisi\u00f3n cont\u00f3 con la Secretaria de Desarrollo de la Comunidad Jorgelina Silva, Florencia Ferrarazo, licenciada en Nutrici\u00f3n e integrante del Programa Alimentario Municipal, y Mariano Silvera, Bromat\u00f3logo\" \/>\n<meta property=\"og:url\" content=\"https:\/\/noticiasmercedinas.com\/site\/2024\/04\/24\/concejal-bozzini-lamenta-ausencia-de-la-libertad-avanza-en-reunion-sobre-banco-municipal-de-alimentos\/\" \/>\n<meta property=\"og:site_name\" content=\"NOTICIASMERCEDINAS.COM\" \/>\n<meta property=\"article:publisher\" content=\"https:\/\/www.facebook.com\/noticiasmercedinas\/\" \/>\n<meta property=\"article:published_time\" content=\"2024-04-24T15:57:35+00:00\" \/>\n<meta property=\"article:modified_time\" content=\"2024-04-24T19:36:15+00:00\" \/>\n<meta property=\"og:image\" content=\"https:\/\/noticiasmercedinas.com\/site\/wp-content\/uploads\/2024\/04\/IMG-20240424-WA0027.jpg\" \/>\n\t<meta property=\"og:image:width\" content=\"1080\" \/>\n\t<meta property=\"og:image:height\" content=\"808\" \/>\n\t<meta property=\"og:image:type\" content=\"image\/jpeg\" \/>\n<meta name=\"author\" content=\"NOTICIASMERCEDINAS.COM\" \/>\n<meta name=\"twitter:card\" content=\"summary_large_image\" \/>\n<meta name=\"twitter:creator\" content=\"@notmercedinas\" \/>\n<meta name=\"twitter:site\" content=\"@notmercedinas\" \/>\n<meta name=\"twitter:label1\" content=\"Escrito por\" \/>\n\t<meta name=\"twitter:data1\" content=\"NOTICIASMERCEDINAS.COM\" \/>\n\t<meta name=\"twitter:label2\" content=\"Tiempo de lectura\" \/>\n\t<meta name=\"twitter:data2\" content=\"2 minutos\" \/>\n<script type=\"application\/ld+json\" class=\"yoast-schema-graph\">{\"@context\":\"https:\\\/\\\/schema.org\",\"@graph\":[{\"@type\":\"Article\",\"@id\":\"https:\\\/\\\/noticiasmercedinas.com\\\/site\\\/2024\\\/04\\\/24\\\/concejal-bozzini-lamenta-ausencia-de-la-libertad-avanza-en-reunion-sobre-banco-municipal-de-alimentos\\\/#article\",\"isPartOf\":{\"@id\":\"https:\\\/\\\/noticiasmercedinas.com\\\/site\\\/2024\\\/04\\\/24\\\/concejal-bozzini-lamenta-ausencia-de-la-libertad-avanza-en-reunion-sobre-banco-municipal-de-alimentos\\\/\"},\"author\":{\"name\":\"NOTICIASMERCEDINAS.COM\",\"@id\":\"https:\\\/\\\/noticiasmercedinas.com\\\/site\\\/#\\\/schema\\\/person\\\/84b59c099c28ff2e8b77d4ceec5d8063\"},\"headline\":\"Concejala Bozzini lamenta ausencia de La Libertad Avanza en reuni\u00f3n sobre Banco Municipal de Alimentos\",\"datePublished\":\"2024-04-24T15:57:35+00:00\",\"dateModified\":\"2024-04-24T19:36:15+00:00\",\"mainEntityOfPage\":{\"@id\":\"https:\\\/\\\/noticiasmercedinas.com\\\/site\\\/2024\\\/04\\\/24\\\/concejal-bozzini-lamenta-ausencia-de-la-libertad-avanza-en-reunion-sobre-banco-municipal-de-alimentos\\\/\"},\"wordCount\":179,\"publisher\":{\"@id\":\"https:\\\/\\\/noticiasmercedinas.com\\\/site\\\/#organization\"},\"image\":{\"@id\":\"https:\\\/\\\/noticiasmercedinas.com\\\/site\\\/2024\\\/04\\\/24\\\/concejal-bozzini-lamenta-ausencia-de-la-libertad-avanza-en-reunion-sobre-banco-municipal-de-alimentos\\\/#primaryimage\"},\"thumbnailUrl\":\"https:\\\/\\\/noticiasmercedinas.com\\\/site\\\/wp-content\\\/uploads\\\/2024\\\/04\\\/IMG-20240424-WA0027.jpg\",\"keywords\":[\"Andrea Bozzini\",\"banco de alimentos\",\"comisiones\",\"concejo deliberante\"],\"articleSection\":[\"Politica\"],\"inLanguage\":\"es\"},{\"@type\":\"WebPage\",\"@id\":\"https:\\\/\\\/noticiasmercedinas.com\\\/site\\\/2024\\\/04\\\/24\\\/concejal-bozzini-lamenta-ausencia-de-la-libertad-avanza-en-reunion-sobre-banco-municipal-de-alimentos\\\/\",\"url\":\"https:\\\/\\\/noticiasmercedinas.com\\\/site\\\/2024\\\/04\\\/24\\\/concejal-bozzini-lamenta-ausencia-de-la-libertad-avanza-en-reunion-sobre-banco-municipal-de-alimentos\\\/\",\"name\":\"Concejala Bozzini lamenta ausencia de La Libertad Avanza en reuni\u00f3n sobre Banco Municipal de Alimentos\",\"isPartOf\":{\"@id\":\"https:\\\/\\\/noticiasmercedinas.com\\\/site\\\/#website\"},\"primaryImageOfPage\":{\"@id\":\"https:\\\/\\\/noticiasmercedinas.com\\\/site\\\/2024\\\/04\\\/24\\\/concejal-bozzini-lamenta-ausencia-de-la-libertad-avanza-en-reunion-sobre-banco-municipal-de-alimentos\\\/#primaryimage\"},\"image\":{\"@id\":\"https:\\\/\\\/noticiasmercedinas.com\\\/site\\\/2024\\\/04\\\/24\\\/concejal-bozzini-lamenta-ausencia-de-la-libertad-avanza-en-reunion-sobre-banco-municipal-de-alimentos\\\/#primaryimage\"},\"thumbnailUrl\":\"https:\\\/\\\/noticiasmercedinas.com\\\/site\\\/wp-content\\\/uploads\\\/2024\\\/04\\\/IMG-20240424-WA0027.jpg\",\"datePublished\":\"2024-04-24T15:57:35+00:00\",\"dateModified\":\"2024-04-24T19:36:15+00:00\",\"breadcrumb\":{\"@id\":\"https:\\\/\\\/noticiasmercedinas.com\\\/site\\\/2024\\\/04\\\/24\\\/concejal-bozzini-lamenta-ausencia-de-la-libertad-avanza-en-reunion-sobre-banco-municipal-de-alimentos\\\/#breadcrumb\"},\"inLanguage\":\"es\",\"potentialAction\":[{\"@type\":\"ReadAction\",\"target\":[\"https:\\\/\\\/noticiasmercedinas.com\\\/site\\\/2024\\\/04\\\/24\\\/concejal-bozzini-lamenta-ausencia-de-la-libertad-avanza-en-reunion-sobre-banco-municipal-de-alimentos\\\/\"]}]},{\"@type\":\"ImageObject\",\"inLanguage\":\"es\",\"@id\":\"https:\\\/\\\/noticiasmercedinas.com\\\/site\\\/2024\\\/04\\\/24\\\/concejal-bozzini-lamenta-ausencia-de-la-libertad-avanza-en-reunion-sobre-banco-municipal-de-alimentos\\\/#primaryimage\",\"url\":\"https:\\\/\\\/noticiasmercedinas.com\\\/site\\\/wp-content\\\/uploads\\\/2024\\\/04\\\/IMG-20240424-WA0027.jpg\",\"contentUrl\":\"https:\\\/\\\/noticiasmercedinas.com\\\/site\\\/wp-content\\\/uploads\\\/2024\\\/04\\\/IMG-20240424-WA0027.jpg\",\"width\":1080,\"height\":808},{\"@type\":\"BreadcrumbList\",\"@id\":\"https:\\\/\\\/noticiasmercedinas.com\\\/site\\\/2024\\\/04\\\/24\\\/concejal-bozzini-lamenta-ausencia-de-la-libertad-avanza-en-reunion-sobre-banco-municipal-de-alimentos\\\/#breadcrumb\",\"itemListElement\":[{\"@type\":\"ListItem\",\"position\":1,\"name\":\"Portada\",\"item\":\"https:\\\/\\\/noticiasmercedinas.com\\\/site\\\/\"},{\"@type\":\"ListItem\",\"position\":2,\"name\":\"Concejala Bozzini lamenta ausencia de La Libertad Avanza en reuni\u00f3n sobre Banco Municipal de Alimentos\"}]},{\"@type\":\"WebSite\",\"@id\":\"https:\\\/\\\/noticiasmercedinas.com\\\/site\\\/#website\",\"url\":\"https:\\\/\\\/noticiasmercedinas.com\\\/site\\\/\",\"name\":\"NOTICIASMERCEDINAS.COM\",\"description\":\"Mercedes, Buenos Aires, Argentina\",\"publisher\":{\"@id\":\"https:\\\/\\\/noticiasmercedinas.com\\\/site\\\/#organization\"},\"potentialAction\":[{\"@type\":\"SearchAction\",\"target\":{\"@type\":\"EntryPoint\",\"urlTemplate\":\"https:\\\/\\\/noticiasmercedinas.com\\\/site\\\/?s={search_term_string}\"},\"query-input\":{\"@type\":\"PropertyValueSpecification\",\"valueRequired\":true,\"valueName\":\"search_term_string\"}}],\"inLanguage\":\"es\"},{\"@type\":\"Organization\",\"@id\":\"https:\\\/\\\/noticiasmercedinas.com\\\/site\\\/#organization\",\"name\":\"NOTICIASMERCEDINAS.COM\",\"url\":\"https:\\\/\\\/noticiasmercedinas.com\\\/site\\\/\",\"logo\":{\"@type\":\"ImageObject\",\"inLanguage\":\"es\",\"@id\":\"https:\\\/\\\/noticiasmercedinas.com\\\/site\\\/#\\\/schema\\\/logo\\\/image\\\/\",\"url\":\"https:\\\/\\\/noticiasmercedinas.com\\\/site\\\/wp-content\\\/uploads\\\/2020\\\/06\\\/LOGO-512.jpg\",\"contentUrl\":\"https:\\\/\\\/noticiasmercedinas.com\\\/site\\\/wp-content\\\/uploads\\\/2020\\\/06\\\/LOGO-512.jpg\",\"width\":512,\"height\":512,\"caption\":\"NOTICIASMERCEDINAS.COM\"},\"image\":{\"@id\":\"https:\\\/\\\/noticiasmercedinas.com\\\/site\\\/#\\\/schema\\\/logo\\\/image\\\/\"},\"sameAs\":[\"https:\\\/\\\/www.facebook.com\\\/noticiasmercedinas\\\/\",\"https:\\\/\\\/x.com\\\/notmercedinas\",\"https:\\\/\\\/www.instagram.com\\\/noticiasmercedinas\\\/\"]},{\"@type\":\"Person\",\"@id\":\"https:\\\/\\\/noticiasmercedinas.com\\\/site\\\/#\\\/schema\\\/person\\\/84b59c099c28ff2e8b77d4ceec5d8063\",\"name\":\"NOTICIASMERCEDINAS.COM\",\"image\":{\"@type\":\"ImageObject\",\"inLanguage\":\"es\",\"@id\":\"https:\\\/\\\/secure.gravatar.com\\\/avatar\\\/4dfbf16b4d17945bfb6341b2d19043457132fcf478a5ee04f42e959fd8f5df0a?s=96&d=mm&r=g\",\"url\":\"https:\\\/\\\/secure.gravatar.com\\\/avatar\\\/4dfbf16b4d17945bfb6341b2d19043457132fcf478a5ee04f42e959fd8f5df0a?s=96&d=mm&r=g\",\"contentUrl\":\"https:\\\/\\\/secure.gravatar.com\\\/avatar\\\/4dfbf16b4d17945bfb6341b2d19043457132fcf478a5ee04f42e959fd8f5df0a?s=96&d=mm&r=g\",\"caption\":\"NOTICIASMERCEDINAS.COM\"},\"url\":\"https:\\\/\\\/noticiasmercedinas.com\\\/site\\\/author\\\/anonimo\\\/\"}]}<\/script>\n<!-- \/ Yoast SEO plugin. -->","yoast_head_json":{"title":"Concejala Bozzini lamenta ausencia de La Libertad Avanza en reuni\u00f3n sobre Banco Municipal de Alimentos","robots":{"index":"index","follow":"follow","max-snippet":"max-snippet:-1","max-image-preview":"max-image-preview:large","max-video-preview":"max-video-preview:-1"},"canonical":"https:\/\/noticiasmercedinas.com\/site\/2024\/04\/24\/concejal-bozzini-lamenta-ausencia-de-la-libertad-avanza-en-reunion-sobre-banco-municipal-de-alimentos\/","og_locale":"es_ES","og_type":"article","og_title":"Concejala Bozzini lamenta ausencia de La Libertad Avanza en reuni\u00f3n sobre Banco Municipal de Alimentos","og_description":"\u25a0 La reuni\u00f3n de Comisi\u00f3n cont\u00f3 con la Secretaria de Desarrollo de la Comunidad Jorgelina Silva, Florencia Ferrarazo, licenciada en Nutrici\u00f3n e integrante del Programa Alimentario Municipal, y Mariano Silvera, Bromat\u00f3logo","og_url":"https:\/\/noticiasmercedinas.com\/site\/2024\/04\/24\/concejal-bozzini-lamenta-ausencia-de-la-libertad-avanza-en-reunion-sobre-banco-municipal-de-alimentos\/","og_site_name":"NOTICIASMERCEDINAS.COM","article_publisher":"https:\/\/www.facebook.com\/noticiasmercedinas\/","article_published_time":"2024-04-24T15:57:35+00:00","article_modified_time":"2024-04-24T19:36:15+00:00","og_image":[{"width":1080,"height":808,"url":"https:\/\/noticiasmercedinas.com\/site\/wp-content\/uploads\/2024\/04\/IMG-20240424-WA0027.jpg","type":"image\/jpeg"}],"author":"NOTICIASMERCEDINAS.COM","twitter_card":"summary_large_image","twitter_creator":"@notmercedinas","twitter_site":"@notmercedinas","twitter_misc":{"Escrito por":"NOTICIASMERCEDINAS.COM","Tiempo de lectura":"2 minutos"},"schema":{"@context":"https:\/\/schema.org","@graph":[{"@type":"Article","@id":"https:\/\/noticiasmercedinas.com\/site\/2024\/04\/24\/concejal-bozzini-lamenta-ausencia-de-la-libertad-avanza-en-reunion-sobre-banco-municipal-de-alimentos\/#article","isPartOf":{"@id":"https:\/\/noticiasmercedinas.com\/site\/2024\/04\/24\/concejal-bozzini-lamenta-ausencia-de-la-libertad-avanza-en-reunion-sobre-banco-municipal-de-alimentos\/"},"author":{"name":"NOTICIASMERCEDINAS.COM","@id":"https:\/\/noticiasmercedinas.com\/site\/#\/schema\/person\/84b59c099c28ff2e8b77d4ceec5d8063"},"headline":"Concejala Bozzini lamenta ausencia de La Libertad Avanza en reuni\u00f3n sobre Banco Municipal de Alimentos","datePublished":"2024-04-24T15:57:35+00:00","dateModified":"2024-04-24T19:36:15+00:00","mainEntityOfPage":{"@id":"https:\/\/noticiasmercedinas.com\/site\/2024\/04\/24\/concejal-bozzini-lamenta-ausencia-de-la-libertad-avanza-en-reunion-sobre-banco-municipal-de-alimentos\/"},"wordCount":179,"publisher":{"@id":"https:\/\/noticiasmercedinas.com\/site\/#organization"},"image":{"@id":"https:\/\/noticiasmercedinas.com\/site\/2024\/04\/24\/concejal-bozzini-lamenta-ausencia-de-la-libertad-avanza-en-reunion-sobre-banco-municipal-de-alimentos\/#primaryimage"},"thumbnailUrl":"https:\/\/noticiasmercedinas.com\/site\/wp-content\/uploads\/2024\/04\/IMG-20240424-WA0027.jpg","keywords":["Andrea Bozzini","banco de alimentos","comisiones","concejo deliberante"],"articleSection":["Politica"],"inLanguage":"es"},{"@type":"WebPage","@id":"https:\/\/noticiasmercedinas.com\/site\/2024\/04\/24\/concejal-bozzini-lamenta-ausencia-de-la-libertad-avanza-en-reunion-sobre-banco-municipal-de-alimentos\/","url":"https:\/\/noticiasmercedinas.com\/site\/2024\/04\/24\/concejal-bozzini-lamenta-ausencia-de-la-libertad-avanza-en-reunion-sobre-banco-municipal-de-alimentos\/","name":"Concejala Bozzini lamenta ausencia de La Libertad Avanza en reuni\u00f3n sobre Banco Municipal de Alimentos","isPartOf":{"@id":"https:\/\/noticiasmercedinas.com\/site\/#website"},"primaryImageOfPage":{"@id":"https:\/\/noticiasmercedinas.com\/site\/2024\/04\/24\/concejal-bozzini-lamenta-ausencia-de-la-libertad-avanza-en-reunion-sobre-banco-municipal-de-alimentos\/#primaryimage"},"image":{"@id":"https:\/\/noticiasmercedinas.com\/site\/2024\/04\/24\/concejal-bozzini-lamenta-ausencia-de-la-libertad-avanza-en-reunion-sobre-banco-municipal-de-alimentos\/#primaryimage"},"thumbnailUrl":"https:\/\/noticiasmercedinas.com\/site\/wp-content\/uploads\/2024\/04\/IMG-20240424-WA0027.jpg","datePublished":"2024-04-24T15:57:35+00:00","dateModified":"2024-04-24T19:36:15+00:00","breadcrumb":{"@id":"https:\/\/noticiasmercedinas.com\/site\/2024\/04\/24\/concejal-bozzini-lamenta-ausencia-de-la-libertad-avanza-en-reunion-sobre-banco-municipal-de-alimentos\/#breadcrumb"},"inLanguage":"es","potentialAction":[{"@type":"ReadAction","target":["https:\/\/noticiasmercedinas.com\/site\/2024\/04\/24\/concejal-bozzini-lamenta-ausencia-de-la-libertad-avanza-en-reunion-sobre-banco-municipal-de-alimentos\/"]}]},{"@type":"ImageObject","inLanguage":"es","@id":"https:\/\/noticiasmercedinas.com\/site\/2024\/04\/24\/concejal-bozzini-lamenta-ausencia-de-la-libertad-avanza-en-reunion-sobre-banco-municipal-de-alimentos\/#primaryimage","url":"https:\/\/noticiasmercedinas.com\/site\/wp-content\/uploads\/2024\/04\/IMG-20240424-WA0027.jpg","contentUrl":"https:\/\/noticiasmercedinas.com\/site\/wp-content\/uploads\/2024\/04\/IMG-20240424-WA0027.jpg","width":1080,"height":808},{"@type":"BreadcrumbList","@id":"https:\/\/noticiasmercedinas.com\/site\/2024\/04\/24\/concejal-bozzini-lamenta-ausencia-de-la-libertad-avanza-en-reunion-sobre-banco-municipal-de-alimentos\/#breadcrumb","itemListElement":[{"@type":"ListItem","position":1,"name":"Portada","item":"https:\/\/noticiasmercedinas.com\/site\/"},{"@type":"ListItem","position":2,"name":"Concejala Bozzini lamenta ausencia de La Libertad Avanza en reuni\u00f3n sobre Banco Municipal de Alimentos"}]},{"@type":"WebSite","@id":"https:\/\/noticiasmercedinas.com\/site\/#website","url":"https:\/\/noticiasmercedinas.com\/site\/","name":"NOTICIASMERCEDINAS.COM","description":"Mercedes, Buenos Aires, Argentina","publisher":{"@id":"https:\/\/noticiasmercedinas.com\/site\/#organization"},"potentialAction":[{"@type":"SearchAction","target":{"@type":"EntryPoint","urlTemplate":"https:\/\/noticiasmercedinas.com\/site\/?s={search_term_string}"},"query-input":{"@type":"PropertyValueSpecification","valueRequired":true,"valueName":"search_term_string"}}],"inLanguage":"es"},{"@type":"Organization","@id":"https:\/\/noticiasmercedinas.com\/site\/#organization","name":"NOTICIASMERCEDINAS.COM","url":"https:\/\/noticiasmercedinas.com\/site\/","logo":{"@type":"ImageObject","inLanguage":"es","@id":"https:\/\/noticiasmercedinas.com\/site\/#\/schema\/logo\/image\/","url":"https:\/\/noticiasmercedinas.com\/site\/wp-content\/uploads\/2020\/06\/LOGO-512.jpg","contentUrl":"https:\/\/noticiasmercedinas.com\/site\/wp-content\/uploads\/2020\/06\/LOGO-512.jpg","width":512,"height":512,"caption":"NOTICIASMERCEDINAS.COM"},"image":{"@id":"https:\/\/noticiasmercedinas.com\/site\/#\/schema\/logo\/image\/"},"sameAs":["https:\/\/www.facebook.com\/noticiasmercedinas\/","https:\/\/x.com\/notmercedinas","https:\/\/www.instagram.com\/noticiasmercedinas\/"]},{"@type":"Person","@id":"https:\/\/noticiasmercedinas.com\/site\/#\/schema\/person\/84b59c099c28ff2e8b77d4ceec5d8063","name":"NOTICIASMERCEDINAS.COM","image":{"@type":"ImageObject","inLanguage":"es","@id":"https:\/\/secure.gravatar.com\/avatar\/4dfbf16b4d17945bfb6341b2d19043457132fcf478a5ee04f42e959fd8f5df0a?s=96&d=mm&r=g","url":"https:\/\/secure.gravatar.com\/avatar\/4dfbf16b4d17945bfb6341b2d19043457132fcf478a5ee04f42e959fd8f5df0a?s=96&d=mm&r=g","contentUrl":"https:\/\/secure.gravatar.com\/avatar\/4dfbf16b4d17945bfb6341b2d19043457132fcf478a5ee04f42e959fd8f5df0a?s=96&d=mm&r=g","caption":"NOTICIASMERCEDINAS.COM"},"url":"https:\/\/noticiasmercedinas.com\/site\/author\/anonimo\/"}]}},"amp_enabled":true,"_links":{"self":[{"href":"https:\/\/noticiasmercedinas.com\/site\/wp-json\/wp\/v2\/posts\/134737","targetHints":{"allow":["GET"]}}],"collection":[{"href":"https:\/\/noticiasmercedinas.com\/site\/wp-json\/wp\/v2\/posts"}],"about":[{"href":"https:\/\/noticiasmercedinas.com\/site\/wp-json\/wp\/v2\/types\/post"}],"author":[{"embeddable":true,"href":"https:\/\/noticiasmercedinas.com\/site\/wp-json\/wp\/v2\/users\/16"}],"replies":[{"embeddable":true,"href":"https:\/\/noticiasmercedinas.com\/site\/wp-json\/wp\/v2\/comments?post=134737"}],"version-history":[{"count":5,"href":"https:\/\/noticiasmercedinas.com\/site\/wp-json\/wp\/v2\/posts\/134737\/revisions"}],"predecessor-version":[{"id":134744,"href":"https:\/\/noticiasmercedinas.com\/site\/wp-json\/wp\/v2\/posts\/134737\/revisions\/134744"}],"wp:featuredmedia":[{"embeddable":true,"href":"https:\/\/noticiasmercedinas.com\/site\/wp-json\/wp\/v2\/media\/134738"}],"wp:attachment":[{"href":"https:\/\/noticiasmercedinas.com\/site\/wp-json\/wp\/v2\/media?parent=134737"}],"wp:term":[{"taxonomy":"category","embeddable":true,"href":"https:\/\/noticiasmercedinas.com\/site\/wp-json\/wp\/v2\/categories?post=134737"},{"taxonomy":"post_tag","embeddable":true,"href":"https:\/\/noticiasmercedinas.com\/site\/wp-json\/wp\/v2\/tags?post=134737"}],"curies":[{"name":"wp","href":"https:\/\/api.w.org\/{rel}","templated":true}]}}