{"id":134801,"date":"2024-04-25T10:32:29","date_gmt":"2024-04-25T13:32:29","guid":{"rendered":"https:\/\/noticiasmercedinas.com\/site\/?p=134801"},"modified":"2024-04-25T10:38:15","modified_gmt":"2024-04-25T13:38:15","slug":"matias-acuna-vuelve-a-la-ciudad-para-hacer-reir-en-bistro-pizza-bar","status":"publish","type":"post","link":"https:\/\/noticiasmercedinas.com\/site\/2024\/04\/25\/matias-acuna-vuelve-a-la-ciudad-para-hacer-reir-en-bistro-pizza-bar\/","title":{"rendered":"Mat\u00edas Acu\u00f1a vuelve a la ciudad para hacer re\u00edr, en Bistro Pizza Bar"},"content":{"rendered":"<p><img loading=\"lazy\" decoding=\"async\" class=\"alignnone size-full wp-image-134802\" src=\"https:\/\/noticiasmercedinas.com\/site\/wp-content\/uploads\/2024\/04\/BISTRO_MATIACUNA.jpg\" alt=\"\" width=\"720\" height=\"607\" srcset=\"https:\/\/noticiasmercedinas.com\/site\/wp-content\/uploads\/2024\/04\/BISTRO_MATIACUNA.jpg 720w, https:\/\/noticiasmercedinas.com\/site\/wp-content\/uploads\/2024\/04\/BISTRO_MATIACUNA-300x253.jpg 300w, https:\/\/noticiasmercedinas.com\/site\/wp-content\/uploads\/2024\/04\/BISTRO_MATIACUNA-640x540.jpg 640w, https:\/\/noticiasmercedinas.com\/site\/wp-content\/uploads\/2024\/04\/BISTRO_MATIACUNA-681x574.jpg 681w\" sizes=\"auto, (max-width: 720px) 100vw, 720px\" \/><\/p>\n<p>El reconocido comediante de stand up, <strong>Mat\u00edas Acu\u00f1a<\/strong>, regresa al Bistro Pizza para hacer vibrar a su p\u00fablico con su espect\u00e1culo cargado de humor e historias hilarantes.<\/p>\n<p>Tras su exitosa presentaci\u00f3n el pasado mes de febrero, donde el local se vio desbordado y hubo personas que quedaron afuera, Acu\u00f1a vuelve al recinto ubicado en la intersecci\u00f3n de las calles 25 y 30.<\/p>\n<p>Este viernes, los asistentes podr\u00e1n disfrutar de una noche llena de risas y diversi\u00f3n en la que el comediante mezcla las introvertidas ideas de su mon\u00f3logo con la opini\u00f3n y an\u00e9cdotas del p\u00fablico en vivo.<\/p>\n<p>El show, que incluye historias de la infancia, vivencias como comediante y situaciones amorosas, ha recibido elogios en cada presentaci\u00f3n a lo largo del pa\u00eds.<\/p>\n<p>Quienes deseen asegurarse un lugar en esta noche llena de humor pueden reservar llamando al 2324498333 \u00f3 al 2324512044. El valor del show es de 5000 pesos.<\/p>\n<p>Vale recordar que a partir de este mes adem\u00e1s de las mejores pizzas, en 25 y 30 los comensales tienen la oportunidad de disfrutar de una variedad de platos que incluyen exquisitas pastas caseras con salsas, jugosas hamburguesas y tentadoras picadas. Esta nueva oferta gastron\u00f3mica promete satisfacer todos los gustos.<\/p>\n","protected":false},"excerpt":{"rendered":"<p>\u25a0 Tras su exitosa presentaci\u00f3n el pasado mes de febrero, donde el local se vio desbordado y hubo personas que quedaron afuera, Acu\u00f1a vuelve al recinto ubicado en 25 y 30, este viernes<\/p>\n","protected":false},"author":16,"featured_media":134802,"comment_status":"closed","ping_status":"closed","sticky":false,"template":"","format":"standard","meta":{"footnotes":""},"categories":[4,74],"tags":[16648,4292,18175,1563],"class_list":["post-134801","post","type-post","status-publish","format-standard","has-post-thumbnail","hentry","category-cultura","category-emprendimientos","tag-bistro-pizza-bar","tag-espectaculo","tag-matias-acuna","tag-show"],"yoast_head":"<!-- This site is optimized with the Yoast SEO plugin v27.5 - https:\/\/yoast.com\/product\/yoast-seo-wordpress\/ -->\n<title>Mat\u00edas Acu\u00f1a vuelve a la ciudad para hacer re\u00edr, en Bistro Pizza Bar<\/title>\n<meta name=\"robots\" content=\"index, follow, max-snippet:-1, max-image-preview:large, max-video-preview:-1\" \/>\n<link rel=\"canonical\" href=\"https:\/\/noticiasmercedinas.com\/site\/2024\/04\/25\/matias-acuna-vuelve-a-la-ciudad-para-hacer-reir-en-bistro-pizza-bar\/\" \/>\n<meta property=\"og:locale\" content=\"es_ES\" \/>\n<meta property=\"og:type\" content=\"article\" \/>\n<meta property=\"og:title\" content=\"Mat\u00edas Acu\u00f1a vuelve a la ciudad para hacer re\u00edr, en Bistro Pizza Bar\" \/>\n<meta property=\"og:description\" content=\"\u25a0 Tras su exitosa presentaci\u00f3n el pasado mes de febrero, donde el local se vio desbordado y hubo personas que quedaron afuera, Acu\u00f1a vuelve al recinto ubicado en 25 y 30, este viernes\" \/>\n<meta property=\"og:url\" content=\"https:\/\/noticiasmercedinas.com\/site\/2024\/04\/25\/matias-acuna-vuelve-a-la-ciudad-para-hacer-reir-en-bistro-pizza-bar\/\" \/>\n<meta property=\"og:site_name\" content=\"NOTICIASMERCEDINAS.COM\" \/>\n<meta property=\"article:publisher\" content=\"https:\/\/www.facebook.com\/noticiasmercedinas\/\" \/>\n<meta property=\"article:published_time\" content=\"2024-04-25T13:32:29+00:00\" \/>\n<meta property=\"article:modified_time\" content=\"2024-04-25T13:38:15+00:00\" \/>\n<meta property=\"og:image\" content=\"https:\/\/noticiasmercedinas.com\/site\/wp-content\/uploads\/2024\/04\/BISTRO_MATIACUNA.jpg\" \/>\n\t<meta property=\"og:image:width\" content=\"720\" \/>\n\t<meta property=\"og:image:height\" content=\"607\" \/>\n\t<meta property=\"og:image:type\" content=\"image\/jpeg\" \/>\n<meta name=\"author\" content=\"NOTICIASMERCEDINAS.COM\" \/>\n<meta name=\"twitter:card\" content=\"summary_large_image\" \/>\n<meta name=\"twitter:creator\" content=\"@notmercedinas\" \/>\n<meta name=\"twitter:site\" content=\"@notmercedinas\" \/>\n<meta name=\"twitter:label1\" content=\"Escrito por\" \/>\n\t<meta name=\"twitter:data1\" content=\"NOTICIASMERCEDINAS.COM\" \/>\n\t<meta name=\"twitter:label2\" content=\"Tiempo de lectura\" \/>\n\t<meta name=\"twitter:data2\" content=\"2 minutos\" \/>\n<script type=\"application\/ld+json\" class=\"yoast-schema-graph\">{\"@context\":\"https:\\\/\\\/schema.org\",\"@graph\":[{\"@type\":\"Article\",\"@id\":\"https:\\\/\\\/noticiasmercedinas.com\\\/site\\\/2024\\\/04\\\/25\\\/matias-acuna-vuelve-a-la-ciudad-para-hacer-reir-en-bistro-pizza-bar\\\/#article\",\"isPartOf\":{\"@id\":\"https:\\\/\\\/noticiasmercedinas.com\\\/site\\\/2024\\\/04\\\/25\\\/matias-acuna-vuelve-a-la-ciudad-para-hacer-reir-en-bistro-pizza-bar\\\/\"},\"author\":{\"name\":\"NOTICIASMERCEDINAS.COM\",\"@id\":\"https:\\\/\\\/noticiasmercedinas.com\\\/site\\\/#\\\/schema\\\/person\\\/84b59c099c28ff2e8b77d4ceec5d8063\"},\"headline\":\"Mat\u00edas Acu\u00f1a vuelve a la ciudad para hacer re\u00edr, en Bistro Pizza Bar\",\"datePublished\":\"2024-04-25T13:32:29+00:00\",\"dateModified\":\"2024-04-25T13:38:15+00:00\",\"mainEntityOfPage\":{\"@id\":\"https:\\\/\\\/noticiasmercedinas.com\\\/site\\\/2024\\\/04\\\/25\\\/matias-acuna-vuelve-a-la-ciudad-para-hacer-reir-en-bistro-pizza-bar\\\/\"},\"wordCount\":224,\"publisher\":{\"@id\":\"https:\\\/\\\/noticiasmercedinas.com\\\/site\\\/#organization\"},\"image\":{\"@id\":\"https:\\\/\\\/noticiasmercedinas.com\\\/site\\\/2024\\\/04\\\/25\\\/matias-acuna-vuelve-a-la-ciudad-para-hacer-reir-en-bistro-pizza-bar\\\/#primaryimage\"},\"thumbnailUrl\":\"https:\\\/\\\/noticiasmercedinas.com\\\/site\\\/wp-content\\\/uploads\\\/2024\\\/04\\\/BISTRO_MATIACUNA.jpg\",\"keywords\":[\"Bistr\u00f3 Pizza Bar\",\"espect\u00e1culo\",\"Mat\u00edas Acu\u00f1a\",\"show\"],\"articleSection\":[\"Cultura\",\"Emprendimientos\"],\"inLanguage\":\"es\"},{\"@type\":\"WebPage\",\"@id\":\"https:\\\/\\\/noticiasmercedinas.com\\\/site\\\/2024\\\/04\\\/25\\\/matias-acuna-vuelve-a-la-ciudad-para-hacer-reir-en-bistro-pizza-bar\\\/\",\"url\":\"https:\\\/\\\/noticiasmercedinas.com\\\/site\\\/2024\\\/04\\\/25\\\/matias-acuna-vuelve-a-la-ciudad-para-hacer-reir-en-bistro-pizza-bar\\\/\",\"name\":\"Mat\u00edas Acu\u00f1a vuelve a la ciudad para hacer re\u00edr, en Bistro Pizza Bar\",\"isPartOf\":{\"@id\":\"https:\\\/\\\/noticiasmercedinas.com\\\/site\\\/#website\"},\"primaryImageOfPage\":{\"@id\":\"https:\\\/\\\/noticiasmercedinas.com\\\/site\\\/2024\\\/04\\\/25\\\/matias-acuna-vuelve-a-la-ciudad-para-hacer-reir-en-bistro-pizza-bar\\\/#primaryimage\"},\"image\":{\"@id\":\"https:\\\/\\\/noticiasmercedinas.com\\\/site\\\/2024\\\/04\\\/25\\\/matias-acuna-vuelve-a-la-ciudad-para-hacer-reir-en-bistro-pizza-bar\\\/#primaryimage\"},\"thumbnailUrl\":\"https:\\\/\\\/noticiasmercedinas.com\\\/site\\\/wp-content\\\/uploads\\\/2024\\\/04\\\/BISTRO_MATIACUNA.jpg\",\"datePublished\":\"2024-04-25T13:32:29+00:00\",\"dateModified\":\"2024-04-25T13:38:15+00:00\",\"breadcrumb\":{\"@id\":\"https:\\\/\\\/noticiasmercedinas.com\\\/site\\\/2024\\\/04\\\/25\\\/matias-acuna-vuelve-a-la-ciudad-para-hacer-reir-en-bistro-pizza-bar\\\/#breadcrumb\"},\"inLanguage\":\"es\",\"potentialAction\":[{\"@type\":\"ReadAction\",\"target\":[\"https:\\\/\\\/noticiasmercedinas.com\\\/site\\\/2024\\\/04\\\/25\\\/matias-acuna-vuelve-a-la-ciudad-para-hacer-reir-en-bistro-pizza-bar\\\/\"]}]},{\"@type\":\"ImageObject\",\"inLanguage\":\"es\",\"@id\":\"https:\\\/\\\/noticiasmercedinas.com\\\/site\\\/2024\\\/04\\\/25\\\/matias-acuna-vuelve-a-la-ciudad-para-hacer-reir-en-bistro-pizza-bar\\\/#primaryimage\",\"url\":\"https:\\\/\\\/noticiasmercedinas.com\\\/site\\\/wp-content\\\/uploads\\\/2024\\\/04\\\/BISTRO_MATIACUNA.jpg\",\"contentUrl\":\"https:\\\/\\\/noticiasmercedinas.com\\\/site\\\/wp-content\\\/uploads\\\/2024\\\/04\\\/BISTRO_MATIACUNA.jpg\",\"width\":720,\"height\":607},{\"@type\":\"BreadcrumbList\",\"@id\":\"https:\\\/\\\/noticiasmercedinas.com\\\/site\\\/2024\\\/04\\\/25\\\/matias-acuna-vuelve-a-la-ciudad-para-hacer-reir-en-bistro-pizza-bar\\\/#breadcrumb\",\"itemListElement\":[{\"@type\":\"ListItem\",\"position\":1,\"name\":\"Portada\",\"item\":\"https:\\\/\\\/noticiasmercedinas.com\\\/site\\\/\"},{\"@type\":\"ListItem\",\"position\":2,\"name\":\"Mat\u00edas Acu\u00f1a vuelve a la ciudad para hacer re\u00edr, en Bistro Pizza Bar\"}]},{\"@type\":\"WebSite\",\"@id\":\"https:\\\/\\\/noticiasmercedinas.com\\\/site\\\/#website\",\"url\":\"https:\\\/\\\/noticiasmercedinas.com\\\/site\\\/\",\"name\":\"NOTICIASMERCEDINAS.COM\",\"description\":\"Mercedes, Buenos Aires, Argentina\",\"publisher\":{\"@id\":\"https:\\\/\\\/noticiasmercedinas.com\\\/site\\\/#organization\"},\"potentialAction\":[{\"@type\":\"SearchAction\",\"target\":{\"@type\":\"EntryPoint\",\"urlTemplate\":\"https:\\\/\\\/noticiasmercedinas.com\\\/site\\\/?s={search_term_string}\"},\"query-input\":{\"@type\":\"PropertyValueSpecification\",\"valueRequired\":true,\"valueName\":\"search_term_string\"}}],\"inLanguage\":\"es\"},{\"@type\":\"Organization\",\"@id\":\"https:\\\/\\\/noticiasmercedinas.com\\\/site\\\/#organization\",\"name\":\"NOTICIASMERCEDINAS.COM\",\"url\":\"https:\\\/\\\/noticiasmercedinas.com\\\/site\\\/\",\"logo\":{\"@type\":\"ImageObject\",\"inLanguage\":\"es\",\"@id\":\"https:\\\/\\\/noticiasmercedinas.com\\\/site\\\/#\\\/schema\\\/logo\\\/image\\\/\",\"url\":\"https:\\\/\\\/noticiasmercedinas.com\\\/site\\\/wp-content\\\/uploads\\\/2020\\\/06\\\/LOGO-512.jpg\",\"contentUrl\":\"https:\\\/\\\/noticiasmercedinas.com\\\/site\\\/wp-content\\\/uploads\\\/2020\\\/06\\\/LOGO-512.jpg\",\"width\":512,\"height\":512,\"caption\":\"NOTICIASMERCEDINAS.COM\"},\"image\":{\"@id\":\"https:\\\/\\\/noticiasmercedinas.com\\\/site\\\/#\\\/schema\\\/logo\\\/image\\\/\"},\"sameAs\":[\"https:\\\/\\\/www.facebook.com\\\/noticiasmercedinas\\\/\",\"https:\\\/\\\/x.com\\\/notmercedinas\",\"https:\\\/\\\/www.instagram.com\\\/noticiasmercedinas\\\/\"]},{\"@type\":\"Person\",\"@id\":\"https:\\\/\\\/noticiasmercedinas.com\\\/site\\\/#\\\/schema\\\/person\\\/84b59c099c28ff2e8b77d4ceec5d8063\",\"name\":\"NOTICIASMERCEDINAS.COM\",\"image\":{\"@type\":\"ImageObject\",\"inLanguage\":\"es\",\"@id\":\"https:\\\/\\\/secure.gravatar.com\\\/avatar\\\/4dfbf16b4d17945bfb6341b2d19043457132fcf478a5ee04f42e959fd8f5df0a?s=96&d=mm&r=g\",\"url\":\"https:\\\/\\\/secure.gravatar.com\\\/avatar\\\/4dfbf16b4d17945bfb6341b2d19043457132fcf478a5ee04f42e959fd8f5df0a?s=96&d=mm&r=g\",\"contentUrl\":\"https:\\\/\\\/secure.gravatar.com\\\/avatar\\\/4dfbf16b4d17945bfb6341b2d19043457132fcf478a5ee04f42e959fd8f5df0a?s=96&d=mm&r=g\",\"caption\":\"NOTICIASMERCEDINAS.COM\"},\"url\":\"https:\\\/\\\/noticiasmercedinas.com\\\/site\\\/author\\\/anonimo\\\/\"}]}<\/script>\n<!-- \/ Yoast SEO plugin. -->","yoast_head_json":{"title":"Mat\u00edas Acu\u00f1a vuelve a la ciudad para hacer re\u00edr, en Bistro Pizza Bar","robots":{"index":"index","follow":"follow","max-snippet":"max-snippet:-1","max-image-preview":"max-image-preview:large","max-video-preview":"max-video-preview:-1"},"canonical":"https:\/\/noticiasmercedinas.com\/site\/2024\/04\/25\/matias-acuna-vuelve-a-la-ciudad-para-hacer-reir-en-bistro-pizza-bar\/","og_locale":"es_ES","og_type":"article","og_title":"Mat\u00edas Acu\u00f1a vuelve a la ciudad para hacer re\u00edr, en Bistro Pizza Bar","og_description":"\u25a0 Tras su exitosa presentaci\u00f3n el pasado mes de febrero, donde el local se vio desbordado y hubo personas que quedaron afuera, Acu\u00f1a vuelve al recinto ubicado en 25 y 30, este viernes","og_url":"https:\/\/noticiasmercedinas.com\/site\/2024\/04\/25\/matias-acuna-vuelve-a-la-ciudad-para-hacer-reir-en-bistro-pizza-bar\/","og_site_name":"NOTICIASMERCEDINAS.COM","article_publisher":"https:\/\/www.facebook.com\/noticiasmercedinas\/","article_published_time":"2024-04-25T13:32:29+00:00","article_modified_time":"2024-04-25T13:38:15+00:00","og_image":[{"width":720,"height":607,"url":"https:\/\/noticiasmercedinas.com\/site\/wp-content\/uploads\/2024\/04\/BISTRO_MATIACUNA.jpg","type":"image\/jpeg"}],"author":"NOTICIASMERCEDINAS.COM","twitter_card":"summary_large_image","twitter_creator":"@notmercedinas","twitter_site":"@notmercedinas","twitter_misc":{"Escrito por":"NOTICIASMERCEDINAS.COM","Tiempo de lectura":"2 minutos"},"schema":{"@context":"https:\/\/schema.org","@graph":[{"@type":"Article","@id":"https:\/\/noticiasmercedinas.com\/site\/2024\/04\/25\/matias-acuna-vuelve-a-la-ciudad-para-hacer-reir-en-bistro-pizza-bar\/#article","isPartOf":{"@id":"https:\/\/noticiasmercedinas.com\/site\/2024\/04\/25\/matias-acuna-vuelve-a-la-ciudad-para-hacer-reir-en-bistro-pizza-bar\/"},"author":{"name":"NOTICIASMERCEDINAS.COM","@id":"https:\/\/noticiasmercedinas.com\/site\/#\/schema\/person\/84b59c099c28ff2e8b77d4ceec5d8063"},"headline":"Mat\u00edas Acu\u00f1a vuelve a la ciudad para hacer re\u00edr, en Bistro Pizza Bar","datePublished":"2024-04-25T13:32:29+00:00","dateModified":"2024-04-25T13:38:15+00:00","mainEntityOfPage":{"@id":"https:\/\/noticiasmercedinas.com\/site\/2024\/04\/25\/matias-acuna-vuelve-a-la-ciudad-para-hacer-reir-en-bistro-pizza-bar\/"},"wordCount":224,"publisher":{"@id":"https:\/\/noticiasmercedinas.com\/site\/#organization"},"image":{"@id":"https:\/\/noticiasmercedinas.com\/site\/2024\/04\/25\/matias-acuna-vuelve-a-la-ciudad-para-hacer-reir-en-bistro-pizza-bar\/#primaryimage"},"thumbnailUrl":"https:\/\/noticiasmercedinas.com\/site\/wp-content\/uploads\/2024\/04\/BISTRO_MATIACUNA.jpg","keywords":["Bistr\u00f3 Pizza Bar","espect\u00e1culo","Mat\u00edas Acu\u00f1a","show"],"articleSection":["Cultura","Emprendimientos"],"inLanguage":"es"},{"@type":"WebPage","@id":"https:\/\/noticiasmercedinas.com\/site\/2024\/04\/25\/matias-acuna-vuelve-a-la-ciudad-para-hacer-reir-en-bistro-pizza-bar\/","url":"https:\/\/noticiasmercedinas.com\/site\/2024\/04\/25\/matias-acuna-vuelve-a-la-ciudad-para-hacer-reir-en-bistro-pizza-bar\/","name":"Mat\u00edas Acu\u00f1a vuelve a la ciudad para hacer re\u00edr, en Bistro Pizza Bar","isPartOf":{"@id":"https:\/\/noticiasmercedinas.com\/site\/#website"},"primaryImageOfPage":{"@id":"https:\/\/noticiasmercedinas.com\/site\/2024\/04\/25\/matias-acuna-vuelve-a-la-ciudad-para-hacer-reir-en-bistro-pizza-bar\/#primaryimage"},"image":{"@id":"https:\/\/noticiasmercedinas.com\/site\/2024\/04\/25\/matias-acuna-vuelve-a-la-ciudad-para-hacer-reir-en-bistro-pizza-bar\/#primaryimage"},"thumbnailUrl":"https:\/\/noticiasmercedinas.com\/site\/wp-content\/uploads\/2024\/04\/BISTRO_MATIACUNA.jpg","datePublished":"2024-04-25T13:32:29+00:00","dateModified":"2024-04-25T13:38:15+00:00","breadcrumb":{"@id":"https:\/\/noticiasmercedinas.com\/site\/2024\/04\/25\/matias-acuna-vuelve-a-la-ciudad-para-hacer-reir-en-bistro-pizza-bar\/#breadcrumb"},"inLanguage":"es","potentialAction":[{"@type":"ReadAction","target":["https:\/\/noticiasmercedinas.com\/site\/2024\/04\/25\/matias-acuna-vuelve-a-la-ciudad-para-hacer-reir-en-bistro-pizza-bar\/"]}]},{"@type":"ImageObject","inLanguage":"es","@id":"https:\/\/noticiasmercedinas.com\/site\/2024\/04\/25\/matias-acuna-vuelve-a-la-ciudad-para-hacer-reir-en-bistro-pizza-bar\/#primaryimage","url":"https:\/\/noticiasmercedinas.com\/site\/wp-content\/uploads\/2024\/04\/BISTRO_MATIACUNA.jpg","contentUrl":"https:\/\/noticiasmercedinas.com\/site\/wp-content\/uploads\/2024\/04\/BISTRO_MATIACUNA.jpg","width":720,"height":607},{"@type":"BreadcrumbList","@id":"https:\/\/noticiasmercedinas.com\/site\/2024\/04\/25\/matias-acuna-vuelve-a-la-ciudad-para-hacer-reir-en-bistro-pizza-bar\/#breadcrumb","itemListElement":[{"@type":"ListItem","position":1,"name":"Portada","item":"https:\/\/noticiasmercedinas.com\/site\/"},{"@type":"ListItem","position":2,"name":"Mat\u00edas Acu\u00f1a vuelve a la ciudad para hacer re\u00edr, en Bistro Pizza Bar"}]},{"@type":"WebSite","@id":"https:\/\/noticiasmercedinas.com\/site\/#website","url":"https:\/\/noticiasmercedinas.com\/site\/","name":"NOTICIASMERCEDINAS.COM","description":"Mercedes, Buenos Aires, Argentina","publisher":{"@id":"https:\/\/noticiasmercedinas.com\/site\/#organization"},"potentialAction":[{"@type":"SearchAction","target":{"@type":"EntryPoint","urlTemplate":"https:\/\/noticiasmercedinas.com\/site\/?s={search_term_string}"},"query-input":{"@type":"PropertyValueSpecification","valueRequired":true,"valueName":"search_term_string"}}],"inLanguage":"es"},{"@type":"Organization","@id":"https:\/\/noticiasmercedinas.com\/site\/#organization","name":"NOTICIASMERCEDINAS.COM","url":"https:\/\/noticiasmercedinas.com\/site\/","logo":{"@type":"ImageObject","inLanguage":"es","@id":"https:\/\/noticiasmercedinas.com\/site\/#\/schema\/logo\/image\/","url":"https:\/\/noticiasmercedinas.com\/site\/wp-content\/uploads\/2020\/06\/LOGO-512.jpg","contentUrl":"https:\/\/noticiasmercedinas.com\/site\/wp-content\/uploads\/2020\/06\/LOGO-512.jpg","width":512,"height":512,"caption":"NOTICIASMERCEDINAS.COM"},"image":{"@id":"https:\/\/noticiasmercedinas.com\/site\/#\/schema\/logo\/image\/"},"sameAs":["https:\/\/www.facebook.com\/noticiasmercedinas\/","https:\/\/x.com\/notmercedinas","https:\/\/www.instagram.com\/noticiasmercedinas\/"]},{"@type":"Person","@id":"https:\/\/noticiasmercedinas.com\/site\/#\/schema\/person\/84b59c099c28ff2e8b77d4ceec5d8063","name":"NOTICIASMERCEDINAS.COM","image":{"@type":"ImageObject","inLanguage":"es","@id":"https:\/\/secure.gravatar.com\/avatar\/4dfbf16b4d17945bfb6341b2d19043457132fcf478a5ee04f42e959fd8f5df0a?s=96&d=mm&r=g","url":"https:\/\/secure.gravatar.com\/avatar\/4dfbf16b4d17945bfb6341b2d19043457132fcf478a5ee04f42e959fd8f5df0a?s=96&d=mm&r=g","contentUrl":"https:\/\/secure.gravatar.com\/avatar\/4dfbf16b4d17945bfb6341b2d19043457132fcf478a5ee04f42e959fd8f5df0a?s=96&d=mm&r=g","caption":"NOTICIASMERCEDINAS.COM"},"url":"https:\/\/noticiasmercedinas.com\/site\/author\/anonimo\/"}]}},"amp_enabled":true,"_links":{"self":[{"href":"https:\/\/noticiasmercedinas.com\/site\/wp-json\/wp\/v2\/posts\/134801","targetHints":{"allow":["GET"]}}],"collection":[{"href":"https:\/\/noticiasmercedinas.com\/site\/wp-json\/wp\/v2\/posts"}],"about":[{"href":"https:\/\/noticiasmercedinas.com\/site\/wp-json\/wp\/v2\/types\/post"}],"author":[{"embeddable":true,"href":"https:\/\/noticiasmercedinas.com\/site\/wp-json\/wp\/v2\/users\/16"}],"replies":[{"embeddable":true,"href":"https:\/\/noticiasmercedinas.com\/site\/wp-json\/wp\/v2\/comments?post=134801"}],"version-history":[{"count":2,"href":"https:\/\/noticiasmercedinas.com\/site\/wp-json\/wp\/v2\/posts\/134801\/revisions"}],"predecessor-version":[{"id":134804,"href":"https:\/\/noticiasmercedinas.com\/site\/wp-json\/wp\/v2\/posts\/134801\/revisions\/134804"}],"wp:featuredmedia":[{"embeddable":true,"href":"https:\/\/noticiasmercedinas.com\/site\/wp-json\/wp\/v2\/media\/134802"}],"wp:attachment":[{"href":"https:\/\/noticiasmercedinas.com\/site\/wp-json\/wp\/v2\/media?parent=134801"}],"wp:term":[{"taxonomy":"category","embeddable":true,"href":"https:\/\/noticiasmercedinas.com\/site\/wp-json\/wp\/v2\/categories?post=134801"},{"taxonomy":"post_tag","embeddable":true,"href":"https:\/\/noticiasmercedinas.com\/site\/wp-json\/wp\/v2\/tags?post=134801"}],"curies":[{"name":"wp","href":"https:\/\/api.w.org\/{rel}","templated":true}]}}