{"id":13493,"date":"2019-03-06T20:48:11","date_gmt":"2019-03-06T23:48:11","guid":{"rendered":"https:\/\/noticiasmercedinas.com\/site\/2019\/03\/06\/mercedes-declarada-ciudad-amiga-de-las-primeras-infancias\/"},"modified":"2019-03-09T23:07:08","modified_gmt":"2019-03-10T02:07:08","slug":"mercedes-declarada-ciudad-amiga-de-las-primeras-infancias","status":"publish","type":"post","link":"https:\/\/noticiasmercedinas.com\/site\/2019\/03\/06\/mercedes-declarada-ciudad-amiga-de-las-primeras-infancias\/","title":{"rendered":"Mercedes declarada \u00abciudad amiga de las primeras infancias\u00bb"},"content":{"rendered":"<p><img loading=\"lazy\" decoding=\"async\" class=\"alignnone size-full wp-image-13492\" src=\"https:\/\/noticiasmercedinas.com\/site\/wp-content\/uploads\/2019\/03\/IMG-20190306-WA0056.jpg\" width=\"994\" height=\"1280\" srcset=\"https:\/\/noticiasmercedinas.com\/site\/wp-content\/uploads\/2019\/03\/IMG-20190306-WA0056.jpg 994w, https:\/\/noticiasmercedinas.com\/site\/wp-content\/uploads\/2019\/03\/IMG-20190306-WA0056-233x300.jpg 233w, https:\/\/noticiasmercedinas.com\/site\/wp-content\/uploads\/2019\/03\/IMG-20190306-WA0056-768x989.jpg 768w, https:\/\/noticiasmercedinas.com\/site\/wp-content\/uploads\/2019\/03\/IMG-20190306-WA0056-795x1024.jpg 795w, https:\/\/noticiasmercedinas.com\/site\/wp-content\/uploads\/2019\/03\/IMG-20190306-WA0056-640x824.jpg 640w, https:\/\/noticiasmercedinas.com\/site\/wp-content\/uploads\/2019\/03\/IMG-20190306-WA0056-681x877.jpg 681w\" sizes=\"auto, (max-width: 994px) 100vw, 994px\" \/><\/p>\n<p>Mediante una carta de la Sociedad Argentina de la Primera Infancia (SAPI) llegada al municipio a principios de marzo, se supo que declararon a esta ciudad como \u00abAmiga de las Primeras Infancias\u00bb. Lo anunci\u00f3 esta noche <strong><a href=\"https:\/\/noticiasmercedinas.com\/site\/2019\/03\/06\/ustarroz-la-politica-es-el-arte-de-hacer-no-del-decir\/\" target=\"_blank\" rel=\"noopener\">en su discurso en el Teatro Argentino el intendente Juan Ignacio Ustarroz<\/a><\/strong><strong>.<\/strong><\/p>\n<p>Esto se da en el marco del trabajo conjunto del Municipio de Mercedes, con su Secretar\u00eda de Salud, la Secretar\u00eda de Desarrollo Social y los referentes y responsables del Programa Primeros Mil D\u00edas.<\/p>\n<p>\u00abCon la m\u00e1s profunda convicci\u00f3n de que acompa\u00f1ar a los ni\u00f1os y garantizarles sus derechos permite, no solo su realizaci\u00f3n individual, sino que contribuye a la construcci\u00f3n de una sociedad mejor; y en la constataci\u00f3n de los programas y pol\u00edticas p\u00fablicas del \u00e1rea que viene desarrollando su gesti\u00f3n, desde la Sociedad Argentina de Primera Infancia queremos enviarles nuestra felicitaci\u00f3n y agradecimiento a Ud., a sus equipos y a la comunidad mercedina en su conjunto, por el trabajo que evidencia el compromiso colectivo de todos los vecinos\u00bb, sostiene la SAPI en la misiva dirigida a Ustarroz.<\/p>\n<p>Y le informan que por estos motivos y en sinton\u00eda con las acciones implementadas, consideran a Mercedes como \u00abCiudad amiga de las Primeras Infancias\u00bb, asegurando que elevar\u00e1n a UNICEF la solicitud para que les otorguen una menci\u00f3n en tal sentido\u00bb.<\/p>\n<p>Firman la misiva, \u00abcon la firme esperanza que sigan acompa\u00f1ando a cada uno de los ni\u00f1os de su ciudad\u00bb, Nora Woscoboinik y Alicia C. Nader, Presidenta y Secretaria de la SAPI, respectivamente.<\/p>\n","protected":false},"excerpt":{"rendered":"<p>Mediante una carta de la Sociedad Argentina de la Primera Infancia (SAPI) llegada al municipio a principios de marzo, se supo que declararon a esta ciudad como \u00abAmiga de las Primeras Infancias\u00bb. Lo anunci\u00f3 esta noche en su discurso en el Teatro Argentino el intendente Juan Ignacio Ustarroz. Esto se da en el marco del [&hellip;]<\/p>\n","protected":false},"author":2,"featured_media":13492,"comment_status":"open","ping_status":"open","sticky":false,"template":"","format":"standard","meta":{"footnotes":""},"categories":[3],"tags":[3765,266,23,144,2951,573,71,3784,708],"class_list":["post-13493","post","type-post","status-publish","format-standard","has-post-thumbnail","hentry","category-sociedad","tag-apertura","tag-juan-ignacio-ustarroz","tag-mercedes","tag-pablo-cassiani","tag-primera-infancia","tag-primeros-mil-dias","tag-salud","tag-sapi","tag-unicef"],"yoast_head":"<!-- This site is optimized with the Yoast SEO plugin v27.4 - https:\/\/yoast.com\/product\/yoast-seo-wordpress\/ -->\n<title>Mercedes declarada &quot;ciudad amiga de las primeras infancias&quot;<\/title>\n<meta name=\"robots\" content=\"index, follow, max-snippet:-1, max-image-preview:large, max-video-preview:-1\" \/>\n<link rel=\"canonical\" href=\"https:\/\/noticiasmercedinas.com\/site\/2019\/03\/06\/mercedes-declarada-ciudad-amiga-de-las-primeras-infancias\/\" \/>\n<meta property=\"og:locale\" content=\"es_ES\" \/>\n<meta property=\"og:type\" content=\"article\" \/>\n<meta property=\"og:title\" content=\"Mercedes declarada &quot;ciudad amiga de las primeras infancias&quot;\" \/>\n<meta property=\"og:description\" content=\"Mediante una carta de la Sociedad Argentina de la Primera Infancia (SAPI) llegada al municipio a principios de marzo, se supo que declararon a esta ciudad como \u00abAmiga de las Primeras Infancias\u00bb. Lo anunci\u00f3 esta noche en su discurso en el Teatro Argentino el intendente Juan Ignacio Ustarroz. Esto se da en el marco del [&hellip;]\" \/>\n<meta property=\"og:url\" content=\"https:\/\/noticiasmercedinas.com\/site\/2019\/03\/06\/mercedes-declarada-ciudad-amiga-de-las-primeras-infancias\/\" \/>\n<meta property=\"og:site_name\" content=\"NOTICIASMERCEDINAS.COM\" \/>\n<meta property=\"article:publisher\" content=\"https:\/\/www.facebook.com\/noticiasmercedinas\/\" \/>\n<meta property=\"article:author\" content=\"https:\/\/www.facebook.com\/cristian.falabella\" \/>\n<meta property=\"article:published_time\" content=\"2019-03-06T23:48:11+00:00\" \/>\n<meta property=\"article:modified_time\" content=\"2019-03-10T02:07:08+00:00\" \/>\n<meta property=\"og:image\" content=\"https:\/\/noticiasmercedinas.com\/site\/wp-content\/uploads\/2019\/03\/IMG-20190306-WA0056.jpg\" \/>\n\t<meta property=\"og:image:width\" content=\"994\" \/>\n\t<meta property=\"og:image:height\" content=\"1280\" \/>\n\t<meta property=\"og:image:type\" content=\"image\/jpeg\" \/>\n<meta name=\"author\" content=\"Cristian Falabella NOTICIASMERCEDINAS.COM\" \/>\n<meta name=\"twitter:card\" content=\"summary_large_image\" \/>\n<meta name=\"twitter:creator\" content=\"@https:\/\/twitter.com\/NOTMERCEDINAS\" \/>\n<meta name=\"twitter:site\" content=\"@notmercedinas\" \/>\n<meta name=\"twitter:label1\" content=\"Escrito por\" \/>\n\t<meta name=\"twitter:data1\" content=\"Cristian Falabella NOTICIASMERCEDINAS.COM\" \/>\n\t<meta name=\"twitter:label2\" content=\"Tiempo de lectura\" \/>\n\t<meta name=\"twitter:data2\" content=\"1 minuto\" \/>\n<script type=\"application\/ld+json\" class=\"yoast-schema-graph\">{\"@context\":\"https:\\\/\\\/schema.org\",\"@graph\":[{\"@type\":\"Article\",\"@id\":\"https:\\\/\\\/noticiasmercedinas.com\\\/site\\\/2019\\\/03\\\/06\\\/mercedes-declarada-ciudad-amiga-de-las-primeras-infancias\\\/#article\",\"isPartOf\":{\"@id\":\"https:\\\/\\\/noticiasmercedinas.com\\\/site\\\/2019\\\/03\\\/06\\\/mercedes-declarada-ciudad-amiga-de-las-primeras-infancias\\\/\"},\"author\":{\"name\":\"Cristian Falabella NOTICIASMERCEDINAS.COM\",\"@id\":\"https:\\\/\\\/noticiasmercedinas.com\\\/site\\\/#\\\/schema\\\/person\\\/d481a9696a5feaec13a60e2bbd991a6a\"},\"headline\":\"Mercedes declarada \u00abciudad amiga de las primeras infancias\u00bb\",\"datePublished\":\"2019-03-06T23:48:11+00:00\",\"dateModified\":\"2019-03-10T02:07:08+00:00\",\"mainEntityOfPage\":{\"@id\":\"https:\\\/\\\/noticiasmercedinas.com\\\/site\\\/2019\\\/03\\\/06\\\/mercedes-declarada-ciudad-amiga-de-las-primeras-infancias\\\/\"},\"wordCount\":275,\"commentCount\":1,\"publisher\":{\"@id\":\"https:\\\/\\\/noticiasmercedinas.com\\\/site\\\/#organization\"},\"image\":{\"@id\":\"https:\\\/\\\/noticiasmercedinas.com\\\/site\\\/2019\\\/03\\\/06\\\/mercedes-declarada-ciudad-amiga-de-las-primeras-infancias\\\/#primaryimage\"},\"thumbnailUrl\":\"https:\\\/\\\/noticiasmercedinas.com\\\/site\\\/wp-content\\\/uploads\\\/2019\\\/03\\\/IMG-20190306-WA0056.jpg\",\"keywords\":[\"apertura\",\"juan ignacio ustarroz\",\"mercedes\",\"pablo cassiani\",\"primera infancia\",\"primeros mil dias\",\"salud\",\"SAPI\",\"unicef\"],\"articleSection\":[\"Sociedad\"],\"inLanguage\":\"es\",\"potentialAction\":[{\"@type\":\"CommentAction\",\"name\":\"Comment\",\"target\":[\"https:\\\/\\\/noticiasmercedinas.com\\\/site\\\/2019\\\/03\\\/06\\\/mercedes-declarada-ciudad-amiga-de-las-primeras-infancias\\\/#respond\"]}]},{\"@type\":\"WebPage\",\"@id\":\"https:\\\/\\\/noticiasmercedinas.com\\\/site\\\/2019\\\/03\\\/06\\\/mercedes-declarada-ciudad-amiga-de-las-primeras-infancias\\\/\",\"url\":\"https:\\\/\\\/noticiasmercedinas.com\\\/site\\\/2019\\\/03\\\/06\\\/mercedes-declarada-ciudad-amiga-de-las-primeras-infancias\\\/\",\"name\":\"Mercedes declarada \\\"ciudad amiga de las primeras infancias\\\"\",\"isPartOf\":{\"@id\":\"https:\\\/\\\/noticiasmercedinas.com\\\/site\\\/#website\"},\"primaryImageOfPage\":{\"@id\":\"https:\\\/\\\/noticiasmercedinas.com\\\/site\\\/2019\\\/03\\\/06\\\/mercedes-declarada-ciudad-amiga-de-las-primeras-infancias\\\/#primaryimage\"},\"image\":{\"@id\":\"https:\\\/\\\/noticiasmercedinas.com\\\/site\\\/2019\\\/03\\\/06\\\/mercedes-declarada-ciudad-amiga-de-las-primeras-infancias\\\/#primaryimage\"},\"thumbnailUrl\":\"https:\\\/\\\/noticiasmercedinas.com\\\/site\\\/wp-content\\\/uploads\\\/2019\\\/03\\\/IMG-20190306-WA0056.jpg\",\"datePublished\":\"2019-03-06T23:48:11+00:00\",\"dateModified\":\"2019-03-10T02:07:08+00:00\",\"breadcrumb\":{\"@id\":\"https:\\\/\\\/noticiasmercedinas.com\\\/site\\\/2019\\\/03\\\/06\\\/mercedes-declarada-ciudad-amiga-de-las-primeras-infancias\\\/#breadcrumb\"},\"inLanguage\":\"es\",\"potentialAction\":[{\"@type\":\"ReadAction\",\"target\":[\"https:\\\/\\\/noticiasmercedinas.com\\\/site\\\/2019\\\/03\\\/06\\\/mercedes-declarada-ciudad-amiga-de-las-primeras-infancias\\\/\"]}]},{\"@type\":\"ImageObject\",\"inLanguage\":\"es\",\"@id\":\"https:\\\/\\\/noticiasmercedinas.com\\\/site\\\/2019\\\/03\\\/06\\\/mercedes-declarada-ciudad-amiga-de-las-primeras-infancias\\\/#primaryimage\",\"url\":\"https:\\\/\\\/noticiasmercedinas.com\\\/site\\\/wp-content\\\/uploads\\\/2019\\\/03\\\/IMG-20190306-WA0056.jpg\",\"contentUrl\":\"https:\\\/\\\/noticiasmercedinas.com\\\/site\\\/wp-content\\\/uploads\\\/2019\\\/03\\\/IMG-20190306-WA0056.jpg\",\"width\":994,\"height\":1280},{\"@type\":\"BreadcrumbList\",\"@id\":\"https:\\\/\\\/noticiasmercedinas.com\\\/site\\\/2019\\\/03\\\/06\\\/mercedes-declarada-ciudad-amiga-de-las-primeras-infancias\\\/#breadcrumb\",\"itemListElement\":[{\"@type\":\"ListItem\",\"position\":1,\"name\":\"Portada\",\"item\":\"https:\\\/\\\/noticiasmercedinas.com\\\/site\\\/\"},{\"@type\":\"ListItem\",\"position\":2,\"name\":\"Mercedes declarada \u00abciudad amiga de las primeras infancias\u00bb\"}]},{\"@type\":\"WebSite\",\"@id\":\"https:\\\/\\\/noticiasmercedinas.com\\\/site\\\/#website\",\"url\":\"https:\\\/\\\/noticiasmercedinas.com\\\/site\\\/\",\"name\":\"NOTICIASMERCEDINAS.COM\",\"description\":\"Mercedes, Buenos Aires, Argentina\",\"publisher\":{\"@id\":\"https:\\\/\\\/noticiasmercedinas.com\\\/site\\\/#organization\"},\"potentialAction\":[{\"@type\":\"SearchAction\",\"target\":{\"@type\":\"EntryPoint\",\"urlTemplate\":\"https:\\\/\\\/noticiasmercedinas.com\\\/site\\\/?s={search_term_string}\"},\"query-input\":{\"@type\":\"PropertyValueSpecification\",\"valueRequired\":true,\"valueName\":\"search_term_string\"}}],\"inLanguage\":\"es\"},{\"@type\":\"Organization\",\"@id\":\"https:\\\/\\\/noticiasmercedinas.com\\\/site\\\/#organization\",\"name\":\"NOTICIASMERCEDINAS.COM\",\"url\":\"https:\\\/\\\/noticiasmercedinas.com\\\/site\\\/\",\"logo\":{\"@type\":\"ImageObject\",\"inLanguage\":\"es\",\"@id\":\"https:\\\/\\\/noticiasmercedinas.com\\\/site\\\/#\\\/schema\\\/logo\\\/image\\\/\",\"url\":\"https:\\\/\\\/noticiasmercedinas.com\\\/site\\\/wp-content\\\/uploads\\\/2020\\\/06\\\/LOGO-512.jpg\",\"contentUrl\":\"https:\\\/\\\/noticiasmercedinas.com\\\/site\\\/wp-content\\\/uploads\\\/2020\\\/06\\\/LOGO-512.jpg\",\"width\":512,\"height\":512,\"caption\":\"NOTICIASMERCEDINAS.COM\"},\"image\":{\"@id\":\"https:\\\/\\\/noticiasmercedinas.com\\\/site\\\/#\\\/schema\\\/logo\\\/image\\\/\"},\"sameAs\":[\"https:\\\/\\\/www.facebook.com\\\/noticiasmercedinas\\\/\",\"https:\\\/\\\/x.com\\\/notmercedinas\",\"https:\\\/\\\/www.instagram.com\\\/noticiasmercedinas\\\/\"]},{\"@type\":\"Person\",\"@id\":\"https:\\\/\\\/noticiasmercedinas.com\\\/site\\\/#\\\/schema\\\/person\\\/d481a9696a5feaec13a60e2bbd991a6a\",\"name\":\"Cristian Falabella NOTICIASMERCEDINAS.COM\",\"image\":{\"@type\":\"ImageObject\",\"inLanguage\":\"es\",\"@id\":\"https:\\\/\\\/secure.gravatar.com\\\/avatar\\\/0dbbfc45970cc46bcd0e57766228574ff3511d6eed045b182f536f0f478c1f06?s=96&d=mm&r=g\",\"url\":\"https:\\\/\\\/secure.gravatar.com\\\/avatar\\\/0dbbfc45970cc46bcd0e57766228574ff3511d6eed045b182f536f0f478c1f06?s=96&d=mm&r=g\",\"contentUrl\":\"https:\\\/\\\/secure.gravatar.com\\\/avatar\\\/0dbbfc45970cc46bcd0e57766228574ff3511d6eed045b182f536f0f478c1f06?s=96&d=mm&r=g\",\"caption\":\"Cristian Falabella NOTICIASMERCEDINAS.COM\"},\"description\":\"Periodista, editor de Noticias Mercedinas. Pas\u00f3 por varias redacciones y emprendimientos de prensa, en distintos formatos y \u00e9pocas. Se especializ\u00f3 --y sigue haci\u00e9ndolo-- en comunicaci\u00f3n en la web y en junio de 2006 fund\u00f3 este diario digital.\",\"sameAs\":[\"https:\\\/\\\/noticiasmercedinas.com\",\"https:\\\/\\\/www.facebook.com\\\/cristian.falabella\",\"https:\\\/\\\/www.instagram.com\\\/noticiasmercedinas\\\/\",\"https:\\\/\\\/x.com\\\/https:\\\/\\\/twitter.com\\\/NOTMERCEDINAS\"],\"url\":\"https:\\\/\\\/noticiasmercedinas.com\\\/site\\\/author\\\/as000384\\\/\"}]}<\/script>\n<!-- \/ Yoast SEO plugin. -->","yoast_head_json":{"title":"Mercedes declarada \"ciudad amiga de las primeras infancias\"","robots":{"index":"index","follow":"follow","max-snippet":"max-snippet:-1","max-image-preview":"max-image-preview:large","max-video-preview":"max-video-preview:-1"},"canonical":"https:\/\/noticiasmercedinas.com\/site\/2019\/03\/06\/mercedes-declarada-ciudad-amiga-de-las-primeras-infancias\/","og_locale":"es_ES","og_type":"article","og_title":"Mercedes declarada \"ciudad amiga de las primeras infancias\"","og_description":"Mediante una carta de la Sociedad Argentina de la Primera Infancia (SAPI) llegada al municipio a principios de marzo, se supo que declararon a esta ciudad como \u00abAmiga de las Primeras Infancias\u00bb. Lo anunci\u00f3 esta noche en su discurso en el Teatro Argentino el intendente Juan Ignacio Ustarroz. Esto se da en el marco del [&hellip;]","og_url":"https:\/\/noticiasmercedinas.com\/site\/2019\/03\/06\/mercedes-declarada-ciudad-amiga-de-las-primeras-infancias\/","og_site_name":"NOTICIASMERCEDINAS.COM","article_publisher":"https:\/\/www.facebook.com\/noticiasmercedinas\/","article_author":"https:\/\/www.facebook.com\/cristian.falabella","article_published_time":"2019-03-06T23:48:11+00:00","article_modified_time":"2019-03-10T02:07:08+00:00","og_image":[{"width":994,"height":1280,"url":"https:\/\/noticiasmercedinas.com\/site\/wp-content\/uploads\/2019\/03\/IMG-20190306-WA0056.jpg","type":"image\/jpeg"}],"author":"Cristian Falabella NOTICIASMERCEDINAS.COM","twitter_card":"summary_large_image","twitter_creator":"@https:\/\/twitter.com\/NOTMERCEDINAS","twitter_site":"@notmercedinas","twitter_misc":{"Escrito por":"Cristian Falabella NOTICIASMERCEDINAS.COM","Tiempo de lectura":"1 minuto"},"schema":{"@context":"https:\/\/schema.org","@graph":[{"@type":"Article","@id":"https:\/\/noticiasmercedinas.com\/site\/2019\/03\/06\/mercedes-declarada-ciudad-amiga-de-las-primeras-infancias\/#article","isPartOf":{"@id":"https:\/\/noticiasmercedinas.com\/site\/2019\/03\/06\/mercedes-declarada-ciudad-amiga-de-las-primeras-infancias\/"},"author":{"name":"Cristian Falabella NOTICIASMERCEDINAS.COM","@id":"https:\/\/noticiasmercedinas.com\/site\/#\/schema\/person\/d481a9696a5feaec13a60e2bbd991a6a"},"headline":"Mercedes declarada \u00abciudad amiga de las primeras infancias\u00bb","datePublished":"2019-03-06T23:48:11+00:00","dateModified":"2019-03-10T02:07:08+00:00","mainEntityOfPage":{"@id":"https:\/\/noticiasmercedinas.com\/site\/2019\/03\/06\/mercedes-declarada-ciudad-amiga-de-las-primeras-infancias\/"},"wordCount":275,"commentCount":1,"publisher":{"@id":"https:\/\/noticiasmercedinas.com\/site\/#organization"},"image":{"@id":"https:\/\/noticiasmercedinas.com\/site\/2019\/03\/06\/mercedes-declarada-ciudad-amiga-de-las-primeras-infancias\/#primaryimage"},"thumbnailUrl":"https:\/\/noticiasmercedinas.com\/site\/wp-content\/uploads\/2019\/03\/IMG-20190306-WA0056.jpg","keywords":["apertura","juan ignacio ustarroz","mercedes","pablo cassiani","primera infancia","primeros mil dias","salud","SAPI","unicef"],"articleSection":["Sociedad"],"inLanguage":"es","potentialAction":[{"@type":"CommentAction","name":"Comment","target":["https:\/\/noticiasmercedinas.com\/site\/2019\/03\/06\/mercedes-declarada-ciudad-amiga-de-las-primeras-infancias\/#respond"]}]},{"@type":"WebPage","@id":"https:\/\/noticiasmercedinas.com\/site\/2019\/03\/06\/mercedes-declarada-ciudad-amiga-de-las-primeras-infancias\/","url":"https:\/\/noticiasmercedinas.com\/site\/2019\/03\/06\/mercedes-declarada-ciudad-amiga-de-las-primeras-infancias\/","name":"Mercedes declarada \"ciudad amiga de las primeras infancias\"","isPartOf":{"@id":"https:\/\/noticiasmercedinas.com\/site\/#website"},"primaryImageOfPage":{"@id":"https:\/\/noticiasmercedinas.com\/site\/2019\/03\/06\/mercedes-declarada-ciudad-amiga-de-las-primeras-infancias\/#primaryimage"},"image":{"@id":"https:\/\/noticiasmercedinas.com\/site\/2019\/03\/06\/mercedes-declarada-ciudad-amiga-de-las-primeras-infancias\/#primaryimage"},"thumbnailUrl":"https:\/\/noticiasmercedinas.com\/site\/wp-content\/uploads\/2019\/03\/IMG-20190306-WA0056.jpg","datePublished":"2019-03-06T23:48:11+00:00","dateModified":"2019-03-10T02:07:08+00:00","breadcrumb":{"@id":"https:\/\/noticiasmercedinas.com\/site\/2019\/03\/06\/mercedes-declarada-ciudad-amiga-de-las-primeras-infancias\/#breadcrumb"},"inLanguage":"es","potentialAction":[{"@type":"ReadAction","target":["https:\/\/noticiasmercedinas.com\/site\/2019\/03\/06\/mercedes-declarada-ciudad-amiga-de-las-primeras-infancias\/"]}]},{"@type":"ImageObject","inLanguage":"es","@id":"https:\/\/noticiasmercedinas.com\/site\/2019\/03\/06\/mercedes-declarada-ciudad-amiga-de-las-primeras-infancias\/#primaryimage","url":"https:\/\/noticiasmercedinas.com\/site\/wp-content\/uploads\/2019\/03\/IMG-20190306-WA0056.jpg","contentUrl":"https:\/\/noticiasmercedinas.com\/site\/wp-content\/uploads\/2019\/03\/IMG-20190306-WA0056.jpg","width":994,"height":1280},{"@type":"BreadcrumbList","@id":"https:\/\/noticiasmercedinas.com\/site\/2019\/03\/06\/mercedes-declarada-ciudad-amiga-de-las-primeras-infancias\/#breadcrumb","itemListElement":[{"@type":"ListItem","position":1,"name":"Portada","item":"https:\/\/noticiasmercedinas.com\/site\/"},{"@type":"ListItem","position":2,"name":"Mercedes declarada \u00abciudad amiga de las primeras infancias\u00bb"}]},{"@type":"WebSite","@id":"https:\/\/noticiasmercedinas.com\/site\/#website","url":"https:\/\/noticiasmercedinas.com\/site\/","name":"NOTICIASMERCEDINAS.COM","description":"Mercedes, Buenos Aires, Argentina","publisher":{"@id":"https:\/\/noticiasmercedinas.com\/site\/#organization"},"potentialAction":[{"@type":"SearchAction","target":{"@type":"EntryPoint","urlTemplate":"https:\/\/noticiasmercedinas.com\/site\/?s={search_term_string}"},"query-input":{"@type":"PropertyValueSpecification","valueRequired":true,"valueName":"search_term_string"}}],"inLanguage":"es"},{"@type":"Organization","@id":"https:\/\/noticiasmercedinas.com\/site\/#organization","name":"NOTICIASMERCEDINAS.COM","url":"https:\/\/noticiasmercedinas.com\/site\/","logo":{"@type":"ImageObject","inLanguage":"es","@id":"https:\/\/noticiasmercedinas.com\/site\/#\/schema\/logo\/image\/","url":"https:\/\/noticiasmercedinas.com\/site\/wp-content\/uploads\/2020\/06\/LOGO-512.jpg","contentUrl":"https:\/\/noticiasmercedinas.com\/site\/wp-content\/uploads\/2020\/06\/LOGO-512.jpg","width":512,"height":512,"caption":"NOTICIASMERCEDINAS.COM"},"image":{"@id":"https:\/\/noticiasmercedinas.com\/site\/#\/schema\/logo\/image\/"},"sameAs":["https:\/\/www.facebook.com\/noticiasmercedinas\/","https:\/\/x.com\/notmercedinas","https:\/\/www.instagram.com\/noticiasmercedinas\/"]},{"@type":"Person","@id":"https:\/\/noticiasmercedinas.com\/site\/#\/schema\/person\/d481a9696a5feaec13a60e2bbd991a6a","name":"Cristian Falabella NOTICIASMERCEDINAS.COM","image":{"@type":"ImageObject","inLanguage":"es","@id":"https:\/\/secure.gravatar.com\/avatar\/0dbbfc45970cc46bcd0e57766228574ff3511d6eed045b182f536f0f478c1f06?s=96&d=mm&r=g","url":"https:\/\/secure.gravatar.com\/avatar\/0dbbfc45970cc46bcd0e57766228574ff3511d6eed045b182f536f0f478c1f06?s=96&d=mm&r=g","contentUrl":"https:\/\/secure.gravatar.com\/avatar\/0dbbfc45970cc46bcd0e57766228574ff3511d6eed045b182f536f0f478c1f06?s=96&d=mm&r=g","caption":"Cristian Falabella NOTICIASMERCEDINAS.COM"},"description":"Periodista, editor de Noticias Mercedinas. Pas\u00f3 por varias redacciones y emprendimientos de prensa, en distintos formatos y \u00e9pocas. Se especializ\u00f3 --y sigue haci\u00e9ndolo-- en comunicaci\u00f3n en la web y en junio de 2006 fund\u00f3 este diario digital.","sameAs":["https:\/\/noticiasmercedinas.com","https:\/\/www.facebook.com\/cristian.falabella","https:\/\/www.instagram.com\/noticiasmercedinas\/","https:\/\/x.com\/https:\/\/twitter.com\/NOTMERCEDINAS"],"url":"https:\/\/noticiasmercedinas.com\/site\/author\/as000384\/"}]}},"amp_enabled":true,"_links":{"self":[{"href":"https:\/\/noticiasmercedinas.com\/site\/wp-json\/wp\/v2\/posts\/13493","targetHints":{"allow":["GET"]}}],"collection":[{"href":"https:\/\/noticiasmercedinas.com\/site\/wp-json\/wp\/v2\/posts"}],"about":[{"href":"https:\/\/noticiasmercedinas.com\/site\/wp-json\/wp\/v2\/types\/post"}],"author":[{"embeddable":true,"href":"https:\/\/noticiasmercedinas.com\/site\/wp-json\/wp\/v2\/users\/2"}],"replies":[{"embeddable":true,"href":"https:\/\/noticiasmercedinas.com\/site\/wp-json\/wp\/v2\/comments?post=13493"}],"version-history":[{"count":3,"href":"https:\/\/noticiasmercedinas.com\/site\/wp-json\/wp\/v2\/posts\/13493\/revisions"}],"predecessor-version":[{"id":13520,"href":"https:\/\/noticiasmercedinas.com\/site\/wp-json\/wp\/v2\/posts\/13493\/revisions\/13520"}],"wp:featuredmedia":[{"embeddable":true,"href":"https:\/\/noticiasmercedinas.com\/site\/wp-json\/wp\/v2\/media\/13492"}],"wp:attachment":[{"href":"https:\/\/noticiasmercedinas.com\/site\/wp-json\/wp\/v2\/media?parent=13493"}],"wp:term":[{"taxonomy":"category","embeddable":true,"href":"https:\/\/noticiasmercedinas.com\/site\/wp-json\/wp\/v2\/categories?post=13493"},{"taxonomy":"post_tag","embeddable":true,"href":"https:\/\/noticiasmercedinas.com\/site\/wp-json\/wp\/v2\/tags?post=13493"}],"curies":[{"name":"wp","href":"https:\/\/api.w.org\/{rel}","templated":true}]}}