{"id":134937,"date":"2024-04-26T19:52:49","date_gmt":"2024-04-26T22:52:49","guid":{"rendered":"https:\/\/noticiasmercedinas.com\/site\/?p=134937"},"modified":"2024-04-26T19:52:49","modified_gmt":"2024-04-26T22:52:49","slug":"de-local-club-mercedes-busca-volver-al-triunfo","status":"publish","type":"post","link":"https:\/\/noticiasmercedinas.com\/site\/2024\/04\/26\/de-local-club-mercedes-busca-volver-al-triunfo\/","title":{"rendered":"De local Club Mercedes busca volver al triunfo"},"content":{"rendered":"<figure id=\"attachment_134938\" aria-describedby=\"caption-attachment-134938\" style=\"width: 640px\" class=\"wp-caption alignnone\"><img loading=\"lazy\" decoding=\"async\" class=\"wp-image-134938 size-full\" src=\"https:\/\/noticiasmercedinas.com\/site\/wp-content\/uploads\/2024\/04\/mercedes.jpg\" alt=\"\" width=\"640\" height=\"480\" srcset=\"https:\/\/noticiasmercedinas.com\/site\/wp-content\/uploads\/2024\/04\/mercedes.jpg 640w, https:\/\/noticiasmercedinas.com\/site\/wp-content\/uploads\/2024\/04\/mercedes-300x225.jpg 300w, https:\/\/noticiasmercedinas.com\/site\/wp-content\/uploads\/2024\/04\/mercedes-80x60.jpg 80w, https:\/\/noticiasmercedinas.com\/site\/wp-content\/uploads\/2024\/04\/mercedes-160x120.jpg 160w, https:\/\/noticiasmercedinas.com\/site\/wp-content\/uploads\/2024\/04\/mercedes-100x75.jpg 100w, https:\/\/noticiasmercedinas.com\/site\/wp-content\/uploads\/2024\/04\/mercedes-200x150.jpg 200w, https:\/\/noticiasmercedinas.com\/site\/wp-content\/uploads\/2024\/04\/mercedes-180x135.jpg 180w, https:\/\/noticiasmercedinas.com\/site\/wp-content\/uploads\/2024\/04\/mercedes-360x270.jpg 360w, https:\/\/noticiasmercedinas.com\/site\/wp-content\/uploads\/2024\/04\/mercedes-238x178.jpg 238w, https:\/\/noticiasmercedinas.com\/site\/wp-content\/uploads\/2024\/04\/mercedes-476x356.jpg 476w\" sizes=\"auto, (max-width: 640px) 100vw, 640px\" \/><figcaption id=\"caption-attachment-134938\" class=\"wp-caption-text\">Entrenamiento del viernes por la ma\u00f1ana en Luj\u00e1n.<\/figcaption><\/figure>\n<p>Este s\u00e1bado 27 se iniciar\u00e1 la 15\u00b0 fecha de la Primera C, siendo local Club Mercedes frente al Deportivo Mu\u00f1iz al cual ya supo enfrentar en la Primera D. Los d\u00edas previos en el equipo dirigido por Oscar Mena han trascurrido con entrenamientos, para ser el \u00faltimo este viernes en Luj\u00e1n donde se aprovech\u00f3 el sint\u00e9tico del predio El Vag\u00f3n Deportivo a la vera del Acceso Oeste, mientras se gener\u00f3 una jornada de lluvias.<\/p>\n<p>El \u201cBlanquinegro\u201d viene de caer por la m\u00ednima ante General Lamadrid con un tanto de penal, aunque acarrea una serie de tres partidos sin sumar y con falta de gol. Con ello la meta para este s\u00e1bado es poder reencontrarse con un resultado en la Liga, enfrente estar\u00e1 un equipo que viene de quedar libre y perder 3-2 en Atlas ante Lamadrid por la 13\u00b0 jornada. Hoy Mu\u00f1iz suma 17 puntos, son 14 las unidades de Mercedes al momento.<\/p>\n<p>Las localidades se han estado vendiendo de manera anticipada desde el \u00faltimo mi\u00e9rcoles en distintos puntos, para este s\u00e1bado 12 a 15 se podr\u00e1n adquirir en el campo de deportes de H\u00e9roes de Malvinas y 60, luego se podr\u00e1n conseguir la misma cancha de la Liga Mercedina.<\/p>\n<p><strong>Historial<\/strong><br \/>\nEl 8 de mayo de 2022 el Deportivo Mu\u00f1iz le gan\u00f3 4-1 a Club Mercedes, descontando El\u00edas Vel\u00e1zquez en lo que fue el debut en Primera D. Ya el 23 de julio del mismo a\u00f1o empataron sin goles en la Liga. En el 2023 el 28 de mayo Mu\u00f1iz como visitante se impuso 0-3, el 8 de julio lo gan\u00f3 el \u201cBlanquinegro\u201d 3 a 2 con los tantos de Franco Gatti 2 y Nahuel Menseguez.\u00a0 Por \u00faltimo, el 15 de octubre de 2023 en Atlas fue 2-0 para Mu\u00f1iz.<\/p>\n<p><strong>Convocados<br \/>\n<\/strong>Los citados volver\u00e1n a reencontrarse este s\u00e1bado a las 14 en la Liga: Ulises Di Sandro y Mat\u00edas Caputo (arqueros). Joaqu\u00edn Cejas, M\u00e1ximo Puglisi. \u00a0Juli\u00e1n Correa, Gonzalo Pulido y Franco Cruz (defensores). Tom\u00e1s Chaparro, Rodrigo Torres, Emanuel Escuredo, Nicol\u00e1s Contardi, Juan Culio, Gast\u00f3n Maidana, Santiago Romagnoli y Pablo Almada (volantes). El\u00edas Vel\u00e1zquez, Daniel Lucero y Franco Gatti (delanteros).<\/p>\n<p><strong>S\u00e1bado 27 de abril<br \/>\nCancha:<\/strong> Liga Mercedina.<br \/>\nA las 15.30 Club Mercedes vs. Deportivo Mu\u00f1iz.<br \/>\n<strong>Arbitro:<\/strong> Juli\u00e1n Beligoy.<br \/>\n<strong>Asistentes:<\/strong> Juan Cingolani y Nicol\u00e1s Cavagnaro.<br \/>\n<strong>Cuarto \u00e1rbitro:<\/strong> Mateo Bocaccia.<\/p>\n<p><strong>S\u00e1bado 27<br \/>\n<\/strong>A las 15.30 Central C\u00f3rdoba vs. Lamadrid.<br \/>\nA las 15.30 Victoriano Arenas vs. JJ Urquiza.<br \/>\nA las 15.30 Alem vs. Yupanqui.<br \/>\nA las 15.30 Puerto Nuevo vs. Ituzaing\u00f3.<\/p>\n<p><strong>Domingo 28<\/strong><br \/>\nA las 15.30 Lugano vs. El Porvenir.<br \/>\nA las 15.30 Juventud Unida vs. Luj\u00e1n.<br \/>\nA las 15.30 Atlas vs. Argentino (Rosario).<br \/>\nA las 15.30 Central Ballester vs. Berazategui.<\/p>\n<p><strong>Lunes 29<\/strong><br \/>\nA las 15.30 Claypole vs. Sportivo Barracas.<br \/>\nA las 15.30 Centro Espa\u00f1ol vs. Deportivo Paraguayo. (en Midland).<\/p>\n<p><strong>Martes 30<\/strong><br \/>\nA las 15.30 Deportivo Espa\u00f1ol vs. Real Pilar.<\/p>\n<p><strong>Libre:<\/strong>\u00a0Defensores de Cambaceres.<\/p>\n<p><img loading=\"lazy\" decoding=\"async\" class=\"alignnone size-full wp-image-134939\" src=\"https:\/\/noticiasmercedinas.com\/site\/wp-content\/uploads\/2024\/04\/Primera-C-13.jpg\" alt=\"\" width=\"640\" height=\"759\" srcset=\"https:\/\/noticiasmercedinas.com\/site\/wp-content\/uploads\/2024\/04\/Primera-C-13.jpg 640w, https:\/\/noticiasmercedinas.com\/site\/wp-content\/uploads\/2024\/04\/Primera-C-13-253x300.jpg 253w\" sizes=\"auto, (max-width: 640px) 100vw, 640px\" \/><\/p>\n","protected":false},"excerpt":{"rendered":"<p>\u25a0 Recibe a Deportivo Mu\u00f1iz por la Primera C este s\u00e1bado 27 desde las 15.30 horas. Las entradas se podr\u00e1n conseguir en el campo de deportes y cancha de la Liga Mercedina.<\/p>\n","protected":false},"author":6,"featured_media":134938,"comment_status":"closed","ping_status":"closed","sticky":false,"template":"","format":"standard","meta":{"footnotes":""},"categories":[5],"tags":[6424,135,14247,6434],"class_list":["post-134937","post","type-post","status-publish","format-standard","has-post-thumbnail","hentry","category-deportes","tag-afa","tag-club-mercedes","tag-deportivo-muniz","tag-primera-c"],"yoast_head":"<!-- This site is optimized with the Yoast SEO plugin v27.5 - https:\/\/yoast.com\/product\/yoast-seo-wordpress\/ -->\n<title>De local Club Mercedes busca volver al triunfo<\/title>\n<meta name=\"robots\" content=\"index, follow, max-snippet:-1, max-image-preview:large, max-video-preview:-1\" \/>\n<link rel=\"canonical\" href=\"https:\/\/noticiasmercedinas.com\/site\/2024\/04\/26\/de-local-club-mercedes-busca-volver-al-triunfo\/\" \/>\n<meta property=\"og:locale\" content=\"es_ES\" \/>\n<meta property=\"og:type\" content=\"article\" \/>\n<meta property=\"og:title\" content=\"De local Club Mercedes busca volver al triunfo\" \/>\n<meta property=\"og:description\" content=\"\u25a0 Recibe a Deportivo Mu\u00f1iz por la Primera C este s\u00e1bado 27 desde las 15.30 horas. Las entradas se podr\u00e1n conseguir en el campo de deportes y cancha de la Liga Mercedina.\" \/>\n<meta property=\"og:url\" content=\"https:\/\/noticiasmercedinas.com\/site\/2024\/04\/26\/de-local-club-mercedes-busca-volver-al-triunfo\/\" \/>\n<meta property=\"og:site_name\" content=\"NOTICIASMERCEDINAS.COM\" \/>\n<meta property=\"article:publisher\" content=\"https:\/\/www.facebook.com\/noticiasmercedinas\/\" \/>\n<meta property=\"article:published_time\" content=\"2024-04-26T22:52:49+00:00\" \/>\n<meta property=\"og:image\" content=\"https:\/\/noticiasmercedinas.com\/site\/wp-content\/uploads\/2024\/04\/mercedes.jpg\" \/>\n\t<meta property=\"og:image:width\" content=\"640\" \/>\n\t<meta property=\"og:image:height\" content=\"480\" \/>\n\t<meta property=\"og:image:type\" content=\"image\/jpeg\" \/>\n<meta name=\"author\" content=\"Juan Dagnino NOTICIASMERCEDINAS.COM\" \/>\n<meta name=\"twitter:card\" content=\"summary_large_image\" \/>\n<meta name=\"twitter:creator\" content=\"@notmercedinas\" \/>\n<meta name=\"twitter:site\" content=\"@notmercedinas\" \/>\n<meta name=\"twitter:label1\" content=\"Escrito por\" \/>\n\t<meta name=\"twitter:data1\" content=\"Juan Dagnino NOTICIASMERCEDINAS.COM\" \/>\n\t<meta name=\"twitter:label2\" content=\"Tiempo de lectura\" \/>\n\t<meta name=\"twitter:data2\" content=\"3 minutos\" \/>\n<script type=\"application\/ld+json\" class=\"yoast-schema-graph\">{\"@context\":\"https:\\\/\\\/schema.org\",\"@graph\":[{\"@type\":\"Article\",\"@id\":\"https:\\\/\\\/noticiasmercedinas.com\\\/site\\\/2024\\\/04\\\/26\\\/de-local-club-mercedes-busca-volver-al-triunfo\\\/#article\",\"isPartOf\":{\"@id\":\"https:\\\/\\\/noticiasmercedinas.com\\\/site\\\/2024\\\/04\\\/26\\\/de-local-club-mercedes-busca-volver-al-triunfo\\\/\"},\"author\":{\"name\":\"Juan Dagnino NOTICIASMERCEDINAS.COM\",\"@id\":\"https:\\\/\\\/noticiasmercedinas.com\\\/site\\\/#\\\/schema\\\/person\\\/8f2f09d666ef40986eba4a5e6f2a06f9\"},\"headline\":\"De local Club Mercedes busca volver al triunfo\",\"datePublished\":\"2024-04-26T22:52:49+00:00\",\"mainEntityOfPage\":{\"@id\":\"https:\\\/\\\/noticiasmercedinas.com\\\/site\\\/2024\\\/04\\\/26\\\/de-local-club-mercedes-busca-volver-al-triunfo\\\/\"},\"wordCount\":498,\"publisher\":{\"@id\":\"https:\\\/\\\/noticiasmercedinas.com\\\/site\\\/#organization\"},\"image\":{\"@id\":\"https:\\\/\\\/noticiasmercedinas.com\\\/site\\\/2024\\\/04\\\/26\\\/de-local-club-mercedes-busca-volver-al-triunfo\\\/#primaryimage\"},\"thumbnailUrl\":\"https:\\\/\\\/noticiasmercedinas.com\\\/site\\\/wp-content\\\/uploads\\\/2024\\\/04\\\/mercedes.jpg\",\"keywords\":[\"AFA\",\"club mercedes\",\"Deportivo Mu\u00f1iz\",\"Primera C\"],\"articleSection\":[\"Deportes\"],\"inLanguage\":\"es\"},{\"@type\":\"WebPage\",\"@id\":\"https:\\\/\\\/noticiasmercedinas.com\\\/site\\\/2024\\\/04\\\/26\\\/de-local-club-mercedes-busca-volver-al-triunfo\\\/\",\"url\":\"https:\\\/\\\/noticiasmercedinas.com\\\/site\\\/2024\\\/04\\\/26\\\/de-local-club-mercedes-busca-volver-al-triunfo\\\/\",\"name\":\"De local Club Mercedes busca volver al triunfo\",\"isPartOf\":{\"@id\":\"https:\\\/\\\/noticiasmercedinas.com\\\/site\\\/#website\"},\"primaryImageOfPage\":{\"@id\":\"https:\\\/\\\/noticiasmercedinas.com\\\/site\\\/2024\\\/04\\\/26\\\/de-local-club-mercedes-busca-volver-al-triunfo\\\/#primaryimage\"},\"image\":{\"@id\":\"https:\\\/\\\/noticiasmercedinas.com\\\/site\\\/2024\\\/04\\\/26\\\/de-local-club-mercedes-busca-volver-al-triunfo\\\/#primaryimage\"},\"thumbnailUrl\":\"https:\\\/\\\/noticiasmercedinas.com\\\/site\\\/wp-content\\\/uploads\\\/2024\\\/04\\\/mercedes.jpg\",\"datePublished\":\"2024-04-26T22:52:49+00:00\",\"breadcrumb\":{\"@id\":\"https:\\\/\\\/noticiasmercedinas.com\\\/site\\\/2024\\\/04\\\/26\\\/de-local-club-mercedes-busca-volver-al-triunfo\\\/#breadcrumb\"},\"inLanguage\":\"es\",\"potentialAction\":[{\"@type\":\"ReadAction\",\"target\":[\"https:\\\/\\\/noticiasmercedinas.com\\\/site\\\/2024\\\/04\\\/26\\\/de-local-club-mercedes-busca-volver-al-triunfo\\\/\"]}]},{\"@type\":\"ImageObject\",\"inLanguage\":\"es\",\"@id\":\"https:\\\/\\\/noticiasmercedinas.com\\\/site\\\/2024\\\/04\\\/26\\\/de-local-club-mercedes-busca-volver-al-triunfo\\\/#primaryimage\",\"url\":\"https:\\\/\\\/noticiasmercedinas.com\\\/site\\\/wp-content\\\/uploads\\\/2024\\\/04\\\/mercedes.jpg\",\"contentUrl\":\"https:\\\/\\\/noticiasmercedinas.com\\\/site\\\/wp-content\\\/uploads\\\/2024\\\/04\\\/mercedes.jpg\",\"width\":640,\"height\":480},{\"@type\":\"BreadcrumbList\",\"@id\":\"https:\\\/\\\/noticiasmercedinas.com\\\/site\\\/2024\\\/04\\\/26\\\/de-local-club-mercedes-busca-volver-al-triunfo\\\/#breadcrumb\",\"itemListElement\":[{\"@type\":\"ListItem\",\"position\":1,\"name\":\"Portada\",\"item\":\"https:\\\/\\\/noticiasmercedinas.com\\\/site\\\/\"},{\"@type\":\"ListItem\",\"position\":2,\"name\":\"De local Club Mercedes busca volver al triunfo\"}]},{\"@type\":\"WebSite\",\"@id\":\"https:\\\/\\\/noticiasmercedinas.com\\\/site\\\/#website\",\"url\":\"https:\\\/\\\/noticiasmercedinas.com\\\/site\\\/\",\"name\":\"NOTICIASMERCEDINAS.COM\",\"description\":\"Mercedes, Buenos Aires, Argentina\",\"publisher\":{\"@id\":\"https:\\\/\\\/noticiasmercedinas.com\\\/site\\\/#organization\"},\"potentialAction\":[{\"@type\":\"SearchAction\",\"target\":{\"@type\":\"EntryPoint\",\"urlTemplate\":\"https:\\\/\\\/noticiasmercedinas.com\\\/site\\\/?s={search_term_string}\"},\"query-input\":{\"@type\":\"PropertyValueSpecification\",\"valueRequired\":true,\"valueName\":\"search_term_string\"}}],\"inLanguage\":\"es\"},{\"@type\":\"Organization\",\"@id\":\"https:\\\/\\\/noticiasmercedinas.com\\\/site\\\/#organization\",\"name\":\"NOTICIASMERCEDINAS.COM\",\"url\":\"https:\\\/\\\/noticiasmercedinas.com\\\/site\\\/\",\"logo\":{\"@type\":\"ImageObject\",\"inLanguage\":\"es\",\"@id\":\"https:\\\/\\\/noticiasmercedinas.com\\\/site\\\/#\\\/schema\\\/logo\\\/image\\\/\",\"url\":\"https:\\\/\\\/noticiasmercedinas.com\\\/site\\\/wp-content\\\/uploads\\\/2020\\\/06\\\/LOGO-512.jpg\",\"contentUrl\":\"https:\\\/\\\/noticiasmercedinas.com\\\/site\\\/wp-content\\\/uploads\\\/2020\\\/06\\\/LOGO-512.jpg\",\"width\":512,\"height\":512,\"caption\":\"NOTICIASMERCEDINAS.COM\"},\"image\":{\"@id\":\"https:\\\/\\\/noticiasmercedinas.com\\\/site\\\/#\\\/schema\\\/logo\\\/image\\\/\"},\"sameAs\":[\"https:\\\/\\\/www.facebook.com\\\/noticiasmercedinas\\\/\",\"https:\\\/\\\/x.com\\\/notmercedinas\",\"https:\\\/\\\/www.instagram.com\\\/noticiasmercedinas\\\/\"]},{\"@type\":\"Person\",\"@id\":\"https:\\\/\\\/noticiasmercedinas.com\\\/site\\\/#\\\/schema\\\/person\\\/8f2f09d666ef40986eba4a5e6f2a06f9\",\"name\":\"Juan Dagnino NOTICIASMERCEDINAS.COM\",\"image\":{\"@type\":\"ImageObject\",\"inLanguage\":\"es\",\"@id\":\"https:\\\/\\\/secure.gravatar.com\\\/avatar\\\/fc7059a769f5a3cae65fadb228a3e4accf3a64b4b2305020d0a27e6d5333c91b?s=96&d=mm&r=g\",\"url\":\"https:\\\/\\\/secure.gravatar.com\\\/avatar\\\/fc7059a769f5a3cae65fadb228a3e4accf3a64b4b2305020d0a27e6d5333c91b?s=96&d=mm&r=g\",\"contentUrl\":\"https:\\\/\\\/secure.gravatar.com\\\/avatar\\\/fc7059a769f5a3cae65fadb228a3e4accf3a64b4b2305020d0a27e6d5333c91b?s=96&d=mm&r=g\",\"caption\":\"Juan Dagnino NOTICIASMERCEDINAS.COM\"},\"url\":\"https:\\\/\\\/noticiasmercedinas.com\\\/site\\\/author\\\/juandagnino\\\/\"}]}<\/script>\n<!-- \/ Yoast SEO plugin. -->","yoast_head_json":{"title":"De local Club Mercedes busca volver al triunfo","robots":{"index":"index","follow":"follow","max-snippet":"max-snippet:-1","max-image-preview":"max-image-preview:large","max-video-preview":"max-video-preview:-1"},"canonical":"https:\/\/noticiasmercedinas.com\/site\/2024\/04\/26\/de-local-club-mercedes-busca-volver-al-triunfo\/","og_locale":"es_ES","og_type":"article","og_title":"De local Club Mercedes busca volver al triunfo","og_description":"\u25a0 Recibe a Deportivo Mu\u00f1iz por la Primera C este s\u00e1bado 27 desde las 15.30 horas. Las entradas se podr\u00e1n conseguir en el campo de deportes y cancha de la Liga Mercedina.","og_url":"https:\/\/noticiasmercedinas.com\/site\/2024\/04\/26\/de-local-club-mercedes-busca-volver-al-triunfo\/","og_site_name":"NOTICIASMERCEDINAS.COM","article_publisher":"https:\/\/www.facebook.com\/noticiasmercedinas\/","article_published_time":"2024-04-26T22:52:49+00:00","og_image":[{"width":640,"height":480,"url":"https:\/\/noticiasmercedinas.com\/site\/wp-content\/uploads\/2024\/04\/mercedes.jpg","type":"image\/jpeg"}],"author":"Juan Dagnino NOTICIASMERCEDINAS.COM","twitter_card":"summary_large_image","twitter_creator":"@notmercedinas","twitter_site":"@notmercedinas","twitter_misc":{"Escrito por":"Juan Dagnino NOTICIASMERCEDINAS.COM","Tiempo de lectura":"3 minutos"},"schema":{"@context":"https:\/\/schema.org","@graph":[{"@type":"Article","@id":"https:\/\/noticiasmercedinas.com\/site\/2024\/04\/26\/de-local-club-mercedes-busca-volver-al-triunfo\/#article","isPartOf":{"@id":"https:\/\/noticiasmercedinas.com\/site\/2024\/04\/26\/de-local-club-mercedes-busca-volver-al-triunfo\/"},"author":{"name":"Juan Dagnino NOTICIASMERCEDINAS.COM","@id":"https:\/\/noticiasmercedinas.com\/site\/#\/schema\/person\/8f2f09d666ef40986eba4a5e6f2a06f9"},"headline":"De local Club Mercedes busca volver al triunfo","datePublished":"2024-04-26T22:52:49+00:00","mainEntityOfPage":{"@id":"https:\/\/noticiasmercedinas.com\/site\/2024\/04\/26\/de-local-club-mercedes-busca-volver-al-triunfo\/"},"wordCount":498,"publisher":{"@id":"https:\/\/noticiasmercedinas.com\/site\/#organization"},"image":{"@id":"https:\/\/noticiasmercedinas.com\/site\/2024\/04\/26\/de-local-club-mercedes-busca-volver-al-triunfo\/#primaryimage"},"thumbnailUrl":"https:\/\/noticiasmercedinas.com\/site\/wp-content\/uploads\/2024\/04\/mercedes.jpg","keywords":["AFA","club mercedes","Deportivo Mu\u00f1iz","Primera C"],"articleSection":["Deportes"],"inLanguage":"es"},{"@type":"WebPage","@id":"https:\/\/noticiasmercedinas.com\/site\/2024\/04\/26\/de-local-club-mercedes-busca-volver-al-triunfo\/","url":"https:\/\/noticiasmercedinas.com\/site\/2024\/04\/26\/de-local-club-mercedes-busca-volver-al-triunfo\/","name":"De local Club Mercedes busca volver al triunfo","isPartOf":{"@id":"https:\/\/noticiasmercedinas.com\/site\/#website"},"primaryImageOfPage":{"@id":"https:\/\/noticiasmercedinas.com\/site\/2024\/04\/26\/de-local-club-mercedes-busca-volver-al-triunfo\/#primaryimage"},"image":{"@id":"https:\/\/noticiasmercedinas.com\/site\/2024\/04\/26\/de-local-club-mercedes-busca-volver-al-triunfo\/#primaryimage"},"thumbnailUrl":"https:\/\/noticiasmercedinas.com\/site\/wp-content\/uploads\/2024\/04\/mercedes.jpg","datePublished":"2024-04-26T22:52:49+00:00","breadcrumb":{"@id":"https:\/\/noticiasmercedinas.com\/site\/2024\/04\/26\/de-local-club-mercedes-busca-volver-al-triunfo\/#breadcrumb"},"inLanguage":"es","potentialAction":[{"@type":"ReadAction","target":["https:\/\/noticiasmercedinas.com\/site\/2024\/04\/26\/de-local-club-mercedes-busca-volver-al-triunfo\/"]}]},{"@type":"ImageObject","inLanguage":"es","@id":"https:\/\/noticiasmercedinas.com\/site\/2024\/04\/26\/de-local-club-mercedes-busca-volver-al-triunfo\/#primaryimage","url":"https:\/\/noticiasmercedinas.com\/site\/wp-content\/uploads\/2024\/04\/mercedes.jpg","contentUrl":"https:\/\/noticiasmercedinas.com\/site\/wp-content\/uploads\/2024\/04\/mercedes.jpg","width":640,"height":480},{"@type":"BreadcrumbList","@id":"https:\/\/noticiasmercedinas.com\/site\/2024\/04\/26\/de-local-club-mercedes-busca-volver-al-triunfo\/#breadcrumb","itemListElement":[{"@type":"ListItem","position":1,"name":"Portada","item":"https:\/\/noticiasmercedinas.com\/site\/"},{"@type":"ListItem","position":2,"name":"De local Club Mercedes busca volver al triunfo"}]},{"@type":"WebSite","@id":"https:\/\/noticiasmercedinas.com\/site\/#website","url":"https:\/\/noticiasmercedinas.com\/site\/","name":"NOTICIASMERCEDINAS.COM","description":"Mercedes, Buenos Aires, Argentina","publisher":{"@id":"https:\/\/noticiasmercedinas.com\/site\/#organization"},"potentialAction":[{"@type":"SearchAction","target":{"@type":"EntryPoint","urlTemplate":"https:\/\/noticiasmercedinas.com\/site\/?s={search_term_string}"},"query-input":{"@type":"PropertyValueSpecification","valueRequired":true,"valueName":"search_term_string"}}],"inLanguage":"es"},{"@type":"Organization","@id":"https:\/\/noticiasmercedinas.com\/site\/#organization","name":"NOTICIASMERCEDINAS.COM","url":"https:\/\/noticiasmercedinas.com\/site\/","logo":{"@type":"ImageObject","inLanguage":"es","@id":"https:\/\/noticiasmercedinas.com\/site\/#\/schema\/logo\/image\/","url":"https:\/\/noticiasmercedinas.com\/site\/wp-content\/uploads\/2020\/06\/LOGO-512.jpg","contentUrl":"https:\/\/noticiasmercedinas.com\/site\/wp-content\/uploads\/2020\/06\/LOGO-512.jpg","width":512,"height":512,"caption":"NOTICIASMERCEDINAS.COM"},"image":{"@id":"https:\/\/noticiasmercedinas.com\/site\/#\/schema\/logo\/image\/"},"sameAs":["https:\/\/www.facebook.com\/noticiasmercedinas\/","https:\/\/x.com\/notmercedinas","https:\/\/www.instagram.com\/noticiasmercedinas\/"]},{"@type":"Person","@id":"https:\/\/noticiasmercedinas.com\/site\/#\/schema\/person\/8f2f09d666ef40986eba4a5e6f2a06f9","name":"Juan Dagnino NOTICIASMERCEDINAS.COM","image":{"@type":"ImageObject","inLanguage":"es","@id":"https:\/\/secure.gravatar.com\/avatar\/fc7059a769f5a3cae65fadb228a3e4accf3a64b4b2305020d0a27e6d5333c91b?s=96&d=mm&r=g","url":"https:\/\/secure.gravatar.com\/avatar\/fc7059a769f5a3cae65fadb228a3e4accf3a64b4b2305020d0a27e6d5333c91b?s=96&d=mm&r=g","contentUrl":"https:\/\/secure.gravatar.com\/avatar\/fc7059a769f5a3cae65fadb228a3e4accf3a64b4b2305020d0a27e6d5333c91b?s=96&d=mm&r=g","caption":"Juan Dagnino NOTICIASMERCEDINAS.COM"},"url":"https:\/\/noticiasmercedinas.com\/site\/author\/juandagnino\/"}]}},"amp_enabled":true,"_links":{"self":[{"href":"https:\/\/noticiasmercedinas.com\/site\/wp-json\/wp\/v2\/posts\/134937","targetHints":{"allow":["GET"]}}],"collection":[{"href":"https:\/\/noticiasmercedinas.com\/site\/wp-json\/wp\/v2\/posts"}],"about":[{"href":"https:\/\/noticiasmercedinas.com\/site\/wp-json\/wp\/v2\/types\/post"}],"author":[{"embeddable":true,"href":"https:\/\/noticiasmercedinas.com\/site\/wp-json\/wp\/v2\/users\/6"}],"replies":[{"embeddable":true,"href":"https:\/\/noticiasmercedinas.com\/site\/wp-json\/wp\/v2\/comments?post=134937"}],"version-history":[{"count":1,"href":"https:\/\/noticiasmercedinas.com\/site\/wp-json\/wp\/v2\/posts\/134937\/revisions"}],"predecessor-version":[{"id":134940,"href":"https:\/\/noticiasmercedinas.com\/site\/wp-json\/wp\/v2\/posts\/134937\/revisions\/134940"}],"wp:featuredmedia":[{"embeddable":true,"href":"https:\/\/noticiasmercedinas.com\/site\/wp-json\/wp\/v2\/media\/134938"}],"wp:attachment":[{"href":"https:\/\/noticiasmercedinas.com\/site\/wp-json\/wp\/v2\/media?parent=134937"}],"wp:term":[{"taxonomy":"category","embeddable":true,"href":"https:\/\/noticiasmercedinas.com\/site\/wp-json\/wp\/v2\/categories?post=134937"},{"taxonomy":"post_tag","embeddable":true,"href":"https:\/\/noticiasmercedinas.com\/site\/wp-json\/wp\/v2\/tags?post=134937"}],"curies":[{"name":"wp","href":"https:\/\/api.w.org\/{rel}","templated":true}]}}