{"id":134979,"date":"2024-04-27T12:09:33","date_gmt":"2024-04-27T15:09:33","guid":{"rendered":"https:\/\/noticiasmercedinas.com\/site\/?p=134979"},"modified":"2024-04-27T12:10:55","modified_gmt":"2024-04-27T15:10:55","slug":"rulo-godar-y-nacion-wiphala-vuelven-a-tocar-en-la-ciudad-de-buenos-aires","status":"publish","type":"post","link":"https:\/\/noticiasmercedinas.com\/site\/2024\/04\/27\/rulo-godar-y-nacion-wiphala-vuelven-a-tocar-en-la-ciudad-de-buenos-aires\/","title":{"rendered":"Rulo Godar y Naci\u00f3n Wiphala vuelven a tocar en la Ciudad de Buenos Aires"},"content":{"rendered":"<p><img loading=\"lazy\" decoding=\"async\" class=\"alignnone size-full wp-image-122908\" src=\"https:\/\/noticiasmercedinas.com\/site\/wp-content\/uploads\/2023\/09\/rulo.jpg\" alt=\"\" width=\"1007\" height=\"624\" srcset=\"https:\/\/noticiasmercedinas.com\/site\/wp-content\/uploads\/2023\/09\/rulo.jpg 1007w, https:\/\/noticiasmercedinas.com\/site\/wp-content\/uploads\/2023\/09\/rulo-300x186.jpg 300w, https:\/\/noticiasmercedinas.com\/site\/wp-content\/uploads\/2023\/09\/rulo-768x476.jpg 768w, https:\/\/noticiasmercedinas.com\/site\/wp-content\/uploads\/2023\/09\/rulo-640x397.jpg 640w, https:\/\/noticiasmercedinas.com\/site\/wp-content\/uploads\/2023\/09\/rulo-681x422.jpg 681w\" sizes=\"auto, (max-width: 1007px) 100vw, 1007px\" \/><\/p>\n<p>El pr\u00f3ximo viernes 3 de mayo, la banda liderada por <strong>Rulo Godar<\/strong>, acompa\u00f1ado de <strong>Naci\u00f3n Wiphala<\/strong>, regresa a los escenarios porte\u00f1os para abrir el concierto de presentaci\u00f3n del disco de Hacha de Papel, \u00abCruel comedia divina\u00bb, en <strong>La Tangente<\/strong> de Palermo.<\/p>\n<p>El evento promete una noche llena de m\u00fasica en la que Rulo Godar &amp; Naci\u00f3n Wiphala estar\u00e1n en formato ac\u00fastico, acompa\u00f1ados por Franco Dicatarina y Jo Marcel, presentando algunas canciones de su pr\u00f3ximo EP \u00abTres Inviernos\u00bb.<\/p>\n<p>El set de apertura tendr\u00e1 una duraci\u00f3n de 45 minutos, dando paso luego a la presentaci\u00f3n de Hacha de Papel.<\/p>\n<p>\u00abSer\u00e1 lindo volver a vernos, ahora en formato ac\u00fastico junto a Franco Dicatarina y Jo Marcel presentando algunas canciones de nuestro pr\u00f3ximo EP &#8216;Tres Inviernos&#8217;. El concierto de apertura ser\u00e1 de 45 minutos, as\u00ed que si quieres vernos en vivo en este nuevo formato, venite y luego escuch\u00e1s a la zarpada bandaza que son los Hacha\u00bb, mencion\u00f3 Rulo Godar.<\/p>\n<p>Las entradas para el evento ya est\u00e1n a la venta y pueden adquirirse a trav\u00e9s del siguiente enlace: <a href=\"https:\/\/tickets.latangente.com.ar\/musica\/hacha-de-papel\" target=\"_new\" rel=\"noopener\">https:\/\/tickets.latangente.com.ar\/musica\/hacha-de-papel<\/a><\/p>\n<p>Para quienes no puedan asistir, la m\u00fasica de Rulo Godar &amp; Naci\u00f3n Wiphala est\u00e1 disponible en Spotify: <a href=\"https:\/\/open.spotify.com\/intl-es\/artist\/0XMKzZ3QJ1xAzjhPaWZl1X?si=yt7PbAakT5ylNd_46B-02Q\" target=\"_new\" rel=\"noopener\">https:\/\/open.spotify.com\/intl-es\/artist\/0XMKzZ3QJ1xAzjhPaWZl1X?si=yt7PbAakT5ylNd_46B-02Q<\/a><\/p>\n<p>\u00abGracias siempre por estar,\u00bb expres\u00f3 Rulo Godar a la espera de quienes puedan ser pate de la presentaci\u00f3n en CABA en Honduras\u00a0 5317, barrio de Palermo.<\/p>\n<p><img loading=\"lazy\" decoding=\"async\" class=\"alignnone size-full wp-image-134980\" src=\"https:\/\/noticiasmercedinas.com\/site\/wp-content\/uploads\/2024\/04\/b6a5a51f-86e1-4ccf-a2bc-98feb58b1c28.jpeg\" alt=\"\" width=\"1600\" height=\"1600\" srcset=\"https:\/\/noticiasmercedinas.com\/site\/wp-content\/uploads\/2024\/04\/b6a5a51f-86e1-4ccf-a2bc-98feb58b1c28.jpeg 1600w, https:\/\/noticiasmercedinas.com\/site\/wp-content\/uploads\/2024\/04\/b6a5a51f-86e1-4ccf-a2bc-98feb58b1c28-300x300.jpeg 300w, https:\/\/noticiasmercedinas.com\/site\/wp-content\/uploads\/2024\/04\/b6a5a51f-86e1-4ccf-a2bc-98feb58b1c28-1024x1024.jpeg 1024w, https:\/\/noticiasmercedinas.com\/site\/wp-content\/uploads\/2024\/04\/b6a5a51f-86e1-4ccf-a2bc-98feb58b1c28-150x150.jpeg 150w, https:\/\/noticiasmercedinas.com\/site\/wp-content\/uploads\/2024\/04\/b6a5a51f-86e1-4ccf-a2bc-98feb58b1c28-768x768.jpeg 768w, https:\/\/noticiasmercedinas.com\/site\/wp-content\/uploads\/2024\/04\/b6a5a51f-86e1-4ccf-a2bc-98feb58b1c28-1536x1536.jpeg 1536w, https:\/\/noticiasmercedinas.com\/site\/wp-content\/uploads\/2024\/04\/b6a5a51f-86e1-4ccf-a2bc-98feb58b1c28-640x640.jpeg 640w, https:\/\/noticiasmercedinas.com\/site\/wp-content\/uploads\/2024\/04\/b6a5a51f-86e1-4ccf-a2bc-98feb58b1c28-1280x1280.jpeg 1280w, https:\/\/noticiasmercedinas.com\/site\/wp-content\/uploads\/2024\/04\/b6a5a51f-86e1-4ccf-a2bc-98feb58b1c28-681x681.jpeg 681w, https:\/\/noticiasmercedinas.com\/site\/wp-content\/uploads\/2024\/04\/b6a5a51f-86e1-4ccf-a2bc-98feb58b1c28-1362x1362.jpeg 1362w\" sizes=\"auto, (max-width: 1600px) 100vw, 1600px\" \/><\/p>\n","protected":false},"excerpt":{"rendered":"<p>\u25a0 El pr\u00f3ximo 3 de mayo la banda regresa a los escenarios porte\u00f1os para abrir el concierto de presentaci\u00f3n del disco de Hacha de Papel, en La Tangente de Palermo.<\/p>\n","protected":false},"author":16,"featured_media":122908,"comment_status":"closed","ping_status":"closed","sticky":false,"template":"","format":"standard","meta":{"footnotes":""},"categories":[4],"tags":[18230,4437,207,6178],"class_list":["post-134979","post","type-post","status-publish","format-standard","has-post-thumbnail","hentry","category-cultura","tag-la-tangente","tag-palermo","tag-rock","tag-rulo-godar-y-nacion-wiphala"],"yoast_head":"<!-- This site is optimized with the Yoast SEO plugin v27.5 - https:\/\/yoast.com\/product\/yoast-seo-wordpress\/ -->\n<title>Rulo Godar y Naci\u00f3n Wiphala vuelven a tocar en la Ciudad de Buenos Aires<\/title>\n<meta name=\"robots\" content=\"index, follow, max-snippet:-1, max-image-preview:large, max-video-preview:-1\" \/>\n<link rel=\"canonical\" href=\"https:\/\/noticiasmercedinas.com\/site\/2024\/04\/27\/rulo-godar-y-nacion-wiphala-vuelven-a-tocar-en-la-ciudad-de-buenos-aires\/\" \/>\n<meta property=\"og:locale\" content=\"es_ES\" \/>\n<meta property=\"og:type\" content=\"article\" \/>\n<meta property=\"og:title\" content=\"Rulo Godar y Naci\u00f3n Wiphala vuelven a tocar en la Ciudad de Buenos Aires\" \/>\n<meta property=\"og:description\" content=\"\u25a0 El pr\u00f3ximo 3 de mayo la banda regresa a los escenarios porte\u00f1os para abrir el concierto de presentaci\u00f3n del disco de Hacha de Papel, en La Tangente de Palermo.\" \/>\n<meta property=\"og:url\" content=\"https:\/\/noticiasmercedinas.com\/site\/2024\/04\/27\/rulo-godar-y-nacion-wiphala-vuelven-a-tocar-en-la-ciudad-de-buenos-aires\/\" \/>\n<meta property=\"og:site_name\" content=\"NOTICIASMERCEDINAS.COM\" \/>\n<meta property=\"article:publisher\" content=\"https:\/\/www.facebook.com\/noticiasmercedinas\/\" \/>\n<meta property=\"article:published_time\" content=\"2024-04-27T15:09:33+00:00\" \/>\n<meta property=\"article:modified_time\" content=\"2024-04-27T15:10:55+00:00\" \/>\n<meta property=\"og:image\" content=\"https:\/\/noticiasmercedinas.com\/site\/wp-content\/uploads\/2023\/09\/rulo.jpg\" \/>\n\t<meta property=\"og:image:width\" content=\"1007\" \/>\n\t<meta property=\"og:image:height\" content=\"624\" \/>\n\t<meta property=\"og:image:type\" content=\"image\/jpeg\" \/>\n<meta name=\"author\" content=\"NOTICIASMERCEDINAS.COM\" \/>\n<meta name=\"twitter:card\" content=\"summary_large_image\" \/>\n<meta name=\"twitter:creator\" content=\"@notmercedinas\" \/>\n<meta name=\"twitter:site\" content=\"@notmercedinas\" \/>\n<meta name=\"twitter:label1\" content=\"Escrito por\" \/>\n\t<meta name=\"twitter:data1\" content=\"NOTICIASMERCEDINAS.COM\" \/>\n\t<meta name=\"twitter:label2\" content=\"Tiempo de lectura\" \/>\n\t<meta name=\"twitter:data2\" content=\"2 minutos\" \/>\n<script type=\"application\/ld+json\" class=\"yoast-schema-graph\">{\"@context\":\"https:\\\/\\\/schema.org\",\"@graph\":[{\"@type\":\"Article\",\"@id\":\"https:\\\/\\\/noticiasmercedinas.com\\\/site\\\/2024\\\/04\\\/27\\\/rulo-godar-y-nacion-wiphala-vuelven-a-tocar-en-la-ciudad-de-buenos-aires\\\/#article\",\"isPartOf\":{\"@id\":\"https:\\\/\\\/noticiasmercedinas.com\\\/site\\\/2024\\\/04\\\/27\\\/rulo-godar-y-nacion-wiphala-vuelven-a-tocar-en-la-ciudad-de-buenos-aires\\\/\"},\"author\":{\"name\":\"NOTICIASMERCEDINAS.COM\",\"@id\":\"https:\\\/\\\/noticiasmercedinas.com\\\/site\\\/#\\\/schema\\\/person\\\/84b59c099c28ff2e8b77d4ceec5d8063\"},\"headline\":\"Rulo Godar y Naci\u00f3n Wiphala vuelven a tocar en la Ciudad de Buenos Aires\",\"datePublished\":\"2024-04-27T15:09:33+00:00\",\"dateModified\":\"2024-04-27T15:10:55+00:00\",\"mainEntityOfPage\":{\"@id\":\"https:\\\/\\\/noticiasmercedinas.com\\\/site\\\/2024\\\/04\\\/27\\\/rulo-godar-y-nacion-wiphala-vuelven-a-tocar-en-la-ciudad-de-buenos-aires\\\/\"},\"wordCount\":272,\"publisher\":{\"@id\":\"https:\\\/\\\/noticiasmercedinas.com\\\/site\\\/#organization\"},\"image\":{\"@id\":\"https:\\\/\\\/noticiasmercedinas.com\\\/site\\\/2024\\\/04\\\/27\\\/rulo-godar-y-nacion-wiphala-vuelven-a-tocar-en-la-ciudad-de-buenos-aires\\\/#primaryimage\"},\"thumbnailUrl\":\"https:\\\/\\\/noticiasmercedinas.com\\\/site\\\/wp-content\\\/uploads\\\/2023\\\/09\\\/rulo.jpg\",\"keywords\":[\"La Tangente\",\"palermo\",\"rock\",\"rulo godar y nacion wiphala\"],\"articleSection\":[\"Cultura\"],\"inLanguage\":\"es\"},{\"@type\":\"WebPage\",\"@id\":\"https:\\\/\\\/noticiasmercedinas.com\\\/site\\\/2024\\\/04\\\/27\\\/rulo-godar-y-nacion-wiphala-vuelven-a-tocar-en-la-ciudad-de-buenos-aires\\\/\",\"url\":\"https:\\\/\\\/noticiasmercedinas.com\\\/site\\\/2024\\\/04\\\/27\\\/rulo-godar-y-nacion-wiphala-vuelven-a-tocar-en-la-ciudad-de-buenos-aires\\\/\",\"name\":\"Rulo Godar y Naci\u00f3n Wiphala vuelven a tocar en la Ciudad de Buenos Aires\",\"isPartOf\":{\"@id\":\"https:\\\/\\\/noticiasmercedinas.com\\\/site\\\/#website\"},\"primaryImageOfPage\":{\"@id\":\"https:\\\/\\\/noticiasmercedinas.com\\\/site\\\/2024\\\/04\\\/27\\\/rulo-godar-y-nacion-wiphala-vuelven-a-tocar-en-la-ciudad-de-buenos-aires\\\/#primaryimage\"},\"image\":{\"@id\":\"https:\\\/\\\/noticiasmercedinas.com\\\/site\\\/2024\\\/04\\\/27\\\/rulo-godar-y-nacion-wiphala-vuelven-a-tocar-en-la-ciudad-de-buenos-aires\\\/#primaryimage\"},\"thumbnailUrl\":\"https:\\\/\\\/noticiasmercedinas.com\\\/site\\\/wp-content\\\/uploads\\\/2023\\\/09\\\/rulo.jpg\",\"datePublished\":\"2024-04-27T15:09:33+00:00\",\"dateModified\":\"2024-04-27T15:10:55+00:00\",\"breadcrumb\":{\"@id\":\"https:\\\/\\\/noticiasmercedinas.com\\\/site\\\/2024\\\/04\\\/27\\\/rulo-godar-y-nacion-wiphala-vuelven-a-tocar-en-la-ciudad-de-buenos-aires\\\/#breadcrumb\"},\"inLanguage\":\"es\",\"potentialAction\":[{\"@type\":\"ReadAction\",\"target\":[\"https:\\\/\\\/noticiasmercedinas.com\\\/site\\\/2024\\\/04\\\/27\\\/rulo-godar-y-nacion-wiphala-vuelven-a-tocar-en-la-ciudad-de-buenos-aires\\\/\"]}]},{\"@type\":\"ImageObject\",\"inLanguage\":\"es\",\"@id\":\"https:\\\/\\\/noticiasmercedinas.com\\\/site\\\/2024\\\/04\\\/27\\\/rulo-godar-y-nacion-wiphala-vuelven-a-tocar-en-la-ciudad-de-buenos-aires\\\/#primaryimage\",\"url\":\"https:\\\/\\\/noticiasmercedinas.com\\\/site\\\/wp-content\\\/uploads\\\/2023\\\/09\\\/rulo.jpg\",\"contentUrl\":\"https:\\\/\\\/noticiasmercedinas.com\\\/site\\\/wp-content\\\/uploads\\\/2023\\\/09\\\/rulo.jpg\",\"width\":1007,\"height\":624},{\"@type\":\"BreadcrumbList\",\"@id\":\"https:\\\/\\\/noticiasmercedinas.com\\\/site\\\/2024\\\/04\\\/27\\\/rulo-godar-y-nacion-wiphala-vuelven-a-tocar-en-la-ciudad-de-buenos-aires\\\/#breadcrumb\",\"itemListElement\":[{\"@type\":\"ListItem\",\"position\":1,\"name\":\"Portada\",\"item\":\"https:\\\/\\\/noticiasmercedinas.com\\\/site\\\/\"},{\"@type\":\"ListItem\",\"position\":2,\"name\":\"Rulo Godar y Naci\u00f3n Wiphala vuelven a tocar en la Ciudad de Buenos Aires\"}]},{\"@type\":\"WebSite\",\"@id\":\"https:\\\/\\\/noticiasmercedinas.com\\\/site\\\/#website\",\"url\":\"https:\\\/\\\/noticiasmercedinas.com\\\/site\\\/\",\"name\":\"NOTICIASMERCEDINAS.COM\",\"description\":\"Mercedes, Buenos Aires, Argentina\",\"publisher\":{\"@id\":\"https:\\\/\\\/noticiasmercedinas.com\\\/site\\\/#organization\"},\"potentialAction\":[{\"@type\":\"SearchAction\",\"target\":{\"@type\":\"EntryPoint\",\"urlTemplate\":\"https:\\\/\\\/noticiasmercedinas.com\\\/site\\\/?s={search_term_string}\"},\"query-input\":{\"@type\":\"PropertyValueSpecification\",\"valueRequired\":true,\"valueName\":\"search_term_string\"}}],\"inLanguage\":\"es\"},{\"@type\":\"Organization\",\"@id\":\"https:\\\/\\\/noticiasmercedinas.com\\\/site\\\/#organization\",\"name\":\"NOTICIASMERCEDINAS.COM\",\"url\":\"https:\\\/\\\/noticiasmercedinas.com\\\/site\\\/\",\"logo\":{\"@type\":\"ImageObject\",\"inLanguage\":\"es\",\"@id\":\"https:\\\/\\\/noticiasmercedinas.com\\\/site\\\/#\\\/schema\\\/logo\\\/image\\\/\",\"url\":\"https:\\\/\\\/noticiasmercedinas.com\\\/site\\\/wp-content\\\/uploads\\\/2020\\\/06\\\/LOGO-512.jpg\",\"contentUrl\":\"https:\\\/\\\/noticiasmercedinas.com\\\/site\\\/wp-content\\\/uploads\\\/2020\\\/06\\\/LOGO-512.jpg\",\"width\":512,\"height\":512,\"caption\":\"NOTICIASMERCEDINAS.COM\"},\"image\":{\"@id\":\"https:\\\/\\\/noticiasmercedinas.com\\\/site\\\/#\\\/schema\\\/logo\\\/image\\\/\"},\"sameAs\":[\"https:\\\/\\\/www.facebook.com\\\/noticiasmercedinas\\\/\",\"https:\\\/\\\/x.com\\\/notmercedinas\",\"https:\\\/\\\/www.instagram.com\\\/noticiasmercedinas\\\/\"]},{\"@type\":\"Person\",\"@id\":\"https:\\\/\\\/noticiasmercedinas.com\\\/site\\\/#\\\/schema\\\/person\\\/84b59c099c28ff2e8b77d4ceec5d8063\",\"name\":\"NOTICIASMERCEDINAS.COM\",\"image\":{\"@type\":\"ImageObject\",\"inLanguage\":\"es\",\"@id\":\"https:\\\/\\\/secure.gravatar.com\\\/avatar\\\/4dfbf16b4d17945bfb6341b2d19043457132fcf478a5ee04f42e959fd8f5df0a?s=96&d=mm&r=g\",\"url\":\"https:\\\/\\\/secure.gravatar.com\\\/avatar\\\/4dfbf16b4d17945bfb6341b2d19043457132fcf478a5ee04f42e959fd8f5df0a?s=96&d=mm&r=g\",\"contentUrl\":\"https:\\\/\\\/secure.gravatar.com\\\/avatar\\\/4dfbf16b4d17945bfb6341b2d19043457132fcf478a5ee04f42e959fd8f5df0a?s=96&d=mm&r=g\",\"caption\":\"NOTICIASMERCEDINAS.COM\"},\"url\":\"https:\\\/\\\/noticiasmercedinas.com\\\/site\\\/author\\\/anonimo\\\/\"}]}<\/script>\n<!-- \/ Yoast SEO plugin. -->","yoast_head_json":{"title":"Rulo Godar y Naci\u00f3n Wiphala vuelven a tocar en la Ciudad de Buenos Aires","robots":{"index":"index","follow":"follow","max-snippet":"max-snippet:-1","max-image-preview":"max-image-preview:large","max-video-preview":"max-video-preview:-1"},"canonical":"https:\/\/noticiasmercedinas.com\/site\/2024\/04\/27\/rulo-godar-y-nacion-wiphala-vuelven-a-tocar-en-la-ciudad-de-buenos-aires\/","og_locale":"es_ES","og_type":"article","og_title":"Rulo Godar y Naci\u00f3n Wiphala vuelven a tocar en la Ciudad de Buenos Aires","og_description":"\u25a0 El pr\u00f3ximo 3 de mayo la banda regresa a los escenarios porte\u00f1os para abrir el concierto de presentaci\u00f3n del disco de Hacha de Papel, en La Tangente de Palermo.","og_url":"https:\/\/noticiasmercedinas.com\/site\/2024\/04\/27\/rulo-godar-y-nacion-wiphala-vuelven-a-tocar-en-la-ciudad-de-buenos-aires\/","og_site_name":"NOTICIASMERCEDINAS.COM","article_publisher":"https:\/\/www.facebook.com\/noticiasmercedinas\/","article_published_time":"2024-04-27T15:09:33+00:00","article_modified_time":"2024-04-27T15:10:55+00:00","og_image":[{"width":1007,"height":624,"url":"https:\/\/noticiasmercedinas.com\/site\/wp-content\/uploads\/2023\/09\/rulo.jpg","type":"image\/jpeg"}],"author":"NOTICIASMERCEDINAS.COM","twitter_card":"summary_large_image","twitter_creator":"@notmercedinas","twitter_site":"@notmercedinas","twitter_misc":{"Escrito por":"NOTICIASMERCEDINAS.COM","Tiempo de lectura":"2 minutos"},"schema":{"@context":"https:\/\/schema.org","@graph":[{"@type":"Article","@id":"https:\/\/noticiasmercedinas.com\/site\/2024\/04\/27\/rulo-godar-y-nacion-wiphala-vuelven-a-tocar-en-la-ciudad-de-buenos-aires\/#article","isPartOf":{"@id":"https:\/\/noticiasmercedinas.com\/site\/2024\/04\/27\/rulo-godar-y-nacion-wiphala-vuelven-a-tocar-en-la-ciudad-de-buenos-aires\/"},"author":{"name":"NOTICIASMERCEDINAS.COM","@id":"https:\/\/noticiasmercedinas.com\/site\/#\/schema\/person\/84b59c099c28ff2e8b77d4ceec5d8063"},"headline":"Rulo Godar y Naci\u00f3n Wiphala vuelven a tocar en la Ciudad de Buenos Aires","datePublished":"2024-04-27T15:09:33+00:00","dateModified":"2024-04-27T15:10:55+00:00","mainEntityOfPage":{"@id":"https:\/\/noticiasmercedinas.com\/site\/2024\/04\/27\/rulo-godar-y-nacion-wiphala-vuelven-a-tocar-en-la-ciudad-de-buenos-aires\/"},"wordCount":272,"publisher":{"@id":"https:\/\/noticiasmercedinas.com\/site\/#organization"},"image":{"@id":"https:\/\/noticiasmercedinas.com\/site\/2024\/04\/27\/rulo-godar-y-nacion-wiphala-vuelven-a-tocar-en-la-ciudad-de-buenos-aires\/#primaryimage"},"thumbnailUrl":"https:\/\/noticiasmercedinas.com\/site\/wp-content\/uploads\/2023\/09\/rulo.jpg","keywords":["La Tangente","palermo","rock","rulo godar y nacion wiphala"],"articleSection":["Cultura"],"inLanguage":"es"},{"@type":"WebPage","@id":"https:\/\/noticiasmercedinas.com\/site\/2024\/04\/27\/rulo-godar-y-nacion-wiphala-vuelven-a-tocar-en-la-ciudad-de-buenos-aires\/","url":"https:\/\/noticiasmercedinas.com\/site\/2024\/04\/27\/rulo-godar-y-nacion-wiphala-vuelven-a-tocar-en-la-ciudad-de-buenos-aires\/","name":"Rulo Godar y Naci\u00f3n Wiphala vuelven a tocar en la Ciudad de Buenos Aires","isPartOf":{"@id":"https:\/\/noticiasmercedinas.com\/site\/#website"},"primaryImageOfPage":{"@id":"https:\/\/noticiasmercedinas.com\/site\/2024\/04\/27\/rulo-godar-y-nacion-wiphala-vuelven-a-tocar-en-la-ciudad-de-buenos-aires\/#primaryimage"},"image":{"@id":"https:\/\/noticiasmercedinas.com\/site\/2024\/04\/27\/rulo-godar-y-nacion-wiphala-vuelven-a-tocar-en-la-ciudad-de-buenos-aires\/#primaryimage"},"thumbnailUrl":"https:\/\/noticiasmercedinas.com\/site\/wp-content\/uploads\/2023\/09\/rulo.jpg","datePublished":"2024-04-27T15:09:33+00:00","dateModified":"2024-04-27T15:10:55+00:00","breadcrumb":{"@id":"https:\/\/noticiasmercedinas.com\/site\/2024\/04\/27\/rulo-godar-y-nacion-wiphala-vuelven-a-tocar-en-la-ciudad-de-buenos-aires\/#breadcrumb"},"inLanguage":"es","potentialAction":[{"@type":"ReadAction","target":["https:\/\/noticiasmercedinas.com\/site\/2024\/04\/27\/rulo-godar-y-nacion-wiphala-vuelven-a-tocar-en-la-ciudad-de-buenos-aires\/"]}]},{"@type":"ImageObject","inLanguage":"es","@id":"https:\/\/noticiasmercedinas.com\/site\/2024\/04\/27\/rulo-godar-y-nacion-wiphala-vuelven-a-tocar-en-la-ciudad-de-buenos-aires\/#primaryimage","url":"https:\/\/noticiasmercedinas.com\/site\/wp-content\/uploads\/2023\/09\/rulo.jpg","contentUrl":"https:\/\/noticiasmercedinas.com\/site\/wp-content\/uploads\/2023\/09\/rulo.jpg","width":1007,"height":624},{"@type":"BreadcrumbList","@id":"https:\/\/noticiasmercedinas.com\/site\/2024\/04\/27\/rulo-godar-y-nacion-wiphala-vuelven-a-tocar-en-la-ciudad-de-buenos-aires\/#breadcrumb","itemListElement":[{"@type":"ListItem","position":1,"name":"Portada","item":"https:\/\/noticiasmercedinas.com\/site\/"},{"@type":"ListItem","position":2,"name":"Rulo Godar y Naci\u00f3n Wiphala vuelven a tocar en la Ciudad de Buenos Aires"}]},{"@type":"WebSite","@id":"https:\/\/noticiasmercedinas.com\/site\/#website","url":"https:\/\/noticiasmercedinas.com\/site\/","name":"NOTICIASMERCEDINAS.COM","description":"Mercedes, Buenos Aires, Argentina","publisher":{"@id":"https:\/\/noticiasmercedinas.com\/site\/#organization"},"potentialAction":[{"@type":"SearchAction","target":{"@type":"EntryPoint","urlTemplate":"https:\/\/noticiasmercedinas.com\/site\/?s={search_term_string}"},"query-input":{"@type":"PropertyValueSpecification","valueRequired":true,"valueName":"search_term_string"}}],"inLanguage":"es"},{"@type":"Organization","@id":"https:\/\/noticiasmercedinas.com\/site\/#organization","name":"NOTICIASMERCEDINAS.COM","url":"https:\/\/noticiasmercedinas.com\/site\/","logo":{"@type":"ImageObject","inLanguage":"es","@id":"https:\/\/noticiasmercedinas.com\/site\/#\/schema\/logo\/image\/","url":"https:\/\/noticiasmercedinas.com\/site\/wp-content\/uploads\/2020\/06\/LOGO-512.jpg","contentUrl":"https:\/\/noticiasmercedinas.com\/site\/wp-content\/uploads\/2020\/06\/LOGO-512.jpg","width":512,"height":512,"caption":"NOTICIASMERCEDINAS.COM"},"image":{"@id":"https:\/\/noticiasmercedinas.com\/site\/#\/schema\/logo\/image\/"},"sameAs":["https:\/\/www.facebook.com\/noticiasmercedinas\/","https:\/\/x.com\/notmercedinas","https:\/\/www.instagram.com\/noticiasmercedinas\/"]},{"@type":"Person","@id":"https:\/\/noticiasmercedinas.com\/site\/#\/schema\/person\/84b59c099c28ff2e8b77d4ceec5d8063","name":"NOTICIASMERCEDINAS.COM","image":{"@type":"ImageObject","inLanguage":"es","@id":"https:\/\/secure.gravatar.com\/avatar\/4dfbf16b4d17945bfb6341b2d19043457132fcf478a5ee04f42e959fd8f5df0a?s=96&d=mm&r=g","url":"https:\/\/secure.gravatar.com\/avatar\/4dfbf16b4d17945bfb6341b2d19043457132fcf478a5ee04f42e959fd8f5df0a?s=96&d=mm&r=g","contentUrl":"https:\/\/secure.gravatar.com\/avatar\/4dfbf16b4d17945bfb6341b2d19043457132fcf478a5ee04f42e959fd8f5df0a?s=96&d=mm&r=g","caption":"NOTICIASMERCEDINAS.COM"},"url":"https:\/\/noticiasmercedinas.com\/site\/author\/anonimo\/"}]}},"amp_enabled":true,"_links":{"self":[{"href":"https:\/\/noticiasmercedinas.com\/site\/wp-json\/wp\/v2\/posts\/134979","targetHints":{"allow":["GET"]}}],"collection":[{"href":"https:\/\/noticiasmercedinas.com\/site\/wp-json\/wp\/v2\/posts"}],"about":[{"href":"https:\/\/noticiasmercedinas.com\/site\/wp-json\/wp\/v2\/types\/post"}],"author":[{"embeddable":true,"href":"https:\/\/noticiasmercedinas.com\/site\/wp-json\/wp\/v2\/users\/16"}],"replies":[{"embeddable":true,"href":"https:\/\/noticiasmercedinas.com\/site\/wp-json\/wp\/v2\/comments?post=134979"}],"version-history":[{"count":2,"href":"https:\/\/noticiasmercedinas.com\/site\/wp-json\/wp\/v2\/posts\/134979\/revisions"}],"predecessor-version":[{"id":134982,"href":"https:\/\/noticiasmercedinas.com\/site\/wp-json\/wp\/v2\/posts\/134979\/revisions\/134982"}],"wp:featuredmedia":[{"embeddable":true,"href":"https:\/\/noticiasmercedinas.com\/site\/wp-json\/wp\/v2\/media\/122908"}],"wp:attachment":[{"href":"https:\/\/noticiasmercedinas.com\/site\/wp-json\/wp\/v2\/media?parent=134979"}],"wp:term":[{"taxonomy":"category","embeddable":true,"href":"https:\/\/noticiasmercedinas.com\/site\/wp-json\/wp\/v2\/categories?post=134979"},{"taxonomy":"post_tag","embeddable":true,"href":"https:\/\/noticiasmercedinas.com\/site\/wp-json\/wp\/v2\/tags?post=134979"}],"curies":[{"name":"wp","href":"https:\/\/api.w.org\/{rel}","templated":true}]}}