{"id":13506,"date":"2019-03-07T07:54:04","date_gmt":"2019-03-07T10:54:04","guid":{"rendered":"https:\/\/noticiasmercedinas.com\/site\/?p=13506"},"modified":"2019-03-09T23:06:28","modified_gmt":"2019-03-10T02:06:28","slug":"repercusiones-politicas-del-discurso-inaugural-del-intendente","status":"publish","type":"post","link":"https:\/\/noticiasmercedinas.com\/site\/2019\/03\/07\/repercusiones-politicas-del-discurso-inaugural-del-intendente\/","title":{"rendered":"Repercusiones pol\u00edticas del discurso inaugural del intendente"},"content":{"rendered":"<p><img loading=\"lazy\" decoding=\"async\" class=\"alignnone size-full wp-image-13514\" src=\"https:\/\/noticiasmercedinas.com\/site\/wp-content\/uploads\/2019\/03\/wp-1551953675493..jpg\" width=\"981\" height=\"654\" srcset=\"https:\/\/noticiasmercedinas.com\/site\/wp-content\/uploads\/2019\/03\/wp-1551953675493..jpg 981w, https:\/\/noticiasmercedinas.com\/site\/wp-content\/uploads\/2019\/03\/wp-1551953675493.-300x200.jpg 300w, https:\/\/noticiasmercedinas.com\/site\/wp-content\/uploads\/2019\/03\/wp-1551953675493.-768x512.jpg 768w, https:\/\/noticiasmercedinas.com\/site\/wp-content\/uploads\/2019\/03\/wp-1551953675493.-640x427.jpg 640w, https:\/\/noticiasmercedinas.com\/site\/wp-content\/uploads\/2019\/03\/wp-1551953675493.-681x454.jpg 681w\" sizes=\"auto, (max-width: 981px) 100vw, 981px\" \/><\/p>\n<p>Son varias las repercusiones que dej\u00f3 el discurso de inauguraci\u00f3n de sesiones ordinarias que dio el intendente Juan Ignacio Ustarroz, este mi\u00e9rcoles por la noche en el Centro Cultural Teatro Argentino. Opiniones cruzadas de acuerdo a con qu\u00e9 cristal se mire la realidad cotidiana de la ciudad. Algunos incluso hablaron de \u00abrelato\u00bb, mientras que otros alabaron a la gesti\u00f3n y a la figura del intendente.<\/p>\n<p>Para <strong>Jos\u00e9 Luis Pisano<\/strong>, quien es consejero escolar del Frente Para la Victoria &#8211; PJ y estuvo como invitado al acto de apertura de sesiones, el discurso de Juan Ignacio Ustarroz fue \u00abmuy bueno, dejando en claro las fallas de Provincia y Naci\u00f3n\u00bb.<\/p>\n<p>\u00abVi con agrado que se desarrollara con respeto y tranquilidad la sesi\u00f3n inaugural del a\u00f1o. Obviamente, el se\u00f1or intendente utiliz\u00f3 esa tribuna no s\u00f3lo para hablar de su gesti\u00f3n sino tambi\u00e9n para criticar a los gobiernos nacional y provincial, sabiendo que nadie pod\u00eda retrucar sus dichos\u00bb, dijo, por su parte, <strong>Sabrina Vi\u00f1ales<\/strong>, presidente del Concejo Deliberante, para quien la actividad desarrollada \u00abfue pr\u00e1cticamente un acto partidario\u00bb. \u00abPero rescato el comportamiento de los miembros de Cambiemos que estuvieron presentes y que en actitud democr\u00e1tica y republicana presenciaron el discurso del Dr. Ustarroz. Al se\u00f1or Intendente le quiero agradecer muy especialmente el homenaje a mi primo Martin Chiminelli, que realiz\u00f3 al final de su discurso, provocando el un\u00e1nime aplauso de pie de todos los concurrentes. Y tambi\u00e9n mi profunda emoci\u00f3n, que casi me impide cerrar la sesi\u00f3n por el nudo en la garganta y en mi pecho recordando a ese ser tan especial que fue Mart\u00edn. En s\u00edntesis: hubo actitudes de madurez pol\u00edtica y de convivencia democr\u00e1tica que me hacen ilusionar en una nueva etapa institucional en la vida de nuestra ciudad\u00bb, dijo Vi\u00f1ales.<\/p>\n<p>El jefe de Gabinete, <strong>Mat\u00edas Dematei<\/strong>, expres\u00f3: \u00abJuan Ignacio ustarroz demostr\u00f3 que es un intendente muy consolidado, con un gran conocimiento y un gran crecimento. Se lo ve bien, enfocado. Es clara la construcci\u00f3n y que est\u00e1 detras de cada una de las obras y programas, que ha sabido formar equipos de trabajo. Y el actor fundamental es el trabajador municipal, algo que el intendente, que gobierna desde la raz\u00f3n y el coraz\u00f3n, lo sabe\u00bb. \u00abEl reconoce lo que ha hecho y que a\u00fan falta, que no estamos exentos a una realidad econ\u00f3mica en la que estamos inmersos. Mientras el gobierno nacional quita derechos, el municipal hace lo contrario y no se evade de la situaci\u00f3n. Todas las palabras de Ustarroz fueron acertadas y reivindican el compromiso que \u00e9l tiene con los vecinos. Incluso se lo ve disfrutando de la gesti\u00f3n, c\u00f3modo, siempre pensando en hacer obras, y no deja nada librado al azar\u00bb, dijo Dematei.<\/p>\n<p>El concejal del PJ Mercedes, <strong>Ceferino Costa<\/strong>, remarc\u00f3 que el de Ustarroz fue un \u00abbuen discurso para los mercedinos\u00bb: \u00abCelebramos todas las obras realizadas y las propuestas en beneficios de nuestros vecimos para este a\u00f1o\u00bb, dijo y remarc\u00f3 que el intendente \u00abfundamentalmente abord\u00f3 temas que desde este bloque del Concejo el a\u00f1o pasado se reclam\u00f3 y pidi\u00f3 acci\u00f3n, como cloacas, planta deputadora, parque industrial y otras. Seguiremos ocupados desde nuestro lugar como custodios de que lo prometido se realice\u00bb.<\/p>\n<p>Consultado <strong>Esteban Biagini<\/strong>, concejal de Cambiemos que fue parte de la sesi\u00f3n inaugural, este sostuvo que el del intendente Ustarroz fue un \u00abdiscurso de a\u00f1o electoral\u00bb: \u00abSe lo not\u00f3 intentando cambiar actitudes individuales y colectivas que no se reflejan a\u00fan en la realidad. Hizo menci\u00f3n de varios avances. Y algunos n\u00fameros quiz\u00e1s estuvieron inflados, algunos para revisar y otros para desmentir\u00bb.<\/p>\n<p>La concejala <strong>Celeste Burone<\/strong>, del bloque FPV-PJ, consider\u00f3 que fue un discurso \u00abhonesto, lleno de buenas noticias, sensible como es Juani\u00bb. \u00abEste es un a\u00f1o que promete crecimiento a nivel local, pero no podemos solos. Nadie puede. Hay que cuidar los recursos. Pensar en todos. Zanjear las diferencias. Y Ustarroz sabe hacia donde, sabe con qui\u00e9nes, sabe c\u00f3mo. Eso es ser un buen gobernante\u00bb, indic\u00f3 Burone.<\/p>\n<p><strong>Ana Darritchon<\/strong>, quien es presidente del Consejo Escolar, tambi\u00e9n estuvo presente en la apertura como invitada. Ella cree que\u00a0\u00abcuando hay un vaso con agua, algunos ven lo que est\u00e1 lleno y\u00a0otros lo que est\u00e1 vac\u00edo\u00bb, y \u00abel discurso del intendente es igual\u00bb: \u00abSus palabras m\u00e1s usadas fueron recorte y fondos 100% propios. Y eso que empez\u00f3 diciendo que no quer\u00eda echar culpas a otros y que todo lo hecho hab\u00eda sido pensando en Mercedes. Se la pas\u00f3 diciendo todo lo que seg\u00fan el Provincia y Naci\u00f3n no le dieron\u00bb, objet\u00f3.<\/p>\n<p>Seg\u00fan el doctor <strong>Pablo Cassiani<\/strong>, secretario del \u00e1rea de Salud de la gesti\u00f3n de Juan Ignacio Ustarroz, el discurso de apertura \u00abfue mejorando minuto a minuto\u00bb: \u00bb Largo pero muy bueno, incluso con un cierre muy emotivo\u00bb, opin\u00f3 Cassiani.<\/p>\n<p>Otra que opin\u00f3 fue <strong>Evangelina Cabral<\/strong>, quien es concejal del Frente Cambiemos: \u00abUno siempre espera m\u00e1s de la gente, por lo menos yo, una evoluci\u00f3n, una se\u00f1al\u00bb, dijo. Seg\u00fan la edil, el discurso de Ustarroz estuvo \u00abplagado de inconsistencias\u00bb: \u00abCuando das n\u00fameros, y los datos son accesibles a todos, el relato cae r\u00e1pido\u00bb, expres\u00f3.<\/p>\n<p>En tanto, la concejala del FMPV-PJ, <strong>Mariana San Mart\u00edn<\/strong>, dijo que el discurso ofrecido por Ustarroz fue \u00abmuy bueno\u00bb: \u00abOrdenado, claro, coloquial. Creo que pudo transmitir que es un gobierno en el que se trabaja en equipo de verdad, con honestidad. Con capacidad de gesti\u00f3n del intendente sobre todo\u00bb, sintetiz\u00f3.<\/p>\n<p><strong>Gustavo Mangoni<\/strong>, concejal de Cambiemos, opin\u00f3 que fue un \u00abdiscurso de campa\u00f1a m\u00e1s que de inicio de sesiones, con pocos anuncios en obras de agua y cloacas, en generaci\u00f3n de empleo, y mucho de bacheo, empedrado y entretenimiento, aprovechando cada intervenci\u00f3n a cuestionar al gobierno provincial y Nacional, un discurso de un Estado municipal que todo lo puede, similar a los que nos ten\u00eda acostumbrados Cristina\u00bb.<\/p>\n<p>Breve y conciso fue el concejal <strong>Walter Cabral<\/strong>, de Cambienmos, quien sostuvo que el discurso del intendente\u00a0fue algo que \u00abera de esperar\u00bb: \u00abLo hizo todo pol\u00edtico. Mal\u00bb, argument\u00f3 a este medio.<\/p>\n<p>Por \u00faltimo, <strong>Maria Jose Piacentini<\/strong>, concejala del bloque FMPV-PJ, dijo que la apertura y el discurso del intendente \u00abdeja a la vista que esta gesti\u00f3n no se queda mirando la quita de derechos y en la cr\u00edtica desde lo lejos. Le pone el pecho a la descentralizaci\u00f3n y sobrecarga de competencias que le corresponden a naci\u00f3n y a la provincia. El discurso demuestra una gesti\u00f3n de puertas abiertas que d\u00eda a d\u00eda construye una ciudad con todos y todas: emprendedores, instituciones, trabajadores son copart\u00edcipes de todas las realizaciones que est\u00e1n a la vista y que nos hacen sentir orgullosos de ser mercedinos\u00bb.<\/p>\n","protected":false},"excerpt":{"rendered":"<p>Son varias las repercusiones que dej\u00f3 el discurso de inauguraci\u00f3n de sesiones ordinarias que dio el intendente Juan Ignacio Ustarroz, este mi\u00e9rcoles por la noche en el Centro Cultural Teatro Argentino. Opiniones cruzadas de acuerdo a con qu\u00e9 cristal se mire la realidad cotidiana de la ciudad. Algunos incluso hablaron de \u00abrelato\u00bb, mientras que otros [&hellip;]<\/p>\n","protected":false},"author":2,"featured_media":13514,"comment_status":"open","ping_status":"open","sticky":false,"template":"","format":"standard","meta":{"footnotes":""},"categories":[16],"tags":[815,3765,3787,241,234,816,517,1197,268,266,3107,156,515,144,541,1198],"class_list":["post-13506","post","type-post","status-publish","format-standard","has-post-thumbnail","hentry","category-politica","tag-ana-darritchon","tag-apertura","tag-apertura-de-sesiones","tag-ceferino-costa","tag-celeste-burone","tag-esteban-biagini","tag-evangelina-cabral","tag-gustavo-mangoni","tag-jose-luis-pisano","tag-juan-ignacio-ustarroz","tag-maria-jose-piacentini","tag-mariana-san-martin","tag-matias-dematei","tag-pablo-cassiani","tag-sabrina-vinales","tag-walter-cabral"],"yoast_head":"<!-- This site is optimized with the Yoast SEO plugin v27.4 - https:\/\/yoast.com\/product\/yoast-seo-wordpress\/ -->\n<title>Repercusiones pol\u00edticas del discurso inaugural del intendente<\/title>\n<meta name=\"robots\" content=\"index, follow, max-snippet:-1, max-image-preview:large, max-video-preview:-1\" \/>\n<link rel=\"canonical\" href=\"https:\/\/noticiasmercedinas.com\/site\/2019\/03\/07\/repercusiones-politicas-del-discurso-inaugural-del-intendente\/\" \/>\n<meta property=\"og:locale\" content=\"es_ES\" \/>\n<meta property=\"og:type\" content=\"article\" \/>\n<meta property=\"og:title\" content=\"Repercusiones pol\u00edticas del discurso inaugural del intendente\" \/>\n<meta property=\"og:description\" content=\"Son varias las repercusiones que dej\u00f3 el discurso de inauguraci\u00f3n de sesiones ordinarias que dio el intendente Juan Ignacio Ustarroz, este mi\u00e9rcoles por la noche en el Centro Cultural Teatro Argentino. Opiniones cruzadas de acuerdo a con qu\u00e9 cristal se mire la realidad cotidiana de la ciudad. Algunos incluso hablaron de \u00abrelato\u00bb, mientras que otros [&hellip;]\" \/>\n<meta property=\"og:url\" content=\"https:\/\/noticiasmercedinas.com\/site\/2019\/03\/07\/repercusiones-politicas-del-discurso-inaugural-del-intendente\/\" \/>\n<meta property=\"og:site_name\" content=\"NOTICIASMERCEDINAS.COM\" \/>\n<meta property=\"article:publisher\" content=\"https:\/\/www.facebook.com\/noticiasmercedinas\/\" \/>\n<meta property=\"article:author\" content=\"https:\/\/www.facebook.com\/cristian.falabella\" \/>\n<meta property=\"article:published_time\" content=\"2019-03-07T10:54:04+00:00\" \/>\n<meta property=\"article:modified_time\" content=\"2019-03-10T02:06:28+00:00\" \/>\n<meta property=\"og:image\" content=\"https:\/\/noticiasmercedinas.com\/site\/wp-content\/uploads\/2019\/03\/wp-1551953675493..jpg\" \/>\n\t<meta property=\"og:image:width\" content=\"981\" \/>\n\t<meta property=\"og:image:height\" content=\"654\" \/>\n\t<meta property=\"og:image:type\" content=\"image\/jpeg\" \/>\n<meta name=\"author\" content=\"Cristian Falabella NOTICIASMERCEDINAS.COM\" \/>\n<meta name=\"twitter:card\" content=\"summary_large_image\" \/>\n<meta name=\"twitter:creator\" content=\"@https:\/\/twitter.com\/NOTMERCEDINAS\" \/>\n<meta name=\"twitter:site\" content=\"@notmercedinas\" \/>\n<meta name=\"twitter:label1\" content=\"Escrito por\" \/>\n\t<meta name=\"twitter:data1\" content=\"Cristian Falabella NOTICIASMERCEDINAS.COM\" \/>\n\t<meta name=\"twitter:label2\" content=\"Tiempo de lectura\" \/>\n\t<meta name=\"twitter:data2\" content=\"6 minutos\" \/>\n<script type=\"application\/ld+json\" class=\"yoast-schema-graph\">{\"@context\":\"https:\\\/\\\/schema.org\",\"@graph\":[{\"@type\":\"Article\",\"@id\":\"https:\\\/\\\/noticiasmercedinas.com\\\/site\\\/2019\\\/03\\\/07\\\/repercusiones-politicas-del-discurso-inaugural-del-intendente\\\/#article\",\"isPartOf\":{\"@id\":\"https:\\\/\\\/noticiasmercedinas.com\\\/site\\\/2019\\\/03\\\/07\\\/repercusiones-politicas-del-discurso-inaugural-del-intendente\\\/\"},\"author\":{\"name\":\"Cristian Falabella NOTICIASMERCEDINAS.COM\",\"@id\":\"https:\\\/\\\/noticiasmercedinas.com\\\/site\\\/#\\\/schema\\\/person\\\/d481a9696a5feaec13a60e2bbd991a6a\"},\"headline\":\"Repercusiones pol\u00edticas del discurso inaugural del intendente\",\"datePublished\":\"2019-03-07T10:54:04+00:00\",\"dateModified\":\"2019-03-10T02:06:28+00:00\",\"mainEntityOfPage\":{\"@id\":\"https:\\\/\\\/noticiasmercedinas.com\\\/site\\\/2019\\\/03\\\/07\\\/repercusiones-politicas-del-discurso-inaugural-del-intendente\\\/\"},\"wordCount\":1170,\"commentCount\":0,\"publisher\":{\"@id\":\"https:\\\/\\\/noticiasmercedinas.com\\\/site\\\/#organization\"},\"image\":{\"@id\":\"https:\\\/\\\/noticiasmercedinas.com\\\/site\\\/2019\\\/03\\\/07\\\/repercusiones-politicas-del-discurso-inaugural-del-intendente\\\/#primaryimage\"},\"thumbnailUrl\":\"https:\\\/\\\/noticiasmercedinas.com\\\/site\\\/wp-content\\\/uploads\\\/2019\\\/03\\\/wp-1551953675493..jpg\",\"keywords\":[\"Ana Darritchon\",\"apertura\",\"apertura de sesiones\",\"ceferino costa\",\"celeste burone\",\"Esteban Biagini\",\"evangelina cabral\",\"Gustavo Mangoni\",\"jose luis pisano\",\"juan ignacio ustarroz\",\"Mar\u00eda Jos\u00e9 Piacentini\",\"mariana san martin\",\"matias dematei\",\"pablo cassiani\",\"sabrina vi\u00f1ales\",\"Walter Cabral\"],\"articleSection\":[\"Politica\"],\"inLanguage\":\"es\",\"potentialAction\":[{\"@type\":\"CommentAction\",\"name\":\"Comment\",\"target\":[\"https:\\\/\\\/noticiasmercedinas.com\\\/site\\\/2019\\\/03\\\/07\\\/repercusiones-politicas-del-discurso-inaugural-del-intendente\\\/#respond\"]}]},{\"@type\":\"WebPage\",\"@id\":\"https:\\\/\\\/noticiasmercedinas.com\\\/site\\\/2019\\\/03\\\/07\\\/repercusiones-politicas-del-discurso-inaugural-del-intendente\\\/\",\"url\":\"https:\\\/\\\/noticiasmercedinas.com\\\/site\\\/2019\\\/03\\\/07\\\/repercusiones-politicas-del-discurso-inaugural-del-intendente\\\/\",\"name\":\"Repercusiones pol\u00edticas del discurso inaugural del intendente\",\"isPartOf\":{\"@id\":\"https:\\\/\\\/noticiasmercedinas.com\\\/site\\\/#website\"},\"primaryImageOfPage\":{\"@id\":\"https:\\\/\\\/noticiasmercedinas.com\\\/site\\\/2019\\\/03\\\/07\\\/repercusiones-politicas-del-discurso-inaugural-del-intendente\\\/#primaryimage\"},\"image\":{\"@id\":\"https:\\\/\\\/noticiasmercedinas.com\\\/site\\\/2019\\\/03\\\/07\\\/repercusiones-politicas-del-discurso-inaugural-del-intendente\\\/#primaryimage\"},\"thumbnailUrl\":\"https:\\\/\\\/noticiasmercedinas.com\\\/site\\\/wp-content\\\/uploads\\\/2019\\\/03\\\/wp-1551953675493..jpg\",\"datePublished\":\"2019-03-07T10:54:04+00:00\",\"dateModified\":\"2019-03-10T02:06:28+00:00\",\"breadcrumb\":{\"@id\":\"https:\\\/\\\/noticiasmercedinas.com\\\/site\\\/2019\\\/03\\\/07\\\/repercusiones-politicas-del-discurso-inaugural-del-intendente\\\/#breadcrumb\"},\"inLanguage\":\"es\",\"potentialAction\":[{\"@type\":\"ReadAction\",\"target\":[\"https:\\\/\\\/noticiasmercedinas.com\\\/site\\\/2019\\\/03\\\/07\\\/repercusiones-politicas-del-discurso-inaugural-del-intendente\\\/\"]}]},{\"@type\":\"ImageObject\",\"inLanguage\":\"es\",\"@id\":\"https:\\\/\\\/noticiasmercedinas.com\\\/site\\\/2019\\\/03\\\/07\\\/repercusiones-politicas-del-discurso-inaugural-del-intendente\\\/#primaryimage\",\"url\":\"https:\\\/\\\/noticiasmercedinas.com\\\/site\\\/wp-content\\\/uploads\\\/2019\\\/03\\\/wp-1551953675493..jpg\",\"contentUrl\":\"https:\\\/\\\/noticiasmercedinas.com\\\/site\\\/wp-content\\\/uploads\\\/2019\\\/03\\\/wp-1551953675493..jpg\",\"width\":981,\"height\":654},{\"@type\":\"BreadcrumbList\",\"@id\":\"https:\\\/\\\/noticiasmercedinas.com\\\/site\\\/2019\\\/03\\\/07\\\/repercusiones-politicas-del-discurso-inaugural-del-intendente\\\/#breadcrumb\",\"itemListElement\":[{\"@type\":\"ListItem\",\"position\":1,\"name\":\"Portada\",\"item\":\"https:\\\/\\\/noticiasmercedinas.com\\\/site\\\/\"},{\"@type\":\"ListItem\",\"position\":2,\"name\":\"Repercusiones pol\u00edticas del discurso inaugural del intendente\"}]},{\"@type\":\"WebSite\",\"@id\":\"https:\\\/\\\/noticiasmercedinas.com\\\/site\\\/#website\",\"url\":\"https:\\\/\\\/noticiasmercedinas.com\\\/site\\\/\",\"name\":\"NOTICIASMERCEDINAS.COM\",\"description\":\"Mercedes, Buenos Aires, Argentina\",\"publisher\":{\"@id\":\"https:\\\/\\\/noticiasmercedinas.com\\\/site\\\/#organization\"},\"potentialAction\":[{\"@type\":\"SearchAction\",\"target\":{\"@type\":\"EntryPoint\",\"urlTemplate\":\"https:\\\/\\\/noticiasmercedinas.com\\\/site\\\/?s={search_term_string}\"},\"query-input\":{\"@type\":\"PropertyValueSpecification\",\"valueRequired\":true,\"valueName\":\"search_term_string\"}}],\"inLanguage\":\"es\"},{\"@type\":\"Organization\",\"@id\":\"https:\\\/\\\/noticiasmercedinas.com\\\/site\\\/#organization\",\"name\":\"NOTICIASMERCEDINAS.COM\",\"url\":\"https:\\\/\\\/noticiasmercedinas.com\\\/site\\\/\",\"logo\":{\"@type\":\"ImageObject\",\"inLanguage\":\"es\",\"@id\":\"https:\\\/\\\/noticiasmercedinas.com\\\/site\\\/#\\\/schema\\\/logo\\\/image\\\/\",\"url\":\"https:\\\/\\\/noticiasmercedinas.com\\\/site\\\/wp-content\\\/uploads\\\/2020\\\/06\\\/LOGO-512.jpg\",\"contentUrl\":\"https:\\\/\\\/noticiasmercedinas.com\\\/site\\\/wp-content\\\/uploads\\\/2020\\\/06\\\/LOGO-512.jpg\",\"width\":512,\"height\":512,\"caption\":\"NOTICIASMERCEDINAS.COM\"},\"image\":{\"@id\":\"https:\\\/\\\/noticiasmercedinas.com\\\/site\\\/#\\\/schema\\\/logo\\\/image\\\/\"},\"sameAs\":[\"https:\\\/\\\/www.facebook.com\\\/noticiasmercedinas\\\/\",\"https:\\\/\\\/x.com\\\/notmercedinas\",\"https:\\\/\\\/www.instagram.com\\\/noticiasmercedinas\\\/\"]},{\"@type\":\"Person\",\"@id\":\"https:\\\/\\\/noticiasmercedinas.com\\\/site\\\/#\\\/schema\\\/person\\\/d481a9696a5feaec13a60e2bbd991a6a\",\"name\":\"Cristian Falabella NOTICIASMERCEDINAS.COM\",\"image\":{\"@type\":\"ImageObject\",\"inLanguage\":\"es\",\"@id\":\"https:\\\/\\\/secure.gravatar.com\\\/avatar\\\/0dbbfc45970cc46bcd0e57766228574ff3511d6eed045b182f536f0f478c1f06?s=96&d=mm&r=g\",\"url\":\"https:\\\/\\\/secure.gravatar.com\\\/avatar\\\/0dbbfc45970cc46bcd0e57766228574ff3511d6eed045b182f536f0f478c1f06?s=96&d=mm&r=g\",\"contentUrl\":\"https:\\\/\\\/secure.gravatar.com\\\/avatar\\\/0dbbfc45970cc46bcd0e57766228574ff3511d6eed045b182f536f0f478c1f06?s=96&d=mm&r=g\",\"caption\":\"Cristian Falabella NOTICIASMERCEDINAS.COM\"},\"description\":\"Periodista, editor de Noticias Mercedinas. Pas\u00f3 por varias redacciones y emprendimientos de prensa, en distintos formatos y \u00e9pocas. Se especializ\u00f3 --y sigue haci\u00e9ndolo-- en comunicaci\u00f3n en la web y en junio de 2006 fund\u00f3 este diario digital.\",\"sameAs\":[\"https:\\\/\\\/noticiasmercedinas.com\",\"https:\\\/\\\/www.facebook.com\\\/cristian.falabella\",\"https:\\\/\\\/www.instagram.com\\\/noticiasmercedinas\\\/\",\"https:\\\/\\\/x.com\\\/https:\\\/\\\/twitter.com\\\/NOTMERCEDINAS\"],\"url\":\"https:\\\/\\\/noticiasmercedinas.com\\\/site\\\/author\\\/as000384\\\/\"}]}<\/script>\n<!-- \/ Yoast SEO plugin. -->","yoast_head_json":{"title":"Repercusiones pol\u00edticas del discurso inaugural del intendente","robots":{"index":"index","follow":"follow","max-snippet":"max-snippet:-1","max-image-preview":"max-image-preview:large","max-video-preview":"max-video-preview:-1"},"canonical":"https:\/\/noticiasmercedinas.com\/site\/2019\/03\/07\/repercusiones-politicas-del-discurso-inaugural-del-intendente\/","og_locale":"es_ES","og_type":"article","og_title":"Repercusiones pol\u00edticas del discurso inaugural del intendente","og_description":"Son varias las repercusiones que dej\u00f3 el discurso de inauguraci\u00f3n de sesiones ordinarias que dio el intendente Juan Ignacio Ustarroz, este mi\u00e9rcoles por la noche en el Centro Cultural Teatro Argentino. Opiniones cruzadas de acuerdo a con qu\u00e9 cristal se mire la realidad cotidiana de la ciudad. Algunos incluso hablaron de \u00abrelato\u00bb, mientras que otros [&hellip;]","og_url":"https:\/\/noticiasmercedinas.com\/site\/2019\/03\/07\/repercusiones-politicas-del-discurso-inaugural-del-intendente\/","og_site_name":"NOTICIASMERCEDINAS.COM","article_publisher":"https:\/\/www.facebook.com\/noticiasmercedinas\/","article_author":"https:\/\/www.facebook.com\/cristian.falabella","article_published_time":"2019-03-07T10:54:04+00:00","article_modified_time":"2019-03-10T02:06:28+00:00","og_image":[{"width":981,"height":654,"url":"https:\/\/noticiasmercedinas.com\/site\/wp-content\/uploads\/2019\/03\/wp-1551953675493..jpg","type":"image\/jpeg"}],"author":"Cristian Falabella NOTICIASMERCEDINAS.COM","twitter_card":"summary_large_image","twitter_creator":"@https:\/\/twitter.com\/NOTMERCEDINAS","twitter_site":"@notmercedinas","twitter_misc":{"Escrito por":"Cristian Falabella NOTICIASMERCEDINAS.COM","Tiempo de lectura":"6 minutos"},"schema":{"@context":"https:\/\/schema.org","@graph":[{"@type":"Article","@id":"https:\/\/noticiasmercedinas.com\/site\/2019\/03\/07\/repercusiones-politicas-del-discurso-inaugural-del-intendente\/#article","isPartOf":{"@id":"https:\/\/noticiasmercedinas.com\/site\/2019\/03\/07\/repercusiones-politicas-del-discurso-inaugural-del-intendente\/"},"author":{"name":"Cristian Falabella NOTICIASMERCEDINAS.COM","@id":"https:\/\/noticiasmercedinas.com\/site\/#\/schema\/person\/d481a9696a5feaec13a60e2bbd991a6a"},"headline":"Repercusiones pol\u00edticas del discurso inaugural del intendente","datePublished":"2019-03-07T10:54:04+00:00","dateModified":"2019-03-10T02:06:28+00:00","mainEntityOfPage":{"@id":"https:\/\/noticiasmercedinas.com\/site\/2019\/03\/07\/repercusiones-politicas-del-discurso-inaugural-del-intendente\/"},"wordCount":1170,"commentCount":0,"publisher":{"@id":"https:\/\/noticiasmercedinas.com\/site\/#organization"},"image":{"@id":"https:\/\/noticiasmercedinas.com\/site\/2019\/03\/07\/repercusiones-politicas-del-discurso-inaugural-del-intendente\/#primaryimage"},"thumbnailUrl":"https:\/\/noticiasmercedinas.com\/site\/wp-content\/uploads\/2019\/03\/wp-1551953675493..jpg","keywords":["Ana Darritchon","apertura","apertura de sesiones","ceferino costa","celeste burone","Esteban Biagini","evangelina cabral","Gustavo Mangoni","jose luis pisano","juan ignacio ustarroz","Mar\u00eda Jos\u00e9 Piacentini","mariana san martin","matias dematei","pablo cassiani","sabrina vi\u00f1ales","Walter Cabral"],"articleSection":["Politica"],"inLanguage":"es","potentialAction":[{"@type":"CommentAction","name":"Comment","target":["https:\/\/noticiasmercedinas.com\/site\/2019\/03\/07\/repercusiones-politicas-del-discurso-inaugural-del-intendente\/#respond"]}]},{"@type":"WebPage","@id":"https:\/\/noticiasmercedinas.com\/site\/2019\/03\/07\/repercusiones-politicas-del-discurso-inaugural-del-intendente\/","url":"https:\/\/noticiasmercedinas.com\/site\/2019\/03\/07\/repercusiones-politicas-del-discurso-inaugural-del-intendente\/","name":"Repercusiones pol\u00edticas del discurso inaugural del intendente","isPartOf":{"@id":"https:\/\/noticiasmercedinas.com\/site\/#website"},"primaryImageOfPage":{"@id":"https:\/\/noticiasmercedinas.com\/site\/2019\/03\/07\/repercusiones-politicas-del-discurso-inaugural-del-intendente\/#primaryimage"},"image":{"@id":"https:\/\/noticiasmercedinas.com\/site\/2019\/03\/07\/repercusiones-politicas-del-discurso-inaugural-del-intendente\/#primaryimage"},"thumbnailUrl":"https:\/\/noticiasmercedinas.com\/site\/wp-content\/uploads\/2019\/03\/wp-1551953675493..jpg","datePublished":"2019-03-07T10:54:04+00:00","dateModified":"2019-03-10T02:06:28+00:00","breadcrumb":{"@id":"https:\/\/noticiasmercedinas.com\/site\/2019\/03\/07\/repercusiones-politicas-del-discurso-inaugural-del-intendente\/#breadcrumb"},"inLanguage":"es","potentialAction":[{"@type":"ReadAction","target":["https:\/\/noticiasmercedinas.com\/site\/2019\/03\/07\/repercusiones-politicas-del-discurso-inaugural-del-intendente\/"]}]},{"@type":"ImageObject","inLanguage":"es","@id":"https:\/\/noticiasmercedinas.com\/site\/2019\/03\/07\/repercusiones-politicas-del-discurso-inaugural-del-intendente\/#primaryimage","url":"https:\/\/noticiasmercedinas.com\/site\/wp-content\/uploads\/2019\/03\/wp-1551953675493..jpg","contentUrl":"https:\/\/noticiasmercedinas.com\/site\/wp-content\/uploads\/2019\/03\/wp-1551953675493..jpg","width":981,"height":654},{"@type":"BreadcrumbList","@id":"https:\/\/noticiasmercedinas.com\/site\/2019\/03\/07\/repercusiones-politicas-del-discurso-inaugural-del-intendente\/#breadcrumb","itemListElement":[{"@type":"ListItem","position":1,"name":"Portada","item":"https:\/\/noticiasmercedinas.com\/site\/"},{"@type":"ListItem","position":2,"name":"Repercusiones pol\u00edticas del discurso inaugural del intendente"}]},{"@type":"WebSite","@id":"https:\/\/noticiasmercedinas.com\/site\/#website","url":"https:\/\/noticiasmercedinas.com\/site\/","name":"NOTICIASMERCEDINAS.COM","description":"Mercedes, Buenos Aires, Argentina","publisher":{"@id":"https:\/\/noticiasmercedinas.com\/site\/#organization"},"potentialAction":[{"@type":"SearchAction","target":{"@type":"EntryPoint","urlTemplate":"https:\/\/noticiasmercedinas.com\/site\/?s={search_term_string}"},"query-input":{"@type":"PropertyValueSpecification","valueRequired":true,"valueName":"search_term_string"}}],"inLanguage":"es"},{"@type":"Organization","@id":"https:\/\/noticiasmercedinas.com\/site\/#organization","name":"NOTICIASMERCEDINAS.COM","url":"https:\/\/noticiasmercedinas.com\/site\/","logo":{"@type":"ImageObject","inLanguage":"es","@id":"https:\/\/noticiasmercedinas.com\/site\/#\/schema\/logo\/image\/","url":"https:\/\/noticiasmercedinas.com\/site\/wp-content\/uploads\/2020\/06\/LOGO-512.jpg","contentUrl":"https:\/\/noticiasmercedinas.com\/site\/wp-content\/uploads\/2020\/06\/LOGO-512.jpg","width":512,"height":512,"caption":"NOTICIASMERCEDINAS.COM"},"image":{"@id":"https:\/\/noticiasmercedinas.com\/site\/#\/schema\/logo\/image\/"},"sameAs":["https:\/\/www.facebook.com\/noticiasmercedinas\/","https:\/\/x.com\/notmercedinas","https:\/\/www.instagram.com\/noticiasmercedinas\/"]},{"@type":"Person","@id":"https:\/\/noticiasmercedinas.com\/site\/#\/schema\/person\/d481a9696a5feaec13a60e2bbd991a6a","name":"Cristian Falabella NOTICIASMERCEDINAS.COM","image":{"@type":"ImageObject","inLanguage":"es","@id":"https:\/\/secure.gravatar.com\/avatar\/0dbbfc45970cc46bcd0e57766228574ff3511d6eed045b182f536f0f478c1f06?s=96&d=mm&r=g","url":"https:\/\/secure.gravatar.com\/avatar\/0dbbfc45970cc46bcd0e57766228574ff3511d6eed045b182f536f0f478c1f06?s=96&d=mm&r=g","contentUrl":"https:\/\/secure.gravatar.com\/avatar\/0dbbfc45970cc46bcd0e57766228574ff3511d6eed045b182f536f0f478c1f06?s=96&d=mm&r=g","caption":"Cristian Falabella NOTICIASMERCEDINAS.COM"},"description":"Periodista, editor de Noticias Mercedinas. Pas\u00f3 por varias redacciones y emprendimientos de prensa, en distintos formatos y \u00e9pocas. Se especializ\u00f3 --y sigue haci\u00e9ndolo-- en comunicaci\u00f3n en la web y en junio de 2006 fund\u00f3 este diario digital.","sameAs":["https:\/\/noticiasmercedinas.com","https:\/\/www.facebook.com\/cristian.falabella","https:\/\/www.instagram.com\/noticiasmercedinas\/","https:\/\/x.com\/https:\/\/twitter.com\/NOTMERCEDINAS"],"url":"https:\/\/noticiasmercedinas.com\/site\/author\/as000384\/"}]}},"amp_enabled":true,"_links":{"self":[{"href":"https:\/\/noticiasmercedinas.com\/site\/wp-json\/wp\/v2\/posts\/13506","targetHints":{"allow":["GET"]}}],"collection":[{"href":"https:\/\/noticiasmercedinas.com\/site\/wp-json\/wp\/v2\/posts"}],"about":[{"href":"https:\/\/noticiasmercedinas.com\/site\/wp-json\/wp\/v2\/types\/post"}],"author":[{"embeddable":true,"href":"https:\/\/noticiasmercedinas.com\/site\/wp-json\/wp\/v2\/users\/2"}],"replies":[{"embeddable":true,"href":"https:\/\/noticiasmercedinas.com\/site\/wp-json\/wp\/v2\/comments?post=13506"}],"version-history":[{"count":13,"href":"https:\/\/noticiasmercedinas.com\/site\/wp-json\/wp\/v2\/posts\/13506\/revisions"}],"predecessor-version":[{"id":13525,"href":"https:\/\/noticiasmercedinas.com\/site\/wp-json\/wp\/v2\/posts\/13506\/revisions\/13525"}],"wp:featuredmedia":[{"embeddable":true,"href":"https:\/\/noticiasmercedinas.com\/site\/wp-json\/wp\/v2\/media\/13514"}],"wp:attachment":[{"href":"https:\/\/noticiasmercedinas.com\/site\/wp-json\/wp\/v2\/media?parent=13506"}],"wp:term":[{"taxonomy":"category","embeddable":true,"href":"https:\/\/noticiasmercedinas.com\/site\/wp-json\/wp\/v2\/categories?post=13506"},{"taxonomy":"post_tag","embeddable":true,"href":"https:\/\/noticiasmercedinas.com\/site\/wp-json\/wp\/v2\/tags?post=13506"}],"curies":[{"name":"wp","href":"https:\/\/api.w.org\/{rel}","templated":true}]}}