{"id":135471,"date":"2024-05-03T20:59:29","date_gmt":"2024-05-03T23:59:29","guid":{"rendered":"https:\/\/noticiasmercedinas.com\/site\/?p=135471"},"modified":"2024-05-03T21:03:33","modified_gmt":"2024-05-04T00:03:33","slug":"celebracion-del-tercer-aniversario-del-jardin-maternal-arcoiris","status":"publish","type":"post","link":"https:\/\/noticiasmercedinas.com\/site\/2024\/05\/03\/celebracion-del-tercer-aniversario-del-jardin-maternal-arcoiris\/","title":{"rendered":"Celebraci\u00f3n del tercer aniversario del Jard\u00edn Maternal Arcoiris"},"content":{"rendered":"<p><img loading=\"lazy\" decoding=\"async\" class=\"alignnone size-full wp-image-135472\" src=\"https:\/\/noticiasmercedinas.com\/site\/wp-content\/uploads\/2024\/05\/IMG-20240503-WA0068.jpg\" alt=\"\" width=\"1600\" height=\"1200\" srcset=\"https:\/\/noticiasmercedinas.com\/site\/wp-content\/uploads\/2024\/05\/IMG-20240503-WA0068.jpg 1600w, https:\/\/noticiasmercedinas.com\/site\/wp-content\/uploads\/2024\/05\/IMG-20240503-WA0068-300x225.jpg 300w, https:\/\/noticiasmercedinas.com\/site\/wp-content\/uploads\/2024\/05\/IMG-20240503-WA0068-1024x768.jpg 1024w, https:\/\/noticiasmercedinas.com\/site\/wp-content\/uploads\/2024\/05\/IMG-20240503-WA0068-768x576.jpg 768w, https:\/\/noticiasmercedinas.com\/site\/wp-content\/uploads\/2024\/05\/IMG-20240503-WA0068-1536x1152.jpg 1536w, https:\/\/noticiasmercedinas.com\/site\/wp-content\/uploads\/2024\/05\/IMG-20240503-WA0068-80x60.jpg 80w, https:\/\/noticiasmercedinas.com\/site\/wp-content\/uploads\/2024\/05\/IMG-20240503-WA0068-160x120.jpg 160w, https:\/\/noticiasmercedinas.com\/site\/wp-content\/uploads\/2024\/05\/IMG-20240503-WA0068-100x75.jpg 100w, https:\/\/noticiasmercedinas.com\/site\/wp-content\/uploads\/2024\/05\/IMG-20240503-WA0068-200x150.jpg 200w, https:\/\/noticiasmercedinas.com\/site\/wp-content\/uploads\/2024\/05\/IMG-20240503-WA0068-180x135.jpg 180w, https:\/\/noticiasmercedinas.com\/site\/wp-content\/uploads\/2024\/05\/IMG-20240503-WA0068-360x270.jpg 360w, https:\/\/noticiasmercedinas.com\/site\/wp-content\/uploads\/2024\/05\/IMG-20240503-WA0068-238x178.jpg 238w, https:\/\/noticiasmercedinas.com\/site\/wp-content\/uploads\/2024\/05\/IMG-20240503-WA0068-476x356.jpg 476w, https:\/\/noticiasmercedinas.com\/site\/wp-content\/uploads\/2024\/05\/IMG-20240503-WA0068-640x480.jpg 640w, https:\/\/noticiasmercedinas.com\/site\/wp-content\/uploads\/2024\/05\/IMG-20240503-WA0068-1280x960.jpg 1280w, https:\/\/noticiasmercedinas.com\/site\/wp-content\/uploads\/2024\/05\/IMG-20240503-WA0068-681x511.jpg 681w, https:\/\/noticiasmercedinas.com\/site\/wp-content\/uploads\/2024\/05\/IMG-20240503-WA0068-1362x1022.jpg 1362w\" sizes=\"auto, (max-width: 1600px) 100vw, 1600px\" \/><\/p>\n<p>En medio de la adversidad, surgi\u00f3 un rayo de esperanza que hoy brilla con m\u00e1s fuerza que nunca.<\/p>\n<p>El Jard\u00edn Maternal Arcoiris est\u00e1 celebrando su tercer aniversario, un hito que marca no solo el paso del tiempo, sino la perseverancia y el trabajo arduo de un grupo de mujeres que se negaron a rendirse ante las dificultades.<\/p>\n<p>Hace tres a\u00f1os, cuatro valientes mujeres se encontraron desempleadas debido a los estragos econ\u00f3micos causados por la pandemia. Sin embargo, en lugar de dejarse vencer por la adversidad, decidieron unir fuerzas y crear su propio camino hacia la estabilidad.<\/p>\n<p>Con fe en sus corazones y la determinaci\u00f3n de construir un futuro mejor, fundaron el Jard\u00edn Maternal Arcoiris.<\/p>\n<p>El nombre del jard\u00edn no es casualidad; representa la luz despu\u00e9s de la tormenta, la esperanza despu\u00e9s de la adversidad. Este proyecto, que comenz\u00f3 como un sue\u00f1o compartido, se ha convertido en una ejemplar cooperativa de trabajo, liderada actualmente por Cintia y Josefina, dos de las mujeres fundadoras.<\/p>\n<blockquote><p>Para conmemorar este d\u00eda tan especial, el arzobispo Metropolitano de la Arquidi\u00f3cesis de Mercedes-Luj\u00e1n, Monse\u00f1or Jorge Eduardo Scheinig, ha honrado al jard\u00edn con su presencia.<\/p><\/blockquote>\n<p>Hoy, el Jard\u00edn Maternal Arcoiris celebra su tercer aniversario junto a la comunidad educativa y las familias que forman parte de \u00e9l. La celebraci\u00f3n no solo marca el \u00e9xito de un proyecto, sino tambi\u00e9n la fe inquebrantable de estas mujeres en un futuro mejor.<\/p>\n<p>Para conmemorar este d\u00eda tan especial, el arzobispo Metropolitano de la Arquidi\u00f3cesis de Mercedes-Luj\u00e1n, Monse\u00f1or <strong>Jorge Eduardo Scheinig<\/strong>, ha honrado al jard\u00edn con su presencia.<\/p>\n<p>Adem\u00e1s, se ha realizado la entronizaci\u00f3n de una r\u00e9plica de la Virgen de Luj\u00e1n, cumpliendo as\u00ed el deseo de las fundadoras de contar con el patrocinio divino en este proyecto que ha ganado el respeto y la admiraci\u00f3n de toda la comunidad.<\/p>\n<p><img loading=\"lazy\" decoding=\"async\" class=\"alignnone size-full wp-image-135473\" src=\"https:\/\/noticiasmercedinas.com\/site\/wp-content\/uploads\/2024\/05\/IMG-20240503-WA0076.jpg\" alt=\"\" width=\"1200\" height=\"1600\" srcset=\"https:\/\/noticiasmercedinas.com\/site\/wp-content\/uploads\/2024\/05\/IMG-20240503-WA0076.jpg 1200w, https:\/\/noticiasmercedinas.com\/site\/wp-content\/uploads\/2024\/05\/IMG-20240503-WA0076-225x300.jpg 225w, https:\/\/noticiasmercedinas.com\/site\/wp-content\/uploads\/2024\/05\/IMG-20240503-WA0076-768x1024.jpg 768w, https:\/\/noticiasmercedinas.com\/site\/wp-content\/uploads\/2024\/05\/IMG-20240503-WA0076-1152x1536.jpg 1152w, https:\/\/noticiasmercedinas.com\/site\/wp-content\/uploads\/2024\/05\/IMG-20240503-WA0076-640x853.jpg 640w, https:\/\/noticiasmercedinas.com\/site\/wp-content\/uploads\/2024\/05\/IMG-20240503-WA0076-681x908.jpg 681w\" sizes=\"auto, (max-width: 1200px) 100vw, 1200px\" \/><\/p>\n","protected":false},"excerpt":{"rendered":"<p>\u25a0 Este proyecto, que comenz\u00f3 como un sue\u00f1o compartido, se ha convertido en una ejemplar cooperativa de trabajo, liderada actualmente por Cintia y Josefina, dos de las mujeres fundadoras<\/p>\n","protected":false},"author":16,"featured_media":135472,"comment_status":"closed","ping_status":"closed","sticky":false,"template":"","format":"standard","meta":{"footnotes":""},"categories":[3],"tags":[471,11318,16755],"class_list":["post-135471","post","type-post","status-publish","format-standard","has-post-thumbnail","hentry","category-sociedad","tag-aniversario","tag-arzobispo-jorge-eduardo-scheinig","tag-jardin-maternal-arcoiris"],"yoast_head":"<!-- This site is optimized with the Yoast SEO plugin v27.5 - https:\/\/yoast.com\/product\/yoast-seo-wordpress\/ -->\n<title>Celebraci\u00f3n del tercer aniversario del Jard\u00edn Maternal Arcoiris<\/title>\n<meta name=\"robots\" content=\"index, follow, max-snippet:-1, max-image-preview:large, max-video-preview:-1\" \/>\n<link rel=\"canonical\" href=\"https:\/\/noticiasmercedinas.com\/site\/2024\/05\/03\/celebracion-del-tercer-aniversario-del-jardin-maternal-arcoiris\/\" \/>\n<meta property=\"og:locale\" content=\"es_ES\" \/>\n<meta property=\"og:type\" content=\"article\" \/>\n<meta property=\"og:title\" content=\"Celebraci\u00f3n del tercer aniversario del Jard\u00edn Maternal Arcoiris\" \/>\n<meta property=\"og:description\" content=\"\u25a0 Este proyecto, que comenz\u00f3 como un sue\u00f1o compartido, se ha convertido en una ejemplar cooperativa de trabajo, liderada actualmente por Cintia y Josefina, dos de las mujeres fundadoras\" \/>\n<meta property=\"og:url\" content=\"https:\/\/noticiasmercedinas.com\/site\/2024\/05\/03\/celebracion-del-tercer-aniversario-del-jardin-maternal-arcoiris\/\" \/>\n<meta property=\"og:site_name\" content=\"NOTICIASMERCEDINAS.COM\" \/>\n<meta property=\"article:publisher\" content=\"https:\/\/www.facebook.com\/noticiasmercedinas\/\" \/>\n<meta property=\"article:published_time\" content=\"2024-05-03T23:59:29+00:00\" \/>\n<meta property=\"article:modified_time\" content=\"2024-05-04T00:03:33+00:00\" \/>\n<meta property=\"og:image\" content=\"https:\/\/noticiasmercedinas.com\/site\/wp-content\/uploads\/2024\/05\/IMG-20240503-WA0068.jpg\" \/>\n\t<meta property=\"og:image:width\" content=\"1600\" \/>\n\t<meta property=\"og:image:height\" content=\"1200\" \/>\n\t<meta property=\"og:image:type\" content=\"image\/jpeg\" \/>\n<meta name=\"author\" content=\"NOTICIASMERCEDINAS.COM\" \/>\n<meta name=\"twitter:card\" content=\"summary_large_image\" \/>\n<meta name=\"twitter:creator\" content=\"@notmercedinas\" \/>\n<meta name=\"twitter:site\" content=\"@notmercedinas\" \/>\n<meta name=\"twitter:label1\" content=\"Escrito por\" \/>\n\t<meta name=\"twitter:data1\" content=\"NOTICIASMERCEDINAS.COM\" \/>\n\t<meta name=\"twitter:label2\" content=\"Tiempo de lectura\" \/>\n\t<meta name=\"twitter:data2\" content=\"2 minutos\" \/>\n<script type=\"application\/ld+json\" class=\"yoast-schema-graph\">{\"@context\":\"https:\\\/\\\/schema.org\",\"@graph\":[{\"@type\":\"Article\",\"@id\":\"https:\\\/\\\/noticiasmercedinas.com\\\/site\\\/2024\\\/05\\\/03\\\/celebracion-del-tercer-aniversario-del-jardin-maternal-arcoiris\\\/#article\",\"isPartOf\":{\"@id\":\"https:\\\/\\\/noticiasmercedinas.com\\\/site\\\/2024\\\/05\\\/03\\\/celebracion-del-tercer-aniversario-del-jardin-maternal-arcoiris\\\/\"},\"author\":{\"name\":\"NOTICIASMERCEDINAS.COM\",\"@id\":\"https:\\\/\\\/noticiasmercedinas.com\\\/site\\\/#\\\/schema\\\/person\\\/84b59c099c28ff2e8b77d4ceec5d8063\"},\"headline\":\"Celebraci\u00f3n del tercer aniversario del Jard\u00edn Maternal Arcoiris\",\"datePublished\":\"2024-05-03T23:59:29+00:00\",\"dateModified\":\"2024-05-04T00:03:33+00:00\",\"mainEntityOfPage\":{\"@id\":\"https:\\\/\\\/noticiasmercedinas.com\\\/site\\\/2024\\\/05\\\/03\\\/celebracion-del-tercer-aniversario-del-jardin-maternal-arcoiris\\\/\"},\"wordCount\":336,\"publisher\":{\"@id\":\"https:\\\/\\\/noticiasmercedinas.com\\\/site\\\/#organization\"},\"image\":{\"@id\":\"https:\\\/\\\/noticiasmercedinas.com\\\/site\\\/2024\\\/05\\\/03\\\/celebracion-del-tercer-aniversario-del-jardin-maternal-arcoiris\\\/#primaryimage\"},\"thumbnailUrl\":\"https:\\\/\\\/noticiasmercedinas.com\\\/site\\\/wp-content\\\/uploads\\\/2024\\\/05\\\/IMG-20240503-WA0068.jpg\",\"keywords\":[\"aniversario\",\"arzobispo Jorge Eduardo Scheinig\",\"Jard\u00edn Maternal Arco\u00edris\"],\"articleSection\":[\"Sociedad\"],\"inLanguage\":\"es\"},{\"@type\":\"WebPage\",\"@id\":\"https:\\\/\\\/noticiasmercedinas.com\\\/site\\\/2024\\\/05\\\/03\\\/celebracion-del-tercer-aniversario-del-jardin-maternal-arcoiris\\\/\",\"url\":\"https:\\\/\\\/noticiasmercedinas.com\\\/site\\\/2024\\\/05\\\/03\\\/celebracion-del-tercer-aniversario-del-jardin-maternal-arcoiris\\\/\",\"name\":\"Celebraci\u00f3n del tercer aniversario del Jard\u00edn Maternal Arcoiris\",\"isPartOf\":{\"@id\":\"https:\\\/\\\/noticiasmercedinas.com\\\/site\\\/#website\"},\"primaryImageOfPage\":{\"@id\":\"https:\\\/\\\/noticiasmercedinas.com\\\/site\\\/2024\\\/05\\\/03\\\/celebracion-del-tercer-aniversario-del-jardin-maternal-arcoiris\\\/#primaryimage\"},\"image\":{\"@id\":\"https:\\\/\\\/noticiasmercedinas.com\\\/site\\\/2024\\\/05\\\/03\\\/celebracion-del-tercer-aniversario-del-jardin-maternal-arcoiris\\\/#primaryimage\"},\"thumbnailUrl\":\"https:\\\/\\\/noticiasmercedinas.com\\\/site\\\/wp-content\\\/uploads\\\/2024\\\/05\\\/IMG-20240503-WA0068.jpg\",\"datePublished\":\"2024-05-03T23:59:29+00:00\",\"dateModified\":\"2024-05-04T00:03:33+00:00\",\"breadcrumb\":{\"@id\":\"https:\\\/\\\/noticiasmercedinas.com\\\/site\\\/2024\\\/05\\\/03\\\/celebracion-del-tercer-aniversario-del-jardin-maternal-arcoiris\\\/#breadcrumb\"},\"inLanguage\":\"es\",\"potentialAction\":[{\"@type\":\"ReadAction\",\"target\":[\"https:\\\/\\\/noticiasmercedinas.com\\\/site\\\/2024\\\/05\\\/03\\\/celebracion-del-tercer-aniversario-del-jardin-maternal-arcoiris\\\/\"]}]},{\"@type\":\"ImageObject\",\"inLanguage\":\"es\",\"@id\":\"https:\\\/\\\/noticiasmercedinas.com\\\/site\\\/2024\\\/05\\\/03\\\/celebracion-del-tercer-aniversario-del-jardin-maternal-arcoiris\\\/#primaryimage\",\"url\":\"https:\\\/\\\/noticiasmercedinas.com\\\/site\\\/wp-content\\\/uploads\\\/2024\\\/05\\\/IMG-20240503-WA0068.jpg\",\"contentUrl\":\"https:\\\/\\\/noticiasmercedinas.com\\\/site\\\/wp-content\\\/uploads\\\/2024\\\/05\\\/IMG-20240503-WA0068.jpg\",\"width\":1600,\"height\":1200},{\"@type\":\"BreadcrumbList\",\"@id\":\"https:\\\/\\\/noticiasmercedinas.com\\\/site\\\/2024\\\/05\\\/03\\\/celebracion-del-tercer-aniversario-del-jardin-maternal-arcoiris\\\/#breadcrumb\",\"itemListElement\":[{\"@type\":\"ListItem\",\"position\":1,\"name\":\"Portada\",\"item\":\"https:\\\/\\\/noticiasmercedinas.com\\\/site\\\/\"},{\"@type\":\"ListItem\",\"position\":2,\"name\":\"Celebraci\u00f3n del tercer aniversario del Jard\u00edn Maternal Arcoiris\"}]},{\"@type\":\"WebSite\",\"@id\":\"https:\\\/\\\/noticiasmercedinas.com\\\/site\\\/#website\",\"url\":\"https:\\\/\\\/noticiasmercedinas.com\\\/site\\\/\",\"name\":\"NOTICIASMERCEDINAS.COM\",\"description\":\"Mercedes, Buenos Aires, Argentina\",\"publisher\":{\"@id\":\"https:\\\/\\\/noticiasmercedinas.com\\\/site\\\/#organization\"},\"potentialAction\":[{\"@type\":\"SearchAction\",\"target\":{\"@type\":\"EntryPoint\",\"urlTemplate\":\"https:\\\/\\\/noticiasmercedinas.com\\\/site\\\/?s={search_term_string}\"},\"query-input\":{\"@type\":\"PropertyValueSpecification\",\"valueRequired\":true,\"valueName\":\"search_term_string\"}}],\"inLanguage\":\"es\"},{\"@type\":\"Organization\",\"@id\":\"https:\\\/\\\/noticiasmercedinas.com\\\/site\\\/#organization\",\"name\":\"NOTICIASMERCEDINAS.COM\",\"url\":\"https:\\\/\\\/noticiasmercedinas.com\\\/site\\\/\",\"logo\":{\"@type\":\"ImageObject\",\"inLanguage\":\"es\",\"@id\":\"https:\\\/\\\/noticiasmercedinas.com\\\/site\\\/#\\\/schema\\\/logo\\\/image\\\/\",\"url\":\"https:\\\/\\\/noticiasmercedinas.com\\\/site\\\/wp-content\\\/uploads\\\/2020\\\/06\\\/LOGO-512.jpg\",\"contentUrl\":\"https:\\\/\\\/noticiasmercedinas.com\\\/site\\\/wp-content\\\/uploads\\\/2020\\\/06\\\/LOGO-512.jpg\",\"width\":512,\"height\":512,\"caption\":\"NOTICIASMERCEDINAS.COM\"},\"image\":{\"@id\":\"https:\\\/\\\/noticiasmercedinas.com\\\/site\\\/#\\\/schema\\\/logo\\\/image\\\/\"},\"sameAs\":[\"https:\\\/\\\/www.facebook.com\\\/noticiasmercedinas\\\/\",\"https:\\\/\\\/x.com\\\/notmercedinas\",\"https:\\\/\\\/www.instagram.com\\\/noticiasmercedinas\\\/\"]},{\"@type\":\"Person\",\"@id\":\"https:\\\/\\\/noticiasmercedinas.com\\\/site\\\/#\\\/schema\\\/person\\\/84b59c099c28ff2e8b77d4ceec5d8063\",\"name\":\"NOTICIASMERCEDINAS.COM\",\"image\":{\"@type\":\"ImageObject\",\"inLanguage\":\"es\",\"@id\":\"https:\\\/\\\/secure.gravatar.com\\\/avatar\\\/4dfbf16b4d17945bfb6341b2d19043457132fcf478a5ee04f42e959fd8f5df0a?s=96&d=mm&r=g\",\"url\":\"https:\\\/\\\/secure.gravatar.com\\\/avatar\\\/4dfbf16b4d17945bfb6341b2d19043457132fcf478a5ee04f42e959fd8f5df0a?s=96&d=mm&r=g\",\"contentUrl\":\"https:\\\/\\\/secure.gravatar.com\\\/avatar\\\/4dfbf16b4d17945bfb6341b2d19043457132fcf478a5ee04f42e959fd8f5df0a?s=96&d=mm&r=g\",\"caption\":\"NOTICIASMERCEDINAS.COM\"},\"url\":\"https:\\\/\\\/noticiasmercedinas.com\\\/site\\\/author\\\/anonimo\\\/\"}]}<\/script>\n<!-- \/ Yoast SEO plugin. -->","yoast_head_json":{"title":"Celebraci\u00f3n del tercer aniversario del Jard\u00edn Maternal Arcoiris","robots":{"index":"index","follow":"follow","max-snippet":"max-snippet:-1","max-image-preview":"max-image-preview:large","max-video-preview":"max-video-preview:-1"},"canonical":"https:\/\/noticiasmercedinas.com\/site\/2024\/05\/03\/celebracion-del-tercer-aniversario-del-jardin-maternal-arcoiris\/","og_locale":"es_ES","og_type":"article","og_title":"Celebraci\u00f3n del tercer aniversario del Jard\u00edn Maternal Arcoiris","og_description":"\u25a0 Este proyecto, que comenz\u00f3 como un sue\u00f1o compartido, se ha convertido en una ejemplar cooperativa de trabajo, liderada actualmente por Cintia y Josefina, dos de las mujeres fundadoras","og_url":"https:\/\/noticiasmercedinas.com\/site\/2024\/05\/03\/celebracion-del-tercer-aniversario-del-jardin-maternal-arcoiris\/","og_site_name":"NOTICIASMERCEDINAS.COM","article_publisher":"https:\/\/www.facebook.com\/noticiasmercedinas\/","article_published_time":"2024-05-03T23:59:29+00:00","article_modified_time":"2024-05-04T00:03:33+00:00","og_image":[{"width":1600,"height":1200,"url":"https:\/\/noticiasmercedinas.com\/site\/wp-content\/uploads\/2024\/05\/IMG-20240503-WA0068.jpg","type":"image\/jpeg"}],"author":"NOTICIASMERCEDINAS.COM","twitter_card":"summary_large_image","twitter_creator":"@notmercedinas","twitter_site":"@notmercedinas","twitter_misc":{"Escrito por":"NOTICIASMERCEDINAS.COM","Tiempo de lectura":"2 minutos"},"schema":{"@context":"https:\/\/schema.org","@graph":[{"@type":"Article","@id":"https:\/\/noticiasmercedinas.com\/site\/2024\/05\/03\/celebracion-del-tercer-aniversario-del-jardin-maternal-arcoiris\/#article","isPartOf":{"@id":"https:\/\/noticiasmercedinas.com\/site\/2024\/05\/03\/celebracion-del-tercer-aniversario-del-jardin-maternal-arcoiris\/"},"author":{"name":"NOTICIASMERCEDINAS.COM","@id":"https:\/\/noticiasmercedinas.com\/site\/#\/schema\/person\/84b59c099c28ff2e8b77d4ceec5d8063"},"headline":"Celebraci\u00f3n del tercer aniversario del Jard\u00edn Maternal Arcoiris","datePublished":"2024-05-03T23:59:29+00:00","dateModified":"2024-05-04T00:03:33+00:00","mainEntityOfPage":{"@id":"https:\/\/noticiasmercedinas.com\/site\/2024\/05\/03\/celebracion-del-tercer-aniversario-del-jardin-maternal-arcoiris\/"},"wordCount":336,"publisher":{"@id":"https:\/\/noticiasmercedinas.com\/site\/#organization"},"image":{"@id":"https:\/\/noticiasmercedinas.com\/site\/2024\/05\/03\/celebracion-del-tercer-aniversario-del-jardin-maternal-arcoiris\/#primaryimage"},"thumbnailUrl":"https:\/\/noticiasmercedinas.com\/site\/wp-content\/uploads\/2024\/05\/IMG-20240503-WA0068.jpg","keywords":["aniversario","arzobispo Jorge Eduardo Scheinig","Jard\u00edn Maternal Arco\u00edris"],"articleSection":["Sociedad"],"inLanguage":"es"},{"@type":"WebPage","@id":"https:\/\/noticiasmercedinas.com\/site\/2024\/05\/03\/celebracion-del-tercer-aniversario-del-jardin-maternal-arcoiris\/","url":"https:\/\/noticiasmercedinas.com\/site\/2024\/05\/03\/celebracion-del-tercer-aniversario-del-jardin-maternal-arcoiris\/","name":"Celebraci\u00f3n del tercer aniversario del Jard\u00edn Maternal Arcoiris","isPartOf":{"@id":"https:\/\/noticiasmercedinas.com\/site\/#website"},"primaryImageOfPage":{"@id":"https:\/\/noticiasmercedinas.com\/site\/2024\/05\/03\/celebracion-del-tercer-aniversario-del-jardin-maternal-arcoiris\/#primaryimage"},"image":{"@id":"https:\/\/noticiasmercedinas.com\/site\/2024\/05\/03\/celebracion-del-tercer-aniversario-del-jardin-maternal-arcoiris\/#primaryimage"},"thumbnailUrl":"https:\/\/noticiasmercedinas.com\/site\/wp-content\/uploads\/2024\/05\/IMG-20240503-WA0068.jpg","datePublished":"2024-05-03T23:59:29+00:00","dateModified":"2024-05-04T00:03:33+00:00","breadcrumb":{"@id":"https:\/\/noticiasmercedinas.com\/site\/2024\/05\/03\/celebracion-del-tercer-aniversario-del-jardin-maternal-arcoiris\/#breadcrumb"},"inLanguage":"es","potentialAction":[{"@type":"ReadAction","target":["https:\/\/noticiasmercedinas.com\/site\/2024\/05\/03\/celebracion-del-tercer-aniversario-del-jardin-maternal-arcoiris\/"]}]},{"@type":"ImageObject","inLanguage":"es","@id":"https:\/\/noticiasmercedinas.com\/site\/2024\/05\/03\/celebracion-del-tercer-aniversario-del-jardin-maternal-arcoiris\/#primaryimage","url":"https:\/\/noticiasmercedinas.com\/site\/wp-content\/uploads\/2024\/05\/IMG-20240503-WA0068.jpg","contentUrl":"https:\/\/noticiasmercedinas.com\/site\/wp-content\/uploads\/2024\/05\/IMG-20240503-WA0068.jpg","width":1600,"height":1200},{"@type":"BreadcrumbList","@id":"https:\/\/noticiasmercedinas.com\/site\/2024\/05\/03\/celebracion-del-tercer-aniversario-del-jardin-maternal-arcoiris\/#breadcrumb","itemListElement":[{"@type":"ListItem","position":1,"name":"Portada","item":"https:\/\/noticiasmercedinas.com\/site\/"},{"@type":"ListItem","position":2,"name":"Celebraci\u00f3n del tercer aniversario del Jard\u00edn Maternal Arcoiris"}]},{"@type":"WebSite","@id":"https:\/\/noticiasmercedinas.com\/site\/#website","url":"https:\/\/noticiasmercedinas.com\/site\/","name":"NOTICIASMERCEDINAS.COM","description":"Mercedes, Buenos Aires, Argentina","publisher":{"@id":"https:\/\/noticiasmercedinas.com\/site\/#organization"},"potentialAction":[{"@type":"SearchAction","target":{"@type":"EntryPoint","urlTemplate":"https:\/\/noticiasmercedinas.com\/site\/?s={search_term_string}"},"query-input":{"@type":"PropertyValueSpecification","valueRequired":true,"valueName":"search_term_string"}}],"inLanguage":"es"},{"@type":"Organization","@id":"https:\/\/noticiasmercedinas.com\/site\/#organization","name":"NOTICIASMERCEDINAS.COM","url":"https:\/\/noticiasmercedinas.com\/site\/","logo":{"@type":"ImageObject","inLanguage":"es","@id":"https:\/\/noticiasmercedinas.com\/site\/#\/schema\/logo\/image\/","url":"https:\/\/noticiasmercedinas.com\/site\/wp-content\/uploads\/2020\/06\/LOGO-512.jpg","contentUrl":"https:\/\/noticiasmercedinas.com\/site\/wp-content\/uploads\/2020\/06\/LOGO-512.jpg","width":512,"height":512,"caption":"NOTICIASMERCEDINAS.COM"},"image":{"@id":"https:\/\/noticiasmercedinas.com\/site\/#\/schema\/logo\/image\/"},"sameAs":["https:\/\/www.facebook.com\/noticiasmercedinas\/","https:\/\/x.com\/notmercedinas","https:\/\/www.instagram.com\/noticiasmercedinas\/"]},{"@type":"Person","@id":"https:\/\/noticiasmercedinas.com\/site\/#\/schema\/person\/84b59c099c28ff2e8b77d4ceec5d8063","name":"NOTICIASMERCEDINAS.COM","image":{"@type":"ImageObject","inLanguage":"es","@id":"https:\/\/secure.gravatar.com\/avatar\/4dfbf16b4d17945bfb6341b2d19043457132fcf478a5ee04f42e959fd8f5df0a?s=96&d=mm&r=g","url":"https:\/\/secure.gravatar.com\/avatar\/4dfbf16b4d17945bfb6341b2d19043457132fcf478a5ee04f42e959fd8f5df0a?s=96&d=mm&r=g","contentUrl":"https:\/\/secure.gravatar.com\/avatar\/4dfbf16b4d17945bfb6341b2d19043457132fcf478a5ee04f42e959fd8f5df0a?s=96&d=mm&r=g","caption":"NOTICIASMERCEDINAS.COM"},"url":"https:\/\/noticiasmercedinas.com\/site\/author\/anonimo\/"}]}},"amp_enabled":true,"_links":{"self":[{"href":"https:\/\/noticiasmercedinas.com\/site\/wp-json\/wp\/v2\/posts\/135471","targetHints":{"allow":["GET"]}}],"collection":[{"href":"https:\/\/noticiasmercedinas.com\/site\/wp-json\/wp\/v2\/posts"}],"about":[{"href":"https:\/\/noticiasmercedinas.com\/site\/wp-json\/wp\/v2\/types\/post"}],"author":[{"embeddable":true,"href":"https:\/\/noticiasmercedinas.com\/site\/wp-json\/wp\/v2\/users\/16"}],"replies":[{"embeddable":true,"href":"https:\/\/noticiasmercedinas.com\/site\/wp-json\/wp\/v2\/comments?post=135471"}],"version-history":[{"count":2,"href":"https:\/\/noticiasmercedinas.com\/site\/wp-json\/wp\/v2\/posts\/135471\/revisions"}],"predecessor-version":[{"id":135476,"href":"https:\/\/noticiasmercedinas.com\/site\/wp-json\/wp\/v2\/posts\/135471\/revisions\/135476"}],"wp:featuredmedia":[{"embeddable":true,"href":"https:\/\/noticiasmercedinas.com\/site\/wp-json\/wp\/v2\/media\/135472"}],"wp:attachment":[{"href":"https:\/\/noticiasmercedinas.com\/site\/wp-json\/wp\/v2\/media?parent=135471"}],"wp:term":[{"taxonomy":"category","embeddable":true,"href":"https:\/\/noticiasmercedinas.com\/site\/wp-json\/wp\/v2\/categories?post=135471"},{"taxonomy":"post_tag","embeddable":true,"href":"https:\/\/noticiasmercedinas.com\/site\/wp-json\/wp\/v2\/tags?post=135471"}],"curies":[{"name":"wp","href":"https:\/\/api.w.org\/{rel}","templated":true}]}}