{"id":13569,"date":"2019-03-07T15:23:24","date_gmt":"2019-03-07T18:23:24","guid":{"rendered":"https:\/\/noticiasmercedinas.com\/site\/?p=13569"},"modified":"2019-03-09T23:05:16","modified_gmt":"2019-03-10T02:05:16","slug":"albini-cuestiono-la-falta-de-reconocimiento-al-legislativo-por-parte-del-intendente","status":"publish","type":"post","link":"https:\/\/noticiasmercedinas.com\/site\/2019\/03\/07\/albini-cuestiono-la-falta-de-reconocimiento-al-legislativo-por-parte-del-intendente\/","title":{"rendered":"Albini cuestion\u00f3 la \u201cfalta de reconocimiento al Legislativo\u201d por parte del intendente"},"content":{"rendered":"<p><img loading=\"lazy\" decoding=\"async\" class=\"alignnone wp-image-13571 size-full\" src=\"https:\/\/noticiasmercedinas.com\/site\/wp-content\/uploads\/2019\/03\/IMG_20190307_100428.jpg\" width=\"2560\" height=\"1440\" srcset=\"https:\/\/noticiasmercedinas.com\/site\/wp-content\/uploads\/2019\/03\/IMG_20190307_100428.jpg 2560w, https:\/\/noticiasmercedinas.com\/site\/wp-content\/uploads\/2019\/03\/IMG_20190307_100428-300x169.jpg 300w, https:\/\/noticiasmercedinas.com\/site\/wp-content\/uploads\/2019\/03\/IMG_20190307_100428-768x432.jpg 768w, https:\/\/noticiasmercedinas.com\/site\/wp-content\/uploads\/2019\/03\/IMG_20190307_100428-1024x576.jpg 1024w, https:\/\/noticiasmercedinas.com\/site\/wp-content\/uploads\/2019\/03\/IMG_20190307_100428-640x360.jpg 640w, https:\/\/noticiasmercedinas.com\/site\/wp-content\/uploads\/2019\/03\/IMG_20190307_100428-1280x720.jpg 1280w, https:\/\/noticiasmercedinas.com\/site\/wp-content\/uploads\/2019\/03\/IMG_20190307_100428-681x383.jpg 681w, https:\/\/noticiasmercedinas.com\/site\/wp-content\/uploads\/2019\/03\/IMG_20190307_100428-1362x766.jpg 1362w\" sizes=\"auto, (max-width: 2560px) 100vw, 2560px\" \/><\/p>\n<audio class=\"wp-audio-shortcode\" id=\"audio-13569-1\" preload=\"none\" style=\"width: 100%;\" controls=\"controls\"><source type=\"audio\/mpeg\" src=\"https:\/\/noticiasmercedinas.com\/site\/wp-content\/uploads\/2019\/03\/oscaralbini2019-03-07.mp3?_=1\" \/><a href=\"https:\/\/noticiasmercedinas.com\/site\/wp-content\/uploads\/2019\/03\/oscaralbini2019-03-07.mp3\">https:\/\/noticiasmercedinas.com\/site\/wp-content\/uploads\/2019\/03\/oscaralbini2019-03-07.mp3<\/a><\/audio>\n<p>En el d\u00eda de hoy el concejal del Frente Cambiemos, Oscar Albini, quien fue presidente del Legislativo durante el periodo 2018, expres\u00f3 su visi\u00f3n particular sobre el <a href=\"https:\/\/noticiasmercedinas.com\/site\/2019\/03\/06\/ustarroz-la-politica-es-el-arte-de-hacer-no-del-decir\/\" target=\"_blank\" rel=\"noopener\"><strong>discurso de Juan Ignacio Ustarroz pronunciado en la apertura de sesiones en la jornada de ayer<\/strong><\/a>. Destac\u00f3 que en sus palabras \u201cno hubo un reconocimiento al Legislativo\u201d por parte del intendente municipal.<\/p>\n<p>Seg\u00fan Albini lo de Ustarroz fue \u201cun discurso de campa\u00f1a\u201d. \u201cA mi juicio hizo un racconto de los tres a\u00f1os de gesti\u00f3n, que no digo que est\u00e9 ni bien ni mal, est\u00e1 bueno a veces mostrar lo que se hace y algunas proyecciones que bienvenidas sean para la ciudad, como la pileta de nataci\u00f3n en el polideportivo, el incremento en los centros odontol\u00f3gicos, 33 cuadras de asfalto\u201d, dijo. \u201cBienvenido sea. Ahora esperemos que se puedan concretar\u201d, agreg\u00f3.<\/p>\n<p>Pero luego resalt\u00f3 que de \u201ctodos los logros que manifest\u00f3, que muchos son reales y ciertos, despu\u00e9s se podr\u00e1 discutir alguna cifra, pero no es un tema menor que no tuvo una sola palabra de reconocimiento, yo digo un gesto de humildad o un gesto hacia el Concejo Deliberante, en reconocer que todos esos convenios que posibilitaron el crecimiento de la Municipalidad de Mercedes fueron trabajados y aprobados por el Concejo Deliberante\u201d<\/p>\n<p>\u201cUn Concejo Deliberante que desde que \u00e9l asumi\u00f3 el 10 de diciembre del 2015 es mayor\u00eda opositora. Un Concejo Deliberante del que en un su momento muchos ten\u00edan miedo, porque el bloque de Cambiemos iba a tener 10 concejales, y sin embargo todos esos convenios, Agrale, ARBA, Axion con el tema de combustibles, la compra de los colectivo y la municipalizaci\u00f3n del transporte p\u00fablico, el programa habitacional Mi Casa, el trabajo y la gran predisposici\u00f3n que hubo en el tema de tierras y las regularizaciones dominiales, que este a\u00f1o el municipio de Mercedes va a tener a disposici\u00f3n 800 lotes, tal cual lo dijo el intendente ayer, eso es gracias al gran trabajo que se hizo en el Concejo Deliberante. No se puso un solo palo en la rueda y se trabaja como realmente lo demanda la sociedad: un Concejo Deliberante que ante cualquier requisitoria, con su impronta, con su mirada, todo lo acompa\u00f1\u00f3 tratando de buscar lo mejor para el vecino\u201d, detall\u00f3 Albini.<\/p>\n<p>\u201cYo creo que eso fue una desconsideraci\u00f3n, una falta de gesto del intendente hacia el Concejo Deliberante, que viene trabajando. Ojala en los dem\u00e1s \u00e1mbitos legislativos que uno ve a trav\u00e9s de las noticias se trabaje de la misma manera, y lo mismo en el Congreso Nacional. Hubo una oposici\u00f3n en Mercedes responsable, a la altura de las circunstancias. Y los logros est\u00e1n a la vista, son logros m\u00e1s all\u00e1 de la gesti\u00f3n. Tambi\u00e9n hubo parte del Departamento Legislativo, que ha trabajado codo a codo con el Ejecutivo en los temas que hacen a la ciudad\u201d, opin\u00f3 el concejal Albini.<\/p>\n","protected":false},"excerpt":{"rendered":"<p>En el d\u00eda de hoy el concejal del Frente Cambiemos, Oscar Albini, quien fue presidente del Legislativo durante el periodo 2018, expres\u00f3 su visi\u00f3n particular sobre el discurso de Juan Ignacio Ustarroz pronunciado en la apertura de sesiones en la jornada de ayer. Destac\u00f3 que en sus palabras \u201cno hubo un reconocimiento al Legislativo\u201d por [&hellip;]<\/p>\n","protected":false},"author":2,"featured_media":13571,"comment_status":"open","ping_status":"open","sticky":false,"template":"","format":"standard","meta":{"footnotes":""},"categories":[16],"tags":[3765,3787,243,266,882],"class_list":["post-13569","post","type-post","status-publish","format-standard","has-post-thumbnail","hentry","category-politica","tag-apertura","tag-apertura-de-sesiones","tag-concejo-deliberante","tag-juan-ignacio-ustarroz","tag-oscar-albini"],"yoast_head":"<!-- This site is optimized with the Yoast SEO plugin v27.4 - https:\/\/yoast.com\/product\/yoast-seo-wordpress\/ -->\n<title>Albini cuestion\u00f3 la \u201cfalta de reconocimiento al Legislativo\u201d por parte del intendente<\/title>\n<meta name=\"robots\" content=\"index, follow, max-snippet:-1, max-image-preview:large, max-video-preview:-1\" \/>\n<link rel=\"canonical\" href=\"https:\/\/noticiasmercedinas.com\/site\/2019\/03\/07\/albini-cuestiono-la-falta-de-reconocimiento-al-legislativo-por-parte-del-intendente\/\" \/>\n<meta property=\"og:locale\" content=\"es_ES\" \/>\n<meta property=\"og:type\" content=\"article\" \/>\n<meta property=\"og:title\" content=\"Albini cuestion\u00f3 la \u201cfalta de reconocimiento al Legislativo\u201d por parte del intendente\" \/>\n<meta property=\"og:description\" content=\"En el d\u00eda de hoy el concejal del Frente Cambiemos, Oscar Albini, quien fue presidente del Legislativo durante el periodo 2018, expres\u00f3 su visi\u00f3n particular sobre el discurso de Juan Ignacio Ustarroz pronunciado en la apertura de sesiones en la jornada de ayer. Destac\u00f3 que en sus palabras \u201cno hubo un reconocimiento al Legislativo\u201d por [&hellip;]\" \/>\n<meta property=\"og:url\" content=\"https:\/\/noticiasmercedinas.com\/site\/2019\/03\/07\/albini-cuestiono-la-falta-de-reconocimiento-al-legislativo-por-parte-del-intendente\/\" \/>\n<meta property=\"og:site_name\" content=\"NOTICIASMERCEDINAS.COM\" \/>\n<meta property=\"article:publisher\" content=\"https:\/\/www.facebook.com\/noticiasmercedinas\/\" \/>\n<meta property=\"article:author\" content=\"https:\/\/www.facebook.com\/cristian.falabella\" \/>\n<meta property=\"article:published_time\" content=\"2019-03-07T18:23:24+00:00\" \/>\n<meta property=\"article:modified_time\" content=\"2019-03-10T02:05:16+00:00\" \/>\n<meta property=\"og:image\" content=\"https:\/\/noticiasmercedinas.com\/site\/wp-content\/uploads\/2019\/03\/IMG_20190307_100428.jpg\" \/>\n\t<meta property=\"og:image:width\" content=\"2560\" \/>\n\t<meta property=\"og:image:height\" content=\"1440\" \/>\n\t<meta property=\"og:image:type\" content=\"image\/jpeg\" \/>\n<meta name=\"author\" content=\"Cristian Falabella NOTICIASMERCEDINAS.COM\" \/>\n<meta name=\"twitter:card\" content=\"summary_large_image\" \/>\n<meta name=\"twitter:creator\" content=\"@https:\/\/twitter.com\/NOTMERCEDINAS\" \/>\n<meta name=\"twitter:site\" content=\"@notmercedinas\" \/>\n<meta name=\"twitter:label1\" content=\"Escrito por\" \/>\n\t<meta name=\"twitter:data1\" content=\"Cristian Falabella NOTICIASMERCEDINAS.COM\" \/>\n\t<meta name=\"twitter:label2\" content=\"Tiempo de lectura\" \/>\n\t<meta name=\"twitter:data2\" content=\"3 minutos\" \/>\n<script type=\"application\/ld+json\" class=\"yoast-schema-graph\">{\"@context\":\"https:\\\/\\\/schema.org\",\"@graph\":[{\"@type\":\"Article\",\"@id\":\"https:\\\/\\\/noticiasmercedinas.com\\\/site\\\/2019\\\/03\\\/07\\\/albini-cuestiono-la-falta-de-reconocimiento-al-legislativo-por-parte-del-intendente\\\/#article\",\"isPartOf\":{\"@id\":\"https:\\\/\\\/noticiasmercedinas.com\\\/site\\\/2019\\\/03\\\/07\\\/albini-cuestiono-la-falta-de-reconocimiento-al-legislativo-por-parte-del-intendente\\\/\"},\"author\":{\"name\":\"Cristian Falabella NOTICIASMERCEDINAS.COM\",\"@id\":\"https:\\\/\\\/noticiasmercedinas.com\\\/site\\\/#\\\/schema\\\/person\\\/d481a9696a5feaec13a60e2bbd991a6a\"},\"headline\":\"Albini cuestion\u00f3 la \u201cfalta de reconocimiento al Legislativo\u201d por parte del intendente\",\"datePublished\":\"2019-03-07T18:23:24+00:00\",\"dateModified\":\"2019-03-10T02:05:16+00:00\",\"mainEntityOfPage\":{\"@id\":\"https:\\\/\\\/noticiasmercedinas.com\\\/site\\\/2019\\\/03\\\/07\\\/albini-cuestiono-la-falta-de-reconocimiento-al-legislativo-por-parte-del-intendente\\\/\"},\"wordCount\":515,\"commentCount\":0,\"publisher\":{\"@id\":\"https:\\\/\\\/noticiasmercedinas.com\\\/site\\\/#organization\"},\"image\":{\"@id\":\"https:\\\/\\\/noticiasmercedinas.com\\\/site\\\/2019\\\/03\\\/07\\\/albini-cuestiono-la-falta-de-reconocimiento-al-legislativo-por-parte-del-intendente\\\/#primaryimage\"},\"thumbnailUrl\":\"https:\\\/\\\/noticiasmercedinas.com\\\/site\\\/wp-content\\\/uploads\\\/2019\\\/03\\\/IMG_20190307_100428.jpg\",\"keywords\":[\"apertura\",\"apertura de sesiones\",\"concejo deliberante\",\"juan ignacio ustarroz\",\"oscar albini\"],\"articleSection\":[\"Politica\"],\"inLanguage\":\"es\",\"potentialAction\":[{\"@type\":\"CommentAction\",\"name\":\"Comment\",\"target\":[\"https:\\\/\\\/noticiasmercedinas.com\\\/site\\\/2019\\\/03\\\/07\\\/albini-cuestiono-la-falta-de-reconocimiento-al-legislativo-por-parte-del-intendente\\\/#respond\"]}]},{\"@type\":\"WebPage\",\"@id\":\"https:\\\/\\\/noticiasmercedinas.com\\\/site\\\/2019\\\/03\\\/07\\\/albini-cuestiono-la-falta-de-reconocimiento-al-legislativo-por-parte-del-intendente\\\/\",\"url\":\"https:\\\/\\\/noticiasmercedinas.com\\\/site\\\/2019\\\/03\\\/07\\\/albini-cuestiono-la-falta-de-reconocimiento-al-legislativo-por-parte-del-intendente\\\/\",\"name\":\"Albini cuestion\u00f3 la \u201cfalta de reconocimiento al Legislativo\u201d por parte del intendente\",\"isPartOf\":{\"@id\":\"https:\\\/\\\/noticiasmercedinas.com\\\/site\\\/#website\"},\"primaryImageOfPage\":{\"@id\":\"https:\\\/\\\/noticiasmercedinas.com\\\/site\\\/2019\\\/03\\\/07\\\/albini-cuestiono-la-falta-de-reconocimiento-al-legislativo-por-parte-del-intendente\\\/#primaryimage\"},\"image\":{\"@id\":\"https:\\\/\\\/noticiasmercedinas.com\\\/site\\\/2019\\\/03\\\/07\\\/albini-cuestiono-la-falta-de-reconocimiento-al-legislativo-por-parte-del-intendente\\\/#primaryimage\"},\"thumbnailUrl\":\"https:\\\/\\\/noticiasmercedinas.com\\\/site\\\/wp-content\\\/uploads\\\/2019\\\/03\\\/IMG_20190307_100428.jpg\",\"datePublished\":\"2019-03-07T18:23:24+00:00\",\"dateModified\":\"2019-03-10T02:05:16+00:00\",\"breadcrumb\":{\"@id\":\"https:\\\/\\\/noticiasmercedinas.com\\\/site\\\/2019\\\/03\\\/07\\\/albini-cuestiono-la-falta-de-reconocimiento-al-legislativo-por-parte-del-intendente\\\/#breadcrumb\"},\"inLanguage\":\"es\",\"potentialAction\":[{\"@type\":\"ReadAction\",\"target\":[\"https:\\\/\\\/noticiasmercedinas.com\\\/site\\\/2019\\\/03\\\/07\\\/albini-cuestiono-la-falta-de-reconocimiento-al-legislativo-por-parte-del-intendente\\\/\"]}]},{\"@type\":\"ImageObject\",\"inLanguage\":\"es\",\"@id\":\"https:\\\/\\\/noticiasmercedinas.com\\\/site\\\/2019\\\/03\\\/07\\\/albini-cuestiono-la-falta-de-reconocimiento-al-legislativo-por-parte-del-intendente\\\/#primaryimage\",\"url\":\"https:\\\/\\\/noticiasmercedinas.com\\\/site\\\/wp-content\\\/uploads\\\/2019\\\/03\\\/IMG_20190307_100428.jpg\",\"contentUrl\":\"https:\\\/\\\/noticiasmercedinas.com\\\/site\\\/wp-content\\\/uploads\\\/2019\\\/03\\\/IMG_20190307_100428.jpg\",\"width\":2560,\"height\":1440},{\"@type\":\"BreadcrumbList\",\"@id\":\"https:\\\/\\\/noticiasmercedinas.com\\\/site\\\/2019\\\/03\\\/07\\\/albini-cuestiono-la-falta-de-reconocimiento-al-legislativo-por-parte-del-intendente\\\/#breadcrumb\",\"itemListElement\":[{\"@type\":\"ListItem\",\"position\":1,\"name\":\"Portada\",\"item\":\"https:\\\/\\\/noticiasmercedinas.com\\\/site\\\/\"},{\"@type\":\"ListItem\",\"position\":2,\"name\":\"Albini cuestion\u00f3 la \u201cfalta de reconocimiento al Legislativo\u201d por parte del intendente\"}]},{\"@type\":\"WebSite\",\"@id\":\"https:\\\/\\\/noticiasmercedinas.com\\\/site\\\/#website\",\"url\":\"https:\\\/\\\/noticiasmercedinas.com\\\/site\\\/\",\"name\":\"NOTICIASMERCEDINAS.COM\",\"description\":\"Mercedes, Buenos Aires, Argentina\",\"publisher\":{\"@id\":\"https:\\\/\\\/noticiasmercedinas.com\\\/site\\\/#organization\"},\"potentialAction\":[{\"@type\":\"SearchAction\",\"target\":{\"@type\":\"EntryPoint\",\"urlTemplate\":\"https:\\\/\\\/noticiasmercedinas.com\\\/site\\\/?s={search_term_string}\"},\"query-input\":{\"@type\":\"PropertyValueSpecification\",\"valueRequired\":true,\"valueName\":\"search_term_string\"}}],\"inLanguage\":\"es\"},{\"@type\":\"Organization\",\"@id\":\"https:\\\/\\\/noticiasmercedinas.com\\\/site\\\/#organization\",\"name\":\"NOTICIASMERCEDINAS.COM\",\"url\":\"https:\\\/\\\/noticiasmercedinas.com\\\/site\\\/\",\"logo\":{\"@type\":\"ImageObject\",\"inLanguage\":\"es\",\"@id\":\"https:\\\/\\\/noticiasmercedinas.com\\\/site\\\/#\\\/schema\\\/logo\\\/image\\\/\",\"url\":\"https:\\\/\\\/noticiasmercedinas.com\\\/site\\\/wp-content\\\/uploads\\\/2020\\\/06\\\/LOGO-512.jpg\",\"contentUrl\":\"https:\\\/\\\/noticiasmercedinas.com\\\/site\\\/wp-content\\\/uploads\\\/2020\\\/06\\\/LOGO-512.jpg\",\"width\":512,\"height\":512,\"caption\":\"NOTICIASMERCEDINAS.COM\"},\"image\":{\"@id\":\"https:\\\/\\\/noticiasmercedinas.com\\\/site\\\/#\\\/schema\\\/logo\\\/image\\\/\"},\"sameAs\":[\"https:\\\/\\\/www.facebook.com\\\/noticiasmercedinas\\\/\",\"https:\\\/\\\/x.com\\\/notmercedinas\",\"https:\\\/\\\/www.instagram.com\\\/noticiasmercedinas\\\/\"]},{\"@type\":\"Person\",\"@id\":\"https:\\\/\\\/noticiasmercedinas.com\\\/site\\\/#\\\/schema\\\/person\\\/d481a9696a5feaec13a60e2bbd991a6a\",\"name\":\"Cristian Falabella NOTICIASMERCEDINAS.COM\",\"image\":{\"@type\":\"ImageObject\",\"inLanguage\":\"es\",\"@id\":\"https:\\\/\\\/secure.gravatar.com\\\/avatar\\\/0dbbfc45970cc46bcd0e57766228574ff3511d6eed045b182f536f0f478c1f06?s=96&d=mm&r=g\",\"url\":\"https:\\\/\\\/secure.gravatar.com\\\/avatar\\\/0dbbfc45970cc46bcd0e57766228574ff3511d6eed045b182f536f0f478c1f06?s=96&d=mm&r=g\",\"contentUrl\":\"https:\\\/\\\/secure.gravatar.com\\\/avatar\\\/0dbbfc45970cc46bcd0e57766228574ff3511d6eed045b182f536f0f478c1f06?s=96&d=mm&r=g\",\"caption\":\"Cristian Falabella NOTICIASMERCEDINAS.COM\"},\"description\":\"Periodista, editor de Noticias Mercedinas. Pas\u00f3 por varias redacciones y emprendimientos de prensa, en distintos formatos y \u00e9pocas. Se especializ\u00f3 --y sigue haci\u00e9ndolo-- en comunicaci\u00f3n en la web y en junio de 2006 fund\u00f3 este diario digital.\",\"sameAs\":[\"https:\\\/\\\/noticiasmercedinas.com\",\"https:\\\/\\\/www.facebook.com\\\/cristian.falabella\",\"https:\\\/\\\/www.instagram.com\\\/noticiasmercedinas\\\/\",\"https:\\\/\\\/x.com\\\/https:\\\/\\\/twitter.com\\\/NOTMERCEDINAS\"],\"url\":\"https:\\\/\\\/noticiasmercedinas.com\\\/site\\\/author\\\/as000384\\\/\"}]}<\/script>\n<!-- \/ Yoast SEO plugin. -->","yoast_head_json":{"title":"Albini cuestion\u00f3 la \u201cfalta de reconocimiento al Legislativo\u201d por parte del intendente","robots":{"index":"index","follow":"follow","max-snippet":"max-snippet:-1","max-image-preview":"max-image-preview:large","max-video-preview":"max-video-preview:-1"},"canonical":"https:\/\/noticiasmercedinas.com\/site\/2019\/03\/07\/albini-cuestiono-la-falta-de-reconocimiento-al-legislativo-por-parte-del-intendente\/","og_locale":"es_ES","og_type":"article","og_title":"Albini cuestion\u00f3 la \u201cfalta de reconocimiento al Legislativo\u201d por parte del intendente","og_description":"En el d\u00eda de hoy el concejal del Frente Cambiemos, Oscar Albini, quien fue presidente del Legislativo durante el periodo 2018, expres\u00f3 su visi\u00f3n particular sobre el discurso de Juan Ignacio Ustarroz pronunciado en la apertura de sesiones en la jornada de ayer. Destac\u00f3 que en sus palabras \u201cno hubo un reconocimiento al Legislativo\u201d por [&hellip;]","og_url":"https:\/\/noticiasmercedinas.com\/site\/2019\/03\/07\/albini-cuestiono-la-falta-de-reconocimiento-al-legislativo-por-parte-del-intendente\/","og_site_name":"NOTICIASMERCEDINAS.COM","article_publisher":"https:\/\/www.facebook.com\/noticiasmercedinas\/","article_author":"https:\/\/www.facebook.com\/cristian.falabella","article_published_time":"2019-03-07T18:23:24+00:00","article_modified_time":"2019-03-10T02:05:16+00:00","og_image":[{"width":2560,"height":1440,"url":"https:\/\/noticiasmercedinas.com\/site\/wp-content\/uploads\/2019\/03\/IMG_20190307_100428.jpg","type":"image\/jpeg"}],"author":"Cristian Falabella NOTICIASMERCEDINAS.COM","twitter_card":"summary_large_image","twitter_creator":"@https:\/\/twitter.com\/NOTMERCEDINAS","twitter_site":"@notmercedinas","twitter_misc":{"Escrito por":"Cristian Falabella NOTICIASMERCEDINAS.COM","Tiempo de lectura":"3 minutos"},"schema":{"@context":"https:\/\/schema.org","@graph":[{"@type":"Article","@id":"https:\/\/noticiasmercedinas.com\/site\/2019\/03\/07\/albini-cuestiono-la-falta-de-reconocimiento-al-legislativo-por-parte-del-intendente\/#article","isPartOf":{"@id":"https:\/\/noticiasmercedinas.com\/site\/2019\/03\/07\/albini-cuestiono-la-falta-de-reconocimiento-al-legislativo-por-parte-del-intendente\/"},"author":{"name":"Cristian Falabella NOTICIASMERCEDINAS.COM","@id":"https:\/\/noticiasmercedinas.com\/site\/#\/schema\/person\/d481a9696a5feaec13a60e2bbd991a6a"},"headline":"Albini cuestion\u00f3 la \u201cfalta de reconocimiento al Legislativo\u201d por parte del intendente","datePublished":"2019-03-07T18:23:24+00:00","dateModified":"2019-03-10T02:05:16+00:00","mainEntityOfPage":{"@id":"https:\/\/noticiasmercedinas.com\/site\/2019\/03\/07\/albini-cuestiono-la-falta-de-reconocimiento-al-legislativo-por-parte-del-intendente\/"},"wordCount":515,"commentCount":0,"publisher":{"@id":"https:\/\/noticiasmercedinas.com\/site\/#organization"},"image":{"@id":"https:\/\/noticiasmercedinas.com\/site\/2019\/03\/07\/albini-cuestiono-la-falta-de-reconocimiento-al-legislativo-por-parte-del-intendente\/#primaryimage"},"thumbnailUrl":"https:\/\/noticiasmercedinas.com\/site\/wp-content\/uploads\/2019\/03\/IMG_20190307_100428.jpg","keywords":["apertura","apertura de sesiones","concejo deliberante","juan ignacio ustarroz","oscar albini"],"articleSection":["Politica"],"inLanguage":"es","potentialAction":[{"@type":"CommentAction","name":"Comment","target":["https:\/\/noticiasmercedinas.com\/site\/2019\/03\/07\/albini-cuestiono-la-falta-de-reconocimiento-al-legislativo-por-parte-del-intendente\/#respond"]}]},{"@type":"WebPage","@id":"https:\/\/noticiasmercedinas.com\/site\/2019\/03\/07\/albini-cuestiono-la-falta-de-reconocimiento-al-legislativo-por-parte-del-intendente\/","url":"https:\/\/noticiasmercedinas.com\/site\/2019\/03\/07\/albini-cuestiono-la-falta-de-reconocimiento-al-legislativo-por-parte-del-intendente\/","name":"Albini cuestion\u00f3 la \u201cfalta de reconocimiento al Legislativo\u201d por parte del intendente","isPartOf":{"@id":"https:\/\/noticiasmercedinas.com\/site\/#website"},"primaryImageOfPage":{"@id":"https:\/\/noticiasmercedinas.com\/site\/2019\/03\/07\/albini-cuestiono-la-falta-de-reconocimiento-al-legislativo-por-parte-del-intendente\/#primaryimage"},"image":{"@id":"https:\/\/noticiasmercedinas.com\/site\/2019\/03\/07\/albini-cuestiono-la-falta-de-reconocimiento-al-legislativo-por-parte-del-intendente\/#primaryimage"},"thumbnailUrl":"https:\/\/noticiasmercedinas.com\/site\/wp-content\/uploads\/2019\/03\/IMG_20190307_100428.jpg","datePublished":"2019-03-07T18:23:24+00:00","dateModified":"2019-03-10T02:05:16+00:00","breadcrumb":{"@id":"https:\/\/noticiasmercedinas.com\/site\/2019\/03\/07\/albini-cuestiono-la-falta-de-reconocimiento-al-legislativo-por-parte-del-intendente\/#breadcrumb"},"inLanguage":"es","potentialAction":[{"@type":"ReadAction","target":["https:\/\/noticiasmercedinas.com\/site\/2019\/03\/07\/albini-cuestiono-la-falta-de-reconocimiento-al-legislativo-por-parte-del-intendente\/"]}]},{"@type":"ImageObject","inLanguage":"es","@id":"https:\/\/noticiasmercedinas.com\/site\/2019\/03\/07\/albini-cuestiono-la-falta-de-reconocimiento-al-legislativo-por-parte-del-intendente\/#primaryimage","url":"https:\/\/noticiasmercedinas.com\/site\/wp-content\/uploads\/2019\/03\/IMG_20190307_100428.jpg","contentUrl":"https:\/\/noticiasmercedinas.com\/site\/wp-content\/uploads\/2019\/03\/IMG_20190307_100428.jpg","width":2560,"height":1440},{"@type":"BreadcrumbList","@id":"https:\/\/noticiasmercedinas.com\/site\/2019\/03\/07\/albini-cuestiono-la-falta-de-reconocimiento-al-legislativo-por-parte-del-intendente\/#breadcrumb","itemListElement":[{"@type":"ListItem","position":1,"name":"Portada","item":"https:\/\/noticiasmercedinas.com\/site\/"},{"@type":"ListItem","position":2,"name":"Albini cuestion\u00f3 la \u201cfalta de reconocimiento al Legislativo\u201d por parte del intendente"}]},{"@type":"WebSite","@id":"https:\/\/noticiasmercedinas.com\/site\/#website","url":"https:\/\/noticiasmercedinas.com\/site\/","name":"NOTICIASMERCEDINAS.COM","description":"Mercedes, Buenos Aires, Argentina","publisher":{"@id":"https:\/\/noticiasmercedinas.com\/site\/#organization"},"potentialAction":[{"@type":"SearchAction","target":{"@type":"EntryPoint","urlTemplate":"https:\/\/noticiasmercedinas.com\/site\/?s={search_term_string}"},"query-input":{"@type":"PropertyValueSpecification","valueRequired":true,"valueName":"search_term_string"}}],"inLanguage":"es"},{"@type":"Organization","@id":"https:\/\/noticiasmercedinas.com\/site\/#organization","name":"NOTICIASMERCEDINAS.COM","url":"https:\/\/noticiasmercedinas.com\/site\/","logo":{"@type":"ImageObject","inLanguage":"es","@id":"https:\/\/noticiasmercedinas.com\/site\/#\/schema\/logo\/image\/","url":"https:\/\/noticiasmercedinas.com\/site\/wp-content\/uploads\/2020\/06\/LOGO-512.jpg","contentUrl":"https:\/\/noticiasmercedinas.com\/site\/wp-content\/uploads\/2020\/06\/LOGO-512.jpg","width":512,"height":512,"caption":"NOTICIASMERCEDINAS.COM"},"image":{"@id":"https:\/\/noticiasmercedinas.com\/site\/#\/schema\/logo\/image\/"},"sameAs":["https:\/\/www.facebook.com\/noticiasmercedinas\/","https:\/\/x.com\/notmercedinas","https:\/\/www.instagram.com\/noticiasmercedinas\/"]},{"@type":"Person","@id":"https:\/\/noticiasmercedinas.com\/site\/#\/schema\/person\/d481a9696a5feaec13a60e2bbd991a6a","name":"Cristian Falabella NOTICIASMERCEDINAS.COM","image":{"@type":"ImageObject","inLanguage":"es","@id":"https:\/\/secure.gravatar.com\/avatar\/0dbbfc45970cc46bcd0e57766228574ff3511d6eed045b182f536f0f478c1f06?s=96&d=mm&r=g","url":"https:\/\/secure.gravatar.com\/avatar\/0dbbfc45970cc46bcd0e57766228574ff3511d6eed045b182f536f0f478c1f06?s=96&d=mm&r=g","contentUrl":"https:\/\/secure.gravatar.com\/avatar\/0dbbfc45970cc46bcd0e57766228574ff3511d6eed045b182f536f0f478c1f06?s=96&d=mm&r=g","caption":"Cristian Falabella NOTICIASMERCEDINAS.COM"},"description":"Periodista, editor de Noticias Mercedinas. Pas\u00f3 por varias redacciones y emprendimientos de prensa, en distintos formatos y \u00e9pocas. Se especializ\u00f3 --y sigue haci\u00e9ndolo-- en comunicaci\u00f3n en la web y en junio de 2006 fund\u00f3 este diario digital.","sameAs":["https:\/\/noticiasmercedinas.com","https:\/\/www.facebook.com\/cristian.falabella","https:\/\/www.instagram.com\/noticiasmercedinas\/","https:\/\/x.com\/https:\/\/twitter.com\/NOTMERCEDINAS"],"url":"https:\/\/noticiasmercedinas.com\/site\/author\/as000384\/"}]}},"amp_enabled":true,"_links":{"self":[{"href":"https:\/\/noticiasmercedinas.com\/site\/wp-json\/wp\/v2\/posts\/13569","targetHints":{"allow":["GET"]}}],"collection":[{"href":"https:\/\/noticiasmercedinas.com\/site\/wp-json\/wp\/v2\/posts"}],"about":[{"href":"https:\/\/noticiasmercedinas.com\/site\/wp-json\/wp\/v2\/types\/post"}],"author":[{"embeddable":true,"href":"https:\/\/noticiasmercedinas.com\/site\/wp-json\/wp\/v2\/users\/2"}],"replies":[{"embeddable":true,"href":"https:\/\/noticiasmercedinas.com\/site\/wp-json\/wp\/v2\/comments?post=13569"}],"version-history":[{"count":3,"href":"https:\/\/noticiasmercedinas.com\/site\/wp-json\/wp\/v2\/posts\/13569\/revisions"}],"predecessor-version":[{"id":13574,"href":"https:\/\/noticiasmercedinas.com\/site\/wp-json\/wp\/v2\/posts\/13569\/revisions\/13574"}],"wp:featuredmedia":[{"embeddable":true,"href":"https:\/\/noticiasmercedinas.com\/site\/wp-json\/wp\/v2\/media\/13571"}],"wp:attachment":[{"href":"https:\/\/noticiasmercedinas.com\/site\/wp-json\/wp\/v2\/media?parent=13569"}],"wp:term":[{"taxonomy":"category","embeddable":true,"href":"https:\/\/noticiasmercedinas.com\/site\/wp-json\/wp\/v2\/categories?post=13569"},{"taxonomy":"post_tag","embeddable":true,"href":"https:\/\/noticiasmercedinas.com\/site\/wp-json\/wp\/v2\/tags?post=13569"}],"curies":[{"name":"wp","href":"https:\/\/api.w.org\/{rel}","templated":true}]}}