{"id":135808,"date":"2024-05-08T17:25:33","date_gmt":"2024-05-08T20:25:33","guid":{"rendered":"https:\/\/noticiasmercedinas.com\/site\/?p=135808"},"modified":"2024-05-08T18:03:04","modified_gmt":"2024-05-08T21:03:04","slug":"anunciaron-que-el-desfile-del-25-de-mayo-sera-un-homenaje-a-la-educacion","status":"publish","type":"post","link":"https:\/\/noticiasmercedinas.com\/site\/2024\/05\/08\/anunciaron-que-el-desfile-del-25-de-mayo-sera-un-homenaje-a-la-educacion\/","title":{"rendered":"Anunciaron que el desfile del 25 de mayo ser\u00e1 un homenaje a la educaci\u00f3n"},"content":{"rendered":"<p><img loading=\"lazy\" decoding=\"async\" class=\"alignnone size-full wp-image-135810\" src=\"https:\/\/noticiasmercedinas.com\/site\/wp-content\/uploads\/2024\/05\/USTARROZ1.jpg\" alt=\"\" width=\"640\" height=\"427\" srcset=\"https:\/\/noticiasmercedinas.com\/site\/wp-content\/uploads\/2024\/05\/USTARROZ1.jpg 640w, https:\/\/noticiasmercedinas.com\/site\/wp-content\/uploads\/2024\/05\/USTARROZ1-300x200.jpg 300w\" sizes=\"auto, (max-width: 640px) 100vw, 640px\" \/><\/p>\n<p>El 25 de mayo es s\u00e1bado y ese d\u00eda de la patria se har\u00e1 una fiesta especial en avenida 29 y la plaza San Mart\u00edn de Mercedes.<\/p>\n<p>En una conferencia de prensa realizada esta ma\u00f1ana en el Palacio Municipal, el intendente municipal <strong>Juan Ignacio Ustarroz<\/strong>, junto al inspector distrital <strong>Christian Ponce<\/strong>, el secretario de Educaci\u00f3n de la comuna <strong>Jos\u00e9 Luis Pisano<\/strong> y la presidente del Consejo Escolar de la ciudad <strong>Magui Oliva<\/strong>, anunciaron que el desfile del 25 de mayo de este a\u00f1o estar\u00e1 dedicado a homenajear a la educaci\u00f3n y sus instituciones.<\/p>\n<blockquote><p>\u00abQueremos que este desfile sea un verdadero homenaje a los trabajadores y trabajadoras de la educaci\u00f3n de nuestra ciudad, quienes d\u00eda a d\u00eda enfrentan esta labor tan importante\u00bb<\/p><\/blockquote>\n<p>El objetivo principal de esta iniciativa es poner en valor el trabajo realizado en el \u00e1mbito educativo, destacando el compromiso de las instituciones educativas del distrito. Seg\u00fan se explic\u00f3 a los medios, \u00abes un momento hermoso para poner en valor la educaci\u00f3n, especialmente en un contexto hist\u00f3rico donde se cuestionan aspectos fundamentales de este \u00e1mbito\u00bb.<\/p>\n<p>El desfile, que se llevar\u00e1 a cabo en la avenida principal, contar\u00e1 con la participaci\u00f3n de todas las \u00e1reas del municipio, as\u00ed como tambi\u00e9n con la colaboraci\u00f3n de la Direcci\u00f3n de Deportes, Cultura y Juventud. Adem\u00e1s, se espera la participaci\u00f3n activa de la comunidad educativa, con la presentaci\u00f3n de trabajos alusivos a la fecha patria del 25 de mayo.<\/p>\n<p>\u00abQueremos que este desfile sea un verdadero homenaje a los trabajadores y trabajadoras de la educaci\u00f3n de nuestra ciudad, quienes d\u00eda a d\u00eda enfrentan esta labor tan importante\u00bb, expres\u00f3 Ustarroz.<\/p>\n<blockquote><p>\u00abIdentificar los problemas y encontrar soluciones es fundamental para seguir avanzando como sociedad\u00bb<\/p><\/blockquote>\n<p>La elecci\u00f3n de la tem\u00e1tica del desfile fue producto de un proceso de consulta y di\u00e1logo con inspectores y diferentes actores del sistema educativo local. \u00abCreemos que es fundamental reconocer y valorar el sistema educativo de nuestra ciudad\u00bb, agreg\u00f3 el intendente.<\/p>\n<p>En un contexto econ\u00f3mico complicado, Ustarroz destac\u00f3 la importancia de mantener una agenda de actividades recreativas, culturales y deportivas para fortalecer el tejido social de la comunidad. \u00abCreemos en la cultura del encuentro y en el principio de unidad para enfrentar las adversidades\u00bb, afirm\u00f3.<\/p>\n<p>Por \u00faltimo, Ustarroz resalt\u00f3 la importancia de trabajar de manera conjunta y coordinada para mejorar y fortalecer el sistema educativo del distrito, tanto en gesti\u00f3n p\u00fablica como privada. \u00abIdentificar los problemas y encontrar soluciones es fundamental para seguir avanzando como sociedad\u00bb, concluy\u00f3 el intendente.<\/p>\n<p><img loading=\"lazy\" decoding=\"async\" class=\"alignnone size-full wp-image-135809\" src=\"https:\/\/noticiasmercedinas.com\/site\/wp-content\/uploads\/2024\/05\/PPU.jpg\" alt=\"\" width=\"640\" height=\"393\" srcset=\"https:\/\/noticiasmercedinas.com\/site\/wp-content\/uploads\/2024\/05\/PPU.jpg 640w, https:\/\/noticiasmercedinas.com\/site\/wp-content\/uploads\/2024\/05\/PPU-300x184.jpg 300w\" sizes=\"auto, (max-width: 640px) 100vw, 640px\" \/><\/p>\n","protected":false},"excerpt":{"rendered":"<p>\u25a0 El desfile y acto contar\u00e1 con la participaci\u00f3n de todas las \u00e1reas del municipio, con la colaboraci\u00f3n de la Direcci\u00f3n de Deportes, Cultura y Juventud. Y se espera la participaci\u00f3n activa de la comunidad educativa<\/p>\n","protected":false},"author":16,"featured_media":135810,"comment_status":"closed","ping_status":"closed","sticky":false,"template":"","format":"standard","meta":{"footnotes":""},"categories":[3],"tags":[1761,8197,2017,38,268,266,18276],"class_list":["post-135808","post","type-post","status-publish","format-standard","has-post-thumbnail","hentry","category-sociedad","tag-25-de-mayo","tag-christian-ponce","tag-desfile","tag-educacion","tag-jose-luis-pisano","tag-juan-ignacio-ustarroz","tag-magui-oliva"],"yoast_head":"<!-- This site is optimized with the Yoast SEO plugin v27.4 - https:\/\/yoast.com\/product\/yoast-seo-wordpress\/ -->\n<title>Anunciaron que el desfile del 25 de mayo ser\u00e1 un homenaje a la educaci\u00f3n<\/title>\n<meta name=\"robots\" content=\"index, follow, max-snippet:-1, max-image-preview:large, max-video-preview:-1\" \/>\n<link rel=\"canonical\" href=\"https:\/\/noticiasmercedinas.com\/site\/2024\/05\/08\/anunciaron-que-el-desfile-del-25-de-mayo-sera-un-homenaje-a-la-educacion\/\" \/>\n<meta property=\"og:locale\" content=\"es_ES\" \/>\n<meta property=\"og:type\" content=\"article\" \/>\n<meta property=\"og:title\" content=\"Anunciaron que el desfile del 25 de mayo ser\u00e1 un homenaje a la educaci\u00f3n\" \/>\n<meta property=\"og:description\" content=\"\u25a0 El desfile y acto contar\u00e1 con la participaci\u00f3n de todas las \u00e1reas del municipio, con la colaboraci\u00f3n de la Direcci\u00f3n de Deportes, Cultura y Juventud. Y se espera la participaci\u00f3n activa de la comunidad educativa\" \/>\n<meta property=\"og:url\" content=\"https:\/\/noticiasmercedinas.com\/site\/2024\/05\/08\/anunciaron-que-el-desfile-del-25-de-mayo-sera-un-homenaje-a-la-educacion\/\" \/>\n<meta property=\"og:site_name\" content=\"NOTICIASMERCEDINAS.COM\" \/>\n<meta property=\"article:publisher\" content=\"https:\/\/www.facebook.com\/noticiasmercedinas\/\" \/>\n<meta property=\"article:published_time\" content=\"2024-05-08T20:25:33+00:00\" \/>\n<meta property=\"article:modified_time\" content=\"2024-05-08T21:03:04+00:00\" \/>\n<meta property=\"og:image\" content=\"https:\/\/noticiasmercedinas.com\/site\/wp-content\/uploads\/2024\/05\/USTARROZ1.jpg\" \/>\n\t<meta property=\"og:image:width\" content=\"640\" \/>\n\t<meta property=\"og:image:height\" content=\"427\" \/>\n\t<meta property=\"og:image:type\" content=\"image\/jpeg\" \/>\n<meta name=\"author\" content=\"NOTICIASMERCEDINAS.COM\" \/>\n<meta name=\"twitter:card\" content=\"summary_large_image\" \/>\n<meta name=\"twitter:creator\" content=\"@notmercedinas\" \/>\n<meta name=\"twitter:site\" content=\"@notmercedinas\" \/>\n<meta name=\"twitter:label1\" content=\"Escrito por\" \/>\n\t<meta name=\"twitter:data1\" content=\"NOTICIASMERCEDINAS.COM\" \/>\n\t<meta name=\"twitter:label2\" content=\"Tiempo de lectura\" \/>\n\t<meta name=\"twitter:data2\" content=\"3 minutos\" \/>\n<script type=\"application\/ld+json\" class=\"yoast-schema-graph\">{\"@context\":\"https:\\\/\\\/schema.org\",\"@graph\":[{\"@type\":\"Article\",\"@id\":\"https:\\\/\\\/noticiasmercedinas.com\\\/site\\\/2024\\\/05\\\/08\\\/anunciaron-que-el-desfile-del-25-de-mayo-sera-un-homenaje-a-la-educacion\\\/#article\",\"isPartOf\":{\"@id\":\"https:\\\/\\\/noticiasmercedinas.com\\\/site\\\/2024\\\/05\\\/08\\\/anunciaron-que-el-desfile-del-25-de-mayo-sera-un-homenaje-a-la-educacion\\\/\"},\"author\":{\"name\":\"NOTICIASMERCEDINAS.COM\",\"@id\":\"https:\\\/\\\/noticiasmercedinas.com\\\/site\\\/#\\\/schema\\\/person\\\/84b59c099c28ff2e8b77d4ceec5d8063\"},\"headline\":\"Anunciaron que el desfile del 25 de mayo ser\u00e1 un homenaje a la educaci\u00f3n\",\"datePublished\":\"2024-05-08T20:25:33+00:00\",\"dateModified\":\"2024-05-08T21:03:04+00:00\",\"mainEntityOfPage\":{\"@id\":\"https:\\\/\\\/noticiasmercedinas.com\\\/site\\\/2024\\\/05\\\/08\\\/anunciaron-que-el-desfile-del-25-de-mayo-sera-un-homenaje-a-la-educacion\\\/\"},\"wordCount\":446,\"publisher\":{\"@id\":\"https:\\\/\\\/noticiasmercedinas.com\\\/site\\\/#organization\"},\"image\":{\"@id\":\"https:\\\/\\\/noticiasmercedinas.com\\\/site\\\/2024\\\/05\\\/08\\\/anunciaron-que-el-desfile-del-25-de-mayo-sera-un-homenaje-a-la-educacion\\\/#primaryimage\"},\"thumbnailUrl\":\"https:\\\/\\\/noticiasmercedinas.com\\\/site\\\/wp-content\\\/uploads\\\/2024\\\/05\\\/USTARROZ1.jpg\",\"keywords\":[\"25 de mayo\",\"christian ponce\",\"desfile\",\"educacion\",\"jose luis pisano\",\"juan ignacio ustarroz\",\"magui oliva\"],\"articleSection\":[\"Sociedad\"],\"inLanguage\":\"es\"},{\"@type\":\"WebPage\",\"@id\":\"https:\\\/\\\/noticiasmercedinas.com\\\/site\\\/2024\\\/05\\\/08\\\/anunciaron-que-el-desfile-del-25-de-mayo-sera-un-homenaje-a-la-educacion\\\/\",\"url\":\"https:\\\/\\\/noticiasmercedinas.com\\\/site\\\/2024\\\/05\\\/08\\\/anunciaron-que-el-desfile-del-25-de-mayo-sera-un-homenaje-a-la-educacion\\\/\",\"name\":\"Anunciaron que el desfile del 25 de mayo ser\u00e1 un homenaje a la educaci\u00f3n\",\"isPartOf\":{\"@id\":\"https:\\\/\\\/noticiasmercedinas.com\\\/site\\\/#website\"},\"primaryImageOfPage\":{\"@id\":\"https:\\\/\\\/noticiasmercedinas.com\\\/site\\\/2024\\\/05\\\/08\\\/anunciaron-que-el-desfile-del-25-de-mayo-sera-un-homenaje-a-la-educacion\\\/#primaryimage\"},\"image\":{\"@id\":\"https:\\\/\\\/noticiasmercedinas.com\\\/site\\\/2024\\\/05\\\/08\\\/anunciaron-que-el-desfile-del-25-de-mayo-sera-un-homenaje-a-la-educacion\\\/#primaryimage\"},\"thumbnailUrl\":\"https:\\\/\\\/noticiasmercedinas.com\\\/site\\\/wp-content\\\/uploads\\\/2024\\\/05\\\/USTARROZ1.jpg\",\"datePublished\":\"2024-05-08T20:25:33+00:00\",\"dateModified\":\"2024-05-08T21:03:04+00:00\",\"breadcrumb\":{\"@id\":\"https:\\\/\\\/noticiasmercedinas.com\\\/site\\\/2024\\\/05\\\/08\\\/anunciaron-que-el-desfile-del-25-de-mayo-sera-un-homenaje-a-la-educacion\\\/#breadcrumb\"},\"inLanguage\":\"es\",\"potentialAction\":[{\"@type\":\"ReadAction\",\"target\":[\"https:\\\/\\\/noticiasmercedinas.com\\\/site\\\/2024\\\/05\\\/08\\\/anunciaron-que-el-desfile-del-25-de-mayo-sera-un-homenaje-a-la-educacion\\\/\"]}]},{\"@type\":\"ImageObject\",\"inLanguage\":\"es\",\"@id\":\"https:\\\/\\\/noticiasmercedinas.com\\\/site\\\/2024\\\/05\\\/08\\\/anunciaron-que-el-desfile-del-25-de-mayo-sera-un-homenaje-a-la-educacion\\\/#primaryimage\",\"url\":\"https:\\\/\\\/noticiasmercedinas.com\\\/site\\\/wp-content\\\/uploads\\\/2024\\\/05\\\/USTARROZ1.jpg\",\"contentUrl\":\"https:\\\/\\\/noticiasmercedinas.com\\\/site\\\/wp-content\\\/uploads\\\/2024\\\/05\\\/USTARROZ1.jpg\",\"width\":640,\"height\":427},{\"@type\":\"BreadcrumbList\",\"@id\":\"https:\\\/\\\/noticiasmercedinas.com\\\/site\\\/2024\\\/05\\\/08\\\/anunciaron-que-el-desfile-del-25-de-mayo-sera-un-homenaje-a-la-educacion\\\/#breadcrumb\",\"itemListElement\":[{\"@type\":\"ListItem\",\"position\":1,\"name\":\"Portada\",\"item\":\"https:\\\/\\\/noticiasmercedinas.com\\\/site\\\/\"},{\"@type\":\"ListItem\",\"position\":2,\"name\":\"Anunciaron que el desfile del 25 de mayo ser\u00e1 un homenaje a la educaci\u00f3n\"}]},{\"@type\":\"WebSite\",\"@id\":\"https:\\\/\\\/noticiasmercedinas.com\\\/site\\\/#website\",\"url\":\"https:\\\/\\\/noticiasmercedinas.com\\\/site\\\/\",\"name\":\"NOTICIASMERCEDINAS.COM\",\"description\":\"Mercedes, Buenos Aires, Argentina\",\"publisher\":{\"@id\":\"https:\\\/\\\/noticiasmercedinas.com\\\/site\\\/#organization\"},\"potentialAction\":[{\"@type\":\"SearchAction\",\"target\":{\"@type\":\"EntryPoint\",\"urlTemplate\":\"https:\\\/\\\/noticiasmercedinas.com\\\/site\\\/?s={search_term_string}\"},\"query-input\":{\"@type\":\"PropertyValueSpecification\",\"valueRequired\":true,\"valueName\":\"search_term_string\"}}],\"inLanguage\":\"es\"},{\"@type\":\"Organization\",\"@id\":\"https:\\\/\\\/noticiasmercedinas.com\\\/site\\\/#organization\",\"name\":\"NOTICIASMERCEDINAS.COM\",\"url\":\"https:\\\/\\\/noticiasmercedinas.com\\\/site\\\/\",\"logo\":{\"@type\":\"ImageObject\",\"inLanguage\":\"es\",\"@id\":\"https:\\\/\\\/noticiasmercedinas.com\\\/site\\\/#\\\/schema\\\/logo\\\/image\\\/\",\"url\":\"https:\\\/\\\/noticiasmercedinas.com\\\/site\\\/wp-content\\\/uploads\\\/2020\\\/06\\\/LOGO-512.jpg\",\"contentUrl\":\"https:\\\/\\\/noticiasmercedinas.com\\\/site\\\/wp-content\\\/uploads\\\/2020\\\/06\\\/LOGO-512.jpg\",\"width\":512,\"height\":512,\"caption\":\"NOTICIASMERCEDINAS.COM\"},\"image\":{\"@id\":\"https:\\\/\\\/noticiasmercedinas.com\\\/site\\\/#\\\/schema\\\/logo\\\/image\\\/\"},\"sameAs\":[\"https:\\\/\\\/www.facebook.com\\\/noticiasmercedinas\\\/\",\"https:\\\/\\\/x.com\\\/notmercedinas\",\"https:\\\/\\\/www.instagram.com\\\/noticiasmercedinas\\\/\"]},{\"@type\":\"Person\",\"@id\":\"https:\\\/\\\/noticiasmercedinas.com\\\/site\\\/#\\\/schema\\\/person\\\/84b59c099c28ff2e8b77d4ceec5d8063\",\"name\":\"NOTICIASMERCEDINAS.COM\",\"image\":{\"@type\":\"ImageObject\",\"inLanguage\":\"es\",\"@id\":\"https:\\\/\\\/secure.gravatar.com\\\/avatar\\\/4dfbf16b4d17945bfb6341b2d19043457132fcf478a5ee04f42e959fd8f5df0a?s=96&d=mm&r=g\",\"url\":\"https:\\\/\\\/secure.gravatar.com\\\/avatar\\\/4dfbf16b4d17945bfb6341b2d19043457132fcf478a5ee04f42e959fd8f5df0a?s=96&d=mm&r=g\",\"contentUrl\":\"https:\\\/\\\/secure.gravatar.com\\\/avatar\\\/4dfbf16b4d17945bfb6341b2d19043457132fcf478a5ee04f42e959fd8f5df0a?s=96&d=mm&r=g\",\"caption\":\"NOTICIASMERCEDINAS.COM\"},\"url\":\"https:\\\/\\\/noticiasmercedinas.com\\\/site\\\/author\\\/anonimo\\\/\"}]}<\/script>\n<!-- \/ Yoast SEO plugin. -->","yoast_head_json":{"title":"Anunciaron que el desfile del 25 de mayo ser\u00e1 un homenaje a la educaci\u00f3n","robots":{"index":"index","follow":"follow","max-snippet":"max-snippet:-1","max-image-preview":"max-image-preview:large","max-video-preview":"max-video-preview:-1"},"canonical":"https:\/\/noticiasmercedinas.com\/site\/2024\/05\/08\/anunciaron-que-el-desfile-del-25-de-mayo-sera-un-homenaje-a-la-educacion\/","og_locale":"es_ES","og_type":"article","og_title":"Anunciaron que el desfile del 25 de mayo ser\u00e1 un homenaje a la educaci\u00f3n","og_description":"\u25a0 El desfile y acto contar\u00e1 con la participaci\u00f3n de todas las \u00e1reas del municipio, con la colaboraci\u00f3n de la Direcci\u00f3n de Deportes, Cultura y Juventud. Y se espera la participaci\u00f3n activa de la comunidad educativa","og_url":"https:\/\/noticiasmercedinas.com\/site\/2024\/05\/08\/anunciaron-que-el-desfile-del-25-de-mayo-sera-un-homenaje-a-la-educacion\/","og_site_name":"NOTICIASMERCEDINAS.COM","article_publisher":"https:\/\/www.facebook.com\/noticiasmercedinas\/","article_published_time":"2024-05-08T20:25:33+00:00","article_modified_time":"2024-05-08T21:03:04+00:00","og_image":[{"width":640,"height":427,"url":"https:\/\/noticiasmercedinas.com\/site\/wp-content\/uploads\/2024\/05\/USTARROZ1.jpg","type":"image\/jpeg"}],"author":"NOTICIASMERCEDINAS.COM","twitter_card":"summary_large_image","twitter_creator":"@notmercedinas","twitter_site":"@notmercedinas","twitter_misc":{"Escrito por":"NOTICIASMERCEDINAS.COM","Tiempo de lectura":"3 minutos"},"schema":{"@context":"https:\/\/schema.org","@graph":[{"@type":"Article","@id":"https:\/\/noticiasmercedinas.com\/site\/2024\/05\/08\/anunciaron-que-el-desfile-del-25-de-mayo-sera-un-homenaje-a-la-educacion\/#article","isPartOf":{"@id":"https:\/\/noticiasmercedinas.com\/site\/2024\/05\/08\/anunciaron-que-el-desfile-del-25-de-mayo-sera-un-homenaje-a-la-educacion\/"},"author":{"name":"NOTICIASMERCEDINAS.COM","@id":"https:\/\/noticiasmercedinas.com\/site\/#\/schema\/person\/84b59c099c28ff2e8b77d4ceec5d8063"},"headline":"Anunciaron que el desfile del 25 de mayo ser\u00e1 un homenaje a la educaci\u00f3n","datePublished":"2024-05-08T20:25:33+00:00","dateModified":"2024-05-08T21:03:04+00:00","mainEntityOfPage":{"@id":"https:\/\/noticiasmercedinas.com\/site\/2024\/05\/08\/anunciaron-que-el-desfile-del-25-de-mayo-sera-un-homenaje-a-la-educacion\/"},"wordCount":446,"publisher":{"@id":"https:\/\/noticiasmercedinas.com\/site\/#organization"},"image":{"@id":"https:\/\/noticiasmercedinas.com\/site\/2024\/05\/08\/anunciaron-que-el-desfile-del-25-de-mayo-sera-un-homenaje-a-la-educacion\/#primaryimage"},"thumbnailUrl":"https:\/\/noticiasmercedinas.com\/site\/wp-content\/uploads\/2024\/05\/USTARROZ1.jpg","keywords":["25 de mayo","christian ponce","desfile","educacion","jose luis pisano","juan ignacio ustarroz","magui oliva"],"articleSection":["Sociedad"],"inLanguage":"es"},{"@type":"WebPage","@id":"https:\/\/noticiasmercedinas.com\/site\/2024\/05\/08\/anunciaron-que-el-desfile-del-25-de-mayo-sera-un-homenaje-a-la-educacion\/","url":"https:\/\/noticiasmercedinas.com\/site\/2024\/05\/08\/anunciaron-que-el-desfile-del-25-de-mayo-sera-un-homenaje-a-la-educacion\/","name":"Anunciaron que el desfile del 25 de mayo ser\u00e1 un homenaje a la educaci\u00f3n","isPartOf":{"@id":"https:\/\/noticiasmercedinas.com\/site\/#website"},"primaryImageOfPage":{"@id":"https:\/\/noticiasmercedinas.com\/site\/2024\/05\/08\/anunciaron-que-el-desfile-del-25-de-mayo-sera-un-homenaje-a-la-educacion\/#primaryimage"},"image":{"@id":"https:\/\/noticiasmercedinas.com\/site\/2024\/05\/08\/anunciaron-que-el-desfile-del-25-de-mayo-sera-un-homenaje-a-la-educacion\/#primaryimage"},"thumbnailUrl":"https:\/\/noticiasmercedinas.com\/site\/wp-content\/uploads\/2024\/05\/USTARROZ1.jpg","datePublished":"2024-05-08T20:25:33+00:00","dateModified":"2024-05-08T21:03:04+00:00","breadcrumb":{"@id":"https:\/\/noticiasmercedinas.com\/site\/2024\/05\/08\/anunciaron-que-el-desfile-del-25-de-mayo-sera-un-homenaje-a-la-educacion\/#breadcrumb"},"inLanguage":"es","potentialAction":[{"@type":"ReadAction","target":["https:\/\/noticiasmercedinas.com\/site\/2024\/05\/08\/anunciaron-que-el-desfile-del-25-de-mayo-sera-un-homenaje-a-la-educacion\/"]}]},{"@type":"ImageObject","inLanguage":"es","@id":"https:\/\/noticiasmercedinas.com\/site\/2024\/05\/08\/anunciaron-que-el-desfile-del-25-de-mayo-sera-un-homenaje-a-la-educacion\/#primaryimage","url":"https:\/\/noticiasmercedinas.com\/site\/wp-content\/uploads\/2024\/05\/USTARROZ1.jpg","contentUrl":"https:\/\/noticiasmercedinas.com\/site\/wp-content\/uploads\/2024\/05\/USTARROZ1.jpg","width":640,"height":427},{"@type":"BreadcrumbList","@id":"https:\/\/noticiasmercedinas.com\/site\/2024\/05\/08\/anunciaron-que-el-desfile-del-25-de-mayo-sera-un-homenaje-a-la-educacion\/#breadcrumb","itemListElement":[{"@type":"ListItem","position":1,"name":"Portada","item":"https:\/\/noticiasmercedinas.com\/site\/"},{"@type":"ListItem","position":2,"name":"Anunciaron que el desfile del 25 de mayo ser\u00e1 un homenaje a la educaci\u00f3n"}]},{"@type":"WebSite","@id":"https:\/\/noticiasmercedinas.com\/site\/#website","url":"https:\/\/noticiasmercedinas.com\/site\/","name":"NOTICIASMERCEDINAS.COM","description":"Mercedes, Buenos Aires, Argentina","publisher":{"@id":"https:\/\/noticiasmercedinas.com\/site\/#organization"},"potentialAction":[{"@type":"SearchAction","target":{"@type":"EntryPoint","urlTemplate":"https:\/\/noticiasmercedinas.com\/site\/?s={search_term_string}"},"query-input":{"@type":"PropertyValueSpecification","valueRequired":true,"valueName":"search_term_string"}}],"inLanguage":"es"},{"@type":"Organization","@id":"https:\/\/noticiasmercedinas.com\/site\/#organization","name":"NOTICIASMERCEDINAS.COM","url":"https:\/\/noticiasmercedinas.com\/site\/","logo":{"@type":"ImageObject","inLanguage":"es","@id":"https:\/\/noticiasmercedinas.com\/site\/#\/schema\/logo\/image\/","url":"https:\/\/noticiasmercedinas.com\/site\/wp-content\/uploads\/2020\/06\/LOGO-512.jpg","contentUrl":"https:\/\/noticiasmercedinas.com\/site\/wp-content\/uploads\/2020\/06\/LOGO-512.jpg","width":512,"height":512,"caption":"NOTICIASMERCEDINAS.COM"},"image":{"@id":"https:\/\/noticiasmercedinas.com\/site\/#\/schema\/logo\/image\/"},"sameAs":["https:\/\/www.facebook.com\/noticiasmercedinas\/","https:\/\/x.com\/notmercedinas","https:\/\/www.instagram.com\/noticiasmercedinas\/"]},{"@type":"Person","@id":"https:\/\/noticiasmercedinas.com\/site\/#\/schema\/person\/84b59c099c28ff2e8b77d4ceec5d8063","name":"NOTICIASMERCEDINAS.COM","image":{"@type":"ImageObject","inLanguage":"es","@id":"https:\/\/secure.gravatar.com\/avatar\/4dfbf16b4d17945bfb6341b2d19043457132fcf478a5ee04f42e959fd8f5df0a?s=96&d=mm&r=g","url":"https:\/\/secure.gravatar.com\/avatar\/4dfbf16b4d17945bfb6341b2d19043457132fcf478a5ee04f42e959fd8f5df0a?s=96&d=mm&r=g","contentUrl":"https:\/\/secure.gravatar.com\/avatar\/4dfbf16b4d17945bfb6341b2d19043457132fcf478a5ee04f42e959fd8f5df0a?s=96&d=mm&r=g","caption":"NOTICIASMERCEDINAS.COM"},"url":"https:\/\/noticiasmercedinas.com\/site\/author\/anonimo\/"}]}},"amp_enabled":true,"_links":{"self":[{"href":"https:\/\/noticiasmercedinas.com\/site\/wp-json\/wp\/v2\/posts\/135808","targetHints":{"allow":["GET"]}}],"collection":[{"href":"https:\/\/noticiasmercedinas.com\/site\/wp-json\/wp\/v2\/posts"}],"about":[{"href":"https:\/\/noticiasmercedinas.com\/site\/wp-json\/wp\/v2\/types\/post"}],"author":[{"embeddable":true,"href":"https:\/\/noticiasmercedinas.com\/site\/wp-json\/wp\/v2\/users\/16"}],"replies":[{"embeddable":true,"href":"https:\/\/noticiasmercedinas.com\/site\/wp-json\/wp\/v2\/comments?post=135808"}],"version-history":[{"count":2,"href":"https:\/\/noticiasmercedinas.com\/site\/wp-json\/wp\/v2\/posts\/135808\/revisions"}],"predecessor-version":[{"id":135813,"href":"https:\/\/noticiasmercedinas.com\/site\/wp-json\/wp\/v2\/posts\/135808\/revisions\/135813"}],"wp:featuredmedia":[{"embeddable":true,"href":"https:\/\/noticiasmercedinas.com\/site\/wp-json\/wp\/v2\/media\/135810"}],"wp:attachment":[{"href":"https:\/\/noticiasmercedinas.com\/site\/wp-json\/wp\/v2\/media?parent=135808"}],"wp:term":[{"taxonomy":"category","embeddable":true,"href":"https:\/\/noticiasmercedinas.com\/site\/wp-json\/wp\/v2\/categories?post=135808"},{"taxonomy":"post_tag","embeddable":true,"href":"https:\/\/noticiasmercedinas.com\/site\/wp-json\/wp\/v2\/tags?post=135808"}],"curies":[{"name":"wp","href":"https:\/\/api.w.org\/{rel}","templated":true}]}}