{"id":13592,"date":"2019-03-07T20:58:18","date_gmt":"2019-03-07T23:58:18","guid":{"rendered":"https:\/\/noticiasmercedinas.com\/site\/?p=13592"},"modified":"2019-03-09T23:04:32","modified_gmt":"2019-03-10T02:04:32","slug":"juan-ignacio-ustarroz-llamo-a-una-campana-limpia","status":"publish","type":"post","link":"https:\/\/noticiasmercedinas.com\/site\/2019\/03\/07\/juan-ignacio-ustarroz-llamo-a-una-campana-limpia\/","title":{"rendered":"Juan Ignacio Ustarroz llam\u00f3 a una \u201ccampa\u00f1a limpia\u201d"},"content":{"rendered":"<p><img loading=\"lazy\" decoding=\"async\" class=\"alignnone size-full wp-image-13593\" src=\"https:\/\/noticiasmercedinas.com\/site\/wp-content\/uploads\/2019\/03\/SJA_2482.jpg\" alt=\"\" width=\"640\" height=\"381\" srcset=\"https:\/\/noticiasmercedinas.com\/site\/wp-content\/uploads\/2019\/03\/SJA_2482.jpg 640w, https:\/\/noticiasmercedinas.com\/site\/wp-content\/uploads\/2019\/03\/SJA_2482-300x179.jpg 300w\" sizes=\"auto, (max-width: 640px) 100vw, 640px\" \/><\/p>\n<p>Durante su discurso anual en el que detall\u00f3 varios ejes de trabajo realizados y por realizar, el intendente Juan Ignacio Ustarroz llam\u00f3 a una \u201ccampa\u00f1a limpia\u201d en este 2019.<\/p>\n<p>Un aspecto valorado por los presentes fue que anunci\u00f3 que volver\u00e1 a convocar a todas las fuerzas pol\u00edticas para vivir una \u201ccampa\u00f1a limpia, sin agresiones, descalificaciones, falsas noticias\u201d, buscando la proyecci\u00f3n de ideas tal como se vivi\u00f3 en la campa\u00f1a 2017 tras la convocatoria a todas las fuerzas pol\u00edticas de la ciudad en pos de una convivencia acorde a la realidad.<\/p>\n<p>Ayer con anuncios y repaso de gesti\u00f3n Ustarroz dio inicio a la sesiones del Concejo Deliberante, ante casi 600 vecinos, ediles de todas las fuerzas e invitados. En su exposici\u00f3n efectu\u00f3 un repaso por los \u00faltimos 3 a\u00f1os de gesti\u00f3n, marcando algunas trazas para el actual y algunos anuncios importantes que seguir\u00e1n construyendo beneficios a todos los mercedinos.<\/p>\n<p>La obra p\u00fablica r\u00e9cord con fondos propios, la gran ampliaci\u00f3n del sistema de salud con mejoras sustanciales en lo existente y todo lo que se inaugur\u00f3, los programas Mil D\u00edas, Mercedes Aprende, el programa de deportes Esfuerzos Compartidos, el desarrollo de la cultura, el fondo anti c\u00edclico y la econom\u00eda saneada, la ampliaci\u00f3n de licitaciones y mejoras en precios, la importante adquisici\u00f3n de m\u00e1quinas con m\u00e1s de 65 veh\u00edculos comprados al contado, los aumentos al b\u00e1sico de los trabajadores, las escuelas municipales, el pavimento, al casa velatoria, son algunos de los temas que recorri\u00f3 en m\u00e1s de 2 horas y media de discurso, cerrando y abriendo con un sentido agradecimiento las instituciones de bien p\u00fablico que tanto brindan a la ciudad y especialmente a los trabajadores municipales, los cooperativistas y en nombre de todos a Mart\u00edn Chiminelli, recientemente fallecido.<\/p>\n<p>Entre otras cuestiones, realiz\u00f3 anuncios, como la construcci\u00f3n de un nuevo centro de zoonosis, piletas en algunos clubes y tambi\u00e9n en el CEF N\u00b040 donde se est\u00e1 pronto a inaugurar un gigantesco gimnasio, m\u00e1s cuadras de pavimento proyectando otras 30 cuadras m\u00e1s, m\u00e1s las 28 cuadras que implica la avenida 2 con sus 59 millones de inversi\u00f3n de fondos municipales. Tambi\u00e9n mencion\u00f3 que la planta depuradora es una obra multi millonaria por hacer en funci\u00f3n de un credito que deber\u00eda tomarse ante la CAF, pero que se est\u00e1 trabajando con obras como los dos empalmes ya realizados como en el canal de 113 que cambia profundamente la situaci\u00f3n vigente, los camiones desobstructores adquiridos para llegar m\u00e1s y mejor a los vecinos y sobre todo en una fuerte planificaci\u00f3n en torno a la mencionada planta para evaluar mejoras.<\/p>\n<p>Un dato valioso tambi\u00e9n fue que el recapado de la avenida 2 que se est\u00e1 levantando ser\u00e1 re utilizando, generando m\u00e1s piedras para los barrios que se suman a las m\u00e1s de 1200 ya colocadas a cargo de Servicios P\u00fablicos sum\u00e1ndose al zanjeo, limpieza urbana y colocaci\u00f3n de ca\u00f1os.<\/p>\n<p>El anuncio de la nueva casa del Centro de Rehabilitaci\u00f3n Infantil fue tambi\u00e9n muy bien recibido por el p\u00fablico dado que ser\u00e1 ampliada y un dato importante fue <a href=\"https:\/\/noticiasmercedinas.com\/site\/2019\/03\/06\/mercedes-declarada-ciudad-amiga-de-las-primeras-infancias\/\" target=\"_blank\" rel=\"noopener\"><strong>la carta recibida de la Sociedad Argentina de Primera Infancia<\/strong><\/a> que afirma \u201cMercedes ciudad amiga de las primeras infancias\u201d con su elevaci\u00f3n a UNICEF para que le haga una menci\u00f3n especial a Mercedes por todo el trabajo realizado en la tem\u00e1tica.<\/p>\n<p>La obra de la Casa de los Veteranos fue otro punto muy aplaudido, dado que se iniciar\u00e1 muy pronto tambi\u00e9n desde una mirada solidaria e inclusiva, respetando y valorizando la memoria de los h\u00e9roes locales de Malvinas.<\/p>\n<p>El programa \u201cMi Casa\u201d dijo que ser\u00e1 ampliado, con m\u00e1s proyectos de construcci\u00f3n remarcando tambi\u00e9n el programa \u201cMi Terreno\u201d.<\/p>\n<p>Un dato tambi\u00e9n valioso fue que tras 32 a\u00f1os la Municipalidad, tras regenerar la confianza en los mercedinos desde las pol\u00edticas de gesti\u00f3n transparente y honesta, obtuvo una donaci\u00f3n de vivienda a trav\u00e9s de una vecina que ser\u00e1 convertida en el segundo hogar para adultos mayores. Motiv\u00f3 a la vecina el hecho de ver las mejoras y cuidados en el Villa Abrille, dando un verdadero sentido de pertenencia y dignidad a nuestros abuelos.<\/p>\n<p><strong>Opiniones de diputados<br \/>\n<\/strong>Entre los distintos presentes, ante los medios se oy\u00f3 la opini\u00f3n del diputado nacional Eduardo \u201cWado\u201d de Pedro, luego de las palabras del intendente Ustarroz: \u201cSe nota mucho trabajo, dedicaci\u00f3n y que han sido a\u00f1os muy buenos, no s\u00f3lo para la gesti\u00f3n, sino tambi\u00e9n para todos los mercedinos\u201d, dijo. \u201cCuando asumi\u00f3 el Dr. Ustarroz habl\u00e1bamos de trabajar fuertemente del esp\u00edritu solidario entendiendo que la pol\u00edtica est\u00e1 muy desgastada generalmente, lo que tenemos que hacer nosotros desde nuestra peque\u00f1a realidad es aportar y construir para todos los vecinos\u201d, agreg\u00f3.<\/p>\n<p>Otra referente pol\u00edtica, la diputada nacional Vanesa Siley, presente en este acto de apertura legislativa, al ser consultada por el discurso ofrecido por el jefe comunal indic\u00f3: \u201cFue brillante por varias razones, primero una exposici\u00f3n muy completa de una gran gesti\u00f3n, repas\u00f3 la gran obra p\u00fablica que se viene ejecutando en la ciudad destacando, por otro lado, los lazos de la comunidad\u201d. Y dijo: \u201cMe parece no menor los valores esgrimidos como solidaridad de la comunidad en todo lo que se hace es fundamental\u201d. Adem\u00e1s, se\u00f1al\u00f3 que \u201ces importante tener una gesti\u00f3n transparente que todo el tiempo hace, algo que el vecino puede ver\u201d.<\/p>\n","protected":false},"excerpt":{"rendered":"<p>Durante su discurso anual en el que detall\u00f3 varios ejes de trabajo realizados y por realizar, el intendente Juan Ignacio Ustarroz llam\u00f3 a una \u201ccampa\u00f1a limpia\u201d en este 2019. Un aspecto valorado por los presentes fue que anunci\u00f3 que volver\u00e1 a convocar a todas las fuerzas pol\u00edticas para vivir una \u201ccampa\u00f1a limpia, sin agresiones, descalificaciones, [&hellip;]<\/p>\n","protected":false},"author":16,"featured_media":13593,"comment_status":"open","ping_status":"open","sticky":false,"template":"","format":"standard","meta":{"footnotes":""},"categories":[16],"tags":[3765,3809,266,2598],"class_list":["post-13592","post","type-post","status-publish","format-standard","has-post-thumbnail","hentry","category-politica","tag-apertura","tag-campana-limpia","tag-juan-ignacio-ustarroz","tag-sesiones"],"yoast_head":"<!-- This site is optimized with the Yoast SEO plugin v27.4 - https:\/\/yoast.com\/product\/yoast-seo-wordpress\/ -->\n<title>Juan Ignacio Ustarroz llam\u00f3 a una \u201ccampa\u00f1a limpia\u201d<\/title>\n<meta name=\"robots\" content=\"index, follow, max-snippet:-1, max-image-preview:large, max-video-preview:-1\" \/>\n<link rel=\"canonical\" href=\"https:\/\/noticiasmercedinas.com\/site\/2019\/03\/07\/juan-ignacio-ustarroz-llamo-a-una-campana-limpia\/\" \/>\n<meta property=\"og:locale\" content=\"es_ES\" \/>\n<meta property=\"og:type\" content=\"article\" \/>\n<meta property=\"og:title\" content=\"Juan Ignacio Ustarroz llam\u00f3 a una \u201ccampa\u00f1a limpia\u201d\" \/>\n<meta property=\"og:description\" content=\"Durante su discurso anual en el que detall\u00f3 varios ejes de trabajo realizados y por realizar, el intendente Juan Ignacio Ustarroz llam\u00f3 a una \u201ccampa\u00f1a limpia\u201d en este 2019. Un aspecto valorado por los presentes fue que anunci\u00f3 que volver\u00e1 a convocar a todas las fuerzas pol\u00edticas para vivir una \u201ccampa\u00f1a limpia, sin agresiones, descalificaciones, [&hellip;]\" \/>\n<meta property=\"og:url\" content=\"https:\/\/noticiasmercedinas.com\/site\/2019\/03\/07\/juan-ignacio-ustarroz-llamo-a-una-campana-limpia\/\" \/>\n<meta property=\"og:site_name\" content=\"NOTICIASMERCEDINAS.COM\" \/>\n<meta property=\"article:publisher\" content=\"https:\/\/www.facebook.com\/noticiasmercedinas\/\" \/>\n<meta property=\"article:published_time\" content=\"2019-03-07T23:58:18+00:00\" \/>\n<meta property=\"article:modified_time\" content=\"2019-03-10T02:04:32+00:00\" \/>\n<meta property=\"og:image\" content=\"https:\/\/noticiasmercedinas.com\/site\/wp-content\/uploads\/2019\/03\/SJA_2482.jpg\" \/>\n\t<meta property=\"og:image:width\" content=\"640\" \/>\n\t<meta property=\"og:image:height\" content=\"381\" \/>\n\t<meta property=\"og:image:type\" content=\"image\/jpeg\" \/>\n<meta name=\"author\" content=\"NOTICIASMERCEDINAS.COM\" \/>\n<meta name=\"twitter:card\" content=\"summary_large_image\" \/>\n<meta name=\"twitter:creator\" content=\"@notmercedinas\" \/>\n<meta name=\"twitter:site\" content=\"@notmercedinas\" \/>\n<meta name=\"twitter:label1\" content=\"Escrito por\" \/>\n\t<meta name=\"twitter:data1\" content=\"NOTICIASMERCEDINAS.COM\" \/>\n\t<meta name=\"twitter:label2\" content=\"Tiempo de lectura\" \/>\n\t<meta name=\"twitter:data2\" content=\"5 minutos\" \/>\n<script type=\"application\/ld+json\" class=\"yoast-schema-graph\">{\"@context\":\"https:\\\/\\\/schema.org\",\"@graph\":[{\"@type\":\"Article\",\"@id\":\"https:\\\/\\\/noticiasmercedinas.com\\\/site\\\/2019\\\/03\\\/07\\\/juan-ignacio-ustarroz-llamo-a-una-campana-limpia\\\/#article\",\"isPartOf\":{\"@id\":\"https:\\\/\\\/noticiasmercedinas.com\\\/site\\\/2019\\\/03\\\/07\\\/juan-ignacio-ustarroz-llamo-a-una-campana-limpia\\\/\"},\"author\":{\"name\":\"NOTICIASMERCEDINAS.COM\",\"@id\":\"https:\\\/\\\/noticiasmercedinas.com\\\/site\\\/#\\\/schema\\\/person\\\/84b59c099c28ff2e8b77d4ceec5d8063\"},\"headline\":\"Juan Ignacio Ustarroz llam\u00f3 a una \u201ccampa\u00f1a limpia\u201d\",\"datePublished\":\"2019-03-07T23:58:18+00:00\",\"dateModified\":\"2019-03-10T02:04:32+00:00\",\"mainEntityOfPage\":{\"@id\":\"https:\\\/\\\/noticiasmercedinas.com\\\/site\\\/2019\\\/03\\\/07\\\/juan-ignacio-ustarroz-llamo-a-una-campana-limpia\\\/\"},\"wordCount\":940,\"commentCount\":0,\"publisher\":{\"@id\":\"https:\\\/\\\/noticiasmercedinas.com\\\/site\\\/#organization\"},\"image\":{\"@id\":\"https:\\\/\\\/noticiasmercedinas.com\\\/site\\\/2019\\\/03\\\/07\\\/juan-ignacio-ustarroz-llamo-a-una-campana-limpia\\\/#primaryimage\"},\"thumbnailUrl\":\"https:\\\/\\\/noticiasmercedinas.com\\\/site\\\/wp-content\\\/uploads\\\/2019\\\/03\\\/SJA_2482.jpg\",\"keywords\":[\"apertura\",\"campa\u00f1a limpia\",\"juan ignacio ustarroz\",\"sesiones\"],\"articleSection\":[\"Politica\"],\"inLanguage\":\"es\",\"potentialAction\":[{\"@type\":\"CommentAction\",\"name\":\"Comment\",\"target\":[\"https:\\\/\\\/noticiasmercedinas.com\\\/site\\\/2019\\\/03\\\/07\\\/juan-ignacio-ustarroz-llamo-a-una-campana-limpia\\\/#respond\"]}]},{\"@type\":\"WebPage\",\"@id\":\"https:\\\/\\\/noticiasmercedinas.com\\\/site\\\/2019\\\/03\\\/07\\\/juan-ignacio-ustarroz-llamo-a-una-campana-limpia\\\/\",\"url\":\"https:\\\/\\\/noticiasmercedinas.com\\\/site\\\/2019\\\/03\\\/07\\\/juan-ignacio-ustarroz-llamo-a-una-campana-limpia\\\/\",\"name\":\"Juan Ignacio Ustarroz llam\u00f3 a una \u201ccampa\u00f1a limpia\u201d\",\"isPartOf\":{\"@id\":\"https:\\\/\\\/noticiasmercedinas.com\\\/site\\\/#website\"},\"primaryImageOfPage\":{\"@id\":\"https:\\\/\\\/noticiasmercedinas.com\\\/site\\\/2019\\\/03\\\/07\\\/juan-ignacio-ustarroz-llamo-a-una-campana-limpia\\\/#primaryimage\"},\"image\":{\"@id\":\"https:\\\/\\\/noticiasmercedinas.com\\\/site\\\/2019\\\/03\\\/07\\\/juan-ignacio-ustarroz-llamo-a-una-campana-limpia\\\/#primaryimage\"},\"thumbnailUrl\":\"https:\\\/\\\/noticiasmercedinas.com\\\/site\\\/wp-content\\\/uploads\\\/2019\\\/03\\\/SJA_2482.jpg\",\"datePublished\":\"2019-03-07T23:58:18+00:00\",\"dateModified\":\"2019-03-10T02:04:32+00:00\",\"breadcrumb\":{\"@id\":\"https:\\\/\\\/noticiasmercedinas.com\\\/site\\\/2019\\\/03\\\/07\\\/juan-ignacio-ustarroz-llamo-a-una-campana-limpia\\\/#breadcrumb\"},\"inLanguage\":\"es\",\"potentialAction\":[{\"@type\":\"ReadAction\",\"target\":[\"https:\\\/\\\/noticiasmercedinas.com\\\/site\\\/2019\\\/03\\\/07\\\/juan-ignacio-ustarroz-llamo-a-una-campana-limpia\\\/\"]}]},{\"@type\":\"ImageObject\",\"inLanguage\":\"es\",\"@id\":\"https:\\\/\\\/noticiasmercedinas.com\\\/site\\\/2019\\\/03\\\/07\\\/juan-ignacio-ustarroz-llamo-a-una-campana-limpia\\\/#primaryimage\",\"url\":\"https:\\\/\\\/noticiasmercedinas.com\\\/site\\\/wp-content\\\/uploads\\\/2019\\\/03\\\/SJA_2482.jpg\",\"contentUrl\":\"https:\\\/\\\/noticiasmercedinas.com\\\/site\\\/wp-content\\\/uploads\\\/2019\\\/03\\\/SJA_2482.jpg\",\"width\":640,\"height\":381},{\"@type\":\"BreadcrumbList\",\"@id\":\"https:\\\/\\\/noticiasmercedinas.com\\\/site\\\/2019\\\/03\\\/07\\\/juan-ignacio-ustarroz-llamo-a-una-campana-limpia\\\/#breadcrumb\",\"itemListElement\":[{\"@type\":\"ListItem\",\"position\":1,\"name\":\"Portada\",\"item\":\"https:\\\/\\\/noticiasmercedinas.com\\\/site\\\/\"},{\"@type\":\"ListItem\",\"position\":2,\"name\":\"Juan Ignacio Ustarroz llam\u00f3 a una \u201ccampa\u00f1a limpia\u201d\"}]},{\"@type\":\"WebSite\",\"@id\":\"https:\\\/\\\/noticiasmercedinas.com\\\/site\\\/#website\",\"url\":\"https:\\\/\\\/noticiasmercedinas.com\\\/site\\\/\",\"name\":\"NOTICIASMERCEDINAS.COM\",\"description\":\"Mercedes, Buenos Aires, Argentina\",\"publisher\":{\"@id\":\"https:\\\/\\\/noticiasmercedinas.com\\\/site\\\/#organization\"},\"potentialAction\":[{\"@type\":\"SearchAction\",\"target\":{\"@type\":\"EntryPoint\",\"urlTemplate\":\"https:\\\/\\\/noticiasmercedinas.com\\\/site\\\/?s={search_term_string}\"},\"query-input\":{\"@type\":\"PropertyValueSpecification\",\"valueRequired\":true,\"valueName\":\"search_term_string\"}}],\"inLanguage\":\"es\"},{\"@type\":\"Organization\",\"@id\":\"https:\\\/\\\/noticiasmercedinas.com\\\/site\\\/#organization\",\"name\":\"NOTICIASMERCEDINAS.COM\",\"url\":\"https:\\\/\\\/noticiasmercedinas.com\\\/site\\\/\",\"logo\":{\"@type\":\"ImageObject\",\"inLanguage\":\"es\",\"@id\":\"https:\\\/\\\/noticiasmercedinas.com\\\/site\\\/#\\\/schema\\\/logo\\\/image\\\/\",\"url\":\"https:\\\/\\\/noticiasmercedinas.com\\\/site\\\/wp-content\\\/uploads\\\/2020\\\/06\\\/LOGO-512.jpg\",\"contentUrl\":\"https:\\\/\\\/noticiasmercedinas.com\\\/site\\\/wp-content\\\/uploads\\\/2020\\\/06\\\/LOGO-512.jpg\",\"width\":512,\"height\":512,\"caption\":\"NOTICIASMERCEDINAS.COM\"},\"image\":{\"@id\":\"https:\\\/\\\/noticiasmercedinas.com\\\/site\\\/#\\\/schema\\\/logo\\\/image\\\/\"},\"sameAs\":[\"https:\\\/\\\/www.facebook.com\\\/noticiasmercedinas\\\/\",\"https:\\\/\\\/x.com\\\/notmercedinas\",\"https:\\\/\\\/www.instagram.com\\\/noticiasmercedinas\\\/\"]},{\"@type\":\"Person\",\"@id\":\"https:\\\/\\\/noticiasmercedinas.com\\\/site\\\/#\\\/schema\\\/person\\\/84b59c099c28ff2e8b77d4ceec5d8063\",\"name\":\"NOTICIASMERCEDINAS.COM\",\"image\":{\"@type\":\"ImageObject\",\"inLanguage\":\"es\",\"@id\":\"https:\\\/\\\/secure.gravatar.com\\\/avatar\\\/4dfbf16b4d17945bfb6341b2d19043457132fcf478a5ee04f42e959fd8f5df0a?s=96&d=mm&r=g\",\"url\":\"https:\\\/\\\/secure.gravatar.com\\\/avatar\\\/4dfbf16b4d17945bfb6341b2d19043457132fcf478a5ee04f42e959fd8f5df0a?s=96&d=mm&r=g\",\"contentUrl\":\"https:\\\/\\\/secure.gravatar.com\\\/avatar\\\/4dfbf16b4d17945bfb6341b2d19043457132fcf478a5ee04f42e959fd8f5df0a?s=96&d=mm&r=g\",\"caption\":\"NOTICIASMERCEDINAS.COM\"},\"url\":\"https:\\\/\\\/noticiasmercedinas.com\\\/site\\\/author\\\/anonimo\\\/\"}]}<\/script>\n<!-- \/ Yoast SEO plugin. -->","yoast_head_json":{"title":"Juan Ignacio Ustarroz llam\u00f3 a una \u201ccampa\u00f1a limpia\u201d","robots":{"index":"index","follow":"follow","max-snippet":"max-snippet:-1","max-image-preview":"max-image-preview:large","max-video-preview":"max-video-preview:-1"},"canonical":"https:\/\/noticiasmercedinas.com\/site\/2019\/03\/07\/juan-ignacio-ustarroz-llamo-a-una-campana-limpia\/","og_locale":"es_ES","og_type":"article","og_title":"Juan Ignacio Ustarroz llam\u00f3 a una \u201ccampa\u00f1a limpia\u201d","og_description":"Durante su discurso anual en el que detall\u00f3 varios ejes de trabajo realizados y por realizar, el intendente Juan Ignacio Ustarroz llam\u00f3 a una \u201ccampa\u00f1a limpia\u201d en este 2019. Un aspecto valorado por los presentes fue que anunci\u00f3 que volver\u00e1 a convocar a todas las fuerzas pol\u00edticas para vivir una \u201ccampa\u00f1a limpia, sin agresiones, descalificaciones, [&hellip;]","og_url":"https:\/\/noticiasmercedinas.com\/site\/2019\/03\/07\/juan-ignacio-ustarroz-llamo-a-una-campana-limpia\/","og_site_name":"NOTICIASMERCEDINAS.COM","article_publisher":"https:\/\/www.facebook.com\/noticiasmercedinas\/","article_published_time":"2019-03-07T23:58:18+00:00","article_modified_time":"2019-03-10T02:04:32+00:00","og_image":[{"width":640,"height":381,"url":"https:\/\/noticiasmercedinas.com\/site\/wp-content\/uploads\/2019\/03\/SJA_2482.jpg","type":"image\/jpeg"}],"author":"NOTICIASMERCEDINAS.COM","twitter_card":"summary_large_image","twitter_creator":"@notmercedinas","twitter_site":"@notmercedinas","twitter_misc":{"Escrito por":"NOTICIASMERCEDINAS.COM","Tiempo de lectura":"5 minutos"},"schema":{"@context":"https:\/\/schema.org","@graph":[{"@type":"Article","@id":"https:\/\/noticiasmercedinas.com\/site\/2019\/03\/07\/juan-ignacio-ustarroz-llamo-a-una-campana-limpia\/#article","isPartOf":{"@id":"https:\/\/noticiasmercedinas.com\/site\/2019\/03\/07\/juan-ignacio-ustarroz-llamo-a-una-campana-limpia\/"},"author":{"name":"NOTICIASMERCEDINAS.COM","@id":"https:\/\/noticiasmercedinas.com\/site\/#\/schema\/person\/84b59c099c28ff2e8b77d4ceec5d8063"},"headline":"Juan Ignacio Ustarroz llam\u00f3 a una \u201ccampa\u00f1a limpia\u201d","datePublished":"2019-03-07T23:58:18+00:00","dateModified":"2019-03-10T02:04:32+00:00","mainEntityOfPage":{"@id":"https:\/\/noticiasmercedinas.com\/site\/2019\/03\/07\/juan-ignacio-ustarroz-llamo-a-una-campana-limpia\/"},"wordCount":940,"commentCount":0,"publisher":{"@id":"https:\/\/noticiasmercedinas.com\/site\/#organization"},"image":{"@id":"https:\/\/noticiasmercedinas.com\/site\/2019\/03\/07\/juan-ignacio-ustarroz-llamo-a-una-campana-limpia\/#primaryimage"},"thumbnailUrl":"https:\/\/noticiasmercedinas.com\/site\/wp-content\/uploads\/2019\/03\/SJA_2482.jpg","keywords":["apertura","campa\u00f1a limpia","juan ignacio ustarroz","sesiones"],"articleSection":["Politica"],"inLanguage":"es","potentialAction":[{"@type":"CommentAction","name":"Comment","target":["https:\/\/noticiasmercedinas.com\/site\/2019\/03\/07\/juan-ignacio-ustarroz-llamo-a-una-campana-limpia\/#respond"]}]},{"@type":"WebPage","@id":"https:\/\/noticiasmercedinas.com\/site\/2019\/03\/07\/juan-ignacio-ustarroz-llamo-a-una-campana-limpia\/","url":"https:\/\/noticiasmercedinas.com\/site\/2019\/03\/07\/juan-ignacio-ustarroz-llamo-a-una-campana-limpia\/","name":"Juan Ignacio Ustarroz llam\u00f3 a una \u201ccampa\u00f1a limpia\u201d","isPartOf":{"@id":"https:\/\/noticiasmercedinas.com\/site\/#website"},"primaryImageOfPage":{"@id":"https:\/\/noticiasmercedinas.com\/site\/2019\/03\/07\/juan-ignacio-ustarroz-llamo-a-una-campana-limpia\/#primaryimage"},"image":{"@id":"https:\/\/noticiasmercedinas.com\/site\/2019\/03\/07\/juan-ignacio-ustarroz-llamo-a-una-campana-limpia\/#primaryimage"},"thumbnailUrl":"https:\/\/noticiasmercedinas.com\/site\/wp-content\/uploads\/2019\/03\/SJA_2482.jpg","datePublished":"2019-03-07T23:58:18+00:00","dateModified":"2019-03-10T02:04:32+00:00","breadcrumb":{"@id":"https:\/\/noticiasmercedinas.com\/site\/2019\/03\/07\/juan-ignacio-ustarroz-llamo-a-una-campana-limpia\/#breadcrumb"},"inLanguage":"es","potentialAction":[{"@type":"ReadAction","target":["https:\/\/noticiasmercedinas.com\/site\/2019\/03\/07\/juan-ignacio-ustarroz-llamo-a-una-campana-limpia\/"]}]},{"@type":"ImageObject","inLanguage":"es","@id":"https:\/\/noticiasmercedinas.com\/site\/2019\/03\/07\/juan-ignacio-ustarroz-llamo-a-una-campana-limpia\/#primaryimage","url":"https:\/\/noticiasmercedinas.com\/site\/wp-content\/uploads\/2019\/03\/SJA_2482.jpg","contentUrl":"https:\/\/noticiasmercedinas.com\/site\/wp-content\/uploads\/2019\/03\/SJA_2482.jpg","width":640,"height":381},{"@type":"BreadcrumbList","@id":"https:\/\/noticiasmercedinas.com\/site\/2019\/03\/07\/juan-ignacio-ustarroz-llamo-a-una-campana-limpia\/#breadcrumb","itemListElement":[{"@type":"ListItem","position":1,"name":"Portada","item":"https:\/\/noticiasmercedinas.com\/site\/"},{"@type":"ListItem","position":2,"name":"Juan Ignacio Ustarroz llam\u00f3 a una \u201ccampa\u00f1a limpia\u201d"}]},{"@type":"WebSite","@id":"https:\/\/noticiasmercedinas.com\/site\/#website","url":"https:\/\/noticiasmercedinas.com\/site\/","name":"NOTICIASMERCEDINAS.COM","description":"Mercedes, Buenos Aires, Argentina","publisher":{"@id":"https:\/\/noticiasmercedinas.com\/site\/#organization"},"potentialAction":[{"@type":"SearchAction","target":{"@type":"EntryPoint","urlTemplate":"https:\/\/noticiasmercedinas.com\/site\/?s={search_term_string}"},"query-input":{"@type":"PropertyValueSpecification","valueRequired":true,"valueName":"search_term_string"}}],"inLanguage":"es"},{"@type":"Organization","@id":"https:\/\/noticiasmercedinas.com\/site\/#organization","name":"NOTICIASMERCEDINAS.COM","url":"https:\/\/noticiasmercedinas.com\/site\/","logo":{"@type":"ImageObject","inLanguage":"es","@id":"https:\/\/noticiasmercedinas.com\/site\/#\/schema\/logo\/image\/","url":"https:\/\/noticiasmercedinas.com\/site\/wp-content\/uploads\/2020\/06\/LOGO-512.jpg","contentUrl":"https:\/\/noticiasmercedinas.com\/site\/wp-content\/uploads\/2020\/06\/LOGO-512.jpg","width":512,"height":512,"caption":"NOTICIASMERCEDINAS.COM"},"image":{"@id":"https:\/\/noticiasmercedinas.com\/site\/#\/schema\/logo\/image\/"},"sameAs":["https:\/\/www.facebook.com\/noticiasmercedinas\/","https:\/\/x.com\/notmercedinas","https:\/\/www.instagram.com\/noticiasmercedinas\/"]},{"@type":"Person","@id":"https:\/\/noticiasmercedinas.com\/site\/#\/schema\/person\/84b59c099c28ff2e8b77d4ceec5d8063","name":"NOTICIASMERCEDINAS.COM","image":{"@type":"ImageObject","inLanguage":"es","@id":"https:\/\/secure.gravatar.com\/avatar\/4dfbf16b4d17945bfb6341b2d19043457132fcf478a5ee04f42e959fd8f5df0a?s=96&d=mm&r=g","url":"https:\/\/secure.gravatar.com\/avatar\/4dfbf16b4d17945bfb6341b2d19043457132fcf478a5ee04f42e959fd8f5df0a?s=96&d=mm&r=g","contentUrl":"https:\/\/secure.gravatar.com\/avatar\/4dfbf16b4d17945bfb6341b2d19043457132fcf478a5ee04f42e959fd8f5df0a?s=96&d=mm&r=g","caption":"NOTICIASMERCEDINAS.COM"},"url":"https:\/\/noticiasmercedinas.com\/site\/author\/anonimo\/"}]}},"amp_enabled":true,"_links":{"self":[{"href":"https:\/\/noticiasmercedinas.com\/site\/wp-json\/wp\/v2\/posts\/13592","targetHints":{"allow":["GET"]}}],"collection":[{"href":"https:\/\/noticiasmercedinas.com\/site\/wp-json\/wp\/v2\/posts"}],"about":[{"href":"https:\/\/noticiasmercedinas.com\/site\/wp-json\/wp\/v2\/types\/post"}],"author":[{"embeddable":true,"href":"https:\/\/noticiasmercedinas.com\/site\/wp-json\/wp\/v2\/users\/16"}],"replies":[{"embeddable":true,"href":"https:\/\/noticiasmercedinas.com\/site\/wp-json\/wp\/v2\/comments?post=13592"}],"version-history":[{"count":1,"href":"https:\/\/noticiasmercedinas.com\/site\/wp-json\/wp\/v2\/posts\/13592\/revisions"}],"predecessor-version":[{"id":13594,"href":"https:\/\/noticiasmercedinas.com\/site\/wp-json\/wp\/v2\/posts\/13592\/revisions\/13594"}],"wp:featuredmedia":[{"embeddable":true,"href":"https:\/\/noticiasmercedinas.com\/site\/wp-json\/wp\/v2\/media\/13593"}],"wp:attachment":[{"href":"https:\/\/noticiasmercedinas.com\/site\/wp-json\/wp\/v2\/media?parent=13592"}],"wp:term":[{"taxonomy":"category","embeddable":true,"href":"https:\/\/noticiasmercedinas.com\/site\/wp-json\/wp\/v2\/categories?post=13592"},{"taxonomy":"post_tag","embeddable":true,"href":"https:\/\/noticiasmercedinas.com\/site\/wp-json\/wp\/v2\/tags?post=13592"}],"curies":[{"name":"wp","href":"https:\/\/api.w.org\/{rel}","templated":true}]}}