{"id":136010,"date":"2024-05-12T17:27:38","date_gmt":"2024-05-12T20:27:38","guid":{"rendered":"https:\/\/noticiasmercedinas.com\/site\/?p=136010"},"modified":"2024-05-12T17:27:38","modified_gmt":"2024-05-12T20:27:38","slug":"alejandra-marroquin-llevo-cuentos-y-poemas-al-galpon-de-suipacha","status":"publish","type":"post","link":"https:\/\/noticiasmercedinas.com\/site\/2024\/05\/12\/alejandra-marroquin-llevo-cuentos-y-poemas-al-galpon-de-suipacha\/","title":{"rendered":"Alejandra Marroqu\u00edn llev\u00f3 cuentos y poemas al Galp\u00f3n de Suipacha"},"content":{"rendered":"<p><img loading=\"lazy\" decoding=\"async\" class=\"alignnone size-full wp-image-136011\" src=\"https:\/\/noticiasmercedinas.com\/site\/wp-content\/uploads\/2024\/05\/MARROQUIN01.jpg\" alt=\"\" width=\"789\" height=\"590\" srcset=\"https:\/\/noticiasmercedinas.com\/site\/wp-content\/uploads\/2024\/05\/MARROQUIN01.jpg 789w, https:\/\/noticiasmercedinas.com\/site\/wp-content\/uploads\/2024\/05\/MARROQUIN01-300x224.jpg 300w, https:\/\/noticiasmercedinas.com\/site\/wp-content\/uploads\/2024\/05\/MARROQUIN01-768x574.jpg 768w, https:\/\/noticiasmercedinas.com\/site\/wp-content\/uploads\/2024\/05\/MARROQUIN01-80x60.jpg 80w, https:\/\/noticiasmercedinas.com\/site\/wp-content\/uploads\/2024\/05\/MARROQUIN01-160x120.jpg 160w, https:\/\/noticiasmercedinas.com\/site\/wp-content\/uploads\/2024\/05\/MARROQUIN01-100x75.jpg 100w, https:\/\/noticiasmercedinas.com\/site\/wp-content\/uploads\/2024\/05\/MARROQUIN01-200x150.jpg 200w, https:\/\/noticiasmercedinas.com\/site\/wp-content\/uploads\/2024\/05\/MARROQUIN01-180x135.jpg 180w, https:\/\/noticiasmercedinas.com\/site\/wp-content\/uploads\/2024\/05\/MARROQUIN01-360x270.jpg 360w, https:\/\/noticiasmercedinas.com\/site\/wp-content\/uploads\/2024\/05\/MARROQUIN01-238x178.jpg 238w, https:\/\/noticiasmercedinas.com\/site\/wp-content\/uploads\/2024\/05\/MARROQUIN01-476x356.jpg 476w, https:\/\/noticiasmercedinas.com\/site\/wp-content\/uploads\/2024\/05\/MARROQUIN01-640x479.jpg 640w, https:\/\/noticiasmercedinas.com\/site\/wp-content\/uploads\/2024\/05\/MARROQUIN01-681x509.jpg 681w\" sizes=\"auto, (max-width: 789px) 100vw, 789px\" \/><\/p>\n<p>Este s\u00e1bado 11, Alejandra Marroqu\u00edn, la mente creativa detr\u00e1s de la Biblioteca Vuela Libro de Mercedes, cautiv\u00f3 a la audiencia de Suipacha con un espect\u00e1culo sin igual. A las 13 horas, en el Galp\u00f3n de Suipacha, Marroqu\u00edn present\u00f3 \u00abCuentos y poemas en el Galp\u00f3n\u00bb, una experiencia que fusion\u00f3 narrativa, poes\u00eda y sabores en un entorno incomparable.<\/p>\n<p>Los asistentes disfrutaron de un men\u00fa delicioso que inclu\u00eda empanadas caseras, guiso de lentejas y el famoso queso y dulce, mientras se sumerg\u00edan en un mundo de cuentos y poes\u00eda narrados por Marroqu\u00edn.<\/p>\n<p>\u00abCuentos y poemas en el Galp\u00f3n\u00bb fue mucho m\u00e1s que un simple espect\u00e1culo; fue una conjunci\u00f3n de arte y gastronom\u00eda en un lugar \u00fanico. Marroqu\u00edn agradeci\u00f3 a todos los presentes por acompa\u00f1arla en este evento tan especial y aprovech\u00f3 para destacar el maravilloso ambiente que brind\u00f3 el Galp\u00f3n de Suipacha.<\/p>\n<p>\u00abGracias a mi prima por abrir este oasis en medio del campo y por su amor en los detalles m\u00e1s exquisitos, y las empanadas)\u00bb, expres\u00f3 Marroqu\u00edn en sus redes sociales. Tambi\u00e9n agradeci\u00f3 a su compa\u00f1ero de vida, Marcelo, por el delicioso guiso de lentejas y por toda la organizaci\u00f3n del evento.<\/p>\n<p>Adem\u00e1s de contar cuentos y recitar poemas, Marroqu\u00edn se anim\u00f3 a realizar lecturas de tarot po\u00e9tico, una experiencia que encant\u00f3 a los presentes y que evidenci\u00f3, una vez m\u00e1s, su confianza en la verdad po\u00e9tica.<\/p>\n<p>El evento tambi\u00e9n fue una oportunidad para reunirse con amigos y familiares, creando un ambiente c\u00e1lido y nost\u00e1lgico. Antes de soplar las velitas de su torta de cumplea\u00f1os, Marroqu\u00edn expres\u00f3 su deseo de que este evento se repita en el futuro.<\/p>\n<p>Con \u00abCuentos y poemas en el Galp\u00f3n\u00bb, Alejandra Marroqu\u00edn no solo llev\u00f3 entretenimiento y arte a Suipacha, sino que tambi\u00e9n demostr\u00f3 que la literatura puede ser disfrutada en cualquier lugar y en cualquier momento, siempre acompa\u00f1ada de buena comida y mejores amigos.<\/p>\n","protected":false},"excerpt":{"rendered":"<p>\u25a0 Fue este s\u00e1bado, en una experiencia que fusion\u00f3 narrativa, poes\u00eda y sabores en un entorno incomparable. La mente creativa detr\u00e1s de la Biblioteca Vuela Libro llev\u00f3 su arte a un lugar especial<\/p>\n","protected":false},"author":16,"featured_media":136011,"comment_status":"closed","ping_status":"closed","sticky":false,"template":"","format":"standard","meta":{"footnotes":""},"categories":[4],"tags":[16912,6701,17634,1095],"class_list":["post-136010","post","type-post","status-publish","format-standard","has-post-thumbnail","hentry","category-cultura","tag-alejandra-marroquin","tag-cuentos","tag-poesias","tag-suipacha"],"yoast_head":"<!-- This site is optimized with the Yoast SEO plugin v27.4 - https:\/\/yoast.com\/product\/yoast-seo-wordpress\/ -->\n<title>Alejandra Marroqu\u00edn llev\u00f3 cuentos y poemas al Galp\u00f3n de Suipacha<\/title>\n<meta name=\"robots\" content=\"index, follow, max-snippet:-1, max-image-preview:large, max-video-preview:-1\" \/>\n<link rel=\"canonical\" href=\"https:\/\/noticiasmercedinas.com\/site\/2024\/05\/12\/alejandra-marroquin-llevo-cuentos-y-poemas-al-galpon-de-suipacha\/\" \/>\n<meta property=\"og:locale\" content=\"es_ES\" \/>\n<meta property=\"og:type\" content=\"article\" \/>\n<meta property=\"og:title\" content=\"Alejandra Marroqu\u00edn llev\u00f3 cuentos y poemas al Galp\u00f3n de Suipacha\" \/>\n<meta property=\"og:description\" content=\"\u25a0 Fue este s\u00e1bado, en una experiencia que fusion\u00f3 narrativa, poes\u00eda y sabores en un entorno incomparable. La mente creativa detr\u00e1s de la Biblioteca Vuela Libro llev\u00f3 su arte a un lugar especial\" \/>\n<meta property=\"og:url\" content=\"https:\/\/noticiasmercedinas.com\/site\/2024\/05\/12\/alejandra-marroquin-llevo-cuentos-y-poemas-al-galpon-de-suipacha\/\" \/>\n<meta property=\"og:site_name\" content=\"NOTICIASMERCEDINAS.COM\" \/>\n<meta property=\"article:publisher\" content=\"https:\/\/www.facebook.com\/noticiasmercedinas\/\" \/>\n<meta property=\"article:published_time\" content=\"2024-05-12T20:27:38+00:00\" \/>\n<meta property=\"og:image\" content=\"https:\/\/noticiasmercedinas.com\/site\/wp-content\/uploads\/2024\/05\/MARROQUIN01.jpg\" \/>\n\t<meta property=\"og:image:width\" content=\"789\" \/>\n\t<meta property=\"og:image:height\" content=\"590\" \/>\n\t<meta property=\"og:image:type\" content=\"image\/jpeg\" \/>\n<meta name=\"author\" content=\"NOTICIASMERCEDINAS.COM\" \/>\n<meta name=\"twitter:card\" content=\"summary_large_image\" \/>\n<meta name=\"twitter:creator\" content=\"@notmercedinas\" \/>\n<meta name=\"twitter:site\" content=\"@notmercedinas\" \/>\n<meta name=\"twitter:label1\" content=\"Escrito por\" \/>\n\t<meta name=\"twitter:data1\" content=\"NOTICIASMERCEDINAS.COM\" \/>\n\t<meta name=\"twitter:label2\" content=\"Tiempo de lectura\" \/>\n\t<meta name=\"twitter:data2\" content=\"2 minutos\" \/>\n<script type=\"application\/ld+json\" class=\"yoast-schema-graph\">{\"@context\":\"https:\\\/\\\/schema.org\",\"@graph\":[{\"@type\":\"Article\",\"@id\":\"https:\\\/\\\/noticiasmercedinas.com\\\/site\\\/2024\\\/05\\\/12\\\/alejandra-marroquin-llevo-cuentos-y-poemas-al-galpon-de-suipacha\\\/#article\",\"isPartOf\":{\"@id\":\"https:\\\/\\\/noticiasmercedinas.com\\\/site\\\/2024\\\/05\\\/12\\\/alejandra-marroquin-llevo-cuentos-y-poemas-al-galpon-de-suipacha\\\/\"},\"author\":{\"name\":\"NOTICIASMERCEDINAS.COM\",\"@id\":\"https:\\\/\\\/noticiasmercedinas.com\\\/site\\\/#\\\/schema\\\/person\\\/84b59c099c28ff2e8b77d4ceec5d8063\"},\"headline\":\"Alejandra Marroqu\u00edn llev\u00f3 cuentos y poemas al Galp\u00f3n de Suipacha\",\"datePublished\":\"2024-05-12T20:27:38+00:00\",\"mainEntityOfPage\":{\"@id\":\"https:\\\/\\\/noticiasmercedinas.com\\\/site\\\/2024\\\/05\\\/12\\\/alejandra-marroquin-llevo-cuentos-y-poemas-al-galpon-de-suipacha\\\/\"},\"wordCount\":357,\"publisher\":{\"@id\":\"https:\\\/\\\/noticiasmercedinas.com\\\/site\\\/#organization\"},\"image\":{\"@id\":\"https:\\\/\\\/noticiasmercedinas.com\\\/site\\\/2024\\\/05\\\/12\\\/alejandra-marroquin-llevo-cuentos-y-poemas-al-galpon-de-suipacha\\\/#primaryimage\"},\"thumbnailUrl\":\"https:\\\/\\\/noticiasmercedinas.com\\\/site\\\/wp-content\\\/uploads\\\/2024\\\/05\\\/MARROQUIN01.jpg\",\"keywords\":[\"Alejandra Marroqu\u00edn\",\"cuentos\",\"Poes\u00edas\",\"suipacha\"],\"articleSection\":[\"Cultura\"],\"inLanguage\":\"es\"},{\"@type\":\"WebPage\",\"@id\":\"https:\\\/\\\/noticiasmercedinas.com\\\/site\\\/2024\\\/05\\\/12\\\/alejandra-marroquin-llevo-cuentos-y-poemas-al-galpon-de-suipacha\\\/\",\"url\":\"https:\\\/\\\/noticiasmercedinas.com\\\/site\\\/2024\\\/05\\\/12\\\/alejandra-marroquin-llevo-cuentos-y-poemas-al-galpon-de-suipacha\\\/\",\"name\":\"Alejandra Marroqu\u00edn llev\u00f3 cuentos y poemas al Galp\u00f3n de Suipacha\",\"isPartOf\":{\"@id\":\"https:\\\/\\\/noticiasmercedinas.com\\\/site\\\/#website\"},\"primaryImageOfPage\":{\"@id\":\"https:\\\/\\\/noticiasmercedinas.com\\\/site\\\/2024\\\/05\\\/12\\\/alejandra-marroquin-llevo-cuentos-y-poemas-al-galpon-de-suipacha\\\/#primaryimage\"},\"image\":{\"@id\":\"https:\\\/\\\/noticiasmercedinas.com\\\/site\\\/2024\\\/05\\\/12\\\/alejandra-marroquin-llevo-cuentos-y-poemas-al-galpon-de-suipacha\\\/#primaryimage\"},\"thumbnailUrl\":\"https:\\\/\\\/noticiasmercedinas.com\\\/site\\\/wp-content\\\/uploads\\\/2024\\\/05\\\/MARROQUIN01.jpg\",\"datePublished\":\"2024-05-12T20:27:38+00:00\",\"breadcrumb\":{\"@id\":\"https:\\\/\\\/noticiasmercedinas.com\\\/site\\\/2024\\\/05\\\/12\\\/alejandra-marroquin-llevo-cuentos-y-poemas-al-galpon-de-suipacha\\\/#breadcrumb\"},\"inLanguage\":\"es\",\"potentialAction\":[{\"@type\":\"ReadAction\",\"target\":[\"https:\\\/\\\/noticiasmercedinas.com\\\/site\\\/2024\\\/05\\\/12\\\/alejandra-marroquin-llevo-cuentos-y-poemas-al-galpon-de-suipacha\\\/\"]}]},{\"@type\":\"ImageObject\",\"inLanguage\":\"es\",\"@id\":\"https:\\\/\\\/noticiasmercedinas.com\\\/site\\\/2024\\\/05\\\/12\\\/alejandra-marroquin-llevo-cuentos-y-poemas-al-galpon-de-suipacha\\\/#primaryimage\",\"url\":\"https:\\\/\\\/noticiasmercedinas.com\\\/site\\\/wp-content\\\/uploads\\\/2024\\\/05\\\/MARROQUIN01.jpg\",\"contentUrl\":\"https:\\\/\\\/noticiasmercedinas.com\\\/site\\\/wp-content\\\/uploads\\\/2024\\\/05\\\/MARROQUIN01.jpg\",\"width\":789,\"height\":590},{\"@type\":\"BreadcrumbList\",\"@id\":\"https:\\\/\\\/noticiasmercedinas.com\\\/site\\\/2024\\\/05\\\/12\\\/alejandra-marroquin-llevo-cuentos-y-poemas-al-galpon-de-suipacha\\\/#breadcrumb\",\"itemListElement\":[{\"@type\":\"ListItem\",\"position\":1,\"name\":\"Portada\",\"item\":\"https:\\\/\\\/noticiasmercedinas.com\\\/site\\\/\"},{\"@type\":\"ListItem\",\"position\":2,\"name\":\"Alejandra Marroqu\u00edn llev\u00f3 cuentos y poemas al Galp\u00f3n de Suipacha\"}]},{\"@type\":\"WebSite\",\"@id\":\"https:\\\/\\\/noticiasmercedinas.com\\\/site\\\/#website\",\"url\":\"https:\\\/\\\/noticiasmercedinas.com\\\/site\\\/\",\"name\":\"NOTICIASMERCEDINAS.COM\",\"description\":\"Mercedes, Buenos Aires, Argentina\",\"publisher\":{\"@id\":\"https:\\\/\\\/noticiasmercedinas.com\\\/site\\\/#organization\"},\"potentialAction\":[{\"@type\":\"SearchAction\",\"target\":{\"@type\":\"EntryPoint\",\"urlTemplate\":\"https:\\\/\\\/noticiasmercedinas.com\\\/site\\\/?s={search_term_string}\"},\"query-input\":{\"@type\":\"PropertyValueSpecification\",\"valueRequired\":true,\"valueName\":\"search_term_string\"}}],\"inLanguage\":\"es\"},{\"@type\":\"Organization\",\"@id\":\"https:\\\/\\\/noticiasmercedinas.com\\\/site\\\/#organization\",\"name\":\"NOTICIASMERCEDINAS.COM\",\"url\":\"https:\\\/\\\/noticiasmercedinas.com\\\/site\\\/\",\"logo\":{\"@type\":\"ImageObject\",\"inLanguage\":\"es\",\"@id\":\"https:\\\/\\\/noticiasmercedinas.com\\\/site\\\/#\\\/schema\\\/logo\\\/image\\\/\",\"url\":\"https:\\\/\\\/noticiasmercedinas.com\\\/site\\\/wp-content\\\/uploads\\\/2020\\\/06\\\/LOGO-512.jpg\",\"contentUrl\":\"https:\\\/\\\/noticiasmercedinas.com\\\/site\\\/wp-content\\\/uploads\\\/2020\\\/06\\\/LOGO-512.jpg\",\"width\":512,\"height\":512,\"caption\":\"NOTICIASMERCEDINAS.COM\"},\"image\":{\"@id\":\"https:\\\/\\\/noticiasmercedinas.com\\\/site\\\/#\\\/schema\\\/logo\\\/image\\\/\"},\"sameAs\":[\"https:\\\/\\\/www.facebook.com\\\/noticiasmercedinas\\\/\",\"https:\\\/\\\/x.com\\\/notmercedinas\",\"https:\\\/\\\/www.instagram.com\\\/noticiasmercedinas\\\/\"]},{\"@type\":\"Person\",\"@id\":\"https:\\\/\\\/noticiasmercedinas.com\\\/site\\\/#\\\/schema\\\/person\\\/84b59c099c28ff2e8b77d4ceec5d8063\",\"name\":\"NOTICIASMERCEDINAS.COM\",\"image\":{\"@type\":\"ImageObject\",\"inLanguage\":\"es\",\"@id\":\"https:\\\/\\\/secure.gravatar.com\\\/avatar\\\/4dfbf16b4d17945bfb6341b2d19043457132fcf478a5ee04f42e959fd8f5df0a?s=96&d=mm&r=g\",\"url\":\"https:\\\/\\\/secure.gravatar.com\\\/avatar\\\/4dfbf16b4d17945bfb6341b2d19043457132fcf478a5ee04f42e959fd8f5df0a?s=96&d=mm&r=g\",\"contentUrl\":\"https:\\\/\\\/secure.gravatar.com\\\/avatar\\\/4dfbf16b4d17945bfb6341b2d19043457132fcf478a5ee04f42e959fd8f5df0a?s=96&d=mm&r=g\",\"caption\":\"NOTICIASMERCEDINAS.COM\"},\"url\":\"https:\\\/\\\/noticiasmercedinas.com\\\/site\\\/author\\\/anonimo\\\/\"}]}<\/script>\n<!-- \/ Yoast SEO plugin. -->","yoast_head_json":{"title":"Alejandra Marroqu\u00edn llev\u00f3 cuentos y poemas al Galp\u00f3n de Suipacha","robots":{"index":"index","follow":"follow","max-snippet":"max-snippet:-1","max-image-preview":"max-image-preview:large","max-video-preview":"max-video-preview:-1"},"canonical":"https:\/\/noticiasmercedinas.com\/site\/2024\/05\/12\/alejandra-marroquin-llevo-cuentos-y-poemas-al-galpon-de-suipacha\/","og_locale":"es_ES","og_type":"article","og_title":"Alejandra Marroqu\u00edn llev\u00f3 cuentos y poemas al Galp\u00f3n de Suipacha","og_description":"\u25a0 Fue este s\u00e1bado, en una experiencia que fusion\u00f3 narrativa, poes\u00eda y sabores en un entorno incomparable. La mente creativa detr\u00e1s de la Biblioteca Vuela Libro llev\u00f3 su arte a un lugar especial","og_url":"https:\/\/noticiasmercedinas.com\/site\/2024\/05\/12\/alejandra-marroquin-llevo-cuentos-y-poemas-al-galpon-de-suipacha\/","og_site_name":"NOTICIASMERCEDINAS.COM","article_publisher":"https:\/\/www.facebook.com\/noticiasmercedinas\/","article_published_time":"2024-05-12T20:27:38+00:00","og_image":[{"width":789,"height":590,"url":"https:\/\/noticiasmercedinas.com\/site\/wp-content\/uploads\/2024\/05\/MARROQUIN01.jpg","type":"image\/jpeg"}],"author":"NOTICIASMERCEDINAS.COM","twitter_card":"summary_large_image","twitter_creator":"@notmercedinas","twitter_site":"@notmercedinas","twitter_misc":{"Escrito por":"NOTICIASMERCEDINAS.COM","Tiempo de lectura":"2 minutos"},"schema":{"@context":"https:\/\/schema.org","@graph":[{"@type":"Article","@id":"https:\/\/noticiasmercedinas.com\/site\/2024\/05\/12\/alejandra-marroquin-llevo-cuentos-y-poemas-al-galpon-de-suipacha\/#article","isPartOf":{"@id":"https:\/\/noticiasmercedinas.com\/site\/2024\/05\/12\/alejandra-marroquin-llevo-cuentos-y-poemas-al-galpon-de-suipacha\/"},"author":{"name":"NOTICIASMERCEDINAS.COM","@id":"https:\/\/noticiasmercedinas.com\/site\/#\/schema\/person\/84b59c099c28ff2e8b77d4ceec5d8063"},"headline":"Alejandra Marroqu\u00edn llev\u00f3 cuentos y poemas al Galp\u00f3n de Suipacha","datePublished":"2024-05-12T20:27:38+00:00","mainEntityOfPage":{"@id":"https:\/\/noticiasmercedinas.com\/site\/2024\/05\/12\/alejandra-marroquin-llevo-cuentos-y-poemas-al-galpon-de-suipacha\/"},"wordCount":357,"publisher":{"@id":"https:\/\/noticiasmercedinas.com\/site\/#organization"},"image":{"@id":"https:\/\/noticiasmercedinas.com\/site\/2024\/05\/12\/alejandra-marroquin-llevo-cuentos-y-poemas-al-galpon-de-suipacha\/#primaryimage"},"thumbnailUrl":"https:\/\/noticiasmercedinas.com\/site\/wp-content\/uploads\/2024\/05\/MARROQUIN01.jpg","keywords":["Alejandra Marroqu\u00edn","cuentos","Poes\u00edas","suipacha"],"articleSection":["Cultura"],"inLanguage":"es"},{"@type":"WebPage","@id":"https:\/\/noticiasmercedinas.com\/site\/2024\/05\/12\/alejandra-marroquin-llevo-cuentos-y-poemas-al-galpon-de-suipacha\/","url":"https:\/\/noticiasmercedinas.com\/site\/2024\/05\/12\/alejandra-marroquin-llevo-cuentos-y-poemas-al-galpon-de-suipacha\/","name":"Alejandra Marroqu\u00edn llev\u00f3 cuentos y poemas al Galp\u00f3n de Suipacha","isPartOf":{"@id":"https:\/\/noticiasmercedinas.com\/site\/#website"},"primaryImageOfPage":{"@id":"https:\/\/noticiasmercedinas.com\/site\/2024\/05\/12\/alejandra-marroquin-llevo-cuentos-y-poemas-al-galpon-de-suipacha\/#primaryimage"},"image":{"@id":"https:\/\/noticiasmercedinas.com\/site\/2024\/05\/12\/alejandra-marroquin-llevo-cuentos-y-poemas-al-galpon-de-suipacha\/#primaryimage"},"thumbnailUrl":"https:\/\/noticiasmercedinas.com\/site\/wp-content\/uploads\/2024\/05\/MARROQUIN01.jpg","datePublished":"2024-05-12T20:27:38+00:00","breadcrumb":{"@id":"https:\/\/noticiasmercedinas.com\/site\/2024\/05\/12\/alejandra-marroquin-llevo-cuentos-y-poemas-al-galpon-de-suipacha\/#breadcrumb"},"inLanguage":"es","potentialAction":[{"@type":"ReadAction","target":["https:\/\/noticiasmercedinas.com\/site\/2024\/05\/12\/alejandra-marroquin-llevo-cuentos-y-poemas-al-galpon-de-suipacha\/"]}]},{"@type":"ImageObject","inLanguage":"es","@id":"https:\/\/noticiasmercedinas.com\/site\/2024\/05\/12\/alejandra-marroquin-llevo-cuentos-y-poemas-al-galpon-de-suipacha\/#primaryimage","url":"https:\/\/noticiasmercedinas.com\/site\/wp-content\/uploads\/2024\/05\/MARROQUIN01.jpg","contentUrl":"https:\/\/noticiasmercedinas.com\/site\/wp-content\/uploads\/2024\/05\/MARROQUIN01.jpg","width":789,"height":590},{"@type":"BreadcrumbList","@id":"https:\/\/noticiasmercedinas.com\/site\/2024\/05\/12\/alejandra-marroquin-llevo-cuentos-y-poemas-al-galpon-de-suipacha\/#breadcrumb","itemListElement":[{"@type":"ListItem","position":1,"name":"Portada","item":"https:\/\/noticiasmercedinas.com\/site\/"},{"@type":"ListItem","position":2,"name":"Alejandra Marroqu\u00edn llev\u00f3 cuentos y poemas al Galp\u00f3n de Suipacha"}]},{"@type":"WebSite","@id":"https:\/\/noticiasmercedinas.com\/site\/#website","url":"https:\/\/noticiasmercedinas.com\/site\/","name":"NOTICIASMERCEDINAS.COM","description":"Mercedes, Buenos Aires, Argentina","publisher":{"@id":"https:\/\/noticiasmercedinas.com\/site\/#organization"},"potentialAction":[{"@type":"SearchAction","target":{"@type":"EntryPoint","urlTemplate":"https:\/\/noticiasmercedinas.com\/site\/?s={search_term_string}"},"query-input":{"@type":"PropertyValueSpecification","valueRequired":true,"valueName":"search_term_string"}}],"inLanguage":"es"},{"@type":"Organization","@id":"https:\/\/noticiasmercedinas.com\/site\/#organization","name":"NOTICIASMERCEDINAS.COM","url":"https:\/\/noticiasmercedinas.com\/site\/","logo":{"@type":"ImageObject","inLanguage":"es","@id":"https:\/\/noticiasmercedinas.com\/site\/#\/schema\/logo\/image\/","url":"https:\/\/noticiasmercedinas.com\/site\/wp-content\/uploads\/2020\/06\/LOGO-512.jpg","contentUrl":"https:\/\/noticiasmercedinas.com\/site\/wp-content\/uploads\/2020\/06\/LOGO-512.jpg","width":512,"height":512,"caption":"NOTICIASMERCEDINAS.COM"},"image":{"@id":"https:\/\/noticiasmercedinas.com\/site\/#\/schema\/logo\/image\/"},"sameAs":["https:\/\/www.facebook.com\/noticiasmercedinas\/","https:\/\/x.com\/notmercedinas","https:\/\/www.instagram.com\/noticiasmercedinas\/"]},{"@type":"Person","@id":"https:\/\/noticiasmercedinas.com\/site\/#\/schema\/person\/84b59c099c28ff2e8b77d4ceec5d8063","name":"NOTICIASMERCEDINAS.COM","image":{"@type":"ImageObject","inLanguage":"es","@id":"https:\/\/secure.gravatar.com\/avatar\/4dfbf16b4d17945bfb6341b2d19043457132fcf478a5ee04f42e959fd8f5df0a?s=96&d=mm&r=g","url":"https:\/\/secure.gravatar.com\/avatar\/4dfbf16b4d17945bfb6341b2d19043457132fcf478a5ee04f42e959fd8f5df0a?s=96&d=mm&r=g","contentUrl":"https:\/\/secure.gravatar.com\/avatar\/4dfbf16b4d17945bfb6341b2d19043457132fcf478a5ee04f42e959fd8f5df0a?s=96&d=mm&r=g","caption":"NOTICIASMERCEDINAS.COM"},"url":"https:\/\/noticiasmercedinas.com\/site\/author\/anonimo\/"}]}},"amp_enabled":true,"_links":{"self":[{"href":"https:\/\/noticiasmercedinas.com\/site\/wp-json\/wp\/v2\/posts\/136010","targetHints":{"allow":["GET"]}}],"collection":[{"href":"https:\/\/noticiasmercedinas.com\/site\/wp-json\/wp\/v2\/posts"}],"about":[{"href":"https:\/\/noticiasmercedinas.com\/site\/wp-json\/wp\/v2\/types\/post"}],"author":[{"embeddable":true,"href":"https:\/\/noticiasmercedinas.com\/site\/wp-json\/wp\/v2\/users\/16"}],"replies":[{"embeddable":true,"href":"https:\/\/noticiasmercedinas.com\/site\/wp-json\/wp\/v2\/comments?post=136010"}],"version-history":[{"count":1,"href":"https:\/\/noticiasmercedinas.com\/site\/wp-json\/wp\/v2\/posts\/136010\/revisions"}],"predecessor-version":[{"id":136012,"href":"https:\/\/noticiasmercedinas.com\/site\/wp-json\/wp\/v2\/posts\/136010\/revisions\/136012"}],"wp:featuredmedia":[{"embeddable":true,"href":"https:\/\/noticiasmercedinas.com\/site\/wp-json\/wp\/v2\/media\/136011"}],"wp:attachment":[{"href":"https:\/\/noticiasmercedinas.com\/site\/wp-json\/wp\/v2\/media?parent=136010"}],"wp:term":[{"taxonomy":"category","embeddable":true,"href":"https:\/\/noticiasmercedinas.com\/site\/wp-json\/wp\/v2\/categories?post=136010"},{"taxonomy":"post_tag","embeddable":true,"href":"https:\/\/noticiasmercedinas.com\/site\/wp-json\/wp\/v2\/tags?post=136010"}],"curies":[{"name":"wp","href":"https:\/\/api.w.org\/{rel}","templated":true}]}}