{"id":136256,"date":"2024-05-15T09:53:45","date_gmt":"2024-05-15T12:53:45","guid":{"rendered":"https:\/\/noticiasmercedinas.com\/site\/?p=136256"},"modified":"2024-05-15T09:53:45","modified_gmt":"2024-05-15T12:53:45","slug":"operativo-de-documentacion-civil-y-celebracion-de-matrimonios-en-la-unidad-5","status":"publish","type":"post","link":"https:\/\/noticiasmercedinas.com\/site\/2024\/05\/15\/operativo-de-documentacion-civil-y-celebracion-de-matrimonios-en-la-unidad-5\/","title":{"rendered":"Operativo de documentaci\u00f3n civil y celebraci\u00f3n de matrimonios en la Unidad 5"},"content":{"rendered":"<p><img loading=\"lazy\" decoding=\"async\" class=\"alignnone wp-image-136258\" src=\"https:\/\/noticiasmercedinas.com\/site\/wp-content\/uploads\/2024\/05\/14-05-24-Un5-a.jpg\" alt=\"\" width=\"640\" height=\"384\" srcset=\"https:\/\/noticiasmercedinas.com\/site\/wp-content\/uploads\/2024\/05\/14-05-24-Un5-a.jpg 500w, https:\/\/noticiasmercedinas.com\/site\/wp-content\/uploads\/2024\/05\/14-05-24-Un5-a-300x180.jpg 300w\" sizes=\"auto, (max-width: 640px) 100vw, 640px\" \/><\/p>\n<p>Personal del Ministerio de Justicia y Derechos Humanos de la provincia de Buenos Aires llev\u00f3 a cabo un operativo de documentaci\u00f3n civil en la Unidad 5 de Mercedes, destinado a personas privadas de su libertad.<\/p>\n<p>Durante el desarrollo de esta importante iniciativa, se gestionaron un total de 80 Documentos Nacionales de Identidad (DNI) y se celebraron siete matrimonios.<\/p>\n<p>La jornada cont\u00f3 con la participaci\u00f3n del subsecretario de Inclusi\u00f3n Penitenciario, Diego Rao; la directora provincial de Educaci\u00f3n, Formaci\u00f3n Laboral y Documentaci\u00f3n, Ana Sanguinetti; el director de Documentaci\u00f3n e Identidad del Ministerio de Justicia provincial, Federico Carrique; y la representante del Registro Provincial de las Personas, Andrea Pilar Gim\u00e9nez, junto a su equipo de trabajo.<\/p>\n<p>Adem\u00e1s de la documentaci\u00f3n, la jornada incluy\u00f3 una mesa de di\u00e1logo llevada a cabo por la directora de Educaci\u00f3n y Cultura del Ministerio de Justicia y Derechos Humanos, Julia Lescano, con los referentes de cinco pabellones literarios para la libertad.<\/p>\n<p>Acompa\u00f1aron este emotivo evento el secretario de Coordinaci\u00f3n del Complejo Penitenciario Norte, Horacio Maldonado; el coordinador general de gesti\u00f3n de la informaci\u00f3n estad\u00edstica, Fabricio Bagnasco; el director de la Unidad 5, Roberto Frade; y la subdirectora de Administraci\u00f3n, Carolina Routin.<\/p>\n<p>Este operativo no solo representa un avance en materia de derechos civiles para las personas privadas de su libertad, sino tambi\u00e9n un paso significativo hacia la inclusi\u00f3n y la reinserci\u00f3n social.<\/p>\n<p><img loading=\"lazy\" decoding=\"async\" class=\"alignnone wp-image-136257\" src=\"https:\/\/noticiasmercedinas.com\/site\/wp-content\/uploads\/2024\/05\/14-05-24-Un5-b.jpg\" alt=\"\" width=\"640\" height=\"384\" srcset=\"https:\/\/noticiasmercedinas.com\/site\/wp-content\/uploads\/2024\/05\/14-05-24-Un5-b.jpg 500w, https:\/\/noticiasmercedinas.com\/site\/wp-content\/uploads\/2024\/05\/14-05-24-Un5-b-300x180.jpg 300w\" sizes=\"auto, (max-width: 640px) 100vw, 640px\" \/><\/p>\n","protected":false},"excerpt":{"rendered":"<p>\u25a0 Durante el desarrollo de esta importante iniciativa, se gestionaron un total de 80 Documentos Nacionales de Identidad (DNI) y se celebraron siete matrimonios.<\/p>\n","protected":false},"author":16,"featured_media":136258,"comment_status":"closed","ping_status":"closed","sticky":false,"template":"","format":"standard","meta":{"footnotes":""},"categories":[3],"tags":[5482,1829,9298,137],"class_list":["post-136256","post","type-post","status-publish","format-standard","has-post-thumbnail","hentry","category-sociedad","tag-casamiento","tag-dni","tag-ministerio-de-justicia-y-derechos-humanos","tag-unidad-5"],"yoast_head":"<!-- This site is optimized with the Yoast SEO plugin v27.5 - https:\/\/yoast.com\/product\/yoast-seo-wordpress\/ -->\n<title>Operativo de documentaci\u00f3n civil y celebraci\u00f3n de matrimonios en la Unidad 5<\/title>\n<meta name=\"robots\" content=\"index, follow, max-snippet:-1, max-image-preview:large, max-video-preview:-1\" \/>\n<link rel=\"canonical\" href=\"https:\/\/noticiasmercedinas.com\/site\/2024\/05\/15\/operativo-de-documentacion-civil-y-celebracion-de-matrimonios-en-la-unidad-5\/\" \/>\n<meta property=\"og:locale\" content=\"es_ES\" \/>\n<meta property=\"og:type\" content=\"article\" \/>\n<meta property=\"og:title\" content=\"Operativo de documentaci\u00f3n civil y celebraci\u00f3n de matrimonios en la Unidad 5\" \/>\n<meta property=\"og:description\" content=\"\u25a0 Durante el desarrollo de esta importante iniciativa, se gestionaron un total de 80 Documentos Nacionales de Identidad (DNI) y se celebraron siete matrimonios.\" \/>\n<meta property=\"og:url\" content=\"https:\/\/noticiasmercedinas.com\/site\/2024\/05\/15\/operativo-de-documentacion-civil-y-celebracion-de-matrimonios-en-la-unidad-5\/\" \/>\n<meta property=\"og:site_name\" content=\"NOTICIASMERCEDINAS.COM\" \/>\n<meta property=\"article:publisher\" content=\"https:\/\/www.facebook.com\/noticiasmercedinas\/\" \/>\n<meta property=\"article:published_time\" content=\"2024-05-15T12:53:45+00:00\" \/>\n<meta property=\"og:image\" content=\"https:\/\/noticiasmercedinas.com\/site\/wp-content\/uploads\/2024\/05\/14-05-24-Un5-a.jpg\" \/>\n\t<meta property=\"og:image:width\" content=\"500\" \/>\n\t<meta property=\"og:image:height\" content=\"300\" \/>\n\t<meta property=\"og:image:type\" content=\"image\/jpeg\" \/>\n<meta name=\"author\" content=\"NOTICIASMERCEDINAS.COM\" \/>\n<meta name=\"twitter:card\" content=\"summary_large_image\" \/>\n<meta name=\"twitter:creator\" content=\"@notmercedinas\" \/>\n<meta name=\"twitter:site\" content=\"@notmercedinas\" \/>\n<meta name=\"twitter:label1\" content=\"Escrito por\" \/>\n\t<meta name=\"twitter:data1\" content=\"NOTICIASMERCEDINAS.COM\" \/>\n\t<meta name=\"twitter:label2\" content=\"Tiempo de lectura\" \/>\n\t<meta name=\"twitter:data2\" content=\"2 minutos\" \/>\n<script type=\"application\/ld+json\" class=\"yoast-schema-graph\">{\"@context\":\"https:\\\/\\\/schema.org\",\"@graph\":[{\"@type\":\"Article\",\"@id\":\"https:\\\/\\\/noticiasmercedinas.com\\\/site\\\/2024\\\/05\\\/15\\\/operativo-de-documentacion-civil-y-celebracion-de-matrimonios-en-la-unidad-5\\\/#article\",\"isPartOf\":{\"@id\":\"https:\\\/\\\/noticiasmercedinas.com\\\/site\\\/2024\\\/05\\\/15\\\/operativo-de-documentacion-civil-y-celebracion-de-matrimonios-en-la-unidad-5\\\/\"},\"author\":{\"name\":\"NOTICIASMERCEDINAS.COM\",\"@id\":\"https:\\\/\\\/noticiasmercedinas.com\\\/site\\\/#\\\/schema\\\/person\\\/84b59c099c28ff2e8b77d4ceec5d8063\"},\"headline\":\"Operativo de documentaci\u00f3n civil y celebraci\u00f3n de matrimonios en la Unidad 5\",\"datePublished\":\"2024-05-15T12:53:45+00:00\",\"mainEntityOfPage\":{\"@id\":\"https:\\\/\\\/noticiasmercedinas.com\\\/site\\\/2024\\\/05\\\/15\\\/operativo-de-documentacion-civil-y-celebracion-de-matrimonios-en-la-unidad-5\\\/\"},\"wordCount\":255,\"publisher\":{\"@id\":\"https:\\\/\\\/noticiasmercedinas.com\\\/site\\\/#organization\"},\"image\":{\"@id\":\"https:\\\/\\\/noticiasmercedinas.com\\\/site\\\/2024\\\/05\\\/15\\\/operativo-de-documentacion-civil-y-celebracion-de-matrimonios-en-la-unidad-5\\\/#primaryimage\"},\"thumbnailUrl\":\"https:\\\/\\\/noticiasmercedinas.com\\\/site\\\/wp-content\\\/uploads\\\/2024\\\/05\\\/14-05-24-Un5-a.jpg\",\"keywords\":[\"casamiento\",\"dni\",\"Ministerio de Justicia y Derechos Humanos\",\"unidad 5\"],\"articleSection\":[\"Sociedad\"],\"inLanguage\":\"es\"},{\"@type\":\"WebPage\",\"@id\":\"https:\\\/\\\/noticiasmercedinas.com\\\/site\\\/2024\\\/05\\\/15\\\/operativo-de-documentacion-civil-y-celebracion-de-matrimonios-en-la-unidad-5\\\/\",\"url\":\"https:\\\/\\\/noticiasmercedinas.com\\\/site\\\/2024\\\/05\\\/15\\\/operativo-de-documentacion-civil-y-celebracion-de-matrimonios-en-la-unidad-5\\\/\",\"name\":\"Operativo de documentaci\u00f3n civil y celebraci\u00f3n de matrimonios en la Unidad 5\",\"isPartOf\":{\"@id\":\"https:\\\/\\\/noticiasmercedinas.com\\\/site\\\/#website\"},\"primaryImageOfPage\":{\"@id\":\"https:\\\/\\\/noticiasmercedinas.com\\\/site\\\/2024\\\/05\\\/15\\\/operativo-de-documentacion-civil-y-celebracion-de-matrimonios-en-la-unidad-5\\\/#primaryimage\"},\"image\":{\"@id\":\"https:\\\/\\\/noticiasmercedinas.com\\\/site\\\/2024\\\/05\\\/15\\\/operativo-de-documentacion-civil-y-celebracion-de-matrimonios-en-la-unidad-5\\\/#primaryimage\"},\"thumbnailUrl\":\"https:\\\/\\\/noticiasmercedinas.com\\\/site\\\/wp-content\\\/uploads\\\/2024\\\/05\\\/14-05-24-Un5-a.jpg\",\"datePublished\":\"2024-05-15T12:53:45+00:00\",\"breadcrumb\":{\"@id\":\"https:\\\/\\\/noticiasmercedinas.com\\\/site\\\/2024\\\/05\\\/15\\\/operativo-de-documentacion-civil-y-celebracion-de-matrimonios-en-la-unidad-5\\\/#breadcrumb\"},\"inLanguage\":\"es\",\"potentialAction\":[{\"@type\":\"ReadAction\",\"target\":[\"https:\\\/\\\/noticiasmercedinas.com\\\/site\\\/2024\\\/05\\\/15\\\/operativo-de-documentacion-civil-y-celebracion-de-matrimonios-en-la-unidad-5\\\/\"]}]},{\"@type\":\"ImageObject\",\"inLanguage\":\"es\",\"@id\":\"https:\\\/\\\/noticiasmercedinas.com\\\/site\\\/2024\\\/05\\\/15\\\/operativo-de-documentacion-civil-y-celebracion-de-matrimonios-en-la-unidad-5\\\/#primaryimage\",\"url\":\"https:\\\/\\\/noticiasmercedinas.com\\\/site\\\/wp-content\\\/uploads\\\/2024\\\/05\\\/14-05-24-Un5-a.jpg\",\"contentUrl\":\"https:\\\/\\\/noticiasmercedinas.com\\\/site\\\/wp-content\\\/uploads\\\/2024\\\/05\\\/14-05-24-Un5-a.jpg\",\"width\":500,\"height\":300},{\"@type\":\"BreadcrumbList\",\"@id\":\"https:\\\/\\\/noticiasmercedinas.com\\\/site\\\/2024\\\/05\\\/15\\\/operativo-de-documentacion-civil-y-celebracion-de-matrimonios-en-la-unidad-5\\\/#breadcrumb\",\"itemListElement\":[{\"@type\":\"ListItem\",\"position\":1,\"name\":\"Portada\",\"item\":\"https:\\\/\\\/noticiasmercedinas.com\\\/site\\\/\"},{\"@type\":\"ListItem\",\"position\":2,\"name\":\"Operativo de documentaci\u00f3n civil y celebraci\u00f3n de matrimonios en la Unidad 5\"}]},{\"@type\":\"WebSite\",\"@id\":\"https:\\\/\\\/noticiasmercedinas.com\\\/site\\\/#website\",\"url\":\"https:\\\/\\\/noticiasmercedinas.com\\\/site\\\/\",\"name\":\"NOTICIASMERCEDINAS.COM\",\"description\":\"Mercedes, Buenos Aires, Argentina\",\"publisher\":{\"@id\":\"https:\\\/\\\/noticiasmercedinas.com\\\/site\\\/#organization\"},\"potentialAction\":[{\"@type\":\"SearchAction\",\"target\":{\"@type\":\"EntryPoint\",\"urlTemplate\":\"https:\\\/\\\/noticiasmercedinas.com\\\/site\\\/?s={search_term_string}\"},\"query-input\":{\"@type\":\"PropertyValueSpecification\",\"valueRequired\":true,\"valueName\":\"search_term_string\"}}],\"inLanguage\":\"es\"},{\"@type\":\"Organization\",\"@id\":\"https:\\\/\\\/noticiasmercedinas.com\\\/site\\\/#organization\",\"name\":\"NOTICIASMERCEDINAS.COM\",\"url\":\"https:\\\/\\\/noticiasmercedinas.com\\\/site\\\/\",\"logo\":{\"@type\":\"ImageObject\",\"inLanguage\":\"es\",\"@id\":\"https:\\\/\\\/noticiasmercedinas.com\\\/site\\\/#\\\/schema\\\/logo\\\/image\\\/\",\"url\":\"https:\\\/\\\/noticiasmercedinas.com\\\/site\\\/wp-content\\\/uploads\\\/2020\\\/06\\\/LOGO-512.jpg\",\"contentUrl\":\"https:\\\/\\\/noticiasmercedinas.com\\\/site\\\/wp-content\\\/uploads\\\/2020\\\/06\\\/LOGO-512.jpg\",\"width\":512,\"height\":512,\"caption\":\"NOTICIASMERCEDINAS.COM\"},\"image\":{\"@id\":\"https:\\\/\\\/noticiasmercedinas.com\\\/site\\\/#\\\/schema\\\/logo\\\/image\\\/\"},\"sameAs\":[\"https:\\\/\\\/www.facebook.com\\\/noticiasmercedinas\\\/\",\"https:\\\/\\\/x.com\\\/notmercedinas\",\"https:\\\/\\\/www.instagram.com\\\/noticiasmercedinas\\\/\"]},{\"@type\":\"Person\",\"@id\":\"https:\\\/\\\/noticiasmercedinas.com\\\/site\\\/#\\\/schema\\\/person\\\/84b59c099c28ff2e8b77d4ceec5d8063\",\"name\":\"NOTICIASMERCEDINAS.COM\",\"image\":{\"@type\":\"ImageObject\",\"inLanguage\":\"es\",\"@id\":\"https:\\\/\\\/secure.gravatar.com\\\/avatar\\\/4dfbf16b4d17945bfb6341b2d19043457132fcf478a5ee04f42e959fd8f5df0a?s=96&d=mm&r=g\",\"url\":\"https:\\\/\\\/secure.gravatar.com\\\/avatar\\\/4dfbf16b4d17945bfb6341b2d19043457132fcf478a5ee04f42e959fd8f5df0a?s=96&d=mm&r=g\",\"contentUrl\":\"https:\\\/\\\/secure.gravatar.com\\\/avatar\\\/4dfbf16b4d17945bfb6341b2d19043457132fcf478a5ee04f42e959fd8f5df0a?s=96&d=mm&r=g\",\"caption\":\"NOTICIASMERCEDINAS.COM\"},\"url\":\"https:\\\/\\\/noticiasmercedinas.com\\\/site\\\/author\\\/anonimo\\\/\"}]}<\/script>\n<!-- \/ Yoast SEO plugin. -->","yoast_head_json":{"title":"Operativo de documentaci\u00f3n civil y celebraci\u00f3n de matrimonios en la Unidad 5","robots":{"index":"index","follow":"follow","max-snippet":"max-snippet:-1","max-image-preview":"max-image-preview:large","max-video-preview":"max-video-preview:-1"},"canonical":"https:\/\/noticiasmercedinas.com\/site\/2024\/05\/15\/operativo-de-documentacion-civil-y-celebracion-de-matrimonios-en-la-unidad-5\/","og_locale":"es_ES","og_type":"article","og_title":"Operativo de documentaci\u00f3n civil y celebraci\u00f3n de matrimonios en la Unidad 5","og_description":"\u25a0 Durante el desarrollo de esta importante iniciativa, se gestionaron un total de 80 Documentos Nacionales de Identidad (DNI) y se celebraron siete matrimonios.","og_url":"https:\/\/noticiasmercedinas.com\/site\/2024\/05\/15\/operativo-de-documentacion-civil-y-celebracion-de-matrimonios-en-la-unidad-5\/","og_site_name":"NOTICIASMERCEDINAS.COM","article_publisher":"https:\/\/www.facebook.com\/noticiasmercedinas\/","article_published_time":"2024-05-15T12:53:45+00:00","og_image":[{"width":500,"height":300,"url":"https:\/\/noticiasmercedinas.com\/site\/wp-content\/uploads\/2024\/05\/14-05-24-Un5-a.jpg","type":"image\/jpeg"}],"author":"NOTICIASMERCEDINAS.COM","twitter_card":"summary_large_image","twitter_creator":"@notmercedinas","twitter_site":"@notmercedinas","twitter_misc":{"Escrito por":"NOTICIASMERCEDINAS.COM","Tiempo de lectura":"2 minutos"},"schema":{"@context":"https:\/\/schema.org","@graph":[{"@type":"Article","@id":"https:\/\/noticiasmercedinas.com\/site\/2024\/05\/15\/operativo-de-documentacion-civil-y-celebracion-de-matrimonios-en-la-unidad-5\/#article","isPartOf":{"@id":"https:\/\/noticiasmercedinas.com\/site\/2024\/05\/15\/operativo-de-documentacion-civil-y-celebracion-de-matrimonios-en-la-unidad-5\/"},"author":{"name":"NOTICIASMERCEDINAS.COM","@id":"https:\/\/noticiasmercedinas.com\/site\/#\/schema\/person\/84b59c099c28ff2e8b77d4ceec5d8063"},"headline":"Operativo de documentaci\u00f3n civil y celebraci\u00f3n de matrimonios en la Unidad 5","datePublished":"2024-05-15T12:53:45+00:00","mainEntityOfPage":{"@id":"https:\/\/noticiasmercedinas.com\/site\/2024\/05\/15\/operativo-de-documentacion-civil-y-celebracion-de-matrimonios-en-la-unidad-5\/"},"wordCount":255,"publisher":{"@id":"https:\/\/noticiasmercedinas.com\/site\/#organization"},"image":{"@id":"https:\/\/noticiasmercedinas.com\/site\/2024\/05\/15\/operativo-de-documentacion-civil-y-celebracion-de-matrimonios-en-la-unidad-5\/#primaryimage"},"thumbnailUrl":"https:\/\/noticiasmercedinas.com\/site\/wp-content\/uploads\/2024\/05\/14-05-24-Un5-a.jpg","keywords":["casamiento","dni","Ministerio de Justicia y Derechos Humanos","unidad 5"],"articleSection":["Sociedad"],"inLanguage":"es"},{"@type":"WebPage","@id":"https:\/\/noticiasmercedinas.com\/site\/2024\/05\/15\/operativo-de-documentacion-civil-y-celebracion-de-matrimonios-en-la-unidad-5\/","url":"https:\/\/noticiasmercedinas.com\/site\/2024\/05\/15\/operativo-de-documentacion-civil-y-celebracion-de-matrimonios-en-la-unidad-5\/","name":"Operativo de documentaci\u00f3n civil y celebraci\u00f3n de matrimonios en la Unidad 5","isPartOf":{"@id":"https:\/\/noticiasmercedinas.com\/site\/#website"},"primaryImageOfPage":{"@id":"https:\/\/noticiasmercedinas.com\/site\/2024\/05\/15\/operativo-de-documentacion-civil-y-celebracion-de-matrimonios-en-la-unidad-5\/#primaryimage"},"image":{"@id":"https:\/\/noticiasmercedinas.com\/site\/2024\/05\/15\/operativo-de-documentacion-civil-y-celebracion-de-matrimonios-en-la-unidad-5\/#primaryimage"},"thumbnailUrl":"https:\/\/noticiasmercedinas.com\/site\/wp-content\/uploads\/2024\/05\/14-05-24-Un5-a.jpg","datePublished":"2024-05-15T12:53:45+00:00","breadcrumb":{"@id":"https:\/\/noticiasmercedinas.com\/site\/2024\/05\/15\/operativo-de-documentacion-civil-y-celebracion-de-matrimonios-en-la-unidad-5\/#breadcrumb"},"inLanguage":"es","potentialAction":[{"@type":"ReadAction","target":["https:\/\/noticiasmercedinas.com\/site\/2024\/05\/15\/operativo-de-documentacion-civil-y-celebracion-de-matrimonios-en-la-unidad-5\/"]}]},{"@type":"ImageObject","inLanguage":"es","@id":"https:\/\/noticiasmercedinas.com\/site\/2024\/05\/15\/operativo-de-documentacion-civil-y-celebracion-de-matrimonios-en-la-unidad-5\/#primaryimage","url":"https:\/\/noticiasmercedinas.com\/site\/wp-content\/uploads\/2024\/05\/14-05-24-Un5-a.jpg","contentUrl":"https:\/\/noticiasmercedinas.com\/site\/wp-content\/uploads\/2024\/05\/14-05-24-Un5-a.jpg","width":500,"height":300},{"@type":"BreadcrumbList","@id":"https:\/\/noticiasmercedinas.com\/site\/2024\/05\/15\/operativo-de-documentacion-civil-y-celebracion-de-matrimonios-en-la-unidad-5\/#breadcrumb","itemListElement":[{"@type":"ListItem","position":1,"name":"Portada","item":"https:\/\/noticiasmercedinas.com\/site\/"},{"@type":"ListItem","position":2,"name":"Operativo de documentaci\u00f3n civil y celebraci\u00f3n de matrimonios en la Unidad 5"}]},{"@type":"WebSite","@id":"https:\/\/noticiasmercedinas.com\/site\/#website","url":"https:\/\/noticiasmercedinas.com\/site\/","name":"NOTICIASMERCEDINAS.COM","description":"Mercedes, Buenos Aires, Argentina","publisher":{"@id":"https:\/\/noticiasmercedinas.com\/site\/#organization"},"potentialAction":[{"@type":"SearchAction","target":{"@type":"EntryPoint","urlTemplate":"https:\/\/noticiasmercedinas.com\/site\/?s={search_term_string}"},"query-input":{"@type":"PropertyValueSpecification","valueRequired":true,"valueName":"search_term_string"}}],"inLanguage":"es"},{"@type":"Organization","@id":"https:\/\/noticiasmercedinas.com\/site\/#organization","name":"NOTICIASMERCEDINAS.COM","url":"https:\/\/noticiasmercedinas.com\/site\/","logo":{"@type":"ImageObject","inLanguage":"es","@id":"https:\/\/noticiasmercedinas.com\/site\/#\/schema\/logo\/image\/","url":"https:\/\/noticiasmercedinas.com\/site\/wp-content\/uploads\/2020\/06\/LOGO-512.jpg","contentUrl":"https:\/\/noticiasmercedinas.com\/site\/wp-content\/uploads\/2020\/06\/LOGO-512.jpg","width":512,"height":512,"caption":"NOTICIASMERCEDINAS.COM"},"image":{"@id":"https:\/\/noticiasmercedinas.com\/site\/#\/schema\/logo\/image\/"},"sameAs":["https:\/\/www.facebook.com\/noticiasmercedinas\/","https:\/\/x.com\/notmercedinas","https:\/\/www.instagram.com\/noticiasmercedinas\/"]},{"@type":"Person","@id":"https:\/\/noticiasmercedinas.com\/site\/#\/schema\/person\/84b59c099c28ff2e8b77d4ceec5d8063","name":"NOTICIASMERCEDINAS.COM","image":{"@type":"ImageObject","inLanguage":"es","@id":"https:\/\/secure.gravatar.com\/avatar\/4dfbf16b4d17945bfb6341b2d19043457132fcf478a5ee04f42e959fd8f5df0a?s=96&d=mm&r=g","url":"https:\/\/secure.gravatar.com\/avatar\/4dfbf16b4d17945bfb6341b2d19043457132fcf478a5ee04f42e959fd8f5df0a?s=96&d=mm&r=g","contentUrl":"https:\/\/secure.gravatar.com\/avatar\/4dfbf16b4d17945bfb6341b2d19043457132fcf478a5ee04f42e959fd8f5df0a?s=96&d=mm&r=g","caption":"NOTICIASMERCEDINAS.COM"},"url":"https:\/\/noticiasmercedinas.com\/site\/author\/anonimo\/"}]}},"amp_enabled":true,"_links":{"self":[{"href":"https:\/\/noticiasmercedinas.com\/site\/wp-json\/wp\/v2\/posts\/136256","targetHints":{"allow":["GET"]}}],"collection":[{"href":"https:\/\/noticiasmercedinas.com\/site\/wp-json\/wp\/v2\/posts"}],"about":[{"href":"https:\/\/noticiasmercedinas.com\/site\/wp-json\/wp\/v2\/types\/post"}],"author":[{"embeddable":true,"href":"https:\/\/noticiasmercedinas.com\/site\/wp-json\/wp\/v2\/users\/16"}],"replies":[{"embeddable":true,"href":"https:\/\/noticiasmercedinas.com\/site\/wp-json\/wp\/v2\/comments?post=136256"}],"version-history":[{"count":1,"href":"https:\/\/noticiasmercedinas.com\/site\/wp-json\/wp\/v2\/posts\/136256\/revisions"}],"predecessor-version":[{"id":136259,"href":"https:\/\/noticiasmercedinas.com\/site\/wp-json\/wp\/v2\/posts\/136256\/revisions\/136259"}],"wp:featuredmedia":[{"embeddable":true,"href":"https:\/\/noticiasmercedinas.com\/site\/wp-json\/wp\/v2\/media\/136258"}],"wp:attachment":[{"href":"https:\/\/noticiasmercedinas.com\/site\/wp-json\/wp\/v2\/media?parent=136256"}],"wp:term":[{"taxonomy":"category","embeddable":true,"href":"https:\/\/noticiasmercedinas.com\/site\/wp-json\/wp\/v2\/categories?post=136256"},{"taxonomy":"post_tag","embeddable":true,"href":"https:\/\/noticiasmercedinas.com\/site\/wp-json\/wp\/v2\/tags?post=136256"}],"curies":[{"name":"wp","href":"https:\/\/api.w.org\/{rel}","templated":true}]}}