{"id":136472,"date":"2024-05-17T18:04:22","date_gmt":"2024-05-17T21:04:22","guid":{"rendered":"https:\/\/noticiasmercedinas.com\/site\/?p=136472"},"modified":"2024-05-17T18:04:22","modified_gmt":"2024-05-17T21:04:22","slug":"concejales-de-la-libertad-avanza-se-reunen-en-buenos-aires-con-autoridad-de-educacion","status":"publish","type":"post","link":"https:\/\/noticiasmercedinas.com\/site\/2024\/05\/17\/concejales-de-la-libertad-avanza-se-reunen-en-buenos-aires-con-autoridad-de-educacion\/","title":{"rendered":"Concejales de La Libertad Avanza se re\u00fanen, en Buenos Aires, con autoridad de Educaci\u00f3n"},"content":{"rendered":"<p><img loading=\"lazy\" decoding=\"async\" class=\"alignnone size-full wp-image-136473\" src=\"https:\/\/noticiasmercedinas.com\/site\/wp-content\/uploads\/2024\/05\/CONCEJALESLLA-e1715979593429.jpg\" alt=\"\" width=\"974\" height=\"699\" srcset=\"https:\/\/noticiasmercedinas.com\/site\/wp-content\/uploads\/2024\/05\/CONCEJALESLLA-e1715979593429.jpg 974w, https:\/\/noticiasmercedinas.com\/site\/wp-content\/uploads\/2024\/05\/CONCEJALESLLA-e1715979593429-300x215.jpg 300w, https:\/\/noticiasmercedinas.com\/site\/wp-content\/uploads\/2024\/05\/CONCEJALESLLA-e1715979593429-768x551.jpg 768w, https:\/\/noticiasmercedinas.com\/site\/wp-content\/uploads\/2024\/05\/CONCEJALESLLA-e1715979593429-640x459.jpg 640w, https:\/\/noticiasmercedinas.com\/site\/wp-content\/uploads\/2024\/05\/CONCEJALESLLA-e1715979593429-681x489.jpg 681w\" sizes=\"auto, (max-width: 974px) 100vw, 974px\" \/><\/p>\n<p>En una jornada de di\u00e1logo constructivo, los concejales del bloque La Libertad Avanza de Mercedes, <strong>Mauricio Pollacchi<\/strong> y<strong> Silvia Di Leo<\/strong>, se trasladaron a la Ciudad de Buenos Aires para reunirse en dependencias de la Secretar\u00eda de Educaci\u00f3n, que est\u00e1 bajo la \u00f3rbita del Ministerio de Capital Humano de la Naci\u00f3n.<\/p>\n<p>Este jueves, los ediles mercedinos sostuvieron una productiva reuni\u00f3n con la Subsecretaria de Pol\u00edticas e Innovaci\u00f3n Educativa, <strong>Mar\u00eda In\u00e9s Pl\u00e1 Alba<\/strong>, donde se abordaron diversos temas de relevancia para la educaci\u00f3n en la regi\u00f3n y el pa\u00eds.<\/p>\n<p>\u00abEstuvimos reunidos con la Subsecretaria de Pol\u00edticas e Innovaci\u00f3n Educativa, Mar\u00eda In\u00e9s Pl\u00e1 Alba. Pudimos conversar sobre varios temas, fue una reuni\u00f3n muy positiva donde nos pudimos informar sobre lo que est\u00e1 realizando la Secretar\u00eda. Y pudimos dar nuestro punto de vista sobre lo que vemos en nuestra ciudad. Fue una excelente reuni\u00f3n en la que fuimos muy bien recibidos y quedamos en contacto para nuevas reuniones\u00bb, expres\u00f3 Pollacchi.<\/p>\n<p>Por su parte, Silvia Di Leo destac\u00f3 la cordialidad y el inter\u00e9s mostrado por las autoridades nacionales hacia las preocupaciones y propuestas de la ciudadan\u00eda mercedina en materia educativa. \u00abLa Subsecretaria nos recibi\u00f3 con mucha amabilidad, muy interesada en que le contemos la situaci\u00f3n educativa de la ciudad, y pudimos intercambiar experiencias y criterios ya que ella tambi\u00e9n hace muchos a\u00f1os que se desempe\u00f1a en el \u00e1rea educativa. Por lo tanto, quedamos en contacto y a la espera de una pr\u00f3xima reuni\u00f3n\u00bb, afirm\u00f3 Di Leo.<\/p>\n<blockquote><p>\u00abComunicamos al Ejecutivo que har\u00edamos esta visita. Le pedimos nos remitan el listado de preocupaciones y reclamos. Insistimos ambos concejales a la Secretar\u00eda de Educaci\u00f3n, pero no nos transmitieron preocupaci\u00f3n alguna. Una pena\u00bb<\/p><\/blockquote>\n<p>Entre los temas abordados, se destac\u00f3 la urgente necesidad de mejorar los niveles de alfabetizaci\u00f3n en la regi\u00f3n, as\u00ed como la preocupaci\u00f3n por evitar el adoctrinamiento en todos los niveles educativos, tema sobre el cual se discuti\u00f3 en profundidad durante el encuentro.<\/p>\n<p>No obstante, los concejales manifestaron su decepci\u00f3n por la falta de respuesta por parte del Ejecutivo local en cuanto a las preocupaciones y reclamos previamente planteados. \u00abYa hace dos o tres semanas, comunicamos al Ejecutivo que har\u00edamos esta visita. Le pedimos nos remitan el listado de preocupaciones y reclamos. Insistimos ambos concejales a la Secretar\u00eda de Educaci\u00f3n, pero no nos transmitieron preocupaci\u00f3n alguna. Una pena porque ya han manifestado p\u00fablicamente que hay planes a los que se los desfinanci\u00f3, pero a nosotros no nos enviaron nada en concreto\u00bb, lament\u00f3 Di Leo.<\/p>\n<p>La reuni\u00f3n tambi\u00e9n sirvi\u00f3 como plataforma para abordar preocupaciones espec\u00edficas de instituciones educativas privadas de la ciudad, demostrando as\u00ed el compromiso de los ediles mercedinos con la diversidad de actores del sistema educativo local.<\/p>\n","protected":false},"excerpt":{"rendered":"<p>\u25a0 Mauricio Pollacchi y Silvia Di Leo, se reunieron en dependencias de la Secretar\u00eda de Educaci\u00f3n, con la Subsecretaria de Pol\u00edticas e Innovaci\u00f3n Educativa, Mar\u00eda In\u00e9s Pl\u00e1 Alba.<\/p>\n","protected":false},"author":16,"featured_media":136473,"comment_status":"closed","ping_status":"closed","sticky":false,"template":"","format":"standard","meta":{"footnotes":""},"categories":[16],"tags":[38,15388,18324,8739,14622],"class_list":["post-136472","post","type-post","status-publish","format-standard","has-post-thumbnail","hentry","category-politica","tag-educacion","tag-la-libertad-avanza","tag-maria-ines-pla-alba","tag-mauricio-pollacchi","tag-silvia-di-leo"],"yoast_head":"<!-- This site is optimized with the Yoast SEO plugin v27.5 - https:\/\/yoast.com\/product\/yoast-seo-wordpress\/ -->\n<title>Concejales de La Libertad Avanza se re\u00fanen, en Buenos Aires, con autoridad de Educaci\u00f3n<\/title>\n<meta name=\"robots\" content=\"index, follow, max-snippet:-1, max-image-preview:large, max-video-preview:-1\" \/>\n<link rel=\"canonical\" href=\"https:\/\/noticiasmercedinas.com\/site\/2024\/05\/17\/concejales-de-la-libertad-avanza-se-reunen-en-buenos-aires-con-autoridad-de-educacion\/\" \/>\n<meta property=\"og:locale\" content=\"es_ES\" \/>\n<meta property=\"og:type\" content=\"article\" \/>\n<meta property=\"og:title\" content=\"Concejales de La Libertad Avanza se re\u00fanen, en Buenos Aires, con autoridad de Educaci\u00f3n\" \/>\n<meta property=\"og:description\" content=\"\u25a0 Mauricio Pollacchi y Silvia Di Leo, se reunieron en dependencias de la Secretar\u00eda de Educaci\u00f3n, con la Subsecretaria de Pol\u00edticas e Innovaci\u00f3n Educativa, Mar\u00eda In\u00e9s Pl\u00e1 Alba.\" \/>\n<meta property=\"og:url\" content=\"https:\/\/noticiasmercedinas.com\/site\/2024\/05\/17\/concejales-de-la-libertad-avanza-se-reunen-en-buenos-aires-con-autoridad-de-educacion\/\" \/>\n<meta property=\"og:site_name\" content=\"NOTICIASMERCEDINAS.COM\" \/>\n<meta property=\"article:publisher\" content=\"https:\/\/www.facebook.com\/noticiasmercedinas\/\" \/>\n<meta property=\"article:published_time\" content=\"2024-05-17T21:04:22+00:00\" \/>\n<meta property=\"og:image\" content=\"https:\/\/noticiasmercedinas.com\/site\/wp-content\/uploads\/2024\/05\/CONCEJALESLLA-e1715979593429.jpg\" \/>\n\t<meta property=\"og:image:width\" content=\"974\" \/>\n\t<meta property=\"og:image:height\" content=\"699\" \/>\n\t<meta property=\"og:image:type\" content=\"image\/jpeg\" \/>\n<meta name=\"author\" content=\"NOTICIASMERCEDINAS.COM\" \/>\n<meta name=\"twitter:card\" content=\"summary_large_image\" \/>\n<meta name=\"twitter:creator\" content=\"@notmercedinas\" \/>\n<meta name=\"twitter:site\" content=\"@notmercedinas\" \/>\n<meta name=\"twitter:label1\" content=\"Escrito por\" \/>\n\t<meta name=\"twitter:data1\" content=\"NOTICIASMERCEDINAS.COM\" \/>\n\t<meta name=\"twitter:label2\" content=\"Tiempo de lectura\" \/>\n\t<meta name=\"twitter:data2\" content=\"3 minutos\" \/>\n<script type=\"application\/ld+json\" class=\"yoast-schema-graph\">{\"@context\":\"https:\\\/\\\/schema.org\",\"@graph\":[{\"@type\":\"Article\",\"@id\":\"https:\\\/\\\/noticiasmercedinas.com\\\/site\\\/2024\\\/05\\\/17\\\/concejales-de-la-libertad-avanza-se-reunen-en-buenos-aires-con-autoridad-de-educacion\\\/#article\",\"isPartOf\":{\"@id\":\"https:\\\/\\\/noticiasmercedinas.com\\\/site\\\/2024\\\/05\\\/17\\\/concejales-de-la-libertad-avanza-se-reunen-en-buenos-aires-con-autoridad-de-educacion\\\/\"},\"author\":{\"name\":\"NOTICIASMERCEDINAS.COM\",\"@id\":\"https:\\\/\\\/noticiasmercedinas.com\\\/site\\\/#\\\/schema\\\/person\\\/84b59c099c28ff2e8b77d4ceec5d8063\"},\"headline\":\"Concejales de La Libertad Avanza se re\u00fanen, en Buenos Aires, con autoridad de Educaci\u00f3n\",\"datePublished\":\"2024-05-17T21:04:22+00:00\",\"mainEntityOfPage\":{\"@id\":\"https:\\\/\\\/noticiasmercedinas.com\\\/site\\\/2024\\\/05\\\/17\\\/concejales-de-la-libertad-avanza-se-reunen-en-buenos-aires-con-autoridad-de-educacion\\\/\"},\"wordCount\":501,\"publisher\":{\"@id\":\"https:\\\/\\\/noticiasmercedinas.com\\\/site\\\/#organization\"},\"image\":{\"@id\":\"https:\\\/\\\/noticiasmercedinas.com\\\/site\\\/2024\\\/05\\\/17\\\/concejales-de-la-libertad-avanza-se-reunen-en-buenos-aires-con-autoridad-de-educacion\\\/#primaryimage\"},\"thumbnailUrl\":\"https:\\\/\\\/noticiasmercedinas.com\\\/site\\\/wp-content\\\/uploads\\\/2024\\\/05\\\/CONCEJALESLLA-e1715979593429.jpg\",\"keywords\":[\"educacion\",\"la libertad avanza\",\"Mar\u00eda In\u00e9s Pl\u00e1 Alba\",\"mauricio pollacchi\",\"Silvia Di Leo\"],\"articleSection\":[\"Politica\"],\"inLanguage\":\"es\"},{\"@type\":\"WebPage\",\"@id\":\"https:\\\/\\\/noticiasmercedinas.com\\\/site\\\/2024\\\/05\\\/17\\\/concejales-de-la-libertad-avanza-se-reunen-en-buenos-aires-con-autoridad-de-educacion\\\/\",\"url\":\"https:\\\/\\\/noticiasmercedinas.com\\\/site\\\/2024\\\/05\\\/17\\\/concejales-de-la-libertad-avanza-se-reunen-en-buenos-aires-con-autoridad-de-educacion\\\/\",\"name\":\"Concejales de La Libertad Avanza se re\u00fanen, en Buenos Aires, con autoridad de Educaci\u00f3n\",\"isPartOf\":{\"@id\":\"https:\\\/\\\/noticiasmercedinas.com\\\/site\\\/#website\"},\"primaryImageOfPage\":{\"@id\":\"https:\\\/\\\/noticiasmercedinas.com\\\/site\\\/2024\\\/05\\\/17\\\/concejales-de-la-libertad-avanza-se-reunen-en-buenos-aires-con-autoridad-de-educacion\\\/#primaryimage\"},\"image\":{\"@id\":\"https:\\\/\\\/noticiasmercedinas.com\\\/site\\\/2024\\\/05\\\/17\\\/concejales-de-la-libertad-avanza-se-reunen-en-buenos-aires-con-autoridad-de-educacion\\\/#primaryimage\"},\"thumbnailUrl\":\"https:\\\/\\\/noticiasmercedinas.com\\\/site\\\/wp-content\\\/uploads\\\/2024\\\/05\\\/CONCEJALESLLA-e1715979593429.jpg\",\"datePublished\":\"2024-05-17T21:04:22+00:00\",\"breadcrumb\":{\"@id\":\"https:\\\/\\\/noticiasmercedinas.com\\\/site\\\/2024\\\/05\\\/17\\\/concejales-de-la-libertad-avanza-se-reunen-en-buenos-aires-con-autoridad-de-educacion\\\/#breadcrumb\"},\"inLanguage\":\"es\",\"potentialAction\":[{\"@type\":\"ReadAction\",\"target\":[\"https:\\\/\\\/noticiasmercedinas.com\\\/site\\\/2024\\\/05\\\/17\\\/concejales-de-la-libertad-avanza-se-reunen-en-buenos-aires-con-autoridad-de-educacion\\\/\"]}]},{\"@type\":\"ImageObject\",\"inLanguage\":\"es\",\"@id\":\"https:\\\/\\\/noticiasmercedinas.com\\\/site\\\/2024\\\/05\\\/17\\\/concejales-de-la-libertad-avanza-se-reunen-en-buenos-aires-con-autoridad-de-educacion\\\/#primaryimage\",\"url\":\"https:\\\/\\\/noticiasmercedinas.com\\\/site\\\/wp-content\\\/uploads\\\/2024\\\/05\\\/CONCEJALESLLA-e1715979593429.jpg\",\"contentUrl\":\"https:\\\/\\\/noticiasmercedinas.com\\\/site\\\/wp-content\\\/uploads\\\/2024\\\/05\\\/CONCEJALESLLA-e1715979593429.jpg\",\"width\":974,\"height\":699},{\"@type\":\"BreadcrumbList\",\"@id\":\"https:\\\/\\\/noticiasmercedinas.com\\\/site\\\/2024\\\/05\\\/17\\\/concejales-de-la-libertad-avanza-se-reunen-en-buenos-aires-con-autoridad-de-educacion\\\/#breadcrumb\",\"itemListElement\":[{\"@type\":\"ListItem\",\"position\":1,\"name\":\"Portada\",\"item\":\"https:\\\/\\\/noticiasmercedinas.com\\\/site\\\/\"},{\"@type\":\"ListItem\",\"position\":2,\"name\":\"Concejales de La Libertad Avanza se re\u00fanen, en Buenos Aires, con autoridad de Educaci\u00f3n\"}]},{\"@type\":\"WebSite\",\"@id\":\"https:\\\/\\\/noticiasmercedinas.com\\\/site\\\/#website\",\"url\":\"https:\\\/\\\/noticiasmercedinas.com\\\/site\\\/\",\"name\":\"NOTICIASMERCEDINAS.COM\",\"description\":\"Mercedes, Buenos Aires, Argentina\",\"publisher\":{\"@id\":\"https:\\\/\\\/noticiasmercedinas.com\\\/site\\\/#organization\"},\"potentialAction\":[{\"@type\":\"SearchAction\",\"target\":{\"@type\":\"EntryPoint\",\"urlTemplate\":\"https:\\\/\\\/noticiasmercedinas.com\\\/site\\\/?s={search_term_string}\"},\"query-input\":{\"@type\":\"PropertyValueSpecification\",\"valueRequired\":true,\"valueName\":\"search_term_string\"}}],\"inLanguage\":\"es\"},{\"@type\":\"Organization\",\"@id\":\"https:\\\/\\\/noticiasmercedinas.com\\\/site\\\/#organization\",\"name\":\"NOTICIASMERCEDINAS.COM\",\"url\":\"https:\\\/\\\/noticiasmercedinas.com\\\/site\\\/\",\"logo\":{\"@type\":\"ImageObject\",\"inLanguage\":\"es\",\"@id\":\"https:\\\/\\\/noticiasmercedinas.com\\\/site\\\/#\\\/schema\\\/logo\\\/image\\\/\",\"url\":\"https:\\\/\\\/noticiasmercedinas.com\\\/site\\\/wp-content\\\/uploads\\\/2020\\\/06\\\/LOGO-512.jpg\",\"contentUrl\":\"https:\\\/\\\/noticiasmercedinas.com\\\/site\\\/wp-content\\\/uploads\\\/2020\\\/06\\\/LOGO-512.jpg\",\"width\":512,\"height\":512,\"caption\":\"NOTICIASMERCEDINAS.COM\"},\"image\":{\"@id\":\"https:\\\/\\\/noticiasmercedinas.com\\\/site\\\/#\\\/schema\\\/logo\\\/image\\\/\"},\"sameAs\":[\"https:\\\/\\\/www.facebook.com\\\/noticiasmercedinas\\\/\",\"https:\\\/\\\/x.com\\\/notmercedinas\",\"https:\\\/\\\/www.instagram.com\\\/noticiasmercedinas\\\/\"]},{\"@type\":\"Person\",\"@id\":\"https:\\\/\\\/noticiasmercedinas.com\\\/site\\\/#\\\/schema\\\/person\\\/84b59c099c28ff2e8b77d4ceec5d8063\",\"name\":\"NOTICIASMERCEDINAS.COM\",\"image\":{\"@type\":\"ImageObject\",\"inLanguage\":\"es\",\"@id\":\"https:\\\/\\\/secure.gravatar.com\\\/avatar\\\/4dfbf16b4d17945bfb6341b2d19043457132fcf478a5ee04f42e959fd8f5df0a?s=96&d=mm&r=g\",\"url\":\"https:\\\/\\\/secure.gravatar.com\\\/avatar\\\/4dfbf16b4d17945bfb6341b2d19043457132fcf478a5ee04f42e959fd8f5df0a?s=96&d=mm&r=g\",\"contentUrl\":\"https:\\\/\\\/secure.gravatar.com\\\/avatar\\\/4dfbf16b4d17945bfb6341b2d19043457132fcf478a5ee04f42e959fd8f5df0a?s=96&d=mm&r=g\",\"caption\":\"NOTICIASMERCEDINAS.COM\"},\"url\":\"https:\\\/\\\/noticiasmercedinas.com\\\/site\\\/author\\\/anonimo\\\/\"}]}<\/script>\n<!-- \/ Yoast SEO plugin. -->","yoast_head_json":{"title":"Concejales de La Libertad Avanza se re\u00fanen, en Buenos Aires, con autoridad de Educaci\u00f3n","robots":{"index":"index","follow":"follow","max-snippet":"max-snippet:-1","max-image-preview":"max-image-preview:large","max-video-preview":"max-video-preview:-1"},"canonical":"https:\/\/noticiasmercedinas.com\/site\/2024\/05\/17\/concejales-de-la-libertad-avanza-se-reunen-en-buenos-aires-con-autoridad-de-educacion\/","og_locale":"es_ES","og_type":"article","og_title":"Concejales de La Libertad Avanza se re\u00fanen, en Buenos Aires, con autoridad de Educaci\u00f3n","og_description":"\u25a0 Mauricio Pollacchi y Silvia Di Leo, se reunieron en dependencias de la Secretar\u00eda de Educaci\u00f3n, con la Subsecretaria de Pol\u00edticas e Innovaci\u00f3n Educativa, Mar\u00eda In\u00e9s Pl\u00e1 Alba.","og_url":"https:\/\/noticiasmercedinas.com\/site\/2024\/05\/17\/concejales-de-la-libertad-avanza-se-reunen-en-buenos-aires-con-autoridad-de-educacion\/","og_site_name":"NOTICIASMERCEDINAS.COM","article_publisher":"https:\/\/www.facebook.com\/noticiasmercedinas\/","article_published_time":"2024-05-17T21:04:22+00:00","og_image":[{"width":974,"height":699,"url":"https:\/\/noticiasmercedinas.com\/site\/wp-content\/uploads\/2024\/05\/CONCEJALESLLA-e1715979593429.jpg","type":"image\/jpeg"}],"author":"NOTICIASMERCEDINAS.COM","twitter_card":"summary_large_image","twitter_creator":"@notmercedinas","twitter_site":"@notmercedinas","twitter_misc":{"Escrito por":"NOTICIASMERCEDINAS.COM","Tiempo de lectura":"3 minutos"},"schema":{"@context":"https:\/\/schema.org","@graph":[{"@type":"Article","@id":"https:\/\/noticiasmercedinas.com\/site\/2024\/05\/17\/concejales-de-la-libertad-avanza-se-reunen-en-buenos-aires-con-autoridad-de-educacion\/#article","isPartOf":{"@id":"https:\/\/noticiasmercedinas.com\/site\/2024\/05\/17\/concejales-de-la-libertad-avanza-se-reunen-en-buenos-aires-con-autoridad-de-educacion\/"},"author":{"name":"NOTICIASMERCEDINAS.COM","@id":"https:\/\/noticiasmercedinas.com\/site\/#\/schema\/person\/84b59c099c28ff2e8b77d4ceec5d8063"},"headline":"Concejales de La Libertad Avanza se re\u00fanen, en Buenos Aires, con autoridad de Educaci\u00f3n","datePublished":"2024-05-17T21:04:22+00:00","mainEntityOfPage":{"@id":"https:\/\/noticiasmercedinas.com\/site\/2024\/05\/17\/concejales-de-la-libertad-avanza-se-reunen-en-buenos-aires-con-autoridad-de-educacion\/"},"wordCount":501,"publisher":{"@id":"https:\/\/noticiasmercedinas.com\/site\/#organization"},"image":{"@id":"https:\/\/noticiasmercedinas.com\/site\/2024\/05\/17\/concejales-de-la-libertad-avanza-se-reunen-en-buenos-aires-con-autoridad-de-educacion\/#primaryimage"},"thumbnailUrl":"https:\/\/noticiasmercedinas.com\/site\/wp-content\/uploads\/2024\/05\/CONCEJALESLLA-e1715979593429.jpg","keywords":["educacion","la libertad avanza","Mar\u00eda In\u00e9s Pl\u00e1 Alba","mauricio pollacchi","Silvia Di Leo"],"articleSection":["Politica"],"inLanguage":"es"},{"@type":"WebPage","@id":"https:\/\/noticiasmercedinas.com\/site\/2024\/05\/17\/concejales-de-la-libertad-avanza-se-reunen-en-buenos-aires-con-autoridad-de-educacion\/","url":"https:\/\/noticiasmercedinas.com\/site\/2024\/05\/17\/concejales-de-la-libertad-avanza-se-reunen-en-buenos-aires-con-autoridad-de-educacion\/","name":"Concejales de La Libertad Avanza se re\u00fanen, en Buenos Aires, con autoridad de Educaci\u00f3n","isPartOf":{"@id":"https:\/\/noticiasmercedinas.com\/site\/#website"},"primaryImageOfPage":{"@id":"https:\/\/noticiasmercedinas.com\/site\/2024\/05\/17\/concejales-de-la-libertad-avanza-se-reunen-en-buenos-aires-con-autoridad-de-educacion\/#primaryimage"},"image":{"@id":"https:\/\/noticiasmercedinas.com\/site\/2024\/05\/17\/concejales-de-la-libertad-avanza-se-reunen-en-buenos-aires-con-autoridad-de-educacion\/#primaryimage"},"thumbnailUrl":"https:\/\/noticiasmercedinas.com\/site\/wp-content\/uploads\/2024\/05\/CONCEJALESLLA-e1715979593429.jpg","datePublished":"2024-05-17T21:04:22+00:00","breadcrumb":{"@id":"https:\/\/noticiasmercedinas.com\/site\/2024\/05\/17\/concejales-de-la-libertad-avanza-se-reunen-en-buenos-aires-con-autoridad-de-educacion\/#breadcrumb"},"inLanguage":"es","potentialAction":[{"@type":"ReadAction","target":["https:\/\/noticiasmercedinas.com\/site\/2024\/05\/17\/concejales-de-la-libertad-avanza-se-reunen-en-buenos-aires-con-autoridad-de-educacion\/"]}]},{"@type":"ImageObject","inLanguage":"es","@id":"https:\/\/noticiasmercedinas.com\/site\/2024\/05\/17\/concejales-de-la-libertad-avanza-se-reunen-en-buenos-aires-con-autoridad-de-educacion\/#primaryimage","url":"https:\/\/noticiasmercedinas.com\/site\/wp-content\/uploads\/2024\/05\/CONCEJALESLLA-e1715979593429.jpg","contentUrl":"https:\/\/noticiasmercedinas.com\/site\/wp-content\/uploads\/2024\/05\/CONCEJALESLLA-e1715979593429.jpg","width":974,"height":699},{"@type":"BreadcrumbList","@id":"https:\/\/noticiasmercedinas.com\/site\/2024\/05\/17\/concejales-de-la-libertad-avanza-se-reunen-en-buenos-aires-con-autoridad-de-educacion\/#breadcrumb","itemListElement":[{"@type":"ListItem","position":1,"name":"Portada","item":"https:\/\/noticiasmercedinas.com\/site\/"},{"@type":"ListItem","position":2,"name":"Concejales de La Libertad Avanza se re\u00fanen, en Buenos Aires, con autoridad de Educaci\u00f3n"}]},{"@type":"WebSite","@id":"https:\/\/noticiasmercedinas.com\/site\/#website","url":"https:\/\/noticiasmercedinas.com\/site\/","name":"NOTICIASMERCEDINAS.COM","description":"Mercedes, Buenos Aires, Argentina","publisher":{"@id":"https:\/\/noticiasmercedinas.com\/site\/#organization"},"potentialAction":[{"@type":"SearchAction","target":{"@type":"EntryPoint","urlTemplate":"https:\/\/noticiasmercedinas.com\/site\/?s={search_term_string}"},"query-input":{"@type":"PropertyValueSpecification","valueRequired":true,"valueName":"search_term_string"}}],"inLanguage":"es"},{"@type":"Organization","@id":"https:\/\/noticiasmercedinas.com\/site\/#organization","name":"NOTICIASMERCEDINAS.COM","url":"https:\/\/noticiasmercedinas.com\/site\/","logo":{"@type":"ImageObject","inLanguage":"es","@id":"https:\/\/noticiasmercedinas.com\/site\/#\/schema\/logo\/image\/","url":"https:\/\/noticiasmercedinas.com\/site\/wp-content\/uploads\/2020\/06\/LOGO-512.jpg","contentUrl":"https:\/\/noticiasmercedinas.com\/site\/wp-content\/uploads\/2020\/06\/LOGO-512.jpg","width":512,"height":512,"caption":"NOTICIASMERCEDINAS.COM"},"image":{"@id":"https:\/\/noticiasmercedinas.com\/site\/#\/schema\/logo\/image\/"},"sameAs":["https:\/\/www.facebook.com\/noticiasmercedinas\/","https:\/\/x.com\/notmercedinas","https:\/\/www.instagram.com\/noticiasmercedinas\/"]},{"@type":"Person","@id":"https:\/\/noticiasmercedinas.com\/site\/#\/schema\/person\/84b59c099c28ff2e8b77d4ceec5d8063","name":"NOTICIASMERCEDINAS.COM","image":{"@type":"ImageObject","inLanguage":"es","@id":"https:\/\/secure.gravatar.com\/avatar\/4dfbf16b4d17945bfb6341b2d19043457132fcf478a5ee04f42e959fd8f5df0a?s=96&d=mm&r=g","url":"https:\/\/secure.gravatar.com\/avatar\/4dfbf16b4d17945bfb6341b2d19043457132fcf478a5ee04f42e959fd8f5df0a?s=96&d=mm&r=g","contentUrl":"https:\/\/secure.gravatar.com\/avatar\/4dfbf16b4d17945bfb6341b2d19043457132fcf478a5ee04f42e959fd8f5df0a?s=96&d=mm&r=g","caption":"NOTICIASMERCEDINAS.COM"},"url":"https:\/\/noticiasmercedinas.com\/site\/author\/anonimo\/"}]}},"amp_enabled":true,"_links":{"self":[{"href":"https:\/\/noticiasmercedinas.com\/site\/wp-json\/wp\/v2\/posts\/136472","targetHints":{"allow":["GET"]}}],"collection":[{"href":"https:\/\/noticiasmercedinas.com\/site\/wp-json\/wp\/v2\/posts"}],"about":[{"href":"https:\/\/noticiasmercedinas.com\/site\/wp-json\/wp\/v2\/types\/post"}],"author":[{"embeddable":true,"href":"https:\/\/noticiasmercedinas.com\/site\/wp-json\/wp\/v2\/users\/16"}],"replies":[{"embeddable":true,"href":"https:\/\/noticiasmercedinas.com\/site\/wp-json\/wp\/v2\/comments?post=136472"}],"version-history":[{"count":1,"href":"https:\/\/noticiasmercedinas.com\/site\/wp-json\/wp\/v2\/posts\/136472\/revisions"}],"predecessor-version":[{"id":136474,"href":"https:\/\/noticiasmercedinas.com\/site\/wp-json\/wp\/v2\/posts\/136472\/revisions\/136474"}],"wp:featuredmedia":[{"embeddable":true,"href":"https:\/\/noticiasmercedinas.com\/site\/wp-json\/wp\/v2\/media\/136473"}],"wp:attachment":[{"href":"https:\/\/noticiasmercedinas.com\/site\/wp-json\/wp\/v2\/media?parent=136472"}],"wp:term":[{"taxonomy":"category","embeddable":true,"href":"https:\/\/noticiasmercedinas.com\/site\/wp-json\/wp\/v2\/categories?post=136472"},{"taxonomy":"post_tag","embeddable":true,"href":"https:\/\/noticiasmercedinas.com\/site\/wp-json\/wp\/v2\/tags?post=136472"}],"curies":[{"name":"wp","href":"https:\/\/api.w.org\/{rel}","templated":true}]}}